{"id":8687,"date":"2017-04-21T00:00:00","date_gmt":"2017-04-21T00:00:00","guid":{"rendered":"https:\/\/mwc-cmm.org\/the-joy-of-christian-unity-3\/"},"modified":"2024-12-10T18:00:31","modified_gmt":"2024-12-10T18:00:31","slug":"el-gozo-de-la-unidad-cristiana","status":"publish","type":"post","link":"https:\/\/mwc-cmm.org\/es\/stories\/el-gozo-de-la-unidad-cristiana\/","title":{"rendered":"El gozo de la unidad cristiana"},"content":{"rendered":"<h2><strong>Celebrando la Semana de Oraci\u00f3n por la Unidad Cristiana en Alemania<\/strong><\/h2>\n<p>Por m\u00e1s de 10 a\u00f1os he estado sirviendo como pastor en la iglesia Evangelische Freikirche Mennonitengemeinde Regensburg, el barrio Burgweinting ha estado celebrando un culto ecum\u00e9nico durante la Semana de Oraci\u00f3n por la Unidad Cristiana.* Las congregaciones participantes hacen parte de la iglesia Cat\u00f3lica Romana, la congregaci\u00f3n Evang\u00e9lica Luterana y la congregaci\u00f3n Menonita.<\/p>\n<p>Este a\u00f1o, transformamos el culto en un estudio b\u00edblico. Despu\u00e9s de comenzar con canciones y oraci\u00f3n, nosotros, los tres pastores, invitamos a los participantes a un\u00edrsenos en salones separados para discutir sobre diferentes textos b\u00edblicos. Esta idea result\u00f3 porque pensamos que es importante crear m\u00e1s espacio para que la biblia sea escuchada y para que nosotros demostremos su poder inspirador.<\/p>\n<p>Los cultos son caracterizados por una atmosfera \u00fanica. Yo experimento gozo cuando logramos algo especial juntos. Tambi\u00e9n me siento a la expectativa, incluso con un esp\u00edritu aventurero, cuando nos permitimos experimentar elementos que son tan desconocidos para nosotros.<\/p>\n<p>El hecho de que incorporemos tan abierta y confiadamente elementos especiales en estos cultos, es una se\u00f1al para m\u00ed de que nuestra relaci\u00f3n est\u00e1 en constante crecimiento. A trav\u00e9s de los a\u00f1os, actividades adicionales han sido a\u00f1adidas, tales como el \u201cD\u00eda mundial de oraci\u00f3n de las mujeres\u201d y \u201cLa semana b\u00edblica infantil unida\u201d entre otras.<\/p>\n<p>Cada uno de nosotros los pastores, por supuesto, puede encontrar algo cuestionable sobre las otras denominaciones, pero hemos decidido ignorar estos temas divisorios. Muy a menudo, la unidad en nuestra confesi\u00f3n de Cristo y la biblia como la palabra de Dios est\u00e1 llena de puntos de conflicto de los cuales somos conscientes, pero no podemos resolver.<\/p>\n<p>En vez de eso, profundizamos nuestra comuni\u00f3n como pastores al darnos cuenta que no hay una iglesia perfecta, y que cada una de nuestras tradiciones tiene sus propias debilidades y transgresiones. Ser parte de nuestra propia iglesia es una experiencia que todos tenemos en com\u00fan y que disfrutamos profundamente. Adicionalmente, experimentamos como nuestra fe en Cristo crece cuando, curiosamente, hacemos preguntas y estamos atentos a aprender m\u00e1s los unos de los otros. Por ejemplo, un tema emocionante y de nunca acabar es la cultura congregacional. Me quedo maravillado ante la cuidadosa y detallada planificaci\u00f3n de los servicios religiosos en la Iglesia Cat\u00f3lica Romana, particularmente en la semana antes de la Pascua, con sus muchos cultos y elementos simb\u00f3licos. Mi colega cat\u00f3lico se queda sorprendido de las muchas mujeres y hombres comprometidos, j\u00f3venes y ancianos, que se re\u00fanen en nuestra congregaci\u00f3n y comparten sus vidas mutuamente.<\/p>\n<p>Mi congregaci\u00f3n se alegra por este camino de unidad con las otras denominaciones, ya que hace tan solo 50 a\u00f1os atr\u00e1s, los miembros que se casaban con alguien que pertenec\u00eda a otra iglesia cristiana perd\u00edan su membres\u00eda de la iglesia. M\u00e1s adelante, las parejas de confesiones mixtas eran respetadas, pero se sent\u00edan como si fueran tratados como miembros de segunda clase. Hoy en d\u00eda, ese problema ha sido superado y estas familias experimentan nuestro involucramiento ecum\u00e9nico como algo refrescante y sanador.<\/p>\n<p>Un factor significativo que nos une con todas las confesiones cristianas, es nuestro dolor debido a que solo unas pocas personas en nuestra sociedad est\u00e1n dispuestas a abrirse al tesoro de la fe y del seguimiento a Jes\u00fas. En este sentido, pensamos que estamos todos unidos en el mismo barco. Compartimos un deseo com\u00fan de que el reino de Dios crezca.<\/p>\n<p><em>Wilhelm Unger es pastor en la iglesia Menonita de -Burgweinting, Alemania. Texto traducido desde el Alem\u00e1n por Jolene Wehner.<\/em><\/p>\n<h3><em>*<strong>Celebrando la Semana de Oraci\u00f3n por la Unidad Cristiana en Alemania<\/strong><\/em><\/h3>\n<p>La Semana de Oraci\u00f3n es celebrada anualmente del 18 al 25 de enero o desde el d\u00eda de la Ascensi\u00f3n hasta Pentecost\u00e9s.<\/p>\n<p>Este a\u00f1o, un equipo de Alemania (incluyendo a Ruth Raab-Zerger de Mennonitengemeinden Weierhof) prepar\u00f3 el primer borrador del material para la adoraci\u00f3n publicado por el Consejo Mundial de Iglesias y el Consejo Pont\u00edfice para promover la uni\u00f3n cristiana (El Vaticano)<\/p>\n<p>En un esp\u00edritu de libertad y aventura, los pastores de Burgweinting planean el culto juntos, cada uno ofreciendo ideas y expresiones \u00fanicas de sus culturas eclesiales. Esto podr\u00eda significar la realizaci\u00f3n de una oraci\u00f3n grupal t\u00edpica de los Menonitas, o la incorporaci\u00f3n de elementos de las liturgias cat\u00f3licas y\/o luteranas. Representantes de las denominaciones participantes, pastores y laicos, mujeres y hombres, llevan a cabo cada uno de los elementos de la liturgia.<\/p>\n<p>&nbsp;<\/p>\n","protected":false},"excerpt":{"rendered":"<p>Celebrando la Semana de Oraci\u00f3n por la Unidad Cristiana en Alemania Por m\u00e1s de 10 a\u00f1os he estado sirviendo como pastor en la iglesia Evangelische Freikirche Mennonitengemeinde Regensburg, el barrio Burgweinting ha estado celebrando un culto ecum\u00e9nico durante la Semana de Oraci\u00f3n por la Unidad Cristiana.* Las congregaciones participantes hacen parte de la iglesia Cat\u00f3lica [&hellip;]<\/p>\n","protected":false},"author":1,"featured_media":88538,"comment_status":"closed","ping_status":"closed","sticky":false,"template":"","format":"standard","meta":{"_acf_changed":false,"footnotes":""},"categories":[6],"tags":[],"network":[],"eventcategory":[],"class_list":["post-8687","post","type-post","status-publish","format-standard","has-post-thumbnail","hentry","category-sin-categorizar"],"acf":[],"yoast_head":"<!-- This site is optimized with the Yoast SEO plugin v27.5 - https:\/\/yoast.com\/product\/yoast-seo-wordpress\/ -->\n<title>El gozo de la unidad cristiana - Mennonite World Conference<\/title>\n<meta name=\"robots\" content=\"index, follow, max-snippet:-1, max-image-preview:large, max-video-preview:-1\" \/>\n<link rel=\"canonical\" href=\"https:\/\/mwc-cmm.org\/es\/stories\/el-gozo-de-la-unidad-cristiana\/\" \/>\n<meta property=\"og:locale\" content=\"es_ES\" \/>\n<meta property=\"og:type\" content=\"article\" \/>\n<meta property=\"og:title\" content=\"El gozo de la unidad cristiana - Mennonite World Conference\" \/>\n<meta property=\"og:description\" content=\"Celebrando la Semana de Oraci\u00f3n por la Unidad Cristiana en Alemania Por m\u00e1s de 10 a\u00f1os he estado sirviendo como pastor en la iglesia Evangelische Freikirche Mennonitengemeinde Regensburg, el barrio Burgweinting ha estado celebrando un culto ecum\u00e9nico durante la Semana de Oraci\u00f3n por la Unidad Cristiana.* Las congregaciones participantes hacen parte de la iglesia Cat\u00f3lica [&hellip;]\" \/>\n<meta property=\"og:url\" content=\"https:\/\/mwc-cmm.org\/es\/stories\/el-gozo-de-la-unidad-cristiana\/\" \/>\n<meta property=\"og:site_name\" content=\"Mennonite World Conference\" \/>\n<meta property=\"article:publisher\" content=\"https:\/\/www.facebook.com\/MennoniteWorldConference\" \/>\n<meta property=\"article:published_time\" content=\"2017-04-21T00:00:00+00:00\" \/>\n<meta property=\"article:modified_time\" content=\"2024-12-10T18:00:31+00:00\" \/>\n<meta property=\"og:image\" content=\"https:\/\/mwc-cmm.org\/wp-content\/uploads\/2024\/11\/dsc_7273.jpg\" \/>\n\t<meta property=\"og:image:width\" content=\"1000\" \/>\n\t<meta property=\"og:image:height\" content=\"614\" \/>\n\t<meta property=\"og:image:type\" content=\"image\/jpeg\" \/>\n<meta name=\"author\" content=\"mennworldcon\" \/>\n<script type=\"application\/ld+json\" class=\"yoast-schema-graph\">{\"@context\":\"https:\\\/\\\/schema.org\",\"@graph\":[{\"@type\":\"Article\",\"@id\":\"https:\\\/\\\/mwc-cmm.org\\\/es\\\/stories\\\/el-gozo-de-la-unidad-cristiana\\\/#article\",\"isPartOf\":{\"@id\":\"https:\\\/\\\/mwc-cmm.org\\\/es\\\/stories\\\/el-gozo-de-la-unidad-cristiana\\\/\"},\"author\":{\"name\":\"mennworldcon\",\"@id\":\"https:\\\/\\\/mwc-cmm.org\\\/en\\\/#\\\/schema\\\/person\\\/11f6ae0d7d1868ba20a1cc27f067c836\"},\"headline\":\"El gozo de la unidad cristiana\",\"datePublished\":\"2017-04-21T00:00:00+00:00\",\"dateModified\":\"2024-12-10T18:00:31+00:00\",\"mainEntityOfPage\":{\"@id\":\"https:\\\/\\\/mwc-cmm.org\\\/es\\\/stories\\\/el-gozo-de-la-unidad-cristiana\\\/\"},\"wordCount\":795,\"publisher\":{\"@id\":\"https:\\\/\\\/mwc-cmm.org\\\/en\\\/#organization\"},\"image\":{\"@id\":\"https:\\\/\\\/mwc-cmm.org\\\/es\\\/stories\\\/el-gozo-de-la-unidad-cristiana\\\/#primaryimage\"},\"thumbnailUrl\":\"https:\\\/\\\/mwc-cmm.org\\\/wp-content\\\/uploads\\\/2024\\\/11\\\/dsc_7273.jpg\",\"articleSection\":[\"Sin categorizar\"],\"inLanguage\":\"es\"},{\"@type\":\"WebPage\",\"@id\":\"https:\\\/\\\/mwc-cmm.org\\\/es\\\/stories\\\/el-gozo-de-la-unidad-cristiana\\\/\",\"url\":\"https:\\\/\\\/mwc-cmm.org\\\/es\\\/stories\\\/el-gozo-de-la-unidad-cristiana\\\/\",\"name\":\"El gozo de la unidad cristiana - Mennonite World Conference\",\"isPartOf\":{\"@id\":\"https:\\\/\\\/mwc-cmm.org\\\/en\\\/#website\"},\"primaryImageOfPage\":{\"@id\":\"https:\\\/\\\/mwc-cmm.org\\\/es\\\/stories\\\/el-gozo-de-la-unidad-cristiana\\\/#primaryimage\"},\"image\":{\"@id\":\"https:\\\/\\\/mwc-cmm.org\\\/es\\\/stories\\\/el-gozo-de-la-unidad-cristiana\\\/#primaryimage\"},\"thumbnailUrl\":\"https:\\\/\\\/mwc-cmm.org\\\/wp-content\\\/uploads\\\/2024\\\/11\\\/dsc_7273.jpg\",\"datePublished\":\"2017-04-21T00:00:00+00:00\",\"dateModified\":\"2024-12-10T18:00:31+00:00\",\"breadcrumb\":{\"@id\":\"https:\\\/\\\/mwc-cmm.org\\\/es\\\/stories\\\/el-gozo-de-la-unidad-cristiana\\\/#breadcrumb\"},\"inLanguage\":\"es\",\"potentialAction\":[{\"@type\":\"ReadAction\",\"target\":[\"https:\\\/\\\/mwc-cmm.org\\\/es\\\/stories\\\/el-gozo-de-la-unidad-cristiana\\\/\"]}]},{\"@type\":\"ImageObject\",\"inLanguage\":\"es\",\"@id\":\"https:\\\/\\\/mwc-cmm.org\\\/es\\\/stories\\\/el-gozo-de-la-unidad-cristiana\\\/#primaryimage\",\"url\":\"https:\\\/\\\/mwc-cmm.org\\\/wp-content\\\/uploads\\\/2024\\\/11\\\/dsc_7273.jpg\",\"contentUrl\":\"https:\\\/\\\/mwc-cmm.org\\\/wp-content\\\/uploads\\\/2024\\\/11\\\/dsc_7273.jpg\",\"width\":1000,\"height\":614},{\"@type\":\"BreadcrumbList\",\"@id\":\"https:\\\/\\\/mwc-cmm.org\\\/es\\\/stories\\\/el-gozo-de-la-unidad-cristiana\\\/#breadcrumb\",\"itemListElement\":[{\"@type\":\"ListItem\",\"position\":1,\"name\":\"Home\",\"item\":\"https:\\\/\\\/mwc-cmm.org\\\/es\\\/\"},{\"@type\":\"ListItem\",\"position\":2,\"name\":\"El gozo de la unidad cristiana\"}]},{\"@type\":\"WebSite\",\"@id\":\"https:\\\/\\\/mwc-cmm.org\\\/en\\\/#website\",\"url\":\"https:\\\/\\\/mwc-cmm.org\\\/en\\\/\",\"name\":\"Mennonite World Conference\",\"description\":\"A communion of Anabaptist-related churches\",\"publisher\":{\"@id\":\"https:\\\/\\\/mwc-cmm.org\\\/en\\\/#organization\"},\"alternateName\":\"MWC\",\"potentialAction\":[{\"@type\":\"SearchAction\",\"target\":{\"@type\":\"EntryPoint\",\"urlTemplate\":\"https:\\\/\\\/mwc-cmm.org\\\/en\\\/?s={search_term_string}\"},\"query-input\":{\"@type\":\"PropertyValueSpecification\",\"valueRequired\":true,\"valueName\":\"search_term_string\"}}],\"inLanguage\":\"es\"},{\"@type\":\"Organization\",\"@id\":\"https:\\\/\\\/mwc-cmm.org\\\/en\\\/#organization\",\"name\":\"Mennonite World Conference\",\"alternateName\":\"MWC\",\"url\":\"https:\\\/\\\/mwc-cmm.org\\\/en\\\/\",\"logo\":{\"@type\":\"ImageObject\",\"inLanguage\":\"es\",\"@id\":\"https:\\\/\\\/mwc-cmm.org\\\/en\\\/#\\\/schema\\\/logo\\\/image\\\/\",\"url\":\"https:\\\/\\\/mwc-cmm.org\\\/wp-content\\\/uploads\\\/2026\\\/01\\\/MWC_Sig_Blue_Horiz_webheader1-logo.svg\",\"contentUrl\":\"https:\\\/\\\/mwc-cmm.org\\\/wp-content\\\/uploads\\\/2026\\\/01\\\/MWC_Sig_Blue_Horiz_webheader1-logo.svg\",\"width\":786,\"height\":82,\"caption\":\"Mennonite World Conference\"},\"image\":{\"@id\":\"https:\\\/\\\/mwc-cmm.org\\\/en\\\/#\\\/schema\\\/logo\\\/image\\\/\"},\"sameAs\":[\"https:\\\/\\\/www.facebook.com\\\/MennoniteWorldConference\",\"https:\\\/\\\/www.linkedin.com\\\/company\\\/mennonite-world-conference-mwc\\\/\",\"https:\\\/\\\/www.instagram.com\\\/mwcmm\\\/\",\"https:\\\/\\\/www.youtube.com\\\/user\\\/mwccmm\",\"https:\\\/\\\/bsky.app\\\/profile\\\/mwcmm.bsky.social\"]},{\"@type\":\"Person\",\"@id\":\"https:\\\/\\\/mwc-cmm.org\\\/en\\\/#\\\/schema\\\/person\\\/11f6ae0d7d1868ba20a1cc27f067c836\",\"name\":\"mennworldcon\",\"image\":{\"@type\":\"ImageObject\",\"inLanguage\":\"es\",\"@id\":\"https:\\\/\\\/secure.gravatar.com\\\/avatar\\\/06fdc0dc81c157dfdb82ec42f252178a22307808988d22c043f9eb96f1e0fe80?s=96&d=mm&r=g\",\"url\":\"https:\\\/\\\/secure.gravatar.com\\\/avatar\\\/06fdc0dc81c157dfdb82ec42f252178a22307808988d22c043f9eb96f1e0fe80?s=96&d=mm&r=g\",\"contentUrl\":\"https:\\\/\\\/secure.gravatar.com\\\/avatar\\\/06fdc0dc81c157dfdb82ec42f252178a22307808988d22c043f9eb96f1e0fe80?s=96&d=mm&r=g\",\"caption\":\"mennworldcon\"},\"sameAs\":[\"https:\\\/\\\/mwc-cmm.org\"],\"url\":\"https:\\\/\\\/mwc-cmm.org\\\/es\\\/stories\\\/author\\\/mennworldcon\\\/\"}]}<\/script>\n<!-- \/ Yoast SEO plugin. -->","yoast_head_json":{"title":"El gozo de la unidad cristiana - Mennonite World Conference","robots":{"index":"index","follow":"follow","max-snippet":"max-snippet:-1","max-image-preview":"max-image-preview:large","max-video-preview":"max-video-preview:-1"},"canonical":"https:\/\/mwc-cmm.org\/es\/stories\/el-gozo-de-la-unidad-cristiana\/","og_locale":"es_ES","og_type":"article","og_title":"El gozo de la unidad cristiana - Mennonite World Conference","og_description":"Celebrando la Semana de Oraci\u00f3n por la Unidad Cristiana en Alemania Por m\u00e1s de 10 a\u00f1os he estado sirviendo como pastor en la iglesia Evangelische Freikirche Mennonitengemeinde Regensburg, el barrio Burgweinting ha estado celebrando un culto ecum\u00e9nico durante la Semana de Oraci\u00f3n por la Unidad Cristiana.* Las congregaciones participantes hacen parte de la iglesia Cat\u00f3lica [&hellip;]","og_url":"https:\/\/mwc-cmm.org\/es\/stories\/el-gozo-de-la-unidad-cristiana\/","og_site_name":"Mennonite World Conference","article_publisher":"https:\/\/www.facebook.com\/MennoniteWorldConference","article_published_time":"2017-04-21T00:00:00+00:00","article_modified_time":"2024-12-10T18:00:31+00:00","og_image":[{"width":1000,"height":614,"url":"https:\/\/mwc-cmm.org\/wp-content\/uploads\/2024\/11\/dsc_7273.jpg","type":"image\/jpeg"}],"author":"mennworldcon","schema":{"@context":"https:\/\/schema.org","@graph":[{"@type":"Article","@id":"https:\/\/mwc-cmm.org\/es\/stories\/el-gozo-de-la-unidad-cristiana\/#article","isPartOf":{"@id":"https:\/\/mwc-cmm.org\/es\/stories\/el-gozo-de-la-unidad-cristiana\/"},"author":{"name":"mennworldcon","@id":"https:\/\/mwc-cmm.org\/en\/#\/schema\/person\/11f6ae0d7d1868ba20a1cc27f067c836"},"headline":"El gozo de la unidad cristiana","datePublished":"2017-04-21T00:00:00+00:00","dateModified":"2024-12-10T18:00:31+00:00","mainEntityOfPage":{"@id":"https:\/\/mwc-cmm.org\/es\/stories\/el-gozo-de-la-unidad-cristiana\/"},"wordCount":795,"publisher":{"@id":"https:\/\/mwc-cmm.org\/en\/#organization"},"image":{"@id":"https:\/\/mwc-cmm.org\/es\/stories\/el-gozo-de-la-unidad-cristiana\/#primaryimage"},"thumbnailUrl":"https:\/\/mwc-cmm.org\/wp-content\/uploads\/2024\/11\/dsc_7273.jpg","articleSection":["Sin categorizar"],"inLanguage":"es"},{"@type":"WebPage","@id":"https:\/\/mwc-cmm.org\/es\/stories\/el-gozo-de-la-unidad-cristiana\/","url":"https:\/\/mwc-cmm.org\/es\/stories\/el-gozo-de-la-unidad-cristiana\/","name":"El gozo de la unidad cristiana - Mennonite World Conference","isPartOf":{"@id":"https:\/\/mwc-cmm.org\/en\/#website"},"primaryImageOfPage":{"@id":"https:\/\/mwc-cmm.org\/es\/stories\/el-gozo-de-la-unidad-cristiana\/#primaryimage"},"image":{"@id":"https:\/\/mwc-cmm.org\/es\/stories\/el-gozo-de-la-unidad-cristiana\/#primaryimage"},"thumbnailUrl":"https:\/\/mwc-cmm.org\/wp-content\/uploads\/2024\/11\/dsc_7273.jpg","datePublished":"2017-04-21T00:00:00+00:00","dateModified":"2024-12-10T18:00:31+00:00","breadcrumb":{"@id":"https:\/\/mwc-cmm.org\/es\/stories\/el-gozo-de-la-unidad-cristiana\/#breadcrumb"},"inLanguage":"es","potentialAction":[{"@type":"ReadAction","target":["https:\/\/mwc-cmm.org\/es\/stories\/el-gozo-de-la-unidad-cristiana\/"]}]},{"@type":"ImageObject","inLanguage":"es","@id":"https:\/\/mwc-cmm.org\/es\/stories\/el-gozo-de-la-unidad-cristiana\/#primaryimage","url":"https:\/\/mwc-cmm.org\/wp-content\/uploads\/2024\/11\/dsc_7273.jpg","contentUrl":"https:\/\/mwc-cmm.org\/wp-content\/uploads\/2024\/11\/dsc_7273.jpg","width":1000,"height":614},{"@type":"BreadcrumbList","@id":"https:\/\/mwc-cmm.org\/es\/stories\/el-gozo-de-la-unidad-cristiana\/#breadcrumb","itemListElement":[{"@type":"ListItem","position":1,"name":"Home","item":"https:\/\/mwc-cmm.org\/es\/"},{"@type":"ListItem","position":2,"name":"El gozo de la unidad cristiana"}]},{"@type":"WebSite","@id":"https:\/\/mwc-cmm.org\/en\/#website","url":"https:\/\/mwc-cmm.org\/en\/","name":"Mennonite World Conference","description":"A communion of Anabaptist-related churches","publisher":{"@id":"https:\/\/mwc-cmm.org\/en\/#organization"},"alternateName":"MWC","potentialAction":[{"@type":"SearchAction","target":{"@type":"EntryPoint","urlTemplate":"https:\/\/mwc-cmm.org\/en\/?s={search_term_string}"},"query-input":{"@type":"PropertyValueSpecification","valueRequired":true,"valueName":"search_term_string"}}],"inLanguage":"es"},{"@type":"Organization","@id":"https:\/\/mwc-cmm.org\/en\/#organization","name":"Mennonite World Conference","alternateName":"MWC","url":"https:\/\/mwc-cmm.org\/en\/","logo":{"@type":"ImageObject","inLanguage":"es","@id":"https:\/\/mwc-cmm.org\/en\/#\/schema\/logo\/image\/","url":"https:\/\/mwc-cmm.org\/wp-content\/uploads\/2026\/01\/MWC_Sig_Blue_Horiz_webheader1-logo.svg","contentUrl":"https:\/\/mwc-cmm.org\/wp-content\/uploads\/2026\/01\/MWC_Sig_Blue_Horiz_webheader1-logo.svg","width":786,"height":82,"caption":"Mennonite World Conference"},"image":{"@id":"https:\/\/mwc-cmm.org\/en\/#\/schema\/logo\/image\/"},"sameAs":["https:\/\/www.facebook.com\/MennoniteWorldConference","https:\/\/www.linkedin.com\/company\/mennonite-world-conference-mwc\/","https:\/\/www.instagram.com\/mwcmm\/","https:\/\/www.youtube.com\/user\/mwccmm","https:\/\/bsky.app\/profile\/mwcmm.bsky.social"]},{"@type":"Person","@id":"https:\/\/mwc-cmm.org\/en\/#\/schema\/person\/11f6ae0d7d1868ba20a1cc27f067c836","name":"mennworldcon","image":{"@type":"ImageObject","inLanguage":"es","@id":"https:\/\/secure.gravatar.com\/avatar\/06fdc0dc81c157dfdb82ec42f252178a22307808988d22c043f9eb96f1e0fe80?s=96&d=mm&r=g","url":"https:\/\/secure.gravatar.com\/avatar\/06fdc0dc81c157dfdb82ec42f252178a22307808988d22c043f9eb96f1e0fe80?s=96&d=mm&r=g","contentUrl":"https:\/\/secure.gravatar.com\/avatar\/06fdc0dc81c157dfdb82ec42f252178a22307808988d22c043f9eb96f1e0fe80?s=96&d=mm&r=g","caption":"mennworldcon"},"sameAs":["https:\/\/mwc-cmm.org"],"url":"https:\/\/mwc-cmm.org\/es\/stories\/author\/mennworldcon\/"}]}},"_links":{"self":[{"href":"https:\/\/mwc-cmm.org\/es\/wp-json\/wp\/v2\/posts\/8687","targetHints":{"allow":["GET"]}}],"collection":[{"href":"https:\/\/mwc-cmm.org\/es\/wp-json\/wp\/v2\/posts"}],"about":[{"href":"https:\/\/mwc-cmm.org\/es\/wp-json\/wp\/v2\/types\/post"}],"author":[{"embeddable":true,"href":"https:\/\/mwc-cmm.org\/es\/wp-json\/wp\/v2\/users\/1"}],"replies":[{"embeddable":true,"href":"https:\/\/mwc-cmm.org\/es\/wp-json\/wp\/v2\/comments?post=8687"}],"version-history":[{"count":0,"href":"https:\/\/mwc-cmm.org\/es\/wp-json\/wp\/v2\/posts\/8687\/revisions"}],"wp:featuredmedia":[{"embeddable":true,"href":"https:\/\/mwc-cmm.org\/es\/wp-json\/wp\/v2\/media\/88538"}],"wp:attachment":[{"href":"https:\/\/mwc-cmm.org\/es\/wp-json\/wp\/v2\/media?parent=8687"}],"wp:term":[{"taxonomy":"category","embeddable":true,"href":"https:\/\/mwc-cmm.org\/es\/wp-json\/wp\/v2\/categories?post=8687"},{"taxonomy":"post_tag","embeddable":true,"href":"https:\/\/mwc-cmm.org\/es\/wp-json\/wp\/v2\/tags?post=8687"},{"taxonomy":"network","embeddable":true,"href":"https:\/\/mwc-cmm.org\/es\/wp-json\/wp\/v2\/network?post=8687"},{"taxonomy":"eventcategory","embeddable":true,"href":"https:\/\/mwc-cmm.org\/es\/wp-json\/wp\/v2\/eventcategory?post=8687"}],"curies":[{"name":"wp","href":"https:\/\/api.w.org\/{rel}","templated":true}]}}