{"id":8681,"date":"2017-01-18T00:00:00","date_gmt":"2017-01-18T00:00:00","guid":{"rendered":"https:\/\/mwc-cmm.org\/canadian-renovation-builds-church-in-latin-america-3\/"},"modified":"2024-12-10T18:00:28","modified_gmt":"2024-12-10T18:00:28","slug":"canadian-renovation-builds-church-in-latin-america-3","status":"publish","type":"post","link":"https:\/\/mwc-cmm.org\/es\/stories\/canadian-renovation-builds-church-in-latin-america-3\/","title":{"rendered":"Renovaci\u00f3n canadiense construye iglesia en Am\u00e9rica Latina"},"content":{"rendered":"<div>\n<p>Winnipeg, Manitoba, Canad\u00e1 \u2013 Cuando la iglesia Toronto United Mennonite Church (TUMC, por su sigla en ingl\u00e9s) decidi\u00f3 que era hora de renovar y ampliar su edificio, la congregaci\u00f3n quer\u00eda que el proyecto fuera m\u00e1s all\u00e1 de su esfera habitual de influencia. Ubicada en la ciudad m\u00e1s grande y multicultural de Canad\u00e1, TUMC cuenta con unas 200 personas de cinco continentes que hablan 10 idiomas diferentes, con una conexi\u00f3n particularmente fuerte con Am\u00e9rica Central.<\/p>\n<\/div>\n<p>\u201cHablamos con Arli Klassen sobre c\u00f3mo compartir nuestra donaci\u00f3n con el Congreso Mundial Menonita\u201d, dice el presidente del comit\u00e9 de construcci\u00f3n Richard Ratzlaff, y ella los dirigi\u00f3 a la cuenta del Fondo de Ayuda de la Iglesia Mundial. Hace 20 a\u00f1os TUMC hab\u00eda dado un \u201cdiezmo\u201d similar en la recaudaci\u00f3n de fondos para la ampliaci\u00f3n de un proyecto de un edificio.<\/p>\n<p>\u201cEl Fondo de Ayuda de la Iglesia Mundial, GCSF (por su sigla en ingl\u00e9s), es un fondo del CMM en el cual las iglesias miembros pueden aplicar para solicitar ayuda financiera cuando se trata de un proyecto de construcci\u00f3n\u201d, dice Klassen. La solicitud de recursos finacieros del fondo debe ser aprobada por la oficina de la iglesia nacional y el grupo beneficiario debe contribuir con una parte del costo total del proyecto.<\/p>\n<p>El objetivo del Fondo de Ayuda de la Iglesia Mundial es poner en acci\u00f3n las palabras del ap\u00f3stol Pablo sobre la igualdad: \u201cla abundancia de ustedes suplir\u00e1 lo que ellos necesita, para que a su vez la abundancia de ellos supla lo que ustedes necesitan\u201d (2 Corintios 8:13\u201315).<\/p>\n<p>Dos tercios de los 1,8 millones de creyentes anabautistas residen en \u00c1frica, Asia y Am\u00e9rica Latina, pero el 95 por ciento de la riqueza anabautista reside en Am\u00e9rica del Norte y Europa. El GCSF proporciona un medio \u201cpara redistribuir la riqueza en el esp\u00edritu b\u00edblico del jubileo\u201d.<\/p>\n<table align=\"right\" cellpadding=\"1\" cellspacing=\"1\">\n<tbody>\n<tr>\n<td>\n<div style=\"text-align: center;\"><img decoding=\"async\" alt=\"\" data-src=\"\/sites\/default\/files\/website_files\/nicaragua.jpg\" style=\"width: 350px; float: right; height: 179px; margin-left: 10px; margin-right: 10px;\" src=\"data:image\/svg+xml;base64,PHN2ZyB3aWR0aD0iMSIgaGVpZ2h0PSIxIiB4bWxucz0iaHR0cDovL3d3dy53My5vcmcvMjAwMC9zdmciPjwvc3ZnPg==\" class=\"lazyload\" \/><br \/><span style=\"font-size:11px;\">La Oficina y Centro de Retiros de FIEMN, <\/span><\/div>\n<div style=\"text-align: center;\"><span style=\"font-size:11px;\">Fraternidad de Iglesias Evang\u00e9licas Menonitas de Nicaragua,<\/span><\/div>\n<div style=\"text-align: center;\"><span style=\"font-size:11px;\">solicit\u00f3 ayuda financiera para contribuir con su plan integral de <\/span><\/div>\n<div style=\"text-align: center;\"><span style=\"font-size:11px;\">adquisici\u00f3n de un terreno para 2 congregaciones, <\/span><\/div>\n<div style=\"text-align: center;\"><span style=\"font-size:11px;\">la remodelaci\u00f3n de la oficina nacional y<\/span><\/div>\n<div style=\"text-align: center;\"><span style=\"font-size:11px;\">las mejoras del sitio para campamentos y retiros.<\/span><\/div>\n<div style=\"text-align: center;\"><span style=\"font-size:11px;\">Fotos: Nicaragua photos: FIEMN<\/span><\/div>\n<div style=\"text-align: center;\"><span style=\"font-size:11px;\">(Fraternidad de Iglesias Evang\u00e9licas Menonitas Nicaragua)<\/span><\/div>\n<\/td>\n<\/tr>\n<\/tbody>\n<\/table>\n<div>\n<p>La iglesia TUMC design\u00f3 el 2 por ciento ($20.000) de su recaudaci\u00f3n ($900.000) al GCSF del CMM. Su proyecto implic\u00f3 la transformaci\u00f3n creativa del edificio existente para tener m\u00e1s espacio \u201cpara saludar, para conocer y para aprender; para ofrecer hospitalidad y para jugar,\u201d adem\u00e1s de a\u00f1adir acceso y rampas para sillas de ruedas as\u00ed como m\u00e1s espacio para la oficina de los colaboradores en el ministerio.<\/p>\n<p>No se dud\u00f3 en compartir los fondos con el CMM, dice Ratzlaff. \u201cSomos una iglesia muy rica y lo sabemos. En todo caso, hab\u00eda una percepci\u00f3n de que est\u00e1bamos gastando demasiado en nosotros mismos y no lo suficiente en nuestros hermanos y hermanas en otros lugares.\u201d<\/p>\n<p>Ir\u00f3nicamente, con el porcentaje que la iglesia TUMC est\u00e1 donando al CMM, se podr\u00eda financiar una gran parte de un proyecto de construcci\u00f3n en cualquier parte del mundo, mucho m\u00e1s de lo que se podr\u00eda hacer con el monto total de su recaudaci\u00f3n de fondos en Canad\u00e1.<\/p>\n<p>Cuando el 13 de noviembre de 2016 la iglesia TUMC dedic\u00f3 su edificio ampliado y renovado, en el servicio de celebraci\u00f3n se comparti\u00f3 2 Corintios 8:15: \u201cNi le sobr\u00f3 al que hab\u00eda recogido mucho, ni le falt\u00f3 al que hab\u00eda recogido poco\u201d (2 Corintios 8,15).<\/p>\n<p>\u201cEl objetivo financiero del GCSF cada a\u00f1o es de $100.000, aunque la Comisi\u00f3n de Di\u00e1conos solo puede gastar en funci\u00f3n de lo que realmente se recibe\u201d, dice Klassen. Alrededor de la mitad del dinero es para proyectos de construcci\u00f3n, el resto cubre las visitas de los Di\u00e1conos a las iglesias miembros en situaciones de dificultad.<\/p>\n<p>En 2016, hubo cinco solicitudes de aproximadamente $10.000 cada una para la construcci\u00f3n de edificios de iglesias, escuelas y remodelaci\u00f3n de oficinas, provenientes de \u00c1frica, Asia y \u2013 de inter\u00e9s particular para la iglesia TUMC \u2013 Colombia y Nicaragua.<\/p>\n<p>\u201cVarias familias en la congregaci\u00f3n tienen ra\u00edces en Colombia\u201d, dice Ratzlaff, y las dos congregaciones involucradas en la construcci\u00f3n est\u00e1n comprometidas en ayudar a inmigrantes y refugiados de Am\u00e9rica Central quienes tambi\u00e9n componen \u00e9stas iglesias.<\/p>\n<p>\u201cEstamos muy felices de saber que podemos contribuir a otros en nuestra iglesia mundial\u201d, dice Ratzlaff.<\/p>\n<p><em>\u2014 <\/em><em>Comunicado del Congreso Mundial Menonita por<\/em><em> Karla Braun<\/em><\/p>\n<\/div>\n<div> <\/div>\n","protected":false},"excerpt":{"rendered":"<p>NULL<\/p>\n","protected":false},"author":1,"featured_media":88454,"comment_status":"closed","ping_status":"closed","sticky":false,"template":"","format":"standard","meta":{"_acf_changed":false,"footnotes":""},"categories":[6],"tags":[],"network":[],"eventcategory":[],"class_list":["post-8681","post","type-post","status-publish","format-standard","has-post-thumbnail","hentry","category-sin-categorizar"],"acf":[],"yoast_head":"<!-- This site is optimized with the Yoast SEO plugin v27.5 - https:\/\/yoast.com\/product\/yoast-seo-wordpress\/ -->\n<title>Renovaci\u00f3n canadiense construye iglesia en Am\u00e9rica Latina - Mennonite World Conference<\/title>\n<meta name=\"robots\" content=\"index, follow, max-snippet:-1, max-image-preview:large, max-video-preview:-1\" \/>\n<link rel=\"canonical\" href=\"https:\/\/mwc-cmm.org\/en\/stories\/canadian-renovation-builds-church-latin-america\/\" \/>\n<meta property=\"og:locale\" content=\"es_ES\" \/>\n<meta property=\"og:type\" content=\"article\" \/>\n<meta property=\"og:title\" content=\"Renovaci\u00f3n canadiense construye iglesia en Am\u00e9rica Latina - Mennonite World Conference\" \/>\n<meta property=\"og:description\" content=\"NULL\" \/>\n<meta property=\"og:url\" content=\"https:\/\/mwc-cmm.org\/en\/stories\/canadian-renovation-builds-church-latin-america\/\" \/>\n<meta property=\"og:site_name\" content=\"Mennonite World Conference\" \/>\n<meta property=\"article:publisher\" content=\"https:\/\/www.facebook.com\/MennoniteWorldConference\" \/>\n<meta property=\"article:published_time\" content=\"2017-01-18T00:00:00+00:00\" \/>\n<meta property=\"article:modified_time\" content=\"2024-12-10T18:00:28+00:00\" \/>\n<meta property=\"og:image\" content=\"https:\/\/mwc-cmm.org\/wp-content\/uploads\/2024\/11\/cali_building_project_1_0.jpg\" \/>\n\t<meta property=\"og:image:width\" content=\"2560\" \/>\n\t<meta property=\"og:image:height\" content=\"1920\" \/>\n\t<meta property=\"og:image:type\" content=\"image\/jpeg\" \/>\n<meta name=\"author\" content=\"mennworldcon\" \/>\n<script type=\"application\/ld+json\" class=\"yoast-schema-graph\">{\"@context\":\"https:\\\/\\\/schema.org\",\"@graph\":[{\"@type\":\"Article\",\"@id\":\"https:\\\/\\\/mwc-cmm.org\\\/en\\\/stories\\\/canadian-renovation-builds-church-latin-america\\\/#article\",\"isPartOf\":{\"@id\":\"https:\\\/\\\/mwc-cmm.org\\\/en\\\/stories\\\/canadian-renovation-builds-church-latin-america\\\/\"},\"author\":{\"name\":\"mennworldcon\",\"@id\":\"https:\\\/\\\/mwc-cmm.org\\\/en\\\/#\\\/schema\\\/person\\\/11f6ae0d7d1868ba20a1cc27f067c836\"},\"headline\":\"Renovaci\u00f3n canadiense construye iglesia en Am\u00e9rica Latina\",\"datePublished\":\"2017-01-18T00:00:00+00:00\",\"dateModified\":\"2024-12-10T18:00:28+00:00\",\"mainEntityOfPage\":{\"@id\":\"https:\\\/\\\/mwc-cmm.org\\\/en\\\/stories\\\/canadian-renovation-builds-church-latin-america\\\/\"},\"wordCount\":761,\"publisher\":{\"@id\":\"https:\\\/\\\/mwc-cmm.org\\\/en\\\/#organization\"},\"image\":{\"@id\":\"https:\\\/\\\/mwc-cmm.org\\\/en\\\/stories\\\/canadian-renovation-builds-church-latin-america\\\/#primaryimage\"},\"thumbnailUrl\":\"https:\\\/\\\/mwc-cmm.org\\\/wp-content\\\/uploads\\\/2024\\\/11\\\/cali_building_project_1_0.jpg\",\"articleSection\":[\"Sin categorizar\"],\"inLanguage\":\"es\"},{\"@type\":\"WebPage\",\"@id\":\"https:\\\/\\\/mwc-cmm.org\\\/en\\\/stories\\\/canadian-renovation-builds-church-latin-america\\\/\",\"url\":\"https:\\\/\\\/mwc-cmm.org\\\/en\\\/stories\\\/canadian-renovation-builds-church-latin-america\\\/\",\"name\":\"Renovaci\u00f3n canadiense construye iglesia en Am\u00e9rica Latina - Mennonite World Conference\",\"isPartOf\":{\"@id\":\"https:\\\/\\\/mwc-cmm.org\\\/en\\\/#website\"},\"primaryImageOfPage\":{\"@id\":\"https:\\\/\\\/mwc-cmm.org\\\/en\\\/stories\\\/canadian-renovation-builds-church-latin-america\\\/#primaryimage\"},\"image\":{\"@id\":\"https:\\\/\\\/mwc-cmm.org\\\/en\\\/stories\\\/canadian-renovation-builds-church-latin-america\\\/#primaryimage\"},\"thumbnailUrl\":\"https:\\\/\\\/mwc-cmm.org\\\/wp-content\\\/uploads\\\/2024\\\/11\\\/cali_building_project_1_0.jpg\",\"datePublished\":\"2017-01-18T00:00:00+00:00\",\"dateModified\":\"2024-12-10T18:00:28+00:00\",\"breadcrumb\":{\"@id\":\"https:\\\/\\\/mwc-cmm.org\\\/en\\\/stories\\\/canadian-renovation-builds-church-latin-america\\\/#breadcrumb\"},\"inLanguage\":\"es\",\"potentialAction\":[{\"@type\":\"ReadAction\",\"target\":[\"https:\\\/\\\/mwc-cmm.org\\\/en\\\/stories\\\/canadian-renovation-builds-church-latin-america\\\/\"]}]},{\"@type\":\"ImageObject\",\"inLanguage\":\"es\",\"@id\":\"https:\\\/\\\/mwc-cmm.org\\\/en\\\/stories\\\/canadian-renovation-builds-church-latin-america\\\/#primaryimage\",\"url\":\"https:\\\/\\\/mwc-cmm.org\\\/wp-content\\\/uploads\\\/2024\\\/11\\\/cali_building_project_1_0.jpg\",\"contentUrl\":\"https:\\\/\\\/mwc-cmm.org\\\/wp-content\\\/uploads\\\/2024\\\/11\\\/cali_building_project_1_0.jpg\",\"width\":2560,\"height\":1920},{\"@type\":\"BreadcrumbList\",\"@id\":\"https:\\\/\\\/mwc-cmm.org\\\/en\\\/stories\\\/canadian-renovation-builds-church-latin-america\\\/#breadcrumb\",\"itemListElement\":[{\"@type\":\"ListItem\",\"position\":1,\"name\":\"Home\",\"item\":\"https:\\\/\\\/mwc-cmm.org\\\/es\\\/\"},{\"@type\":\"ListItem\",\"position\":2,\"name\":\"Renovaci\u00f3n canadiense construye iglesia en Am\u00e9rica Latina\"}]},{\"@type\":\"WebSite\",\"@id\":\"https:\\\/\\\/mwc-cmm.org\\\/en\\\/#website\",\"url\":\"https:\\\/\\\/mwc-cmm.org\\\/en\\\/\",\"name\":\"Mennonite World Conference\",\"description\":\"A communion of Anabaptist-related churches\",\"publisher\":{\"@id\":\"https:\\\/\\\/mwc-cmm.org\\\/en\\\/#organization\"},\"alternateName\":\"MWC\",\"potentialAction\":[{\"@type\":\"SearchAction\",\"target\":{\"@type\":\"EntryPoint\",\"urlTemplate\":\"https:\\\/\\\/mwc-cmm.org\\\/en\\\/?s={search_term_string}\"},\"query-input\":{\"@type\":\"PropertyValueSpecification\",\"valueRequired\":true,\"valueName\":\"search_term_string\"}}],\"inLanguage\":\"es\"},{\"@type\":\"Organization\",\"@id\":\"https:\\\/\\\/mwc-cmm.org\\\/en\\\/#organization\",\"name\":\"Mennonite World Conference\",\"alternateName\":\"MWC\",\"url\":\"https:\\\/\\\/mwc-cmm.org\\\/en\\\/\",\"logo\":{\"@type\":\"ImageObject\",\"inLanguage\":\"es\",\"@id\":\"https:\\\/\\\/mwc-cmm.org\\\/en\\\/#\\\/schema\\\/logo\\\/image\\\/\",\"url\":\"https:\\\/\\\/mwc-cmm.org\\\/wp-content\\\/uploads\\\/2026\\\/01\\\/MWC_Sig_Blue_Horiz_webheader1-logo.svg\",\"contentUrl\":\"https:\\\/\\\/mwc-cmm.org\\\/wp-content\\\/uploads\\\/2026\\\/01\\\/MWC_Sig_Blue_Horiz_webheader1-logo.svg\",\"width\":786,\"height\":82,\"caption\":\"Mennonite World Conference\"},\"image\":{\"@id\":\"https:\\\/\\\/mwc-cmm.org\\\/en\\\/#\\\/schema\\\/logo\\\/image\\\/\"},\"sameAs\":[\"https:\\\/\\\/www.facebook.com\\\/MennoniteWorldConference\",\"https:\\\/\\\/www.linkedin.com\\\/company\\\/mennonite-world-conference-mwc\\\/\",\"https:\\\/\\\/www.instagram.com\\\/mwcmm\\\/\",\"https:\\\/\\\/www.youtube.com\\\/user\\\/mwccmm\",\"https:\\\/\\\/bsky.app\\\/profile\\\/mwcmm.bsky.social\"]},{\"@type\":\"Person\",\"@id\":\"https:\\\/\\\/mwc-cmm.org\\\/en\\\/#\\\/schema\\\/person\\\/11f6ae0d7d1868ba20a1cc27f067c836\",\"name\":\"mennworldcon\",\"image\":{\"@type\":\"ImageObject\",\"inLanguage\":\"es\",\"@id\":\"https:\\\/\\\/secure.gravatar.com\\\/avatar\\\/06fdc0dc81c157dfdb82ec42f252178a22307808988d22c043f9eb96f1e0fe80?s=96&d=mm&r=g\",\"url\":\"https:\\\/\\\/secure.gravatar.com\\\/avatar\\\/06fdc0dc81c157dfdb82ec42f252178a22307808988d22c043f9eb96f1e0fe80?s=96&d=mm&r=g\",\"contentUrl\":\"https:\\\/\\\/secure.gravatar.com\\\/avatar\\\/06fdc0dc81c157dfdb82ec42f252178a22307808988d22c043f9eb96f1e0fe80?s=96&d=mm&r=g\",\"caption\":\"mennworldcon\"},\"sameAs\":[\"https:\\\/\\\/mwc-cmm.org\"],\"url\":\"https:\\\/\\\/mwc-cmm.org\\\/es\\\/stories\\\/author\\\/mennworldcon\\\/\"}]}<\/script>\n<!-- \/ Yoast SEO plugin. -->","yoast_head_json":{"title":"Renovaci\u00f3n canadiense construye iglesia en Am\u00e9rica Latina - Mennonite World Conference","robots":{"index":"index","follow":"follow","max-snippet":"max-snippet:-1","max-image-preview":"max-image-preview:large","max-video-preview":"max-video-preview:-1"},"canonical":"https:\/\/mwc-cmm.org\/en\/stories\/canadian-renovation-builds-church-latin-america\/","og_locale":"es_ES","og_type":"article","og_title":"Renovaci\u00f3n canadiense construye iglesia en Am\u00e9rica Latina - Mennonite World Conference","og_description":"NULL","og_url":"https:\/\/mwc-cmm.org\/en\/stories\/canadian-renovation-builds-church-latin-america\/","og_site_name":"Mennonite World Conference","article_publisher":"https:\/\/www.facebook.com\/MennoniteWorldConference","article_published_time":"2017-01-18T00:00:00+00:00","article_modified_time":"2024-12-10T18:00:28+00:00","og_image":[{"width":2560,"height":1920,"url":"https:\/\/mwc-cmm.org\/wp-content\/uploads\/2024\/11\/cali_building_project_1_0.jpg","type":"image\/jpeg"}],"author":"mennworldcon","schema":{"@context":"https:\/\/schema.org","@graph":[{"@type":"Article","@id":"https:\/\/mwc-cmm.org\/en\/stories\/canadian-renovation-builds-church-latin-america\/#article","isPartOf":{"@id":"https:\/\/mwc-cmm.org\/en\/stories\/canadian-renovation-builds-church-latin-america\/"},"author":{"name":"mennworldcon","@id":"https:\/\/mwc-cmm.org\/en\/#\/schema\/person\/11f6ae0d7d1868ba20a1cc27f067c836"},"headline":"Renovaci\u00f3n canadiense construye iglesia en Am\u00e9rica Latina","datePublished":"2017-01-18T00:00:00+00:00","dateModified":"2024-12-10T18:00:28+00:00","mainEntityOfPage":{"@id":"https:\/\/mwc-cmm.org\/en\/stories\/canadian-renovation-builds-church-latin-america\/"},"wordCount":761,"publisher":{"@id":"https:\/\/mwc-cmm.org\/en\/#organization"},"image":{"@id":"https:\/\/mwc-cmm.org\/en\/stories\/canadian-renovation-builds-church-latin-america\/#primaryimage"},"thumbnailUrl":"https:\/\/mwc-cmm.org\/wp-content\/uploads\/2024\/11\/cali_building_project_1_0.jpg","articleSection":["Sin categorizar"],"inLanguage":"es"},{"@type":"WebPage","@id":"https:\/\/mwc-cmm.org\/en\/stories\/canadian-renovation-builds-church-latin-america\/","url":"https:\/\/mwc-cmm.org\/en\/stories\/canadian-renovation-builds-church-latin-america\/","name":"Renovaci\u00f3n canadiense construye iglesia en Am\u00e9rica Latina - Mennonite World Conference","isPartOf":{"@id":"https:\/\/mwc-cmm.org\/en\/#website"},"primaryImageOfPage":{"@id":"https:\/\/mwc-cmm.org\/en\/stories\/canadian-renovation-builds-church-latin-america\/#primaryimage"},"image":{"@id":"https:\/\/mwc-cmm.org\/en\/stories\/canadian-renovation-builds-church-latin-america\/#primaryimage"},"thumbnailUrl":"https:\/\/mwc-cmm.org\/wp-content\/uploads\/2024\/11\/cali_building_project_1_0.jpg","datePublished":"2017-01-18T00:00:00+00:00","dateModified":"2024-12-10T18:00:28+00:00","breadcrumb":{"@id":"https:\/\/mwc-cmm.org\/en\/stories\/canadian-renovation-builds-church-latin-america\/#breadcrumb"},"inLanguage":"es","potentialAction":[{"@type":"ReadAction","target":["https:\/\/mwc-cmm.org\/en\/stories\/canadian-renovation-builds-church-latin-america\/"]}]},{"@type":"ImageObject","inLanguage":"es","@id":"https:\/\/mwc-cmm.org\/en\/stories\/canadian-renovation-builds-church-latin-america\/#primaryimage","url":"https:\/\/mwc-cmm.org\/wp-content\/uploads\/2024\/11\/cali_building_project_1_0.jpg","contentUrl":"https:\/\/mwc-cmm.org\/wp-content\/uploads\/2024\/11\/cali_building_project_1_0.jpg","width":2560,"height":1920},{"@type":"BreadcrumbList","@id":"https:\/\/mwc-cmm.org\/en\/stories\/canadian-renovation-builds-church-latin-america\/#breadcrumb","itemListElement":[{"@type":"ListItem","position":1,"name":"Home","item":"https:\/\/mwc-cmm.org\/es\/"},{"@type":"ListItem","position":2,"name":"Renovaci\u00f3n canadiense construye iglesia en Am\u00e9rica Latina"}]},{"@type":"WebSite","@id":"https:\/\/mwc-cmm.org\/en\/#website","url":"https:\/\/mwc-cmm.org\/en\/","name":"Mennonite World Conference","description":"A communion of Anabaptist-related churches","publisher":{"@id":"https:\/\/mwc-cmm.org\/en\/#organization"},"alternateName":"MWC","potentialAction":[{"@type":"SearchAction","target":{"@type":"EntryPoint","urlTemplate":"https:\/\/mwc-cmm.org\/en\/?s={search_term_string}"},"query-input":{"@type":"PropertyValueSpecification","valueRequired":true,"valueName":"search_term_string"}}],"inLanguage":"es"},{"@type":"Organization","@id":"https:\/\/mwc-cmm.org\/en\/#organization","name":"Mennonite World Conference","alternateName":"MWC","url":"https:\/\/mwc-cmm.org\/en\/","logo":{"@type":"ImageObject","inLanguage":"es","@id":"https:\/\/mwc-cmm.org\/en\/#\/schema\/logo\/image\/","url":"https:\/\/mwc-cmm.org\/wp-content\/uploads\/2026\/01\/MWC_Sig_Blue_Horiz_webheader1-logo.svg","contentUrl":"https:\/\/mwc-cmm.org\/wp-content\/uploads\/2026\/01\/MWC_Sig_Blue_Horiz_webheader1-logo.svg","width":786,"height":82,"caption":"Mennonite World Conference"},"image":{"@id":"https:\/\/mwc-cmm.org\/en\/#\/schema\/logo\/image\/"},"sameAs":["https:\/\/www.facebook.com\/MennoniteWorldConference","https:\/\/www.linkedin.com\/company\/mennonite-world-conference-mwc\/","https:\/\/www.instagram.com\/mwcmm\/","https:\/\/www.youtube.com\/user\/mwccmm","https:\/\/bsky.app\/profile\/mwcmm.bsky.social"]},{"@type":"Person","@id":"https:\/\/mwc-cmm.org\/en\/#\/schema\/person\/11f6ae0d7d1868ba20a1cc27f067c836","name":"mennworldcon","image":{"@type":"ImageObject","inLanguage":"es","@id":"https:\/\/secure.gravatar.com\/avatar\/06fdc0dc81c157dfdb82ec42f252178a22307808988d22c043f9eb96f1e0fe80?s=96&d=mm&r=g","url":"https:\/\/secure.gravatar.com\/avatar\/06fdc0dc81c157dfdb82ec42f252178a22307808988d22c043f9eb96f1e0fe80?s=96&d=mm&r=g","contentUrl":"https:\/\/secure.gravatar.com\/avatar\/06fdc0dc81c157dfdb82ec42f252178a22307808988d22c043f9eb96f1e0fe80?s=96&d=mm&r=g","caption":"mennworldcon"},"sameAs":["https:\/\/mwc-cmm.org"],"url":"https:\/\/mwc-cmm.org\/es\/stories\/author\/mennworldcon\/"}]}},"_links":{"self":[{"href":"https:\/\/mwc-cmm.org\/es\/wp-json\/wp\/v2\/posts\/8681","targetHints":{"allow":["GET"]}}],"collection":[{"href":"https:\/\/mwc-cmm.org\/es\/wp-json\/wp\/v2\/posts"}],"about":[{"href":"https:\/\/mwc-cmm.org\/es\/wp-json\/wp\/v2\/types\/post"}],"author":[{"embeddable":true,"href":"https:\/\/mwc-cmm.org\/es\/wp-json\/wp\/v2\/users\/1"}],"replies":[{"embeddable":true,"href":"https:\/\/mwc-cmm.org\/es\/wp-json\/wp\/v2\/comments?post=8681"}],"version-history":[{"count":0,"href":"https:\/\/mwc-cmm.org\/es\/wp-json\/wp\/v2\/posts\/8681\/revisions"}],"wp:featuredmedia":[{"embeddable":true,"href":"https:\/\/mwc-cmm.org\/es\/wp-json\/wp\/v2\/media\/88454"}],"wp:attachment":[{"href":"https:\/\/mwc-cmm.org\/es\/wp-json\/wp\/v2\/media?parent=8681"}],"wp:term":[{"taxonomy":"category","embeddable":true,"href":"https:\/\/mwc-cmm.org\/es\/wp-json\/wp\/v2\/categories?post=8681"},{"taxonomy":"post_tag","embeddable":true,"href":"https:\/\/mwc-cmm.org\/es\/wp-json\/wp\/v2\/tags?post=8681"},{"taxonomy":"network","embeddable":true,"href":"https:\/\/mwc-cmm.org\/es\/wp-json\/wp\/v2\/network?post=8681"},{"taxonomy":"eventcategory","embeddable":true,"href":"https:\/\/mwc-cmm.org\/es\/wp-json\/wp\/v2\/eventcategory?post=8681"}],"curies":[{"name":"wp","href":"https:\/\/api.w.org\/{rel}","templated":true}]}}