{"id":8663,"date":"2016-10-26T00:00:00","date_gmt":"2016-10-26T00:00:00","guid":{"rendered":"https:\/\/mwc-cmm.org\/the-miracle-of-unity-3\/"},"modified":"2024-12-10T18:00:20","modified_gmt":"2024-12-10T18:00:20","slug":"the-miracle-of-unity-3","status":"publish","type":"post","link":"https:\/\/mwc-cmm.org\/es\/stories\/the-miracle-of-unity-3\/","title":{"rendered":"El milagro de la unidad"},"content":{"rendered":"<p>\u00bfQu\u00e9 puede unir a diferentes pueblos o comunidades? Desde los tiempos de la Torre de Babel son muchos los m\u00e9todos que se han intentado. Tener una visi\u00f3n com\u00fan que invite a trabajar por un mismo prop\u00f3sito fue el m\u00e9todo que se intent\u00f3 en aquel relato b\u00edblico; y, como es bien sabido, dicho intento de unidad fracas\u00f3.<\/p>\n<p>Tener una narrativa com\u00fan es otra estrategia que se ha propuesto para crear unidad. Una historia unificada que describa un origen com\u00fan e inspirador puede servir como material cohesionador. Sin embargo, encontrar una narrativa estimulante que involucre a varios pueblos o culturas diferentes es muy dif\u00edcil.<\/p>\n<p>Otra alternativa probada en la pol\u00edtica y la religi\u00f3n en aras de la unidad, es la de suprimir toda diferencia y promover la existencia de una \u00fanica forma de ver la vida, para as\u00ed destruir la diversidad. La historia nos muestra de sobra el fracaso que esta alternativa representa.<\/p>\n<p>Una opci\u00f3n que a veces se predica en medios eclesiales es la definici\u00f3n de un listado de creencias que deben ser sostenidas por un grupo de personas para determinar claramente qui\u00e9nes pertenecen o qui\u00e9nes est\u00e1n por fuera de dicho grupo. Lamentablemente, credos y confesiones de fe a veces han sido usados en este sentido.<\/p>\n<p>Cuando observamos los resultados de la investigaci\u00f3n del Perfil Anabautista Mundial (GAP por sus siglas en ingl\u00e9s), podemos hacernos la misma pregunta: \u00bfQu\u00e9 puede facilitar la unidad entre grupos tan diversos como los que pertenecen al Congreso Mundial Menonita (CMM)?<\/p>\n<p>Durante varios a\u00f1os iglesias miembros del CMM participaron en un proceso investigativo que buscaba develar qui\u00e9nes somos como anabautistas hoy. En esta edici\u00f3n de la revista Correo vemos algunas conclusiones que arroja dicho estudio. Como dice uno de los art\u00edculos en esta entrega, semejante diversidad en medio de nuestra familia mundial se convierte en una oportunidad singular para lograr mayor unidad.<\/p>\n<p>\u00bfPero qu\u00e9 es lo que hace posible esa unidad?<\/p>\n<p>No se trata del texto de nuestras convicciones compartidas. Dicho texto surgi\u00f3 en los \u00faltimos a\u00f1os como expresi\u00f3n de lo que es nuestra experiencia de seguir a Jes\u00fas en cada contexto. Las iglesias miembros del CMM caminaron en unidad sin la existencia de dicho texto por m\u00e1s de 75 a\u00f1os.<\/p>\n<p>Tampoco se trata de una historia com\u00fan. Aunque como iglesias anabautistas nos identificamos con la Reforma Radical del siglo XVI, es claro que la complejidad de los or\u00edgenes de nuestra fe es tan asombrosa como nuestra diversidad actual.<\/p>\n<p>De acuerdo a las Escrituras s\u00f3lo hay una explicaci\u00f3n posible. La unidad de nuestra comunidad global no ha sido el producto de esfuerzos humanos ni es algo que nosotros fabriquemos. Es un regalo y un don de Dios que hoy podemos disfrutar por el obrar del Esp\u00edritu Santo en medio de nosotros. La verdadera comuni\u00f3n se hace posible no por leyes y formalismos institucionales sino gracias a la obra de Cristo en la cruz. Fue all\u00ed cuando Dios cre\u00f3 un nuevo pueblo compuesto por muchas culturas, razas, tribus y lenguas.<\/p>\n<p>Hoy es posible sentarnos en la misma mesa de comuni\u00f3n y apreciar la belleza de nuestra diversidad s\u00f3lo si lo hacemos alrededor del Cordero de Dios, quien es el centro de nuestra fe y quien cimenta dicha unidad.<\/p>\n<p>\u00a1Ven y celebra con nosotros el milagro de la unidad y la belleza de nuestra diversidad!<\/p>\n<p><em>\u2014C\u00e9sar Garc\u00eda, secretario general del CMM, desde su oficina en la sede central en Bogot\u00e1, Colombia.<\/em><\/p>\n<p>Este art\u00edculo apareci\u00f3 por primera vez en <a href=\"https:\/\/www.mwc-cmm.org\/article\/correo?language=es\">Correo\/Courier\/Courrier<\/a> en octubre de 2016.<\/p>\n","protected":false},"excerpt":{"rendered":"<p>\u00bfQu\u00e9 puede unir a diferentes pueblos o comunidades? Desde los tiempos de la Torre de Babel son muchos los m\u00e9todos que se han intentado. Tener una visi\u00f3n com\u00fan que invite a trabajar por un mismo prop\u00f3sito fue el m\u00e9todo que se intent\u00f3 en aquel relato b\u00edblico; y, como es bien sabido, dicho intento de unidad [&hellip;]<\/p>\n","protected":false},"author":1,"featured_media":88258,"comment_status":"closed","ping_status":"closed","sticky":false,"template":"","format":"standard","meta":{"_acf_changed":false,"footnotes":""},"categories":[6],"tags":[],"network":[1306],"eventcategory":[],"class_list":["post-8663","post","type-post","status-publish","format-standard","has-post-thumbnail","hentry","category-sin-categorizar","network-courier-es"],"acf":[],"yoast_head":"<!-- This site is optimized with the Yoast SEO plugin v27.5 - https:\/\/yoast.com\/product\/yoast-seo-wordpress\/ -->\n<title>El milagro de la unidad - Mennonite World Conference<\/title>\n<meta name=\"robots\" content=\"index, follow, max-snippet:-1, max-image-preview:large, max-video-preview:-1\" \/>\n<link rel=\"canonical\" href=\"https:\/\/mwc-cmm.org\/en\/stories\/the-miracle-of-unity\/\" \/>\n<meta property=\"og:locale\" content=\"es_ES\" \/>\n<meta property=\"og:type\" content=\"article\" \/>\n<meta property=\"og:title\" content=\"El milagro de la unidad - Mennonite World Conference\" \/>\n<meta property=\"og:description\" content=\"\u00bfQu\u00e9 puede unir a diferentes pueblos o comunidades? Desde los tiempos de la Torre de Babel son muchos los m\u00e9todos que se han intentado. Tener una visi\u00f3n com\u00fan que invite a trabajar por un mismo prop\u00f3sito fue el m\u00e9todo que se intent\u00f3 en aquel relato b\u00edblico; y, como es bien sabido, dicho intento de unidad [&hellip;]\" \/>\n<meta property=\"og:url\" content=\"https:\/\/mwc-cmm.org\/en\/stories\/the-miracle-of-unity\/\" \/>\n<meta property=\"og:site_name\" content=\"Mennonite World Conference\" \/>\n<meta property=\"article:publisher\" content=\"https:\/\/www.facebook.com\/MennoniteWorldConference\" \/>\n<meta property=\"article:published_time\" content=\"2016-10-26T00:00:00+00:00\" \/>\n<meta property=\"article:modified_time\" content=\"2024-12-10T18:00:20+00:00\" \/>\n<meta property=\"og:image\" content=\"https:\/\/mwc-cmm.org\/wp-content\/uploads\/2024\/11\/cesar_3.jpg\" \/>\n\t<meta property=\"og:image:width\" content=\"2248\" \/>\n\t<meta property=\"og:image:height\" content=\"1220\" \/>\n\t<meta property=\"og:image:type\" content=\"image\/jpeg\" \/>\n<meta name=\"author\" content=\"mennworldcon\" \/>\n<script type=\"application\/ld+json\" class=\"yoast-schema-graph\">{\"@context\":\"https:\\\/\\\/schema.org\",\"@graph\":[{\"@type\":\"Article\",\"@id\":\"https:\\\/\\\/mwc-cmm.org\\\/en\\\/stories\\\/the-miracle-of-unity\\\/#article\",\"isPartOf\":{\"@id\":\"https:\\\/\\\/mwc-cmm.org\\\/en\\\/stories\\\/the-miracle-of-unity\\\/\"},\"author\":{\"name\":\"mennworldcon\",\"@id\":\"https:\\\/\\\/mwc-cmm.org\\\/en\\\/#\\\/schema\\\/person\\\/11f6ae0d7d1868ba20a1cc27f067c836\"},\"headline\":\"El milagro de la unidad\",\"datePublished\":\"2016-10-26T00:00:00+00:00\",\"dateModified\":\"2024-12-10T18:00:20+00:00\",\"mainEntityOfPage\":{\"@id\":\"https:\\\/\\\/mwc-cmm.org\\\/en\\\/stories\\\/the-miracle-of-unity\\\/\"},\"wordCount\":618,\"publisher\":{\"@id\":\"https:\\\/\\\/mwc-cmm.org\\\/en\\\/#organization\"},\"image\":{\"@id\":\"https:\\\/\\\/mwc-cmm.org\\\/en\\\/stories\\\/the-miracle-of-unity\\\/#primaryimage\"},\"thumbnailUrl\":\"https:\\\/\\\/mwc-cmm.org\\\/wp-content\\\/uploads\\\/2024\\\/11\\\/cesar_3.jpg\",\"articleSection\":[\"Sin categorizar\"],\"inLanguage\":\"es\"},{\"@type\":\"WebPage\",\"@id\":\"https:\\\/\\\/mwc-cmm.org\\\/en\\\/stories\\\/the-miracle-of-unity\\\/\",\"url\":\"https:\\\/\\\/mwc-cmm.org\\\/en\\\/stories\\\/the-miracle-of-unity\\\/\",\"name\":\"El milagro de la unidad - Mennonite World Conference\",\"isPartOf\":{\"@id\":\"https:\\\/\\\/mwc-cmm.org\\\/en\\\/#website\"},\"primaryImageOfPage\":{\"@id\":\"https:\\\/\\\/mwc-cmm.org\\\/en\\\/stories\\\/the-miracle-of-unity\\\/#primaryimage\"},\"image\":{\"@id\":\"https:\\\/\\\/mwc-cmm.org\\\/en\\\/stories\\\/the-miracle-of-unity\\\/#primaryimage\"},\"thumbnailUrl\":\"https:\\\/\\\/mwc-cmm.org\\\/wp-content\\\/uploads\\\/2024\\\/11\\\/cesar_3.jpg\",\"datePublished\":\"2016-10-26T00:00:00+00:00\",\"dateModified\":\"2024-12-10T18:00:20+00:00\",\"breadcrumb\":{\"@id\":\"https:\\\/\\\/mwc-cmm.org\\\/en\\\/stories\\\/the-miracle-of-unity\\\/#breadcrumb\"},\"inLanguage\":\"es\",\"potentialAction\":[{\"@type\":\"ReadAction\",\"target\":[\"https:\\\/\\\/mwc-cmm.org\\\/en\\\/stories\\\/the-miracle-of-unity\\\/\"]}]},{\"@type\":\"ImageObject\",\"inLanguage\":\"es\",\"@id\":\"https:\\\/\\\/mwc-cmm.org\\\/en\\\/stories\\\/the-miracle-of-unity\\\/#primaryimage\",\"url\":\"https:\\\/\\\/mwc-cmm.org\\\/wp-content\\\/uploads\\\/2024\\\/11\\\/cesar_3.jpg\",\"contentUrl\":\"https:\\\/\\\/mwc-cmm.org\\\/wp-content\\\/uploads\\\/2024\\\/11\\\/cesar_3.jpg\",\"width\":2248,\"height\":1220},{\"@type\":\"BreadcrumbList\",\"@id\":\"https:\\\/\\\/mwc-cmm.org\\\/en\\\/stories\\\/the-miracle-of-unity\\\/#breadcrumb\",\"itemListElement\":[{\"@type\":\"ListItem\",\"position\":1,\"name\":\"Home\",\"item\":\"https:\\\/\\\/mwc-cmm.org\\\/es\\\/\"},{\"@type\":\"ListItem\",\"position\":2,\"name\":\"El milagro de la unidad\"}]},{\"@type\":\"WebSite\",\"@id\":\"https:\\\/\\\/mwc-cmm.org\\\/en\\\/#website\",\"url\":\"https:\\\/\\\/mwc-cmm.org\\\/en\\\/\",\"name\":\"Mennonite World Conference\",\"description\":\"A communion of Anabaptist-related churches\",\"publisher\":{\"@id\":\"https:\\\/\\\/mwc-cmm.org\\\/en\\\/#organization\"},\"alternateName\":\"MWC\",\"potentialAction\":[{\"@type\":\"SearchAction\",\"target\":{\"@type\":\"EntryPoint\",\"urlTemplate\":\"https:\\\/\\\/mwc-cmm.org\\\/en\\\/?s={search_term_string}\"},\"query-input\":{\"@type\":\"PropertyValueSpecification\",\"valueRequired\":true,\"valueName\":\"search_term_string\"}}],\"inLanguage\":\"es\"},{\"@type\":\"Organization\",\"@id\":\"https:\\\/\\\/mwc-cmm.org\\\/en\\\/#organization\",\"name\":\"Mennonite World Conference\",\"alternateName\":\"MWC\",\"url\":\"https:\\\/\\\/mwc-cmm.org\\\/en\\\/\",\"logo\":{\"@type\":\"ImageObject\",\"inLanguage\":\"es\",\"@id\":\"https:\\\/\\\/mwc-cmm.org\\\/en\\\/#\\\/schema\\\/logo\\\/image\\\/\",\"url\":\"https:\\\/\\\/mwc-cmm.org\\\/wp-content\\\/uploads\\\/2026\\\/01\\\/MWC_Sig_Blue_Horiz_webheader1-logo.svg\",\"contentUrl\":\"https:\\\/\\\/mwc-cmm.org\\\/wp-content\\\/uploads\\\/2026\\\/01\\\/MWC_Sig_Blue_Horiz_webheader1-logo.svg\",\"width\":786,\"height\":82,\"caption\":\"Mennonite World Conference\"},\"image\":{\"@id\":\"https:\\\/\\\/mwc-cmm.org\\\/en\\\/#\\\/schema\\\/logo\\\/image\\\/\"},\"sameAs\":[\"https:\\\/\\\/www.facebook.com\\\/MennoniteWorldConference\",\"https:\\\/\\\/www.linkedin.com\\\/company\\\/mennonite-world-conference-mwc\\\/\",\"https:\\\/\\\/www.instagram.com\\\/mwcmm\\\/\",\"https:\\\/\\\/www.youtube.com\\\/user\\\/mwccmm\",\"https:\\\/\\\/bsky.app\\\/profile\\\/mwcmm.bsky.social\"]},{\"@type\":\"Person\",\"@id\":\"https:\\\/\\\/mwc-cmm.org\\\/en\\\/#\\\/schema\\\/person\\\/11f6ae0d7d1868ba20a1cc27f067c836\",\"name\":\"mennworldcon\",\"image\":{\"@type\":\"ImageObject\",\"inLanguage\":\"es\",\"@id\":\"https:\\\/\\\/secure.gravatar.com\\\/avatar\\\/06fdc0dc81c157dfdb82ec42f252178a22307808988d22c043f9eb96f1e0fe80?s=96&d=mm&r=g\",\"url\":\"https:\\\/\\\/secure.gravatar.com\\\/avatar\\\/06fdc0dc81c157dfdb82ec42f252178a22307808988d22c043f9eb96f1e0fe80?s=96&d=mm&r=g\",\"contentUrl\":\"https:\\\/\\\/secure.gravatar.com\\\/avatar\\\/06fdc0dc81c157dfdb82ec42f252178a22307808988d22c043f9eb96f1e0fe80?s=96&d=mm&r=g\",\"caption\":\"mennworldcon\"},\"sameAs\":[\"https:\\\/\\\/mwc-cmm.org\"],\"url\":\"https:\\\/\\\/mwc-cmm.org\\\/es\\\/stories\\\/author\\\/mennworldcon\\\/\"}]}<\/script>\n<!-- \/ Yoast SEO plugin. -->","yoast_head_json":{"title":"El milagro de la unidad - Mennonite World Conference","robots":{"index":"index","follow":"follow","max-snippet":"max-snippet:-1","max-image-preview":"max-image-preview:large","max-video-preview":"max-video-preview:-1"},"canonical":"https:\/\/mwc-cmm.org\/en\/stories\/the-miracle-of-unity\/","og_locale":"es_ES","og_type":"article","og_title":"El milagro de la unidad - Mennonite World Conference","og_description":"\u00bfQu\u00e9 puede unir a diferentes pueblos o comunidades? Desde los tiempos de la Torre de Babel son muchos los m\u00e9todos que se han intentado. Tener una visi\u00f3n com\u00fan que invite a trabajar por un mismo prop\u00f3sito fue el m\u00e9todo que se intent\u00f3 en aquel relato b\u00edblico; y, como es bien sabido, dicho intento de unidad [&hellip;]","og_url":"https:\/\/mwc-cmm.org\/en\/stories\/the-miracle-of-unity\/","og_site_name":"Mennonite World Conference","article_publisher":"https:\/\/www.facebook.com\/MennoniteWorldConference","article_published_time":"2016-10-26T00:00:00+00:00","article_modified_time":"2024-12-10T18:00:20+00:00","og_image":[{"width":2248,"height":1220,"url":"https:\/\/mwc-cmm.org\/wp-content\/uploads\/2024\/11\/cesar_3.jpg","type":"image\/jpeg"}],"author":"mennworldcon","schema":{"@context":"https:\/\/schema.org","@graph":[{"@type":"Article","@id":"https:\/\/mwc-cmm.org\/en\/stories\/the-miracle-of-unity\/#article","isPartOf":{"@id":"https:\/\/mwc-cmm.org\/en\/stories\/the-miracle-of-unity\/"},"author":{"name":"mennworldcon","@id":"https:\/\/mwc-cmm.org\/en\/#\/schema\/person\/11f6ae0d7d1868ba20a1cc27f067c836"},"headline":"El milagro de la unidad","datePublished":"2016-10-26T00:00:00+00:00","dateModified":"2024-12-10T18:00:20+00:00","mainEntityOfPage":{"@id":"https:\/\/mwc-cmm.org\/en\/stories\/the-miracle-of-unity\/"},"wordCount":618,"publisher":{"@id":"https:\/\/mwc-cmm.org\/en\/#organization"},"image":{"@id":"https:\/\/mwc-cmm.org\/en\/stories\/the-miracle-of-unity\/#primaryimage"},"thumbnailUrl":"https:\/\/mwc-cmm.org\/wp-content\/uploads\/2024\/11\/cesar_3.jpg","articleSection":["Sin categorizar"],"inLanguage":"es"},{"@type":"WebPage","@id":"https:\/\/mwc-cmm.org\/en\/stories\/the-miracle-of-unity\/","url":"https:\/\/mwc-cmm.org\/en\/stories\/the-miracle-of-unity\/","name":"El milagro de la unidad - Mennonite World Conference","isPartOf":{"@id":"https:\/\/mwc-cmm.org\/en\/#website"},"primaryImageOfPage":{"@id":"https:\/\/mwc-cmm.org\/en\/stories\/the-miracle-of-unity\/#primaryimage"},"image":{"@id":"https:\/\/mwc-cmm.org\/en\/stories\/the-miracle-of-unity\/#primaryimage"},"thumbnailUrl":"https:\/\/mwc-cmm.org\/wp-content\/uploads\/2024\/11\/cesar_3.jpg","datePublished":"2016-10-26T00:00:00+00:00","dateModified":"2024-12-10T18:00:20+00:00","breadcrumb":{"@id":"https:\/\/mwc-cmm.org\/en\/stories\/the-miracle-of-unity\/#breadcrumb"},"inLanguage":"es","potentialAction":[{"@type":"ReadAction","target":["https:\/\/mwc-cmm.org\/en\/stories\/the-miracle-of-unity\/"]}]},{"@type":"ImageObject","inLanguage":"es","@id":"https:\/\/mwc-cmm.org\/en\/stories\/the-miracle-of-unity\/#primaryimage","url":"https:\/\/mwc-cmm.org\/wp-content\/uploads\/2024\/11\/cesar_3.jpg","contentUrl":"https:\/\/mwc-cmm.org\/wp-content\/uploads\/2024\/11\/cesar_3.jpg","width":2248,"height":1220},{"@type":"BreadcrumbList","@id":"https:\/\/mwc-cmm.org\/en\/stories\/the-miracle-of-unity\/#breadcrumb","itemListElement":[{"@type":"ListItem","position":1,"name":"Home","item":"https:\/\/mwc-cmm.org\/es\/"},{"@type":"ListItem","position":2,"name":"El milagro de la unidad"}]},{"@type":"WebSite","@id":"https:\/\/mwc-cmm.org\/en\/#website","url":"https:\/\/mwc-cmm.org\/en\/","name":"Mennonite World Conference","description":"A communion of Anabaptist-related churches","publisher":{"@id":"https:\/\/mwc-cmm.org\/en\/#organization"},"alternateName":"MWC","potentialAction":[{"@type":"SearchAction","target":{"@type":"EntryPoint","urlTemplate":"https:\/\/mwc-cmm.org\/en\/?s={search_term_string}"},"query-input":{"@type":"PropertyValueSpecification","valueRequired":true,"valueName":"search_term_string"}}],"inLanguage":"es"},{"@type":"Organization","@id":"https:\/\/mwc-cmm.org\/en\/#organization","name":"Mennonite World Conference","alternateName":"MWC","url":"https:\/\/mwc-cmm.org\/en\/","logo":{"@type":"ImageObject","inLanguage":"es","@id":"https:\/\/mwc-cmm.org\/en\/#\/schema\/logo\/image\/","url":"https:\/\/mwc-cmm.org\/wp-content\/uploads\/2026\/01\/MWC_Sig_Blue_Horiz_webheader1-logo.svg","contentUrl":"https:\/\/mwc-cmm.org\/wp-content\/uploads\/2026\/01\/MWC_Sig_Blue_Horiz_webheader1-logo.svg","width":786,"height":82,"caption":"Mennonite World Conference"},"image":{"@id":"https:\/\/mwc-cmm.org\/en\/#\/schema\/logo\/image\/"},"sameAs":["https:\/\/www.facebook.com\/MennoniteWorldConference","https:\/\/www.linkedin.com\/company\/mennonite-world-conference-mwc\/","https:\/\/www.instagram.com\/mwcmm\/","https:\/\/www.youtube.com\/user\/mwccmm","https:\/\/bsky.app\/profile\/mwcmm.bsky.social"]},{"@type":"Person","@id":"https:\/\/mwc-cmm.org\/en\/#\/schema\/person\/11f6ae0d7d1868ba20a1cc27f067c836","name":"mennworldcon","image":{"@type":"ImageObject","inLanguage":"es","@id":"https:\/\/secure.gravatar.com\/avatar\/06fdc0dc81c157dfdb82ec42f252178a22307808988d22c043f9eb96f1e0fe80?s=96&d=mm&r=g","url":"https:\/\/secure.gravatar.com\/avatar\/06fdc0dc81c157dfdb82ec42f252178a22307808988d22c043f9eb96f1e0fe80?s=96&d=mm&r=g","contentUrl":"https:\/\/secure.gravatar.com\/avatar\/06fdc0dc81c157dfdb82ec42f252178a22307808988d22c043f9eb96f1e0fe80?s=96&d=mm&r=g","caption":"mennworldcon"},"sameAs":["https:\/\/mwc-cmm.org"],"url":"https:\/\/mwc-cmm.org\/es\/stories\/author\/mennworldcon\/"}]}},"_links":{"self":[{"href":"https:\/\/mwc-cmm.org\/es\/wp-json\/wp\/v2\/posts\/8663","targetHints":{"allow":["GET"]}}],"collection":[{"href":"https:\/\/mwc-cmm.org\/es\/wp-json\/wp\/v2\/posts"}],"about":[{"href":"https:\/\/mwc-cmm.org\/es\/wp-json\/wp\/v2\/types\/post"}],"author":[{"embeddable":true,"href":"https:\/\/mwc-cmm.org\/es\/wp-json\/wp\/v2\/users\/1"}],"replies":[{"embeddable":true,"href":"https:\/\/mwc-cmm.org\/es\/wp-json\/wp\/v2\/comments?post=8663"}],"version-history":[{"count":0,"href":"https:\/\/mwc-cmm.org\/es\/wp-json\/wp\/v2\/posts\/8663\/revisions"}],"wp:featuredmedia":[{"embeddable":true,"href":"https:\/\/mwc-cmm.org\/es\/wp-json\/wp\/v2\/media\/88258"}],"wp:attachment":[{"href":"https:\/\/mwc-cmm.org\/es\/wp-json\/wp\/v2\/media?parent=8663"}],"wp:term":[{"taxonomy":"category","embeddable":true,"href":"https:\/\/mwc-cmm.org\/es\/wp-json\/wp\/v2\/categories?post=8663"},{"taxonomy":"post_tag","embeddable":true,"href":"https:\/\/mwc-cmm.org\/es\/wp-json\/wp\/v2\/tags?post=8663"},{"taxonomy":"network","embeddable":true,"href":"https:\/\/mwc-cmm.org\/es\/wp-json\/wp\/v2\/network?post=8663"},{"taxonomy":"eventcategory","embeddable":true,"href":"https:\/\/mwc-cmm.org\/es\/wp-json\/wp\/v2\/eventcategory?post=8663"}],"curies":[{"name":"wp","href":"https:\/\/api.w.org\/{rel}","templated":true}]}}