{"id":8660,"date":"2017-01-26T00:00:00","date_gmt":"2017-01-26T00:00:00","guid":{"rendered":"https:\/\/mwc-cmm.org\/my-spiritual-journey-3\/"},"modified":"2024-12-10T18:00:17","modified_gmt":"2024-12-10T18:00:17","slug":"my-spiritual-journey-3","status":"publish","type":"post","link":"https:\/\/mwc-cmm.org\/es\/stories\/my-spiritual-journey-3\/","title":{"rendered":"Mi camino espiritual"},"content":{"rendered":"<p><strong>Testimonio de la primera mujer en ser ordenada para un ministerio de tiempo completo en las Iglesias de los Hermanos en Cristo del Sur de \u00c1frica.<\/strong><\/p>\n<p>Mi nombre es Jessie Francis Kamoto. Nac\u00ed el 20 de noviembre de 1975 en una familia cristiana, miembros de la iglesia Presbiteriana de \u00c1frica Central (CCAP por su sigla en ingl\u00e9s). Me cas\u00e9 en 1993 con el Reverendo Francis Kamoto. Dios nos ha bendecido con tres hijos: Memory (22 a\u00f1os), Vincent (18 a\u00f1os) y Nancy (8 a\u00f1os).<\/p>\n<p>Me dediqu\u00e9 a amar y trabajar para el Se\u00f1or. Por causa del desempe\u00f1o que estaba mostrando, el l\u00edder de los maestros de escuela dominical recomend\u00f3 que yo iniciara el entrenamiento. Me convert\u00ed en maestra de escuela dominical.<\/p>\n<p>Sin embargo, mi vida no estuvo rendida completamente al Se\u00f1or hasta 1995. Mi esposo y yo fuimos a un encuentro con nuestros hermanos y hermanas de la Iglesia de los Hermanos en Cristo en el municipio de Ndirande, en donde el predicador predic\u00f3 sobre Romanos 12:9-21. El mensaje, \u201cEl amor debe ser sincero\u201d, toc\u00f3 mi coraz\u00f3n. Me pregunt\u00e9 si: \u00bfpracticaba la hospitalidad? \u00bfViv\u00eda en armon\u00eda con todo el mundo? \u00bfTen\u00eda un coraz\u00f3n perdonador? Le entregu\u00e9 mi vida por completo al Se\u00f1or ese d\u00eda y fui bautizada ese mismo a\u00f1o.<\/p>\n<p>Mi pasi\u00f3n por servir al Se\u00f1or increment\u00f3, lo cual fue reconocido por algunos l\u00edderes de la iglesia. Un d\u00eda, me pidieron que compartiera la Palabra de Dios en la iglesia. Yo nunca hab\u00eda predicado antes, pero le agradezco a Dios por darme la valent\u00eda para compartir. Me di cuenta de la importancia de conocer la Biblia bien para entregar buenos mensajes.<\/p>\n<p>Por la gracia de Dios, tuve el privilegio de unirme al Instituto B\u00edblico Evang\u00e9lico de Malawi como estudiante entre el 2001 y el 2003.<\/p>\n<p>En 2003, los l\u00edderes eclesiales se dieron cuenta de que las mujeres estaban inactivas y necesitaban mayor conocimiento. Los directivos eligieron mi nombre para liderar el ministerio de mujeres. Durante mi tiempo en este cargo (2003-2015), mi esposo y mis hijos me apoyaron y me animaron, especialmente cuando surgieron retos en el ministerio.<\/p>\n<p>El liderazgo de la Iglesia de los Hermanos en Cristo me orden\u00f3 como ministra licenciada en 2010 y me asign\u00f3 para ser pastora asociada junto con mi esposo en la Iglesia de los Hermanos en Cristo de Ndirande en Blantyre.<\/p>\n<p>Me siento triste cuando veo a mucha gente que necesita a Cristo. Este es mi motor en el ministerio: el ver m\u00e1s gente que conoce a Cristo como Se\u00f1or y Salvador de sus vidas.<\/p>\n<p>Hay muchas \u00e1reas en las que disfruto sirviendo al Se\u00f1or, entre las cuales esta predicar y aconsejar. No siempre es f\u00e1cil, pero con la ayuda de Dios, realizo esas tareas y la gente aprecia el consejo.<\/p>\n<p>Le agradezco a Dios porque soy la primera mujer en ser ordenada en la historia de la Iglesia de los Hermanos en Cristo en Malawi; es un honor para mi familia, la iglesia, e incluso para m\u00ed. Con esta nueva posici\u00f3n, podr\u00e9 servir al Se\u00f1or al m\u00e1ximo. Es mi oraci\u00f3n que Dios me ayude a servirle de acuerdo a su voluntad.<\/p>\n<p>Espero que esto anime a las mujeres a trabajar fuertemente, a aprender y a asistir a la escuela b\u00edblica. Mi s\u00faplica para el liderazgo de la iglesia es que creen m\u00e1s oportunidades para que las mujeres aprendan la palabra de Dios.<\/p>\n<p>Tambi\u00e9n, como la esposa del nuevo obispo, tengo la oportunidad de viajar con \u00e9l, conociendo a la gente y atendiendo las necesidades. En nuestro servicio para el Se\u00f1or, aspiraremos a conocer mejor la Palabra de Dios, a orar y a discutir las problem\u00e1ticas juntos.<\/p>\n<p>Quiero llegar a las personas de edad avanzada y a los hu\u00e9rfanos. Este grupo de personas necesita experimentar el amor de Dios mientras que nosotros llenamos sus necesidades tanto f\u00edsicas como espirituales. Mi oraci\u00f3n es que un d\u00eda Dios me provea los recursos que me permitan poder llegar a estas personas.<\/p>\n<p>Finalmente, quiero agradecerle a Dios por sus misericordias y posibilidades mientras le sirvo. Necesito sus oraciones para lograr esta tarea satisfactoriamente.<\/p>\n<p><em>\u2014Jessie F. Kamoto est\u00e1 ordenada para servir en las Iglesias de los Hermanos en Cristo en Malawi. Ella sirve junto con su esposo quien es un obispo.<\/em><\/p>\n","protected":false},"excerpt":{"rendered":"<p>NULL<\/p>\n","protected":false},"author":1,"featured_media":0,"comment_status":"closed","ping_status":"closed","sticky":false,"template":"","format":"standard","meta":{"_acf_changed":false,"footnotes":""},"categories":[6],"tags":[],"network":[],"eventcategory":[],"class_list":["post-8660","post","type-post","status-publish","format-standard","hentry","category-sin-categorizar"],"acf":[],"yoast_head":"<!-- This site is optimized with the Yoast SEO plugin v27.5 - https:\/\/yoast.com\/product\/yoast-seo-wordpress\/ -->\n<title>Mi camino espiritual - Mennonite World Conference<\/title>\n<meta name=\"robots\" content=\"index, follow, max-snippet:-1, max-image-preview:large, max-video-preview:-1\" \/>\n<link rel=\"canonical\" href=\"https:\/\/mwc-cmm.org\/en\/stories\/my-spiritual-journey\/\" \/>\n<meta property=\"og:locale\" content=\"es_ES\" \/>\n<meta property=\"og:type\" content=\"article\" \/>\n<meta property=\"og:title\" content=\"Mi camino espiritual - Mennonite World Conference\" \/>\n<meta property=\"og:description\" content=\"NULL\" \/>\n<meta property=\"og:url\" content=\"https:\/\/mwc-cmm.org\/en\/stories\/my-spiritual-journey\/\" \/>\n<meta property=\"og:site_name\" content=\"Mennonite World Conference\" \/>\n<meta property=\"article:publisher\" content=\"https:\/\/www.facebook.com\/MennoniteWorldConference\" \/>\n<meta property=\"article:published_time\" content=\"2017-01-26T00:00:00+00:00\" \/>\n<meta property=\"article:modified_time\" content=\"2024-12-10T18:00:17+00:00\" \/>\n<meta name=\"author\" content=\"mennworldcon\" \/>\n<script type=\"application\/ld+json\" class=\"yoast-schema-graph\">{\"@context\":\"https:\\\/\\\/schema.org\",\"@graph\":[{\"@type\":\"Article\",\"@id\":\"https:\\\/\\\/mwc-cmm.org\\\/en\\\/stories\\\/my-spiritual-journey\\\/#article\",\"isPartOf\":{\"@id\":\"https:\\\/\\\/mwc-cmm.org\\\/en\\\/stories\\\/my-spiritual-journey\\\/\"},\"author\":{\"name\":\"mennworldcon\",\"@id\":\"https:\\\/\\\/mwc-cmm.org\\\/en\\\/#\\\/schema\\\/person\\\/11f6ae0d7d1868ba20a1cc27f067c836\"},\"headline\":\"Mi camino espiritual\",\"datePublished\":\"2017-01-26T00:00:00+00:00\",\"dateModified\":\"2024-12-10T18:00:17+00:00\",\"mainEntityOfPage\":{\"@id\":\"https:\\\/\\\/mwc-cmm.org\\\/en\\\/stories\\\/my-spiritual-journey\\\/\"},\"wordCount\":737,\"publisher\":{\"@id\":\"https:\\\/\\\/mwc-cmm.org\\\/en\\\/#organization\"},\"articleSection\":[\"Sin categorizar\"],\"inLanguage\":\"es\"},{\"@type\":\"WebPage\",\"@id\":\"https:\\\/\\\/mwc-cmm.org\\\/en\\\/stories\\\/my-spiritual-journey\\\/\",\"url\":\"https:\\\/\\\/mwc-cmm.org\\\/en\\\/stories\\\/my-spiritual-journey\\\/\",\"name\":\"Mi camino espiritual - Mennonite World Conference\",\"isPartOf\":{\"@id\":\"https:\\\/\\\/mwc-cmm.org\\\/en\\\/#website\"},\"datePublished\":\"2017-01-26T00:00:00+00:00\",\"dateModified\":\"2024-12-10T18:00:17+00:00\",\"breadcrumb\":{\"@id\":\"https:\\\/\\\/mwc-cmm.org\\\/en\\\/stories\\\/my-spiritual-journey\\\/#breadcrumb\"},\"inLanguage\":\"es\",\"potentialAction\":[{\"@type\":\"ReadAction\",\"target\":[\"https:\\\/\\\/mwc-cmm.org\\\/en\\\/stories\\\/my-spiritual-journey\\\/\"]}]},{\"@type\":\"BreadcrumbList\",\"@id\":\"https:\\\/\\\/mwc-cmm.org\\\/en\\\/stories\\\/my-spiritual-journey\\\/#breadcrumb\",\"itemListElement\":[{\"@type\":\"ListItem\",\"position\":1,\"name\":\"Home\",\"item\":\"https:\\\/\\\/mwc-cmm.org\\\/es\\\/\"},{\"@type\":\"ListItem\",\"position\":2,\"name\":\"Mi camino espiritual\"}]},{\"@type\":\"WebSite\",\"@id\":\"https:\\\/\\\/mwc-cmm.org\\\/en\\\/#website\",\"url\":\"https:\\\/\\\/mwc-cmm.org\\\/en\\\/\",\"name\":\"Mennonite World Conference\",\"description\":\"A communion of Anabaptist-related churches\",\"publisher\":{\"@id\":\"https:\\\/\\\/mwc-cmm.org\\\/en\\\/#organization\"},\"alternateName\":\"MWC\",\"potentialAction\":[{\"@type\":\"SearchAction\",\"target\":{\"@type\":\"EntryPoint\",\"urlTemplate\":\"https:\\\/\\\/mwc-cmm.org\\\/en\\\/?s={search_term_string}\"},\"query-input\":{\"@type\":\"PropertyValueSpecification\",\"valueRequired\":true,\"valueName\":\"search_term_string\"}}],\"inLanguage\":\"es\"},{\"@type\":\"Organization\",\"@id\":\"https:\\\/\\\/mwc-cmm.org\\\/en\\\/#organization\",\"name\":\"Mennonite World Conference\",\"alternateName\":\"MWC\",\"url\":\"https:\\\/\\\/mwc-cmm.org\\\/en\\\/\",\"logo\":{\"@type\":\"ImageObject\",\"inLanguage\":\"es\",\"@id\":\"https:\\\/\\\/mwc-cmm.org\\\/en\\\/#\\\/schema\\\/logo\\\/image\\\/\",\"url\":\"https:\\\/\\\/mwc-cmm.org\\\/wp-content\\\/uploads\\\/2026\\\/01\\\/MWC_Sig_Blue_Horiz_webheader1-logo.svg\",\"contentUrl\":\"https:\\\/\\\/mwc-cmm.org\\\/wp-content\\\/uploads\\\/2026\\\/01\\\/MWC_Sig_Blue_Horiz_webheader1-logo.svg\",\"width\":786,\"height\":82,\"caption\":\"Mennonite World Conference\"},\"image\":{\"@id\":\"https:\\\/\\\/mwc-cmm.org\\\/en\\\/#\\\/schema\\\/logo\\\/image\\\/\"},\"sameAs\":[\"https:\\\/\\\/www.facebook.com\\\/MennoniteWorldConference\",\"https:\\\/\\\/www.linkedin.com\\\/company\\\/mennonite-world-conference-mwc\\\/\",\"https:\\\/\\\/www.instagram.com\\\/mwcmm\\\/\",\"https:\\\/\\\/www.youtube.com\\\/user\\\/mwccmm\",\"https:\\\/\\\/bsky.app\\\/profile\\\/mwcmm.bsky.social\"]},{\"@type\":\"Person\",\"@id\":\"https:\\\/\\\/mwc-cmm.org\\\/en\\\/#\\\/schema\\\/person\\\/11f6ae0d7d1868ba20a1cc27f067c836\",\"name\":\"mennworldcon\",\"image\":{\"@type\":\"ImageObject\",\"inLanguage\":\"es\",\"@id\":\"https:\\\/\\\/secure.gravatar.com\\\/avatar\\\/06fdc0dc81c157dfdb82ec42f252178a22307808988d22c043f9eb96f1e0fe80?s=96&d=mm&r=g\",\"url\":\"https:\\\/\\\/secure.gravatar.com\\\/avatar\\\/06fdc0dc81c157dfdb82ec42f252178a22307808988d22c043f9eb96f1e0fe80?s=96&d=mm&r=g\",\"contentUrl\":\"https:\\\/\\\/secure.gravatar.com\\\/avatar\\\/06fdc0dc81c157dfdb82ec42f252178a22307808988d22c043f9eb96f1e0fe80?s=96&d=mm&r=g\",\"caption\":\"mennworldcon\"},\"sameAs\":[\"https:\\\/\\\/mwc-cmm.org\"],\"url\":\"https:\\\/\\\/mwc-cmm.org\\\/es\\\/stories\\\/author\\\/mennworldcon\\\/\"}]}<\/script>\n<!-- \/ Yoast SEO plugin. -->","yoast_head_json":{"title":"Mi camino espiritual - Mennonite World Conference","robots":{"index":"index","follow":"follow","max-snippet":"max-snippet:-1","max-image-preview":"max-image-preview:large","max-video-preview":"max-video-preview:-1"},"canonical":"https:\/\/mwc-cmm.org\/en\/stories\/my-spiritual-journey\/","og_locale":"es_ES","og_type":"article","og_title":"Mi camino espiritual - Mennonite World Conference","og_description":"NULL","og_url":"https:\/\/mwc-cmm.org\/en\/stories\/my-spiritual-journey\/","og_site_name":"Mennonite World Conference","article_publisher":"https:\/\/www.facebook.com\/MennoniteWorldConference","article_published_time":"2017-01-26T00:00:00+00:00","article_modified_time":"2024-12-10T18:00:17+00:00","author":"mennworldcon","schema":{"@context":"https:\/\/schema.org","@graph":[{"@type":"Article","@id":"https:\/\/mwc-cmm.org\/en\/stories\/my-spiritual-journey\/#article","isPartOf":{"@id":"https:\/\/mwc-cmm.org\/en\/stories\/my-spiritual-journey\/"},"author":{"name":"mennworldcon","@id":"https:\/\/mwc-cmm.org\/en\/#\/schema\/person\/11f6ae0d7d1868ba20a1cc27f067c836"},"headline":"Mi camino espiritual","datePublished":"2017-01-26T00:00:00+00:00","dateModified":"2024-12-10T18:00:17+00:00","mainEntityOfPage":{"@id":"https:\/\/mwc-cmm.org\/en\/stories\/my-spiritual-journey\/"},"wordCount":737,"publisher":{"@id":"https:\/\/mwc-cmm.org\/en\/#organization"},"articleSection":["Sin categorizar"],"inLanguage":"es"},{"@type":"WebPage","@id":"https:\/\/mwc-cmm.org\/en\/stories\/my-spiritual-journey\/","url":"https:\/\/mwc-cmm.org\/en\/stories\/my-spiritual-journey\/","name":"Mi camino espiritual - Mennonite World Conference","isPartOf":{"@id":"https:\/\/mwc-cmm.org\/en\/#website"},"datePublished":"2017-01-26T00:00:00+00:00","dateModified":"2024-12-10T18:00:17+00:00","breadcrumb":{"@id":"https:\/\/mwc-cmm.org\/en\/stories\/my-spiritual-journey\/#breadcrumb"},"inLanguage":"es","potentialAction":[{"@type":"ReadAction","target":["https:\/\/mwc-cmm.org\/en\/stories\/my-spiritual-journey\/"]}]},{"@type":"BreadcrumbList","@id":"https:\/\/mwc-cmm.org\/en\/stories\/my-spiritual-journey\/#breadcrumb","itemListElement":[{"@type":"ListItem","position":1,"name":"Home","item":"https:\/\/mwc-cmm.org\/es\/"},{"@type":"ListItem","position":2,"name":"Mi camino espiritual"}]},{"@type":"WebSite","@id":"https:\/\/mwc-cmm.org\/en\/#website","url":"https:\/\/mwc-cmm.org\/en\/","name":"Mennonite World Conference","description":"A communion of Anabaptist-related churches","publisher":{"@id":"https:\/\/mwc-cmm.org\/en\/#organization"},"alternateName":"MWC","potentialAction":[{"@type":"SearchAction","target":{"@type":"EntryPoint","urlTemplate":"https:\/\/mwc-cmm.org\/en\/?s={search_term_string}"},"query-input":{"@type":"PropertyValueSpecification","valueRequired":true,"valueName":"search_term_string"}}],"inLanguage":"es"},{"@type":"Organization","@id":"https:\/\/mwc-cmm.org\/en\/#organization","name":"Mennonite World Conference","alternateName":"MWC","url":"https:\/\/mwc-cmm.org\/en\/","logo":{"@type":"ImageObject","inLanguage":"es","@id":"https:\/\/mwc-cmm.org\/en\/#\/schema\/logo\/image\/","url":"https:\/\/mwc-cmm.org\/wp-content\/uploads\/2026\/01\/MWC_Sig_Blue_Horiz_webheader1-logo.svg","contentUrl":"https:\/\/mwc-cmm.org\/wp-content\/uploads\/2026\/01\/MWC_Sig_Blue_Horiz_webheader1-logo.svg","width":786,"height":82,"caption":"Mennonite World Conference"},"image":{"@id":"https:\/\/mwc-cmm.org\/en\/#\/schema\/logo\/image\/"},"sameAs":["https:\/\/www.facebook.com\/MennoniteWorldConference","https:\/\/www.linkedin.com\/company\/mennonite-world-conference-mwc\/","https:\/\/www.instagram.com\/mwcmm\/","https:\/\/www.youtube.com\/user\/mwccmm","https:\/\/bsky.app\/profile\/mwcmm.bsky.social"]},{"@type":"Person","@id":"https:\/\/mwc-cmm.org\/en\/#\/schema\/person\/11f6ae0d7d1868ba20a1cc27f067c836","name":"mennworldcon","image":{"@type":"ImageObject","inLanguage":"es","@id":"https:\/\/secure.gravatar.com\/avatar\/06fdc0dc81c157dfdb82ec42f252178a22307808988d22c043f9eb96f1e0fe80?s=96&d=mm&r=g","url":"https:\/\/secure.gravatar.com\/avatar\/06fdc0dc81c157dfdb82ec42f252178a22307808988d22c043f9eb96f1e0fe80?s=96&d=mm&r=g","contentUrl":"https:\/\/secure.gravatar.com\/avatar\/06fdc0dc81c157dfdb82ec42f252178a22307808988d22c043f9eb96f1e0fe80?s=96&d=mm&r=g","caption":"mennworldcon"},"sameAs":["https:\/\/mwc-cmm.org"],"url":"https:\/\/mwc-cmm.org\/es\/stories\/author\/mennworldcon\/"}]}},"_links":{"self":[{"href":"https:\/\/mwc-cmm.org\/es\/wp-json\/wp\/v2\/posts\/8660","targetHints":{"allow":["GET"]}}],"collection":[{"href":"https:\/\/mwc-cmm.org\/es\/wp-json\/wp\/v2\/posts"}],"about":[{"href":"https:\/\/mwc-cmm.org\/es\/wp-json\/wp\/v2\/types\/post"}],"author":[{"embeddable":true,"href":"https:\/\/mwc-cmm.org\/es\/wp-json\/wp\/v2\/users\/1"}],"replies":[{"embeddable":true,"href":"https:\/\/mwc-cmm.org\/es\/wp-json\/wp\/v2\/comments?post=8660"}],"version-history":[{"count":0,"href":"https:\/\/mwc-cmm.org\/es\/wp-json\/wp\/v2\/posts\/8660\/revisions"}],"wp:attachment":[{"href":"https:\/\/mwc-cmm.org\/es\/wp-json\/wp\/v2\/media?parent=8660"}],"wp:term":[{"taxonomy":"category","embeddable":true,"href":"https:\/\/mwc-cmm.org\/es\/wp-json\/wp\/v2\/categories?post=8660"},{"taxonomy":"post_tag","embeddable":true,"href":"https:\/\/mwc-cmm.org\/es\/wp-json\/wp\/v2\/tags?post=8660"},{"taxonomy":"network","embeddable":true,"href":"https:\/\/mwc-cmm.org\/es\/wp-json\/wp\/v2\/network?post=8660"},{"taxonomy":"eventcategory","embeddable":true,"href":"https:\/\/mwc-cmm.org\/es\/wp-json\/wp\/v2\/eventcategory?post=8660"}],"curies":[{"name":"wp","href":"https:\/\/api.w.org\/{rel}","templated":true}]}}