{"id":8654,"date":"2016-09-13T00:00:00","date_gmt":"2016-09-13T00:00:00","guid":{"rendered":"https:\/\/mwc-cmm.org\/first-woman-to-direct-congo-bible-school-3\/"},"modified":"2024-12-10T18:00:14","modified_gmt":"2024-12-10T18:00:14","slug":"first-woman-to-direct-congo-bible-school-3","status":"publish","type":"post","link":"https:\/\/mwc-cmm.org\/es\/stories\/first-woman-to-direct-congo-bible-school-3\/","title":{"rendered":"Primera mujer en dirigir un instituto b\u00edblico en el Congo"},"content":{"rendered":"<p>Elkhart, Indiana, EE.UU. \u2013 Se ve el fuego del Esp\u00edritu Santo destellando en los ojos de Bercy Mundedi. Este fuego enciende el ministerio para el cual ha sido llamada \u2013 el m\u00e1s reciente ha sido dirigir el Instituto B\u00edblico Kalonda en la Rep\u00fablica Democr\u00e1tica del Congo.<\/p>\n<p>Mundedi fue nombrada directora durante la asamblea general de la Communaut\u00e9 Mennonite au Congo (Iglesia Menonita del Congo) que se realiz\u00f3 del 29 de junio al 3 de julio de 2016 y que se lleva a cabo cada dos a\u00f1os. El instituto, ubicado a tres millas de la sede de la denominaci\u00f3n en Tshikapa, es uno de los centros principales donde los pastores menonitas reciben entrenamiento en ese pa\u00eds. Hay 36 estudiantes matriculados en Kalonda, de los cuales ocho son mujeres.<\/p>\n<p>\u201cLa Reverenda Pastora Mundedi es una mujer de fuertes cualidades espirituales, morales e intelectuales,\u201d dijo Adolphe Komuesa Kalunga, presidente nacional de la Iglesia Menonita del Congo. \u201cElla ha demostrado su compromiso personal con Jesucristo y su devoci\u00f3n al ministerio pastoral. La hemos visto dispuesta a responder con entusiasmo a cualquier ministerio que la iglesia le solicite.\u201d<\/p>\n<p>Mundedi conoce muy bien el Instituto B\u00edblico Kalonda ya que ense\u00f1\u00f3 all\u00ed por 10 a\u00f1os. Ella fue una de las primeras tres mujeres de la Iglesia Menonita del Congo en ser ordenada en el a\u00f1o 2013 y se regocija al ver los avances de la obra que Dios est\u00e1 realizando en su denominaci\u00f3n.<\/p>\n<p>\u201cEstoy desbordando de gozo,\u201d dijo Mundedi justo antes de su instalaci\u00f3n como directora del Instituto B\u00edblico Kalonda. Describi\u00f3 su visi\u00f3n para este ministerio de entrenamiento de l\u00edderes de iglesias como algo que lleve a la transformaci\u00f3n  de la persona en su totalidad.<\/p>\n<p>\u201cQuiero promover un liderazgo santo en nuestras iglesias,\u201d dijo Mundedi. \u201cTambi\u00e9n quiero servir de inspiraci\u00f3n a otras mujeres y chicas para que usen sus dones en las iglesias, que sepan que los dones que el Esp\u00edritu Santo les da son para ser utilizados en la edificaci\u00f3n de la iglesia.\u201d<\/p>\n<p>Cuando Mundedi ten\u00eda 14 a\u00f1os ya estaba predic\u00e1ndoles a sus compa\u00f1eros de clase. Las mujeres mayores notaron su comprensi\u00f3n espiritual y la animaron a seguir estudios teol\u00f3gicos. Mundedi dijo que nunca habr\u00eda tomado esa decisi\u00f3n de no haber sido por esa influencia  porque, en aquel entonces, las mujeres no pod\u00edan ense\u00f1ar ni predicar en la iglesia.<\/p>\n<p>En 1996, despu\u00e9s de completar sus estudios de teolog\u00eda en Kinshasa, Mundedi regres\u00f3 a su aldea a ense\u00f1ar. Sus dones llamaron la atenci\u00f3n de los l\u00edderes nacionales menonitas y la contrataron como profesora en el Instituto B\u00edblico Kalonda. La iron\u00eda era clara: a pesar de que las normas de la iglesia no permit\u00edan que Mundedi fuera pastora, la invitaron a entrenar pastores.<\/p>\n<p>Rod Hollinger-Janzen, coordinador ejecutivo de la Misi\u00f3n Inter Menonita de \u00c1frica, dijo que Mundedi es la primera mujer en dirigir una instituci\u00f3n de la Iglesia Menonita de la Rep\u00fablica Democr\u00e1tica del Congo desde que Elvina Martens, una doctora misionera de Am\u00e9rica del Norte, supervis\u00f3 la labor m\u00e9dica de la denominaci\u00f3n en los a\u00f1os 60.<\/p>\n<p><em>\u2014<\/em><em>Lynda Hollinger-Janzen, Misi\u00f3n Inter Menonita de \u00c1frica y Misiones Menonitas del Este<\/em><\/p>\n","protected":false},"excerpt":{"rendered":"<p>NULL<\/p>\n","protected":false},"author":1,"featured_media":88174,"comment_status":"closed","ping_status":"closed","sticky":false,"template":"","format":"standard","meta":{"_acf_changed":false,"footnotes":""},"categories":[6],"tags":[],"network":[],"eventcategory":[],"class_list":["post-8654","post","type-post","status-publish","format-standard","has-post-thumbnail","hentry","category-sin-categorizar"],"acf":[],"yoast_head":"<!-- This site is optimized with the Yoast SEO plugin v27.5 - https:\/\/yoast.com\/product\/yoast-seo-wordpress\/ -->\n<title>Primera mujer en dirigir un instituto b\u00edblico en el Congo - Mennonite World Conference<\/title>\n<meta name=\"robots\" content=\"index, follow, max-snippet:-1, max-image-preview:large, max-video-preview:-1\" \/>\n<link rel=\"canonical\" href=\"https:\/\/mwc-cmm.org\/en\/stories\/first-woman-direct-congo-bible-school\/\" \/>\n<meta property=\"og:locale\" content=\"es_ES\" \/>\n<meta property=\"og:type\" content=\"article\" \/>\n<meta property=\"og:title\" content=\"Primera mujer en dirigir un instituto b\u00edblico en el Congo - Mennonite World Conference\" \/>\n<meta property=\"og:description\" content=\"NULL\" \/>\n<meta property=\"og:url\" content=\"https:\/\/mwc-cmm.org\/en\/stories\/first-woman-direct-congo-bible-school\/\" \/>\n<meta property=\"og:site_name\" content=\"Mennonite World Conference\" \/>\n<meta property=\"article:publisher\" content=\"https:\/\/www.facebook.com\/MennoniteWorldConference\" \/>\n<meta property=\"article:published_time\" content=\"2016-09-13T00:00:00+00:00\" \/>\n<meta property=\"article:modified_time\" content=\"2024-12-10T18:00:14+00:00\" \/>\n<meta property=\"og:image\" content=\"https:\/\/mwc-cmm.org\/wp-content\/uploads\/2024\/11\/bercy-mundedi-emm-smaller.jpg\" \/>\n\t<meta property=\"og:image:width\" content=\"674\" \/>\n\t<meta property=\"og:image:height\" content=\"577\" \/>\n\t<meta property=\"og:image:type\" content=\"image\/jpeg\" \/>\n<meta name=\"author\" content=\"mennworldcon\" \/>\n<script type=\"application\/ld+json\" class=\"yoast-schema-graph\">{\"@context\":\"https:\\\/\\\/schema.org\",\"@graph\":[{\"@type\":\"Article\",\"@id\":\"https:\\\/\\\/mwc-cmm.org\\\/en\\\/stories\\\/first-woman-direct-congo-bible-school\\\/#article\",\"isPartOf\":{\"@id\":\"https:\\\/\\\/mwc-cmm.org\\\/en\\\/stories\\\/first-woman-direct-congo-bible-school\\\/\"},\"author\":{\"name\":\"mennworldcon\",\"@id\":\"https:\\\/\\\/mwc-cmm.org\\\/en\\\/#\\\/schema\\\/person\\\/11f6ae0d7d1868ba20a1cc27f067c836\"},\"headline\":\"Primera mujer en dirigir un instituto b\u00edblico en el Congo\",\"datePublished\":\"2016-09-13T00:00:00+00:00\",\"dateModified\":\"2024-12-10T18:00:14+00:00\",\"mainEntityOfPage\":{\"@id\":\"https:\\\/\\\/mwc-cmm.org\\\/en\\\/stories\\\/first-woman-direct-congo-bible-school\\\/\"},\"wordCount\":561,\"publisher\":{\"@id\":\"https:\\\/\\\/mwc-cmm.org\\\/en\\\/#organization\"},\"image\":{\"@id\":\"https:\\\/\\\/mwc-cmm.org\\\/en\\\/stories\\\/first-woman-direct-congo-bible-school\\\/#primaryimage\"},\"thumbnailUrl\":\"https:\\\/\\\/mwc-cmm.org\\\/wp-content\\\/uploads\\\/2024\\\/11\\\/bercy-mundedi-emm-smaller.jpg\",\"articleSection\":[\"Sin categorizar\"],\"inLanguage\":\"es\"},{\"@type\":\"WebPage\",\"@id\":\"https:\\\/\\\/mwc-cmm.org\\\/en\\\/stories\\\/first-woman-direct-congo-bible-school\\\/\",\"url\":\"https:\\\/\\\/mwc-cmm.org\\\/en\\\/stories\\\/first-woman-direct-congo-bible-school\\\/\",\"name\":\"Primera mujer en dirigir un instituto b\u00edblico en el Congo - Mennonite World Conference\",\"isPartOf\":{\"@id\":\"https:\\\/\\\/mwc-cmm.org\\\/en\\\/#website\"},\"primaryImageOfPage\":{\"@id\":\"https:\\\/\\\/mwc-cmm.org\\\/en\\\/stories\\\/first-woman-direct-congo-bible-school\\\/#primaryimage\"},\"image\":{\"@id\":\"https:\\\/\\\/mwc-cmm.org\\\/en\\\/stories\\\/first-woman-direct-congo-bible-school\\\/#primaryimage\"},\"thumbnailUrl\":\"https:\\\/\\\/mwc-cmm.org\\\/wp-content\\\/uploads\\\/2024\\\/11\\\/bercy-mundedi-emm-smaller.jpg\",\"datePublished\":\"2016-09-13T00:00:00+00:00\",\"dateModified\":\"2024-12-10T18:00:14+00:00\",\"breadcrumb\":{\"@id\":\"https:\\\/\\\/mwc-cmm.org\\\/en\\\/stories\\\/first-woman-direct-congo-bible-school\\\/#breadcrumb\"},\"inLanguage\":\"es\",\"potentialAction\":[{\"@type\":\"ReadAction\",\"target\":[\"https:\\\/\\\/mwc-cmm.org\\\/en\\\/stories\\\/first-woman-direct-congo-bible-school\\\/\"]}]},{\"@type\":\"ImageObject\",\"inLanguage\":\"es\",\"@id\":\"https:\\\/\\\/mwc-cmm.org\\\/en\\\/stories\\\/first-woman-direct-congo-bible-school\\\/#primaryimage\",\"url\":\"https:\\\/\\\/mwc-cmm.org\\\/wp-content\\\/uploads\\\/2024\\\/11\\\/bercy-mundedi-emm-smaller.jpg\",\"contentUrl\":\"https:\\\/\\\/mwc-cmm.org\\\/wp-content\\\/uploads\\\/2024\\\/11\\\/bercy-mundedi-emm-smaller.jpg\",\"width\":674,\"height\":577},{\"@type\":\"BreadcrumbList\",\"@id\":\"https:\\\/\\\/mwc-cmm.org\\\/en\\\/stories\\\/first-woman-direct-congo-bible-school\\\/#breadcrumb\",\"itemListElement\":[{\"@type\":\"ListItem\",\"position\":1,\"name\":\"Home\",\"item\":\"https:\\\/\\\/mwc-cmm.org\\\/es\\\/\"},{\"@type\":\"ListItem\",\"position\":2,\"name\":\"Primera mujer en dirigir un instituto b\u00edblico en el Congo\"}]},{\"@type\":\"WebSite\",\"@id\":\"https:\\\/\\\/mwc-cmm.org\\\/en\\\/#website\",\"url\":\"https:\\\/\\\/mwc-cmm.org\\\/en\\\/\",\"name\":\"Mennonite World Conference\",\"description\":\"A communion of Anabaptist-related churches\",\"publisher\":{\"@id\":\"https:\\\/\\\/mwc-cmm.org\\\/en\\\/#organization\"},\"alternateName\":\"MWC\",\"potentialAction\":[{\"@type\":\"SearchAction\",\"target\":{\"@type\":\"EntryPoint\",\"urlTemplate\":\"https:\\\/\\\/mwc-cmm.org\\\/en\\\/?s={search_term_string}\"},\"query-input\":{\"@type\":\"PropertyValueSpecification\",\"valueRequired\":true,\"valueName\":\"search_term_string\"}}],\"inLanguage\":\"es\"},{\"@type\":\"Organization\",\"@id\":\"https:\\\/\\\/mwc-cmm.org\\\/en\\\/#organization\",\"name\":\"Mennonite World Conference\",\"alternateName\":\"MWC\",\"url\":\"https:\\\/\\\/mwc-cmm.org\\\/en\\\/\",\"logo\":{\"@type\":\"ImageObject\",\"inLanguage\":\"es\",\"@id\":\"https:\\\/\\\/mwc-cmm.org\\\/en\\\/#\\\/schema\\\/logo\\\/image\\\/\",\"url\":\"https:\\\/\\\/mwc-cmm.org\\\/wp-content\\\/uploads\\\/2026\\\/01\\\/MWC_Sig_Blue_Horiz_webheader1-logo.svg\",\"contentUrl\":\"https:\\\/\\\/mwc-cmm.org\\\/wp-content\\\/uploads\\\/2026\\\/01\\\/MWC_Sig_Blue_Horiz_webheader1-logo.svg\",\"width\":786,\"height\":82,\"caption\":\"Mennonite World Conference\"},\"image\":{\"@id\":\"https:\\\/\\\/mwc-cmm.org\\\/en\\\/#\\\/schema\\\/logo\\\/image\\\/\"},\"sameAs\":[\"https:\\\/\\\/www.facebook.com\\\/MennoniteWorldConference\",\"https:\\\/\\\/www.linkedin.com\\\/company\\\/mennonite-world-conference-mwc\\\/\",\"https:\\\/\\\/www.instagram.com\\\/mwcmm\\\/\",\"https:\\\/\\\/www.youtube.com\\\/user\\\/mwccmm\",\"https:\\\/\\\/bsky.app\\\/profile\\\/mwcmm.bsky.social\"]},{\"@type\":\"Person\",\"@id\":\"https:\\\/\\\/mwc-cmm.org\\\/en\\\/#\\\/schema\\\/person\\\/11f6ae0d7d1868ba20a1cc27f067c836\",\"name\":\"mennworldcon\",\"image\":{\"@type\":\"ImageObject\",\"inLanguage\":\"es\",\"@id\":\"https:\\\/\\\/secure.gravatar.com\\\/avatar\\\/06fdc0dc81c157dfdb82ec42f252178a22307808988d22c043f9eb96f1e0fe80?s=96&d=mm&r=g\",\"url\":\"https:\\\/\\\/secure.gravatar.com\\\/avatar\\\/06fdc0dc81c157dfdb82ec42f252178a22307808988d22c043f9eb96f1e0fe80?s=96&d=mm&r=g\",\"contentUrl\":\"https:\\\/\\\/secure.gravatar.com\\\/avatar\\\/06fdc0dc81c157dfdb82ec42f252178a22307808988d22c043f9eb96f1e0fe80?s=96&d=mm&r=g\",\"caption\":\"mennworldcon\"},\"sameAs\":[\"https:\\\/\\\/mwc-cmm.org\"],\"url\":\"https:\\\/\\\/mwc-cmm.org\\\/es\\\/stories\\\/author\\\/mennworldcon\\\/\"}]}<\/script>\n<!-- \/ Yoast SEO plugin. -->","yoast_head_json":{"title":"Primera mujer en dirigir un instituto b\u00edblico en el Congo - Mennonite World Conference","robots":{"index":"index","follow":"follow","max-snippet":"max-snippet:-1","max-image-preview":"max-image-preview:large","max-video-preview":"max-video-preview:-1"},"canonical":"https:\/\/mwc-cmm.org\/en\/stories\/first-woman-direct-congo-bible-school\/","og_locale":"es_ES","og_type":"article","og_title":"Primera mujer en dirigir un instituto b\u00edblico en el Congo - Mennonite World Conference","og_description":"NULL","og_url":"https:\/\/mwc-cmm.org\/en\/stories\/first-woman-direct-congo-bible-school\/","og_site_name":"Mennonite World Conference","article_publisher":"https:\/\/www.facebook.com\/MennoniteWorldConference","article_published_time":"2016-09-13T00:00:00+00:00","article_modified_time":"2024-12-10T18:00:14+00:00","og_image":[{"width":674,"height":577,"url":"https:\/\/mwc-cmm.org\/wp-content\/uploads\/2024\/11\/bercy-mundedi-emm-smaller.jpg","type":"image\/jpeg"}],"author":"mennworldcon","schema":{"@context":"https:\/\/schema.org","@graph":[{"@type":"Article","@id":"https:\/\/mwc-cmm.org\/en\/stories\/first-woman-direct-congo-bible-school\/#article","isPartOf":{"@id":"https:\/\/mwc-cmm.org\/en\/stories\/first-woman-direct-congo-bible-school\/"},"author":{"name":"mennworldcon","@id":"https:\/\/mwc-cmm.org\/en\/#\/schema\/person\/11f6ae0d7d1868ba20a1cc27f067c836"},"headline":"Primera mujer en dirigir un instituto b\u00edblico en el Congo","datePublished":"2016-09-13T00:00:00+00:00","dateModified":"2024-12-10T18:00:14+00:00","mainEntityOfPage":{"@id":"https:\/\/mwc-cmm.org\/en\/stories\/first-woman-direct-congo-bible-school\/"},"wordCount":561,"publisher":{"@id":"https:\/\/mwc-cmm.org\/en\/#organization"},"image":{"@id":"https:\/\/mwc-cmm.org\/en\/stories\/first-woman-direct-congo-bible-school\/#primaryimage"},"thumbnailUrl":"https:\/\/mwc-cmm.org\/wp-content\/uploads\/2024\/11\/bercy-mundedi-emm-smaller.jpg","articleSection":["Sin categorizar"],"inLanguage":"es"},{"@type":"WebPage","@id":"https:\/\/mwc-cmm.org\/en\/stories\/first-woman-direct-congo-bible-school\/","url":"https:\/\/mwc-cmm.org\/en\/stories\/first-woman-direct-congo-bible-school\/","name":"Primera mujer en dirigir un instituto b\u00edblico en el Congo - Mennonite World Conference","isPartOf":{"@id":"https:\/\/mwc-cmm.org\/en\/#website"},"primaryImageOfPage":{"@id":"https:\/\/mwc-cmm.org\/en\/stories\/first-woman-direct-congo-bible-school\/#primaryimage"},"image":{"@id":"https:\/\/mwc-cmm.org\/en\/stories\/first-woman-direct-congo-bible-school\/#primaryimage"},"thumbnailUrl":"https:\/\/mwc-cmm.org\/wp-content\/uploads\/2024\/11\/bercy-mundedi-emm-smaller.jpg","datePublished":"2016-09-13T00:00:00+00:00","dateModified":"2024-12-10T18:00:14+00:00","breadcrumb":{"@id":"https:\/\/mwc-cmm.org\/en\/stories\/first-woman-direct-congo-bible-school\/#breadcrumb"},"inLanguage":"es","potentialAction":[{"@type":"ReadAction","target":["https:\/\/mwc-cmm.org\/en\/stories\/first-woman-direct-congo-bible-school\/"]}]},{"@type":"ImageObject","inLanguage":"es","@id":"https:\/\/mwc-cmm.org\/en\/stories\/first-woman-direct-congo-bible-school\/#primaryimage","url":"https:\/\/mwc-cmm.org\/wp-content\/uploads\/2024\/11\/bercy-mundedi-emm-smaller.jpg","contentUrl":"https:\/\/mwc-cmm.org\/wp-content\/uploads\/2024\/11\/bercy-mundedi-emm-smaller.jpg","width":674,"height":577},{"@type":"BreadcrumbList","@id":"https:\/\/mwc-cmm.org\/en\/stories\/first-woman-direct-congo-bible-school\/#breadcrumb","itemListElement":[{"@type":"ListItem","position":1,"name":"Home","item":"https:\/\/mwc-cmm.org\/es\/"},{"@type":"ListItem","position":2,"name":"Primera mujer en dirigir un instituto b\u00edblico en el Congo"}]},{"@type":"WebSite","@id":"https:\/\/mwc-cmm.org\/en\/#website","url":"https:\/\/mwc-cmm.org\/en\/","name":"Mennonite World Conference","description":"A communion of Anabaptist-related churches","publisher":{"@id":"https:\/\/mwc-cmm.org\/en\/#organization"},"alternateName":"MWC","potentialAction":[{"@type":"SearchAction","target":{"@type":"EntryPoint","urlTemplate":"https:\/\/mwc-cmm.org\/en\/?s={search_term_string}"},"query-input":{"@type":"PropertyValueSpecification","valueRequired":true,"valueName":"search_term_string"}}],"inLanguage":"es"},{"@type":"Organization","@id":"https:\/\/mwc-cmm.org\/en\/#organization","name":"Mennonite World Conference","alternateName":"MWC","url":"https:\/\/mwc-cmm.org\/en\/","logo":{"@type":"ImageObject","inLanguage":"es","@id":"https:\/\/mwc-cmm.org\/en\/#\/schema\/logo\/image\/","url":"https:\/\/mwc-cmm.org\/wp-content\/uploads\/2026\/01\/MWC_Sig_Blue_Horiz_webheader1-logo.svg","contentUrl":"https:\/\/mwc-cmm.org\/wp-content\/uploads\/2026\/01\/MWC_Sig_Blue_Horiz_webheader1-logo.svg","width":786,"height":82,"caption":"Mennonite World Conference"},"image":{"@id":"https:\/\/mwc-cmm.org\/en\/#\/schema\/logo\/image\/"},"sameAs":["https:\/\/www.facebook.com\/MennoniteWorldConference","https:\/\/www.linkedin.com\/company\/mennonite-world-conference-mwc\/","https:\/\/www.instagram.com\/mwcmm\/","https:\/\/www.youtube.com\/user\/mwccmm","https:\/\/bsky.app\/profile\/mwcmm.bsky.social"]},{"@type":"Person","@id":"https:\/\/mwc-cmm.org\/en\/#\/schema\/person\/11f6ae0d7d1868ba20a1cc27f067c836","name":"mennworldcon","image":{"@type":"ImageObject","inLanguage":"es","@id":"https:\/\/secure.gravatar.com\/avatar\/06fdc0dc81c157dfdb82ec42f252178a22307808988d22c043f9eb96f1e0fe80?s=96&d=mm&r=g","url":"https:\/\/secure.gravatar.com\/avatar\/06fdc0dc81c157dfdb82ec42f252178a22307808988d22c043f9eb96f1e0fe80?s=96&d=mm&r=g","contentUrl":"https:\/\/secure.gravatar.com\/avatar\/06fdc0dc81c157dfdb82ec42f252178a22307808988d22c043f9eb96f1e0fe80?s=96&d=mm&r=g","caption":"mennworldcon"},"sameAs":["https:\/\/mwc-cmm.org"],"url":"https:\/\/mwc-cmm.org\/es\/stories\/author\/mennworldcon\/"}]}},"_links":{"self":[{"href":"https:\/\/mwc-cmm.org\/es\/wp-json\/wp\/v2\/posts\/8654","targetHints":{"allow":["GET"]}}],"collection":[{"href":"https:\/\/mwc-cmm.org\/es\/wp-json\/wp\/v2\/posts"}],"about":[{"href":"https:\/\/mwc-cmm.org\/es\/wp-json\/wp\/v2\/types\/post"}],"author":[{"embeddable":true,"href":"https:\/\/mwc-cmm.org\/es\/wp-json\/wp\/v2\/users\/1"}],"replies":[{"embeddable":true,"href":"https:\/\/mwc-cmm.org\/es\/wp-json\/wp\/v2\/comments?post=8654"}],"version-history":[{"count":0,"href":"https:\/\/mwc-cmm.org\/es\/wp-json\/wp\/v2\/posts\/8654\/revisions"}],"wp:featuredmedia":[{"embeddable":true,"href":"https:\/\/mwc-cmm.org\/es\/wp-json\/wp\/v2\/media\/88174"}],"wp:attachment":[{"href":"https:\/\/mwc-cmm.org\/es\/wp-json\/wp\/v2\/media?parent=8654"}],"wp:term":[{"taxonomy":"category","embeddable":true,"href":"https:\/\/mwc-cmm.org\/es\/wp-json\/wp\/v2\/categories?post=8654"},{"taxonomy":"post_tag","embeddable":true,"href":"https:\/\/mwc-cmm.org\/es\/wp-json\/wp\/v2\/tags?post=8654"},{"taxonomy":"network","embeddable":true,"href":"https:\/\/mwc-cmm.org\/es\/wp-json\/wp\/v2\/network?post=8654"},{"taxonomy":"eventcategory","embeddable":true,"href":"https:\/\/mwc-cmm.org\/es\/wp-json\/wp\/v2\/eventcategory?post=8654"}],"curies":[{"name":"wp","href":"https:\/\/api.w.org\/{rel}","templated":true}]}}