{"id":8653,"date":"2016-08-22T00:00:00","date_gmt":"2016-08-22T00:00:00","guid":{"rendered":"https:\/\/mwc-cmm.org\/aguapanela-youth-and-children-drink-in-curriculums-faith-vitamins-3\/"},"modified":"2024-12-10T18:00:14","modified_gmt":"2024-12-10T18:00:14","slug":"aguapanela-youth-and-children-drink-in-curriculums-faith-vitamins-3","status":"publish","type":"post","link":"https:\/\/mwc-cmm.org\/es\/stories\/aguapanela-youth-and-children-drink-in-curriculums-faith-vitamins-3\/","title":{"rendered":"Aguapanela: j\u00f3venes, ni\u00f1os y ni\u00f1as toman \u2018vitaminas de fe\u2019 a trav\u00e9s de un curr\u00edculo cristiano"},"content":{"rendered":"<p>\u201cCaminante, no hay camino, se hace camino al andar\u201d. \u00c9sta hermosa frase del poeta Antonio Machado identifica mi caminar por los senderos de la vida. Especialmente mi andar de dos a\u00f1os en la hermosa Colombia.<\/p>\n<p>Cada persona tiene una identidad marcada por sus antecedentes familiares, sociales, contextuales, etc. A decir verdad mi identidad como Rut Atarama, peruana, Hermana Menonita, fue replanteada positivamente durante mi tiempo de servicio en el programa Semilla Colombia del Comit\u00e9 Central Menonita.<\/p>\n<p>Durante dos a\u00f1os viv\u00ed en Ibagu\u00e9, ciudad capital de la regi\u00f3n Tolima, considerada cuna de la guerrilla de las Fuerzas Armadas Revolucionarias de Colombia, las FARC. Mi trabajo consisti\u00f3 en acompa\u00f1ar procesos de atenci\u00f3n integral a familias en situaci\u00f3n de desplazamiento por el conflicto armado con la Fundaci\u00f3n Menonita Colombiana para el Desarrollo (Mencoldes); y procesos comunitarios con la Iglesia Menonita de Ibagu\u00e9. En \u00e9ste relato s\u00f3lo voy a referirme a \u00e9sta \u00faltima experiencia.<\/p>\n<p>La Iglesia en su llamado de actuar en pro de la comunidad trabaja en diversas \u00e1reas, especialmente con ni\u00f1os, ni\u00f1as y adolescentes de comunidades que tienen diversas problem\u00e1ticas como por ejemplo: drogadicci\u00f3n, delincuencia y pobreza.<\/p>\n<p>\u201cProfesora y usted qu\u00e9 hace cuando empieza la balacera?\u201d \u00c9sta pregunta de una ni\u00f1a de siete a\u00f1os demuestra la realidad a la que se enfrentan cotidianamente. \u201cMi hermano y yo nos escondemos debajo de la cama.\u201d<\/p>\n<p>Por la complejidad de un contexto con escenas de violencia, surgi\u00f3 la necesidad de abordar temas de prevenci\u00f3n del abuso, construcci\u00f3n de paz y valores de manera contextualizada; un material educativo que pueda ser utilizado en los procesos comunitarios que desarrolla y acompa\u00f1a la Iglesia Menonita en Ibagu\u00e9.<\/p>\n<p>Debido a esta necesidad un grupo de valerosas mujeres menonitas profesionales: Fabiola Arango, Rosa Triana, Amanda Valencia y Diana Su\u00e1rez decidieron ponerse manos a la obra y trabajar un material educativo cristiano para ni\u00f1os, ni\u00f1as y adolescentes de las comunidades con las que trabaja la iglesia Menonita de Ibagu\u00e9. Gracias a Dios fui llamada a ser parte de \u00e9ste hermoso grupo de trabajo. !Una comunicadora social, Hermana Menonita de Per\u00fa trabajando con Menonitas de Colombia, una hermosa oportunidad de <em>koinon\u00eda<\/em> anabautista!<\/p>\n<p>Reuniones, jornadas completas, estructuraci\u00f3n de lecciones, conversaciones largas sobre c\u00f3mo deb\u00edan enfocarse las tem\u00e1ticas, observaciones en las comunidades, investigaciones metodol\u00f3gicas, redacciones, correcciones, entre otros, marcaron nuestros encuentros semanales por m\u00e1s de un a\u00f1o. Todo ello queda atesorado en mi memoria, para siempre. Palabras sabias de mis queridas amigas \u201cLos ni\u00f1os y las ni\u00f1as deben tener espacios donde puedan comportarse como tales, ser libres, alegres, so\u00f1adores\u2026 sentirse amados y valorados\u201d.<\/p>\n<p>En diciembre del a\u00f1o 2015 naci\u00f3 con gran alegr\u00eda \u201cAguapanela<a href=\"#_edn1\" name=\"_ednref1\" title=\"\" id=\"_ednref1\">[i]<\/a>: Curr\u00edculo Educativo Cristiano para la Ni\u00f1ez y la Adolescencia\u201d. Este material viene siendo utilizado no s\u00f3lo por la Iglesia Menonita de Ibagu\u00e9 sino tambi\u00e9n por otras comunidades anabautistas en Colombia.<\/p>\n<p>Luego de haber culminado mi tiempo de servicio en Colombia, regres\u00e9 a mi pa\u00eds, cargada de buenas experiencias, memorias, historias y tambi\u00e9n nuevas perspectivas sobre mi fe. Traje tambi\u00e9n algunos ejemplares de \u201cAguapanela\u201d y los compart\u00ed con mi comunidad. Actualmente tengo la alegr\u00eda de contar que este material educativo viene siendo utilizado en el programa de ni\u00f1os y ni\u00f1as que tiene la Iglesia Hermanos Menonitas de Miraflores, Piura, Per\u00fa.<\/p>\n<p>Agradezco profundamente a quienes se han cruzado por mi camino en Colombia. Gracias a mis queridas amigas que trabajaron con ah\u00ednco \u201cAguapanela\u201d. Gracias por compartir sus historias, su pasi\u00f3n, su fe vivenciada en hechos de amor a Dios y al pr\u00f3jimo, que han fortalecido mi identidad anabautista, cristiana, peruana con matices colombianos. <\/p>\n<p><em>\u2013Rut Atarama, miembro de la Iglesia Cristiana Hermanos Menonitas, Miraflores. Piura, Per\u00fa.<\/em><\/p>\n<p><img decoding=\"async\" alt=\"\" data-src=\"\/sites\/default\/files\/website_files\/received_10156456825660581.jpeg\" style=\"width: 300px; height: 199px; float: left; margin: 10px 5px;\" src=\"data:image\/svg+xml;base64,PHN2ZyB3aWR0aD0iMSIgaGVpZ2h0PSIxIiB4bWxucz0iaHR0cDovL3d3dy53My5vcmcvMjAwMC9zdmciPjwvc3ZnPg==\" class=\"lazyload\" \/>Para saber m\u00e1s del curr\u00edculo \u201cAguapanela\u201d, escribe a:  <a href=\"mailto:menonita_ibg@hotmail.com\">menonita_ibg@hotmail.com<\/a> o <a href=\"mailto:fabiola.arango@gmail.com\">fabiola.arango@gmail.com<\/a> <\/p>\n<p>Aguapanela!!! Curr\u00edculo Educativo Cristiano para la Ni\u00f1ez y la Adolescencia.<\/p>\n<div>\n<div id=\"ftn1\">\n<hr align=\"left\" size=\"1\" width=\"33%\" \/>\n<div id=\"edn1\">\n<p><a href=\"#_ednref1\" name=\"_edn1\" title=\"\" id=\"_edn1\">[i]<\/a> Aguapanela es una bebida hecha de az\u00facar antes de ser procesada. Usualmente se sirve en reuniones o cuando la gente est\u00e1 resfriada.  <\/p>\n<\/div>\n<\/div>\n<\/div>\n","protected":false},"excerpt":{"rendered":"<p>NULL<\/p>\n","protected":false},"author":1,"featured_media":88160,"comment_status":"closed","ping_status":"closed","sticky":false,"template":"","format":"standard","meta":{"_acf_changed":false,"footnotes":""},"categories":[6],"tags":[],"network":[],"eventcategory":[],"class_list":["post-8653","post","type-post","status-publish","format-standard","has-post-thumbnail","hentry","category-sin-categorizar"],"acf":[],"yoast_head":"<!-- This site is optimized with the Yoast SEO plugin v27.2 - https:\/\/yoast.com\/product\/yoast-seo-wordpress\/ -->\n<title>Aguapanela: j\u00f3venes, ni\u00f1os y ni\u00f1as toman \u2018vitaminas de fe\u2019 a trav\u00e9s de un curr\u00edculo cristiano - Mennonite World Conference<\/title>\n<meta name=\"robots\" content=\"index, follow, max-snippet:-1, max-image-preview:large, max-video-preview:-1\" \/>\n<link rel=\"canonical\" href=\"https:\/\/mwc-cmm.org\/en\/stories\/aguapanela-youth-and-children-drink-curriculums-faith-vitamins\/\" \/>\n<meta property=\"og:locale\" content=\"es_ES\" \/>\n<meta property=\"og:type\" content=\"article\" \/>\n<meta property=\"og:title\" content=\"Aguapanela: j\u00f3venes, ni\u00f1os y ni\u00f1as toman \u2018vitaminas de fe\u2019 a trav\u00e9s de un curr\u00edculo cristiano - Mennonite World Conference\" \/>\n<meta property=\"og:description\" content=\"NULL\" \/>\n<meta property=\"og:url\" content=\"https:\/\/mwc-cmm.org\/en\/stories\/aguapanela-youth-and-children-drink-curriculums-faith-vitamins\/\" \/>\n<meta property=\"og:site_name\" content=\"Mennonite World Conference\" \/>\n<meta property=\"article:publisher\" content=\"https:\/\/www.facebook.com\/MennoniteWorldConference\" \/>\n<meta property=\"article:published_time\" content=\"2016-08-22T00:00:00+00:00\" \/>\n<meta property=\"article:modified_time\" content=\"2024-12-10T18:00:14+00:00\" \/>\n<meta property=\"og:image\" content=\"https:\/\/mwc-cmm.org\/wp-content\/uploads\/2024\/11\/received_10156456825655581.jpeg\" \/>\n\t<meta property=\"og:image:width\" content=\"1000\" \/>\n\t<meta property=\"og:image:height\" content=\"663\" \/>\n\t<meta property=\"og:image:type\" content=\"image\/jpeg\" \/>\n<meta name=\"author\" content=\"mennworldcon\" \/>\n<script type=\"application\/ld+json\" class=\"yoast-schema-graph\">{\"@context\":\"https:\/\/schema.org\",\"@graph\":[{\"@type\":\"Article\",\"@id\":\"https:\/\/mwc-cmm.org\/en\/stories\/aguapanela-youth-and-children-drink-curriculums-faith-vitamins\/#article\",\"isPartOf\":{\"@id\":\"https:\/\/mwc-cmm.org\/en\/stories\/aguapanela-youth-and-children-drink-curriculums-faith-vitamins\/\"},\"author\":{\"name\":\"mennworldcon\",\"@id\":\"https:\/\/mwc-cmm.org\/en\/#\/schema\/person\/11f6ae0d7d1868ba20a1cc27f067c836\"},\"headline\":\"Aguapanela: j\u00f3venes, ni\u00f1os y ni\u00f1as toman \u2018vitaminas de fe\u2019 a trav\u00e9s de un curr\u00edculo cristiano\",\"datePublished\":\"2016-08-22T00:00:00+00:00\",\"dateModified\":\"2024-12-10T18:00:14+00:00\",\"mainEntityOfPage\":{\"@id\":\"https:\/\/mwc-cmm.org\/en\/stories\/aguapanela-youth-and-children-drink-curriculums-faith-vitamins\/\"},\"wordCount\":713,\"publisher\":{\"@id\":\"https:\/\/mwc-cmm.org\/en\/#organization\"},\"image\":{\"@id\":\"https:\/\/mwc-cmm.org\/en\/stories\/aguapanela-youth-and-children-drink-curriculums-faith-vitamins\/#primaryimage\"},\"thumbnailUrl\":\"https:\/\/mwc-cmm.org\/wp-content\/uploads\/2024\/11\/received_10156456825655581.jpeg\",\"articleSection\":[\"Sin categorizar\"],\"inLanguage\":\"es\"},{\"@type\":\"WebPage\",\"@id\":\"https:\/\/mwc-cmm.org\/en\/stories\/aguapanela-youth-and-children-drink-curriculums-faith-vitamins\/\",\"url\":\"https:\/\/mwc-cmm.org\/en\/stories\/aguapanela-youth-and-children-drink-curriculums-faith-vitamins\/\",\"name\":\"Aguapanela: j\u00f3venes, ni\u00f1os y ni\u00f1as toman \u2018vitaminas de fe\u2019 a trav\u00e9s de un curr\u00edculo cristiano - Mennonite World Conference\",\"isPartOf\":{\"@id\":\"https:\/\/mwc-cmm.org\/en\/#website\"},\"primaryImageOfPage\":{\"@id\":\"https:\/\/mwc-cmm.org\/en\/stories\/aguapanela-youth-and-children-drink-curriculums-faith-vitamins\/#primaryimage\"},\"image\":{\"@id\":\"https:\/\/mwc-cmm.org\/en\/stories\/aguapanela-youth-and-children-drink-curriculums-faith-vitamins\/#primaryimage\"},\"thumbnailUrl\":\"https:\/\/mwc-cmm.org\/wp-content\/uploads\/2024\/11\/received_10156456825655581.jpeg\",\"datePublished\":\"2016-08-22T00:00:00+00:00\",\"dateModified\":\"2024-12-10T18:00:14+00:00\",\"breadcrumb\":{\"@id\":\"https:\/\/mwc-cmm.org\/en\/stories\/aguapanela-youth-and-children-drink-curriculums-faith-vitamins\/#breadcrumb\"},\"inLanguage\":\"es\",\"potentialAction\":[{\"@type\":\"ReadAction\",\"target\":[\"https:\/\/mwc-cmm.org\/en\/stories\/aguapanela-youth-and-children-drink-curriculums-faith-vitamins\/\"]}]},{\"@type\":\"ImageObject\",\"inLanguage\":\"es\",\"@id\":\"https:\/\/mwc-cmm.org\/en\/stories\/aguapanela-youth-and-children-drink-curriculums-faith-vitamins\/#primaryimage\",\"url\":\"https:\/\/mwc-cmm.org\/wp-content\/uploads\/2024\/11\/received_10156456825655581.jpeg\",\"contentUrl\":\"https:\/\/mwc-cmm.org\/wp-content\/uploads\/2024\/11\/received_10156456825655581.jpeg\",\"width\":1000,\"height\":663},{\"@type\":\"BreadcrumbList\",\"@id\":\"https:\/\/mwc-cmm.org\/en\/stories\/aguapanela-youth-and-children-drink-curriculums-faith-vitamins\/#breadcrumb\",\"itemListElement\":[{\"@type\":\"ListItem\",\"position\":1,\"name\":\"Home\",\"item\":\"https:\/\/mwc-cmm.org\/es\/\"},{\"@type\":\"ListItem\",\"position\":2,\"name\":\"Aguapanela: j\u00f3venes, ni\u00f1os y ni\u00f1as toman \u2018vitaminas de fe\u2019 a trav\u00e9s de un curr\u00edculo cristiano\"}]},{\"@type\":\"WebSite\",\"@id\":\"https:\/\/mwc-cmm.org\/en\/#website\",\"url\":\"https:\/\/mwc-cmm.org\/en\/\",\"name\":\"Mennonite World Conference\",\"description\":\"A communion of Anabaptist-related churches\",\"publisher\":{\"@id\":\"https:\/\/mwc-cmm.org\/en\/#organization\"},\"alternateName\":\"MWC\",\"potentialAction\":[{\"@type\":\"SearchAction\",\"target\":{\"@type\":\"EntryPoint\",\"urlTemplate\":\"https:\/\/mwc-cmm.org\/en\/?s={search_term_string}\"},\"query-input\":{\"@type\":\"PropertyValueSpecification\",\"valueRequired\":true,\"valueName\":\"search_term_string\"}}],\"inLanguage\":\"es\"},{\"@type\":\"Organization\",\"@id\":\"https:\/\/mwc-cmm.org\/en\/#organization\",\"name\":\"Mennonite World Conference\",\"alternateName\":\"MWC\",\"url\":\"https:\/\/mwc-cmm.org\/en\/\",\"logo\":{\"@type\":\"ImageObject\",\"inLanguage\":\"es\",\"@id\":\"https:\/\/mwc-cmm.org\/en\/#\/schema\/logo\/image\/\",\"url\":\"https:\/\/mwc-cmm.org\/wp-content\/uploads\/2026\/01\/MWC_Sig_Blue_Horiz_webheader1-logo.svg\",\"contentUrl\":\"https:\/\/mwc-cmm.org\/wp-content\/uploads\/2026\/01\/MWC_Sig_Blue_Horiz_webheader1-logo.svg\",\"width\":786,\"height\":82,\"caption\":\"Mennonite World Conference\"},\"image\":{\"@id\":\"https:\/\/mwc-cmm.org\/en\/#\/schema\/logo\/image\/\"},\"sameAs\":[\"https:\/\/www.facebook.com\/MennoniteWorldConference\",\"https:\/\/www.linkedin.com\/company\/mennonite-world-conference-mwc\/\",\"https:\/\/www.instagram.com\/mwcmm\/\",\"https:\/\/www.youtube.com\/user\/mwccmm\",\"https:\/\/bsky.app\/profile\/mwcmm.bsky.social\"]},{\"@type\":\"Person\",\"@id\":\"https:\/\/mwc-cmm.org\/en\/#\/schema\/person\/11f6ae0d7d1868ba20a1cc27f067c836\",\"name\":\"mennworldcon\",\"image\":{\"@type\":\"ImageObject\",\"inLanguage\":\"es\",\"@id\":\"https:\/\/secure.gravatar.com\/avatar\/06fdc0dc81c157dfdb82ec42f252178a22307808988d22c043f9eb96f1e0fe80?s=96&d=mm&r=g\",\"url\":\"https:\/\/secure.gravatar.com\/avatar\/06fdc0dc81c157dfdb82ec42f252178a22307808988d22c043f9eb96f1e0fe80?s=96&d=mm&r=g\",\"contentUrl\":\"https:\/\/secure.gravatar.com\/avatar\/06fdc0dc81c157dfdb82ec42f252178a22307808988d22c043f9eb96f1e0fe80?s=96&d=mm&r=g\",\"caption\":\"mennworldcon\"},\"sameAs\":[\"https:\/\/mwc-cmm.org\"],\"url\":\"https:\/\/mwc-cmm.org\/es\/stories\/author\/mennworldcon\/\"}]}<\/script>\n<!-- \/ Yoast SEO plugin. -->","yoast_head_json":{"title":"Aguapanela: j\u00f3venes, ni\u00f1os y ni\u00f1as toman \u2018vitaminas de fe\u2019 a trav\u00e9s de un curr\u00edculo cristiano - Mennonite World Conference","robots":{"index":"index","follow":"follow","max-snippet":"max-snippet:-1","max-image-preview":"max-image-preview:large","max-video-preview":"max-video-preview:-1"},"canonical":"https:\/\/mwc-cmm.org\/en\/stories\/aguapanela-youth-and-children-drink-curriculums-faith-vitamins\/","og_locale":"es_ES","og_type":"article","og_title":"Aguapanela: j\u00f3venes, ni\u00f1os y ni\u00f1as toman \u2018vitaminas de fe\u2019 a trav\u00e9s de un curr\u00edculo cristiano - Mennonite World Conference","og_description":"NULL","og_url":"https:\/\/mwc-cmm.org\/en\/stories\/aguapanela-youth-and-children-drink-curriculums-faith-vitamins\/","og_site_name":"Mennonite World Conference","article_publisher":"https:\/\/www.facebook.com\/MennoniteWorldConference","article_published_time":"2016-08-22T00:00:00+00:00","article_modified_time":"2024-12-10T18:00:14+00:00","og_image":[{"width":1000,"height":663,"url":"https:\/\/mwc-cmm.org\/wp-content\/uploads\/2024\/11\/received_10156456825655581.jpeg","type":"image\/jpeg"}],"author":"mennworldcon","schema":{"@context":"https:\/\/schema.org","@graph":[{"@type":"Article","@id":"https:\/\/mwc-cmm.org\/en\/stories\/aguapanela-youth-and-children-drink-curriculums-faith-vitamins\/#article","isPartOf":{"@id":"https:\/\/mwc-cmm.org\/en\/stories\/aguapanela-youth-and-children-drink-curriculums-faith-vitamins\/"},"author":{"name":"mennworldcon","@id":"https:\/\/mwc-cmm.org\/en\/#\/schema\/person\/11f6ae0d7d1868ba20a1cc27f067c836"},"headline":"Aguapanela: j\u00f3venes, ni\u00f1os y ni\u00f1as toman \u2018vitaminas de fe\u2019 a trav\u00e9s de un curr\u00edculo cristiano","datePublished":"2016-08-22T00:00:00+00:00","dateModified":"2024-12-10T18:00:14+00:00","mainEntityOfPage":{"@id":"https:\/\/mwc-cmm.org\/en\/stories\/aguapanela-youth-and-children-drink-curriculums-faith-vitamins\/"},"wordCount":713,"publisher":{"@id":"https:\/\/mwc-cmm.org\/en\/#organization"},"image":{"@id":"https:\/\/mwc-cmm.org\/en\/stories\/aguapanela-youth-and-children-drink-curriculums-faith-vitamins\/#primaryimage"},"thumbnailUrl":"https:\/\/mwc-cmm.org\/wp-content\/uploads\/2024\/11\/received_10156456825655581.jpeg","articleSection":["Sin categorizar"],"inLanguage":"es"},{"@type":"WebPage","@id":"https:\/\/mwc-cmm.org\/en\/stories\/aguapanela-youth-and-children-drink-curriculums-faith-vitamins\/","url":"https:\/\/mwc-cmm.org\/en\/stories\/aguapanela-youth-and-children-drink-curriculums-faith-vitamins\/","name":"Aguapanela: j\u00f3venes, ni\u00f1os y ni\u00f1as toman \u2018vitaminas de fe\u2019 a trav\u00e9s de un curr\u00edculo cristiano - Mennonite World Conference","isPartOf":{"@id":"https:\/\/mwc-cmm.org\/en\/#website"},"primaryImageOfPage":{"@id":"https:\/\/mwc-cmm.org\/en\/stories\/aguapanela-youth-and-children-drink-curriculums-faith-vitamins\/#primaryimage"},"image":{"@id":"https:\/\/mwc-cmm.org\/en\/stories\/aguapanela-youth-and-children-drink-curriculums-faith-vitamins\/#primaryimage"},"thumbnailUrl":"https:\/\/mwc-cmm.org\/wp-content\/uploads\/2024\/11\/received_10156456825655581.jpeg","datePublished":"2016-08-22T00:00:00+00:00","dateModified":"2024-12-10T18:00:14+00:00","breadcrumb":{"@id":"https:\/\/mwc-cmm.org\/en\/stories\/aguapanela-youth-and-children-drink-curriculums-faith-vitamins\/#breadcrumb"},"inLanguage":"es","potentialAction":[{"@type":"ReadAction","target":["https:\/\/mwc-cmm.org\/en\/stories\/aguapanela-youth-and-children-drink-curriculums-faith-vitamins\/"]}]},{"@type":"ImageObject","inLanguage":"es","@id":"https:\/\/mwc-cmm.org\/en\/stories\/aguapanela-youth-and-children-drink-curriculums-faith-vitamins\/#primaryimage","url":"https:\/\/mwc-cmm.org\/wp-content\/uploads\/2024\/11\/received_10156456825655581.jpeg","contentUrl":"https:\/\/mwc-cmm.org\/wp-content\/uploads\/2024\/11\/received_10156456825655581.jpeg","width":1000,"height":663},{"@type":"BreadcrumbList","@id":"https:\/\/mwc-cmm.org\/en\/stories\/aguapanela-youth-and-children-drink-curriculums-faith-vitamins\/#breadcrumb","itemListElement":[{"@type":"ListItem","position":1,"name":"Home","item":"https:\/\/mwc-cmm.org\/es\/"},{"@type":"ListItem","position":2,"name":"Aguapanela: j\u00f3venes, ni\u00f1os y ni\u00f1as toman \u2018vitaminas de fe\u2019 a trav\u00e9s de un curr\u00edculo cristiano"}]},{"@type":"WebSite","@id":"https:\/\/mwc-cmm.org\/en\/#website","url":"https:\/\/mwc-cmm.org\/en\/","name":"Mennonite World Conference","description":"A communion of Anabaptist-related churches","publisher":{"@id":"https:\/\/mwc-cmm.org\/en\/#organization"},"alternateName":"MWC","potentialAction":[{"@type":"SearchAction","target":{"@type":"EntryPoint","urlTemplate":"https:\/\/mwc-cmm.org\/en\/?s={search_term_string}"},"query-input":{"@type":"PropertyValueSpecification","valueRequired":true,"valueName":"search_term_string"}}],"inLanguage":"es"},{"@type":"Organization","@id":"https:\/\/mwc-cmm.org\/en\/#organization","name":"Mennonite World Conference","alternateName":"MWC","url":"https:\/\/mwc-cmm.org\/en\/","logo":{"@type":"ImageObject","inLanguage":"es","@id":"https:\/\/mwc-cmm.org\/en\/#\/schema\/logo\/image\/","url":"https:\/\/mwc-cmm.org\/wp-content\/uploads\/2026\/01\/MWC_Sig_Blue_Horiz_webheader1-logo.svg","contentUrl":"https:\/\/mwc-cmm.org\/wp-content\/uploads\/2026\/01\/MWC_Sig_Blue_Horiz_webheader1-logo.svg","width":786,"height":82,"caption":"Mennonite World Conference"},"image":{"@id":"https:\/\/mwc-cmm.org\/en\/#\/schema\/logo\/image\/"},"sameAs":["https:\/\/www.facebook.com\/MennoniteWorldConference","https:\/\/www.linkedin.com\/company\/mennonite-world-conference-mwc\/","https:\/\/www.instagram.com\/mwcmm\/","https:\/\/www.youtube.com\/user\/mwccmm","https:\/\/bsky.app\/profile\/mwcmm.bsky.social"]},{"@type":"Person","@id":"https:\/\/mwc-cmm.org\/en\/#\/schema\/person\/11f6ae0d7d1868ba20a1cc27f067c836","name":"mennworldcon","image":{"@type":"ImageObject","inLanguage":"es","@id":"https:\/\/secure.gravatar.com\/avatar\/06fdc0dc81c157dfdb82ec42f252178a22307808988d22c043f9eb96f1e0fe80?s=96&d=mm&r=g","url":"https:\/\/secure.gravatar.com\/avatar\/06fdc0dc81c157dfdb82ec42f252178a22307808988d22c043f9eb96f1e0fe80?s=96&d=mm&r=g","contentUrl":"https:\/\/secure.gravatar.com\/avatar\/06fdc0dc81c157dfdb82ec42f252178a22307808988d22c043f9eb96f1e0fe80?s=96&d=mm&r=g","caption":"mennworldcon"},"sameAs":["https:\/\/mwc-cmm.org"],"url":"https:\/\/mwc-cmm.org\/es\/stories\/author\/mennworldcon\/"}]}},"_links":{"self":[{"href":"https:\/\/mwc-cmm.org\/es\/wp-json\/wp\/v2\/posts\/8653","targetHints":{"allow":["GET"]}}],"collection":[{"href":"https:\/\/mwc-cmm.org\/es\/wp-json\/wp\/v2\/posts"}],"about":[{"href":"https:\/\/mwc-cmm.org\/es\/wp-json\/wp\/v2\/types\/post"}],"author":[{"embeddable":true,"href":"https:\/\/mwc-cmm.org\/es\/wp-json\/wp\/v2\/users\/1"}],"replies":[{"embeddable":true,"href":"https:\/\/mwc-cmm.org\/es\/wp-json\/wp\/v2\/comments?post=8653"}],"version-history":[{"count":0,"href":"https:\/\/mwc-cmm.org\/es\/wp-json\/wp\/v2\/posts\/8653\/revisions"}],"wp:featuredmedia":[{"embeddable":true,"href":"https:\/\/mwc-cmm.org\/es\/wp-json\/wp\/v2\/media\/88160"}],"wp:attachment":[{"href":"https:\/\/mwc-cmm.org\/es\/wp-json\/wp\/v2\/media?parent=8653"}],"wp:term":[{"taxonomy":"category","embeddable":true,"href":"https:\/\/mwc-cmm.org\/es\/wp-json\/wp\/v2\/categories?post=8653"},{"taxonomy":"post_tag","embeddable":true,"href":"https:\/\/mwc-cmm.org\/es\/wp-json\/wp\/v2\/tags?post=8653"},{"taxonomy":"network","embeddable":true,"href":"https:\/\/mwc-cmm.org\/es\/wp-json\/wp\/v2\/network?post=8653"},{"taxonomy":"eventcategory","embeddable":true,"href":"https:\/\/mwc-cmm.org\/es\/wp-json\/wp\/v2\/eventcategory?post=8653"}],"curies":[{"name":"wp","href":"https:\/\/api.w.org\/{rel}","templated":true}]}}