{"id":8644,"date":"2016-07-22T00:00:00","date_gmt":"2016-07-22T00:00:00","guid":{"rendered":"https:\/\/mwc-cmm.org\/reconciling-the-radical-reformation-3\/"},"modified":"2024-12-10T18:00:10","modified_gmt":"2024-12-10T18:00:10","slug":"reconciling-the-radical-reformation-3","status":"publish","type":"post","link":"https:\/\/mwc-cmm.org\/es\/stories\/reconciling-the-radical-reformation-3\/","title":{"rendered":"Reconciliando la reforma radical"},"content":{"rendered":"<p><em>Reporte sobre <\/em>\u201cLlevando Fruto\u201d<em>, El grupo de trabajo de la Federaci\u00f3n Luterana Mundial para dar seguimiento a la \u201cAcci\u00f3n Menonita\u201d en la d\u00e9cima asamblea de la FLM en 2010.<\/em><\/p>\n<p>Bogot\u00e1, Colombia \u2013 El proceso de reconciliaci\u00f3n entre la Federaci\u00f3n Luterana Mundial y el Congreso Mundial Menonita ha creado un terreno f\u00e9rtil para la colaboraci\u00f3n. Un reporte que resume la acci\u00f3n de la FLM y el CMM para reconciliarse con los menonitas sobre temas referentes a las enmiendas o demandas de la confesi\u00f3n de Augsburgo, pretende ayudar a las iglesias de la FLM, a los pastores, seminarios y congregaciones a \u201cimplementar el compromiso de la FLM de ense\u00f1ar de manera diferente sobre los anabautistas, especialmente en como ellos son descritos en la antes mencionada confesi\u00f3n.\u201d<\/p>\n<p>\u00abLas semillas de reconciliaci\u00f3n sembradas hace m\u00e1s de 30 a\u00f1os, que florecieron en el culto de reconciliaci\u00f3n en Stuttgart en 2010, ahora est\u00e1n verdaderamente llevando fruto\u201d dice John D. Roth, representante del CMM para el grupo de trabajo de la FLM y participante en la elaboraci\u00f3n del documento. \u201cLos pastores y l\u00edderes eclesiales Menonitas y Luteranos encontrar\u00e1n muchas ideas de c\u00f3mo se podr\u00edan comprometer mutuamente en el nivel local.\u201d<\/p>\n<p>El proceso tiene sus ra\u00edces en los di\u00e1logos iniciados para celebrar el aniversario n\u00famero 450 de la Confesi\u00f3n de Augsburgo. Reconociendo que \u201clas diferencias teol\u00f3gicas en curso no podr\u00edan ser examinadas constructivamente hasta que las heridas del pasado fueran confrontadas directamente\u201d, la FLM comenz\u00f3 un proceso formal de reconciliaci\u00f3n en 2003. El principal trabajo de la comisi\u00f3n de estudio era \u201cescribir una historia com\u00fan sobre  las dolorosas relaciones durante el siglo XVI.\u201d Este proceso era \u201cen s\u00ed mismo un acto ecum\u00e9nico y de ese modo ya era una contribuci\u00f3n a la reconciliaci\u00f3n.\u201d<\/p>\n<p>Las dos comuniones reconocieron \u201cla necesidad de las comunidades y de los individuos, de reconocer cuando necesitan arrepentimiento genuino y perd\u00f3n\u201d.<\/p>\n<p>\u201cEl trabajo de este Grupo de Trabajo ha sido responder a los compromisos (sobre ense\u00f1ar las confesiones luteranas, explorar cuestiones sin resolver, profundizar la relaci\u00f3n a trav\u00e9s de la oraci\u00f3n conjunta y el trabajo por la paz)\u2026 en la convicci\u00f3n de que el trabajo del Esp\u00edritu no ha terminado en nuestras iglesias\u201d dice el reporte.<\/p>\n<p>Un \u201cfruto\u201d de este trabajo son los di\u00e1logos sobre el bautismo; impulsados por  el Consejo Pontificio para la promoci\u00f3n de la unidad de los cristianos, el CMM sugiri\u00f3 que la FLM se uniera tambi\u00e9n.<\/p>\n<p><em>Llevando Fruto <\/em>explora otro punto de diferencia en curso \u2013 la autoridad civil y la participaci\u00f3n Cristiana en la guerra \u2013 a trav\u00e9s de un honesto y respetuoso di\u00e1logo entre los representantes Menonitas y Luteranos.<\/p>\n<p>\u201cEl duro e incluso doloroso, trabajo de reevaluar el pasado ha abierto el camino para nuevas relaciones\u201d, declara el reporte. \u201c\u00c1rboles de esperanza han sido plantados. Ahora es tiempo de cuidar que los frutos contin\u00faen siendo nutridos y cosechados\u201d.<\/p>\n<p>Hace quinientos a\u00f1os, los anabautistas y los luteranos manejaban de modo diferente la presi\u00f3n de los poderes pol\u00edticos de gobierno y se levantaron condenas unos contra otros, dice Alfred Neufeld, presidente de la Comisi\u00f3n de Vida y Fe del CMM. \u201cPero todo eso es historia. Hoy, la iglesia mundial de Cristo (tanto Menonitas como Luteranos) se da cuenta que la iglesia est\u00e1 llamada a hablar la verdad a los poderes. Esa nueva conciencia mundial y transnacional nos libera para mantenernos juntos y cerca.<\/p>\n<p>Refiri\u00e9ndose al proceso en un evento de la FLM en Indiana, EE.UU, el presidente del CMM Nelson Kraybill dijo: \u201cAhora recae sobre nosotros \u2013 pastores como usted y yo, l\u00edderes en todos los niveles de nuestras iglesias y cuerpos regionales \u2013 el acordar que nos amaremos y respetaremos mutuamente y encontraremos  modos de colaborar con la construcci\u00f3n de paz y la proclamaci\u00f3n del evangelio.\u201d<\/p>\n<p><a href=\"https:\/\/www.lutheranworld.org\/sites\/default\/files\/dtpw-lutheran-mennonites_2016.pdf\">Haga clic aqu\u00ed<\/a> para ver el reporte completo de \u201cLlevando Fruto\u201d en ingl\u00e9s escrito por la FLM.<\/p>\n<p><em>\u2014Comunicado del Congreso Mundial Menonita<\/em><\/p>\n","protected":false},"excerpt":{"rendered":"<p>NULL<\/p>\n","protected":false},"author":1,"featured_media":88034,"comment_status":"closed","ping_status":"closed","sticky":false,"template":"","format":"standard","meta":{"_acf_changed":false,"footnotes":""},"categories":[6],"tags":[],"network":[1271],"eventcategory":[],"class_list":["post-8644","post","type-post","status-publish","format-standard","has-post-thumbnail","hentry","category-sin-categorizar","network-faith-and-life-commission-es"],"acf":[],"yoast_head":"<!-- This site is optimized with the Yoast SEO plugin v27.5 - https:\/\/yoast.com\/product\/yoast-seo-wordpress\/ -->\n<title>Reconciliando la reforma radical - Mennonite World Conference<\/title>\n<meta name=\"robots\" content=\"index, follow, max-snippet:-1, max-image-preview:large, max-video-preview:-1\" \/>\n<link rel=\"canonical\" href=\"https:\/\/mwc-cmm.org\/es\/stories\/reconciling-the-radical-reformation-3\/\" \/>\n<meta property=\"og:locale\" content=\"es_ES\" \/>\n<meta property=\"og:type\" content=\"article\" \/>\n<meta property=\"og:title\" content=\"Reconciliando la reforma radical - Mennonite World Conference\" \/>\n<meta property=\"og:description\" content=\"NULL\" \/>\n<meta property=\"og:url\" content=\"https:\/\/mwc-cmm.org\/es\/stories\/reconciling-the-radical-reformation-3\/\" \/>\n<meta property=\"og:site_name\" content=\"Mennonite World Conference\" \/>\n<meta property=\"article:publisher\" content=\"https:\/\/www.facebook.com\/MennoniteWorldConference\" \/>\n<meta property=\"article:published_time\" content=\"2016-07-22T00:00:00+00:00\" \/>\n<meta property=\"article:modified_time\" content=\"2024-12-10T18:00:10+00:00\" \/>\n<meta property=\"og:image\" content=\"https:\/\/mwc-cmm.org\/wp-content\/uploads\/2024\/11\/paraguay_asuncion_mennonite_world_conference-lowell_brown-15_jul_200_030_-_small.jpg\" \/>\n\t<meta property=\"og:image:width\" content=\"800\" \/>\n\t<meta property=\"og:image:height\" content=\"533\" \/>\n\t<meta property=\"og:image:type\" content=\"image\/jpeg\" \/>\n<meta name=\"author\" content=\"mennworldcon\" \/>\n<script type=\"application\/ld+json\" class=\"yoast-schema-graph\">{\"@context\":\"https:\\\/\\\/schema.org\",\"@graph\":[{\"@type\":\"Article\",\"@id\":\"https:\\\/\\\/mwc-cmm.org\\\/es\\\/stories\\\/reconciling-the-radical-reformation-3\\\/#article\",\"isPartOf\":{\"@id\":\"https:\\\/\\\/mwc-cmm.org\\\/es\\\/stories\\\/reconciling-the-radical-reformation-3\\\/\"},\"author\":{\"name\":\"mennworldcon\",\"@id\":\"https:\\\/\\\/mwc-cmm.org\\\/en\\\/#\\\/schema\\\/person\\\/11f6ae0d7d1868ba20a1cc27f067c836\"},\"headline\":\"Reconciliando la reforma radical\",\"datePublished\":\"2016-07-22T00:00:00+00:00\",\"dateModified\":\"2024-12-10T18:00:10+00:00\",\"mainEntityOfPage\":{\"@id\":\"https:\\\/\\\/mwc-cmm.org\\\/es\\\/stories\\\/reconciling-the-radical-reformation-3\\\/\"},\"wordCount\":689,\"publisher\":{\"@id\":\"https:\\\/\\\/mwc-cmm.org\\\/en\\\/#organization\"},\"image\":{\"@id\":\"https:\\\/\\\/mwc-cmm.org\\\/es\\\/stories\\\/reconciling-the-radical-reformation-3\\\/#primaryimage\"},\"thumbnailUrl\":\"https:\\\/\\\/mwc-cmm.org\\\/wp-content\\\/uploads\\\/2024\\\/11\\\/paraguay_asuncion_mennonite_world_conference-lowell_brown-15_jul_200_030_-_small.jpg\",\"articleSection\":[\"Sin categorizar\"],\"inLanguage\":\"es\"},{\"@type\":\"WebPage\",\"@id\":\"https:\\\/\\\/mwc-cmm.org\\\/es\\\/stories\\\/reconciling-the-radical-reformation-3\\\/\",\"url\":\"https:\\\/\\\/mwc-cmm.org\\\/es\\\/stories\\\/reconciling-the-radical-reformation-3\\\/\",\"name\":\"Reconciliando la reforma radical - Mennonite World Conference\",\"isPartOf\":{\"@id\":\"https:\\\/\\\/mwc-cmm.org\\\/en\\\/#website\"},\"primaryImageOfPage\":{\"@id\":\"https:\\\/\\\/mwc-cmm.org\\\/es\\\/stories\\\/reconciling-the-radical-reformation-3\\\/#primaryimage\"},\"image\":{\"@id\":\"https:\\\/\\\/mwc-cmm.org\\\/es\\\/stories\\\/reconciling-the-radical-reformation-3\\\/#primaryimage\"},\"thumbnailUrl\":\"https:\\\/\\\/mwc-cmm.org\\\/wp-content\\\/uploads\\\/2024\\\/11\\\/paraguay_asuncion_mennonite_world_conference-lowell_brown-15_jul_200_030_-_small.jpg\",\"datePublished\":\"2016-07-22T00:00:00+00:00\",\"dateModified\":\"2024-12-10T18:00:10+00:00\",\"breadcrumb\":{\"@id\":\"https:\\\/\\\/mwc-cmm.org\\\/es\\\/stories\\\/reconciling-the-radical-reformation-3\\\/#breadcrumb\"},\"inLanguage\":\"es\",\"potentialAction\":[{\"@type\":\"ReadAction\",\"target\":[\"https:\\\/\\\/mwc-cmm.org\\\/es\\\/stories\\\/reconciling-the-radical-reformation-3\\\/\"]}]},{\"@type\":\"ImageObject\",\"inLanguage\":\"es\",\"@id\":\"https:\\\/\\\/mwc-cmm.org\\\/es\\\/stories\\\/reconciling-the-radical-reformation-3\\\/#primaryimage\",\"url\":\"https:\\\/\\\/mwc-cmm.org\\\/wp-content\\\/uploads\\\/2024\\\/11\\\/paraguay_asuncion_mennonite_world_conference-lowell_brown-15_jul_200_030_-_small.jpg\",\"contentUrl\":\"https:\\\/\\\/mwc-cmm.org\\\/wp-content\\\/uploads\\\/2024\\\/11\\\/paraguay_asuncion_mennonite_world_conference-lowell_brown-15_jul_200_030_-_small.jpg\",\"width\":800,\"height\":533},{\"@type\":\"BreadcrumbList\",\"@id\":\"https:\\\/\\\/mwc-cmm.org\\\/es\\\/stories\\\/reconciling-the-radical-reformation-3\\\/#breadcrumb\",\"itemListElement\":[{\"@type\":\"ListItem\",\"position\":1,\"name\":\"Home\",\"item\":\"https:\\\/\\\/mwc-cmm.org\\\/es\\\/\"},{\"@type\":\"ListItem\",\"position\":2,\"name\":\"Reconciliando la reforma radical\"}]},{\"@type\":\"WebSite\",\"@id\":\"https:\\\/\\\/mwc-cmm.org\\\/en\\\/#website\",\"url\":\"https:\\\/\\\/mwc-cmm.org\\\/en\\\/\",\"name\":\"Mennonite World Conference\",\"description\":\"A communion of Anabaptist-related churches\",\"publisher\":{\"@id\":\"https:\\\/\\\/mwc-cmm.org\\\/en\\\/#organization\"},\"alternateName\":\"MWC\",\"potentialAction\":[{\"@type\":\"SearchAction\",\"target\":{\"@type\":\"EntryPoint\",\"urlTemplate\":\"https:\\\/\\\/mwc-cmm.org\\\/en\\\/?s={search_term_string}\"},\"query-input\":{\"@type\":\"PropertyValueSpecification\",\"valueRequired\":true,\"valueName\":\"search_term_string\"}}],\"inLanguage\":\"es\"},{\"@type\":\"Organization\",\"@id\":\"https:\\\/\\\/mwc-cmm.org\\\/en\\\/#organization\",\"name\":\"Mennonite World Conference\",\"alternateName\":\"MWC\",\"url\":\"https:\\\/\\\/mwc-cmm.org\\\/en\\\/\",\"logo\":{\"@type\":\"ImageObject\",\"inLanguage\":\"es\",\"@id\":\"https:\\\/\\\/mwc-cmm.org\\\/en\\\/#\\\/schema\\\/logo\\\/image\\\/\",\"url\":\"https:\\\/\\\/mwc-cmm.org\\\/wp-content\\\/uploads\\\/2026\\\/01\\\/MWC_Sig_Blue_Horiz_webheader1-logo.svg\",\"contentUrl\":\"https:\\\/\\\/mwc-cmm.org\\\/wp-content\\\/uploads\\\/2026\\\/01\\\/MWC_Sig_Blue_Horiz_webheader1-logo.svg\",\"width\":786,\"height\":82,\"caption\":\"Mennonite World Conference\"},\"image\":{\"@id\":\"https:\\\/\\\/mwc-cmm.org\\\/en\\\/#\\\/schema\\\/logo\\\/image\\\/\"},\"sameAs\":[\"https:\\\/\\\/www.facebook.com\\\/MennoniteWorldConference\",\"https:\\\/\\\/www.linkedin.com\\\/company\\\/mennonite-world-conference-mwc\\\/\",\"https:\\\/\\\/www.instagram.com\\\/mwcmm\\\/\",\"https:\\\/\\\/www.youtube.com\\\/user\\\/mwccmm\",\"https:\\\/\\\/bsky.app\\\/profile\\\/mwcmm.bsky.social\"]},{\"@type\":\"Person\",\"@id\":\"https:\\\/\\\/mwc-cmm.org\\\/en\\\/#\\\/schema\\\/person\\\/11f6ae0d7d1868ba20a1cc27f067c836\",\"name\":\"mennworldcon\",\"image\":{\"@type\":\"ImageObject\",\"inLanguage\":\"es\",\"@id\":\"https:\\\/\\\/secure.gravatar.com\\\/avatar\\\/06fdc0dc81c157dfdb82ec42f252178a22307808988d22c043f9eb96f1e0fe80?s=96&d=mm&r=g\",\"url\":\"https:\\\/\\\/secure.gravatar.com\\\/avatar\\\/06fdc0dc81c157dfdb82ec42f252178a22307808988d22c043f9eb96f1e0fe80?s=96&d=mm&r=g\",\"contentUrl\":\"https:\\\/\\\/secure.gravatar.com\\\/avatar\\\/06fdc0dc81c157dfdb82ec42f252178a22307808988d22c043f9eb96f1e0fe80?s=96&d=mm&r=g\",\"caption\":\"mennworldcon\"},\"sameAs\":[\"https:\\\/\\\/mwc-cmm.org\"],\"url\":\"https:\\\/\\\/mwc-cmm.org\\\/es\\\/stories\\\/author\\\/mennworldcon\\\/\"}]}<\/script>\n<!-- \/ Yoast SEO plugin. -->","yoast_head_json":{"title":"Reconciliando la reforma radical - Mennonite World Conference","robots":{"index":"index","follow":"follow","max-snippet":"max-snippet:-1","max-image-preview":"max-image-preview:large","max-video-preview":"max-video-preview:-1"},"canonical":"https:\/\/mwc-cmm.org\/es\/stories\/reconciling-the-radical-reformation-3\/","og_locale":"es_ES","og_type":"article","og_title":"Reconciliando la reforma radical - Mennonite World Conference","og_description":"NULL","og_url":"https:\/\/mwc-cmm.org\/es\/stories\/reconciling-the-radical-reformation-3\/","og_site_name":"Mennonite World Conference","article_publisher":"https:\/\/www.facebook.com\/MennoniteWorldConference","article_published_time":"2016-07-22T00:00:00+00:00","article_modified_time":"2024-12-10T18:00:10+00:00","og_image":[{"width":800,"height":533,"url":"https:\/\/mwc-cmm.org\/wp-content\/uploads\/2024\/11\/paraguay_asuncion_mennonite_world_conference-lowell_brown-15_jul_200_030_-_small.jpg","type":"image\/jpeg"}],"author":"mennworldcon","schema":{"@context":"https:\/\/schema.org","@graph":[{"@type":"Article","@id":"https:\/\/mwc-cmm.org\/es\/stories\/reconciling-the-radical-reformation-3\/#article","isPartOf":{"@id":"https:\/\/mwc-cmm.org\/es\/stories\/reconciling-the-radical-reformation-3\/"},"author":{"name":"mennworldcon","@id":"https:\/\/mwc-cmm.org\/en\/#\/schema\/person\/11f6ae0d7d1868ba20a1cc27f067c836"},"headline":"Reconciliando la reforma radical","datePublished":"2016-07-22T00:00:00+00:00","dateModified":"2024-12-10T18:00:10+00:00","mainEntityOfPage":{"@id":"https:\/\/mwc-cmm.org\/es\/stories\/reconciling-the-radical-reformation-3\/"},"wordCount":689,"publisher":{"@id":"https:\/\/mwc-cmm.org\/en\/#organization"},"image":{"@id":"https:\/\/mwc-cmm.org\/es\/stories\/reconciling-the-radical-reformation-3\/#primaryimage"},"thumbnailUrl":"https:\/\/mwc-cmm.org\/wp-content\/uploads\/2024\/11\/paraguay_asuncion_mennonite_world_conference-lowell_brown-15_jul_200_030_-_small.jpg","articleSection":["Sin categorizar"],"inLanguage":"es"},{"@type":"WebPage","@id":"https:\/\/mwc-cmm.org\/es\/stories\/reconciling-the-radical-reformation-3\/","url":"https:\/\/mwc-cmm.org\/es\/stories\/reconciling-the-radical-reformation-3\/","name":"Reconciliando la reforma radical - Mennonite World Conference","isPartOf":{"@id":"https:\/\/mwc-cmm.org\/en\/#website"},"primaryImageOfPage":{"@id":"https:\/\/mwc-cmm.org\/es\/stories\/reconciling-the-radical-reformation-3\/#primaryimage"},"image":{"@id":"https:\/\/mwc-cmm.org\/es\/stories\/reconciling-the-radical-reformation-3\/#primaryimage"},"thumbnailUrl":"https:\/\/mwc-cmm.org\/wp-content\/uploads\/2024\/11\/paraguay_asuncion_mennonite_world_conference-lowell_brown-15_jul_200_030_-_small.jpg","datePublished":"2016-07-22T00:00:00+00:00","dateModified":"2024-12-10T18:00:10+00:00","breadcrumb":{"@id":"https:\/\/mwc-cmm.org\/es\/stories\/reconciling-the-radical-reformation-3\/#breadcrumb"},"inLanguage":"es","potentialAction":[{"@type":"ReadAction","target":["https:\/\/mwc-cmm.org\/es\/stories\/reconciling-the-radical-reformation-3\/"]}]},{"@type":"ImageObject","inLanguage":"es","@id":"https:\/\/mwc-cmm.org\/es\/stories\/reconciling-the-radical-reformation-3\/#primaryimage","url":"https:\/\/mwc-cmm.org\/wp-content\/uploads\/2024\/11\/paraguay_asuncion_mennonite_world_conference-lowell_brown-15_jul_200_030_-_small.jpg","contentUrl":"https:\/\/mwc-cmm.org\/wp-content\/uploads\/2024\/11\/paraguay_asuncion_mennonite_world_conference-lowell_brown-15_jul_200_030_-_small.jpg","width":800,"height":533},{"@type":"BreadcrumbList","@id":"https:\/\/mwc-cmm.org\/es\/stories\/reconciling-the-radical-reformation-3\/#breadcrumb","itemListElement":[{"@type":"ListItem","position":1,"name":"Home","item":"https:\/\/mwc-cmm.org\/es\/"},{"@type":"ListItem","position":2,"name":"Reconciliando la reforma radical"}]},{"@type":"WebSite","@id":"https:\/\/mwc-cmm.org\/en\/#website","url":"https:\/\/mwc-cmm.org\/en\/","name":"Mennonite World Conference","description":"A communion of Anabaptist-related churches","publisher":{"@id":"https:\/\/mwc-cmm.org\/en\/#organization"},"alternateName":"MWC","potentialAction":[{"@type":"SearchAction","target":{"@type":"EntryPoint","urlTemplate":"https:\/\/mwc-cmm.org\/en\/?s={search_term_string}"},"query-input":{"@type":"PropertyValueSpecification","valueRequired":true,"valueName":"search_term_string"}}],"inLanguage":"es"},{"@type":"Organization","@id":"https:\/\/mwc-cmm.org\/en\/#organization","name":"Mennonite World Conference","alternateName":"MWC","url":"https:\/\/mwc-cmm.org\/en\/","logo":{"@type":"ImageObject","inLanguage":"es","@id":"https:\/\/mwc-cmm.org\/en\/#\/schema\/logo\/image\/","url":"https:\/\/mwc-cmm.org\/wp-content\/uploads\/2026\/01\/MWC_Sig_Blue_Horiz_webheader1-logo.svg","contentUrl":"https:\/\/mwc-cmm.org\/wp-content\/uploads\/2026\/01\/MWC_Sig_Blue_Horiz_webheader1-logo.svg","width":786,"height":82,"caption":"Mennonite World Conference"},"image":{"@id":"https:\/\/mwc-cmm.org\/en\/#\/schema\/logo\/image\/"},"sameAs":["https:\/\/www.facebook.com\/MennoniteWorldConference","https:\/\/www.linkedin.com\/company\/mennonite-world-conference-mwc\/","https:\/\/www.instagram.com\/mwcmm\/","https:\/\/www.youtube.com\/user\/mwccmm","https:\/\/bsky.app\/profile\/mwcmm.bsky.social"]},{"@type":"Person","@id":"https:\/\/mwc-cmm.org\/en\/#\/schema\/person\/11f6ae0d7d1868ba20a1cc27f067c836","name":"mennworldcon","image":{"@type":"ImageObject","inLanguage":"es","@id":"https:\/\/secure.gravatar.com\/avatar\/06fdc0dc81c157dfdb82ec42f252178a22307808988d22c043f9eb96f1e0fe80?s=96&d=mm&r=g","url":"https:\/\/secure.gravatar.com\/avatar\/06fdc0dc81c157dfdb82ec42f252178a22307808988d22c043f9eb96f1e0fe80?s=96&d=mm&r=g","contentUrl":"https:\/\/secure.gravatar.com\/avatar\/06fdc0dc81c157dfdb82ec42f252178a22307808988d22c043f9eb96f1e0fe80?s=96&d=mm&r=g","caption":"mennworldcon"},"sameAs":["https:\/\/mwc-cmm.org"],"url":"https:\/\/mwc-cmm.org\/es\/stories\/author\/mennworldcon\/"}]}},"_links":{"self":[{"href":"https:\/\/mwc-cmm.org\/es\/wp-json\/wp\/v2\/posts\/8644","targetHints":{"allow":["GET"]}}],"collection":[{"href":"https:\/\/mwc-cmm.org\/es\/wp-json\/wp\/v2\/posts"}],"about":[{"href":"https:\/\/mwc-cmm.org\/es\/wp-json\/wp\/v2\/types\/post"}],"author":[{"embeddable":true,"href":"https:\/\/mwc-cmm.org\/es\/wp-json\/wp\/v2\/users\/1"}],"replies":[{"embeddable":true,"href":"https:\/\/mwc-cmm.org\/es\/wp-json\/wp\/v2\/comments?post=8644"}],"version-history":[{"count":0,"href":"https:\/\/mwc-cmm.org\/es\/wp-json\/wp\/v2\/posts\/8644\/revisions"}],"wp:featuredmedia":[{"embeddable":true,"href":"https:\/\/mwc-cmm.org\/es\/wp-json\/wp\/v2\/media\/88034"}],"wp:attachment":[{"href":"https:\/\/mwc-cmm.org\/es\/wp-json\/wp\/v2\/media?parent=8644"}],"wp:term":[{"taxonomy":"category","embeddable":true,"href":"https:\/\/mwc-cmm.org\/es\/wp-json\/wp\/v2\/categories?post=8644"},{"taxonomy":"post_tag","embeddable":true,"href":"https:\/\/mwc-cmm.org\/es\/wp-json\/wp\/v2\/tags?post=8644"},{"taxonomy":"network","embeddable":true,"href":"https:\/\/mwc-cmm.org\/es\/wp-json\/wp\/v2\/network?post=8644"},{"taxonomy":"eventcategory","embeddable":true,"href":"https:\/\/mwc-cmm.org\/es\/wp-json\/wp\/v2\/eventcategory?post=8644"}],"curies":[{"name":"wp","href":"https:\/\/api.w.org\/{rel}","templated":true}]}}