{"id":8631,"date":"2016-05-19T00:00:00","date_gmt":"2016-05-19T00:00:00","guid":{"rendered":"https:\/\/mwc-cmm.org\/global-young-adult-advocates-at-un-with-mcc-3\/"},"modified":"2024-12-10T18:00:03","modified_gmt":"2024-12-10T18:00:03","slug":"global-young-adult-advocates-at-un-with-mcc-3","status":"publish","type":"post","link":"https:\/\/mwc-cmm.org\/es\/stories\/global-young-adult-advocates-at-un-with-mcc-3\/","title":{"rendered":"J\u00f3ven de programa internacional participa en la ONU con el CCM"},"content":{"rendered":"<p>Nueva York, EE.UU. \u2013 Juan Sebasti\u00e1n Pacheco Lozano est\u00e1 singularmente calificado para su posici\u00f3n de servicio como participante durante \u00e9ste a\u00f1o del Programa de Voluntariado de <a href=\"http:\/\/mcc.org\/get-involved\/serve\/volunteer\/ivep\">Intercambio Internacional (IVEP, por su sigla en ingl\u00e9s)<\/a> sirviendo como pasante del Congreso Mundial Menonita (CMM) en la oficina del Comit\u00e9 Central Menonita (CCM) ubicada en sede de las Naciones Unidas.<\/p>\n<p>Desde 2011 a 2013, Pacheco Lozano aprendi\u00f3 c\u00f3mo abordar asuntos de violencia, pobreza y opresi\u00f3n siendo uno de los 10 participantes nacionales e internacionales en el programa del CCM Semilla en Colombia.<\/p>\n<p>Pacheco Lozano, de veintis\u00e9is a\u00f1os de edad, miembro de la Iglesia Menonita de Teusaquillo en Bogot\u00e1, se asoci\u00f3 con Iglesias Hermanos Menonitas en Colombia y con organizaciones de base sin fines de lucro.<\/p>\n<p>Juan Sebastian afirma que el programa <a href=\"http:\/\/mcc.org\/get-involved\/serve\/volunteer\/seed\/es\">Semilla<\/a> le permiti\u00f3 aprender y colaborar con personas de diversos trasfondos pol\u00edticos, teol\u00f3gicos y culturales que le ense\u00f1aron c\u00f3mo las comunidades de la iglesia pueden ser fuerzas positivas de cambio en sus contextos locales.<\/p>\n<p>Ahora trae toda esa experiencia adquirida a nivel local al \u00e1mbito mundial.<\/p>\n<p>En la ONU, Pacheco Lozano est\u00e1 trabajando en asuntos que tienen un impacto directo en sus compatriotas colombianos, incluyendo la seguridad minera, la calidad del agua y el saneamiento, as\u00ed como los asuntos que reflejan las prioridades de los asociados mundiales del CCM en otras regiones del mundo.<\/p>\n<p>\u201cNuestros participantes de IVEP ayudan a traer la voz del Sur del mundo a nuestra labor en la ONU,\u201d se\u00f1ala Doug Hostetter, Director de la oficina de la ONU del CCM. \u201cTraen pasi\u00f3n por el trabajo en temas de paz y justicia basados en sus contextos locales.\u201d<\/p>\n<p>Los pasantes de la ONU proceden de congregaciones de iglesias miembros del CMM en Am\u00e9rica Latina, \u00c1frica y Asia. Actualmente el CCM est\u00e1 aceptando solicitudes para un pasante de Asia para el per\u00edodo 2017\u20132018.<\/p>\n<p>Pacheco Lozano por ahora destaca de su trabajo en la ONU la oportunidad de escuchar hablar al presidente de Colombia, Juan Manuel Santos, en la Asamblea General de la ONU en septiembre de 2015, sobre el proceso de paz entre el gobierno y el grupo insurgente denominado Fuerzas Armadas Revolucionarias de Colombia (FARC).<\/p>\n<p>Pacheco Lozano escuch\u00f3 con un sentido renovado de esperanza mientras el presidente de su pa\u00eds describ\u00eda los nuevos adelantos en el proceso y declaraba, \u201cColombia est\u00e1 en la senda hacia la paz.\u201d<\/p>\n<p>Para la participante de IVEP (2008\u20132009) Tigist Tesfaye Gelagle, servir en la oficina de la ONU del CCM le ayud\u00f3 a moldear su carrera y la alent\u00f3 a desempe\u00f1arse en roles de liderazgo en la comunidad del CMM.<\/p>\n<p>Al regresar a su casa en Etiop\u00eda, ha servido con organizaciones internacionales sin fines de lucro, incluyendo a Mennonite Economic Development Associates (MEDA). Inspirada por su experiencia en la ONU, obtuvo una Maestr\u00eda en Desarrollo Econ\u00f3mico en 2013 y actualmente se encuentra cursando un postgrado en estudios b\u00edblicos y teolog\u00eda.<\/p>\n<p>Adem\u00e1s, se desempe\u00f1\u00f3 como representante de \u00c1frica para el Comit\u00e9 de J\u00f3venes Anabautistas del CMM (2011\u20132015) y ahora es mentora del Comit\u00e9 actual. Ella fue una de las oradoras de los J\u00f3venes Anabautistas s en Pennsylvania 2015.<\/p>\n<p><em>Art\u00edculo de Rachel Sommer, CCM<\/em><\/p>\n<p><em>Un comunicado conjunto del Congreso Mundial Menonita y el Comit\u00e9 Central Menonita.<\/em><\/p>\n","protected":false},"excerpt":{"rendered":"<p>NULL<\/p>\n","protected":false},"author":1,"featured_media":87894,"comment_status":"closed","ping_status":"closed","sticky":false,"template":"","format":"standard","meta":{"_acf_changed":false,"footnotes":""},"categories":[6],"tags":[916,1147,394],"network":[1284],"eventcategory":[],"class_list":["post-8631","post","type-post","status-publish","format-standard","has-post-thumbnail","hentry","category-sin-categorizar","tag-jovenes","tag-jovenes-es","tag-yabs-es","network-young-anabaptists-es"],"acf":[],"yoast_head":"<!-- This site is optimized with the Yoast SEO plugin v27.2 - https:\/\/yoast.com\/product\/yoast-seo-wordpress\/ -->\n<title>J\u00f3ven de programa internacional participa en la ONU con el CCM - Mennonite World Conference<\/title>\n<meta name=\"robots\" content=\"index, follow, max-snippet:-1, max-image-preview:large, max-video-preview:-1\" \/>\n<link rel=\"canonical\" href=\"https:\/\/mwc-cmm.org\/en\/stories\/global-young-adult-advocates-at-un-with-mcc\/\" \/>\n<meta property=\"og:locale\" content=\"es_ES\" \/>\n<meta property=\"og:type\" content=\"article\" \/>\n<meta property=\"og:title\" content=\"J\u00f3ven de programa internacional participa en la ONU con el CCM - Mennonite World Conference\" \/>\n<meta property=\"og:description\" content=\"NULL\" \/>\n<meta property=\"og:url\" content=\"https:\/\/mwc-cmm.org\/en\/stories\/global-young-adult-advocates-at-un-with-mcc\/\" \/>\n<meta property=\"og:site_name\" content=\"Mennonite World Conference\" \/>\n<meta property=\"article:publisher\" content=\"https:\/\/www.facebook.com\/MennoniteWorldConference\" \/>\n<meta property=\"article:published_time\" content=\"2016-05-19T00:00:00+00:00\" \/>\n<meta property=\"article:modified_time\" content=\"2024-12-10T18:00:03+00:00\" \/>\n<meta property=\"og:image\" content=\"https:\/\/mwc-cmm.org\/wp-content\/uploads\/2024\/11\/img_4387-001-scaled.jpg\" \/>\n\t<meta property=\"og:image:width\" content=\"1942\" \/>\n\t<meta property=\"og:image:height\" content=\"2560\" \/>\n\t<meta property=\"og:image:type\" content=\"image\/jpeg\" \/>\n<meta name=\"author\" content=\"mennworldcon\" \/>\n<script type=\"application\/ld+json\" class=\"yoast-schema-graph\">{\"@context\":\"https:\/\/schema.org\",\"@graph\":[{\"@type\":\"Article\",\"@id\":\"https:\/\/mwc-cmm.org\/en\/stories\/global-young-adult-advocates-at-un-with-mcc\/#article\",\"isPartOf\":{\"@id\":\"https:\/\/mwc-cmm.org\/en\/stories\/global-young-adult-advocates-at-un-with-mcc\/\"},\"author\":{\"name\":\"mennworldcon\",\"@id\":\"https:\/\/mwc-cmm.org\/en\/#\/schema\/person\/11f6ae0d7d1868ba20a1cc27f067c836\"},\"headline\":\"J\u00f3ven de programa internacional participa en la ONU con el CCM\",\"datePublished\":\"2016-05-19T00:00:00+00:00\",\"dateModified\":\"2024-12-10T18:00:03+00:00\",\"mainEntityOfPage\":{\"@id\":\"https:\/\/mwc-cmm.org\/en\/stories\/global-young-adult-advocates-at-un-with-mcc\/\"},\"wordCount\":561,\"publisher\":{\"@id\":\"https:\/\/mwc-cmm.org\/en\/#organization\"},\"image\":{\"@id\":\"https:\/\/mwc-cmm.org\/en\/stories\/global-young-adult-advocates-at-un-with-mcc\/#primaryimage\"},\"thumbnailUrl\":\"https:\/\/mwc-cmm.org\/wp-content\/uploads\/2024\/11\/img_4387-001-scaled.jpg\",\"keywords\":[\"j\u00f3venes\",\"j\u00f3venes\",\"YABs\"],\"articleSection\":[\"Sin categorizar\"],\"inLanguage\":\"es\"},{\"@type\":\"WebPage\",\"@id\":\"https:\/\/mwc-cmm.org\/en\/stories\/global-young-adult-advocates-at-un-with-mcc\/\",\"url\":\"https:\/\/mwc-cmm.org\/en\/stories\/global-young-adult-advocates-at-un-with-mcc\/\",\"name\":\"J\u00f3ven de programa internacional participa en la ONU con el CCM - Mennonite World Conference\",\"isPartOf\":{\"@id\":\"https:\/\/mwc-cmm.org\/en\/#website\"},\"primaryImageOfPage\":{\"@id\":\"https:\/\/mwc-cmm.org\/en\/stories\/global-young-adult-advocates-at-un-with-mcc\/#primaryimage\"},\"image\":{\"@id\":\"https:\/\/mwc-cmm.org\/en\/stories\/global-young-adult-advocates-at-un-with-mcc\/#primaryimage\"},\"thumbnailUrl\":\"https:\/\/mwc-cmm.org\/wp-content\/uploads\/2024\/11\/img_4387-001-scaled.jpg\",\"datePublished\":\"2016-05-19T00:00:00+00:00\",\"dateModified\":\"2024-12-10T18:00:03+00:00\",\"breadcrumb\":{\"@id\":\"https:\/\/mwc-cmm.org\/en\/stories\/global-young-adult-advocates-at-un-with-mcc\/#breadcrumb\"},\"inLanguage\":\"es\",\"potentialAction\":[{\"@type\":\"ReadAction\",\"target\":[\"https:\/\/mwc-cmm.org\/en\/stories\/global-young-adult-advocates-at-un-with-mcc\/\"]}]},{\"@type\":\"ImageObject\",\"inLanguage\":\"es\",\"@id\":\"https:\/\/mwc-cmm.org\/en\/stories\/global-young-adult-advocates-at-un-with-mcc\/#primaryimage\",\"url\":\"https:\/\/mwc-cmm.org\/wp-content\/uploads\/2024\/11\/img_4387-001-scaled.jpg\",\"contentUrl\":\"https:\/\/mwc-cmm.org\/wp-content\/uploads\/2024\/11\/img_4387-001-scaled.jpg\",\"width\":1942,\"height\":2560},{\"@type\":\"BreadcrumbList\",\"@id\":\"https:\/\/mwc-cmm.org\/en\/stories\/global-young-adult-advocates-at-un-with-mcc\/#breadcrumb\",\"itemListElement\":[{\"@type\":\"ListItem\",\"position\":1,\"name\":\"Home\",\"item\":\"https:\/\/mwc-cmm.org\/es\/\"},{\"@type\":\"ListItem\",\"position\":2,\"name\":\"J\u00f3ven de programa internacional participa en la ONU con el CCM\"}]},{\"@type\":\"WebSite\",\"@id\":\"https:\/\/mwc-cmm.org\/en\/#website\",\"url\":\"https:\/\/mwc-cmm.org\/en\/\",\"name\":\"Mennonite World Conference\",\"description\":\"A communion of Anabaptist-related churches\",\"publisher\":{\"@id\":\"https:\/\/mwc-cmm.org\/en\/#organization\"},\"alternateName\":\"MWC\",\"potentialAction\":[{\"@type\":\"SearchAction\",\"target\":{\"@type\":\"EntryPoint\",\"urlTemplate\":\"https:\/\/mwc-cmm.org\/en\/?s={search_term_string}\"},\"query-input\":{\"@type\":\"PropertyValueSpecification\",\"valueRequired\":true,\"valueName\":\"search_term_string\"}}],\"inLanguage\":\"es\"},{\"@type\":\"Organization\",\"@id\":\"https:\/\/mwc-cmm.org\/en\/#organization\",\"name\":\"Mennonite World Conference\",\"alternateName\":\"MWC\",\"url\":\"https:\/\/mwc-cmm.org\/en\/\",\"logo\":{\"@type\":\"ImageObject\",\"inLanguage\":\"es\",\"@id\":\"https:\/\/mwc-cmm.org\/en\/#\/schema\/logo\/image\/\",\"url\":\"https:\/\/mwc-cmm.org\/wp-content\/uploads\/2026\/01\/MWC_Sig_Blue_Horiz_webheader1-logo.svg\",\"contentUrl\":\"https:\/\/mwc-cmm.org\/wp-content\/uploads\/2026\/01\/MWC_Sig_Blue_Horiz_webheader1-logo.svg\",\"width\":786,\"height\":82,\"caption\":\"Mennonite World Conference\"},\"image\":{\"@id\":\"https:\/\/mwc-cmm.org\/en\/#\/schema\/logo\/image\/\"},\"sameAs\":[\"https:\/\/www.facebook.com\/MennoniteWorldConference\",\"https:\/\/www.linkedin.com\/company\/mennonite-world-conference-mwc\/\",\"https:\/\/www.instagram.com\/mwcmm\/\",\"https:\/\/www.youtube.com\/user\/mwccmm\",\"https:\/\/bsky.app\/profile\/mwcmm.bsky.social\"]},{\"@type\":\"Person\",\"@id\":\"https:\/\/mwc-cmm.org\/en\/#\/schema\/person\/11f6ae0d7d1868ba20a1cc27f067c836\",\"name\":\"mennworldcon\",\"image\":{\"@type\":\"ImageObject\",\"inLanguage\":\"es\",\"@id\":\"https:\/\/secure.gravatar.com\/avatar\/06fdc0dc81c157dfdb82ec42f252178a22307808988d22c043f9eb96f1e0fe80?s=96&d=mm&r=g\",\"url\":\"https:\/\/secure.gravatar.com\/avatar\/06fdc0dc81c157dfdb82ec42f252178a22307808988d22c043f9eb96f1e0fe80?s=96&d=mm&r=g\",\"contentUrl\":\"https:\/\/secure.gravatar.com\/avatar\/06fdc0dc81c157dfdb82ec42f252178a22307808988d22c043f9eb96f1e0fe80?s=96&d=mm&r=g\",\"caption\":\"mennworldcon\"},\"sameAs\":[\"https:\/\/mwc-cmm.org\"],\"url\":\"https:\/\/mwc-cmm.org\/es\/stories\/author\/mennworldcon\/\"}]}<\/script>\n<!-- \/ Yoast SEO plugin. -->","yoast_head_json":{"title":"J\u00f3ven de programa internacional participa en la ONU con el CCM - Mennonite World Conference","robots":{"index":"index","follow":"follow","max-snippet":"max-snippet:-1","max-image-preview":"max-image-preview:large","max-video-preview":"max-video-preview:-1"},"canonical":"https:\/\/mwc-cmm.org\/en\/stories\/global-young-adult-advocates-at-un-with-mcc\/","og_locale":"es_ES","og_type":"article","og_title":"J\u00f3ven de programa internacional participa en la ONU con el CCM - Mennonite World Conference","og_description":"NULL","og_url":"https:\/\/mwc-cmm.org\/en\/stories\/global-young-adult-advocates-at-un-with-mcc\/","og_site_name":"Mennonite World Conference","article_publisher":"https:\/\/www.facebook.com\/MennoniteWorldConference","article_published_time":"2016-05-19T00:00:00+00:00","article_modified_time":"2024-12-10T18:00:03+00:00","og_image":[{"width":1942,"height":2560,"url":"https:\/\/mwc-cmm.org\/wp-content\/uploads\/2024\/11\/img_4387-001-scaled.jpg","type":"image\/jpeg"}],"author":"mennworldcon","schema":{"@context":"https:\/\/schema.org","@graph":[{"@type":"Article","@id":"https:\/\/mwc-cmm.org\/en\/stories\/global-young-adult-advocates-at-un-with-mcc\/#article","isPartOf":{"@id":"https:\/\/mwc-cmm.org\/en\/stories\/global-young-adult-advocates-at-un-with-mcc\/"},"author":{"name":"mennworldcon","@id":"https:\/\/mwc-cmm.org\/en\/#\/schema\/person\/11f6ae0d7d1868ba20a1cc27f067c836"},"headline":"J\u00f3ven de programa internacional participa en la ONU con el CCM","datePublished":"2016-05-19T00:00:00+00:00","dateModified":"2024-12-10T18:00:03+00:00","mainEntityOfPage":{"@id":"https:\/\/mwc-cmm.org\/en\/stories\/global-young-adult-advocates-at-un-with-mcc\/"},"wordCount":561,"publisher":{"@id":"https:\/\/mwc-cmm.org\/en\/#organization"},"image":{"@id":"https:\/\/mwc-cmm.org\/en\/stories\/global-young-adult-advocates-at-un-with-mcc\/#primaryimage"},"thumbnailUrl":"https:\/\/mwc-cmm.org\/wp-content\/uploads\/2024\/11\/img_4387-001-scaled.jpg","keywords":["j\u00f3venes","j\u00f3venes","YABs"],"articleSection":["Sin categorizar"],"inLanguage":"es"},{"@type":"WebPage","@id":"https:\/\/mwc-cmm.org\/en\/stories\/global-young-adult-advocates-at-un-with-mcc\/","url":"https:\/\/mwc-cmm.org\/en\/stories\/global-young-adult-advocates-at-un-with-mcc\/","name":"J\u00f3ven de programa internacional participa en la ONU con el CCM - Mennonite World Conference","isPartOf":{"@id":"https:\/\/mwc-cmm.org\/en\/#website"},"primaryImageOfPage":{"@id":"https:\/\/mwc-cmm.org\/en\/stories\/global-young-adult-advocates-at-un-with-mcc\/#primaryimage"},"image":{"@id":"https:\/\/mwc-cmm.org\/en\/stories\/global-young-adult-advocates-at-un-with-mcc\/#primaryimage"},"thumbnailUrl":"https:\/\/mwc-cmm.org\/wp-content\/uploads\/2024\/11\/img_4387-001-scaled.jpg","datePublished":"2016-05-19T00:00:00+00:00","dateModified":"2024-12-10T18:00:03+00:00","breadcrumb":{"@id":"https:\/\/mwc-cmm.org\/en\/stories\/global-young-adult-advocates-at-un-with-mcc\/#breadcrumb"},"inLanguage":"es","potentialAction":[{"@type":"ReadAction","target":["https:\/\/mwc-cmm.org\/en\/stories\/global-young-adult-advocates-at-un-with-mcc\/"]}]},{"@type":"ImageObject","inLanguage":"es","@id":"https:\/\/mwc-cmm.org\/en\/stories\/global-young-adult-advocates-at-un-with-mcc\/#primaryimage","url":"https:\/\/mwc-cmm.org\/wp-content\/uploads\/2024\/11\/img_4387-001-scaled.jpg","contentUrl":"https:\/\/mwc-cmm.org\/wp-content\/uploads\/2024\/11\/img_4387-001-scaled.jpg","width":1942,"height":2560},{"@type":"BreadcrumbList","@id":"https:\/\/mwc-cmm.org\/en\/stories\/global-young-adult-advocates-at-un-with-mcc\/#breadcrumb","itemListElement":[{"@type":"ListItem","position":1,"name":"Home","item":"https:\/\/mwc-cmm.org\/es\/"},{"@type":"ListItem","position":2,"name":"J\u00f3ven de programa internacional participa en la ONU con el CCM"}]},{"@type":"WebSite","@id":"https:\/\/mwc-cmm.org\/en\/#website","url":"https:\/\/mwc-cmm.org\/en\/","name":"Mennonite World Conference","description":"A communion of Anabaptist-related churches","publisher":{"@id":"https:\/\/mwc-cmm.org\/en\/#organization"},"alternateName":"MWC","potentialAction":[{"@type":"SearchAction","target":{"@type":"EntryPoint","urlTemplate":"https:\/\/mwc-cmm.org\/en\/?s={search_term_string}"},"query-input":{"@type":"PropertyValueSpecification","valueRequired":true,"valueName":"search_term_string"}}],"inLanguage":"es"},{"@type":"Organization","@id":"https:\/\/mwc-cmm.org\/en\/#organization","name":"Mennonite World Conference","alternateName":"MWC","url":"https:\/\/mwc-cmm.org\/en\/","logo":{"@type":"ImageObject","inLanguage":"es","@id":"https:\/\/mwc-cmm.org\/en\/#\/schema\/logo\/image\/","url":"https:\/\/mwc-cmm.org\/wp-content\/uploads\/2026\/01\/MWC_Sig_Blue_Horiz_webheader1-logo.svg","contentUrl":"https:\/\/mwc-cmm.org\/wp-content\/uploads\/2026\/01\/MWC_Sig_Blue_Horiz_webheader1-logo.svg","width":786,"height":82,"caption":"Mennonite World Conference"},"image":{"@id":"https:\/\/mwc-cmm.org\/en\/#\/schema\/logo\/image\/"},"sameAs":["https:\/\/www.facebook.com\/MennoniteWorldConference","https:\/\/www.linkedin.com\/company\/mennonite-world-conference-mwc\/","https:\/\/www.instagram.com\/mwcmm\/","https:\/\/www.youtube.com\/user\/mwccmm","https:\/\/bsky.app\/profile\/mwcmm.bsky.social"]},{"@type":"Person","@id":"https:\/\/mwc-cmm.org\/en\/#\/schema\/person\/11f6ae0d7d1868ba20a1cc27f067c836","name":"mennworldcon","image":{"@type":"ImageObject","inLanguage":"es","@id":"https:\/\/secure.gravatar.com\/avatar\/06fdc0dc81c157dfdb82ec42f252178a22307808988d22c043f9eb96f1e0fe80?s=96&d=mm&r=g","url":"https:\/\/secure.gravatar.com\/avatar\/06fdc0dc81c157dfdb82ec42f252178a22307808988d22c043f9eb96f1e0fe80?s=96&d=mm&r=g","contentUrl":"https:\/\/secure.gravatar.com\/avatar\/06fdc0dc81c157dfdb82ec42f252178a22307808988d22c043f9eb96f1e0fe80?s=96&d=mm&r=g","caption":"mennworldcon"},"sameAs":["https:\/\/mwc-cmm.org"],"url":"https:\/\/mwc-cmm.org\/es\/stories\/author\/mennworldcon\/"}]}},"_links":{"self":[{"href":"https:\/\/mwc-cmm.org\/es\/wp-json\/wp\/v2\/posts\/8631","targetHints":{"allow":["GET"]}}],"collection":[{"href":"https:\/\/mwc-cmm.org\/es\/wp-json\/wp\/v2\/posts"}],"about":[{"href":"https:\/\/mwc-cmm.org\/es\/wp-json\/wp\/v2\/types\/post"}],"author":[{"embeddable":true,"href":"https:\/\/mwc-cmm.org\/es\/wp-json\/wp\/v2\/users\/1"}],"replies":[{"embeddable":true,"href":"https:\/\/mwc-cmm.org\/es\/wp-json\/wp\/v2\/comments?post=8631"}],"version-history":[{"count":0,"href":"https:\/\/mwc-cmm.org\/es\/wp-json\/wp\/v2\/posts\/8631\/revisions"}],"wp:featuredmedia":[{"embeddable":true,"href":"https:\/\/mwc-cmm.org\/es\/wp-json\/wp\/v2\/media\/87894"}],"wp:attachment":[{"href":"https:\/\/mwc-cmm.org\/es\/wp-json\/wp\/v2\/media?parent=8631"}],"wp:term":[{"taxonomy":"category","embeddable":true,"href":"https:\/\/mwc-cmm.org\/es\/wp-json\/wp\/v2\/categories?post=8631"},{"taxonomy":"post_tag","embeddable":true,"href":"https:\/\/mwc-cmm.org\/es\/wp-json\/wp\/v2\/tags?post=8631"},{"taxonomy":"network","embeddable":true,"href":"https:\/\/mwc-cmm.org\/es\/wp-json\/wp\/v2\/network?post=8631"},{"taxonomy":"eventcategory","embeddable":true,"href":"https:\/\/mwc-cmm.org\/es\/wp-json\/wp\/v2\/eventcategory?post=8631"}],"curies":[{"name":"wp","href":"https:\/\/api.w.org\/{rel}","templated":true}]}}