{"id":8618,"date":"2016-05-19T00:00:00","date_gmt":"2016-05-19T00:00:00","guid":{"rendered":"https:\/\/mwc-cmm.org\/what-i-found-at-pa-2015-and-will-take-home-with-me-3\/"},"modified":"2024-12-10T17:59:55","modified_gmt":"2024-12-10T17:59:55","slug":"what-i-found-at-pa-2015-and-will-take-home-with-me-3","status":"publish","type":"post","link":"https:\/\/mwc-cmm.org\/es\/stories\/what-i-found-at-pa-2015-and-will-take-home-with-me-3\/","title":{"rendered":"Qu\u00e9 encontr\u00e9 en PA 2015 y qu\u00e9 me llevar\u00e9 a casa:"},"content":{"rendered":"<p><u><strong><img decoding=\"async\" alt=\"\" data-src=\"\/sites\/default\/files\/website_files\/paulushartono.jpg\" style=\"width: 120px; height: 120px; border-width: 1px; border-style: solid; margin-left: 5px; margin-right: 5px; float: left;\" src=\"data:image\/svg+xml;base64,PHN2ZyB3aWR0aD0iMSIgaGVpZ2h0PSIxIiB4bWxucz0iaHR0cDovL3d3dy53My5vcmcvMjAwMC9zdmciPjwvc3ZnPg==\" class=\"lazyload\" \/>Paulus Hartono, Indonesia<\/strong><\/u><\/p>\n<p>Ser parte de las multitudes en PA 2015 llev\u00f3 a Paulus Hartono, de Indonesia, a reflexionar sobre su vida de joven y lo asombroso que haya llegado hasta este lugar.<\/p>\n<p>Actualmente, es pastor menonita y muy activo en el trabajo por la paz en Solo (Surakarta) Java Central, Indonesia, que tiene una gran comunidad musulmana. Hartono se cri\u00f3 en una familia budista.<\/p>\n<p>\u201cMe ense\u00f1aron el islam en la escuela primaria. Mis amigos iban a la mezquita, as\u00ed que yo tambi\u00e9n, y finalmente llegu\u00e9 a ser im\u00e1n. Ahora me doy cuenta que sent\u00eda el llamado a ser pastor, pero no conoc\u00eda a Jes\u00fas.\u201d<\/p>\n<p>Cuando se convirti\u00f3 al cristianismo y se bautiz\u00f3 en 1984, adopt\u00f3 el nombre de \u2018Paulus.\u2019<\/p>\n<p><strong>Compromiso por la paz<\/strong><\/p>\n<p>Desde el comienzo de su vida como pastor, el compromiso de Hartono fue claro. \u201cNuestra congregaci\u00f3n naci\u00f3 en 1994 con cuarenta miembros y su visi\u00f3n era ser una iglesia de paz.\u201d<\/p>\n<p>Varias organizaciones menonitas norteamericanas lo inspiraron a llevar su visi\u00f3n a la pr\u00e1ctica. \u201cEn 1997, conoc\u00ed la labor de ayuda humanitaria, servicio y desarrollo del Comit\u00e9 Central Menonita. Y a la vez, fui influenciado por el testimonio y la misi\u00f3n mundiales fomentadas por las Misiones Menonitas del Este.<\/p>\n<p>\u201cEn 2002, conoc\u00ed el Servicio Menonita de Asistencia a Damnificados por Desastres. En 2005, poco despu\u00e9s del tsunami que azot\u00f3 Indonesia, iniciamos MDS: Servicio Menonita de Diacon\u00eda. Como fruto de dicha labor combinamos el testimonio, ayuda humanitaria, desarrollo y transformaci\u00f3n de conflictos en bien de nuestra iglesia.\u201d<\/p>\n<p>\u201cEn 2007, particip\u00e9 en capacitaciones sobre &#8216;Transformaci\u00f3n de conflictos y Sanaci\u00f3n de traumas&#8217; en Eastern Mennonite University. Adaptamos esas ideas a Indonesia y las combinamos con nuestras iniciativas de testimonio y desarrollo.\u201d<\/p>\n<p><strong>Escribir el evangelio a partir de nuestras vidas<\/strong><\/p>\n<p>\u201cActualmente, tenemos dos iglesias menonitas en Solo, con un total de 400 miembros. Estas iglesias colaboran activamente en la reconciliaci\u00f3n entre musulmanes y cristianos. Tenemos muchos v\u00ednculos con nuestros vecinos musulmanes, incluyendo un grupo musulm\u00e1n radical que participa en una clase especial que damos sobre transformaci\u00f3n de conflictos y asistencia en casos de desastre.<\/p>\n<p>\u201cEn este momento el Presidente de Indonesia procura la reconciliaci\u00f3n con Pap\u00faa, una parte de nuestro pa\u00eds donde los menonitas tienen un programa para la transformaci\u00f3n de conflictos y la sanaci\u00f3n de traumas. Pidi\u00f3 nuestra ayuda para colaborar con Pap\u00faa de maneras pac\u00edficas.<\/p>\n<p>\u201cCreo que la iglesia debe establecer v\u00ednculos con los musulmanes a fin de que puedan leer el evangelio a partir de nuestras vidas.\u201d<\/p>\n<p>Paulus dirigi\u00f3 dos talleres en PA 2015: \u201cCaminar en medio de la tragedia: la respuesta de la iglesia mundial a situaciones de desastre\u201d y \u201cDi\u00e1logo y pr\u00e1ctica interreligiosos por la paz en Indonesia\u201d.<\/p>\n<p>\u201cEstar aqu\u00ed con tantos pastores y en este ambiente de espiritualidad me ha dado mucha valent\u00eda\u201d, reflexion\u00f3 Hartono.<\/p>\n<p><u><strong><img decoding=\"async\" alt=\"\" data-src=\"\/sites\/default\/files\/website_files\/barbara_hege-galle.jpg\" style=\"width: 120px; height: 120px; border-width: 1px; border-style: solid; margin-left: 5px; margin-right: 5px; float: left;\" src=\"data:image\/svg+xml;base64,PHN2ZyB3aWR0aD0iMSIgaGVpZ2h0PSIxIiB4bWxucz0iaHR0cDovL3d3dy53My5vcmcvMjAwMC9zdmciPjwvc3ZnPg==\" class=\"lazyload\" \/>Barbara Hege-Galle, Alemania<\/strong><\/u><\/p>\n<p>Barbara Hege-Galle de Bammental, Alemania, asisti\u00f3 a la Asamblea del Congreso Mundial Menonita (CMM) por primera vez en 1984, en Estrasburgo, Francia, cuando dirigi\u00f3 el programa para ni\u00f1os. Pero estaba tan atareada que pudo participar muy poco de las actividades para adultos en dicho evento mundial.<\/p>\n<p>\u201cDecid\u00ed asistir a la siguiente Asamblea en 1990, in Winnipeg, Manitoba, Canad\u00e1, para poder participar plenamente, tras lo cual sab\u00eda que no ser\u00eda la \u00faltima Asamblea del CMM para m\u00ed.\u201d<\/p>\n<p>Desde entonces, Hege-Galle ha formado parte del CMM de muchas maneras: como miembro del Concilio General, de la Comisi\u00f3n de Di\u00e1conos, del Comit\u00e9 Coordinador de la Red de Servicio, y actualmente como miembro de la Comisi\u00f3n de Misiones.<\/p>\n<p>En su trabajo principal, Hege-Gallee es directora ejecutiva de Christliche Dienst, el Programa Menonita de Servicio Voluntario auspiciado por las iglesias menonitas de Alemania. Adem\u00e1s, integra el equipo de liderazgo de la Iglesia Menonita de Bammental, donde fue ordenada como pastora laica.<\/p>\n<p><strong>Una perspectiva que trasciende las congregaciones<\/strong><\/p>\n<p>\u00bfPor qu\u00e9 no quisiera perderse una Asamblea del CMM? \u201cPorque este encuentro mundial nos brinda una perspectiva que trasciende el peque\u00f1o espacio de una congregaci\u00f3n menonita. Esta reuni\u00f3n es motivadora.<\/p>\n<p>\u201cEsta vez me inspir\u00e9 mucho para enfocarme en los detalles del anabautismo, no con motivo de ninguna de nuestras tradiciones espec\u00edficas, sino por lo que creemos. Tenemos una gran sensaci\u00f3n de paz en Jes\u00fas. Si Jes\u00fas le brinda fuerza y valent\u00eda a personas como Paulus Hartono, cada uno de nosotros puede hacer m\u00e1s que s\u00f3lo formar parte de una congregaci\u00f3n tranquila y pac\u00edfica.<\/p>\n<p>\u201cEn mi trabajo, tengo asociados en otros pa\u00edses, y los encuentro aqu\u00ed. En Alemania colaboramos con estos hermanos y hermanas cuando asigno a j\u00f3venes de 18 a 20 a\u00f1os a proyectos de servicio en sus pa\u00edses.\u201d<\/p>\n<p><strong>Espiritualidad comunitaria<\/strong><\/p>\n<p>\u00bfQu\u00e9 se llevar\u00e1 Hege-Galle a su casa desde PA 2015? \u201cCuando tenga que dar un serm\u00f3n, incorporar\u00e9 de alguna manera las experiencias que tuve aqu\u00ed. A\u00fan no s\u00e9 c\u00f3mo. Tambi\u00e9n las incorporar\u00e9 a las ense\u00f1anzas de nuestra congregaci\u00f3n.<\/p>\n<p>\u201cUno de nuestros l\u00edderes est\u00e1 muy comprometido con la pr\u00e1ctica y ense\u00f1anza de la meditaci\u00f3n, enfocada en lo que Dios est\u00e1 comunicando. Pero algunos dicen que es un enfoque muy individualista y que es necesario algo m\u00e1s comunitario.<\/p>\n<p>\u201cAqu\u00ed en PA 2015, comienzo a vislumbrar algo de lo que podr\u00edamos necesitar. Hasta ahora es s\u00f3lo un esbozo. Me gusta este \u00e9nfasis en la meditaci\u00f3n, pero no es la \u00fanica forma de espiritualidad. Aqu\u00ed me d\u00ed cuenta de ello.\u201d<\/p>\n<p><u><strong><img decoding=\"async\" alt=\"\" data-src=\"\/sites\/default\/files\/website_files\/mg-dsc_0323_mthokozisi_ncube_0.jpg\" style=\"width: 120px; height: 138px; border-width: 1px; border-style: solid; margin-left: 5px; margin-right: 5px; float: left;\" src=\"data:image\/svg+xml;base64,PHN2ZyB3aWR0aD0iMSIgaGVpZ2h0PSIxIiB4bWxucz0iaHR0cDovL3d3dy53My5vcmcvMjAwMC9zdmciPjwvc3ZnPg==\" class=\"lazyload\" \/>Mthokozisi Ncube y Morgen Moyo, Zimbabwe<\/strong><\/u><\/p>\n<p>Dos administradores de un colegio secundario de los Hermanos en Cristo de Zimbabwe asistieron por primera vez a una Asamblea del CMM en PA 2015.<\/p>\n<p>Mthokozisi Ncube, de la Escuela B\u00edblica Eiluphileni, lleg\u00f3 a fin de \u201cfraternizar y aprender qu\u00e9 est\u00e1n haciendo los dem\u00e1s. No soy s\u00f3lo zimbabwense\u201d, coment\u00f3. \u201cSoy anabautista y parte de una familia internacional. Quer\u00eda interactuar con mis hermanos y hermanas para aprender sobre sus experiencias y c\u00f3mo Dios obra en sus vidas.\u201d<\/p>\n<p>\u201cLos Grupos de Amistad [que se reun\u00edan todos los d\u00edas despu\u00e9s del culto matutino] son una buena manera de conocer gente. Hemos hecho amistades. Hemos intercambiado direcciones de correo electr\u00f3nico. Esperamos ampliar esta confraternizaci\u00f3n.\u201d<\/p>\n<p><img decoding=\"async\" alt=\"\" data-src=\"\/sites\/default\/files\/website_files\/morgen_moyo.jpg\" style=\"width: 120px; height: 120px; border-width: 1px; border-style: solid; margin-left: 5px; margin-right: 5px; float: left;\" src=\"data:image\/svg+xml;base64,PHN2ZyB3aWR0aD0iMSIgaGVpZ2h0PSIxIiB4bWxucz0iaHR0cDovL3d3dy53My5vcmcvMjAwMC9zdmciPjwvc3ZnPg==\" class=\"lazyload\" \/>\u201cMe han motivado a participar en la misi\u00f3n, y de estar en paz conmigo mismo y mi familia, con la gente con la que convivo. Eso es lo que me llevo a casa.\u201d<\/p>\n<p>\u201cY me recordaron que las dudas no siempre son negativas; pueden ser saludables.\u201d [&#8216;Caminar con dudas y convicciones&#8217; fue el tema el 22 de julio de 2015.]<\/p>\n<p><strong>Interactuar y aprender<\/strong><\/p>\n<p>Morgen Moyo es director del Colegio Secundario Mtshabezi. Ha sido bendecido profundamente por los cantos en PA 2015. \u201cTengo el deseo de conocer c\u00f3mo realizan el culto los dem\u00e1s. Quisiera aprender de ellos. He tenido la oportunidad aqu\u00ed en nuestro Grupo de Amistad, en el que puedo interactuar y aprender.\u201d<\/p>\n<p>Ncube dijo, \u201che valorado much\u00edsimo a los j\u00f3venes oradores durante los cultos matutinos y vespertinos. Nos llevaremos dicha idea a casa\u201d.<\/p>\n<p><strong>Unidad en esp\u00edritu<\/strong><\/p>\n<p>\u201cDescubr\u00ed algo m\u00e1s. Cuando camin\u00e1bamos por las calles de Harrisburg, nadie nos saludaba. Pero cuando entr\u00e1bamos al comedor en PA 2015, la gente siempre levantaba la vista, nos sonre\u00eda y nos daba la bienvenida. Siempre. Nunca me sent\u00ed distinto. Existe unidad aqu\u00ed.\u201d<\/p>\n<p>\u201cDe hecho, algo que no me gust\u00f3 fue entrar a los ba\u00f1os del Complejo de Farm Show y verme en los grandes espejos. Entonces me daba cuenta que era distinto, cosa que no hab\u00eda sentido.\u201d<\/p>\n<p><strong>Celebrar las diferencias<\/strong><\/p>\n<p>Moyo tiene una sugerencia para las futuras Asambleas. \u201c\u00bfPor qu\u00e9 no ofrecer comida de diferentes culturas durante la semana? El D\u00eda de \u221a\u00c5frica, servir comida africana, y as\u00ed sucesivamente. Quiz\u00e1 sea dif\u00edcil de realizar, \u00bfpero, por qu\u00e9 no?<\/p>\n<p>\u201cEste evento ha sido muy bien planificado y organizado. Nos gusta especialmente la falta de \u00e9nfasis en el glamour.\u201d<\/p>\n<p>Pero, entonces las desigualdades del mundo afloraron para Ncube al pensar en volver a la realidad de su entorno. \u201cNaturalmente, a menudo los correos electr\u00f3nicos no nos llegan. No todas las comunicaciones llegan a destino. En el campo, es dif\u00edcil recibir mensajes. Esperamos que, de todos modos, nuestras nuevas amistades y v\u00ednculos perduren.\u201d<\/p>\n<p><u><strong><img decoding=\"async\" alt=\"\" data-src=\"\/sites\/default\/files\/website_files\/todd-friesen.jpg\" style=\"width: 120px; height: 120px; border-width: 1px; border-style: solid; margin-left: 5px; margin-right: 5px; float: left;\" src=\"data:image\/svg+xml;base64,PHN2ZyB3aWR0aD0iMSIgaGVpZ2h0PSIxIiB4bWxucz0iaHR0cDovL3d3dy53My5vcmcvMjAwMC9zdmciPjwvc3ZnPg==\" class=\"lazyload\" \/>Todd Friesen, EE.UU.<\/strong><\/u><\/p>\n<p>Todd Friesen es pastor de la Iglesia Menonita East Chestnut Street de Lancaster, Pennsylvania, EE.UU. Un mes despu\u00e9s de PA 2015, reflexion\u00f3 sobre la experiencia de asistir a la Asamblea durante una semana completa.<\/p>\n<p>\u201c\u00bfC\u00f3mo ser\u00edan nuestras iglesias \u201a\u00c4\u00ecy nuestros j\u00f3venes\u201a\u00c4\u00ec sin estos vistazos al cuerpo mundial de Cristo, y la experiencia de ser parte de algo mucho m\u00e1s grande que s\u00f3lo nuestra congregaci\u00f3n local?<\/p>\n<p>\u201cUna semana as\u00ed rompe nuestro provincialismo y nuestra sensaci\u00f3n de ser norteamericanos excepcionales. Este evento constituye una suerte de inmunizaci\u00f3n contra dichas actitudes, aunque a\u00fan seamos susceptibles de tenerlas.\u201d<\/p>\n<p><strong>Impacto en la juventud<\/strong><\/p>\n<p>\u201cNo podemos minimizar el gran impacto formativo de estas Asambleas en nuestros j\u00f3venes. A la edad de veinte a\u00f1os asist\u00ed a la Asamblea en Estrasburgo, en 1984. Los cantos y cultos me impresionaron much\u00edsimo. Estoy muy agradecido de que nuestra congregaci\u00f3n haya hecho la inversi\u00f3n para que nuestro grupo de j\u00f3venes participara en PA 2015. Fue una experiencia muy positiva para ellos.\u201d<\/p>\n<p><strong>Contacto con realidades eternas<\/strong><\/p>\n<p>\u201cMe encant\u00f3 c\u00f3mo viaj\u00e1bamos de continente en continente a trav\u00e9s de los cultos matutinos y vespertinos. El cielo ser\u00e1 m\u00e1s rico y diverso de lo que nos imaginamos. Estuvimos en contacto con realidades eternas a trav\u00e9s de dicha experiencia con la iglesia mundial.<\/p>\n<p>\u201cPara aquellos de nosotros que tambi\u00e9n fuimos a Kansas City [lugar de la Asamblea 2015 de la Iglesia Menonita USA], \u00bfpor qu\u00e9 PA 2015 nos pareci\u00f3 tan diferente? PA 2015 se centr\u00f3 en el culto, nuestras historias compartidas, la confraternizaci\u00f3n y el servicio. Est\u00e1bamos all\u00ed simplemente para estar juntos en torno a nuestro centro en Cristo.<\/p>\n<p>\u201cAprend\u00ed que en medio de nuestra gran diversidad, probablemente lo mejor ser\u00eda comenzar por adorar juntos a Dios, servir a los dem\u00e1s y contar historias, en vez de centrarnos en nuestras diferencias o debatir cuestiones en las que no coincid\u00edamos.\u201d<\/p>\n<p><strong>Ecos permanentes en la mente<\/strong><\/p>\n<p>\u201cMe acompa\u00f1ar\u00e1n siempre las voces de los j\u00f3venes oradores en los cultos matutinos.\u201d<\/p>\n<p>\u201cAprend\u00ed con los valiosos aportes que brindaban maneras nuevas de comprender ciertos pasajes de las Escrituras.<\/p>\n<p>\u201cFuimos tan bendecidos al recibir a visitantes internacionales en nuestra congregaci\u00f3n el domingo, \u00faltimo d\u00eda de PA 2015. Entonces, todos \u201a\u00c4\u00ecincluso los que no hab\u00edan asistido a la Asamblea Reunida\u201a\u00c4\u00ec pudieron vivenciar que cada creyente tiene aportes valiosos para compartir y puntos d\u00e9biles para superar.\u201d<\/p>\n<p><strong>Un don perdurable<\/strong><\/p>\n<p>\u201cFraternizar con estos creyentes mundiales los ha convertido en interlocutores espirituales y emocionales, aunque no hable con ellos. Con frecuencia tengo una noci\u00f3n de lo que piensan, de lo que dir\u00edan o har\u00edan, y puedo aprovecharlo.\u201d<\/p>\n<p><em>Phyllis Pellman Good, escritora y redactora para el Congreso Mundial Menonita.<\/em><\/p>\n<p><em>Fotos de Paulus, Barbara, Mthokozisi y Morgen porMerle Good. Foto de Todd por Marilyn High.<\/em><\/p>\n<p>\u00ac\u2020<\/p>\n<div>\u00ac\u2020<\/div>\n<p>\u00ac\u2020<\/p>\n<p>\u00ac\u2020<\/p>\n","protected":false},"excerpt":{"rendered":"<p>NULL<\/p>\n","protected":false},"author":1,"featured_media":87740,"comment_status":"closed","ping_status":"closed","sticky":false,"template":"","format":"standard","meta":{"_acf_changed":false,"footnotes":""},"categories":[6],"tags":[1154,1899],"network":[1306],"eventcategory":[],"class_list":["post-8618","post","type-post","status-publish","format-standard","has-post-thumbnail","hentry","category-sin-categorizar","tag-assembly-es","tag-pa2015","network-courier-es"],"acf":[],"yoast_head":"<!-- This site is optimized with the Yoast SEO plugin v27.5 - https:\/\/yoast.com\/product\/yoast-seo-wordpress\/ -->\n<title>Qu\u00e9 encontr\u00e9 en PA 2015 y qu\u00e9 me llevar\u00e9 a casa: - Mennonite World Conference<\/title>\n<meta name=\"robots\" content=\"index, follow, max-snippet:-1, max-image-preview:large, max-video-preview:-1\" \/>\n<link rel=\"canonical\" href=\"https:\/\/mwc-cmm.org\/es\/stories\/what-i-found-at-pa-2015-and-will-take-home-with-me-3\/\" \/>\n<meta property=\"og:locale\" content=\"es_ES\" \/>\n<meta property=\"og:type\" content=\"article\" \/>\n<meta property=\"og:title\" content=\"Qu\u00e9 encontr\u00e9 en PA 2015 y qu\u00e9 me llevar\u00e9 a casa: - Mennonite World Conference\" \/>\n<meta property=\"og:description\" content=\"NULL\" \/>\n<meta property=\"og:url\" content=\"https:\/\/mwc-cmm.org\/es\/stories\/what-i-found-at-pa-2015-and-will-take-home-with-me-3\/\" \/>\n<meta property=\"og:site_name\" content=\"Mennonite World Conference\" \/>\n<meta property=\"article:publisher\" content=\"https:\/\/www.facebook.com\/MennoniteWorldConference\" \/>\n<meta property=\"article:published_time\" content=\"2016-05-19T00:00:00+00:00\" \/>\n<meta property=\"article:modified_time\" content=\"2024-12-10T17:59:55+00:00\" \/>\n<meta property=\"og:image\" content=\"https:\/\/mwc-cmm.org\/wp-content\/uploads\/2024\/11\/20150723_heiki_martin_0278.jpg\" \/>\n\t<meta property=\"og:image:width\" content=\"1200\" \/>\n\t<meta property=\"og:image:height\" content=\"800\" \/>\n\t<meta property=\"og:image:type\" content=\"image\/jpeg\" \/>\n<meta name=\"author\" content=\"mennworldcon\" \/>\n<script type=\"application\/ld+json\" class=\"yoast-schema-graph\">{\"@context\":\"https:\\\/\\\/schema.org\",\"@graph\":[{\"@type\":\"Article\",\"@id\":\"https:\\\/\\\/mwc-cmm.org\\\/es\\\/stories\\\/what-i-found-at-pa-2015-and-will-take-home-with-me-3\\\/#article\",\"isPartOf\":{\"@id\":\"https:\\\/\\\/mwc-cmm.org\\\/es\\\/stories\\\/what-i-found-at-pa-2015-and-will-take-home-with-me-3\\\/\"},\"author\":{\"name\":\"mennworldcon\",\"@id\":\"https:\\\/\\\/mwc-cmm.org\\\/en\\\/#\\\/schema\\\/person\\\/11f6ae0d7d1868ba20a1cc27f067c836\"},\"headline\":\"Qu\u00e9 encontr\u00e9 en PA 2015 y qu\u00e9 me llevar\u00e9 a casa:\",\"datePublished\":\"2016-05-19T00:00:00+00:00\",\"dateModified\":\"2024-12-10T17:59:55+00:00\",\"mainEntityOfPage\":{\"@id\":\"https:\\\/\\\/mwc-cmm.org\\\/es\\\/stories\\\/what-i-found-at-pa-2015-and-will-take-home-with-me-3\\\/\"},\"wordCount\":1884,\"publisher\":{\"@id\":\"https:\\\/\\\/mwc-cmm.org\\\/en\\\/#organization\"},\"image\":{\"@id\":\"https:\\\/\\\/mwc-cmm.org\\\/es\\\/stories\\\/what-i-found-at-pa-2015-and-will-take-home-with-me-3\\\/#primaryimage\"},\"thumbnailUrl\":\"https:\\\/\\\/mwc-cmm.org\\\/wp-content\\\/uploads\\\/2024\\\/11\\\/20150723_heiki_martin_0278.jpg\",\"keywords\":[\"Asamblea\",\"PA2015\"],\"articleSection\":[\"Sin categorizar\"],\"inLanguage\":\"es\"},{\"@type\":\"WebPage\",\"@id\":\"https:\\\/\\\/mwc-cmm.org\\\/es\\\/stories\\\/what-i-found-at-pa-2015-and-will-take-home-with-me-3\\\/\",\"url\":\"https:\\\/\\\/mwc-cmm.org\\\/es\\\/stories\\\/what-i-found-at-pa-2015-and-will-take-home-with-me-3\\\/\",\"name\":\"Qu\u00e9 encontr\u00e9 en PA 2015 y qu\u00e9 me llevar\u00e9 a casa: - Mennonite World Conference\",\"isPartOf\":{\"@id\":\"https:\\\/\\\/mwc-cmm.org\\\/en\\\/#website\"},\"primaryImageOfPage\":{\"@id\":\"https:\\\/\\\/mwc-cmm.org\\\/es\\\/stories\\\/what-i-found-at-pa-2015-and-will-take-home-with-me-3\\\/#primaryimage\"},\"image\":{\"@id\":\"https:\\\/\\\/mwc-cmm.org\\\/es\\\/stories\\\/what-i-found-at-pa-2015-and-will-take-home-with-me-3\\\/#primaryimage\"},\"thumbnailUrl\":\"https:\\\/\\\/mwc-cmm.org\\\/wp-content\\\/uploads\\\/2024\\\/11\\\/20150723_heiki_martin_0278.jpg\",\"datePublished\":\"2016-05-19T00:00:00+00:00\",\"dateModified\":\"2024-12-10T17:59:55+00:00\",\"breadcrumb\":{\"@id\":\"https:\\\/\\\/mwc-cmm.org\\\/es\\\/stories\\\/what-i-found-at-pa-2015-and-will-take-home-with-me-3\\\/#breadcrumb\"},\"inLanguage\":\"es\",\"potentialAction\":[{\"@type\":\"ReadAction\",\"target\":[\"https:\\\/\\\/mwc-cmm.org\\\/es\\\/stories\\\/what-i-found-at-pa-2015-and-will-take-home-with-me-3\\\/\"]}]},{\"@type\":\"ImageObject\",\"inLanguage\":\"es\",\"@id\":\"https:\\\/\\\/mwc-cmm.org\\\/es\\\/stories\\\/what-i-found-at-pa-2015-and-will-take-home-with-me-3\\\/#primaryimage\",\"url\":\"https:\\\/\\\/mwc-cmm.org\\\/wp-content\\\/uploads\\\/2024\\\/11\\\/20150723_heiki_martin_0278.jpg\",\"contentUrl\":\"https:\\\/\\\/mwc-cmm.org\\\/wp-content\\\/uploads\\\/2024\\\/11\\\/20150723_heiki_martin_0278.jpg\",\"width\":1200,\"height\":800},{\"@type\":\"BreadcrumbList\",\"@id\":\"https:\\\/\\\/mwc-cmm.org\\\/es\\\/stories\\\/what-i-found-at-pa-2015-and-will-take-home-with-me-3\\\/#breadcrumb\",\"itemListElement\":[{\"@type\":\"ListItem\",\"position\":1,\"name\":\"Home\",\"item\":\"https:\\\/\\\/mwc-cmm.org\\\/es\\\/\"},{\"@type\":\"ListItem\",\"position\":2,\"name\":\"Qu\u00e9 encontr\u00e9 en PA 2015 y qu\u00e9 me llevar\u00e9 a casa:\"}]},{\"@type\":\"WebSite\",\"@id\":\"https:\\\/\\\/mwc-cmm.org\\\/en\\\/#website\",\"url\":\"https:\\\/\\\/mwc-cmm.org\\\/en\\\/\",\"name\":\"Mennonite World Conference\",\"description\":\"A communion of Anabaptist-related churches\",\"publisher\":{\"@id\":\"https:\\\/\\\/mwc-cmm.org\\\/en\\\/#organization\"},\"alternateName\":\"MWC\",\"potentialAction\":[{\"@type\":\"SearchAction\",\"target\":{\"@type\":\"EntryPoint\",\"urlTemplate\":\"https:\\\/\\\/mwc-cmm.org\\\/en\\\/?s={search_term_string}\"},\"query-input\":{\"@type\":\"PropertyValueSpecification\",\"valueRequired\":true,\"valueName\":\"search_term_string\"}}],\"inLanguage\":\"es\"},{\"@type\":\"Organization\",\"@id\":\"https:\\\/\\\/mwc-cmm.org\\\/en\\\/#organization\",\"name\":\"Mennonite World Conference\",\"alternateName\":\"MWC\",\"url\":\"https:\\\/\\\/mwc-cmm.org\\\/en\\\/\",\"logo\":{\"@type\":\"ImageObject\",\"inLanguage\":\"es\",\"@id\":\"https:\\\/\\\/mwc-cmm.org\\\/en\\\/#\\\/schema\\\/logo\\\/image\\\/\",\"url\":\"https:\\\/\\\/mwc-cmm.org\\\/wp-content\\\/uploads\\\/2026\\\/01\\\/MWC_Sig_Blue_Horiz_webheader1-logo.svg\",\"contentUrl\":\"https:\\\/\\\/mwc-cmm.org\\\/wp-content\\\/uploads\\\/2026\\\/01\\\/MWC_Sig_Blue_Horiz_webheader1-logo.svg\",\"width\":786,\"height\":82,\"caption\":\"Mennonite World Conference\"},\"image\":{\"@id\":\"https:\\\/\\\/mwc-cmm.org\\\/en\\\/#\\\/schema\\\/logo\\\/image\\\/\"},\"sameAs\":[\"https:\\\/\\\/www.facebook.com\\\/MennoniteWorldConference\",\"https:\\\/\\\/www.linkedin.com\\\/company\\\/mennonite-world-conference-mwc\\\/\",\"https:\\\/\\\/www.instagram.com\\\/mwcmm\\\/\",\"https:\\\/\\\/www.youtube.com\\\/user\\\/mwccmm\",\"https:\\\/\\\/bsky.app\\\/profile\\\/mwcmm.bsky.social\"]},{\"@type\":\"Person\",\"@id\":\"https:\\\/\\\/mwc-cmm.org\\\/en\\\/#\\\/schema\\\/person\\\/11f6ae0d7d1868ba20a1cc27f067c836\",\"name\":\"mennworldcon\",\"image\":{\"@type\":\"ImageObject\",\"inLanguage\":\"es\",\"@id\":\"https:\\\/\\\/secure.gravatar.com\\\/avatar\\\/06fdc0dc81c157dfdb82ec42f252178a22307808988d22c043f9eb96f1e0fe80?s=96&d=mm&r=g\",\"url\":\"https:\\\/\\\/secure.gravatar.com\\\/avatar\\\/06fdc0dc81c157dfdb82ec42f252178a22307808988d22c043f9eb96f1e0fe80?s=96&d=mm&r=g\",\"contentUrl\":\"https:\\\/\\\/secure.gravatar.com\\\/avatar\\\/06fdc0dc81c157dfdb82ec42f252178a22307808988d22c043f9eb96f1e0fe80?s=96&d=mm&r=g\",\"caption\":\"mennworldcon\"},\"sameAs\":[\"https:\\\/\\\/mwc-cmm.org\"],\"url\":\"https:\\\/\\\/mwc-cmm.org\\\/es\\\/stories\\\/author\\\/mennworldcon\\\/\"}]}<\/script>\n<!-- \/ Yoast SEO plugin. -->","yoast_head_json":{"title":"Qu\u00e9 encontr\u00e9 en PA 2015 y qu\u00e9 me llevar\u00e9 a casa: - Mennonite World Conference","robots":{"index":"index","follow":"follow","max-snippet":"max-snippet:-1","max-image-preview":"max-image-preview:large","max-video-preview":"max-video-preview:-1"},"canonical":"https:\/\/mwc-cmm.org\/es\/stories\/what-i-found-at-pa-2015-and-will-take-home-with-me-3\/","og_locale":"es_ES","og_type":"article","og_title":"Qu\u00e9 encontr\u00e9 en PA 2015 y qu\u00e9 me llevar\u00e9 a casa: - Mennonite World Conference","og_description":"NULL","og_url":"https:\/\/mwc-cmm.org\/es\/stories\/what-i-found-at-pa-2015-and-will-take-home-with-me-3\/","og_site_name":"Mennonite World Conference","article_publisher":"https:\/\/www.facebook.com\/MennoniteWorldConference","article_published_time":"2016-05-19T00:00:00+00:00","article_modified_time":"2024-12-10T17:59:55+00:00","og_image":[{"width":1200,"height":800,"url":"https:\/\/mwc-cmm.org\/wp-content\/uploads\/2024\/11\/20150723_heiki_martin_0278.jpg","type":"image\/jpeg"}],"author":"mennworldcon","schema":{"@context":"https:\/\/schema.org","@graph":[{"@type":"Article","@id":"https:\/\/mwc-cmm.org\/es\/stories\/what-i-found-at-pa-2015-and-will-take-home-with-me-3\/#article","isPartOf":{"@id":"https:\/\/mwc-cmm.org\/es\/stories\/what-i-found-at-pa-2015-and-will-take-home-with-me-3\/"},"author":{"name":"mennworldcon","@id":"https:\/\/mwc-cmm.org\/en\/#\/schema\/person\/11f6ae0d7d1868ba20a1cc27f067c836"},"headline":"Qu\u00e9 encontr\u00e9 en PA 2015 y qu\u00e9 me llevar\u00e9 a casa:","datePublished":"2016-05-19T00:00:00+00:00","dateModified":"2024-12-10T17:59:55+00:00","mainEntityOfPage":{"@id":"https:\/\/mwc-cmm.org\/es\/stories\/what-i-found-at-pa-2015-and-will-take-home-with-me-3\/"},"wordCount":1884,"publisher":{"@id":"https:\/\/mwc-cmm.org\/en\/#organization"},"image":{"@id":"https:\/\/mwc-cmm.org\/es\/stories\/what-i-found-at-pa-2015-and-will-take-home-with-me-3\/#primaryimage"},"thumbnailUrl":"https:\/\/mwc-cmm.org\/wp-content\/uploads\/2024\/11\/20150723_heiki_martin_0278.jpg","keywords":["Asamblea","PA2015"],"articleSection":["Sin categorizar"],"inLanguage":"es"},{"@type":"WebPage","@id":"https:\/\/mwc-cmm.org\/es\/stories\/what-i-found-at-pa-2015-and-will-take-home-with-me-3\/","url":"https:\/\/mwc-cmm.org\/es\/stories\/what-i-found-at-pa-2015-and-will-take-home-with-me-3\/","name":"Qu\u00e9 encontr\u00e9 en PA 2015 y qu\u00e9 me llevar\u00e9 a casa: - Mennonite World Conference","isPartOf":{"@id":"https:\/\/mwc-cmm.org\/en\/#website"},"primaryImageOfPage":{"@id":"https:\/\/mwc-cmm.org\/es\/stories\/what-i-found-at-pa-2015-and-will-take-home-with-me-3\/#primaryimage"},"image":{"@id":"https:\/\/mwc-cmm.org\/es\/stories\/what-i-found-at-pa-2015-and-will-take-home-with-me-3\/#primaryimage"},"thumbnailUrl":"https:\/\/mwc-cmm.org\/wp-content\/uploads\/2024\/11\/20150723_heiki_martin_0278.jpg","datePublished":"2016-05-19T00:00:00+00:00","dateModified":"2024-12-10T17:59:55+00:00","breadcrumb":{"@id":"https:\/\/mwc-cmm.org\/es\/stories\/what-i-found-at-pa-2015-and-will-take-home-with-me-3\/#breadcrumb"},"inLanguage":"es","potentialAction":[{"@type":"ReadAction","target":["https:\/\/mwc-cmm.org\/es\/stories\/what-i-found-at-pa-2015-and-will-take-home-with-me-3\/"]}]},{"@type":"ImageObject","inLanguage":"es","@id":"https:\/\/mwc-cmm.org\/es\/stories\/what-i-found-at-pa-2015-and-will-take-home-with-me-3\/#primaryimage","url":"https:\/\/mwc-cmm.org\/wp-content\/uploads\/2024\/11\/20150723_heiki_martin_0278.jpg","contentUrl":"https:\/\/mwc-cmm.org\/wp-content\/uploads\/2024\/11\/20150723_heiki_martin_0278.jpg","width":1200,"height":800},{"@type":"BreadcrumbList","@id":"https:\/\/mwc-cmm.org\/es\/stories\/what-i-found-at-pa-2015-and-will-take-home-with-me-3\/#breadcrumb","itemListElement":[{"@type":"ListItem","position":1,"name":"Home","item":"https:\/\/mwc-cmm.org\/es\/"},{"@type":"ListItem","position":2,"name":"Qu\u00e9 encontr\u00e9 en PA 2015 y qu\u00e9 me llevar\u00e9 a casa:"}]},{"@type":"WebSite","@id":"https:\/\/mwc-cmm.org\/en\/#website","url":"https:\/\/mwc-cmm.org\/en\/","name":"Mennonite World Conference","description":"A communion of Anabaptist-related churches","publisher":{"@id":"https:\/\/mwc-cmm.org\/en\/#organization"},"alternateName":"MWC","potentialAction":[{"@type":"SearchAction","target":{"@type":"EntryPoint","urlTemplate":"https:\/\/mwc-cmm.org\/en\/?s={search_term_string}"},"query-input":{"@type":"PropertyValueSpecification","valueRequired":true,"valueName":"search_term_string"}}],"inLanguage":"es"},{"@type":"Organization","@id":"https:\/\/mwc-cmm.org\/en\/#organization","name":"Mennonite World Conference","alternateName":"MWC","url":"https:\/\/mwc-cmm.org\/en\/","logo":{"@type":"ImageObject","inLanguage":"es","@id":"https:\/\/mwc-cmm.org\/en\/#\/schema\/logo\/image\/","url":"https:\/\/mwc-cmm.org\/wp-content\/uploads\/2026\/01\/MWC_Sig_Blue_Horiz_webheader1-logo.svg","contentUrl":"https:\/\/mwc-cmm.org\/wp-content\/uploads\/2026\/01\/MWC_Sig_Blue_Horiz_webheader1-logo.svg","width":786,"height":82,"caption":"Mennonite World Conference"},"image":{"@id":"https:\/\/mwc-cmm.org\/en\/#\/schema\/logo\/image\/"},"sameAs":["https:\/\/www.facebook.com\/MennoniteWorldConference","https:\/\/www.linkedin.com\/company\/mennonite-world-conference-mwc\/","https:\/\/www.instagram.com\/mwcmm\/","https:\/\/www.youtube.com\/user\/mwccmm","https:\/\/bsky.app\/profile\/mwcmm.bsky.social"]},{"@type":"Person","@id":"https:\/\/mwc-cmm.org\/en\/#\/schema\/person\/11f6ae0d7d1868ba20a1cc27f067c836","name":"mennworldcon","image":{"@type":"ImageObject","inLanguage":"es","@id":"https:\/\/secure.gravatar.com\/avatar\/06fdc0dc81c157dfdb82ec42f252178a22307808988d22c043f9eb96f1e0fe80?s=96&d=mm&r=g","url":"https:\/\/secure.gravatar.com\/avatar\/06fdc0dc81c157dfdb82ec42f252178a22307808988d22c043f9eb96f1e0fe80?s=96&d=mm&r=g","contentUrl":"https:\/\/secure.gravatar.com\/avatar\/06fdc0dc81c157dfdb82ec42f252178a22307808988d22c043f9eb96f1e0fe80?s=96&d=mm&r=g","caption":"mennworldcon"},"sameAs":["https:\/\/mwc-cmm.org"],"url":"https:\/\/mwc-cmm.org\/es\/stories\/author\/mennworldcon\/"}]}},"_links":{"self":[{"href":"https:\/\/mwc-cmm.org\/es\/wp-json\/wp\/v2\/posts\/8618","targetHints":{"allow":["GET"]}}],"collection":[{"href":"https:\/\/mwc-cmm.org\/es\/wp-json\/wp\/v2\/posts"}],"about":[{"href":"https:\/\/mwc-cmm.org\/es\/wp-json\/wp\/v2\/types\/post"}],"author":[{"embeddable":true,"href":"https:\/\/mwc-cmm.org\/es\/wp-json\/wp\/v2\/users\/1"}],"replies":[{"embeddable":true,"href":"https:\/\/mwc-cmm.org\/es\/wp-json\/wp\/v2\/comments?post=8618"}],"version-history":[{"count":0,"href":"https:\/\/mwc-cmm.org\/es\/wp-json\/wp\/v2\/posts\/8618\/revisions"}],"wp:featuredmedia":[{"embeddable":true,"href":"https:\/\/mwc-cmm.org\/es\/wp-json\/wp\/v2\/media\/87740"}],"wp:attachment":[{"href":"https:\/\/mwc-cmm.org\/es\/wp-json\/wp\/v2\/media?parent=8618"}],"wp:term":[{"taxonomy":"category","embeddable":true,"href":"https:\/\/mwc-cmm.org\/es\/wp-json\/wp\/v2\/categories?post=8618"},{"taxonomy":"post_tag","embeddable":true,"href":"https:\/\/mwc-cmm.org\/es\/wp-json\/wp\/v2\/tags?post=8618"},{"taxonomy":"network","embeddable":true,"href":"https:\/\/mwc-cmm.org\/es\/wp-json\/wp\/v2\/network?post=8618"},{"taxonomy":"eventcategory","embeddable":true,"href":"https:\/\/mwc-cmm.org\/es\/wp-json\/wp\/v2\/eventcategory?post=8618"}],"curies":[{"name":"wp","href":"https:\/\/api.w.org\/{rel}","templated":true}]}}