{"id":8613,"date":"2016-02-02T00:00:00","date_gmt":"2016-02-02T00:00:00","guid":{"rendered":"https:\/\/mwc-cmm.org\/vietnam-mennonite-church-ordains-26-3\/"},"modified":"2024-12-10T17:59:53","modified_gmt":"2024-12-10T17:59:53","slug":"vietnam-mennonite-church-ordains-26-3","status":"publish","type":"post","link":"https:\/\/mwc-cmm.org\/es\/stories\/vietnam-mennonite-church-ordains-26-3\/","title":{"rendered":"Iglesia Menonita de Vietnam ordena a 26"},"content":{"rendered":"<p>CIUDAD DE HO CHI MINH, Vietnam \u2013 Despu\u00e9s de seis a\u00f1os de entrenamiento y preparaci\u00f3n, la Iglesia Menonita de Vietnam (VMC, por su sigla en ingl\u00e9s), miembro del Congreso Mundial Menonita, orden\u00f3 a 26 pastores en la Ciudad de Ho Chi Minh el 5 diciembre de 2015.<\/p>\n<p>El Pastor Nguyen Quang Trung, presidente de VMC, ofici\u00f3 el servicio de ordenaci\u00f3n de 26 pastores menonitas que hab\u00edan venido de provincias y ciudades de todo Vietnam. A las celebraciones se unieron aproximadamente 120 l\u00edderes menonitas y creyentes.<\/p>\n<p>Trung, quien \u00e9ste a\u00f1o celebr\u00f3 50 a\u00f1os de ministerio en la iglesia menonita en Vietnam, estaba agradecido y muy consciente de las bendiciones de Dios en la iglesia a lo largo de a\u00f1os de oportunidades y dificultades.<\/p>\n<p>En el servicio de ordenaci\u00f3n, Trung encarg\u00f3 a los 26 pastores, quienes en su mayor\u00eda hab\u00edan obtenido su certificado en el ministerio y estaban sirviendo en roles pastorales en iglesias menonitas, para que compartieran el evangelio con la pasi\u00f3n de Dios, cuidaran a las personas, fueran modelos a seguir, y continuaran con la obra de la iglesia.<\/p>\n<p>El Programa de Certificaci\u00f3n en el Ministerio fue ense\u00f1ado por pastores VMC, Gerry Keener \u2013 un misionero no residente, perteneciente al servicio de Misiones Menonitas del Este (EMM por su sigla en ingl\u00e9s) \u2013 y el Dr. Palmer Becker. Tres de las personas ordenadas eran graduadas del pregrado en Teolog\u00eda del a\u00f1o 2014.<\/p>\n<p>Uno a uno los pastores se pusieron de rodillas para recibir la bendici\u00f3n y encargo mientras Trung, Keener, y los pastores Tuyen Nguyen (Filadelfia, Pa.), Lee, Hong An, Nghia y Khoa los comisionaron al imponerles las manos y orar por ellos.<\/p>\n<p>Despu\u00e9s del servicio Trung dijo, \u201cEste evento es muy significativo para la iglesia menonita; es una oportunidad m\u00e1s para que la iglesia contin\u00fae adelante y desarrolle la obra del Se\u00f1or en todo Vietnam.\u201d<\/p>\n<p>El Pastor Minh Dang record\u00f3 su propia ordenaci\u00f3n cinco a\u00f1os atr\u00e1s, en marzo de 2010, cuando \u00e9l era unos de los 26 pastores ordenados en ese momento. Inform\u00f3 que desde ese entonces VMC ha establecido 25 lugares de reuni\u00f3n nuevos. Ahora hay 52 pastores ordenados y cerca de 6.000 creyentes.<\/p>\n<p>Entre las personas ordenadas hab\u00eda tres pastores Kor, dos Bahnar y 10 Stieng \u2013 todos de iglesias tribales minoritarias. Once pastores eran de iglesias de origen Kinh o Vietnamita.<\/p>\n<p>Cuando se le pregunt\u00f3 qu\u00e9 significado ten\u00eda esta ocasi\u00f3n para \u00e9l, el Pastor Chien de Hai Phong declar\u00f3, \u201c\u00a1Estoy feliz de comprometerme a una vida de servicio a causa del gran amor de Dios!\u201d<\/p>\n<p>Cuando se le pregunt\u00f3 al Pastor Minh Dang cu\u00e1les eran las necesidades apremiantes de la iglesia dijo, \u201cNecesitamos m\u00e1s l\u00edderes y unidad.\u201d<\/p>\n<p><em>-Art\u00edculo de Emily Jones y Gerry Keener, comunicado de prensa de Misiones Menonitas del Este.<\/em><\/p>\n","protected":false},"excerpt":{"rendered":"<p>NULL<\/p>\n","protected":false},"author":1,"featured_media":87670,"comment_status":"closed","ping_status":"closed","sticky":false,"template":"","format":"standard","meta":{"_acf_changed":false,"footnotes":""},"categories":[6],"tags":[],"network":[],"eventcategory":[],"class_list":["post-8613","post","type-post","status-publish","format-standard","has-post-thumbnail","hentry","category-sin-categorizar"],"acf":[],"yoast_head":"<!-- This site is optimized with the Yoast SEO plugin v27.5 - https:\/\/yoast.com\/product\/yoast-seo-wordpress\/ -->\n<title>Iglesia Menonita de Vietnam ordena a 26 - Mennonite World Conference<\/title>\n<meta name=\"robots\" content=\"index, follow, max-snippet:-1, max-image-preview:large, max-video-preview:-1\" \/>\n<link rel=\"canonical\" href=\"https:\/\/mwc-cmm.org\/en\/stories\/vietnam-mennonite-church-ordains-26\/\" \/>\n<meta property=\"og:locale\" content=\"es_ES\" \/>\n<meta property=\"og:type\" content=\"article\" \/>\n<meta property=\"og:title\" content=\"Iglesia Menonita de Vietnam ordena a 26 - Mennonite World Conference\" \/>\n<meta property=\"og:description\" content=\"NULL\" \/>\n<meta property=\"og:url\" content=\"https:\/\/mwc-cmm.org\/en\/stories\/vietnam-mennonite-church-ordains-26\/\" \/>\n<meta property=\"og:site_name\" content=\"Mennonite World Conference\" \/>\n<meta property=\"article:publisher\" content=\"https:\/\/www.facebook.com\/MennoniteWorldConference\" \/>\n<meta property=\"article:published_time\" content=\"2016-02-02T00:00:00+00:00\" \/>\n<meta property=\"article:modified_time\" content=\"2024-12-10T17:59:53+00:00\" \/>\n<meta property=\"og:image\" content=\"https:\/\/mwc-cmm.org\/wp-content\/uploads\/2024\/11\/vietnam_pastor.jpg\" \/>\n\t<meta property=\"og:image:width\" content=\"900\" \/>\n\t<meta property=\"og:image:height\" content=\"676\" \/>\n\t<meta property=\"og:image:type\" content=\"image\/jpeg\" \/>\n<meta name=\"author\" content=\"mennworldcon\" \/>\n<script type=\"application\/ld+json\" class=\"yoast-schema-graph\">{\"@context\":\"https:\\\/\\\/schema.org\",\"@graph\":[{\"@type\":\"Article\",\"@id\":\"https:\\\/\\\/mwc-cmm.org\\\/en\\\/stories\\\/vietnam-mennonite-church-ordains-26\\\/#article\",\"isPartOf\":{\"@id\":\"https:\\\/\\\/mwc-cmm.org\\\/en\\\/stories\\\/vietnam-mennonite-church-ordains-26\\\/\"},\"author\":{\"name\":\"mennworldcon\",\"@id\":\"https:\\\/\\\/mwc-cmm.org\\\/en\\\/#\\\/schema\\\/person\\\/11f6ae0d7d1868ba20a1cc27f067c836\"},\"headline\":\"Iglesia Menonita de Vietnam ordena a 26\",\"datePublished\":\"2016-02-02T00:00:00+00:00\",\"dateModified\":\"2024-12-10T17:59:53+00:00\",\"mainEntityOfPage\":{\"@id\":\"https:\\\/\\\/mwc-cmm.org\\\/en\\\/stories\\\/vietnam-mennonite-church-ordains-26\\\/\"},\"wordCount\":479,\"publisher\":{\"@id\":\"https:\\\/\\\/mwc-cmm.org\\\/en\\\/#organization\"},\"image\":{\"@id\":\"https:\\\/\\\/mwc-cmm.org\\\/en\\\/stories\\\/vietnam-mennonite-church-ordains-26\\\/#primaryimage\"},\"thumbnailUrl\":\"https:\\\/\\\/mwc-cmm.org\\\/wp-content\\\/uploads\\\/2024\\\/11\\\/vietnam_pastor.jpg\",\"articleSection\":[\"Sin categorizar\"],\"inLanguage\":\"es\"},{\"@type\":\"WebPage\",\"@id\":\"https:\\\/\\\/mwc-cmm.org\\\/en\\\/stories\\\/vietnam-mennonite-church-ordains-26\\\/\",\"url\":\"https:\\\/\\\/mwc-cmm.org\\\/en\\\/stories\\\/vietnam-mennonite-church-ordains-26\\\/\",\"name\":\"Iglesia Menonita de Vietnam ordena a 26 - Mennonite World Conference\",\"isPartOf\":{\"@id\":\"https:\\\/\\\/mwc-cmm.org\\\/en\\\/#website\"},\"primaryImageOfPage\":{\"@id\":\"https:\\\/\\\/mwc-cmm.org\\\/en\\\/stories\\\/vietnam-mennonite-church-ordains-26\\\/#primaryimage\"},\"image\":{\"@id\":\"https:\\\/\\\/mwc-cmm.org\\\/en\\\/stories\\\/vietnam-mennonite-church-ordains-26\\\/#primaryimage\"},\"thumbnailUrl\":\"https:\\\/\\\/mwc-cmm.org\\\/wp-content\\\/uploads\\\/2024\\\/11\\\/vietnam_pastor.jpg\",\"datePublished\":\"2016-02-02T00:00:00+00:00\",\"dateModified\":\"2024-12-10T17:59:53+00:00\",\"breadcrumb\":{\"@id\":\"https:\\\/\\\/mwc-cmm.org\\\/en\\\/stories\\\/vietnam-mennonite-church-ordains-26\\\/#breadcrumb\"},\"inLanguage\":\"es\",\"potentialAction\":[{\"@type\":\"ReadAction\",\"target\":[\"https:\\\/\\\/mwc-cmm.org\\\/en\\\/stories\\\/vietnam-mennonite-church-ordains-26\\\/\"]}]},{\"@type\":\"ImageObject\",\"inLanguage\":\"es\",\"@id\":\"https:\\\/\\\/mwc-cmm.org\\\/en\\\/stories\\\/vietnam-mennonite-church-ordains-26\\\/#primaryimage\",\"url\":\"https:\\\/\\\/mwc-cmm.org\\\/wp-content\\\/uploads\\\/2024\\\/11\\\/vietnam_pastor.jpg\",\"contentUrl\":\"https:\\\/\\\/mwc-cmm.org\\\/wp-content\\\/uploads\\\/2024\\\/11\\\/vietnam_pastor.jpg\",\"width\":900,\"height\":676},{\"@type\":\"BreadcrumbList\",\"@id\":\"https:\\\/\\\/mwc-cmm.org\\\/en\\\/stories\\\/vietnam-mennonite-church-ordains-26\\\/#breadcrumb\",\"itemListElement\":[{\"@type\":\"ListItem\",\"position\":1,\"name\":\"Home\",\"item\":\"https:\\\/\\\/mwc-cmm.org\\\/es\\\/\"},{\"@type\":\"ListItem\",\"position\":2,\"name\":\"Iglesia Menonita de Vietnam ordena a 26\"}]},{\"@type\":\"WebSite\",\"@id\":\"https:\\\/\\\/mwc-cmm.org\\\/en\\\/#website\",\"url\":\"https:\\\/\\\/mwc-cmm.org\\\/en\\\/\",\"name\":\"Mennonite World Conference\",\"description\":\"A communion of Anabaptist-related churches\",\"publisher\":{\"@id\":\"https:\\\/\\\/mwc-cmm.org\\\/en\\\/#organization\"},\"alternateName\":\"MWC\",\"potentialAction\":[{\"@type\":\"SearchAction\",\"target\":{\"@type\":\"EntryPoint\",\"urlTemplate\":\"https:\\\/\\\/mwc-cmm.org\\\/en\\\/?s={search_term_string}\"},\"query-input\":{\"@type\":\"PropertyValueSpecification\",\"valueRequired\":true,\"valueName\":\"search_term_string\"}}],\"inLanguage\":\"es\"},{\"@type\":\"Organization\",\"@id\":\"https:\\\/\\\/mwc-cmm.org\\\/en\\\/#organization\",\"name\":\"Mennonite World Conference\",\"alternateName\":\"MWC\",\"url\":\"https:\\\/\\\/mwc-cmm.org\\\/en\\\/\",\"logo\":{\"@type\":\"ImageObject\",\"inLanguage\":\"es\",\"@id\":\"https:\\\/\\\/mwc-cmm.org\\\/en\\\/#\\\/schema\\\/logo\\\/image\\\/\",\"url\":\"https:\\\/\\\/mwc-cmm.org\\\/wp-content\\\/uploads\\\/2026\\\/01\\\/MWC_Sig_Blue_Horiz_webheader1-logo.svg\",\"contentUrl\":\"https:\\\/\\\/mwc-cmm.org\\\/wp-content\\\/uploads\\\/2026\\\/01\\\/MWC_Sig_Blue_Horiz_webheader1-logo.svg\",\"width\":786,\"height\":82,\"caption\":\"Mennonite World Conference\"},\"image\":{\"@id\":\"https:\\\/\\\/mwc-cmm.org\\\/en\\\/#\\\/schema\\\/logo\\\/image\\\/\"},\"sameAs\":[\"https:\\\/\\\/www.facebook.com\\\/MennoniteWorldConference\",\"https:\\\/\\\/www.linkedin.com\\\/company\\\/mennonite-world-conference-mwc\\\/\",\"https:\\\/\\\/www.instagram.com\\\/mwcmm\\\/\",\"https:\\\/\\\/www.youtube.com\\\/user\\\/mwccmm\",\"https:\\\/\\\/bsky.app\\\/profile\\\/mwcmm.bsky.social\"]},{\"@type\":\"Person\",\"@id\":\"https:\\\/\\\/mwc-cmm.org\\\/en\\\/#\\\/schema\\\/person\\\/11f6ae0d7d1868ba20a1cc27f067c836\",\"name\":\"mennworldcon\",\"image\":{\"@type\":\"ImageObject\",\"inLanguage\":\"es\",\"@id\":\"https:\\\/\\\/secure.gravatar.com\\\/avatar\\\/06fdc0dc81c157dfdb82ec42f252178a22307808988d22c043f9eb96f1e0fe80?s=96&d=mm&r=g\",\"url\":\"https:\\\/\\\/secure.gravatar.com\\\/avatar\\\/06fdc0dc81c157dfdb82ec42f252178a22307808988d22c043f9eb96f1e0fe80?s=96&d=mm&r=g\",\"contentUrl\":\"https:\\\/\\\/secure.gravatar.com\\\/avatar\\\/06fdc0dc81c157dfdb82ec42f252178a22307808988d22c043f9eb96f1e0fe80?s=96&d=mm&r=g\",\"caption\":\"mennworldcon\"},\"sameAs\":[\"https:\\\/\\\/mwc-cmm.org\"],\"url\":\"https:\\\/\\\/mwc-cmm.org\\\/es\\\/stories\\\/author\\\/mennworldcon\\\/\"}]}<\/script>\n<!-- \/ Yoast SEO plugin. -->","yoast_head_json":{"title":"Iglesia Menonita de Vietnam ordena a 26 - Mennonite World Conference","robots":{"index":"index","follow":"follow","max-snippet":"max-snippet:-1","max-image-preview":"max-image-preview:large","max-video-preview":"max-video-preview:-1"},"canonical":"https:\/\/mwc-cmm.org\/en\/stories\/vietnam-mennonite-church-ordains-26\/","og_locale":"es_ES","og_type":"article","og_title":"Iglesia Menonita de Vietnam ordena a 26 - Mennonite World Conference","og_description":"NULL","og_url":"https:\/\/mwc-cmm.org\/en\/stories\/vietnam-mennonite-church-ordains-26\/","og_site_name":"Mennonite World Conference","article_publisher":"https:\/\/www.facebook.com\/MennoniteWorldConference","article_published_time":"2016-02-02T00:00:00+00:00","article_modified_time":"2024-12-10T17:59:53+00:00","og_image":[{"width":900,"height":676,"url":"https:\/\/mwc-cmm.org\/wp-content\/uploads\/2024\/11\/vietnam_pastor.jpg","type":"image\/jpeg"}],"author":"mennworldcon","schema":{"@context":"https:\/\/schema.org","@graph":[{"@type":"Article","@id":"https:\/\/mwc-cmm.org\/en\/stories\/vietnam-mennonite-church-ordains-26\/#article","isPartOf":{"@id":"https:\/\/mwc-cmm.org\/en\/stories\/vietnam-mennonite-church-ordains-26\/"},"author":{"name":"mennworldcon","@id":"https:\/\/mwc-cmm.org\/en\/#\/schema\/person\/11f6ae0d7d1868ba20a1cc27f067c836"},"headline":"Iglesia Menonita de Vietnam ordena a 26","datePublished":"2016-02-02T00:00:00+00:00","dateModified":"2024-12-10T17:59:53+00:00","mainEntityOfPage":{"@id":"https:\/\/mwc-cmm.org\/en\/stories\/vietnam-mennonite-church-ordains-26\/"},"wordCount":479,"publisher":{"@id":"https:\/\/mwc-cmm.org\/en\/#organization"},"image":{"@id":"https:\/\/mwc-cmm.org\/en\/stories\/vietnam-mennonite-church-ordains-26\/#primaryimage"},"thumbnailUrl":"https:\/\/mwc-cmm.org\/wp-content\/uploads\/2024\/11\/vietnam_pastor.jpg","articleSection":["Sin categorizar"],"inLanguage":"es"},{"@type":"WebPage","@id":"https:\/\/mwc-cmm.org\/en\/stories\/vietnam-mennonite-church-ordains-26\/","url":"https:\/\/mwc-cmm.org\/en\/stories\/vietnam-mennonite-church-ordains-26\/","name":"Iglesia Menonita de Vietnam ordena a 26 - Mennonite World Conference","isPartOf":{"@id":"https:\/\/mwc-cmm.org\/en\/#website"},"primaryImageOfPage":{"@id":"https:\/\/mwc-cmm.org\/en\/stories\/vietnam-mennonite-church-ordains-26\/#primaryimage"},"image":{"@id":"https:\/\/mwc-cmm.org\/en\/stories\/vietnam-mennonite-church-ordains-26\/#primaryimage"},"thumbnailUrl":"https:\/\/mwc-cmm.org\/wp-content\/uploads\/2024\/11\/vietnam_pastor.jpg","datePublished":"2016-02-02T00:00:00+00:00","dateModified":"2024-12-10T17:59:53+00:00","breadcrumb":{"@id":"https:\/\/mwc-cmm.org\/en\/stories\/vietnam-mennonite-church-ordains-26\/#breadcrumb"},"inLanguage":"es","potentialAction":[{"@type":"ReadAction","target":["https:\/\/mwc-cmm.org\/en\/stories\/vietnam-mennonite-church-ordains-26\/"]}]},{"@type":"ImageObject","inLanguage":"es","@id":"https:\/\/mwc-cmm.org\/en\/stories\/vietnam-mennonite-church-ordains-26\/#primaryimage","url":"https:\/\/mwc-cmm.org\/wp-content\/uploads\/2024\/11\/vietnam_pastor.jpg","contentUrl":"https:\/\/mwc-cmm.org\/wp-content\/uploads\/2024\/11\/vietnam_pastor.jpg","width":900,"height":676},{"@type":"BreadcrumbList","@id":"https:\/\/mwc-cmm.org\/en\/stories\/vietnam-mennonite-church-ordains-26\/#breadcrumb","itemListElement":[{"@type":"ListItem","position":1,"name":"Home","item":"https:\/\/mwc-cmm.org\/es\/"},{"@type":"ListItem","position":2,"name":"Iglesia Menonita de Vietnam ordena a 26"}]},{"@type":"WebSite","@id":"https:\/\/mwc-cmm.org\/en\/#website","url":"https:\/\/mwc-cmm.org\/en\/","name":"Mennonite World Conference","description":"A communion of Anabaptist-related churches","publisher":{"@id":"https:\/\/mwc-cmm.org\/en\/#organization"},"alternateName":"MWC","potentialAction":[{"@type":"SearchAction","target":{"@type":"EntryPoint","urlTemplate":"https:\/\/mwc-cmm.org\/en\/?s={search_term_string}"},"query-input":{"@type":"PropertyValueSpecification","valueRequired":true,"valueName":"search_term_string"}}],"inLanguage":"es"},{"@type":"Organization","@id":"https:\/\/mwc-cmm.org\/en\/#organization","name":"Mennonite World Conference","alternateName":"MWC","url":"https:\/\/mwc-cmm.org\/en\/","logo":{"@type":"ImageObject","inLanguage":"es","@id":"https:\/\/mwc-cmm.org\/en\/#\/schema\/logo\/image\/","url":"https:\/\/mwc-cmm.org\/wp-content\/uploads\/2026\/01\/MWC_Sig_Blue_Horiz_webheader1-logo.svg","contentUrl":"https:\/\/mwc-cmm.org\/wp-content\/uploads\/2026\/01\/MWC_Sig_Blue_Horiz_webheader1-logo.svg","width":786,"height":82,"caption":"Mennonite World Conference"},"image":{"@id":"https:\/\/mwc-cmm.org\/en\/#\/schema\/logo\/image\/"},"sameAs":["https:\/\/www.facebook.com\/MennoniteWorldConference","https:\/\/www.linkedin.com\/company\/mennonite-world-conference-mwc\/","https:\/\/www.instagram.com\/mwcmm\/","https:\/\/www.youtube.com\/user\/mwccmm","https:\/\/bsky.app\/profile\/mwcmm.bsky.social"]},{"@type":"Person","@id":"https:\/\/mwc-cmm.org\/en\/#\/schema\/person\/11f6ae0d7d1868ba20a1cc27f067c836","name":"mennworldcon","image":{"@type":"ImageObject","inLanguage":"es","@id":"https:\/\/secure.gravatar.com\/avatar\/06fdc0dc81c157dfdb82ec42f252178a22307808988d22c043f9eb96f1e0fe80?s=96&d=mm&r=g","url":"https:\/\/secure.gravatar.com\/avatar\/06fdc0dc81c157dfdb82ec42f252178a22307808988d22c043f9eb96f1e0fe80?s=96&d=mm&r=g","contentUrl":"https:\/\/secure.gravatar.com\/avatar\/06fdc0dc81c157dfdb82ec42f252178a22307808988d22c043f9eb96f1e0fe80?s=96&d=mm&r=g","caption":"mennworldcon"},"sameAs":["https:\/\/mwc-cmm.org"],"url":"https:\/\/mwc-cmm.org\/es\/stories\/author\/mennworldcon\/"}]}},"_links":{"self":[{"href":"https:\/\/mwc-cmm.org\/es\/wp-json\/wp\/v2\/posts\/8613","targetHints":{"allow":["GET"]}}],"collection":[{"href":"https:\/\/mwc-cmm.org\/es\/wp-json\/wp\/v2\/posts"}],"about":[{"href":"https:\/\/mwc-cmm.org\/es\/wp-json\/wp\/v2\/types\/post"}],"author":[{"embeddable":true,"href":"https:\/\/mwc-cmm.org\/es\/wp-json\/wp\/v2\/users\/1"}],"replies":[{"embeddable":true,"href":"https:\/\/mwc-cmm.org\/es\/wp-json\/wp\/v2\/comments?post=8613"}],"version-history":[{"count":0,"href":"https:\/\/mwc-cmm.org\/es\/wp-json\/wp\/v2\/posts\/8613\/revisions"}],"wp:featuredmedia":[{"embeddable":true,"href":"https:\/\/mwc-cmm.org\/es\/wp-json\/wp\/v2\/media\/87670"}],"wp:attachment":[{"href":"https:\/\/mwc-cmm.org\/es\/wp-json\/wp\/v2\/media?parent=8613"}],"wp:term":[{"taxonomy":"category","embeddable":true,"href":"https:\/\/mwc-cmm.org\/es\/wp-json\/wp\/v2\/categories?post=8613"},{"taxonomy":"post_tag","embeddable":true,"href":"https:\/\/mwc-cmm.org\/es\/wp-json\/wp\/v2\/tags?post=8613"},{"taxonomy":"network","embeddable":true,"href":"https:\/\/mwc-cmm.org\/es\/wp-json\/wp\/v2\/network?post=8613"},{"taxonomy":"eventcategory","embeddable":true,"href":"https:\/\/mwc-cmm.org\/es\/wp-json\/wp\/v2\/eventcategory?post=8613"}],"curies":[{"name":"wp","href":"https:\/\/api.w.org\/{rel}","templated":true}]}}