{"id":8587,"date":"2015-11-23T00:00:00","date_gmt":"2015-11-23T00:00:00","guid":{"rendered":"https:\/\/mwc-cmm.org\/churches-of-all-stripes-call-for-freedom-of-religion-3\/"},"modified":"2024-12-10T17:59:41","modified_gmt":"2024-12-10T17:59:41","slug":"churches-of-all-stripes-call-for-freedom-of-religion-3","status":"publish","type":"post","link":"https:\/\/mwc-cmm.org\/es\/stories\/churches-of-all-stripes-call-for-freedom-of-religion-3\/","title":{"rendered":"Iglesias de todas las tendencias reclaman libertad religiosa"},"content":{"rendered":"<p>Winnipeg, Canad\u00e1 \u2013 Los representantes de cada corriente del cristianismo mundial se reunieron en Tirana, Albania, del 1\u00ba al 5 de noviembre de 2015 para tener una consulta sobre la discriminaci\u00f3n, la persecuci\u00f3n, el martirio: Siguiendo a Cristo Juntos, que fue convocada por el Foro Cristiano Mundial.<\/p>\n<p>En conjunto, estos 145 l\u00edderes cristianos reconocieron la continua persecuci\u00f3n de los cristianos, se arrepintieron de las veces en la que los cristianos han perseguido a aquellos que profesan otra fe, y realizaron un llamado a los gobiernos y a las iglesias a nivel mundial \u201ca respetar y a proteger la libertad religiosa\u201d como un derecho humano fundamental.<\/p>\n<p>El secretario general del Congreso Mundial Menonita (CMM) C\u00e9sar Garc\u00eda, el director del CCM para el \u00e1rea de Europa y del Oriente Medio Amela Puljek-Shank, y un l\u00edder de iglesia de Eritrea (por razones de seguridad se omite el nombre) estuvieron presentes en representaci\u00f3n del CMM.<\/p>\n<p>Durante la consulta se redact\u00f3 un documento en el cual los l\u00edderes se comprometieron a \u201cescuchar m\u00e1s\u2026, orar m\u00e1s\u2026, hacer escuchar su voz\u2026, y a hacer m\u00e1s en mutuo acuerdo para encontrar maneras eficaces de solidaridad y apoyo.\u201d<\/p>\n<p>El documento tambi\u00e9n hace un llamado a las iglesias, perseguidores, gobiernos, medios de comunicaci\u00f3n y a personas de buena voluntad a actuar en respeto y en justicia hacia todas las personas.<\/p>\n<p>\u201cFue inspirador ver a l\u00edderes de iglesias cat\u00f3licas, protestantes, pentecostales, evang\u00e9licas y ortodoxas reunirse para buscar la manera de responder siguiendo como modelo el ejemplo de Jes\u00fas en la realidad de la persecuci\u00f3n, la discriminaci\u00f3n y el martirio que la iglesia cristiana experimenta en algunos contextos hoy en d\u00eda,\u201d dijo Garc\u00eda. \u201cOramos que estos cristianos que sufren por sus convicciones de fe puedan encontrar en la iglesia del crucificado apoyo y acompa\u00f1amiento para responder con amor y superar con esperanza en medio de su situaci\u00f3n.\u201d<\/p>\n<p>La hist\u00f3rica reuni\u00f3n marc\u00f3 la persistencia del cristianismo a pesar de la adversidad: la constituci\u00f3n de Albania lo declar\u00f3 un estado ateo en 1967; aunque cierta discriminaci\u00f3n permanece, en el presente las iglesias florecen en un marco de libertad religiosa.<\/p>\n<p><a href=\"\/sites\/default\/files\/website_files\/rs179_dpm_mensaje_de_la_consulta.pdf\">Haga clic aqu\u00ed<\/a> para ver el mensaje oficial de la consulta en su totalidad.<\/p>\n<p><em>Comunicado de prensa del CMM &#8211; Karla Braun<\/em><\/p>\n<p>Foto tomada de <a href=\"http:\/\/resources.globalchristianforum.org\/pages\/themes.php\">http:\/\/resources.globalchristianforum.org\/pages\/themes.php<\/a><\/p>\n","protected":false},"excerpt":{"rendered":"<p>NULL<\/p>\n","protected":false},"author":1,"featured_media":87320,"comment_status":"closed","ping_status":"closed","sticky":false,"template":"","format":"standard","meta":{"_acf_changed":false,"footnotes":""},"categories":[6],"tags":[],"network":[],"eventcategory":[],"class_list":["post-8587","post","type-post","status-publish","format-standard","has-post-thumbnail","hentry","category-sin-categorizar"],"acf":[],"yoast_head":"<!-- This site is optimized with the Yoast SEO plugin v27.2 - https:\/\/yoast.com\/product\/yoast-seo-wordpress\/ -->\n<title>Iglesias de todas las tendencias reclaman libertad religiosa - Mennonite World Conference<\/title>\n<meta name=\"robots\" content=\"index, follow, max-snippet:-1, max-image-preview:large, max-video-preview:-1\" \/>\n<link rel=\"canonical\" href=\"https:\/\/mwc-cmm.org\/es\/stories\/churches-of-all-stripes-call-for-freedom-of-religion-3\/\" \/>\n<meta property=\"og:locale\" content=\"es_ES\" \/>\n<meta property=\"og:type\" content=\"article\" \/>\n<meta property=\"og:title\" content=\"Iglesias de todas las tendencias reclaman libertad religiosa - Mennonite World Conference\" \/>\n<meta property=\"og:description\" content=\"NULL\" \/>\n<meta property=\"og:url\" content=\"https:\/\/mwc-cmm.org\/es\/stories\/churches-of-all-stripes-call-for-freedom-of-religion-3\/\" \/>\n<meta property=\"og:site_name\" content=\"Mennonite World Conference\" \/>\n<meta property=\"article:publisher\" content=\"https:\/\/www.facebook.com\/MennoniteWorldConference\" \/>\n<meta property=\"article:published_time\" content=\"2015-11-23T00:00:00+00:00\" \/>\n<meta property=\"article:modified_time\" content=\"2024-12-10T17:59:41+00:00\" \/>\n<meta property=\"og:image\" content=\"https:\/\/mwc-cmm.org\/wp-content\/uploads\/2024\/11\/gce.jpg\" \/>\n\t<meta property=\"og:image:width\" content=\"646\" \/>\n\t<meta property=\"og:image:height\" content=\"450\" \/>\n\t<meta property=\"og:image:type\" content=\"image\/jpeg\" \/>\n<meta name=\"author\" content=\"mennworldcon\" \/>\n<script type=\"application\/ld+json\" class=\"yoast-schema-graph\">{\"@context\":\"https:\/\/schema.org\",\"@graph\":[{\"@type\":\"Article\",\"@id\":\"https:\/\/mwc-cmm.org\/es\/stories\/churches-of-all-stripes-call-for-freedom-of-religion-3\/#article\",\"isPartOf\":{\"@id\":\"https:\/\/mwc-cmm.org\/es\/stories\/churches-of-all-stripes-call-for-freedom-of-religion-3\/\"},\"author\":{\"name\":\"mennworldcon\",\"@id\":\"https:\/\/mwc-cmm.org\/en\/#\/schema\/person\/11f6ae0d7d1868ba20a1cc27f067c836\"},\"headline\":\"Iglesias de todas las tendencias reclaman libertad religiosa\",\"datePublished\":\"2015-11-23T00:00:00+00:00\",\"dateModified\":\"2024-12-10T17:59:41+00:00\",\"mainEntityOfPage\":{\"@id\":\"https:\/\/mwc-cmm.org\/es\/stories\/churches-of-all-stripes-call-for-freedom-of-religion-3\/\"},\"wordCount\":407,\"publisher\":{\"@id\":\"https:\/\/mwc-cmm.org\/en\/#organization\"},\"image\":{\"@id\":\"https:\/\/mwc-cmm.org\/es\/stories\/churches-of-all-stripes-call-for-freedom-of-religion-3\/#primaryimage\"},\"thumbnailUrl\":\"https:\/\/mwc-cmm.org\/wp-content\/uploads\/2024\/11\/gce.jpg\",\"articleSection\":[\"Sin categorizar\"],\"inLanguage\":\"es\"},{\"@type\":\"WebPage\",\"@id\":\"https:\/\/mwc-cmm.org\/es\/stories\/churches-of-all-stripes-call-for-freedom-of-religion-3\/\",\"url\":\"https:\/\/mwc-cmm.org\/es\/stories\/churches-of-all-stripes-call-for-freedom-of-religion-3\/\",\"name\":\"Iglesias de todas las tendencias reclaman libertad religiosa - Mennonite World Conference\",\"isPartOf\":{\"@id\":\"https:\/\/mwc-cmm.org\/en\/#website\"},\"primaryImageOfPage\":{\"@id\":\"https:\/\/mwc-cmm.org\/es\/stories\/churches-of-all-stripes-call-for-freedom-of-religion-3\/#primaryimage\"},\"image\":{\"@id\":\"https:\/\/mwc-cmm.org\/es\/stories\/churches-of-all-stripes-call-for-freedom-of-religion-3\/#primaryimage\"},\"thumbnailUrl\":\"https:\/\/mwc-cmm.org\/wp-content\/uploads\/2024\/11\/gce.jpg\",\"datePublished\":\"2015-11-23T00:00:00+00:00\",\"dateModified\":\"2024-12-10T17:59:41+00:00\",\"breadcrumb\":{\"@id\":\"https:\/\/mwc-cmm.org\/es\/stories\/churches-of-all-stripes-call-for-freedom-of-religion-3\/#breadcrumb\"},\"inLanguage\":\"es\",\"potentialAction\":[{\"@type\":\"ReadAction\",\"target\":[\"https:\/\/mwc-cmm.org\/es\/stories\/churches-of-all-stripes-call-for-freedom-of-religion-3\/\"]}]},{\"@type\":\"ImageObject\",\"inLanguage\":\"es\",\"@id\":\"https:\/\/mwc-cmm.org\/es\/stories\/churches-of-all-stripes-call-for-freedom-of-religion-3\/#primaryimage\",\"url\":\"https:\/\/mwc-cmm.org\/wp-content\/uploads\/2024\/11\/gce.jpg\",\"contentUrl\":\"https:\/\/mwc-cmm.org\/wp-content\/uploads\/2024\/11\/gce.jpg\",\"width\":646,\"height\":450},{\"@type\":\"BreadcrumbList\",\"@id\":\"https:\/\/mwc-cmm.org\/es\/stories\/churches-of-all-stripes-call-for-freedom-of-religion-3\/#breadcrumb\",\"itemListElement\":[{\"@type\":\"ListItem\",\"position\":1,\"name\":\"Home\",\"item\":\"https:\/\/mwc-cmm.org\/es\/\"},{\"@type\":\"ListItem\",\"position\":2,\"name\":\"Iglesias de todas las tendencias reclaman libertad religiosa\"}]},{\"@type\":\"WebSite\",\"@id\":\"https:\/\/mwc-cmm.org\/en\/#website\",\"url\":\"https:\/\/mwc-cmm.org\/en\/\",\"name\":\"Mennonite World Conference\",\"description\":\"A communion of Anabaptist-related churches\",\"publisher\":{\"@id\":\"https:\/\/mwc-cmm.org\/en\/#organization\"},\"alternateName\":\"MWC\",\"potentialAction\":[{\"@type\":\"SearchAction\",\"target\":{\"@type\":\"EntryPoint\",\"urlTemplate\":\"https:\/\/mwc-cmm.org\/en\/?s={search_term_string}\"},\"query-input\":{\"@type\":\"PropertyValueSpecification\",\"valueRequired\":true,\"valueName\":\"search_term_string\"}}],\"inLanguage\":\"es\"},{\"@type\":\"Organization\",\"@id\":\"https:\/\/mwc-cmm.org\/en\/#organization\",\"name\":\"Mennonite World Conference\",\"alternateName\":\"MWC\",\"url\":\"https:\/\/mwc-cmm.org\/en\/\",\"logo\":{\"@type\":\"ImageObject\",\"inLanguage\":\"es\",\"@id\":\"https:\/\/mwc-cmm.org\/en\/#\/schema\/logo\/image\/\",\"url\":\"https:\/\/mwc-cmm.org\/wp-content\/uploads\/2026\/01\/MWC_Sig_Blue_Horiz_webheader1-logo.svg\",\"contentUrl\":\"https:\/\/mwc-cmm.org\/wp-content\/uploads\/2026\/01\/MWC_Sig_Blue_Horiz_webheader1-logo.svg\",\"width\":786,\"height\":82,\"caption\":\"Mennonite World Conference\"},\"image\":{\"@id\":\"https:\/\/mwc-cmm.org\/en\/#\/schema\/logo\/image\/\"},\"sameAs\":[\"https:\/\/www.facebook.com\/MennoniteWorldConference\",\"https:\/\/www.linkedin.com\/company\/mennonite-world-conference-mwc\/\",\"https:\/\/www.instagram.com\/mwcmm\/\",\"https:\/\/www.youtube.com\/user\/mwccmm\",\"https:\/\/bsky.app\/profile\/mwcmm.bsky.social\"]},{\"@type\":\"Person\",\"@id\":\"https:\/\/mwc-cmm.org\/en\/#\/schema\/person\/11f6ae0d7d1868ba20a1cc27f067c836\",\"name\":\"mennworldcon\",\"image\":{\"@type\":\"ImageObject\",\"inLanguage\":\"es\",\"@id\":\"https:\/\/secure.gravatar.com\/avatar\/06fdc0dc81c157dfdb82ec42f252178a22307808988d22c043f9eb96f1e0fe80?s=96&d=mm&r=g\",\"url\":\"https:\/\/secure.gravatar.com\/avatar\/06fdc0dc81c157dfdb82ec42f252178a22307808988d22c043f9eb96f1e0fe80?s=96&d=mm&r=g\",\"contentUrl\":\"https:\/\/secure.gravatar.com\/avatar\/06fdc0dc81c157dfdb82ec42f252178a22307808988d22c043f9eb96f1e0fe80?s=96&d=mm&r=g\",\"caption\":\"mennworldcon\"},\"sameAs\":[\"https:\/\/mwc-cmm.org\"],\"url\":\"https:\/\/mwc-cmm.org\/es\/stories\/author\/mennworldcon\/\"}]}<\/script>\n<!-- \/ Yoast SEO plugin. -->","yoast_head_json":{"title":"Iglesias de todas las tendencias reclaman libertad religiosa - Mennonite World Conference","robots":{"index":"index","follow":"follow","max-snippet":"max-snippet:-1","max-image-preview":"max-image-preview:large","max-video-preview":"max-video-preview:-1"},"canonical":"https:\/\/mwc-cmm.org\/es\/stories\/churches-of-all-stripes-call-for-freedom-of-religion-3\/","og_locale":"es_ES","og_type":"article","og_title":"Iglesias de todas las tendencias reclaman libertad religiosa - Mennonite World Conference","og_description":"NULL","og_url":"https:\/\/mwc-cmm.org\/es\/stories\/churches-of-all-stripes-call-for-freedom-of-religion-3\/","og_site_name":"Mennonite World Conference","article_publisher":"https:\/\/www.facebook.com\/MennoniteWorldConference","article_published_time":"2015-11-23T00:00:00+00:00","article_modified_time":"2024-12-10T17:59:41+00:00","og_image":[{"width":646,"height":450,"url":"https:\/\/mwc-cmm.org\/wp-content\/uploads\/2024\/11\/gce.jpg","type":"image\/jpeg"}],"author":"mennworldcon","schema":{"@context":"https:\/\/schema.org","@graph":[{"@type":"Article","@id":"https:\/\/mwc-cmm.org\/es\/stories\/churches-of-all-stripes-call-for-freedom-of-religion-3\/#article","isPartOf":{"@id":"https:\/\/mwc-cmm.org\/es\/stories\/churches-of-all-stripes-call-for-freedom-of-religion-3\/"},"author":{"name":"mennworldcon","@id":"https:\/\/mwc-cmm.org\/en\/#\/schema\/person\/11f6ae0d7d1868ba20a1cc27f067c836"},"headline":"Iglesias de todas las tendencias reclaman libertad religiosa","datePublished":"2015-11-23T00:00:00+00:00","dateModified":"2024-12-10T17:59:41+00:00","mainEntityOfPage":{"@id":"https:\/\/mwc-cmm.org\/es\/stories\/churches-of-all-stripes-call-for-freedom-of-religion-3\/"},"wordCount":407,"publisher":{"@id":"https:\/\/mwc-cmm.org\/en\/#organization"},"image":{"@id":"https:\/\/mwc-cmm.org\/es\/stories\/churches-of-all-stripes-call-for-freedom-of-religion-3\/#primaryimage"},"thumbnailUrl":"https:\/\/mwc-cmm.org\/wp-content\/uploads\/2024\/11\/gce.jpg","articleSection":["Sin categorizar"],"inLanguage":"es"},{"@type":"WebPage","@id":"https:\/\/mwc-cmm.org\/es\/stories\/churches-of-all-stripes-call-for-freedom-of-religion-3\/","url":"https:\/\/mwc-cmm.org\/es\/stories\/churches-of-all-stripes-call-for-freedom-of-religion-3\/","name":"Iglesias de todas las tendencias reclaman libertad religiosa - Mennonite World Conference","isPartOf":{"@id":"https:\/\/mwc-cmm.org\/en\/#website"},"primaryImageOfPage":{"@id":"https:\/\/mwc-cmm.org\/es\/stories\/churches-of-all-stripes-call-for-freedom-of-religion-3\/#primaryimage"},"image":{"@id":"https:\/\/mwc-cmm.org\/es\/stories\/churches-of-all-stripes-call-for-freedom-of-religion-3\/#primaryimage"},"thumbnailUrl":"https:\/\/mwc-cmm.org\/wp-content\/uploads\/2024\/11\/gce.jpg","datePublished":"2015-11-23T00:00:00+00:00","dateModified":"2024-12-10T17:59:41+00:00","breadcrumb":{"@id":"https:\/\/mwc-cmm.org\/es\/stories\/churches-of-all-stripes-call-for-freedom-of-religion-3\/#breadcrumb"},"inLanguage":"es","potentialAction":[{"@type":"ReadAction","target":["https:\/\/mwc-cmm.org\/es\/stories\/churches-of-all-stripes-call-for-freedom-of-religion-3\/"]}]},{"@type":"ImageObject","inLanguage":"es","@id":"https:\/\/mwc-cmm.org\/es\/stories\/churches-of-all-stripes-call-for-freedom-of-religion-3\/#primaryimage","url":"https:\/\/mwc-cmm.org\/wp-content\/uploads\/2024\/11\/gce.jpg","contentUrl":"https:\/\/mwc-cmm.org\/wp-content\/uploads\/2024\/11\/gce.jpg","width":646,"height":450},{"@type":"BreadcrumbList","@id":"https:\/\/mwc-cmm.org\/es\/stories\/churches-of-all-stripes-call-for-freedom-of-religion-3\/#breadcrumb","itemListElement":[{"@type":"ListItem","position":1,"name":"Home","item":"https:\/\/mwc-cmm.org\/es\/"},{"@type":"ListItem","position":2,"name":"Iglesias de todas las tendencias reclaman libertad religiosa"}]},{"@type":"WebSite","@id":"https:\/\/mwc-cmm.org\/en\/#website","url":"https:\/\/mwc-cmm.org\/en\/","name":"Mennonite World Conference","description":"A communion of Anabaptist-related churches","publisher":{"@id":"https:\/\/mwc-cmm.org\/en\/#organization"},"alternateName":"MWC","potentialAction":[{"@type":"SearchAction","target":{"@type":"EntryPoint","urlTemplate":"https:\/\/mwc-cmm.org\/en\/?s={search_term_string}"},"query-input":{"@type":"PropertyValueSpecification","valueRequired":true,"valueName":"search_term_string"}}],"inLanguage":"es"},{"@type":"Organization","@id":"https:\/\/mwc-cmm.org\/en\/#organization","name":"Mennonite World Conference","alternateName":"MWC","url":"https:\/\/mwc-cmm.org\/en\/","logo":{"@type":"ImageObject","inLanguage":"es","@id":"https:\/\/mwc-cmm.org\/en\/#\/schema\/logo\/image\/","url":"https:\/\/mwc-cmm.org\/wp-content\/uploads\/2026\/01\/MWC_Sig_Blue_Horiz_webheader1-logo.svg","contentUrl":"https:\/\/mwc-cmm.org\/wp-content\/uploads\/2026\/01\/MWC_Sig_Blue_Horiz_webheader1-logo.svg","width":786,"height":82,"caption":"Mennonite World Conference"},"image":{"@id":"https:\/\/mwc-cmm.org\/en\/#\/schema\/logo\/image\/"},"sameAs":["https:\/\/www.facebook.com\/MennoniteWorldConference","https:\/\/www.linkedin.com\/company\/mennonite-world-conference-mwc\/","https:\/\/www.instagram.com\/mwcmm\/","https:\/\/www.youtube.com\/user\/mwccmm","https:\/\/bsky.app\/profile\/mwcmm.bsky.social"]},{"@type":"Person","@id":"https:\/\/mwc-cmm.org\/en\/#\/schema\/person\/11f6ae0d7d1868ba20a1cc27f067c836","name":"mennworldcon","image":{"@type":"ImageObject","inLanguage":"es","@id":"https:\/\/secure.gravatar.com\/avatar\/06fdc0dc81c157dfdb82ec42f252178a22307808988d22c043f9eb96f1e0fe80?s=96&d=mm&r=g","url":"https:\/\/secure.gravatar.com\/avatar\/06fdc0dc81c157dfdb82ec42f252178a22307808988d22c043f9eb96f1e0fe80?s=96&d=mm&r=g","contentUrl":"https:\/\/secure.gravatar.com\/avatar\/06fdc0dc81c157dfdb82ec42f252178a22307808988d22c043f9eb96f1e0fe80?s=96&d=mm&r=g","caption":"mennworldcon"},"sameAs":["https:\/\/mwc-cmm.org"],"url":"https:\/\/mwc-cmm.org\/es\/stories\/author\/mennworldcon\/"}]}},"_links":{"self":[{"href":"https:\/\/mwc-cmm.org\/es\/wp-json\/wp\/v2\/posts\/8587","targetHints":{"allow":["GET"]}}],"collection":[{"href":"https:\/\/mwc-cmm.org\/es\/wp-json\/wp\/v2\/posts"}],"about":[{"href":"https:\/\/mwc-cmm.org\/es\/wp-json\/wp\/v2\/types\/post"}],"author":[{"embeddable":true,"href":"https:\/\/mwc-cmm.org\/es\/wp-json\/wp\/v2\/users\/1"}],"replies":[{"embeddable":true,"href":"https:\/\/mwc-cmm.org\/es\/wp-json\/wp\/v2\/comments?post=8587"}],"version-history":[{"count":0,"href":"https:\/\/mwc-cmm.org\/es\/wp-json\/wp\/v2\/posts\/8587\/revisions"}],"wp:featuredmedia":[{"embeddable":true,"href":"https:\/\/mwc-cmm.org\/es\/wp-json\/wp\/v2\/media\/87320"}],"wp:attachment":[{"href":"https:\/\/mwc-cmm.org\/es\/wp-json\/wp\/v2\/media?parent=8587"}],"wp:term":[{"taxonomy":"category","embeddable":true,"href":"https:\/\/mwc-cmm.org\/es\/wp-json\/wp\/v2\/categories?post=8587"},{"taxonomy":"post_tag","embeddable":true,"href":"https:\/\/mwc-cmm.org\/es\/wp-json\/wp\/v2\/tags?post=8587"},{"taxonomy":"network","embeddable":true,"href":"https:\/\/mwc-cmm.org\/es\/wp-json\/wp\/v2\/network?post=8587"},{"taxonomy":"eventcategory","embeddable":true,"href":"https:\/\/mwc-cmm.org\/es\/wp-json\/wp\/v2\/eventcategory?post=8587"}],"curies":[{"name":"wp","href":"https:\/\/api.w.org\/{rel}","templated":true}]}}