{"id":8582,"date":"2015-10-27T00:00:00","date_gmt":"2015-10-27T00:00:00","guid":{"rendered":"https:\/\/mwc-cmm.org\/churches-in-latin-america-call-for-prophetic-peace-witness-3\/"},"modified":"2024-12-10T17:59:39","modified_gmt":"2024-12-10T17:59:39","slug":"churches-in-latin-america-call-for-prophetic-peace-witness-3","status":"publish","type":"post","link":"https:\/\/mwc-cmm.org\/es\/stories\/churches-in-latin-america-call-for-prophetic-peace-witness-3\/","title":{"rendered":"Iglesias en Am\u00e9rica Latina llaman a un testimonio de paz prof\u00e9tico"},"content":{"rendered":"<p>Pietermaritzburg, Sud\u00e1frica \u2013 Las iglesias miembros del Congreso Mundial Menonita (CMM) celebraron el Domingo de Paz el 20 de septiembre de 2015,  y tambi\u00e9n reconocieron las maneras en las que desean la paz para sus comunidades.<\/p>\n<p>En Colombia, las iglesias Menonitas y Hermanos Menonitas, y las organizaciones de la Red de Servicio Anabautista Mundial Justapaz y Mencoldes reflexionaron en el significado de la paz como evangelio. Celebraron el Domingo de Paz con el evento nacional Pan y Paz en el cual muchas congregaciones compartieron el pan y las bendiciones en sus vecindarios. Pan y Paz hizo un llamado a las iglesias locales a reflexionar en la relaci\u00f3n entre la justicia econ\u00f3mica y la paz, y se centraron en apoyar las conversaciones de paz en Colombia con el tema \u201cParar la guerra: Posibilitar la paz\u201d<\/p>\n<p>En Centroam\u00e9rica, la Iglesia Evang\u00e9lica Menonita Hondure\u00f1a, una iglesia miembro del CMM en Honduras, junto con Casa Horeb, una congregaci\u00f3n menonita en Guatemala, el Domingo de Paz se pronunciaron sobre los continuos desaf\u00edos y las injusticias que enfrentan.<\/p>\n<p>La Iglesia Evang\u00e9lica Menonita Hondure\u00f1a nos recuerda que en tanto haya personas que vivan en la pobreza mientras que otros no controlan su codicia, sus pa\u00edses todav\u00eda carecer\u00e1n de paz. Se\u00f1alan que las autoridades gubernamentales encarnan valores diferentes a los del Reino de Dios.<\/p>\n<p>\u201cSe\u00f1alamos la incapacidad de la clase gobernante en su responsabilidad de impartir justicia, siendo estos procesos desiguales, ama\u00f1ados, dolosos. La militarizaci\u00f3n de la sociedad como alternativa para ofrecer seguridad, misma que a la fecha no satisface las expectativas del pueblo, ya que las muertes diarias se suman y siguen ligadas a esto en los barrios y colonias del pa\u00eds y que en lugar de buscar verdaderas soluciones a la crisis econ\u00f3mica, se ofrecen acciones populistas que no son respuesta a las ingentes necesidades de las mayor\u00edas.\u201d<\/p>\n<p><img decoding=\"async\" alt=\"\" data-src=\"\/sites\/default\/files\/website_files\/pan_edited_es.jpg\" style=\"width: 200px; height: 150px; border-width: 1px; border-style: solid; margin: 5px 10px; float: right;\" src=\"data:image\/svg+xml;base64,PHN2ZyB3aWR0aD0iMSIgaGVpZ2h0PSIxIiB4bWxucz0iaHR0cDovL3d3dy53My5vcmcvMjAwMC9zdmciPjwvc3ZnPg==\" class=\"lazyload\" \/>Y, sin embargo, nuestros hermanos y hermanas hondure\u00f1os, contin\u00faan trabajando hacia una paz integral en su intento de participar en el Reino de Dios y de ser dirigidos por sus valores.<\/p>\n<p>\u201cSomos una iglesia hist\u00f3ricamente pacifista y no violenta, fundamentada en los valores del Reino de Dios como lo son: El Amor, La Justicia, La Paz, El Perd\u00f3n, La Reconciliaci\u00f3n. Creemos en la transformaci\u00f3n de los conflictos a trav\u00e9s del di\u00e1logo sincero y equitativo y promovemos el respeto a los derechos humanos.\u201d<\/p>\n<p>Casa Horeb dio a conocer un pronunciamiento de la necesidad de que el Reino de Dios se ponga de manifiesto tanto en el mundo como en el contexto guatemalteco. \u201cExpresamos con humildad nuestro llamado, que se basa en las demandas radicales que el Reino de Dios exige, especialmente en este pa\u00eds que se considera cristiano: el amor que nos hace vernos como pr\u00f3jimos, la justicia que nos exige ser constructores de bienestar, y la paz que nos impulsa a vivir una vida de servicio (no de aprovechamiento ego\u00edsta, de asalto al patrimonio de todos y de cinismo para buscar justificaciones).\u201d<\/p>\n<p>La paz se lleva a cabo cuando de forma intencionada hacemos esfuerzos para vivir en relaciones justas con los dem\u00e1s, con Dios y con la creaci\u00f3n. Sin embargo, nuestros hermanos y hermanas de Colombia, Honduras y Guatemala nos recuerdan que mientras la gente siga sufriendo, la injusticia siga su curso, la corrupci\u00f3n robe a los necesitados y la gente contin\u00fae asumiendo que la violencia traer\u00e1 al mundo el shalom que el mundo necesita tan desesperadamente, todav\u00eda sufrimos la falta de relaciones justas.<\/p>\n<p>Por lo tanto, nuestros hermanos y hermanas de Honduras nos llaman a la acci\u00f3n: \u201cPedimos a todos los miembros de la Iglesia Evang\u00e9lica Menonita Hondure\u00f1a, a los Hermanos Menonitas del mundo y a los hermanos de las iglesias con las que compartimos la honra, la sujeci\u00f3n y la obediencia al nombre de Jesucristo, decretar un d\u00eda de ayuno y oraci\u00f3n por nuestra naci\u00f3n, pidiendo que el Se\u00f1or nos guie hacia una verdadera transformaci\u00f3n social, liberando a nuestro pueblo de la injusticia social, la corrupci\u00f3n y la impunidad.\u201d<\/p>\n<p>Nuestra misi\u00f3n de ser constructores de paz y de hacer la paz de Dios una realidad contin\u00faa. Que prestemos atenci\u00f3n al llamado de nuestros hermanos y hermanas.<\/p>\n<p><em>\u2014Andrew Suderman, Secretario de la Comisi\u00f3n de Paz del CMM<\/em><\/p>\n<p>Para ver el pronunciamiento de la Iglesia Evang\u00e9lica Menonita Hondure\u00f1a en su totalidad, <a href=\"\/sites\/default\/files\/website_files\/pronunciamiento_-_iemh_septb._2015.pdf\">haga clic aqu\u00ed<\/a>.<\/p>\n<p>Para ver en su totalidad el pronunciamiento de Casa Horeb, una congregaci\u00f3n menonita en Guatemala, <a href=\"\/sites\/default\/files\/website_files\/pronunciamiento_horeb-es_final.pdf\">haga clic aqu\u00ed<\/a>.<\/p>\n<p>Para ver un video de<em> Pan y Paz<\/em> en Colombia, haga <a href=\"https:\/\/www.youtube.com\/watch?v=KD71XuuLtw4\">clic aqu\u00ed<\/a>. <\/p>\n","protected":false},"excerpt":{"rendered":"<p>NULL<\/p>\n","protected":false},"author":1,"featured_media":87250,"comment_status":"closed","ping_status":"closed","sticky":false,"template":"","format":"standard","meta":{"_acf_changed":false,"footnotes":""},"categories":[6],"tags":[],"network":[1253],"eventcategory":[],"class_list":["post-8582","post","type-post","status-publish","format-standard","has-post-thumbnail","hentry","category-sin-categorizar","network-peace-commission-es"],"acf":[],"yoast_head":"<!-- This site is optimized with the Yoast SEO plugin v27.2 - https:\/\/yoast.com\/product\/yoast-seo-wordpress\/ -->\n<title>Iglesias en Am\u00e9rica Latina llaman a un testimonio de paz prof\u00e9tico - Mennonite World Conference<\/title>\n<meta name=\"robots\" content=\"index, follow, max-snippet:-1, max-image-preview:large, max-video-preview:-1\" \/>\n<link rel=\"canonical\" href=\"https:\/\/mwc-cmm.org\/en\/stories\/churches-in-latin-america-call-for-prophetic-peace-witness\/\" \/>\n<meta property=\"og:locale\" content=\"es_ES\" \/>\n<meta property=\"og:type\" content=\"article\" \/>\n<meta property=\"og:title\" content=\"Iglesias en Am\u00e9rica Latina llaman a un testimonio de paz prof\u00e9tico - Mennonite World Conference\" \/>\n<meta property=\"og:description\" content=\"NULL\" \/>\n<meta property=\"og:url\" content=\"https:\/\/mwc-cmm.org\/en\/stories\/churches-in-latin-america-call-for-prophetic-peace-witness\/\" \/>\n<meta property=\"og:site_name\" content=\"Mennonite World Conference\" \/>\n<meta property=\"article:publisher\" content=\"https:\/\/www.facebook.com\/MennoniteWorldConference\" \/>\n<meta property=\"article:published_time\" content=\"2015-10-27T00:00:00+00:00\" \/>\n<meta property=\"article:modified_time\" content=\"2024-12-10T17:59:39+00:00\" \/>\n<meta property=\"og:image\" content=\"https:\/\/mwc-cmm.org\/wp-content\/uploads\/2024\/11\/pan_ypas_riacha.jpg\" \/>\n\t<meta property=\"og:image:width\" content=\"650\" \/>\n\t<meta property=\"og:image:height\" content=\"450\" \/>\n\t<meta property=\"og:image:type\" content=\"image\/jpeg\" \/>\n<meta name=\"author\" content=\"mennworldcon\" \/>\n<script type=\"application\/ld+json\" class=\"yoast-schema-graph\">{\"@context\":\"https:\/\/schema.org\",\"@graph\":[{\"@type\":\"Article\",\"@id\":\"https:\/\/mwc-cmm.org\/en\/stories\/churches-in-latin-america-call-for-prophetic-peace-witness\/#article\",\"isPartOf\":{\"@id\":\"https:\/\/mwc-cmm.org\/en\/stories\/churches-in-latin-america-call-for-prophetic-peace-witness\/\"},\"author\":{\"name\":\"mennworldcon\",\"@id\":\"https:\/\/mwc-cmm.org\/en\/#\/schema\/person\/11f6ae0d7d1868ba20a1cc27f067c836\"},\"headline\":\"Iglesias en Am\u00e9rica Latina llaman a un testimonio de paz prof\u00e9tico\",\"datePublished\":\"2015-10-27T00:00:00+00:00\",\"dateModified\":\"2024-12-10T17:59:39+00:00\",\"mainEntityOfPage\":{\"@id\":\"https:\/\/mwc-cmm.org\/en\/stories\/churches-in-latin-america-call-for-prophetic-peace-witness\/\"},\"wordCount\":801,\"publisher\":{\"@id\":\"https:\/\/mwc-cmm.org\/en\/#organization\"},\"image\":{\"@id\":\"https:\/\/mwc-cmm.org\/en\/stories\/churches-in-latin-america-call-for-prophetic-peace-witness\/#primaryimage\"},\"thumbnailUrl\":\"https:\/\/mwc-cmm.org\/wp-content\/uploads\/2024\/11\/pan_ypas_riacha.jpg\",\"articleSection\":[\"Sin categorizar\"],\"inLanguage\":\"es\"},{\"@type\":\"WebPage\",\"@id\":\"https:\/\/mwc-cmm.org\/en\/stories\/churches-in-latin-america-call-for-prophetic-peace-witness\/\",\"url\":\"https:\/\/mwc-cmm.org\/en\/stories\/churches-in-latin-america-call-for-prophetic-peace-witness\/\",\"name\":\"Iglesias en Am\u00e9rica Latina llaman a un testimonio de paz prof\u00e9tico - Mennonite World Conference\",\"isPartOf\":{\"@id\":\"https:\/\/mwc-cmm.org\/en\/#website\"},\"primaryImageOfPage\":{\"@id\":\"https:\/\/mwc-cmm.org\/en\/stories\/churches-in-latin-america-call-for-prophetic-peace-witness\/#primaryimage\"},\"image\":{\"@id\":\"https:\/\/mwc-cmm.org\/en\/stories\/churches-in-latin-america-call-for-prophetic-peace-witness\/#primaryimage\"},\"thumbnailUrl\":\"https:\/\/mwc-cmm.org\/wp-content\/uploads\/2024\/11\/pan_ypas_riacha.jpg\",\"datePublished\":\"2015-10-27T00:00:00+00:00\",\"dateModified\":\"2024-12-10T17:59:39+00:00\",\"breadcrumb\":{\"@id\":\"https:\/\/mwc-cmm.org\/en\/stories\/churches-in-latin-america-call-for-prophetic-peace-witness\/#breadcrumb\"},\"inLanguage\":\"es\",\"potentialAction\":[{\"@type\":\"ReadAction\",\"target\":[\"https:\/\/mwc-cmm.org\/en\/stories\/churches-in-latin-america-call-for-prophetic-peace-witness\/\"]}]},{\"@type\":\"ImageObject\",\"inLanguage\":\"es\",\"@id\":\"https:\/\/mwc-cmm.org\/en\/stories\/churches-in-latin-america-call-for-prophetic-peace-witness\/#primaryimage\",\"url\":\"https:\/\/mwc-cmm.org\/wp-content\/uploads\/2024\/11\/pan_ypas_riacha.jpg\",\"contentUrl\":\"https:\/\/mwc-cmm.org\/wp-content\/uploads\/2024\/11\/pan_ypas_riacha.jpg\",\"width\":650,\"height\":450},{\"@type\":\"BreadcrumbList\",\"@id\":\"https:\/\/mwc-cmm.org\/en\/stories\/churches-in-latin-america-call-for-prophetic-peace-witness\/#breadcrumb\",\"itemListElement\":[{\"@type\":\"ListItem\",\"position\":1,\"name\":\"Home\",\"item\":\"https:\/\/mwc-cmm.org\/es\/\"},{\"@type\":\"ListItem\",\"position\":2,\"name\":\"Iglesias en Am\u00e9rica Latina llaman a un testimonio de paz prof\u00e9tico\"}]},{\"@type\":\"WebSite\",\"@id\":\"https:\/\/mwc-cmm.org\/en\/#website\",\"url\":\"https:\/\/mwc-cmm.org\/en\/\",\"name\":\"Mennonite World Conference\",\"description\":\"A communion of Anabaptist-related churches\",\"publisher\":{\"@id\":\"https:\/\/mwc-cmm.org\/en\/#organization\"},\"alternateName\":\"MWC\",\"potentialAction\":[{\"@type\":\"SearchAction\",\"target\":{\"@type\":\"EntryPoint\",\"urlTemplate\":\"https:\/\/mwc-cmm.org\/en\/?s={search_term_string}\"},\"query-input\":{\"@type\":\"PropertyValueSpecification\",\"valueRequired\":true,\"valueName\":\"search_term_string\"}}],\"inLanguage\":\"es\"},{\"@type\":\"Organization\",\"@id\":\"https:\/\/mwc-cmm.org\/en\/#organization\",\"name\":\"Mennonite World Conference\",\"alternateName\":\"MWC\",\"url\":\"https:\/\/mwc-cmm.org\/en\/\",\"logo\":{\"@type\":\"ImageObject\",\"inLanguage\":\"es\",\"@id\":\"https:\/\/mwc-cmm.org\/en\/#\/schema\/logo\/image\/\",\"url\":\"https:\/\/mwc-cmm.org\/wp-content\/uploads\/2026\/01\/MWC_Sig_Blue_Horiz_webheader1-logo.svg\",\"contentUrl\":\"https:\/\/mwc-cmm.org\/wp-content\/uploads\/2026\/01\/MWC_Sig_Blue_Horiz_webheader1-logo.svg\",\"width\":786,\"height\":82,\"caption\":\"Mennonite World Conference\"},\"image\":{\"@id\":\"https:\/\/mwc-cmm.org\/en\/#\/schema\/logo\/image\/\"},\"sameAs\":[\"https:\/\/www.facebook.com\/MennoniteWorldConference\",\"https:\/\/www.linkedin.com\/company\/mennonite-world-conference-mwc\/\",\"https:\/\/www.instagram.com\/mwcmm\/\",\"https:\/\/www.youtube.com\/user\/mwccmm\",\"https:\/\/bsky.app\/profile\/mwcmm.bsky.social\"]},{\"@type\":\"Person\",\"@id\":\"https:\/\/mwc-cmm.org\/en\/#\/schema\/person\/11f6ae0d7d1868ba20a1cc27f067c836\",\"name\":\"mennworldcon\",\"image\":{\"@type\":\"ImageObject\",\"inLanguage\":\"es\",\"@id\":\"https:\/\/secure.gravatar.com\/avatar\/06fdc0dc81c157dfdb82ec42f252178a22307808988d22c043f9eb96f1e0fe80?s=96&d=mm&r=g\",\"url\":\"https:\/\/secure.gravatar.com\/avatar\/06fdc0dc81c157dfdb82ec42f252178a22307808988d22c043f9eb96f1e0fe80?s=96&d=mm&r=g\",\"contentUrl\":\"https:\/\/secure.gravatar.com\/avatar\/06fdc0dc81c157dfdb82ec42f252178a22307808988d22c043f9eb96f1e0fe80?s=96&d=mm&r=g\",\"caption\":\"mennworldcon\"},\"sameAs\":[\"https:\/\/mwc-cmm.org\"],\"url\":\"https:\/\/mwc-cmm.org\/es\/stories\/author\/mennworldcon\/\"}]}<\/script>\n<!-- \/ Yoast SEO plugin. -->","yoast_head_json":{"title":"Iglesias en Am\u00e9rica Latina llaman a un testimonio de paz prof\u00e9tico - Mennonite World Conference","robots":{"index":"index","follow":"follow","max-snippet":"max-snippet:-1","max-image-preview":"max-image-preview:large","max-video-preview":"max-video-preview:-1"},"canonical":"https:\/\/mwc-cmm.org\/en\/stories\/churches-in-latin-america-call-for-prophetic-peace-witness\/","og_locale":"es_ES","og_type":"article","og_title":"Iglesias en Am\u00e9rica Latina llaman a un testimonio de paz prof\u00e9tico - Mennonite World Conference","og_description":"NULL","og_url":"https:\/\/mwc-cmm.org\/en\/stories\/churches-in-latin-america-call-for-prophetic-peace-witness\/","og_site_name":"Mennonite World Conference","article_publisher":"https:\/\/www.facebook.com\/MennoniteWorldConference","article_published_time":"2015-10-27T00:00:00+00:00","article_modified_time":"2024-12-10T17:59:39+00:00","og_image":[{"width":650,"height":450,"url":"https:\/\/mwc-cmm.org\/wp-content\/uploads\/2024\/11\/pan_ypas_riacha.jpg","type":"image\/jpeg"}],"author":"mennworldcon","schema":{"@context":"https:\/\/schema.org","@graph":[{"@type":"Article","@id":"https:\/\/mwc-cmm.org\/en\/stories\/churches-in-latin-america-call-for-prophetic-peace-witness\/#article","isPartOf":{"@id":"https:\/\/mwc-cmm.org\/en\/stories\/churches-in-latin-america-call-for-prophetic-peace-witness\/"},"author":{"name":"mennworldcon","@id":"https:\/\/mwc-cmm.org\/en\/#\/schema\/person\/11f6ae0d7d1868ba20a1cc27f067c836"},"headline":"Iglesias en Am\u00e9rica Latina llaman a un testimonio de paz prof\u00e9tico","datePublished":"2015-10-27T00:00:00+00:00","dateModified":"2024-12-10T17:59:39+00:00","mainEntityOfPage":{"@id":"https:\/\/mwc-cmm.org\/en\/stories\/churches-in-latin-america-call-for-prophetic-peace-witness\/"},"wordCount":801,"publisher":{"@id":"https:\/\/mwc-cmm.org\/en\/#organization"},"image":{"@id":"https:\/\/mwc-cmm.org\/en\/stories\/churches-in-latin-america-call-for-prophetic-peace-witness\/#primaryimage"},"thumbnailUrl":"https:\/\/mwc-cmm.org\/wp-content\/uploads\/2024\/11\/pan_ypas_riacha.jpg","articleSection":["Sin categorizar"],"inLanguage":"es"},{"@type":"WebPage","@id":"https:\/\/mwc-cmm.org\/en\/stories\/churches-in-latin-america-call-for-prophetic-peace-witness\/","url":"https:\/\/mwc-cmm.org\/en\/stories\/churches-in-latin-america-call-for-prophetic-peace-witness\/","name":"Iglesias en Am\u00e9rica Latina llaman a un testimonio de paz prof\u00e9tico - Mennonite World Conference","isPartOf":{"@id":"https:\/\/mwc-cmm.org\/en\/#website"},"primaryImageOfPage":{"@id":"https:\/\/mwc-cmm.org\/en\/stories\/churches-in-latin-america-call-for-prophetic-peace-witness\/#primaryimage"},"image":{"@id":"https:\/\/mwc-cmm.org\/en\/stories\/churches-in-latin-america-call-for-prophetic-peace-witness\/#primaryimage"},"thumbnailUrl":"https:\/\/mwc-cmm.org\/wp-content\/uploads\/2024\/11\/pan_ypas_riacha.jpg","datePublished":"2015-10-27T00:00:00+00:00","dateModified":"2024-12-10T17:59:39+00:00","breadcrumb":{"@id":"https:\/\/mwc-cmm.org\/en\/stories\/churches-in-latin-america-call-for-prophetic-peace-witness\/#breadcrumb"},"inLanguage":"es","potentialAction":[{"@type":"ReadAction","target":["https:\/\/mwc-cmm.org\/en\/stories\/churches-in-latin-america-call-for-prophetic-peace-witness\/"]}]},{"@type":"ImageObject","inLanguage":"es","@id":"https:\/\/mwc-cmm.org\/en\/stories\/churches-in-latin-america-call-for-prophetic-peace-witness\/#primaryimage","url":"https:\/\/mwc-cmm.org\/wp-content\/uploads\/2024\/11\/pan_ypas_riacha.jpg","contentUrl":"https:\/\/mwc-cmm.org\/wp-content\/uploads\/2024\/11\/pan_ypas_riacha.jpg","width":650,"height":450},{"@type":"BreadcrumbList","@id":"https:\/\/mwc-cmm.org\/en\/stories\/churches-in-latin-america-call-for-prophetic-peace-witness\/#breadcrumb","itemListElement":[{"@type":"ListItem","position":1,"name":"Home","item":"https:\/\/mwc-cmm.org\/es\/"},{"@type":"ListItem","position":2,"name":"Iglesias en Am\u00e9rica Latina llaman a un testimonio de paz prof\u00e9tico"}]},{"@type":"WebSite","@id":"https:\/\/mwc-cmm.org\/en\/#website","url":"https:\/\/mwc-cmm.org\/en\/","name":"Mennonite World Conference","description":"A communion of Anabaptist-related churches","publisher":{"@id":"https:\/\/mwc-cmm.org\/en\/#organization"},"alternateName":"MWC","potentialAction":[{"@type":"SearchAction","target":{"@type":"EntryPoint","urlTemplate":"https:\/\/mwc-cmm.org\/en\/?s={search_term_string}"},"query-input":{"@type":"PropertyValueSpecification","valueRequired":true,"valueName":"search_term_string"}}],"inLanguage":"es"},{"@type":"Organization","@id":"https:\/\/mwc-cmm.org\/en\/#organization","name":"Mennonite World Conference","alternateName":"MWC","url":"https:\/\/mwc-cmm.org\/en\/","logo":{"@type":"ImageObject","inLanguage":"es","@id":"https:\/\/mwc-cmm.org\/en\/#\/schema\/logo\/image\/","url":"https:\/\/mwc-cmm.org\/wp-content\/uploads\/2026\/01\/MWC_Sig_Blue_Horiz_webheader1-logo.svg","contentUrl":"https:\/\/mwc-cmm.org\/wp-content\/uploads\/2026\/01\/MWC_Sig_Blue_Horiz_webheader1-logo.svg","width":786,"height":82,"caption":"Mennonite World Conference"},"image":{"@id":"https:\/\/mwc-cmm.org\/en\/#\/schema\/logo\/image\/"},"sameAs":["https:\/\/www.facebook.com\/MennoniteWorldConference","https:\/\/www.linkedin.com\/company\/mennonite-world-conference-mwc\/","https:\/\/www.instagram.com\/mwcmm\/","https:\/\/www.youtube.com\/user\/mwccmm","https:\/\/bsky.app\/profile\/mwcmm.bsky.social"]},{"@type":"Person","@id":"https:\/\/mwc-cmm.org\/en\/#\/schema\/person\/11f6ae0d7d1868ba20a1cc27f067c836","name":"mennworldcon","image":{"@type":"ImageObject","inLanguage":"es","@id":"https:\/\/secure.gravatar.com\/avatar\/06fdc0dc81c157dfdb82ec42f252178a22307808988d22c043f9eb96f1e0fe80?s=96&d=mm&r=g","url":"https:\/\/secure.gravatar.com\/avatar\/06fdc0dc81c157dfdb82ec42f252178a22307808988d22c043f9eb96f1e0fe80?s=96&d=mm&r=g","contentUrl":"https:\/\/secure.gravatar.com\/avatar\/06fdc0dc81c157dfdb82ec42f252178a22307808988d22c043f9eb96f1e0fe80?s=96&d=mm&r=g","caption":"mennworldcon"},"sameAs":["https:\/\/mwc-cmm.org"],"url":"https:\/\/mwc-cmm.org\/es\/stories\/author\/mennworldcon\/"}]}},"_links":{"self":[{"href":"https:\/\/mwc-cmm.org\/es\/wp-json\/wp\/v2\/posts\/8582","targetHints":{"allow":["GET"]}}],"collection":[{"href":"https:\/\/mwc-cmm.org\/es\/wp-json\/wp\/v2\/posts"}],"about":[{"href":"https:\/\/mwc-cmm.org\/es\/wp-json\/wp\/v2\/types\/post"}],"author":[{"embeddable":true,"href":"https:\/\/mwc-cmm.org\/es\/wp-json\/wp\/v2\/users\/1"}],"replies":[{"embeddable":true,"href":"https:\/\/mwc-cmm.org\/es\/wp-json\/wp\/v2\/comments?post=8582"}],"version-history":[{"count":0,"href":"https:\/\/mwc-cmm.org\/es\/wp-json\/wp\/v2\/posts\/8582\/revisions"}],"wp:featuredmedia":[{"embeddable":true,"href":"https:\/\/mwc-cmm.org\/es\/wp-json\/wp\/v2\/media\/87250"}],"wp:attachment":[{"href":"https:\/\/mwc-cmm.org\/es\/wp-json\/wp\/v2\/media?parent=8582"}],"wp:term":[{"taxonomy":"category","embeddable":true,"href":"https:\/\/mwc-cmm.org\/es\/wp-json\/wp\/v2\/categories?post=8582"},{"taxonomy":"post_tag","embeddable":true,"href":"https:\/\/mwc-cmm.org\/es\/wp-json\/wp\/v2\/tags?post=8582"},{"taxonomy":"network","embeddable":true,"href":"https:\/\/mwc-cmm.org\/es\/wp-json\/wp\/v2\/network?post=8582"},{"taxonomy":"eventcategory","embeddable":true,"href":"https:\/\/mwc-cmm.org\/es\/wp-json\/wp\/v2\/eventcategory?post=8582"}],"curies":[{"name":"wp","href":"https:\/\/api.w.org\/{rel}","templated":true}]}}