{"id":8580,"date":"2015-10-27T00:00:00","date_gmt":"2015-10-27T00:00:00","guid":{"rendered":"https:\/\/mwc-cmm.org\/a-deeper-shade-of-green-waste-reduction-measures-at-pa-2015-3\/"},"modified":"2024-12-10T17:59:38","modified_gmt":"2024-12-10T17:59:38","slug":"a-deeper-shade-of-green-waste-reduction-measures-at-pa-2015-3","status":"publish","type":"post","link":"https:\/\/mwc-cmm.org\/es\/stories\/a-deeper-shade-of-green-waste-reduction-measures-at-pa-2015-3\/","title":{"rendered":"Un tono de verde m\u00e1s profundo: medidas para reducir los residuos en PA 2015"},"content":{"rendered":"<p>Winnipeg, Canad\u00e1 <em>\u2014 <\/em>Despu\u00e9s de los eventos masivos quedan monta\u00f1as de basura. Pero en la Asamblea 16 del Congreso Mundial Menonita realizada en Harrisburg, 21\u201326 de julio de 2015, el manejo de la basura fue una expresi\u00f3n de adoraci\u00f3n hacia Dios el creador.<\/p>\n<p>Los organizadores de la Asamblea \u201cdecidieron desde un principio que \u00edbamos a tratar de hacer que la conferencia fuera consciente del medio ambiente de la forma m\u00e1s econ\u00f3mica posible,\u201d dice Howard Good, coordinador nacional.<\/p>\n<p><strong>Aire fresco     <\/strong>                                                     <br \/>El lugar seleccionado, el complejo Farm Show Complex, cuenta con un plan de reciclaje integral, una turbina de aire de 1,8kw y un sistema generador de energ\u00eda solar fotovoltaica de 125kw y un tanque de recuperaci\u00f3n de agua lluvia de 30.000 galones para recoger la lluvia que cae del techo.<\/p>\n<p>Liesa Unger, Coordinadora de Eventos Internacionales, trabaj\u00f3 en coordinaci\u00f3n con el equipo de ingenieros en el tema del aire acondicionado \u201cpara crear un ambiente en el cual las personas de todo el mundo se sintieran c\u00f3modas.\u201d En respuesta a los asistentes que dejaban el fr\u00edo edificio en el calor del verano de Pennsylvania, el equipo redujo a la mitad la cantidad de ventiladores y subi\u00f3 la temperatura varios grados.<\/p>\n<p>Los autobuses transportaron a los asistentes desde sus lugares de alojamiento hacia los sitios de la convenci\u00f3n para reducir el uso de los veh\u00edculos particulares.<\/p>\n<p>Cada persona que se registr\u00f3 recibi\u00f3 en una de las 25 estaciones de agua ubicadas en todo el edificio, una botella de agua de aluminio para reutilizarla marca CMM con el prop\u00f3sito de reemplazar las botellas de pl\u00e1stico desechables.<\/p>\n<p>Incluso la bolsa de la convenci\u00f3n era verde. Los voluntarios locales, incluyendo grupos de Amish, cocieron las bolsas del evento en el Centro de Recursos Materiales Ephrata del Comit\u00e9 Central Menonita utilizando telas donadas y corbatas en desuso. Las dimensiones de las mochilas de \u00fatiles escolares eran similares a las que se env\u00edan al extranjero, as\u00ed podr\u00edan ser donadas al CCM despu\u00e9s del evento.<\/p>\n<p>Pero Good y su equipo fueron mucho m\u00e1s all\u00e1.<\/p>\n<p><strong>Devorados despu\u00e9s de comer<\/strong><br \/>Con el apoyo de la Red Menonita para el Cuidado de la Creaci\u00f3n (MCCN, por sus siglas en ingl\u00e9s), el comit\u00e9 de planificaci\u00f3n hizo una inversi\u00f3n adicional para asegurarse de que para las 39.000 comidas, todos los platos, cubiertos, servilletas, vasos, y restos de comida fueran convertidos en abono a un costo aproximado de $0,60 por comida.<\/p>\n<p>Incluso las copas de la celebraci\u00f3n de la Santa Cena del viernes eran convertibles en abono org\u00e1nico.<\/p>\n<p>\u201cRepartidos en 39.000 comidas, no fue tan caro,\u201d dice Good. Los ahorros que se hicieron en otras \u00e1reas mitigaron los altos costos incurridos por las medidas de sostenibilidad. Treinta voluntarios durante el almuerzo y 40 en cada cena, suplieron la necesidad de personal para el servicio de comida. Las empresas agr\u00edcolas menonitas locales donaron algunos productos alimenticios o los vendieron al proveedor del servicio de comida a bajos precios.<\/p>\n<p>En el transcurso de la semana en el complejo Farm Show Complex, la corporaci\u00f3n Environmental Recovery Corporation retir\u00f3 en camiones casi 4,25 toneladas de residuos de Oregon Dairy Organics, una compa\u00f1\u00eda hermana de la granja y del supermercado del Condado de Lanc\u00e1ster. All\u00ed, los elementos eran triturados, mezclados con esti\u00e9rcol y revueltos peri\u00f3dicamente. Despu\u00e9s de tres meses, eran mezclados con tierra para su uso en jardiner\u00eda ornamental y en el control de la erosi\u00f3n.<\/p>\n<p>Durante el camino hubo varios tropiezos. \u201cDescubrimos que para las personas era mucho m\u00e1s f\u00e1cil de lo que pens\u00e1bamos, mezclar la basura normal y la basura que se pod\u00eda convertir en abono org\u00e1nico,\u201d dice Good. De alguna forma la basura reciclable fue a parar a los recipientes de residuos para ser convertidos en abono org\u00e1nico. Un contenedor fue rechazado porque hab\u00eda demasiado material no convertible en abono org\u00e1nico mezclado adentro, as\u00ed que tuvo que ser incinerado.<\/p>\n<p><strong><img decoding=\"async\" alt=\"\" data-src=\"\/sites\/default\/files\/website_files\/deeper_green_es.jpg\" style=\"width: 200px; height: 133px; border-width: 1px; border-style: solid; margin: 5px 10px; float: right;\" src=\"data:image\/svg+xml;base64,PHN2ZyB3aWR0aD0iMSIgaGVpZ2h0PSIxIiB4bWxucz0iaHR0cDovL3d3dy53My5vcmcvMjAwMC9zdmciPjwvc3ZnPg==\" class=\"lazyload\" \/>Educando a los comensales<\/strong><br \/>\u201cAl principio, para los asistentes la clasificaci\u00f3n no ten\u00eda mucho sentido,\u201d dice Marlisa Yoder Bontrager. Con cinco miembros de su familia, se ofreci\u00f3 como voluntaria en las estaciones de residuos durante las comidas en la Asamblea para ayudar a las personas a seleccionar la basura de los elementos convertibles en abono org\u00e1nico.<\/p>\n<p>El equipo de la Asamblea tambi\u00e9n hizo m\u00e1s se\u00f1alizaciones y un video explicativo para ayudar a los asistentes a clasificar qu\u00e9 materiales eran reciclables, convertibles en abono org\u00e1nico o simplemente basura.<\/p>\n<p>\u201cUna vez que entendieron el proceso, muchos expresaron sentimientos de alivio y agradecimiento cuando se dieron cuenta de que su basura no iba hacia un vertedero,\u201d dice Yoder Bontrager.<\/p>\n<p><strong>Cooperaci\u00f3n<\/strong><br \/>La cooperaci\u00f3n de los l\u00edderes del complejo Farm Show Complex fue clave para el \u00e9xito de la ambiciosa estrategia de reducci\u00f3n de residuos, dice Good.<\/p>\n<p>Sharon Altland, director ejecutivo del complejo Farm Show Complex, dice que hacen todo lo posible  para dar cabida a los pedidos de los clientes. Centerplate, el contratista del servicio de comida del lugar, utiliz\u00f3 su amplia red de servicio de alimentaci\u00f3n para buscar a un vendedor de confianza capaz de satisfacer las necesidades del CMM.<\/p>\n<p>El lugar ya da prioridad a las iniciativas ecol\u00f3gicas, pero \u201ctrabajar con el Congreso Mundial Menonita abri\u00f3 todav\u00eda las puertas a otra conversaci\u00f3n,\u201d dice Altland. \u201cEstamos trabajando para tomar medidas para reducir el desperdicio de comida y estamos conversando con los vendedores de comida para el Farm Show n\u00famero 100 para captar la preparaci\u00f3n de los residuos.\u201d<\/p>\n<p>\u201cEl hecho de que 4,25 toneladas menos de [basura] fueran llevadas [al incinerador] es un gran logro,\u201d dice Altland.<\/p>\n<p>\u201c[Los planificadores de la Asamblea] estuvieron dispuestos a lidiar con la brecha que a veces existe entre las mejores pr\u00e1cticas ambientales y la conveniencia \u2013 y luego hacen que funcione en una gran reuni\u00f3n,\u201d dice Yoder Bontrager quien tambi\u00e9n es miembro del concilio MCCN. \u201cEllos reflejaron en la pr\u00e1ctica\u2026un importante compromiso: crecer en nuestra dedicaci\u00f3n al cuidado de la creaci\u00f3n de Dios como una parte esencial de las buenas nuevas de Jesucristo.\u201d<\/p>\n<p>\u201cA pesar de que ser responsable significa mayores costos, la buena planificaci\u00f3n en otras \u00e1reas puede hacerlo asequible,\u201d dice Good.<\/p>\n<p><em>\u2014Comunicado de prensa del CMM por Karla Braun<\/em><\/p>\n","protected":false},"excerpt":{"rendered":"<p>NULL<\/p>\n","protected":false},"author":1,"featured_media":87222,"comment_status":"closed","ping_status":"closed","sticky":false,"template":"","format":"standard","meta":{"_acf_changed":false,"footnotes":""},"categories":[6],"tags":[1154,1899],"network":[],"eventcategory":[1493],"class_list":["post-8580","post","type-post","status-publish","format-standard","has-post-thumbnail","hentry","category-sin-categorizar","tag-assembly-es","tag-pa2015","eventcategory-assembly-es"],"acf":[],"yoast_head":"<!-- This site is optimized with the Yoast SEO plugin v27.2 - https:\/\/yoast.com\/product\/yoast-seo-wordpress\/ -->\n<title>Un tono de verde m\u00e1s profundo: medidas para reducir los residuos en PA 2015 - Mennonite World Conference<\/title>\n<meta name=\"robots\" content=\"index, follow, max-snippet:-1, max-image-preview:large, max-video-preview:-1\" \/>\n<link rel=\"canonical\" href=\"https:\/\/mwc-cmm.org\/en\/stories\/a-deeper-shade-of-green-waste-reduction-measures-at-pa-2015\/\" \/>\n<meta property=\"og:locale\" content=\"es_ES\" \/>\n<meta property=\"og:type\" content=\"article\" \/>\n<meta property=\"og:title\" content=\"Un tono de verde m\u00e1s profundo: medidas para reducir los residuos en PA 2015 - Mennonite World Conference\" \/>\n<meta property=\"og:description\" content=\"NULL\" \/>\n<meta property=\"og:url\" content=\"https:\/\/mwc-cmm.org\/en\/stories\/a-deeper-shade-of-green-waste-reduction-measures-at-pa-2015\/\" \/>\n<meta property=\"og:site_name\" content=\"Mennonite World Conference\" \/>\n<meta property=\"article:publisher\" content=\"https:\/\/www.facebook.com\/MennoniteWorldConference\" \/>\n<meta property=\"article:published_time\" content=\"2015-10-27T00:00:00+00:00\" \/>\n<meta property=\"article:modified_time\" content=\"2024-12-10T17:59:38+00:00\" \/>\n<meta property=\"og:image\" content=\"https:\/\/mwc-cmm.org\/wp-content\/uploads\/2024\/11\/edited_composing_photo_edited-1-scaled.jpg\" \/>\n\t<meta property=\"og:image:width\" content=\"2560\" \/>\n\t<meta property=\"og:image:height\" content=\"2359\" \/>\n\t<meta property=\"og:image:type\" content=\"image\/jpeg\" \/>\n<meta name=\"author\" content=\"mennworldcon\" \/>\n<script type=\"application\/ld+json\" class=\"yoast-schema-graph\">{\"@context\":\"https:\/\/schema.org\",\"@graph\":[{\"@type\":\"Article\",\"@id\":\"https:\/\/mwc-cmm.org\/en\/stories\/a-deeper-shade-of-green-waste-reduction-measures-at-pa-2015\/#article\",\"isPartOf\":{\"@id\":\"https:\/\/mwc-cmm.org\/en\/stories\/a-deeper-shade-of-green-waste-reduction-measures-at-pa-2015\/\"},\"author\":{\"name\":\"mennworldcon\",\"@id\":\"https:\/\/mwc-cmm.org\/en\/#\/schema\/person\/11f6ae0d7d1868ba20a1cc27f067c836\"},\"headline\":\"Un tono de verde m\u00e1s profundo: medidas para reducir los residuos en PA 2015\",\"datePublished\":\"2015-10-27T00:00:00+00:00\",\"dateModified\":\"2024-12-10T17:59:38+00:00\",\"mainEntityOfPage\":{\"@id\":\"https:\/\/mwc-cmm.org\/en\/stories\/a-deeper-shade-of-green-waste-reduction-measures-at-pa-2015\/\"},\"wordCount\":1074,\"publisher\":{\"@id\":\"https:\/\/mwc-cmm.org\/en\/#organization\"},\"image\":{\"@id\":\"https:\/\/mwc-cmm.org\/en\/stories\/a-deeper-shade-of-green-waste-reduction-measures-at-pa-2015\/#primaryimage\"},\"thumbnailUrl\":\"https:\/\/mwc-cmm.org\/wp-content\/uploads\/2024\/11\/edited_composing_photo_edited-1-scaled.jpg\",\"keywords\":[\"Asamblea\",\"PA2015\"],\"articleSection\":[\"Sin categorizar\"],\"inLanguage\":\"es\"},{\"@type\":\"WebPage\",\"@id\":\"https:\/\/mwc-cmm.org\/en\/stories\/a-deeper-shade-of-green-waste-reduction-measures-at-pa-2015\/\",\"url\":\"https:\/\/mwc-cmm.org\/en\/stories\/a-deeper-shade-of-green-waste-reduction-measures-at-pa-2015\/\",\"name\":\"Un tono de verde m\u00e1s profundo: medidas para reducir los residuos en PA 2015 - Mennonite World Conference\",\"isPartOf\":{\"@id\":\"https:\/\/mwc-cmm.org\/en\/#website\"},\"primaryImageOfPage\":{\"@id\":\"https:\/\/mwc-cmm.org\/en\/stories\/a-deeper-shade-of-green-waste-reduction-measures-at-pa-2015\/#primaryimage\"},\"image\":{\"@id\":\"https:\/\/mwc-cmm.org\/en\/stories\/a-deeper-shade-of-green-waste-reduction-measures-at-pa-2015\/#primaryimage\"},\"thumbnailUrl\":\"https:\/\/mwc-cmm.org\/wp-content\/uploads\/2024\/11\/edited_composing_photo_edited-1-scaled.jpg\",\"datePublished\":\"2015-10-27T00:00:00+00:00\",\"dateModified\":\"2024-12-10T17:59:38+00:00\",\"breadcrumb\":{\"@id\":\"https:\/\/mwc-cmm.org\/en\/stories\/a-deeper-shade-of-green-waste-reduction-measures-at-pa-2015\/#breadcrumb\"},\"inLanguage\":\"es\",\"potentialAction\":[{\"@type\":\"ReadAction\",\"target\":[\"https:\/\/mwc-cmm.org\/en\/stories\/a-deeper-shade-of-green-waste-reduction-measures-at-pa-2015\/\"]}]},{\"@type\":\"ImageObject\",\"inLanguage\":\"es\",\"@id\":\"https:\/\/mwc-cmm.org\/en\/stories\/a-deeper-shade-of-green-waste-reduction-measures-at-pa-2015\/#primaryimage\",\"url\":\"https:\/\/mwc-cmm.org\/wp-content\/uploads\/2024\/11\/edited_composing_photo_edited-1-scaled.jpg\",\"contentUrl\":\"https:\/\/mwc-cmm.org\/wp-content\/uploads\/2024\/11\/edited_composing_photo_edited-1-scaled.jpg\",\"width\":2560,\"height\":2359},{\"@type\":\"BreadcrumbList\",\"@id\":\"https:\/\/mwc-cmm.org\/en\/stories\/a-deeper-shade-of-green-waste-reduction-measures-at-pa-2015\/#breadcrumb\",\"itemListElement\":[{\"@type\":\"ListItem\",\"position\":1,\"name\":\"Home\",\"item\":\"https:\/\/mwc-cmm.org\/es\/\"},{\"@type\":\"ListItem\",\"position\":2,\"name\":\"Un tono de verde m\u00e1s profundo: medidas para reducir los residuos en PA 2015\"}]},{\"@type\":\"WebSite\",\"@id\":\"https:\/\/mwc-cmm.org\/en\/#website\",\"url\":\"https:\/\/mwc-cmm.org\/en\/\",\"name\":\"Mennonite World Conference\",\"description\":\"A communion of Anabaptist-related churches\",\"publisher\":{\"@id\":\"https:\/\/mwc-cmm.org\/en\/#organization\"},\"alternateName\":\"MWC\",\"potentialAction\":[{\"@type\":\"SearchAction\",\"target\":{\"@type\":\"EntryPoint\",\"urlTemplate\":\"https:\/\/mwc-cmm.org\/en\/?s={search_term_string}\"},\"query-input\":{\"@type\":\"PropertyValueSpecification\",\"valueRequired\":true,\"valueName\":\"search_term_string\"}}],\"inLanguage\":\"es\"},{\"@type\":\"Organization\",\"@id\":\"https:\/\/mwc-cmm.org\/en\/#organization\",\"name\":\"Mennonite World Conference\",\"alternateName\":\"MWC\",\"url\":\"https:\/\/mwc-cmm.org\/en\/\",\"logo\":{\"@type\":\"ImageObject\",\"inLanguage\":\"es\",\"@id\":\"https:\/\/mwc-cmm.org\/en\/#\/schema\/logo\/image\/\",\"url\":\"https:\/\/mwc-cmm.org\/wp-content\/uploads\/2026\/01\/MWC_Sig_Blue_Horiz_webheader1-logo.svg\",\"contentUrl\":\"https:\/\/mwc-cmm.org\/wp-content\/uploads\/2026\/01\/MWC_Sig_Blue_Horiz_webheader1-logo.svg\",\"width\":786,\"height\":82,\"caption\":\"Mennonite World Conference\"},\"image\":{\"@id\":\"https:\/\/mwc-cmm.org\/en\/#\/schema\/logo\/image\/\"},\"sameAs\":[\"https:\/\/www.facebook.com\/MennoniteWorldConference\",\"https:\/\/www.linkedin.com\/company\/mennonite-world-conference-mwc\/\",\"https:\/\/www.instagram.com\/mwcmm\/\",\"https:\/\/www.youtube.com\/user\/mwccmm\",\"https:\/\/bsky.app\/profile\/mwcmm.bsky.social\"]},{\"@type\":\"Person\",\"@id\":\"https:\/\/mwc-cmm.org\/en\/#\/schema\/person\/11f6ae0d7d1868ba20a1cc27f067c836\",\"name\":\"mennworldcon\",\"image\":{\"@type\":\"ImageObject\",\"inLanguage\":\"es\",\"@id\":\"https:\/\/secure.gravatar.com\/avatar\/06fdc0dc81c157dfdb82ec42f252178a22307808988d22c043f9eb96f1e0fe80?s=96&d=mm&r=g\",\"url\":\"https:\/\/secure.gravatar.com\/avatar\/06fdc0dc81c157dfdb82ec42f252178a22307808988d22c043f9eb96f1e0fe80?s=96&d=mm&r=g\",\"contentUrl\":\"https:\/\/secure.gravatar.com\/avatar\/06fdc0dc81c157dfdb82ec42f252178a22307808988d22c043f9eb96f1e0fe80?s=96&d=mm&r=g\",\"caption\":\"mennworldcon\"},\"sameAs\":[\"https:\/\/mwc-cmm.org\"],\"url\":\"https:\/\/mwc-cmm.org\/es\/stories\/author\/mennworldcon\/\"}]}<\/script>\n<!-- \/ Yoast SEO plugin. -->","yoast_head_json":{"title":"Un tono de verde m\u00e1s profundo: medidas para reducir los residuos en PA 2015 - Mennonite World Conference","robots":{"index":"index","follow":"follow","max-snippet":"max-snippet:-1","max-image-preview":"max-image-preview:large","max-video-preview":"max-video-preview:-1"},"canonical":"https:\/\/mwc-cmm.org\/en\/stories\/a-deeper-shade-of-green-waste-reduction-measures-at-pa-2015\/","og_locale":"es_ES","og_type":"article","og_title":"Un tono de verde m\u00e1s profundo: medidas para reducir los residuos en PA 2015 - Mennonite World Conference","og_description":"NULL","og_url":"https:\/\/mwc-cmm.org\/en\/stories\/a-deeper-shade-of-green-waste-reduction-measures-at-pa-2015\/","og_site_name":"Mennonite World Conference","article_publisher":"https:\/\/www.facebook.com\/MennoniteWorldConference","article_published_time":"2015-10-27T00:00:00+00:00","article_modified_time":"2024-12-10T17:59:38+00:00","og_image":[{"width":2560,"height":2359,"url":"https:\/\/mwc-cmm.org\/wp-content\/uploads\/2024\/11\/edited_composing_photo_edited-1-scaled.jpg","type":"image\/jpeg"}],"author":"mennworldcon","schema":{"@context":"https:\/\/schema.org","@graph":[{"@type":"Article","@id":"https:\/\/mwc-cmm.org\/en\/stories\/a-deeper-shade-of-green-waste-reduction-measures-at-pa-2015\/#article","isPartOf":{"@id":"https:\/\/mwc-cmm.org\/en\/stories\/a-deeper-shade-of-green-waste-reduction-measures-at-pa-2015\/"},"author":{"name":"mennworldcon","@id":"https:\/\/mwc-cmm.org\/en\/#\/schema\/person\/11f6ae0d7d1868ba20a1cc27f067c836"},"headline":"Un tono de verde m\u00e1s profundo: medidas para reducir los residuos en PA 2015","datePublished":"2015-10-27T00:00:00+00:00","dateModified":"2024-12-10T17:59:38+00:00","mainEntityOfPage":{"@id":"https:\/\/mwc-cmm.org\/en\/stories\/a-deeper-shade-of-green-waste-reduction-measures-at-pa-2015\/"},"wordCount":1074,"publisher":{"@id":"https:\/\/mwc-cmm.org\/en\/#organization"},"image":{"@id":"https:\/\/mwc-cmm.org\/en\/stories\/a-deeper-shade-of-green-waste-reduction-measures-at-pa-2015\/#primaryimage"},"thumbnailUrl":"https:\/\/mwc-cmm.org\/wp-content\/uploads\/2024\/11\/edited_composing_photo_edited-1-scaled.jpg","keywords":["Asamblea","PA2015"],"articleSection":["Sin categorizar"],"inLanguage":"es"},{"@type":"WebPage","@id":"https:\/\/mwc-cmm.org\/en\/stories\/a-deeper-shade-of-green-waste-reduction-measures-at-pa-2015\/","url":"https:\/\/mwc-cmm.org\/en\/stories\/a-deeper-shade-of-green-waste-reduction-measures-at-pa-2015\/","name":"Un tono de verde m\u00e1s profundo: medidas para reducir los residuos en PA 2015 - Mennonite World Conference","isPartOf":{"@id":"https:\/\/mwc-cmm.org\/en\/#website"},"primaryImageOfPage":{"@id":"https:\/\/mwc-cmm.org\/en\/stories\/a-deeper-shade-of-green-waste-reduction-measures-at-pa-2015\/#primaryimage"},"image":{"@id":"https:\/\/mwc-cmm.org\/en\/stories\/a-deeper-shade-of-green-waste-reduction-measures-at-pa-2015\/#primaryimage"},"thumbnailUrl":"https:\/\/mwc-cmm.org\/wp-content\/uploads\/2024\/11\/edited_composing_photo_edited-1-scaled.jpg","datePublished":"2015-10-27T00:00:00+00:00","dateModified":"2024-12-10T17:59:38+00:00","breadcrumb":{"@id":"https:\/\/mwc-cmm.org\/en\/stories\/a-deeper-shade-of-green-waste-reduction-measures-at-pa-2015\/#breadcrumb"},"inLanguage":"es","potentialAction":[{"@type":"ReadAction","target":["https:\/\/mwc-cmm.org\/en\/stories\/a-deeper-shade-of-green-waste-reduction-measures-at-pa-2015\/"]}]},{"@type":"ImageObject","inLanguage":"es","@id":"https:\/\/mwc-cmm.org\/en\/stories\/a-deeper-shade-of-green-waste-reduction-measures-at-pa-2015\/#primaryimage","url":"https:\/\/mwc-cmm.org\/wp-content\/uploads\/2024\/11\/edited_composing_photo_edited-1-scaled.jpg","contentUrl":"https:\/\/mwc-cmm.org\/wp-content\/uploads\/2024\/11\/edited_composing_photo_edited-1-scaled.jpg","width":2560,"height":2359},{"@type":"BreadcrumbList","@id":"https:\/\/mwc-cmm.org\/en\/stories\/a-deeper-shade-of-green-waste-reduction-measures-at-pa-2015\/#breadcrumb","itemListElement":[{"@type":"ListItem","position":1,"name":"Home","item":"https:\/\/mwc-cmm.org\/es\/"},{"@type":"ListItem","position":2,"name":"Un tono de verde m\u00e1s profundo: medidas para reducir los residuos en PA 2015"}]},{"@type":"WebSite","@id":"https:\/\/mwc-cmm.org\/en\/#website","url":"https:\/\/mwc-cmm.org\/en\/","name":"Mennonite World Conference","description":"A communion of Anabaptist-related churches","publisher":{"@id":"https:\/\/mwc-cmm.org\/en\/#organization"},"alternateName":"MWC","potentialAction":[{"@type":"SearchAction","target":{"@type":"EntryPoint","urlTemplate":"https:\/\/mwc-cmm.org\/en\/?s={search_term_string}"},"query-input":{"@type":"PropertyValueSpecification","valueRequired":true,"valueName":"search_term_string"}}],"inLanguage":"es"},{"@type":"Organization","@id":"https:\/\/mwc-cmm.org\/en\/#organization","name":"Mennonite World Conference","alternateName":"MWC","url":"https:\/\/mwc-cmm.org\/en\/","logo":{"@type":"ImageObject","inLanguage":"es","@id":"https:\/\/mwc-cmm.org\/en\/#\/schema\/logo\/image\/","url":"https:\/\/mwc-cmm.org\/wp-content\/uploads\/2026\/01\/MWC_Sig_Blue_Horiz_webheader1-logo.svg","contentUrl":"https:\/\/mwc-cmm.org\/wp-content\/uploads\/2026\/01\/MWC_Sig_Blue_Horiz_webheader1-logo.svg","width":786,"height":82,"caption":"Mennonite World Conference"},"image":{"@id":"https:\/\/mwc-cmm.org\/en\/#\/schema\/logo\/image\/"},"sameAs":["https:\/\/www.facebook.com\/MennoniteWorldConference","https:\/\/www.linkedin.com\/company\/mennonite-world-conference-mwc\/","https:\/\/www.instagram.com\/mwcmm\/","https:\/\/www.youtube.com\/user\/mwccmm","https:\/\/bsky.app\/profile\/mwcmm.bsky.social"]},{"@type":"Person","@id":"https:\/\/mwc-cmm.org\/en\/#\/schema\/person\/11f6ae0d7d1868ba20a1cc27f067c836","name":"mennworldcon","image":{"@type":"ImageObject","inLanguage":"es","@id":"https:\/\/secure.gravatar.com\/avatar\/06fdc0dc81c157dfdb82ec42f252178a22307808988d22c043f9eb96f1e0fe80?s=96&d=mm&r=g","url":"https:\/\/secure.gravatar.com\/avatar\/06fdc0dc81c157dfdb82ec42f252178a22307808988d22c043f9eb96f1e0fe80?s=96&d=mm&r=g","contentUrl":"https:\/\/secure.gravatar.com\/avatar\/06fdc0dc81c157dfdb82ec42f252178a22307808988d22c043f9eb96f1e0fe80?s=96&d=mm&r=g","caption":"mennworldcon"},"sameAs":["https:\/\/mwc-cmm.org"],"url":"https:\/\/mwc-cmm.org\/es\/stories\/author\/mennworldcon\/"}]}},"_links":{"self":[{"href":"https:\/\/mwc-cmm.org\/es\/wp-json\/wp\/v2\/posts\/8580","targetHints":{"allow":["GET"]}}],"collection":[{"href":"https:\/\/mwc-cmm.org\/es\/wp-json\/wp\/v2\/posts"}],"about":[{"href":"https:\/\/mwc-cmm.org\/es\/wp-json\/wp\/v2\/types\/post"}],"author":[{"embeddable":true,"href":"https:\/\/mwc-cmm.org\/es\/wp-json\/wp\/v2\/users\/1"}],"replies":[{"embeddable":true,"href":"https:\/\/mwc-cmm.org\/es\/wp-json\/wp\/v2\/comments?post=8580"}],"version-history":[{"count":0,"href":"https:\/\/mwc-cmm.org\/es\/wp-json\/wp\/v2\/posts\/8580\/revisions"}],"wp:featuredmedia":[{"embeddable":true,"href":"https:\/\/mwc-cmm.org\/es\/wp-json\/wp\/v2\/media\/87222"}],"wp:attachment":[{"href":"https:\/\/mwc-cmm.org\/es\/wp-json\/wp\/v2\/media?parent=8580"}],"wp:term":[{"taxonomy":"category","embeddable":true,"href":"https:\/\/mwc-cmm.org\/es\/wp-json\/wp\/v2\/categories?post=8580"},{"taxonomy":"post_tag","embeddable":true,"href":"https:\/\/mwc-cmm.org\/es\/wp-json\/wp\/v2\/tags?post=8580"},{"taxonomy":"network","embeddable":true,"href":"https:\/\/mwc-cmm.org\/es\/wp-json\/wp\/v2\/network?post=8580"},{"taxonomy":"eventcategory","embeddable":true,"href":"https:\/\/mwc-cmm.org\/es\/wp-json\/wp\/v2\/eventcategory?post=8580"}],"curies":[{"name":"wp","href":"https:\/\/api.w.org\/{rel}","templated":true}]}}