{"id":8578,"date":"2015-10-15T00:00:00","date_gmt":"2015-10-15T00:00:00","guid":{"rendered":"https:\/\/mwc-cmm.org\/world-fellowship-sunday-materials-available-3\/"},"modified":"2024-12-10T17:59:36","modified_gmt":"2024-12-10T17:59:36","slug":"world-fellowship-sunday-materials-available-3","status":"publish","type":"post","link":"https:\/\/mwc-cmm.org\/es\/stories\/world-fellowship-sunday-materials-available-3\/","title":{"rendered":"Materiales del Domingo de la Fraternidad Mundial disponibles"},"content":{"rendered":"<p>Bogot\u00e1, Colombia &#8211; \u201cEl caminar con Dios encuentra su total significado en el compa\u00f1erismo\u2013 en el partimiento del pan, en el servicio y al suplir las necesidades de los dem\u00e1s,\u201d dice C\u00e9sar Garc\u00eda, Secretario General del Congreso Mundial Menonita. \u201cNo significa la ausencia de desaf\u00edos, sino reconocer que podemos estar seguros de la victoria con y a trav\u00e9s de \u00c9l.\u201d<\/p>\n<p>El 24 de enero de 2016, Domingo de la Fraternidad Mundial, es un llamado a los anabautistas alrededor del mundo a unirse a esta jornada. Por seis d\u00edas en la Asamblea en Pennsylvania en el mes de Julio de 2015, m\u00e1s de 8.000 anabautistas permanecieron juntos; este domingo, a pesar de estar divididos por zonas horarias y lugares, Garc\u00eda extiende la invitaci\u00f3n a las iglesias miembros del CMM a reunirse en esp\u00edritu en sus congregaciones locales.<\/p>\n<p>En el Domingo de la Fraternidad Mundial, los creyentes Menonitas y Hermanos en Cristo recuerdan el primer bautismo anabautista llevado a cabo en Suiza en 1525. \u201cEse acto de obediencia y valor contin\u00faa dando forma a nuestro entendimiento de lo que significa ser disc\u00edpulos hoy,\u201d dice Garc\u00eda.<\/p>\n<p>El Domingo de la Fraternidad Mundial es un recordatorio de que \u201cnos pertenecemos unos a otros como hermanas y hermanos en la casa de Dios,\u201d dice Garc\u00eda. \u201cNos apoyamos mutuamente, sostenemos a aquellos que sufren y son perseguidos, y aprendemos unos de otros.\u201d<\/p>\n<p>En mwc-cmm.org podr\u00e1 encontrar un paquete de recursos para descargar que contiene textos de las predicaciones, sugerencias de m\u00fasica del cancionero de PA 2015, peticiones de oraci\u00f3n y recursos para la predicaci\u00f3n para el Domingo de la Fraternidad Mundial. El ejemplar de octubre de Courier\/Correo\/Courrier es tambi\u00e9n una herramienta, ya que contiene ponencias de la plenaria sobre el tema \u201cCaminemos con Dios,\u201d de la Asamblea en Pennsylvania.<\/p>\n<p>Garc\u00eda invita tambi\u00e9n a las iglesias a levantar una ofrenda especial ese domingo en apoyo a la comunidad anabautista mundial. Esta ofrenda ser\u00e1 contada a favor de la contribuci\u00f3n del Aporte Proporcional Justo de la iglesia nacional.<\/p>\n<p>Cada miembro podr\u00eda contribuir con el costo de un almuerzo. Las congregaciones podr\u00edan tener un tiempo de compa\u00f1erismo compartiendo un almuerzo o un tiempo de oraci\u00f3n y de ayuno despu\u00e9s del culto.<\/p>\n<p>Durante los \u00faltimos a\u00f1os, las congregaciones anabautistas locales de Bogot\u00e1, Colombia, han tenido cultos unidos para celebrar el Domingo de la Fraternidad Mundial. \u201cHa sido una bendici\u00f3n ver c\u00f3mo las diferencias son superadas cuando buscamos la presencia del Cordero como centro de nuestras reuniones,\u201d dice Garc\u00eda. \u201cReconocemos la obra de Dios en nuestros hermanos y hermanas y que los necesitamos para juntos alcanzar la madurez en nuestra fe.\u201d<\/p>\n<p><em>\u2014Comunicado del CMM<\/em><\/p>\n","protected":false},"excerpt":{"rendered":"<p>NULL<\/p>\n","protected":false},"author":1,"featured_media":87194,"comment_status":"closed","ping_status":"closed","sticky":false,"template":"","format":"standard","meta":{"_acf_changed":false,"footnotes":""},"categories":[6],"tags":[],"network":[],"eventcategory":[1499],"class_list":["post-8578","post","type-post","status-publish","format-standard","has-post-thumbnail","hentry","category-sin-categorizar","eventcategory-anabaptist-world-fellowship-sunday-es"],"acf":[],"yoast_head":"<!-- This site is optimized with the Yoast SEO plugin v27.5 - https:\/\/yoast.com\/product\/yoast-seo-wordpress\/ -->\n<title>Materiales del Domingo de la Fraternidad Mundial disponibles - Mennonite World Conference<\/title>\n<meta name=\"robots\" content=\"index, follow, max-snippet:-1, max-image-preview:large, max-video-preview:-1\" \/>\n<link rel=\"canonical\" href=\"https:\/\/mwc-cmm.org\/en\/stories\/world-fellowship-sunday-materials-available\/\" \/>\n<meta property=\"og:locale\" content=\"es_ES\" \/>\n<meta property=\"og:type\" content=\"article\" \/>\n<meta property=\"og:title\" content=\"Materiales del Domingo de la Fraternidad Mundial disponibles - Mennonite World Conference\" \/>\n<meta property=\"og:description\" content=\"NULL\" \/>\n<meta property=\"og:url\" content=\"https:\/\/mwc-cmm.org\/en\/stories\/world-fellowship-sunday-materials-available\/\" \/>\n<meta property=\"og:site_name\" content=\"Mennonite World Conference\" \/>\n<meta property=\"article:publisher\" content=\"https:\/\/www.facebook.com\/MennoniteWorldConference\" \/>\n<meta property=\"article:published_time\" content=\"2015-10-15T00:00:00+00:00\" \/>\n<meta property=\"article:modified_time\" content=\"2024-12-10T17:59:36+00:00\" \/>\n<meta property=\"og:image\" content=\"https:\/\/mwc-cmm.org\/wp-content\/uploads\/2024\/11\/wfs_photo_news_item_edited-1-scaled.jpg\" \/>\n\t<meta property=\"og:image:width\" content=\"2560\" \/>\n\t<meta property=\"og:image:height\" content=\"1799\" \/>\n\t<meta property=\"og:image:type\" content=\"image\/jpeg\" \/>\n<meta name=\"author\" content=\"mennworldcon\" \/>\n<script type=\"application\/ld+json\" class=\"yoast-schema-graph\">{\"@context\":\"https:\\\/\\\/schema.org\",\"@graph\":[{\"@type\":\"Article\",\"@id\":\"https:\\\/\\\/mwc-cmm.org\\\/en\\\/stories\\\/world-fellowship-sunday-materials-available\\\/#article\",\"isPartOf\":{\"@id\":\"https:\\\/\\\/mwc-cmm.org\\\/en\\\/stories\\\/world-fellowship-sunday-materials-available\\\/\"},\"author\":{\"name\":\"mennworldcon\",\"@id\":\"https:\\\/\\\/mwc-cmm.org\\\/en\\\/#\\\/schema\\\/person\\\/11f6ae0d7d1868ba20a1cc27f067c836\"},\"headline\":\"Materiales del Domingo de la Fraternidad Mundial disponibles\",\"datePublished\":\"2015-10-15T00:00:00+00:00\",\"dateModified\":\"2024-12-10T17:59:36+00:00\",\"mainEntityOfPage\":{\"@id\":\"https:\\\/\\\/mwc-cmm.org\\\/en\\\/stories\\\/world-fellowship-sunday-materials-available\\\/\"},\"wordCount\":469,\"publisher\":{\"@id\":\"https:\\\/\\\/mwc-cmm.org\\\/en\\\/#organization\"},\"image\":{\"@id\":\"https:\\\/\\\/mwc-cmm.org\\\/en\\\/stories\\\/world-fellowship-sunday-materials-available\\\/#primaryimage\"},\"thumbnailUrl\":\"https:\\\/\\\/mwc-cmm.org\\\/wp-content\\\/uploads\\\/2024\\\/11\\\/wfs_photo_news_item_edited-1-scaled.jpg\",\"articleSection\":[\"Sin categorizar\"],\"inLanguage\":\"es\"},{\"@type\":\"WebPage\",\"@id\":\"https:\\\/\\\/mwc-cmm.org\\\/en\\\/stories\\\/world-fellowship-sunday-materials-available\\\/\",\"url\":\"https:\\\/\\\/mwc-cmm.org\\\/en\\\/stories\\\/world-fellowship-sunday-materials-available\\\/\",\"name\":\"Materiales del Domingo de la Fraternidad Mundial disponibles - Mennonite World Conference\",\"isPartOf\":{\"@id\":\"https:\\\/\\\/mwc-cmm.org\\\/en\\\/#website\"},\"primaryImageOfPage\":{\"@id\":\"https:\\\/\\\/mwc-cmm.org\\\/en\\\/stories\\\/world-fellowship-sunday-materials-available\\\/#primaryimage\"},\"image\":{\"@id\":\"https:\\\/\\\/mwc-cmm.org\\\/en\\\/stories\\\/world-fellowship-sunday-materials-available\\\/#primaryimage\"},\"thumbnailUrl\":\"https:\\\/\\\/mwc-cmm.org\\\/wp-content\\\/uploads\\\/2024\\\/11\\\/wfs_photo_news_item_edited-1-scaled.jpg\",\"datePublished\":\"2015-10-15T00:00:00+00:00\",\"dateModified\":\"2024-12-10T17:59:36+00:00\",\"breadcrumb\":{\"@id\":\"https:\\\/\\\/mwc-cmm.org\\\/en\\\/stories\\\/world-fellowship-sunday-materials-available\\\/#breadcrumb\"},\"inLanguage\":\"es\",\"potentialAction\":[{\"@type\":\"ReadAction\",\"target\":[\"https:\\\/\\\/mwc-cmm.org\\\/en\\\/stories\\\/world-fellowship-sunday-materials-available\\\/\"]}]},{\"@type\":\"ImageObject\",\"inLanguage\":\"es\",\"@id\":\"https:\\\/\\\/mwc-cmm.org\\\/en\\\/stories\\\/world-fellowship-sunday-materials-available\\\/#primaryimage\",\"url\":\"https:\\\/\\\/mwc-cmm.org\\\/wp-content\\\/uploads\\\/2024\\\/11\\\/wfs_photo_news_item_edited-1-scaled.jpg\",\"contentUrl\":\"https:\\\/\\\/mwc-cmm.org\\\/wp-content\\\/uploads\\\/2024\\\/11\\\/wfs_photo_news_item_edited-1-scaled.jpg\",\"width\":2560,\"height\":1799},{\"@type\":\"BreadcrumbList\",\"@id\":\"https:\\\/\\\/mwc-cmm.org\\\/en\\\/stories\\\/world-fellowship-sunday-materials-available\\\/#breadcrumb\",\"itemListElement\":[{\"@type\":\"ListItem\",\"position\":1,\"name\":\"Home\",\"item\":\"https:\\\/\\\/mwc-cmm.org\\\/es\\\/\"},{\"@type\":\"ListItem\",\"position\":2,\"name\":\"Materiales del Domingo de la Fraternidad Mundial disponibles\"}]},{\"@type\":\"WebSite\",\"@id\":\"https:\\\/\\\/mwc-cmm.org\\\/en\\\/#website\",\"url\":\"https:\\\/\\\/mwc-cmm.org\\\/en\\\/\",\"name\":\"Mennonite World Conference\",\"description\":\"A communion of Anabaptist-related churches\",\"publisher\":{\"@id\":\"https:\\\/\\\/mwc-cmm.org\\\/en\\\/#organization\"},\"alternateName\":\"MWC\",\"potentialAction\":[{\"@type\":\"SearchAction\",\"target\":{\"@type\":\"EntryPoint\",\"urlTemplate\":\"https:\\\/\\\/mwc-cmm.org\\\/en\\\/?s={search_term_string}\"},\"query-input\":{\"@type\":\"PropertyValueSpecification\",\"valueRequired\":true,\"valueName\":\"search_term_string\"}}],\"inLanguage\":\"es\"},{\"@type\":\"Organization\",\"@id\":\"https:\\\/\\\/mwc-cmm.org\\\/en\\\/#organization\",\"name\":\"Mennonite World Conference\",\"alternateName\":\"MWC\",\"url\":\"https:\\\/\\\/mwc-cmm.org\\\/en\\\/\",\"logo\":{\"@type\":\"ImageObject\",\"inLanguage\":\"es\",\"@id\":\"https:\\\/\\\/mwc-cmm.org\\\/en\\\/#\\\/schema\\\/logo\\\/image\\\/\",\"url\":\"https:\\\/\\\/mwc-cmm.org\\\/wp-content\\\/uploads\\\/2026\\\/01\\\/MWC_Sig_Blue_Horiz_webheader1-logo.svg\",\"contentUrl\":\"https:\\\/\\\/mwc-cmm.org\\\/wp-content\\\/uploads\\\/2026\\\/01\\\/MWC_Sig_Blue_Horiz_webheader1-logo.svg\",\"width\":786,\"height\":82,\"caption\":\"Mennonite World Conference\"},\"image\":{\"@id\":\"https:\\\/\\\/mwc-cmm.org\\\/en\\\/#\\\/schema\\\/logo\\\/image\\\/\"},\"sameAs\":[\"https:\\\/\\\/www.facebook.com\\\/MennoniteWorldConference\",\"https:\\\/\\\/www.linkedin.com\\\/company\\\/mennonite-world-conference-mwc\\\/\",\"https:\\\/\\\/www.instagram.com\\\/mwcmm\\\/\",\"https:\\\/\\\/www.youtube.com\\\/user\\\/mwccmm\",\"https:\\\/\\\/bsky.app\\\/profile\\\/mwcmm.bsky.social\"]},{\"@type\":\"Person\",\"@id\":\"https:\\\/\\\/mwc-cmm.org\\\/en\\\/#\\\/schema\\\/person\\\/11f6ae0d7d1868ba20a1cc27f067c836\",\"name\":\"mennworldcon\",\"image\":{\"@type\":\"ImageObject\",\"inLanguage\":\"es\",\"@id\":\"https:\\\/\\\/secure.gravatar.com\\\/avatar\\\/06fdc0dc81c157dfdb82ec42f252178a22307808988d22c043f9eb96f1e0fe80?s=96&d=mm&r=g\",\"url\":\"https:\\\/\\\/secure.gravatar.com\\\/avatar\\\/06fdc0dc81c157dfdb82ec42f252178a22307808988d22c043f9eb96f1e0fe80?s=96&d=mm&r=g\",\"contentUrl\":\"https:\\\/\\\/secure.gravatar.com\\\/avatar\\\/06fdc0dc81c157dfdb82ec42f252178a22307808988d22c043f9eb96f1e0fe80?s=96&d=mm&r=g\",\"caption\":\"mennworldcon\"},\"sameAs\":[\"https:\\\/\\\/mwc-cmm.org\"],\"url\":\"https:\\\/\\\/mwc-cmm.org\\\/es\\\/stories\\\/author\\\/mennworldcon\\\/\"}]}<\/script>\n<!-- \/ Yoast SEO plugin. -->","yoast_head_json":{"title":"Materiales del Domingo de la Fraternidad Mundial disponibles - Mennonite World Conference","robots":{"index":"index","follow":"follow","max-snippet":"max-snippet:-1","max-image-preview":"max-image-preview:large","max-video-preview":"max-video-preview:-1"},"canonical":"https:\/\/mwc-cmm.org\/en\/stories\/world-fellowship-sunday-materials-available\/","og_locale":"es_ES","og_type":"article","og_title":"Materiales del Domingo de la Fraternidad Mundial disponibles - Mennonite World Conference","og_description":"NULL","og_url":"https:\/\/mwc-cmm.org\/en\/stories\/world-fellowship-sunday-materials-available\/","og_site_name":"Mennonite World Conference","article_publisher":"https:\/\/www.facebook.com\/MennoniteWorldConference","article_published_time":"2015-10-15T00:00:00+00:00","article_modified_time":"2024-12-10T17:59:36+00:00","og_image":[{"width":2560,"height":1799,"url":"https:\/\/mwc-cmm.org\/wp-content\/uploads\/2024\/11\/wfs_photo_news_item_edited-1-scaled.jpg","type":"image\/jpeg"}],"author":"mennworldcon","schema":{"@context":"https:\/\/schema.org","@graph":[{"@type":"Article","@id":"https:\/\/mwc-cmm.org\/en\/stories\/world-fellowship-sunday-materials-available\/#article","isPartOf":{"@id":"https:\/\/mwc-cmm.org\/en\/stories\/world-fellowship-sunday-materials-available\/"},"author":{"name":"mennworldcon","@id":"https:\/\/mwc-cmm.org\/en\/#\/schema\/person\/11f6ae0d7d1868ba20a1cc27f067c836"},"headline":"Materiales del Domingo de la Fraternidad Mundial disponibles","datePublished":"2015-10-15T00:00:00+00:00","dateModified":"2024-12-10T17:59:36+00:00","mainEntityOfPage":{"@id":"https:\/\/mwc-cmm.org\/en\/stories\/world-fellowship-sunday-materials-available\/"},"wordCount":469,"publisher":{"@id":"https:\/\/mwc-cmm.org\/en\/#organization"},"image":{"@id":"https:\/\/mwc-cmm.org\/en\/stories\/world-fellowship-sunday-materials-available\/#primaryimage"},"thumbnailUrl":"https:\/\/mwc-cmm.org\/wp-content\/uploads\/2024\/11\/wfs_photo_news_item_edited-1-scaled.jpg","articleSection":["Sin categorizar"],"inLanguage":"es"},{"@type":"WebPage","@id":"https:\/\/mwc-cmm.org\/en\/stories\/world-fellowship-sunday-materials-available\/","url":"https:\/\/mwc-cmm.org\/en\/stories\/world-fellowship-sunday-materials-available\/","name":"Materiales del Domingo de la Fraternidad Mundial disponibles - Mennonite World Conference","isPartOf":{"@id":"https:\/\/mwc-cmm.org\/en\/#website"},"primaryImageOfPage":{"@id":"https:\/\/mwc-cmm.org\/en\/stories\/world-fellowship-sunday-materials-available\/#primaryimage"},"image":{"@id":"https:\/\/mwc-cmm.org\/en\/stories\/world-fellowship-sunday-materials-available\/#primaryimage"},"thumbnailUrl":"https:\/\/mwc-cmm.org\/wp-content\/uploads\/2024\/11\/wfs_photo_news_item_edited-1-scaled.jpg","datePublished":"2015-10-15T00:00:00+00:00","dateModified":"2024-12-10T17:59:36+00:00","breadcrumb":{"@id":"https:\/\/mwc-cmm.org\/en\/stories\/world-fellowship-sunday-materials-available\/#breadcrumb"},"inLanguage":"es","potentialAction":[{"@type":"ReadAction","target":["https:\/\/mwc-cmm.org\/en\/stories\/world-fellowship-sunday-materials-available\/"]}]},{"@type":"ImageObject","inLanguage":"es","@id":"https:\/\/mwc-cmm.org\/en\/stories\/world-fellowship-sunday-materials-available\/#primaryimage","url":"https:\/\/mwc-cmm.org\/wp-content\/uploads\/2024\/11\/wfs_photo_news_item_edited-1-scaled.jpg","contentUrl":"https:\/\/mwc-cmm.org\/wp-content\/uploads\/2024\/11\/wfs_photo_news_item_edited-1-scaled.jpg","width":2560,"height":1799},{"@type":"BreadcrumbList","@id":"https:\/\/mwc-cmm.org\/en\/stories\/world-fellowship-sunday-materials-available\/#breadcrumb","itemListElement":[{"@type":"ListItem","position":1,"name":"Home","item":"https:\/\/mwc-cmm.org\/es\/"},{"@type":"ListItem","position":2,"name":"Materiales del Domingo de la Fraternidad Mundial disponibles"}]},{"@type":"WebSite","@id":"https:\/\/mwc-cmm.org\/en\/#website","url":"https:\/\/mwc-cmm.org\/en\/","name":"Mennonite World Conference","description":"A communion of Anabaptist-related churches","publisher":{"@id":"https:\/\/mwc-cmm.org\/en\/#organization"},"alternateName":"MWC","potentialAction":[{"@type":"SearchAction","target":{"@type":"EntryPoint","urlTemplate":"https:\/\/mwc-cmm.org\/en\/?s={search_term_string}"},"query-input":{"@type":"PropertyValueSpecification","valueRequired":true,"valueName":"search_term_string"}}],"inLanguage":"es"},{"@type":"Organization","@id":"https:\/\/mwc-cmm.org\/en\/#organization","name":"Mennonite World Conference","alternateName":"MWC","url":"https:\/\/mwc-cmm.org\/en\/","logo":{"@type":"ImageObject","inLanguage":"es","@id":"https:\/\/mwc-cmm.org\/en\/#\/schema\/logo\/image\/","url":"https:\/\/mwc-cmm.org\/wp-content\/uploads\/2026\/01\/MWC_Sig_Blue_Horiz_webheader1-logo.svg","contentUrl":"https:\/\/mwc-cmm.org\/wp-content\/uploads\/2026\/01\/MWC_Sig_Blue_Horiz_webheader1-logo.svg","width":786,"height":82,"caption":"Mennonite World Conference"},"image":{"@id":"https:\/\/mwc-cmm.org\/en\/#\/schema\/logo\/image\/"},"sameAs":["https:\/\/www.facebook.com\/MennoniteWorldConference","https:\/\/www.linkedin.com\/company\/mennonite-world-conference-mwc\/","https:\/\/www.instagram.com\/mwcmm\/","https:\/\/www.youtube.com\/user\/mwccmm","https:\/\/bsky.app\/profile\/mwcmm.bsky.social"]},{"@type":"Person","@id":"https:\/\/mwc-cmm.org\/en\/#\/schema\/person\/11f6ae0d7d1868ba20a1cc27f067c836","name":"mennworldcon","image":{"@type":"ImageObject","inLanguage":"es","@id":"https:\/\/secure.gravatar.com\/avatar\/06fdc0dc81c157dfdb82ec42f252178a22307808988d22c043f9eb96f1e0fe80?s=96&d=mm&r=g","url":"https:\/\/secure.gravatar.com\/avatar\/06fdc0dc81c157dfdb82ec42f252178a22307808988d22c043f9eb96f1e0fe80?s=96&d=mm&r=g","contentUrl":"https:\/\/secure.gravatar.com\/avatar\/06fdc0dc81c157dfdb82ec42f252178a22307808988d22c043f9eb96f1e0fe80?s=96&d=mm&r=g","caption":"mennworldcon"},"sameAs":["https:\/\/mwc-cmm.org"],"url":"https:\/\/mwc-cmm.org\/es\/stories\/author\/mennworldcon\/"}]}},"_links":{"self":[{"href":"https:\/\/mwc-cmm.org\/es\/wp-json\/wp\/v2\/posts\/8578","targetHints":{"allow":["GET"]}}],"collection":[{"href":"https:\/\/mwc-cmm.org\/es\/wp-json\/wp\/v2\/posts"}],"about":[{"href":"https:\/\/mwc-cmm.org\/es\/wp-json\/wp\/v2\/types\/post"}],"author":[{"embeddable":true,"href":"https:\/\/mwc-cmm.org\/es\/wp-json\/wp\/v2\/users\/1"}],"replies":[{"embeddable":true,"href":"https:\/\/mwc-cmm.org\/es\/wp-json\/wp\/v2\/comments?post=8578"}],"version-history":[{"count":0,"href":"https:\/\/mwc-cmm.org\/es\/wp-json\/wp\/v2\/posts\/8578\/revisions"}],"wp:featuredmedia":[{"embeddable":true,"href":"https:\/\/mwc-cmm.org\/es\/wp-json\/wp\/v2\/media\/87194"}],"wp:attachment":[{"href":"https:\/\/mwc-cmm.org\/es\/wp-json\/wp\/v2\/media?parent=8578"}],"wp:term":[{"taxonomy":"category","embeddable":true,"href":"https:\/\/mwc-cmm.org\/es\/wp-json\/wp\/v2\/categories?post=8578"},{"taxonomy":"post_tag","embeddable":true,"href":"https:\/\/mwc-cmm.org\/es\/wp-json\/wp\/v2\/tags?post=8578"},{"taxonomy":"network","embeddable":true,"href":"https:\/\/mwc-cmm.org\/es\/wp-json\/wp\/v2\/network?post=8578"},{"taxonomy":"eventcategory","embeddable":true,"href":"https:\/\/mwc-cmm.org\/es\/wp-json\/wp\/v2\/eventcategory?post=8578"}],"curies":[{"name":"wp","href":"https:\/\/api.w.org\/{rel}","templated":true}]}}