{"id":8574,"date":"2015-09-17T00:00:00","date_gmt":"2015-09-17T00:00:00","guid":{"rendered":"https:\/\/mwc-cmm.org\/mennonite-brethren-leaders-meet-following-mwc-assembly-3\/"},"modified":"2024-12-10T17:59:35","modified_gmt":"2024-12-10T17:59:35","slug":"mennonite-brethren-leaders-meet-following-mwc-assembly-3","status":"publish","type":"post","link":"https:\/\/mwc-cmm.org\/es\/stories\/mennonite-brethren-leaders-meet-following-mwc-assembly-3\/","title":{"rendered":"L\u00edderes Hermanos Menonitas se re\u00fanen despu\u00e9s de la Asamblea del CMM"},"content":{"rendered":"<p><strong>Delegados nombran nuevamente a Wiebe, tratan el tema \u201cancianos mundiales\u201d <\/strong><\/p>\n<p>Mechanicsburg, Pennsylvania, EE.UU. \u2014 Representantes de 21 conferencias nacionales Hermanos Menonitas de todo el mundo se reunieron para la cumbre anual de la Comunidad Internacional de los Hermanos Menonitas (ICOMB, por sus siglas en ingl\u00e9s) del 26 al 29 de julio de 2015 en el Messiah College en Mechanicsburg, Pennsylvania.<\/p>\n<p>La cumbre 2015 resalt\u00f3 las maneras en las que la organizaci\u00f3n de 25 a\u00f1os de funcionamiento ha crecido y se est\u00e1 moviendo m\u00e1s all\u00e1 del compa\u00f1erismo para proporcionar orientaci\u00f3n y rendir cuentas a sus conferencias miembros.<\/p>\n<p>Los informes del pa\u00eds que compartieron en cada sesi\u00f3n siguen siendo un punto culminante. El apoyo mutuo que los l\u00edderes encontraron entre s\u00ed fue evidente al juntarse uno al lado del otro para orar despu\u00e9s de compartir el dolor de ministrar en un pa\u00eds devastado por la guerra como Ucrania o el entusiasmo de convertir a un burdel en un centro de alcance para ex prostitutas en Brasil.<\/p>\n<p>El intercambio culmin\u00f3 en el servicio de clausura de lavado de pies, oraci\u00f3n y comuni\u00f3n, un momento destacado para muchos delegados.<\/p>\n<p><strong>Se afirma a Wiebe, se pone a consideraci\u00f3n los ancianos mundiales <\/strong><\/p>\n<p>Los representantes de ICOMB votaron de forma un\u00e1nime para nombrar a David Wiebe de Canad\u00e1 (el primer director ejecutivo a tiempo completo de ICOMB) para un segundo per\u00edodo de tres a\u00f1os. Los representantes afirmaron ampliamente el liderazgo de Wiebe, advirti\u00e9ndole contra el exceso de trabajo.<\/p>\n<p>Los delegados trataron el tema de constituir \u201cancianos mundiales\u201d para proporcionar liderazgo espiritual, teol\u00f3gico y pr\u00e1ctico entre las conferencias miembros, una conversaci\u00f3n ya iniciada en el 2013. Presentaron la sugerencia de que ICOMB sirviera como mediador en vez de una figura de autoridad en tiempos de conflicto y seguir un modelo b\u00edblico para compartir la autoridad y la resoluci\u00f3n de conflictos.<\/p>\n<p><strong>Autoridad puesta a prueba<\/strong><\/p>\n<p>Las conferencias ICOMB en Angola, la India y M\u00e9xico est\u00e1n actualmente navegando por conflictos internos. Wiebe dijo que ICOMB est\u00e1 probando maneras en las que apoyar y servir como gu\u00eda a las conferencias nacionales a medida que buscan c\u00f3mo resolver las diferencias.<\/p>\n<p>\u201cLa misi\u00f3n no puede mantenernos juntos del todo,\u201d dijo Wiebe. \u201cLa comunidad y la identidad tambi\u00e9n son muy importantes, y a veces se le pide a ICOMB tener una voz m\u00e1s firme.\u201d<\/p>\n<p>ICOMB ejerci\u00f3 esa voz durante la cumbre de 2015. El comit\u00e9 ejecutivo determin\u00f3 que, a pesar de los esfuerzos de reconciliaci\u00f3n, los l\u00edderes actuales de la Iglesia Evang\u00e9lica de los Hermanos Menonitas en Angola no estaban en buenos t\u00e9rminos con ICOMB. Wiebe hizo hincapi\u00e9 que el problema es con l\u00edderes espec\u00edficos y no con la conferencia de Angola; pidi\u00f3 a los delegados que oraran por la conferencia y por sus l\u00edderes.  <\/p>\n<p><strong>Educaci\u00f3n extendida<\/strong><\/p>\n<p>Aprovechando su experiencia de realizar consultas educativas en la RD del Congo en 2009 e internacionalmente en 2007 y 2011, ICOMB ayud\u00f3 a organizar una conferencia educativa mundial para educadores de primaria y secundaria previa a la asamblea del CMM.<\/p>\n<p>La cumbre de ICOMB comenz\u00f3 con un servicio de adoraci\u00f3n a la cual asistieron los participantes Hermanos Menonitas internacionales de la asamblea del CMM, algunos de los cuales se quedaron para las reuniones en calidad de invitados.<\/p>\n<p>El Secretario General del CMM C\u00e9sar Garc\u00eda, un Hermano Menonita de Bogot\u00e1, Colombia, se uni\u00f3 a ICOMB el lunes para la cena y respondi\u00f3 algunas preguntas  durante la sesi\u00f3n de la noche.<\/p>\n<p>El comit\u00e9 ejecutivo recomend\u00f3 a los miembros de ICOMB que nos son miembros del Congreso Mundial Menonita \u201cconsiderar la membres\u00eda al CMM por m\u00e9ritos propios.\u201d  <\/p>\n<p><em>Connie Faber es editora de <\/em>Christian Leader<em>, la revista de los Hermanos Menonitas de Estados Unidos. <\/em><\/p>\n<p>*<a href=\"https:\/\/www.mwc-cmm.org\/content\/panama-mennonites-request-prayer-land-struggle\">Haga clic aqu\u00ed<\/a> para obtener m\u00e1s informaci\u00f3n de la situacion de Panam\u00e1.<\/p>\n","protected":false},"excerpt":{"rendered":"<p>NULL<\/p>\n","protected":false},"author":1,"featured_media":87138,"comment_status":"closed","ping_status":"closed","sticky":false,"template":"","format":"standard","meta":{"_acf_changed":false,"footnotes":""},"categories":[6],"tags":[],"network":[],"eventcategory":[],"class_list":["post-8574","post","type-post","status-publish","format-standard","has-post-thumbnail","hentry","category-sin-categorizar"],"acf":[],"yoast_head":"<!-- This site is optimized with the Yoast SEO plugin v27.5 - https:\/\/yoast.com\/product\/yoast-seo-wordpress\/ -->\n<title>L\u00edderes Hermanos Menonitas se re\u00fanen despu\u00e9s de la Asamblea del CMM - Mennonite World Conference<\/title>\n<meta name=\"robots\" content=\"index, follow, max-snippet:-1, max-image-preview:large, max-video-preview:-1\" \/>\n<link rel=\"canonical\" href=\"https:\/\/mwc-cmm.org\/en\/stories\/mennonite-brethren-leaders-meet-following-mwc-assembly\/\" \/>\n<meta property=\"og:locale\" content=\"es_ES\" \/>\n<meta property=\"og:type\" content=\"article\" \/>\n<meta property=\"og:title\" content=\"L\u00edderes Hermanos Menonitas se re\u00fanen despu\u00e9s de la Asamblea del CMM - Mennonite World Conference\" \/>\n<meta property=\"og:description\" content=\"NULL\" \/>\n<meta property=\"og:url\" content=\"https:\/\/mwc-cmm.org\/en\/stories\/mennonite-brethren-leaders-meet-following-mwc-assembly\/\" \/>\n<meta property=\"og:site_name\" content=\"Mennonite World Conference\" \/>\n<meta property=\"article:publisher\" content=\"https:\/\/www.facebook.com\/MennoniteWorldConference\" \/>\n<meta property=\"article:published_time\" content=\"2015-09-17T00:00:00+00:00\" \/>\n<meta property=\"article:modified_time\" content=\"2024-12-10T17:59:35+00:00\" \/>\n<meta property=\"og:image\" content=\"https:\/\/mwc-cmm.org\/wp-content\/uploads\/2024\/11\/icomb_photo_edited.jpg\" \/>\n\t<meta property=\"og:image:width\" content=\"600\" \/>\n\t<meta property=\"og:image:height\" content=\"450\" \/>\n\t<meta property=\"og:image:type\" content=\"image\/jpeg\" \/>\n<meta name=\"author\" content=\"mennworldcon\" \/>\n<script type=\"application\/ld+json\" class=\"yoast-schema-graph\">{\"@context\":\"https:\\\/\\\/schema.org\",\"@graph\":[{\"@type\":\"Article\",\"@id\":\"https:\\\/\\\/mwc-cmm.org\\\/en\\\/stories\\\/mennonite-brethren-leaders-meet-following-mwc-assembly\\\/#article\",\"isPartOf\":{\"@id\":\"https:\\\/\\\/mwc-cmm.org\\\/en\\\/stories\\\/mennonite-brethren-leaders-meet-following-mwc-assembly\\\/\"},\"author\":{\"name\":\"mennworldcon\",\"@id\":\"https:\\\/\\\/mwc-cmm.org\\\/en\\\/#\\\/schema\\\/person\\\/11f6ae0d7d1868ba20a1cc27f067c836\"},\"headline\":\"L\u00edderes Hermanos Menonitas se re\u00fanen despu\u00e9s de la Asamblea del CMM\",\"datePublished\":\"2015-09-17T00:00:00+00:00\",\"dateModified\":\"2024-12-10T17:59:35+00:00\",\"mainEntityOfPage\":{\"@id\":\"https:\\\/\\\/mwc-cmm.org\\\/en\\\/stories\\\/mennonite-brethren-leaders-meet-following-mwc-assembly\\\/\"},\"wordCount\":664,\"publisher\":{\"@id\":\"https:\\\/\\\/mwc-cmm.org\\\/en\\\/#organization\"},\"image\":{\"@id\":\"https:\\\/\\\/mwc-cmm.org\\\/en\\\/stories\\\/mennonite-brethren-leaders-meet-following-mwc-assembly\\\/#primaryimage\"},\"thumbnailUrl\":\"https:\\\/\\\/mwc-cmm.org\\\/wp-content\\\/uploads\\\/2024\\\/11\\\/icomb_photo_edited.jpg\",\"articleSection\":[\"Sin categorizar\"],\"inLanguage\":\"es\"},{\"@type\":\"WebPage\",\"@id\":\"https:\\\/\\\/mwc-cmm.org\\\/en\\\/stories\\\/mennonite-brethren-leaders-meet-following-mwc-assembly\\\/\",\"url\":\"https:\\\/\\\/mwc-cmm.org\\\/en\\\/stories\\\/mennonite-brethren-leaders-meet-following-mwc-assembly\\\/\",\"name\":\"L\u00edderes Hermanos Menonitas se re\u00fanen despu\u00e9s de la Asamblea del CMM - Mennonite World Conference\",\"isPartOf\":{\"@id\":\"https:\\\/\\\/mwc-cmm.org\\\/en\\\/#website\"},\"primaryImageOfPage\":{\"@id\":\"https:\\\/\\\/mwc-cmm.org\\\/en\\\/stories\\\/mennonite-brethren-leaders-meet-following-mwc-assembly\\\/#primaryimage\"},\"image\":{\"@id\":\"https:\\\/\\\/mwc-cmm.org\\\/en\\\/stories\\\/mennonite-brethren-leaders-meet-following-mwc-assembly\\\/#primaryimage\"},\"thumbnailUrl\":\"https:\\\/\\\/mwc-cmm.org\\\/wp-content\\\/uploads\\\/2024\\\/11\\\/icomb_photo_edited.jpg\",\"datePublished\":\"2015-09-17T00:00:00+00:00\",\"dateModified\":\"2024-12-10T17:59:35+00:00\",\"breadcrumb\":{\"@id\":\"https:\\\/\\\/mwc-cmm.org\\\/en\\\/stories\\\/mennonite-brethren-leaders-meet-following-mwc-assembly\\\/#breadcrumb\"},\"inLanguage\":\"es\",\"potentialAction\":[{\"@type\":\"ReadAction\",\"target\":[\"https:\\\/\\\/mwc-cmm.org\\\/en\\\/stories\\\/mennonite-brethren-leaders-meet-following-mwc-assembly\\\/\"]}]},{\"@type\":\"ImageObject\",\"inLanguage\":\"es\",\"@id\":\"https:\\\/\\\/mwc-cmm.org\\\/en\\\/stories\\\/mennonite-brethren-leaders-meet-following-mwc-assembly\\\/#primaryimage\",\"url\":\"https:\\\/\\\/mwc-cmm.org\\\/wp-content\\\/uploads\\\/2024\\\/11\\\/icomb_photo_edited.jpg\",\"contentUrl\":\"https:\\\/\\\/mwc-cmm.org\\\/wp-content\\\/uploads\\\/2024\\\/11\\\/icomb_photo_edited.jpg\",\"width\":600,\"height\":450},{\"@type\":\"BreadcrumbList\",\"@id\":\"https:\\\/\\\/mwc-cmm.org\\\/en\\\/stories\\\/mennonite-brethren-leaders-meet-following-mwc-assembly\\\/#breadcrumb\",\"itemListElement\":[{\"@type\":\"ListItem\",\"position\":1,\"name\":\"Home\",\"item\":\"https:\\\/\\\/mwc-cmm.org\\\/es\\\/\"},{\"@type\":\"ListItem\",\"position\":2,\"name\":\"L\u00edderes Hermanos Menonitas se re\u00fanen despu\u00e9s de la Asamblea del CMM\"}]},{\"@type\":\"WebSite\",\"@id\":\"https:\\\/\\\/mwc-cmm.org\\\/en\\\/#website\",\"url\":\"https:\\\/\\\/mwc-cmm.org\\\/en\\\/\",\"name\":\"Mennonite World Conference\",\"description\":\"A communion of Anabaptist-related churches\",\"publisher\":{\"@id\":\"https:\\\/\\\/mwc-cmm.org\\\/en\\\/#organization\"},\"alternateName\":\"MWC\",\"potentialAction\":[{\"@type\":\"SearchAction\",\"target\":{\"@type\":\"EntryPoint\",\"urlTemplate\":\"https:\\\/\\\/mwc-cmm.org\\\/en\\\/?s={search_term_string}\"},\"query-input\":{\"@type\":\"PropertyValueSpecification\",\"valueRequired\":true,\"valueName\":\"search_term_string\"}}],\"inLanguage\":\"es\"},{\"@type\":\"Organization\",\"@id\":\"https:\\\/\\\/mwc-cmm.org\\\/en\\\/#organization\",\"name\":\"Mennonite World Conference\",\"alternateName\":\"MWC\",\"url\":\"https:\\\/\\\/mwc-cmm.org\\\/en\\\/\",\"logo\":{\"@type\":\"ImageObject\",\"inLanguage\":\"es\",\"@id\":\"https:\\\/\\\/mwc-cmm.org\\\/en\\\/#\\\/schema\\\/logo\\\/image\\\/\",\"url\":\"https:\\\/\\\/mwc-cmm.org\\\/wp-content\\\/uploads\\\/2026\\\/01\\\/MWC_Sig_Blue_Horiz_webheader1-logo.svg\",\"contentUrl\":\"https:\\\/\\\/mwc-cmm.org\\\/wp-content\\\/uploads\\\/2026\\\/01\\\/MWC_Sig_Blue_Horiz_webheader1-logo.svg\",\"width\":786,\"height\":82,\"caption\":\"Mennonite World Conference\"},\"image\":{\"@id\":\"https:\\\/\\\/mwc-cmm.org\\\/en\\\/#\\\/schema\\\/logo\\\/image\\\/\"},\"sameAs\":[\"https:\\\/\\\/www.facebook.com\\\/MennoniteWorldConference\",\"https:\\\/\\\/www.linkedin.com\\\/company\\\/mennonite-world-conference-mwc\\\/\",\"https:\\\/\\\/www.instagram.com\\\/mwcmm\\\/\",\"https:\\\/\\\/www.youtube.com\\\/user\\\/mwccmm\",\"https:\\\/\\\/bsky.app\\\/profile\\\/mwcmm.bsky.social\"]},{\"@type\":\"Person\",\"@id\":\"https:\\\/\\\/mwc-cmm.org\\\/en\\\/#\\\/schema\\\/person\\\/11f6ae0d7d1868ba20a1cc27f067c836\",\"name\":\"mennworldcon\",\"image\":{\"@type\":\"ImageObject\",\"inLanguage\":\"es\",\"@id\":\"https:\\\/\\\/secure.gravatar.com\\\/avatar\\\/06fdc0dc81c157dfdb82ec42f252178a22307808988d22c043f9eb96f1e0fe80?s=96&d=mm&r=g\",\"url\":\"https:\\\/\\\/secure.gravatar.com\\\/avatar\\\/06fdc0dc81c157dfdb82ec42f252178a22307808988d22c043f9eb96f1e0fe80?s=96&d=mm&r=g\",\"contentUrl\":\"https:\\\/\\\/secure.gravatar.com\\\/avatar\\\/06fdc0dc81c157dfdb82ec42f252178a22307808988d22c043f9eb96f1e0fe80?s=96&d=mm&r=g\",\"caption\":\"mennworldcon\"},\"sameAs\":[\"https:\\\/\\\/mwc-cmm.org\"],\"url\":\"https:\\\/\\\/mwc-cmm.org\\\/es\\\/stories\\\/author\\\/mennworldcon\\\/\"}]}<\/script>\n<!-- \/ Yoast SEO plugin. -->","yoast_head_json":{"title":"L\u00edderes Hermanos Menonitas se re\u00fanen despu\u00e9s de la Asamblea del CMM - Mennonite World Conference","robots":{"index":"index","follow":"follow","max-snippet":"max-snippet:-1","max-image-preview":"max-image-preview:large","max-video-preview":"max-video-preview:-1"},"canonical":"https:\/\/mwc-cmm.org\/en\/stories\/mennonite-brethren-leaders-meet-following-mwc-assembly\/","og_locale":"es_ES","og_type":"article","og_title":"L\u00edderes Hermanos Menonitas se re\u00fanen despu\u00e9s de la Asamblea del CMM - Mennonite World Conference","og_description":"NULL","og_url":"https:\/\/mwc-cmm.org\/en\/stories\/mennonite-brethren-leaders-meet-following-mwc-assembly\/","og_site_name":"Mennonite World Conference","article_publisher":"https:\/\/www.facebook.com\/MennoniteWorldConference","article_published_time":"2015-09-17T00:00:00+00:00","article_modified_time":"2024-12-10T17:59:35+00:00","og_image":[{"width":600,"height":450,"url":"https:\/\/mwc-cmm.org\/wp-content\/uploads\/2024\/11\/icomb_photo_edited.jpg","type":"image\/jpeg"}],"author":"mennworldcon","schema":{"@context":"https:\/\/schema.org","@graph":[{"@type":"Article","@id":"https:\/\/mwc-cmm.org\/en\/stories\/mennonite-brethren-leaders-meet-following-mwc-assembly\/#article","isPartOf":{"@id":"https:\/\/mwc-cmm.org\/en\/stories\/mennonite-brethren-leaders-meet-following-mwc-assembly\/"},"author":{"name":"mennworldcon","@id":"https:\/\/mwc-cmm.org\/en\/#\/schema\/person\/11f6ae0d7d1868ba20a1cc27f067c836"},"headline":"L\u00edderes Hermanos Menonitas se re\u00fanen despu\u00e9s de la Asamblea del CMM","datePublished":"2015-09-17T00:00:00+00:00","dateModified":"2024-12-10T17:59:35+00:00","mainEntityOfPage":{"@id":"https:\/\/mwc-cmm.org\/en\/stories\/mennonite-brethren-leaders-meet-following-mwc-assembly\/"},"wordCount":664,"publisher":{"@id":"https:\/\/mwc-cmm.org\/en\/#organization"},"image":{"@id":"https:\/\/mwc-cmm.org\/en\/stories\/mennonite-brethren-leaders-meet-following-mwc-assembly\/#primaryimage"},"thumbnailUrl":"https:\/\/mwc-cmm.org\/wp-content\/uploads\/2024\/11\/icomb_photo_edited.jpg","articleSection":["Sin categorizar"],"inLanguage":"es"},{"@type":"WebPage","@id":"https:\/\/mwc-cmm.org\/en\/stories\/mennonite-brethren-leaders-meet-following-mwc-assembly\/","url":"https:\/\/mwc-cmm.org\/en\/stories\/mennonite-brethren-leaders-meet-following-mwc-assembly\/","name":"L\u00edderes Hermanos Menonitas se re\u00fanen despu\u00e9s de la Asamblea del CMM - Mennonite World Conference","isPartOf":{"@id":"https:\/\/mwc-cmm.org\/en\/#website"},"primaryImageOfPage":{"@id":"https:\/\/mwc-cmm.org\/en\/stories\/mennonite-brethren-leaders-meet-following-mwc-assembly\/#primaryimage"},"image":{"@id":"https:\/\/mwc-cmm.org\/en\/stories\/mennonite-brethren-leaders-meet-following-mwc-assembly\/#primaryimage"},"thumbnailUrl":"https:\/\/mwc-cmm.org\/wp-content\/uploads\/2024\/11\/icomb_photo_edited.jpg","datePublished":"2015-09-17T00:00:00+00:00","dateModified":"2024-12-10T17:59:35+00:00","breadcrumb":{"@id":"https:\/\/mwc-cmm.org\/en\/stories\/mennonite-brethren-leaders-meet-following-mwc-assembly\/#breadcrumb"},"inLanguage":"es","potentialAction":[{"@type":"ReadAction","target":["https:\/\/mwc-cmm.org\/en\/stories\/mennonite-brethren-leaders-meet-following-mwc-assembly\/"]}]},{"@type":"ImageObject","inLanguage":"es","@id":"https:\/\/mwc-cmm.org\/en\/stories\/mennonite-brethren-leaders-meet-following-mwc-assembly\/#primaryimage","url":"https:\/\/mwc-cmm.org\/wp-content\/uploads\/2024\/11\/icomb_photo_edited.jpg","contentUrl":"https:\/\/mwc-cmm.org\/wp-content\/uploads\/2024\/11\/icomb_photo_edited.jpg","width":600,"height":450},{"@type":"BreadcrumbList","@id":"https:\/\/mwc-cmm.org\/en\/stories\/mennonite-brethren-leaders-meet-following-mwc-assembly\/#breadcrumb","itemListElement":[{"@type":"ListItem","position":1,"name":"Home","item":"https:\/\/mwc-cmm.org\/es\/"},{"@type":"ListItem","position":2,"name":"L\u00edderes Hermanos Menonitas se re\u00fanen despu\u00e9s de la Asamblea del CMM"}]},{"@type":"WebSite","@id":"https:\/\/mwc-cmm.org\/en\/#website","url":"https:\/\/mwc-cmm.org\/en\/","name":"Mennonite World Conference","description":"A communion of Anabaptist-related churches","publisher":{"@id":"https:\/\/mwc-cmm.org\/en\/#organization"},"alternateName":"MWC","potentialAction":[{"@type":"SearchAction","target":{"@type":"EntryPoint","urlTemplate":"https:\/\/mwc-cmm.org\/en\/?s={search_term_string}"},"query-input":{"@type":"PropertyValueSpecification","valueRequired":true,"valueName":"search_term_string"}}],"inLanguage":"es"},{"@type":"Organization","@id":"https:\/\/mwc-cmm.org\/en\/#organization","name":"Mennonite World Conference","alternateName":"MWC","url":"https:\/\/mwc-cmm.org\/en\/","logo":{"@type":"ImageObject","inLanguage":"es","@id":"https:\/\/mwc-cmm.org\/en\/#\/schema\/logo\/image\/","url":"https:\/\/mwc-cmm.org\/wp-content\/uploads\/2026\/01\/MWC_Sig_Blue_Horiz_webheader1-logo.svg","contentUrl":"https:\/\/mwc-cmm.org\/wp-content\/uploads\/2026\/01\/MWC_Sig_Blue_Horiz_webheader1-logo.svg","width":786,"height":82,"caption":"Mennonite World Conference"},"image":{"@id":"https:\/\/mwc-cmm.org\/en\/#\/schema\/logo\/image\/"},"sameAs":["https:\/\/www.facebook.com\/MennoniteWorldConference","https:\/\/www.linkedin.com\/company\/mennonite-world-conference-mwc\/","https:\/\/www.instagram.com\/mwcmm\/","https:\/\/www.youtube.com\/user\/mwccmm","https:\/\/bsky.app\/profile\/mwcmm.bsky.social"]},{"@type":"Person","@id":"https:\/\/mwc-cmm.org\/en\/#\/schema\/person\/11f6ae0d7d1868ba20a1cc27f067c836","name":"mennworldcon","image":{"@type":"ImageObject","inLanguage":"es","@id":"https:\/\/secure.gravatar.com\/avatar\/06fdc0dc81c157dfdb82ec42f252178a22307808988d22c043f9eb96f1e0fe80?s=96&d=mm&r=g","url":"https:\/\/secure.gravatar.com\/avatar\/06fdc0dc81c157dfdb82ec42f252178a22307808988d22c043f9eb96f1e0fe80?s=96&d=mm&r=g","contentUrl":"https:\/\/secure.gravatar.com\/avatar\/06fdc0dc81c157dfdb82ec42f252178a22307808988d22c043f9eb96f1e0fe80?s=96&d=mm&r=g","caption":"mennworldcon"},"sameAs":["https:\/\/mwc-cmm.org"],"url":"https:\/\/mwc-cmm.org\/es\/stories\/author\/mennworldcon\/"}]}},"_links":{"self":[{"href":"https:\/\/mwc-cmm.org\/es\/wp-json\/wp\/v2\/posts\/8574","targetHints":{"allow":["GET"]}}],"collection":[{"href":"https:\/\/mwc-cmm.org\/es\/wp-json\/wp\/v2\/posts"}],"about":[{"href":"https:\/\/mwc-cmm.org\/es\/wp-json\/wp\/v2\/types\/post"}],"author":[{"embeddable":true,"href":"https:\/\/mwc-cmm.org\/es\/wp-json\/wp\/v2\/users\/1"}],"replies":[{"embeddable":true,"href":"https:\/\/mwc-cmm.org\/es\/wp-json\/wp\/v2\/comments?post=8574"}],"version-history":[{"count":0,"href":"https:\/\/mwc-cmm.org\/es\/wp-json\/wp\/v2\/posts\/8574\/revisions"}],"wp:featuredmedia":[{"embeddable":true,"href":"https:\/\/mwc-cmm.org\/es\/wp-json\/wp\/v2\/media\/87138"}],"wp:attachment":[{"href":"https:\/\/mwc-cmm.org\/es\/wp-json\/wp\/v2\/media?parent=8574"}],"wp:term":[{"taxonomy":"category","embeddable":true,"href":"https:\/\/mwc-cmm.org\/es\/wp-json\/wp\/v2\/categories?post=8574"},{"taxonomy":"post_tag","embeddable":true,"href":"https:\/\/mwc-cmm.org\/es\/wp-json\/wp\/v2\/tags?post=8574"},{"taxonomy":"network","embeddable":true,"href":"https:\/\/mwc-cmm.org\/es\/wp-json\/wp\/v2\/network?post=8574"},{"taxonomy":"eventcategory","embeddable":true,"href":"https:\/\/mwc-cmm.org\/es\/wp-json\/wp\/v2\/eventcategory?post=8574"}],"curies":[{"name":"wp","href":"https:\/\/api.w.org\/{rel}","templated":true}]}}