{"id":8572,"date":"2015-09-11T00:00:00","date_gmt":"2015-09-11T00:00:00","guid":{"rendered":"https:\/\/mwc-cmm.org\/like-a-tree-planted-3\/"},"modified":"2024-12-10T17:59:34","modified_gmt":"2024-12-10T17:59:34","slug":"como-un-arbol-plantado","status":"publish","type":"post","link":"https:\/\/mwc-cmm.org\/es\/stories\/como-un-arbol-plantado\/","title":{"rendered":"Como un \u00e1rbol plantado"},"content":{"rendered":"<p><strong>Educadores Anabautistas a nivel mundial se re\u00fanen para la Conferencia de la Educaci\u00f3n Global <\/strong><\/p>\n<p>Lansdale, Pennsylvania, EE.UU. \u2014  La Conferencia de la Educaci\u00f3n Global del Congreso Mundial Menonita,  <em>Like a Tree Planted: Anabaptist Spirituality in <\/em><em>Education<\/em> (Como un \u00e1rbol plantado: la espiritualidad anabautista en la educaci\u00f3n) atrajo a m\u00e1s de 100 educadores anabautistas y l\u00edderes de 13 pa\u00edses alrededor del mundo.<\/p>\n<p>La espiritualidad anabautista es \u201cuna pedagog\u00eda de la transformaci\u00f3n,\u201d dijo John D. Roth, director del Instituto para el Estudio del Anabautismo Mundial. \u201cHemos sido creados para la intimidad y el <em>shalom<\/em>. El miedo y la desconfianza resultan en pecado y en relaciones rotas, y al igual que los exiliados del Ed\u00e9n, continuamos experimentando la paciente obra restauradora de Dios.\u201d<\/p>\n<p>La espiritualidad anabautista es \u201clo que se hace con lo que Dios pone en uno,\u201d dijo Hippolyto Tshimanga, de la Iglesia Menonita Canad\u00e1 y director de los ministerios de \u00c1frica, Europa, y Am\u00e9rica Latina. Las pr\u00e1cticas de estar alerta, la oraci\u00f3n, la comunidad, <em>lectio devina<\/em> y las canciones son todos ejercicios de transformaci\u00f3n que profundizan nuestra llenura de Dios. \u201cDebemos estar al tanto de los valores y las pr\u00e1cticas de fe que nos abren al Esp\u00edritu Santo de Dios,\u201d dijo Tshimanga.<\/p>\n<p>Paulus Widjaja, profesor de teolog\u00eda de la universidad cristiana Duta Wacana Christian University en Yogyakarta, Indonesia, hizo un llamado a los educadores a \u201cver la formaci\u00f3n del car\u00e1cter como una educaci\u00f3n para la paz. Debemos adquirir ciertas virtudes intencional y deliberadamente con el fin de tener el car\u00e1cter de un pacificador.\u201d<\/p>\n<p>Sara Wenger Shenk, presidenta del Seminario B\u00edblico Anabautista Menonita, dijo, \u201cLa educaci\u00f3n es principalmente sobre la capacitaci\u00f3n de las personas para escoger una \u2018visi\u00f3n integral de lo bueno.\u2019 Cualquier educaci\u00f3n verdaderamente anabautista ser\u00e1 moldeada por \u2018la creaci\u00f3n del mundo\u2019 y las visiones b\u00edblicas sorprendentes para el shalom de Dios.\u201d<\/p>\n<p>El viernes, los participantes de la conferencia visitaron las escuelas menonitas locales y lugares hist\u00f3ricos y culturales.<\/p>\n<p>Los talleres ofrecidos a lo largo de los cuatro d\u00edas de la conferencia incluyeron temas pr\u00e1cticos como la disciplina restauradora, la seguridad infantil, el desarrollo de programas de estudio, la pedagog\u00eda anabautista y el aprendizaje en l\u00ednea.<\/p>\n<p>\u201cEstamos muy agradecidos por la informaci\u00f3n que recibimos la cual fortalecer\u00e1 las experiencias educativas de nuestros ni\u00f1os y j\u00f3venes,\u201d dijo Elaine Moyer, directora de la Agencia Menonita de Educaci\u00f3n de la Iglesia Menonita  de Estados Unidos. \u201cEsperamos ansiosos el intercambio entre profesores y estudiantes que probablemente surgir\u00e1 de esta red de l\u00edderes.\u201d<\/p>\n<p>Florente Muaku Kinana, representante de la Iglesia de los Hermanos Menonitas del Congo dijo, \u201cEsta vez fue maravilloso. Tengo pensado compartir esta experiencia con nuestra escuela cuando vuelva a casa.\u201d<\/p>\n<p>Georgiana Giddie dijo, \u201cAlabado sea Dios por esta oportunidad \u00fanica de ser parte de esta experiencia. Regresar\u00e9 a la India para poner en pr\u00e1ctica algunas de las ense\u00f1anzas que he aprendido.\u201d<\/p>\n<p>La cumbre se realiz\u00f3 del 16 al 19 de julio de 2015 en la escuela secundaria Christopher Dock Mennonite High School, Lansdale, Pennsylvania, EE.UU. Debido al desaf\u00edo para obtener visas, varios participantes no pudieron asistir. A lo largo de la conferencia se les record\u00f3 en oraci\u00f3n y con un recordatorio visual de una mesa y sillas vac\u00edas.<\/p>\n<p>El grupo de 100 participantes ha formado una red de l\u00edderes de educaci\u00f3n anabautista que espera continuar trabajando juntos.<\/p>\n<p><em>Krista Allen es direct<\/em><em>ora de comunicaciones de la Agencia Menonita de Educaci\u00f3n<\/em><em>.<\/em><\/p>\n","protected":false},"excerpt":{"rendered":"<p>NULL<\/p>\n","protected":false},"author":1,"featured_media":87110,"comment_status":"closed","ping_status":"closed","sticky":false,"template":"","format":"standard","meta":{"_acf_changed":false,"footnotes":""},"categories":[6],"tags":[],"network":[1297],"eventcategory":[1493],"class_list":["post-8572","post","type-post","status-publish","format-standard","has-post-thumbnail","hentry","category-sin-categorizar","network-global-anabaptist-education-networks-es","eventcategory-assembly-es"],"acf":[],"yoast_head":"<!-- This site is optimized with the Yoast SEO plugin v27.5 - https:\/\/yoast.com\/product\/yoast-seo-wordpress\/ -->\n<title>Como un \u00e1rbol plantado - Mennonite World Conference<\/title>\n<meta name=\"robots\" content=\"index, follow, max-snippet:-1, max-image-preview:large, max-video-preview:-1\" \/>\n<link rel=\"canonical\" href=\"https:\/\/mwc-cmm.org\/en\/stories\/tree-planted\/\" \/>\n<meta property=\"og:locale\" content=\"es_ES\" \/>\n<meta property=\"og:type\" content=\"article\" \/>\n<meta property=\"og:title\" content=\"Como un \u00e1rbol plantado - Mennonite World Conference\" \/>\n<meta property=\"og:description\" content=\"NULL\" \/>\n<meta property=\"og:url\" content=\"https:\/\/mwc-cmm.org\/en\/stories\/tree-planted\/\" \/>\n<meta property=\"og:site_name\" content=\"Mennonite World Conference\" \/>\n<meta property=\"article:publisher\" content=\"https:\/\/www.facebook.com\/MennoniteWorldConference\" \/>\n<meta property=\"article:published_time\" content=\"2015-09-11T00:00:00+00:00\" \/>\n<meta property=\"article:modified_time\" content=\"2024-12-10T17:59:34+00:00\" \/>\n<meta property=\"og:image\" content=\"https:\/\/mwc-cmm.org\/wp-content\/uploads\/2024\/11\/mea-gec-2_-_web_edited.jpg\" \/>\n\t<meta property=\"og:image:width\" content=\"517\" \/>\n\t<meta property=\"og:image:height\" content=\"310\" \/>\n\t<meta property=\"og:image:type\" content=\"image\/jpeg\" \/>\n<meta name=\"author\" content=\"mennworldcon\" \/>\n<script type=\"application\/ld+json\" class=\"yoast-schema-graph\">{\"@context\":\"https:\\\/\\\/schema.org\",\"@graph\":[{\"@type\":\"Article\",\"@id\":\"https:\\\/\\\/mwc-cmm.org\\\/en\\\/stories\\\/tree-planted\\\/#article\",\"isPartOf\":{\"@id\":\"https:\\\/\\\/mwc-cmm.org\\\/en\\\/stories\\\/tree-planted\\\/\"},\"author\":{\"name\":\"mennworldcon\",\"@id\":\"https:\\\/\\\/mwc-cmm.org\\\/en\\\/#\\\/schema\\\/person\\\/11f6ae0d7d1868ba20a1cc27f067c836\"},\"headline\":\"Como un \u00e1rbol plantado\",\"datePublished\":\"2015-09-11T00:00:00+00:00\",\"dateModified\":\"2024-12-10T17:59:34+00:00\",\"mainEntityOfPage\":{\"@id\":\"https:\\\/\\\/mwc-cmm.org\\\/en\\\/stories\\\/tree-planted\\\/\"},\"wordCount\":602,\"publisher\":{\"@id\":\"https:\\\/\\\/mwc-cmm.org\\\/en\\\/#organization\"},\"image\":{\"@id\":\"https:\\\/\\\/mwc-cmm.org\\\/en\\\/stories\\\/tree-planted\\\/#primaryimage\"},\"thumbnailUrl\":\"https:\\\/\\\/mwc-cmm.org\\\/wp-content\\\/uploads\\\/2024\\\/11\\\/mea-gec-2_-_web_edited.jpg\",\"articleSection\":[\"Sin categorizar\"],\"inLanguage\":\"es\"},{\"@type\":\"WebPage\",\"@id\":\"https:\\\/\\\/mwc-cmm.org\\\/en\\\/stories\\\/tree-planted\\\/\",\"url\":\"https:\\\/\\\/mwc-cmm.org\\\/en\\\/stories\\\/tree-planted\\\/\",\"name\":\"Como un \u00e1rbol plantado - Mennonite World Conference\",\"isPartOf\":{\"@id\":\"https:\\\/\\\/mwc-cmm.org\\\/en\\\/#website\"},\"primaryImageOfPage\":{\"@id\":\"https:\\\/\\\/mwc-cmm.org\\\/en\\\/stories\\\/tree-planted\\\/#primaryimage\"},\"image\":{\"@id\":\"https:\\\/\\\/mwc-cmm.org\\\/en\\\/stories\\\/tree-planted\\\/#primaryimage\"},\"thumbnailUrl\":\"https:\\\/\\\/mwc-cmm.org\\\/wp-content\\\/uploads\\\/2024\\\/11\\\/mea-gec-2_-_web_edited.jpg\",\"datePublished\":\"2015-09-11T00:00:00+00:00\",\"dateModified\":\"2024-12-10T17:59:34+00:00\",\"breadcrumb\":{\"@id\":\"https:\\\/\\\/mwc-cmm.org\\\/en\\\/stories\\\/tree-planted\\\/#breadcrumb\"},\"inLanguage\":\"es\",\"potentialAction\":[{\"@type\":\"ReadAction\",\"target\":[\"https:\\\/\\\/mwc-cmm.org\\\/en\\\/stories\\\/tree-planted\\\/\"]}]},{\"@type\":\"ImageObject\",\"inLanguage\":\"es\",\"@id\":\"https:\\\/\\\/mwc-cmm.org\\\/en\\\/stories\\\/tree-planted\\\/#primaryimage\",\"url\":\"https:\\\/\\\/mwc-cmm.org\\\/wp-content\\\/uploads\\\/2024\\\/11\\\/mea-gec-2_-_web_edited.jpg\",\"contentUrl\":\"https:\\\/\\\/mwc-cmm.org\\\/wp-content\\\/uploads\\\/2024\\\/11\\\/mea-gec-2_-_web_edited.jpg\",\"width\":517,\"height\":310},{\"@type\":\"BreadcrumbList\",\"@id\":\"https:\\\/\\\/mwc-cmm.org\\\/en\\\/stories\\\/tree-planted\\\/#breadcrumb\",\"itemListElement\":[{\"@type\":\"ListItem\",\"position\":1,\"name\":\"Home\",\"item\":\"https:\\\/\\\/mwc-cmm.org\\\/es\\\/\"},{\"@type\":\"ListItem\",\"position\":2,\"name\":\"Como un \u00e1rbol plantado\"}]},{\"@type\":\"WebSite\",\"@id\":\"https:\\\/\\\/mwc-cmm.org\\\/en\\\/#website\",\"url\":\"https:\\\/\\\/mwc-cmm.org\\\/en\\\/\",\"name\":\"Mennonite World Conference\",\"description\":\"A communion of Anabaptist-related churches\",\"publisher\":{\"@id\":\"https:\\\/\\\/mwc-cmm.org\\\/en\\\/#organization\"},\"alternateName\":\"MWC\",\"potentialAction\":[{\"@type\":\"SearchAction\",\"target\":{\"@type\":\"EntryPoint\",\"urlTemplate\":\"https:\\\/\\\/mwc-cmm.org\\\/en\\\/?s={search_term_string}\"},\"query-input\":{\"@type\":\"PropertyValueSpecification\",\"valueRequired\":true,\"valueName\":\"search_term_string\"}}],\"inLanguage\":\"es\"},{\"@type\":\"Organization\",\"@id\":\"https:\\\/\\\/mwc-cmm.org\\\/en\\\/#organization\",\"name\":\"Mennonite World Conference\",\"alternateName\":\"MWC\",\"url\":\"https:\\\/\\\/mwc-cmm.org\\\/en\\\/\",\"logo\":{\"@type\":\"ImageObject\",\"inLanguage\":\"es\",\"@id\":\"https:\\\/\\\/mwc-cmm.org\\\/en\\\/#\\\/schema\\\/logo\\\/image\\\/\",\"url\":\"https:\\\/\\\/mwc-cmm.org\\\/wp-content\\\/uploads\\\/2026\\\/01\\\/MWC_Sig_Blue_Horiz_webheader1-logo.svg\",\"contentUrl\":\"https:\\\/\\\/mwc-cmm.org\\\/wp-content\\\/uploads\\\/2026\\\/01\\\/MWC_Sig_Blue_Horiz_webheader1-logo.svg\",\"width\":786,\"height\":82,\"caption\":\"Mennonite World Conference\"},\"image\":{\"@id\":\"https:\\\/\\\/mwc-cmm.org\\\/en\\\/#\\\/schema\\\/logo\\\/image\\\/\"},\"sameAs\":[\"https:\\\/\\\/www.facebook.com\\\/MennoniteWorldConference\",\"https:\\\/\\\/www.linkedin.com\\\/company\\\/mennonite-world-conference-mwc\\\/\",\"https:\\\/\\\/www.instagram.com\\\/mwcmm\\\/\",\"https:\\\/\\\/www.youtube.com\\\/user\\\/mwccmm\",\"https:\\\/\\\/bsky.app\\\/profile\\\/mwcmm.bsky.social\"]},{\"@type\":\"Person\",\"@id\":\"https:\\\/\\\/mwc-cmm.org\\\/en\\\/#\\\/schema\\\/person\\\/11f6ae0d7d1868ba20a1cc27f067c836\",\"name\":\"mennworldcon\",\"image\":{\"@type\":\"ImageObject\",\"inLanguage\":\"es\",\"@id\":\"https:\\\/\\\/secure.gravatar.com\\\/avatar\\\/06fdc0dc81c157dfdb82ec42f252178a22307808988d22c043f9eb96f1e0fe80?s=96&d=mm&r=g\",\"url\":\"https:\\\/\\\/secure.gravatar.com\\\/avatar\\\/06fdc0dc81c157dfdb82ec42f252178a22307808988d22c043f9eb96f1e0fe80?s=96&d=mm&r=g\",\"contentUrl\":\"https:\\\/\\\/secure.gravatar.com\\\/avatar\\\/06fdc0dc81c157dfdb82ec42f252178a22307808988d22c043f9eb96f1e0fe80?s=96&d=mm&r=g\",\"caption\":\"mennworldcon\"},\"sameAs\":[\"https:\\\/\\\/mwc-cmm.org\"],\"url\":\"https:\\\/\\\/mwc-cmm.org\\\/es\\\/stories\\\/author\\\/mennworldcon\\\/\"}]}<\/script>\n<!-- \/ Yoast SEO plugin. -->","yoast_head_json":{"title":"Como un \u00e1rbol plantado - Mennonite World Conference","robots":{"index":"index","follow":"follow","max-snippet":"max-snippet:-1","max-image-preview":"max-image-preview:large","max-video-preview":"max-video-preview:-1"},"canonical":"https:\/\/mwc-cmm.org\/en\/stories\/tree-planted\/","og_locale":"es_ES","og_type":"article","og_title":"Como un \u00e1rbol plantado - Mennonite World Conference","og_description":"NULL","og_url":"https:\/\/mwc-cmm.org\/en\/stories\/tree-planted\/","og_site_name":"Mennonite World Conference","article_publisher":"https:\/\/www.facebook.com\/MennoniteWorldConference","article_published_time":"2015-09-11T00:00:00+00:00","article_modified_time":"2024-12-10T17:59:34+00:00","og_image":[{"width":517,"height":310,"url":"https:\/\/mwc-cmm.org\/wp-content\/uploads\/2024\/11\/mea-gec-2_-_web_edited.jpg","type":"image\/jpeg"}],"author":"mennworldcon","schema":{"@context":"https:\/\/schema.org","@graph":[{"@type":"Article","@id":"https:\/\/mwc-cmm.org\/en\/stories\/tree-planted\/#article","isPartOf":{"@id":"https:\/\/mwc-cmm.org\/en\/stories\/tree-planted\/"},"author":{"name":"mennworldcon","@id":"https:\/\/mwc-cmm.org\/en\/#\/schema\/person\/11f6ae0d7d1868ba20a1cc27f067c836"},"headline":"Como un \u00e1rbol plantado","datePublished":"2015-09-11T00:00:00+00:00","dateModified":"2024-12-10T17:59:34+00:00","mainEntityOfPage":{"@id":"https:\/\/mwc-cmm.org\/en\/stories\/tree-planted\/"},"wordCount":602,"publisher":{"@id":"https:\/\/mwc-cmm.org\/en\/#organization"},"image":{"@id":"https:\/\/mwc-cmm.org\/en\/stories\/tree-planted\/#primaryimage"},"thumbnailUrl":"https:\/\/mwc-cmm.org\/wp-content\/uploads\/2024\/11\/mea-gec-2_-_web_edited.jpg","articleSection":["Sin categorizar"],"inLanguage":"es"},{"@type":"WebPage","@id":"https:\/\/mwc-cmm.org\/en\/stories\/tree-planted\/","url":"https:\/\/mwc-cmm.org\/en\/stories\/tree-planted\/","name":"Como un \u00e1rbol plantado - Mennonite World Conference","isPartOf":{"@id":"https:\/\/mwc-cmm.org\/en\/#website"},"primaryImageOfPage":{"@id":"https:\/\/mwc-cmm.org\/en\/stories\/tree-planted\/#primaryimage"},"image":{"@id":"https:\/\/mwc-cmm.org\/en\/stories\/tree-planted\/#primaryimage"},"thumbnailUrl":"https:\/\/mwc-cmm.org\/wp-content\/uploads\/2024\/11\/mea-gec-2_-_web_edited.jpg","datePublished":"2015-09-11T00:00:00+00:00","dateModified":"2024-12-10T17:59:34+00:00","breadcrumb":{"@id":"https:\/\/mwc-cmm.org\/en\/stories\/tree-planted\/#breadcrumb"},"inLanguage":"es","potentialAction":[{"@type":"ReadAction","target":["https:\/\/mwc-cmm.org\/en\/stories\/tree-planted\/"]}]},{"@type":"ImageObject","inLanguage":"es","@id":"https:\/\/mwc-cmm.org\/en\/stories\/tree-planted\/#primaryimage","url":"https:\/\/mwc-cmm.org\/wp-content\/uploads\/2024\/11\/mea-gec-2_-_web_edited.jpg","contentUrl":"https:\/\/mwc-cmm.org\/wp-content\/uploads\/2024\/11\/mea-gec-2_-_web_edited.jpg","width":517,"height":310},{"@type":"BreadcrumbList","@id":"https:\/\/mwc-cmm.org\/en\/stories\/tree-planted\/#breadcrumb","itemListElement":[{"@type":"ListItem","position":1,"name":"Home","item":"https:\/\/mwc-cmm.org\/es\/"},{"@type":"ListItem","position":2,"name":"Como un \u00e1rbol plantado"}]},{"@type":"WebSite","@id":"https:\/\/mwc-cmm.org\/en\/#website","url":"https:\/\/mwc-cmm.org\/en\/","name":"Mennonite World Conference","description":"A communion of Anabaptist-related churches","publisher":{"@id":"https:\/\/mwc-cmm.org\/en\/#organization"},"alternateName":"MWC","potentialAction":[{"@type":"SearchAction","target":{"@type":"EntryPoint","urlTemplate":"https:\/\/mwc-cmm.org\/en\/?s={search_term_string}"},"query-input":{"@type":"PropertyValueSpecification","valueRequired":true,"valueName":"search_term_string"}}],"inLanguage":"es"},{"@type":"Organization","@id":"https:\/\/mwc-cmm.org\/en\/#organization","name":"Mennonite World Conference","alternateName":"MWC","url":"https:\/\/mwc-cmm.org\/en\/","logo":{"@type":"ImageObject","inLanguage":"es","@id":"https:\/\/mwc-cmm.org\/en\/#\/schema\/logo\/image\/","url":"https:\/\/mwc-cmm.org\/wp-content\/uploads\/2026\/01\/MWC_Sig_Blue_Horiz_webheader1-logo.svg","contentUrl":"https:\/\/mwc-cmm.org\/wp-content\/uploads\/2026\/01\/MWC_Sig_Blue_Horiz_webheader1-logo.svg","width":786,"height":82,"caption":"Mennonite World Conference"},"image":{"@id":"https:\/\/mwc-cmm.org\/en\/#\/schema\/logo\/image\/"},"sameAs":["https:\/\/www.facebook.com\/MennoniteWorldConference","https:\/\/www.linkedin.com\/company\/mennonite-world-conference-mwc\/","https:\/\/www.instagram.com\/mwcmm\/","https:\/\/www.youtube.com\/user\/mwccmm","https:\/\/bsky.app\/profile\/mwcmm.bsky.social"]},{"@type":"Person","@id":"https:\/\/mwc-cmm.org\/en\/#\/schema\/person\/11f6ae0d7d1868ba20a1cc27f067c836","name":"mennworldcon","image":{"@type":"ImageObject","inLanguage":"es","@id":"https:\/\/secure.gravatar.com\/avatar\/06fdc0dc81c157dfdb82ec42f252178a22307808988d22c043f9eb96f1e0fe80?s=96&d=mm&r=g","url":"https:\/\/secure.gravatar.com\/avatar\/06fdc0dc81c157dfdb82ec42f252178a22307808988d22c043f9eb96f1e0fe80?s=96&d=mm&r=g","contentUrl":"https:\/\/secure.gravatar.com\/avatar\/06fdc0dc81c157dfdb82ec42f252178a22307808988d22c043f9eb96f1e0fe80?s=96&d=mm&r=g","caption":"mennworldcon"},"sameAs":["https:\/\/mwc-cmm.org"],"url":"https:\/\/mwc-cmm.org\/es\/stories\/author\/mennworldcon\/"}]}},"_links":{"self":[{"href":"https:\/\/mwc-cmm.org\/es\/wp-json\/wp\/v2\/posts\/8572","targetHints":{"allow":["GET"]}}],"collection":[{"href":"https:\/\/mwc-cmm.org\/es\/wp-json\/wp\/v2\/posts"}],"about":[{"href":"https:\/\/mwc-cmm.org\/es\/wp-json\/wp\/v2\/types\/post"}],"author":[{"embeddable":true,"href":"https:\/\/mwc-cmm.org\/es\/wp-json\/wp\/v2\/users\/1"}],"replies":[{"embeddable":true,"href":"https:\/\/mwc-cmm.org\/es\/wp-json\/wp\/v2\/comments?post=8572"}],"version-history":[{"count":0,"href":"https:\/\/mwc-cmm.org\/es\/wp-json\/wp\/v2\/posts\/8572\/revisions"}],"wp:featuredmedia":[{"embeddable":true,"href":"https:\/\/mwc-cmm.org\/es\/wp-json\/wp\/v2\/media\/87110"}],"wp:attachment":[{"href":"https:\/\/mwc-cmm.org\/es\/wp-json\/wp\/v2\/media?parent=8572"}],"wp:term":[{"taxonomy":"category","embeddable":true,"href":"https:\/\/mwc-cmm.org\/es\/wp-json\/wp\/v2\/categories?post=8572"},{"taxonomy":"post_tag","embeddable":true,"href":"https:\/\/mwc-cmm.org\/es\/wp-json\/wp\/v2\/tags?post=8572"},{"taxonomy":"network","embeddable":true,"href":"https:\/\/mwc-cmm.org\/es\/wp-json\/wp\/v2\/network?post=8572"},{"taxonomy":"eventcategory","embeddable":true,"href":"https:\/\/mwc-cmm.org\/es\/wp-json\/wp\/v2\/eventcategory?post=8572"}],"curies":[{"name":"wp","href":"https:\/\/api.w.org\/{rel}","templated":true}]}}