{"id":8566,"date":"2015-08-18T00:00:00","date_gmt":"2015-08-18T00:00:00","guid":{"rendered":"https:\/\/mwc-cmm.org\/general-council-fosters-interdependence-in-global-communion-3\/"},"modified":"2024-12-10T17:59:32","modified_gmt":"2024-12-10T17:59:32","slug":"general-council-fosters-interdependence-in-global-communion-3","status":"publish","type":"post","link":"https:\/\/mwc-cmm.org\/es\/stories\/general-council-fosters-interdependence-in-global-communion-3\/","title":{"rendered":"Concilio General fomenta interdependencia en la comuni\u00f3n mundial"},"content":{"rendered":"<p>Harrisburg, Pennsylvania \u2013 Durante cuatro d\u00edas de reuniones justo antes de la Asamblea del Congreso Mundial Menonita, el Concilio General adopt\u00f3 nuevas medidas tendientes a lograr la interdependencia en la comuni\u00f3n mundial.<\/p>\n<p>\u201cEn mi ministerio, cuando se establec\u00eda una nueva iglesia en Bogot\u00e1\u201d, comentaba C\u00e9sar Garc\u00eda, secretario general del CMM, \u201cso\u00f1aba que un d\u00eda mi congregaci\u00f3n local madurar\u00eda como para  autofinanciarse, ser aut\u00f3noma y fundar otras congregaciones\u2026. Despu\u00e9s descubr\u00ed que, adem\u00e1s, una iglesia alcanzaba la madurez cuando tambi\u00e9n era capaz de elaborar su propia teolog\u00eda\u201d.<\/p>\n<p>\u201cNo obstante\u201d, a\u00f1adi\u00f3, \u201cme llev\u00f3 a\u00f1os aprender algo tan obvio en el proceso de desarrollo de los organismos vivos. La verdadera madurez no se logra cuando uno es independiente en todos los \u00e1mbitos de la vida, sino cuando es capaz de dar y recibir, compartir lo que uno tiene, y valorar lo que los dem\u00e1s puedan aportar; es decir, cuando una persona es interdependiente.\u201d<\/p>\n<p>La reuni\u00f3n del Concilio General congreg\u00f3 a 120 representantes de iglesias miembro del CMM de todo el mundo. Durante la mitad del tiempo compartieron historias y reflexionaron sobre temas relacionados con la unidad y diversidad.<\/p>\n<p>Alfred Neufeld, de Paraguay, analiz\u00f3 las ense\u00f1anzas de cuatro \u00e1reas hist\u00f3ricas de conflicto: la iglesia \u00e9tnica frente a la misionera; el militarismo; la generaci\u00f3n emergente frente a la \u201csaliente\u201d; y el avivamiento del pietismo frente al liberalismo iluminado.<\/p>\n<p>Fernando Enns, de Alemania, reflexion\u00f3 sobre la diferencia entre la unidad \u201cbarata\u201d y la \u201ccostosa\u201d. \u201cNo somos nosotros quienes creamos la unidad\u201d, afirm\u00f3, \u201csino que la unidad se crea al participar en el v\u00ednculo de amor de Dios\u201d. A\u00f1adi\u00f3 que el desaf\u00edo consiste en definir los l\u00edmites de la diversidad, se\u00f1alando que el \u00fanico fundamento para las divisiones es cuando se cuestiona el se\u00f1or\u00edo de Cristo. Respecto a las dem\u00e1s cuestiones, inst\u00f3 a tolerar las diferencias.<\/p>\n<p>Martin Junge, secretario general de la Federaci\u00f3n Luterana Mundial, destac\u00f3 que la iglesia siempre es local y mundial. Manifest\u00f3 que centrarse s\u00f3lo en el aspecto local (contextualidad) sin lo mundial (catolicidad) lleva al provincialismo. Y centrarse en el aspecto mundial sin lo local lleva al imperialismo.<\/p>\n<p>Los miembros del Concilio General compartieron historias de Ucrania, Zimbabwe, Panam\u00e1, Angola, Venezuela, India, Corea del Sur y otros pa\u00edses. Un tema com\u00fan fue el de gratitud por las oraciones y expresiones de solidaridad de otras iglesias miembro del CMM.<\/p>\n<p>En las sesiones de asuntos generales, el Concilio General procur\u00f3 fortalecer la estructura organizativa que posibilite los v\u00ednculos mundiales.<\/p>\n<p>Seg\u00fan Garc\u00eda, el CMM quisiera \u201cdesarrollar una estructura mundial que, como el esqueleto de un  organismo vivo, facilite el crecimiento y desarrollo de este organismo interdependiente que llamamos CMM, sin abrumarlo con una excesiva institucionalizaci\u00f3n\u2026 La estructura que el CMM ha estado desarrollando procura evitar la tentaci\u00f3n de ser r\u00edgida, y exactamente igual en cada contexto local. Procuramos ser sensibles a la realidad de nuestras congregaciones en cada regi\u00f3n, adapt\u00e1ndonos conforme a las diferentes realidades que enfrenta nuestra comunidad.\u201d<\/p>\n<p>Cada una de las cuatro comisiones del CMM \u2013Fe y Vida, Misiones, Paz, Di\u00e1conos\u2013 en vigor s\u00f3lo durante los \u00faltimos seis a\u00f1os, inform\u00f3 sobre su visi\u00f3n y labor, que incluy\u00f3 una gran diversidad de iniciativas con fondos limitados disponibles.<\/p>\n<p>El Concilio General tambi\u00e9n tom\u00f3 nota de que mejoraron los v\u00ednculos con y entre las iglesias miembro a trav\u00e9s de la labor de los representantes regionales en cada continente. Seg\u00fan lo permitan los fondos, se prev\u00e9 la designaci\u00f3n de m\u00e1s representantes regionales en \u00c1frica y Am\u00e9rica Latina.<\/p>\n<p>Para financiar la obra del CMM, se solicita a cada iglesia miembro un aporte \u201cproporcional justo\u201d basado en la \u201cparidad del poder adquisitivo\u201d de cada pa\u00eds. Todos los aportes de individuos y congregaciones de las iglesias miembro del CMM se contabilizan para calcular dicho aporte.<\/p>\n<p>Finalmente, el Concilio General expres\u00f3 su agradecimiento a Danisa Ndlovu de Zimbabwe, que en esta Asamblea completa su mandato de seis a\u00f1os como presidente del CMM. El presidente entrante, Nelson Kraybill de Estados Unidos, inici\u00f3 su mandato inmediatamente despu\u00e9s de la Asamblea. En sus deliberaciones, el Concilio General tambi\u00e9n eligi\u00f3 a Rebecca Osiro de Kenia, como vicepresidenta del CMM, para suceder a Janet Plenert de Canad\u00e1.<\/p>\n<p>Comunicado de prensa del CMM por Ron Rempel<\/p>\n","protected":false},"excerpt":{"rendered":"<p>NULL<\/p>\n","protected":false},"author":1,"featured_media":87026,"comment_status":"closed","ping_status":"closed","sticky":false,"template":"","format":"standard","meta":{"_acf_changed":false,"footnotes":""},"categories":[6],"tags":[747],"network":[],"eventcategory":[],"class_list":["post-8566","post","type-post","status-publish","format-standard","has-post-thumbnail","hentry","category-sin-categorizar","tag-concilio-general"],"acf":[],"yoast_head":"<!-- This site is optimized with the Yoast SEO plugin v27.2 - https:\/\/yoast.com\/product\/yoast-seo-wordpress\/ -->\n<title>Concilio General fomenta interdependencia en la comuni\u00f3n mundial - Mennonite World Conference<\/title>\n<meta name=\"robots\" content=\"index, follow, max-snippet:-1, max-image-preview:large, max-video-preview:-1\" \/>\n<link rel=\"canonical\" href=\"https:\/\/mwc-cmm.org\/en\/stories\/general-council-fosters-interdependence-global-communion\/\" \/>\n<meta property=\"og:locale\" content=\"es_ES\" \/>\n<meta property=\"og:type\" content=\"article\" \/>\n<meta property=\"og:title\" content=\"Concilio General fomenta interdependencia en la comuni\u00f3n mundial - Mennonite World Conference\" \/>\n<meta property=\"og:description\" content=\"NULL\" \/>\n<meta property=\"og:url\" content=\"https:\/\/mwc-cmm.org\/en\/stories\/general-council-fosters-interdependence-global-communion\/\" \/>\n<meta property=\"og:site_name\" content=\"Mennonite World Conference\" \/>\n<meta property=\"article:publisher\" content=\"https:\/\/www.facebook.com\/MennoniteWorldConference\" \/>\n<meta property=\"article:published_time\" content=\"2015-08-18T00:00:00+00:00\" \/>\n<meta property=\"article:modified_time\" content=\"2024-12-10T17:59:32+00:00\" \/>\n<meta property=\"og:image\" content=\"https:\/\/mwc-cmm.org\/wp-content\/uploads\/2024\/11\/mwc_executive_committee_2015-web_edit.jpg\" \/>\n\t<meta property=\"og:image:width\" content=\"800\" \/>\n\t<meta property=\"og:image:height\" content=\"536\" \/>\n\t<meta property=\"og:image:type\" content=\"image\/jpeg\" \/>\n<meta name=\"author\" content=\"mennworldcon\" \/>\n<script type=\"application\/ld+json\" class=\"yoast-schema-graph\">{\"@context\":\"https:\/\/schema.org\",\"@graph\":[{\"@type\":\"Article\",\"@id\":\"https:\/\/mwc-cmm.org\/en\/stories\/general-council-fosters-interdependence-global-communion\/#article\",\"isPartOf\":{\"@id\":\"https:\/\/mwc-cmm.org\/en\/stories\/general-council-fosters-interdependence-global-communion\/\"},\"author\":{\"name\":\"mennworldcon\",\"@id\":\"https:\/\/mwc-cmm.org\/en\/#\/schema\/person\/11f6ae0d7d1868ba20a1cc27f067c836\"},\"headline\":\"Concilio General fomenta interdependencia en la comuni\u00f3n mundial\",\"datePublished\":\"2015-08-18T00:00:00+00:00\",\"dateModified\":\"2024-12-10T17:59:32+00:00\",\"mainEntityOfPage\":{\"@id\":\"https:\/\/mwc-cmm.org\/en\/stories\/general-council-fosters-interdependence-global-communion\/\"},\"wordCount\":750,\"publisher\":{\"@id\":\"https:\/\/mwc-cmm.org\/en\/#organization\"},\"image\":{\"@id\":\"https:\/\/mwc-cmm.org\/en\/stories\/general-council-fosters-interdependence-global-communion\/#primaryimage\"},\"thumbnailUrl\":\"https:\/\/mwc-cmm.org\/wp-content\/uploads\/2024\/11\/mwc_executive_committee_2015-web_edit.jpg\",\"keywords\":[\"Concilio General\"],\"articleSection\":[\"Sin categorizar\"],\"inLanguage\":\"es\"},{\"@type\":\"WebPage\",\"@id\":\"https:\/\/mwc-cmm.org\/en\/stories\/general-council-fosters-interdependence-global-communion\/\",\"url\":\"https:\/\/mwc-cmm.org\/en\/stories\/general-council-fosters-interdependence-global-communion\/\",\"name\":\"Concilio General fomenta interdependencia en la comuni\u00f3n mundial - Mennonite World Conference\",\"isPartOf\":{\"@id\":\"https:\/\/mwc-cmm.org\/en\/#website\"},\"primaryImageOfPage\":{\"@id\":\"https:\/\/mwc-cmm.org\/en\/stories\/general-council-fosters-interdependence-global-communion\/#primaryimage\"},\"image\":{\"@id\":\"https:\/\/mwc-cmm.org\/en\/stories\/general-council-fosters-interdependence-global-communion\/#primaryimage\"},\"thumbnailUrl\":\"https:\/\/mwc-cmm.org\/wp-content\/uploads\/2024\/11\/mwc_executive_committee_2015-web_edit.jpg\",\"datePublished\":\"2015-08-18T00:00:00+00:00\",\"dateModified\":\"2024-12-10T17:59:32+00:00\",\"breadcrumb\":{\"@id\":\"https:\/\/mwc-cmm.org\/en\/stories\/general-council-fosters-interdependence-global-communion\/#breadcrumb\"},\"inLanguage\":\"es\",\"potentialAction\":[{\"@type\":\"ReadAction\",\"target\":[\"https:\/\/mwc-cmm.org\/en\/stories\/general-council-fosters-interdependence-global-communion\/\"]}]},{\"@type\":\"ImageObject\",\"inLanguage\":\"es\",\"@id\":\"https:\/\/mwc-cmm.org\/en\/stories\/general-council-fosters-interdependence-global-communion\/#primaryimage\",\"url\":\"https:\/\/mwc-cmm.org\/wp-content\/uploads\/2024\/11\/mwc_executive_committee_2015-web_edit.jpg\",\"contentUrl\":\"https:\/\/mwc-cmm.org\/wp-content\/uploads\/2024\/11\/mwc_executive_committee_2015-web_edit.jpg\",\"width\":800,\"height\":536},{\"@type\":\"BreadcrumbList\",\"@id\":\"https:\/\/mwc-cmm.org\/en\/stories\/general-council-fosters-interdependence-global-communion\/#breadcrumb\",\"itemListElement\":[{\"@type\":\"ListItem\",\"position\":1,\"name\":\"Home\",\"item\":\"https:\/\/mwc-cmm.org\/es\/\"},{\"@type\":\"ListItem\",\"position\":2,\"name\":\"Concilio General fomenta interdependencia en la comuni\u00f3n mundial\"}]},{\"@type\":\"WebSite\",\"@id\":\"https:\/\/mwc-cmm.org\/en\/#website\",\"url\":\"https:\/\/mwc-cmm.org\/en\/\",\"name\":\"Mennonite World Conference\",\"description\":\"A communion of Anabaptist-related churches\",\"publisher\":{\"@id\":\"https:\/\/mwc-cmm.org\/en\/#organization\"},\"alternateName\":\"MWC\",\"potentialAction\":[{\"@type\":\"SearchAction\",\"target\":{\"@type\":\"EntryPoint\",\"urlTemplate\":\"https:\/\/mwc-cmm.org\/en\/?s={search_term_string}\"},\"query-input\":{\"@type\":\"PropertyValueSpecification\",\"valueRequired\":true,\"valueName\":\"search_term_string\"}}],\"inLanguage\":\"es\"},{\"@type\":\"Organization\",\"@id\":\"https:\/\/mwc-cmm.org\/en\/#organization\",\"name\":\"Mennonite World Conference\",\"alternateName\":\"MWC\",\"url\":\"https:\/\/mwc-cmm.org\/en\/\",\"logo\":{\"@type\":\"ImageObject\",\"inLanguage\":\"es\",\"@id\":\"https:\/\/mwc-cmm.org\/en\/#\/schema\/logo\/image\/\",\"url\":\"https:\/\/mwc-cmm.org\/wp-content\/uploads\/2026\/01\/MWC_Sig_Blue_Horiz_webheader1-logo.svg\",\"contentUrl\":\"https:\/\/mwc-cmm.org\/wp-content\/uploads\/2026\/01\/MWC_Sig_Blue_Horiz_webheader1-logo.svg\",\"width\":786,\"height\":82,\"caption\":\"Mennonite World Conference\"},\"image\":{\"@id\":\"https:\/\/mwc-cmm.org\/en\/#\/schema\/logo\/image\/\"},\"sameAs\":[\"https:\/\/www.facebook.com\/MennoniteWorldConference\",\"https:\/\/www.linkedin.com\/company\/mennonite-world-conference-mwc\/\",\"https:\/\/www.instagram.com\/mwcmm\/\",\"https:\/\/www.youtube.com\/user\/mwccmm\",\"https:\/\/bsky.app\/profile\/mwcmm.bsky.social\"]},{\"@type\":\"Person\",\"@id\":\"https:\/\/mwc-cmm.org\/en\/#\/schema\/person\/11f6ae0d7d1868ba20a1cc27f067c836\",\"name\":\"mennworldcon\",\"image\":{\"@type\":\"ImageObject\",\"inLanguage\":\"es\",\"@id\":\"https:\/\/secure.gravatar.com\/avatar\/06fdc0dc81c157dfdb82ec42f252178a22307808988d22c043f9eb96f1e0fe80?s=96&d=mm&r=g\",\"url\":\"https:\/\/secure.gravatar.com\/avatar\/06fdc0dc81c157dfdb82ec42f252178a22307808988d22c043f9eb96f1e0fe80?s=96&d=mm&r=g\",\"contentUrl\":\"https:\/\/secure.gravatar.com\/avatar\/06fdc0dc81c157dfdb82ec42f252178a22307808988d22c043f9eb96f1e0fe80?s=96&d=mm&r=g\",\"caption\":\"mennworldcon\"},\"sameAs\":[\"https:\/\/mwc-cmm.org\"],\"url\":\"https:\/\/mwc-cmm.org\/es\/stories\/author\/mennworldcon\/\"}]}<\/script>\n<!-- \/ Yoast SEO plugin. -->","yoast_head_json":{"title":"Concilio General fomenta interdependencia en la comuni\u00f3n mundial - Mennonite World Conference","robots":{"index":"index","follow":"follow","max-snippet":"max-snippet:-1","max-image-preview":"max-image-preview:large","max-video-preview":"max-video-preview:-1"},"canonical":"https:\/\/mwc-cmm.org\/en\/stories\/general-council-fosters-interdependence-global-communion\/","og_locale":"es_ES","og_type":"article","og_title":"Concilio General fomenta interdependencia en la comuni\u00f3n mundial - Mennonite World Conference","og_description":"NULL","og_url":"https:\/\/mwc-cmm.org\/en\/stories\/general-council-fosters-interdependence-global-communion\/","og_site_name":"Mennonite World Conference","article_publisher":"https:\/\/www.facebook.com\/MennoniteWorldConference","article_published_time":"2015-08-18T00:00:00+00:00","article_modified_time":"2024-12-10T17:59:32+00:00","og_image":[{"width":800,"height":536,"url":"https:\/\/mwc-cmm.org\/wp-content\/uploads\/2024\/11\/mwc_executive_committee_2015-web_edit.jpg","type":"image\/jpeg"}],"author":"mennworldcon","schema":{"@context":"https:\/\/schema.org","@graph":[{"@type":"Article","@id":"https:\/\/mwc-cmm.org\/en\/stories\/general-council-fosters-interdependence-global-communion\/#article","isPartOf":{"@id":"https:\/\/mwc-cmm.org\/en\/stories\/general-council-fosters-interdependence-global-communion\/"},"author":{"name":"mennworldcon","@id":"https:\/\/mwc-cmm.org\/en\/#\/schema\/person\/11f6ae0d7d1868ba20a1cc27f067c836"},"headline":"Concilio General fomenta interdependencia en la comuni\u00f3n mundial","datePublished":"2015-08-18T00:00:00+00:00","dateModified":"2024-12-10T17:59:32+00:00","mainEntityOfPage":{"@id":"https:\/\/mwc-cmm.org\/en\/stories\/general-council-fosters-interdependence-global-communion\/"},"wordCount":750,"publisher":{"@id":"https:\/\/mwc-cmm.org\/en\/#organization"},"image":{"@id":"https:\/\/mwc-cmm.org\/en\/stories\/general-council-fosters-interdependence-global-communion\/#primaryimage"},"thumbnailUrl":"https:\/\/mwc-cmm.org\/wp-content\/uploads\/2024\/11\/mwc_executive_committee_2015-web_edit.jpg","keywords":["Concilio General"],"articleSection":["Sin categorizar"],"inLanguage":"es"},{"@type":"WebPage","@id":"https:\/\/mwc-cmm.org\/en\/stories\/general-council-fosters-interdependence-global-communion\/","url":"https:\/\/mwc-cmm.org\/en\/stories\/general-council-fosters-interdependence-global-communion\/","name":"Concilio General fomenta interdependencia en la comuni\u00f3n mundial - Mennonite World Conference","isPartOf":{"@id":"https:\/\/mwc-cmm.org\/en\/#website"},"primaryImageOfPage":{"@id":"https:\/\/mwc-cmm.org\/en\/stories\/general-council-fosters-interdependence-global-communion\/#primaryimage"},"image":{"@id":"https:\/\/mwc-cmm.org\/en\/stories\/general-council-fosters-interdependence-global-communion\/#primaryimage"},"thumbnailUrl":"https:\/\/mwc-cmm.org\/wp-content\/uploads\/2024\/11\/mwc_executive_committee_2015-web_edit.jpg","datePublished":"2015-08-18T00:00:00+00:00","dateModified":"2024-12-10T17:59:32+00:00","breadcrumb":{"@id":"https:\/\/mwc-cmm.org\/en\/stories\/general-council-fosters-interdependence-global-communion\/#breadcrumb"},"inLanguage":"es","potentialAction":[{"@type":"ReadAction","target":["https:\/\/mwc-cmm.org\/en\/stories\/general-council-fosters-interdependence-global-communion\/"]}]},{"@type":"ImageObject","inLanguage":"es","@id":"https:\/\/mwc-cmm.org\/en\/stories\/general-council-fosters-interdependence-global-communion\/#primaryimage","url":"https:\/\/mwc-cmm.org\/wp-content\/uploads\/2024\/11\/mwc_executive_committee_2015-web_edit.jpg","contentUrl":"https:\/\/mwc-cmm.org\/wp-content\/uploads\/2024\/11\/mwc_executive_committee_2015-web_edit.jpg","width":800,"height":536},{"@type":"BreadcrumbList","@id":"https:\/\/mwc-cmm.org\/en\/stories\/general-council-fosters-interdependence-global-communion\/#breadcrumb","itemListElement":[{"@type":"ListItem","position":1,"name":"Home","item":"https:\/\/mwc-cmm.org\/es\/"},{"@type":"ListItem","position":2,"name":"Concilio General fomenta interdependencia en la comuni\u00f3n mundial"}]},{"@type":"WebSite","@id":"https:\/\/mwc-cmm.org\/en\/#website","url":"https:\/\/mwc-cmm.org\/en\/","name":"Mennonite World Conference","description":"A communion of Anabaptist-related churches","publisher":{"@id":"https:\/\/mwc-cmm.org\/en\/#organization"},"alternateName":"MWC","potentialAction":[{"@type":"SearchAction","target":{"@type":"EntryPoint","urlTemplate":"https:\/\/mwc-cmm.org\/en\/?s={search_term_string}"},"query-input":{"@type":"PropertyValueSpecification","valueRequired":true,"valueName":"search_term_string"}}],"inLanguage":"es"},{"@type":"Organization","@id":"https:\/\/mwc-cmm.org\/en\/#organization","name":"Mennonite World Conference","alternateName":"MWC","url":"https:\/\/mwc-cmm.org\/en\/","logo":{"@type":"ImageObject","inLanguage":"es","@id":"https:\/\/mwc-cmm.org\/en\/#\/schema\/logo\/image\/","url":"https:\/\/mwc-cmm.org\/wp-content\/uploads\/2026\/01\/MWC_Sig_Blue_Horiz_webheader1-logo.svg","contentUrl":"https:\/\/mwc-cmm.org\/wp-content\/uploads\/2026\/01\/MWC_Sig_Blue_Horiz_webheader1-logo.svg","width":786,"height":82,"caption":"Mennonite World Conference"},"image":{"@id":"https:\/\/mwc-cmm.org\/en\/#\/schema\/logo\/image\/"},"sameAs":["https:\/\/www.facebook.com\/MennoniteWorldConference","https:\/\/www.linkedin.com\/company\/mennonite-world-conference-mwc\/","https:\/\/www.instagram.com\/mwcmm\/","https:\/\/www.youtube.com\/user\/mwccmm","https:\/\/bsky.app\/profile\/mwcmm.bsky.social"]},{"@type":"Person","@id":"https:\/\/mwc-cmm.org\/en\/#\/schema\/person\/11f6ae0d7d1868ba20a1cc27f067c836","name":"mennworldcon","image":{"@type":"ImageObject","inLanguage":"es","@id":"https:\/\/secure.gravatar.com\/avatar\/06fdc0dc81c157dfdb82ec42f252178a22307808988d22c043f9eb96f1e0fe80?s=96&d=mm&r=g","url":"https:\/\/secure.gravatar.com\/avatar\/06fdc0dc81c157dfdb82ec42f252178a22307808988d22c043f9eb96f1e0fe80?s=96&d=mm&r=g","contentUrl":"https:\/\/secure.gravatar.com\/avatar\/06fdc0dc81c157dfdb82ec42f252178a22307808988d22c043f9eb96f1e0fe80?s=96&d=mm&r=g","caption":"mennworldcon"},"sameAs":["https:\/\/mwc-cmm.org"],"url":"https:\/\/mwc-cmm.org\/es\/stories\/author\/mennworldcon\/"}]}},"_links":{"self":[{"href":"https:\/\/mwc-cmm.org\/es\/wp-json\/wp\/v2\/posts\/8566","targetHints":{"allow":["GET"]}}],"collection":[{"href":"https:\/\/mwc-cmm.org\/es\/wp-json\/wp\/v2\/posts"}],"about":[{"href":"https:\/\/mwc-cmm.org\/es\/wp-json\/wp\/v2\/types\/post"}],"author":[{"embeddable":true,"href":"https:\/\/mwc-cmm.org\/es\/wp-json\/wp\/v2\/users\/1"}],"replies":[{"embeddable":true,"href":"https:\/\/mwc-cmm.org\/es\/wp-json\/wp\/v2\/comments?post=8566"}],"version-history":[{"count":0,"href":"https:\/\/mwc-cmm.org\/es\/wp-json\/wp\/v2\/posts\/8566\/revisions"}],"wp:featuredmedia":[{"embeddable":true,"href":"https:\/\/mwc-cmm.org\/es\/wp-json\/wp\/v2\/media\/87026"}],"wp:attachment":[{"href":"https:\/\/mwc-cmm.org\/es\/wp-json\/wp\/v2\/media?parent=8566"}],"wp:term":[{"taxonomy":"category","embeddable":true,"href":"https:\/\/mwc-cmm.org\/es\/wp-json\/wp\/v2\/categories?post=8566"},{"taxonomy":"post_tag","embeddable":true,"href":"https:\/\/mwc-cmm.org\/es\/wp-json\/wp\/v2\/tags?post=8566"},{"taxonomy":"network","embeddable":true,"href":"https:\/\/mwc-cmm.org\/es\/wp-json\/wp\/v2\/network?post=8566"},{"taxonomy":"eventcategory","embeddable":true,"href":"https:\/\/mwc-cmm.org\/es\/wp-json\/wp\/v2\/eventcategory?post=8566"}],"curies":[{"name":"wp","href":"https:\/\/api.w.org\/{rel}","templated":true}]}}