{"id":8563,"date":"2015-08-15T00:00:00","date_gmt":"2015-08-15T00:00:00","guid":{"rendered":"https:\/\/mwc-cmm.org\/changes-in-mwc-communication-team-3\/"},"modified":"2024-12-10T17:59:31","modified_gmt":"2024-12-10T17:59:31","slug":"changes-in-mwc-communication-team-3","status":"publish","type":"post","link":"https:\/\/mwc-cmm.org\/es\/stories\/changes-in-mwc-communication-team-3\/","title":{"rendered":"Cambios en el equipo de comunicaci\u00f3n del CMM"},"content":{"rendered":"<p>Bogot\u00e1, Colombia \u2013 El equipo de comunicaci\u00f3n del Congreso Mundial Menonita est\u00e1 cambiando con motivo de los nuevos nombramientos y transiciones en tres cargos.<\/p>\n<p>A mediados del mes de julio de 2015, Karla Braun de Canad\u00e1 comenz\u00f3 a cumplir su funci\u00f3n como editora y escritora a tiempo parcial. Sirve como editora de <em>Courier\/Correo\/Courrier<\/em> y tambi\u00e9n como escritora y editora de otros materiales del CMM.<\/p>\n<p>En los \u00faltimos siete a\u00f1os Braun ha sido editora asociada de <em>Mennonite Brethren Herald<\/em> con base en Winnipeg, Manitoba, Canad\u00e1. Su formaci\u00f3n acad\u00e9mica incluye un bachiller en ingl\u00e9s con un \u00e9nfasis en ling\u00fc\u00edstica as\u00ed como cursos de posgrado elegidos en estudios de teolog\u00eda.<\/p>\n<p>Braun sucede a Devin Manzullo-Thomas de EE.UU., quien se ha desempe\u00f1ado como editor y escritor del CMM desde enero de 2013. \u00c9l ha sido nombrado para ocupar un cargo de tiempo completo en Messiah College, una escuela afiliada a los Hermanos en Cristo en Mechanicsburg, Pennsylvania, y comenzar\u00e1 con sus estudios de doctorado en septiembre.<\/p>\n<p>El 1\u00ba de septiembre de 2015, Kristina Toews de Colombia asumir\u00e1 las responsabilidades de Directora de Comunicaciones, un papel que incluye supervisar la estrategia de comunicaci\u00f3n del CMM y coordinar todas las formas de comunicaci\u00f3n impresa y electr\u00f3nica. Suceder\u00e1 a Ron Rempel de Canad\u00e1, quien se jubila despu\u00e9s de servir en este cargo desde enero de 2012.<\/p>\n<p>Toews, originaria de Abbotsford, Columbia Brit\u00e1nica, ha vivido en Bogot\u00e1, Colombia y ha servido en el \u00e1rea de comunicaciones de la web del CMM desde febrero de 2013. En este puesto, ha iniciado y dirigido la creciente estrategia de las redes sociales del CMM a trav\u00e9s de plataformas tales como Facebook, Instagram y Twitter. Toews tambi\u00e9n cuenta con un t\u00edtulo en Estudios B\u00edblicos.<\/p>\n<p>Sustituyendo a Toews en la administraci\u00f3n de la web y las redes sociales del CMM se cuenta con Aar\u00f3n Gonz\u00e1lez de Costa Rica. \u00c9l ha servido m\u00e1s recientemente con el personal de la Asamblea del CMM en Akron, Pennsylvania, EE.UU. En su nuevo cargo, Gonz\u00e1lez trabajar\u00e1 desde la oficina del CMM en Bogot\u00e1.<\/p>\n<p>Gonz\u00e1lez ha servido en su congregaci\u00f3n local de la Iglesia Menonita Buenas Nuevas en Costa Rica, y con el Comit\u00e9 Central Menonita y el CMM en el programa \u00a1YAMEN! en Camboya.<\/p>\n<p> \u201cLa comunicaci\u00f3n y la comunidad son palabras relacionadas entre s\u00ed no solo por su ra\u00edz com\u00fan sino tambi\u00e9n por el impacto que tienen en el ser humano,\u201d coment\u00f3 C\u00e9sar Garc\u00eda, Secretario General del CMM. \u201cSin comunicaci\u00f3n no hay posibilidad de compartir nuestras alegr\u00edas y nuestras penas, encontrando esperanza en medio del sufrimiento, o construyendo una comunidad mundial. Esta es una raz\u00f3n por la cual en una instituci\u00f3n, la comunicaci\u00f3n es m\u00e1s que una carrera o un departamento. Es un ministerio. Es un servicio muy importante para nuestra familia anabautista mundial de fe.\u201d<\/p>\n<p>Garc\u00eda a\u00f1adi\u00f3, \u201cDeseo expresar mi gratitud a Devin y a Ron por el ministerio que han desarrollado en el CMM. La comunicaci\u00f3n ha sido crucial en nuestra familia mundial durante los \u00faltimos a\u00f1os. Bajo el liderazgo de Ron, la comunicaci\u00f3n del CMM avanz\u00f3 hacia nuevas etapas y alcanz\u00f3 la madurez que necesitamos para poder seguir creciendo y facilitando buenos medios de comunicaci\u00f3n entre nuestros miembros. Oramos por la gu\u00eda y las bendiciones de Dios para estos l\u00edderes y las nuevas etapas que han iniciado en sus vidas.\u201d<\/p>\n<p><em>Comunicado de prensa del Congreso Mundial Menonita<\/em><\/p>\n<p>Fotos: <a href=\"\/sites\/default\/files\/website_files\/kristina_toews.jpg\">Kristina Toews<\/a>, <a href=\"\/sites\/default\/files\/website_files\/karla_braun.jpg\">Karla Braun<\/a>, <a href=\"\/sites\/default\/files\/website_files\/aaron_gonzalez.jpg\">Aar\u00f3n Gonz\u00e1lez<\/a><\/p>\n","protected":false},"excerpt":{"rendered":"<p>NULL<\/p>\n","protected":false},"author":1,"featured_media":86984,"comment_status":"closed","ping_status":"closed","sticky":false,"template":"","format":"standard","meta":{"_acf_changed":false,"footnotes":""},"categories":[6],"tags":[],"network":[],"eventcategory":[],"class_list":["post-8563","post","type-post","status-publish","format-standard","has-post-thumbnail","hentry","category-sin-categorizar"],"acf":[],"yoast_head":"<!-- This site is optimized with the Yoast SEO plugin v27.5 - https:\/\/yoast.com\/product\/yoast-seo-wordpress\/ -->\n<title>Cambios en el equipo de comunicaci\u00f3n del CMM - Mennonite World Conference<\/title>\n<meta name=\"robots\" content=\"index, follow, max-snippet:-1, max-image-preview:large, max-video-preview:-1\" \/>\n<link rel=\"canonical\" href=\"https:\/\/mwc-cmm.org\/en\/stories\/changes-mwc-communication-team\/\" \/>\n<meta property=\"og:locale\" content=\"es_ES\" \/>\n<meta property=\"og:type\" content=\"article\" \/>\n<meta property=\"og:title\" content=\"Cambios en el equipo de comunicaci\u00f3n del CMM - Mennonite World Conference\" \/>\n<meta property=\"og:description\" content=\"NULL\" \/>\n<meta property=\"og:url\" content=\"https:\/\/mwc-cmm.org\/en\/stories\/changes-mwc-communication-team\/\" \/>\n<meta property=\"og:site_name\" content=\"Mennonite World Conference\" \/>\n<meta property=\"article:publisher\" content=\"https:\/\/www.facebook.com\/MennoniteWorldConference\" \/>\n<meta property=\"article:published_time\" content=\"2015-08-15T00:00:00+00:00\" \/>\n<meta property=\"article:modified_time\" content=\"2024-12-10T17:59:31+00:00\" \/>\n<meta property=\"og:image\" content=\"https:\/\/mwc-cmm.org\/wp-content\/uploads\/2024\/11\/3_staff_pic.jpg\" \/>\n\t<meta property=\"og:image:width\" content=\"923\" \/>\n\t<meta property=\"og:image:height\" content=\"418\" \/>\n\t<meta property=\"og:image:type\" content=\"image\/jpeg\" \/>\n<meta name=\"author\" content=\"mennworldcon\" \/>\n<script type=\"application\/ld+json\" class=\"yoast-schema-graph\">{\"@context\":\"https:\\\/\\\/schema.org\",\"@graph\":[{\"@type\":\"Article\",\"@id\":\"https:\\\/\\\/mwc-cmm.org\\\/en\\\/stories\\\/changes-mwc-communication-team\\\/#article\",\"isPartOf\":{\"@id\":\"https:\\\/\\\/mwc-cmm.org\\\/en\\\/stories\\\/changes-mwc-communication-team\\\/\"},\"author\":{\"name\":\"mennworldcon\",\"@id\":\"https:\\\/\\\/mwc-cmm.org\\\/en\\\/#\\\/schema\\\/person\\\/11f6ae0d7d1868ba20a1cc27f067c836\"},\"headline\":\"Cambios en el equipo de comunicaci\u00f3n del CMM\",\"datePublished\":\"2015-08-15T00:00:00+00:00\",\"dateModified\":\"2024-12-10T17:59:31+00:00\",\"mainEntityOfPage\":{\"@id\":\"https:\\\/\\\/mwc-cmm.org\\\/en\\\/stories\\\/changes-mwc-communication-team\\\/\"},\"wordCount\":613,\"publisher\":{\"@id\":\"https:\\\/\\\/mwc-cmm.org\\\/en\\\/#organization\"},\"image\":{\"@id\":\"https:\\\/\\\/mwc-cmm.org\\\/en\\\/stories\\\/changes-mwc-communication-team\\\/#primaryimage\"},\"thumbnailUrl\":\"https:\\\/\\\/mwc-cmm.org\\\/wp-content\\\/uploads\\\/2024\\\/11\\\/3_staff_pic.jpg\",\"articleSection\":[\"Sin categorizar\"],\"inLanguage\":\"es\"},{\"@type\":\"WebPage\",\"@id\":\"https:\\\/\\\/mwc-cmm.org\\\/en\\\/stories\\\/changes-mwc-communication-team\\\/\",\"url\":\"https:\\\/\\\/mwc-cmm.org\\\/en\\\/stories\\\/changes-mwc-communication-team\\\/\",\"name\":\"Cambios en el equipo de comunicaci\u00f3n del CMM - Mennonite World Conference\",\"isPartOf\":{\"@id\":\"https:\\\/\\\/mwc-cmm.org\\\/en\\\/#website\"},\"primaryImageOfPage\":{\"@id\":\"https:\\\/\\\/mwc-cmm.org\\\/en\\\/stories\\\/changes-mwc-communication-team\\\/#primaryimage\"},\"image\":{\"@id\":\"https:\\\/\\\/mwc-cmm.org\\\/en\\\/stories\\\/changes-mwc-communication-team\\\/#primaryimage\"},\"thumbnailUrl\":\"https:\\\/\\\/mwc-cmm.org\\\/wp-content\\\/uploads\\\/2024\\\/11\\\/3_staff_pic.jpg\",\"datePublished\":\"2015-08-15T00:00:00+00:00\",\"dateModified\":\"2024-12-10T17:59:31+00:00\",\"breadcrumb\":{\"@id\":\"https:\\\/\\\/mwc-cmm.org\\\/en\\\/stories\\\/changes-mwc-communication-team\\\/#breadcrumb\"},\"inLanguage\":\"es\",\"potentialAction\":[{\"@type\":\"ReadAction\",\"target\":[\"https:\\\/\\\/mwc-cmm.org\\\/en\\\/stories\\\/changes-mwc-communication-team\\\/\"]}]},{\"@type\":\"ImageObject\",\"inLanguage\":\"es\",\"@id\":\"https:\\\/\\\/mwc-cmm.org\\\/en\\\/stories\\\/changes-mwc-communication-team\\\/#primaryimage\",\"url\":\"https:\\\/\\\/mwc-cmm.org\\\/wp-content\\\/uploads\\\/2024\\\/11\\\/3_staff_pic.jpg\",\"contentUrl\":\"https:\\\/\\\/mwc-cmm.org\\\/wp-content\\\/uploads\\\/2024\\\/11\\\/3_staff_pic.jpg\",\"width\":923,\"height\":418},{\"@type\":\"BreadcrumbList\",\"@id\":\"https:\\\/\\\/mwc-cmm.org\\\/en\\\/stories\\\/changes-mwc-communication-team\\\/#breadcrumb\",\"itemListElement\":[{\"@type\":\"ListItem\",\"position\":1,\"name\":\"Home\",\"item\":\"https:\\\/\\\/mwc-cmm.org\\\/es\\\/\"},{\"@type\":\"ListItem\",\"position\":2,\"name\":\"Cambios en el equipo de comunicaci\u00f3n del CMM\"}]},{\"@type\":\"WebSite\",\"@id\":\"https:\\\/\\\/mwc-cmm.org\\\/en\\\/#website\",\"url\":\"https:\\\/\\\/mwc-cmm.org\\\/en\\\/\",\"name\":\"Mennonite World Conference\",\"description\":\"A communion of Anabaptist-related churches\",\"publisher\":{\"@id\":\"https:\\\/\\\/mwc-cmm.org\\\/en\\\/#organization\"},\"alternateName\":\"MWC\",\"potentialAction\":[{\"@type\":\"SearchAction\",\"target\":{\"@type\":\"EntryPoint\",\"urlTemplate\":\"https:\\\/\\\/mwc-cmm.org\\\/en\\\/?s={search_term_string}\"},\"query-input\":{\"@type\":\"PropertyValueSpecification\",\"valueRequired\":true,\"valueName\":\"search_term_string\"}}],\"inLanguage\":\"es\"},{\"@type\":\"Organization\",\"@id\":\"https:\\\/\\\/mwc-cmm.org\\\/en\\\/#organization\",\"name\":\"Mennonite World Conference\",\"alternateName\":\"MWC\",\"url\":\"https:\\\/\\\/mwc-cmm.org\\\/en\\\/\",\"logo\":{\"@type\":\"ImageObject\",\"inLanguage\":\"es\",\"@id\":\"https:\\\/\\\/mwc-cmm.org\\\/en\\\/#\\\/schema\\\/logo\\\/image\\\/\",\"url\":\"https:\\\/\\\/mwc-cmm.org\\\/wp-content\\\/uploads\\\/2026\\\/01\\\/MWC_Sig_Blue_Horiz_webheader1-logo.svg\",\"contentUrl\":\"https:\\\/\\\/mwc-cmm.org\\\/wp-content\\\/uploads\\\/2026\\\/01\\\/MWC_Sig_Blue_Horiz_webheader1-logo.svg\",\"width\":786,\"height\":82,\"caption\":\"Mennonite World Conference\"},\"image\":{\"@id\":\"https:\\\/\\\/mwc-cmm.org\\\/en\\\/#\\\/schema\\\/logo\\\/image\\\/\"},\"sameAs\":[\"https:\\\/\\\/www.facebook.com\\\/MennoniteWorldConference\",\"https:\\\/\\\/www.linkedin.com\\\/company\\\/mennonite-world-conference-mwc\\\/\",\"https:\\\/\\\/www.instagram.com\\\/mwcmm\\\/\",\"https:\\\/\\\/www.youtube.com\\\/user\\\/mwccmm\",\"https:\\\/\\\/bsky.app\\\/profile\\\/mwcmm.bsky.social\"]},{\"@type\":\"Person\",\"@id\":\"https:\\\/\\\/mwc-cmm.org\\\/en\\\/#\\\/schema\\\/person\\\/11f6ae0d7d1868ba20a1cc27f067c836\",\"name\":\"mennworldcon\",\"image\":{\"@type\":\"ImageObject\",\"inLanguage\":\"es\",\"@id\":\"https:\\\/\\\/secure.gravatar.com\\\/avatar\\\/06fdc0dc81c157dfdb82ec42f252178a22307808988d22c043f9eb96f1e0fe80?s=96&d=mm&r=g\",\"url\":\"https:\\\/\\\/secure.gravatar.com\\\/avatar\\\/06fdc0dc81c157dfdb82ec42f252178a22307808988d22c043f9eb96f1e0fe80?s=96&d=mm&r=g\",\"contentUrl\":\"https:\\\/\\\/secure.gravatar.com\\\/avatar\\\/06fdc0dc81c157dfdb82ec42f252178a22307808988d22c043f9eb96f1e0fe80?s=96&d=mm&r=g\",\"caption\":\"mennworldcon\"},\"sameAs\":[\"https:\\\/\\\/mwc-cmm.org\"],\"url\":\"https:\\\/\\\/mwc-cmm.org\\\/es\\\/stories\\\/author\\\/mennworldcon\\\/\"}]}<\/script>\n<!-- \/ Yoast SEO plugin. -->","yoast_head_json":{"title":"Cambios en el equipo de comunicaci\u00f3n del CMM - Mennonite World Conference","robots":{"index":"index","follow":"follow","max-snippet":"max-snippet:-1","max-image-preview":"max-image-preview:large","max-video-preview":"max-video-preview:-1"},"canonical":"https:\/\/mwc-cmm.org\/en\/stories\/changes-mwc-communication-team\/","og_locale":"es_ES","og_type":"article","og_title":"Cambios en el equipo de comunicaci\u00f3n del CMM - Mennonite World Conference","og_description":"NULL","og_url":"https:\/\/mwc-cmm.org\/en\/stories\/changes-mwc-communication-team\/","og_site_name":"Mennonite World Conference","article_publisher":"https:\/\/www.facebook.com\/MennoniteWorldConference","article_published_time":"2015-08-15T00:00:00+00:00","article_modified_time":"2024-12-10T17:59:31+00:00","og_image":[{"width":923,"height":418,"url":"https:\/\/mwc-cmm.org\/wp-content\/uploads\/2024\/11\/3_staff_pic.jpg","type":"image\/jpeg"}],"author":"mennworldcon","schema":{"@context":"https:\/\/schema.org","@graph":[{"@type":"Article","@id":"https:\/\/mwc-cmm.org\/en\/stories\/changes-mwc-communication-team\/#article","isPartOf":{"@id":"https:\/\/mwc-cmm.org\/en\/stories\/changes-mwc-communication-team\/"},"author":{"name":"mennworldcon","@id":"https:\/\/mwc-cmm.org\/en\/#\/schema\/person\/11f6ae0d7d1868ba20a1cc27f067c836"},"headline":"Cambios en el equipo de comunicaci\u00f3n del CMM","datePublished":"2015-08-15T00:00:00+00:00","dateModified":"2024-12-10T17:59:31+00:00","mainEntityOfPage":{"@id":"https:\/\/mwc-cmm.org\/en\/stories\/changes-mwc-communication-team\/"},"wordCount":613,"publisher":{"@id":"https:\/\/mwc-cmm.org\/en\/#organization"},"image":{"@id":"https:\/\/mwc-cmm.org\/en\/stories\/changes-mwc-communication-team\/#primaryimage"},"thumbnailUrl":"https:\/\/mwc-cmm.org\/wp-content\/uploads\/2024\/11\/3_staff_pic.jpg","articleSection":["Sin categorizar"],"inLanguage":"es"},{"@type":"WebPage","@id":"https:\/\/mwc-cmm.org\/en\/stories\/changes-mwc-communication-team\/","url":"https:\/\/mwc-cmm.org\/en\/stories\/changes-mwc-communication-team\/","name":"Cambios en el equipo de comunicaci\u00f3n del CMM - Mennonite World Conference","isPartOf":{"@id":"https:\/\/mwc-cmm.org\/en\/#website"},"primaryImageOfPage":{"@id":"https:\/\/mwc-cmm.org\/en\/stories\/changes-mwc-communication-team\/#primaryimage"},"image":{"@id":"https:\/\/mwc-cmm.org\/en\/stories\/changes-mwc-communication-team\/#primaryimage"},"thumbnailUrl":"https:\/\/mwc-cmm.org\/wp-content\/uploads\/2024\/11\/3_staff_pic.jpg","datePublished":"2015-08-15T00:00:00+00:00","dateModified":"2024-12-10T17:59:31+00:00","breadcrumb":{"@id":"https:\/\/mwc-cmm.org\/en\/stories\/changes-mwc-communication-team\/#breadcrumb"},"inLanguage":"es","potentialAction":[{"@type":"ReadAction","target":["https:\/\/mwc-cmm.org\/en\/stories\/changes-mwc-communication-team\/"]}]},{"@type":"ImageObject","inLanguage":"es","@id":"https:\/\/mwc-cmm.org\/en\/stories\/changes-mwc-communication-team\/#primaryimage","url":"https:\/\/mwc-cmm.org\/wp-content\/uploads\/2024\/11\/3_staff_pic.jpg","contentUrl":"https:\/\/mwc-cmm.org\/wp-content\/uploads\/2024\/11\/3_staff_pic.jpg","width":923,"height":418},{"@type":"BreadcrumbList","@id":"https:\/\/mwc-cmm.org\/en\/stories\/changes-mwc-communication-team\/#breadcrumb","itemListElement":[{"@type":"ListItem","position":1,"name":"Home","item":"https:\/\/mwc-cmm.org\/es\/"},{"@type":"ListItem","position":2,"name":"Cambios en el equipo de comunicaci\u00f3n del CMM"}]},{"@type":"WebSite","@id":"https:\/\/mwc-cmm.org\/en\/#website","url":"https:\/\/mwc-cmm.org\/en\/","name":"Mennonite World Conference","description":"A communion of Anabaptist-related churches","publisher":{"@id":"https:\/\/mwc-cmm.org\/en\/#organization"},"alternateName":"MWC","potentialAction":[{"@type":"SearchAction","target":{"@type":"EntryPoint","urlTemplate":"https:\/\/mwc-cmm.org\/en\/?s={search_term_string}"},"query-input":{"@type":"PropertyValueSpecification","valueRequired":true,"valueName":"search_term_string"}}],"inLanguage":"es"},{"@type":"Organization","@id":"https:\/\/mwc-cmm.org\/en\/#organization","name":"Mennonite World Conference","alternateName":"MWC","url":"https:\/\/mwc-cmm.org\/en\/","logo":{"@type":"ImageObject","inLanguage":"es","@id":"https:\/\/mwc-cmm.org\/en\/#\/schema\/logo\/image\/","url":"https:\/\/mwc-cmm.org\/wp-content\/uploads\/2026\/01\/MWC_Sig_Blue_Horiz_webheader1-logo.svg","contentUrl":"https:\/\/mwc-cmm.org\/wp-content\/uploads\/2026\/01\/MWC_Sig_Blue_Horiz_webheader1-logo.svg","width":786,"height":82,"caption":"Mennonite World Conference"},"image":{"@id":"https:\/\/mwc-cmm.org\/en\/#\/schema\/logo\/image\/"},"sameAs":["https:\/\/www.facebook.com\/MennoniteWorldConference","https:\/\/www.linkedin.com\/company\/mennonite-world-conference-mwc\/","https:\/\/www.instagram.com\/mwcmm\/","https:\/\/www.youtube.com\/user\/mwccmm","https:\/\/bsky.app\/profile\/mwcmm.bsky.social"]},{"@type":"Person","@id":"https:\/\/mwc-cmm.org\/en\/#\/schema\/person\/11f6ae0d7d1868ba20a1cc27f067c836","name":"mennworldcon","image":{"@type":"ImageObject","inLanguage":"es","@id":"https:\/\/secure.gravatar.com\/avatar\/06fdc0dc81c157dfdb82ec42f252178a22307808988d22c043f9eb96f1e0fe80?s=96&d=mm&r=g","url":"https:\/\/secure.gravatar.com\/avatar\/06fdc0dc81c157dfdb82ec42f252178a22307808988d22c043f9eb96f1e0fe80?s=96&d=mm&r=g","contentUrl":"https:\/\/secure.gravatar.com\/avatar\/06fdc0dc81c157dfdb82ec42f252178a22307808988d22c043f9eb96f1e0fe80?s=96&d=mm&r=g","caption":"mennworldcon"},"sameAs":["https:\/\/mwc-cmm.org"],"url":"https:\/\/mwc-cmm.org\/es\/stories\/author\/mennworldcon\/"}]}},"_links":{"self":[{"href":"https:\/\/mwc-cmm.org\/es\/wp-json\/wp\/v2\/posts\/8563","targetHints":{"allow":["GET"]}}],"collection":[{"href":"https:\/\/mwc-cmm.org\/es\/wp-json\/wp\/v2\/posts"}],"about":[{"href":"https:\/\/mwc-cmm.org\/es\/wp-json\/wp\/v2\/types\/post"}],"author":[{"embeddable":true,"href":"https:\/\/mwc-cmm.org\/es\/wp-json\/wp\/v2\/users\/1"}],"replies":[{"embeddable":true,"href":"https:\/\/mwc-cmm.org\/es\/wp-json\/wp\/v2\/comments?post=8563"}],"version-history":[{"count":0,"href":"https:\/\/mwc-cmm.org\/es\/wp-json\/wp\/v2\/posts\/8563\/revisions"}],"wp:featuredmedia":[{"embeddable":true,"href":"https:\/\/mwc-cmm.org\/es\/wp-json\/wp\/v2\/media\/86984"}],"wp:attachment":[{"href":"https:\/\/mwc-cmm.org\/es\/wp-json\/wp\/v2\/media?parent=8563"}],"wp:term":[{"taxonomy":"category","embeddable":true,"href":"https:\/\/mwc-cmm.org\/es\/wp-json\/wp\/v2\/categories?post=8563"},{"taxonomy":"post_tag","embeddable":true,"href":"https:\/\/mwc-cmm.org\/es\/wp-json\/wp\/v2\/tags?post=8563"},{"taxonomy":"network","embeddable":true,"href":"https:\/\/mwc-cmm.org\/es\/wp-json\/wp\/v2\/network?post=8563"},{"taxonomy":"eventcategory","embeddable":true,"href":"https:\/\/mwc-cmm.org\/es\/wp-json\/wp\/v2\/eventcategory?post=8563"}],"curies":[{"name":"wp","href":"https:\/\/api.w.org\/{rel}","templated":true}]}}