{"id":8560,"date":"2015-06-24T00:00:00","date_gmt":"2015-06-24T00:00:00","guid":{"rendered":"https:\/\/mwc-cmm.org\/swiss-mennonites-express-solidarity-with-church-of-the-brethren-in-nigeria-3\/"},"modified":"2024-12-10T17:59:30","modified_gmt":"2024-12-10T17:59:30","slug":"swiss-mennonites-express-solidarity-with-church-of-the-brethren-in-nigeria-3","status":"publish","type":"post","link":"https:\/\/mwc-cmm.org\/es\/stories\/swiss-mennonites-express-solidarity-with-church-of-the-brethren-in-nigeria-3\/","title":{"rendered":"Menonitas suizos expresan solidaridad con la Iglesia de los Hermanos en Nigeria"},"content":{"rendered":"<p>Basilea, Suiza \u2013 Adem\u00e1s de apoyar el pedido de oraci\u00f3n emitido por el Congreso Mundial Menonita  (CMM), la <em>Konferenz der Mennoniten der Schweiz<\/em> (KMS, por sus siglas en alem\u00e1n\u2013 Conferencia de Menonitas Suizos), ha extendido su mano en solidaridad hacia la Iglesia de los Hermanos en Nigeria (<em>Ekklesiyar Yan\u2019uwa a Nigeria<\/em> \u2013 EYN).<\/p>\n<p>En el noroeste de Nigeria, los cristianos y musulmanes moderados estan sufriendo  en la actualidad las graves consecuencias de los ataques perpetrados por los  terroristas conocidos con el nombre de Boko Haram. EYN se ha visto muy afectada por estos ataques violentos, con m\u00e1s de 700.000 miembros desplazados y unas 1.670 iglesias destruidas.<\/p>\n<p>El <em>T\u00e4uferisches Forum f\u00fcr Friede und Gerechtigkeit<\/em> (Foro Anabautista por Paz y Justicia), de KMS, fue invitado a participar en el grupo en defensa de Nigeria de <em><a href=\"http:\/\/www.mission-21.org\/es\/index\/\">Mission 21<\/a><\/em>, una misi\u00f3n protestante ecum\u00e9nica de Basilea.<\/p>\n<p>\u201cPensamos que  tener  un v\u00ednculo tanto a trav\u00e9s del CMM , como un v\u00ednculo ecum\u00e9nico local podr\u00eda ser significativo,\u201d explic\u00f3 Hanspeter Jecker.<\/p>\n<p>EYN es parte de la tradici\u00f3n hist\u00f3rica de la iglesia de paz  y a la luz de esto, Misi\u00f3n 21 quer\u00eda que otra iglesia de paz participara en su grupo en defensa de Nigeria. Ellos  invitaron a Jecker y a Heike Geist, ambos profesores del Seminario Teol\u00f3gico Bienenberg, a participar como representantes de la Misi\u00f3n Menonita Suiza, CMM y KMS, una iglesia miembro del CMM.<\/p>\n<p>El 22 de junio de 2015, una resoluci\u00f3n propuesta por el grupo en defensa de Nigeria fue discutida y adoptada por Misi\u00f3n 21.<\/p>\n<p>En esta reuni\u00f3n Hanspeter Jecker comparti\u00f3 desde la perspectiva menonita, \u201cLa presencia de las iglesias hist\u00f3ricas de paz est\u00e1 caracterizada por el compromiso de renunciar a la violencia a trav\u00e9s del razonamiento b\u00edblico -teol\u00f3gico, siguiendo las huellas de Jes\u00fas,  no respondiendo al mal con el mal, sino respondiendo al mal con el bien y finalmente el mal ser\u00e1 vencido por el bien\u201d.<\/p>\n<p>\u201cEsta creencia por s\u00ed sola no garantiza una vida pac\u00edfica y tranquila. Pero est\u00e1 basada en la esperanza de que el Viernes Santo no es la \u00faltima palabra, sino que existe la Pascua, seguida de Pentecost\u00e9s. Esta  fe no est\u00e1 condenada a tener que aceptar toda injusticia y sufrimiento en silencio\u201d.<\/p>\n<p>\u201cEs por eso que esta resoluci\u00f3n es tan importante. Es una expresi\u00f3n de solidaridad fraternal con los que sufren en Nigeria. Es una expresi\u00f3n de que la paz sin justicia no se puede obtener. Y es estar listos para apoyar las se\u00f1ales de esperanza de Pascua-Pentecost\u00e9s en medio de gran necesidad.\u201d<\/p>\n<p><a href=\"\/sites\/default\/files\/website_files\/resolution-nigeria_es.pdf\">Haga clic aqu\u00ed<\/a> para leer la resoluci\u00f3n completa.<\/p>\n<p><em>-Kristina Toews<\/em><\/p>\n","protected":false},"excerpt":{"rendered":"<p>NULL<\/p>\n","protected":false},"author":1,"featured_media":86956,"comment_status":"closed","ping_status":"closed","sticky":false,"template":"","format":"standard","meta":{"_acf_changed":false,"footnotes":""},"categories":[6],"tags":[],"network":[],"eventcategory":[],"class_list":["post-8560","post","type-post","status-publish","format-standard","has-post-thumbnail","hentry","category-sin-categorizar"],"acf":[],"yoast_head":"<!-- This site is optimized with the Yoast SEO plugin v27.2 - https:\/\/yoast.com\/product\/yoast-seo-wordpress\/ -->\n<title>Menonitas suizos expresan solidaridad con la Iglesia de los Hermanos en Nigeria - Mennonite World Conference<\/title>\n<meta name=\"robots\" content=\"index, follow, max-snippet:-1, max-image-preview:large, max-video-preview:-1\" \/>\n<link rel=\"canonical\" href=\"https:\/\/mwc-cmm.org\/en\/stories\/swiss-mennonites-express-solidarity-church-brethren-nigeria\/\" \/>\n<meta property=\"og:locale\" content=\"es_ES\" \/>\n<meta property=\"og:type\" content=\"article\" \/>\n<meta property=\"og:title\" content=\"Menonitas suizos expresan solidaridad con la Iglesia de los Hermanos en Nigeria - Mennonite World Conference\" \/>\n<meta property=\"og:description\" content=\"NULL\" \/>\n<meta property=\"og:url\" content=\"https:\/\/mwc-cmm.org\/en\/stories\/swiss-mennonites-express-solidarity-church-brethren-nigeria\/\" \/>\n<meta property=\"og:site_name\" content=\"Mennonite World Conference\" \/>\n<meta property=\"article:publisher\" content=\"https:\/\/www.facebook.com\/MennoniteWorldConference\" \/>\n<meta property=\"article:published_time\" content=\"2015-06-24T00:00:00+00:00\" \/>\n<meta property=\"article:modified_time\" content=\"2024-12-10T17:59:30+00:00\" \/>\n<meta property=\"og:image\" content=\"https:\/\/mwc-cmm.org\/wp-content\/uploads\/2024\/11\/5295491-s1000x1000.0.jpg\" \/>\n\t<meta property=\"og:image:width\" content=\"1024\" \/>\n\t<meta property=\"og:image:height\" content=\"683\" \/>\n\t<meta property=\"og:image:type\" content=\"image\/jpeg\" \/>\n<meta name=\"author\" content=\"mennworldcon\" \/>\n<script type=\"application\/ld+json\" class=\"yoast-schema-graph\">{\"@context\":\"https:\/\/schema.org\",\"@graph\":[{\"@type\":\"Article\",\"@id\":\"https:\/\/mwc-cmm.org\/en\/stories\/swiss-mennonites-express-solidarity-church-brethren-nigeria\/#article\",\"isPartOf\":{\"@id\":\"https:\/\/mwc-cmm.org\/en\/stories\/swiss-mennonites-express-solidarity-church-brethren-nigeria\/\"},\"author\":{\"name\":\"mennworldcon\",\"@id\":\"https:\/\/mwc-cmm.org\/en\/#\/schema\/person\/11f6ae0d7d1868ba20a1cc27f067c836\"},\"headline\":\"Menonitas suizos expresan solidaridad con la Iglesia de los Hermanos en Nigeria\",\"datePublished\":\"2015-06-24T00:00:00+00:00\",\"dateModified\":\"2024-12-10T17:59:30+00:00\",\"mainEntityOfPage\":{\"@id\":\"https:\/\/mwc-cmm.org\/en\/stories\/swiss-mennonites-express-solidarity-church-brethren-nigeria\/\"},\"wordCount\":463,\"publisher\":{\"@id\":\"https:\/\/mwc-cmm.org\/en\/#organization\"},\"image\":{\"@id\":\"https:\/\/mwc-cmm.org\/en\/stories\/swiss-mennonites-express-solidarity-church-brethren-nigeria\/#primaryimage\"},\"thumbnailUrl\":\"https:\/\/mwc-cmm.org\/wp-content\/uploads\/2024\/11\/5295491-s1000x1000.0.jpg\",\"articleSection\":[\"Sin categorizar\"],\"inLanguage\":\"es\"},{\"@type\":\"WebPage\",\"@id\":\"https:\/\/mwc-cmm.org\/en\/stories\/swiss-mennonites-express-solidarity-church-brethren-nigeria\/\",\"url\":\"https:\/\/mwc-cmm.org\/en\/stories\/swiss-mennonites-express-solidarity-church-brethren-nigeria\/\",\"name\":\"Menonitas suizos expresan solidaridad con la Iglesia de los Hermanos en Nigeria - Mennonite World Conference\",\"isPartOf\":{\"@id\":\"https:\/\/mwc-cmm.org\/en\/#website\"},\"primaryImageOfPage\":{\"@id\":\"https:\/\/mwc-cmm.org\/en\/stories\/swiss-mennonites-express-solidarity-church-brethren-nigeria\/#primaryimage\"},\"image\":{\"@id\":\"https:\/\/mwc-cmm.org\/en\/stories\/swiss-mennonites-express-solidarity-church-brethren-nigeria\/#primaryimage\"},\"thumbnailUrl\":\"https:\/\/mwc-cmm.org\/wp-content\/uploads\/2024\/11\/5295491-s1000x1000.0.jpg\",\"datePublished\":\"2015-06-24T00:00:00+00:00\",\"dateModified\":\"2024-12-10T17:59:30+00:00\",\"breadcrumb\":{\"@id\":\"https:\/\/mwc-cmm.org\/en\/stories\/swiss-mennonites-express-solidarity-church-brethren-nigeria\/#breadcrumb\"},\"inLanguage\":\"es\",\"potentialAction\":[{\"@type\":\"ReadAction\",\"target\":[\"https:\/\/mwc-cmm.org\/en\/stories\/swiss-mennonites-express-solidarity-church-brethren-nigeria\/\"]}]},{\"@type\":\"ImageObject\",\"inLanguage\":\"es\",\"@id\":\"https:\/\/mwc-cmm.org\/en\/stories\/swiss-mennonites-express-solidarity-church-brethren-nigeria\/#primaryimage\",\"url\":\"https:\/\/mwc-cmm.org\/wp-content\/uploads\/2024\/11\/5295491-s1000x1000.0.jpg\",\"contentUrl\":\"https:\/\/mwc-cmm.org\/wp-content\/uploads\/2024\/11\/5295491-s1000x1000.0.jpg\",\"width\":1024,\"height\":683},{\"@type\":\"BreadcrumbList\",\"@id\":\"https:\/\/mwc-cmm.org\/en\/stories\/swiss-mennonites-express-solidarity-church-brethren-nigeria\/#breadcrumb\",\"itemListElement\":[{\"@type\":\"ListItem\",\"position\":1,\"name\":\"Home\",\"item\":\"https:\/\/mwc-cmm.org\/es\/\"},{\"@type\":\"ListItem\",\"position\":2,\"name\":\"Menonitas suizos expresan solidaridad con la Iglesia de los Hermanos en Nigeria\"}]},{\"@type\":\"WebSite\",\"@id\":\"https:\/\/mwc-cmm.org\/en\/#website\",\"url\":\"https:\/\/mwc-cmm.org\/en\/\",\"name\":\"Mennonite World Conference\",\"description\":\"A communion of Anabaptist-related churches\",\"publisher\":{\"@id\":\"https:\/\/mwc-cmm.org\/en\/#organization\"},\"alternateName\":\"MWC\",\"potentialAction\":[{\"@type\":\"SearchAction\",\"target\":{\"@type\":\"EntryPoint\",\"urlTemplate\":\"https:\/\/mwc-cmm.org\/en\/?s={search_term_string}\"},\"query-input\":{\"@type\":\"PropertyValueSpecification\",\"valueRequired\":true,\"valueName\":\"search_term_string\"}}],\"inLanguage\":\"es\"},{\"@type\":\"Organization\",\"@id\":\"https:\/\/mwc-cmm.org\/en\/#organization\",\"name\":\"Mennonite World Conference\",\"alternateName\":\"MWC\",\"url\":\"https:\/\/mwc-cmm.org\/en\/\",\"logo\":{\"@type\":\"ImageObject\",\"inLanguage\":\"es\",\"@id\":\"https:\/\/mwc-cmm.org\/en\/#\/schema\/logo\/image\/\",\"url\":\"https:\/\/mwc-cmm.org\/wp-content\/uploads\/2026\/01\/MWC_Sig_Blue_Horiz_webheader1-logo.svg\",\"contentUrl\":\"https:\/\/mwc-cmm.org\/wp-content\/uploads\/2026\/01\/MWC_Sig_Blue_Horiz_webheader1-logo.svg\",\"width\":786,\"height\":82,\"caption\":\"Mennonite World Conference\"},\"image\":{\"@id\":\"https:\/\/mwc-cmm.org\/en\/#\/schema\/logo\/image\/\"},\"sameAs\":[\"https:\/\/www.facebook.com\/MennoniteWorldConference\",\"https:\/\/www.linkedin.com\/company\/mennonite-world-conference-mwc\/\",\"https:\/\/www.instagram.com\/mwcmm\/\",\"https:\/\/www.youtube.com\/user\/mwccmm\",\"https:\/\/bsky.app\/profile\/mwcmm.bsky.social\"]},{\"@type\":\"Person\",\"@id\":\"https:\/\/mwc-cmm.org\/en\/#\/schema\/person\/11f6ae0d7d1868ba20a1cc27f067c836\",\"name\":\"mennworldcon\",\"image\":{\"@type\":\"ImageObject\",\"inLanguage\":\"es\",\"@id\":\"https:\/\/secure.gravatar.com\/avatar\/06fdc0dc81c157dfdb82ec42f252178a22307808988d22c043f9eb96f1e0fe80?s=96&d=mm&r=g\",\"url\":\"https:\/\/secure.gravatar.com\/avatar\/06fdc0dc81c157dfdb82ec42f252178a22307808988d22c043f9eb96f1e0fe80?s=96&d=mm&r=g\",\"contentUrl\":\"https:\/\/secure.gravatar.com\/avatar\/06fdc0dc81c157dfdb82ec42f252178a22307808988d22c043f9eb96f1e0fe80?s=96&d=mm&r=g\",\"caption\":\"mennworldcon\"},\"sameAs\":[\"https:\/\/mwc-cmm.org\"],\"url\":\"https:\/\/mwc-cmm.org\/es\/stories\/author\/mennworldcon\/\"}]}<\/script>\n<!-- \/ Yoast SEO plugin. -->","yoast_head_json":{"title":"Menonitas suizos expresan solidaridad con la Iglesia de los Hermanos en Nigeria - Mennonite World Conference","robots":{"index":"index","follow":"follow","max-snippet":"max-snippet:-1","max-image-preview":"max-image-preview:large","max-video-preview":"max-video-preview:-1"},"canonical":"https:\/\/mwc-cmm.org\/en\/stories\/swiss-mennonites-express-solidarity-church-brethren-nigeria\/","og_locale":"es_ES","og_type":"article","og_title":"Menonitas suizos expresan solidaridad con la Iglesia de los Hermanos en Nigeria - Mennonite World Conference","og_description":"NULL","og_url":"https:\/\/mwc-cmm.org\/en\/stories\/swiss-mennonites-express-solidarity-church-brethren-nigeria\/","og_site_name":"Mennonite World Conference","article_publisher":"https:\/\/www.facebook.com\/MennoniteWorldConference","article_published_time":"2015-06-24T00:00:00+00:00","article_modified_time":"2024-12-10T17:59:30+00:00","og_image":[{"width":1024,"height":683,"url":"https:\/\/mwc-cmm.org\/wp-content\/uploads\/2024\/11\/5295491-s1000x1000.0.jpg","type":"image\/jpeg"}],"author":"mennworldcon","schema":{"@context":"https:\/\/schema.org","@graph":[{"@type":"Article","@id":"https:\/\/mwc-cmm.org\/en\/stories\/swiss-mennonites-express-solidarity-church-brethren-nigeria\/#article","isPartOf":{"@id":"https:\/\/mwc-cmm.org\/en\/stories\/swiss-mennonites-express-solidarity-church-brethren-nigeria\/"},"author":{"name":"mennworldcon","@id":"https:\/\/mwc-cmm.org\/en\/#\/schema\/person\/11f6ae0d7d1868ba20a1cc27f067c836"},"headline":"Menonitas suizos expresan solidaridad con la Iglesia de los Hermanos en Nigeria","datePublished":"2015-06-24T00:00:00+00:00","dateModified":"2024-12-10T17:59:30+00:00","mainEntityOfPage":{"@id":"https:\/\/mwc-cmm.org\/en\/stories\/swiss-mennonites-express-solidarity-church-brethren-nigeria\/"},"wordCount":463,"publisher":{"@id":"https:\/\/mwc-cmm.org\/en\/#organization"},"image":{"@id":"https:\/\/mwc-cmm.org\/en\/stories\/swiss-mennonites-express-solidarity-church-brethren-nigeria\/#primaryimage"},"thumbnailUrl":"https:\/\/mwc-cmm.org\/wp-content\/uploads\/2024\/11\/5295491-s1000x1000.0.jpg","articleSection":["Sin categorizar"],"inLanguage":"es"},{"@type":"WebPage","@id":"https:\/\/mwc-cmm.org\/en\/stories\/swiss-mennonites-express-solidarity-church-brethren-nigeria\/","url":"https:\/\/mwc-cmm.org\/en\/stories\/swiss-mennonites-express-solidarity-church-brethren-nigeria\/","name":"Menonitas suizos expresan solidaridad con la Iglesia de los Hermanos en Nigeria - Mennonite World Conference","isPartOf":{"@id":"https:\/\/mwc-cmm.org\/en\/#website"},"primaryImageOfPage":{"@id":"https:\/\/mwc-cmm.org\/en\/stories\/swiss-mennonites-express-solidarity-church-brethren-nigeria\/#primaryimage"},"image":{"@id":"https:\/\/mwc-cmm.org\/en\/stories\/swiss-mennonites-express-solidarity-church-brethren-nigeria\/#primaryimage"},"thumbnailUrl":"https:\/\/mwc-cmm.org\/wp-content\/uploads\/2024\/11\/5295491-s1000x1000.0.jpg","datePublished":"2015-06-24T00:00:00+00:00","dateModified":"2024-12-10T17:59:30+00:00","breadcrumb":{"@id":"https:\/\/mwc-cmm.org\/en\/stories\/swiss-mennonites-express-solidarity-church-brethren-nigeria\/#breadcrumb"},"inLanguage":"es","potentialAction":[{"@type":"ReadAction","target":["https:\/\/mwc-cmm.org\/en\/stories\/swiss-mennonites-express-solidarity-church-brethren-nigeria\/"]}]},{"@type":"ImageObject","inLanguage":"es","@id":"https:\/\/mwc-cmm.org\/en\/stories\/swiss-mennonites-express-solidarity-church-brethren-nigeria\/#primaryimage","url":"https:\/\/mwc-cmm.org\/wp-content\/uploads\/2024\/11\/5295491-s1000x1000.0.jpg","contentUrl":"https:\/\/mwc-cmm.org\/wp-content\/uploads\/2024\/11\/5295491-s1000x1000.0.jpg","width":1024,"height":683},{"@type":"BreadcrumbList","@id":"https:\/\/mwc-cmm.org\/en\/stories\/swiss-mennonites-express-solidarity-church-brethren-nigeria\/#breadcrumb","itemListElement":[{"@type":"ListItem","position":1,"name":"Home","item":"https:\/\/mwc-cmm.org\/es\/"},{"@type":"ListItem","position":2,"name":"Menonitas suizos expresan solidaridad con la Iglesia de los Hermanos en Nigeria"}]},{"@type":"WebSite","@id":"https:\/\/mwc-cmm.org\/en\/#website","url":"https:\/\/mwc-cmm.org\/en\/","name":"Mennonite World Conference","description":"A communion of Anabaptist-related churches","publisher":{"@id":"https:\/\/mwc-cmm.org\/en\/#organization"},"alternateName":"MWC","potentialAction":[{"@type":"SearchAction","target":{"@type":"EntryPoint","urlTemplate":"https:\/\/mwc-cmm.org\/en\/?s={search_term_string}"},"query-input":{"@type":"PropertyValueSpecification","valueRequired":true,"valueName":"search_term_string"}}],"inLanguage":"es"},{"@type":"Organization","@id":"https:\/\/mwc-cmm.org\/en\/#organization","name":"Mennonite World Conference","alternateName":"MWC","url":"https:\/\/mwc-cmm.org\/en\/","logo":{"@type":"ImageObject","inLanguage":"es","@id":"https:\/\/mwc-cmm.org\/en\/#\/schema\/logo\/image\/","url":"https:\/\/mwc-cmm.org\/wp-content\/uploads\/2026\/01\/MWC_Sig_Blue_Horiz_webheader1-logo.svg","contentUrl":"https:\/\/mwc-cmm.org\/wp-content\/uploads\/2026\/01\/MWC_Sig_Blue_Horiz_webheader1-logo.svg","width":786,"height":82,"caption":"Mennonite World Conference"},"image":{"@id":"https:\/\/mwc-cmm.org\/en\/#\/schema\/logo\/image\/"},"sameAs":["https:\/\/www.facebook.com\/MennoniteWorldConference","https:\/\/www.linkedin.com\/company\/mennonite-world-conference-mwc\/","https:\/\/www.instagram.com\/mwcmm\/","https:\/\/www.youtube.com\/user\/mwccmm","https:\/\/bsky.app\/profile\/mwcmm.bsky.social"]},{"@type":"Person","@id":"https:\/\/mwc-cmm.org\/en\/#\/schema\/person\/11f6ae0d7d1868ba20a1cc27f067c836","name":"mennworldcon","image":{"@type":"ImageObject","inLanguage":"es","@id":"https:\/\/secure.gravatar.com\/avatar\/06fdc0dc81c157dfdb82ec42f252178a22307808988d22c043f9eb96f1e0fe80?s=96&d=mm&r=g","url":"https:\/\/secure.gravatar.com\/avatar\/06fdc0dc81c157dfdb82ec42f252178a22307808988d22c043f9eb96f1e0fe80?s=96&d=mm&r=g","contentUrl":"https:\/\/secure.gravatar.com\/avatar\/06fdc0dc81c157dfdb82ec42f252178a22307808988d22c043f9eb96f1e0fe80?s=96&d=mm&r=g","caption":"mennworldcon"},"sameAs":["https:\/\/mwc-cmm.org"],"url":"https:\/\/mwc-cmm.org\/es\/stories\/author\/mennworldcon\/"}]}},"_links":{"self":[{"href":"https:\/\/mwc-cmm.org\/es\/wp-json\/wp\/v2\/posts\/8560","targetHints":{"allow":["GET"]}}],"collection":[{"href":"https:\/\/mwc-cmm.org\/es\/wp-json\/wp\/v2\/posts"}],"about":[{"href":"https:\/\/mwc-cmm.org\/es\/wp-json\/wp\/v2\/types\/post"}],"author":[{"embeddable":true,"href":"https:\/\/mwc-cmm.org\/es\/wp-json\/wp\/v2\/users\/1"}],"replies":[{"embeddable":true,"href":"https:\/\/mwc-cmm.org\/es\/wp-json\/wp\/v2\/comments?post=8560"}],"version-history":[{"count":0,"href":"https:\/\/mwc-cmm.org\/es\/wp-json\/wp\/v2\/posts\/8560\/revisions"}],"wp:featuredmedia":[{"embeddable":true,"href":"https:\/\/mwc-cmm.org\/es\/wp-json\/wp\/v2\/media\/86956"}],"wp:attachment":[{"href":"https:\/\/mwc-cmm.org\/es\/wp-json\/wp\/v2\/media?parent=8560"}],"wp:term":[{"taxonomy":"category","embeddable":true,"href":"https:\/\/mwc-cmm.org\/es\/wp-json\/wp\/v2\/categories?post=8560"},{"taxonomy":"post_tag","embeddable":true,"href":"https:\/\/mwc-cmm.org\/es\/wp-json\/wp\/v2\/tags?post=8560"},{"taxonomy":"network","embeddable":true,"href":"https:\/\/mwc-cmm.org\/es\/wp-json\/wp\/v2\/network?post=8560"},{"taxonomy":"eventcategory","embeddable":true,"href":"https:\/\/mwc-cmm.org\/es\/wp-json\/wp\/v2\/eventcategory?post=8560"}],"curies":[{"name":"wp","href":"https:\/\/api.w.org\/{rel}","templated":true}]}}