{"id":8558,"date":"2015-08-31T00:00:00","date_gmt":"2015-08-31T00:00:00","guid":{"rendered":"https:\/\/mwc-cmm.org\/registration-to-stay-open-until-assembly-several-options-change-after-july-1-3\/"},"modified":"2024-12-10T17:59:28","modified_gmt":"2024-12-10T17:59:28","slug":"registration-to-stay-open-until-assembly-several-options-change-after-july-1-3","status":"publish","type":"post","link":"https:\/\/mwc-cmm.org\/es\/stories\/registration-to-stay-open-until-assembly-several-options-change-after-july-1-3\/","title":{"rendered":"Inscripciones se mantienen abiertas hasta la Asamblea; cambios despu\u00e9s del 1 de julio"},"content":{"rendered":"<p>Harrisburg, Pensilvania, EE. UU. \u2013 Los organizadores de la Asamblea del Congreso Mundial Menonita que tendr\u00e1 lugar del 21 al 26 de julio anunciaron recientemente que las inscripciones permanecer\u00e1n abiertas hasta la Asamblea, pero solo las siguientes opciones estar\u00e1n disponibles despu\u00e9s del 1 de julio: inscripci\u00f3n completa y compartida sin el plan de comidas para el grupo de pa\u00edses 1 y 2, adem\u00e1s de la inscripci\u00f3n parcial.<\/p>\n<p>Despu\u00e9s del 1 de julio, la inscripci\u00f3n en l\u00ednea para los grupos de pa\u00edses 3, 4 y 5 ya no estar\u00e1 disponible de manera a contar con el tiempo necesario para procesar las cartas de invitaci\u00f3n para solicitud de visa. (Ver enlace de los distintos grupos de pa\u00edses, https:\/\/www.eiseverywhere.com\/\/ereg\/newreg.php?eventid=96239&amp;&amp;language=spa ) Se necesita la informaci\u00f3n de viaje de los participantes. Favor enviar el itinerario a <a href=\"mailto:registrations@mwc-cmm.org\">registrations@mwc-cmm.org<\/a><\/p>\n<p>Despu\u00e9s del 1 de julio, las inscripciones no podr\u00e1n ser modificadas y todas las selecciones no pagadas ser\u00e1n removidas de la inscripci\u00f3n de manera que el personal del CMM pueda realizar los arreglos finales. Si para la fecha de la Asamblea a\u00fan se cuenta con opciones disponibles, se tendr\u00e1n boletas de las mismas para la venta en la mesa de inscripciones a partir del mi\u00e9rcoles 22 de julio.<\/p>\n<p>El saldo pendiente necesita pagarse antes del 1 de julio. Para pagos posteriores a esta fecha, no enviar cheques ya que los mismos podr\u00edan no llegar a tiempo. En caso que los cheques no se reciban a tiempo para procesarlos antes de la Asamblea, se solicitar\u00e1 a los participantes que emitan uno nuevo.<\/p>\n<p>Todos los participantes que tengan un saldo pendiente para el 1 de julio o que se inscriban despu\u00e9s del 1 de julio deber\u00e1n ingresar a la fila de inscripciones \u201cm\u00e1s lenta\u201d el d\u00eda de inicio de la Asamblea.<\/p>\n<p>A quienes desean acercarse en la noche se los invita a participar de los cultos nocturnos si el espacio lo permite. El sitio web del CMM indicar\u00e1 la disponibilidad de espacios para cada noche al momento de la Asamblea.<\/p>\n<p>El costo por noche ser\u00e1 de 35 USD para adultos y 15 USD para ni\u00f1os\/j\u00f3venes (4-17 a\u00f1os). Una familia paga solo hasta dos ni\u00f1os. El pago puede realizarse en efectivo &nbsp;o cheque en la puerta de entrada. No es posible inscribirse para los cultos nocturnos. En este enlace puede encontrar el programa de la Asamblea, https:\/\/www.mwc-cmm.org\/article\/programacion?language=es<\/p>\n","protected":false},"excerpt":{"rendered":"<p>Harrisburg, Pensilvania, EE. UU. \u2013 Los organizadores de la Asamblea del Congreso Mundial Menonita que tendr\u00e1 lugar del 21 al 26 de julio anunciaron recientemente que las inscripciones permanecer\u00e1n abiertas hasta la Asamblea, pero solo las siguientes opciones estar\u00e1n disponibles despu\u00e9s del 1 de julio: inscripci\u00f3n completa y compartida sin el plan de comidas para [&hellip;]<\/p>\n","protected":false},"author":1,"featured_media":86928,"comment_status":"closed","ping_status":"closed","sticky":false,"template":"","format":"standard","meta":{"_acf_changed":false,"footnotes":""},"categories":[6],"tags":[],"network":[],"eventcategory":[1493],"class_list":["post-8558","post","type-post","status-publish","format-standard","has-post-thumbnail","hentry","category-sin-categorizar","eventcategory-assembly-es"],"acf":[],"yoast_head":"<!-- This site is optimized with the Yoast SEO plugin v27.2 - https:\/\/yoast.com\/product\/yoast-seo-wordpress\/ -->\n<title>Inscripciones se mantienen abiertas hasta la Asamblea; cambios despu\u00e9s del 1 de julio - Mennonite World Conference<\/title>\n<meta name=\"robots\" content=\"index, follow, max-snippet:-1, max-image-preview:large, max-video-preview:-1\" \/>\n<link rel=\"canonical\" href=\"https:\/\/mwc-cmm.org\/en\/stories\/registration-to-stay-open-until-assembly-several-options-change-after-july-1\/\" \/>\n<meta property=\"og:locale\" content=\"es_ES\" \/>\n<meta property=\"og:type\" content=\"article\" \/>\n<meta property=\"og:title\" content=\"Inscripciones se mantienen abiertas hasta la Asamblea; cambios despu\u00e9s del 1 de julio - Mennonite World Conference\" \/>\n<meta property=\"og:description\" content=\"Harrisburg, Pensilvania, EE. UU. \u2013 Los organizadores de la Asamblea del Congreso Mundial Menonita que tendr\u00e1 lugar del 21 al 26 de julio anunciaron recientemente que las inscripciones permanecer\u00e1n abiertas hasta la Asamblea, pero solo las siguientes opciones estar\u00e1n disponibles despu\u00e9s del 1 de julio: inscripci\u00f3n completa y compartida sin el plan de comidas para [&hellip;]\" \/>\n<meta property=\"og:url\" content=\"https:\/\/mwc-cmm.org\/en\/stories\/registration-to-stay-open-until-assembly-several-options-change-after-july-1\/\" \/>\n<meta property=\"og:site_name\" content=\"Mennonite World Conference\" \/>\n<meta property=\"article:publisher\" content=\"https:\/\/www.facebook.com\/MennoniteWorldConference\" \/>\n<meta property=\"article:published_time\" content=\"2015-08-31T00:00:00+00:00\" \/>\n<meta property=\"article:modified_time\" content=\"2024-12-10T17:59:28+00:00\" \/>\n<meta property=\"og:image\" content=\"https:\/\/mwc-cmm.org\/wp-content\/uploads\/2024\/11\/wilhelm_1-web_edit.jpg\" \/>\n\t<meta property=\"og:image:width\" content=\"1200\" \/>\n\t<meta property=\"og:image:height\" content=\"803\" \/>\n\t<meta property=\"og:image:type\" content=\"image\/jpeg\" \/>\n<meta name=\"author\" content=\"mennworldcon\" \/>\n<script type=\"application\/ld+json\" class=\"yoast-schema-graph\">{\"@context\":\"https:\/\/schema.org\",\"@graph\":[{\"@type\":\"Article\",\"@id\":\"https:\/\/mwc-cmm.org\/en\/stories\/registration-to-stay-open-until-assembly-several-options-change-after-july-1\/#article\",\"isPartOf\":{\"@id\":\"https:\/\/mwc-cmm.org\/en\/stories\/registration-to-stay-open-until-assembly-several-options-change-after-july-1\/\"},\"author\":{\"name\":\"mennworldcon\",\"@id\":\"https:\/\/mwc-cmm.org\/en\/#\/schema\/person\/11f6ae0d7d1868ba20a1cc27f067c836\"},\"headline\":\"Inscripciones se mantienen abiertas hasta la Asamblea; cambios despu\u00e9s del 1 de julio\",\"datePublished\":\"2015-08-31T00:00:00+00:00\",\"dateModified\":\"2024-12-10T17:59:28+00:00\",\"mainEntityOfPage\":{\"@id\":\"https:\/\/mwc-cmm.org\/en\/stories\/registration-to-stay-open-until-assembly-several-options-change-after-july-1\/\"},\"wordCount\":433,\"publisher\":{\"@id\":\"https:\/\/mwc-cmm.org\/en\/#organization\"},\"image\":{\"@id\":\"https:\/\/mwc-cmm.org\/en\/stories\/registration-to-stay-open-until-assembly-several-options-change-after-july-1\/#primaryimage\"},\"thumbnailUrl\":\"https:\/\/mwc-cmm.org\/wp-content\/uploads\/2024\/11\/wilhelm_1-web_edit.jpg\",\"articleSection\":[\"Sin categorizar\"],\"inLanguage\":\"es\"},{\"@type\":\"WebPage\",\"@id\":\"https:\/\/mwc-cmm.org\/en\/stories\/registration-to-stay-open-until-assembly-several-options-change-after-july-1\/\",\"url\":\"https:\/\/mwc-cmm.org\/en\/stories\/registration-to-stay-open-until-assembly-several-options-change-after-july-1\/\",\"name\":\"Inscripciones se mantienen abiertas hasta la Asamblea; cambios despu\u00e9s del 1 de julio - Mennonite World Conference\",\"isPartOf\":{\"@id\":\"https:\/\/mwc-cmm.org\/en\/#website\"},\"primaryImageOfPage\":{\"@id\":\"https:\/\/mwc-cmm.org\/en\/stories\/registration-to-stay-open-until-assembly-several-options-change-after-july-1\/#primaryimage\"},\"image\":{\"@id\":\"https:\/\/mwc-cmm.org\/en\/stories\/registration-to-stay-open-until-assembly-several-options-change-after-july-1\/#primaryimage\"},\"thumbnailUrl\":\"https:\/\/mwc-cmm.org\/wp-content\/uploads\/2024\/11\/wilhelm_1-web_edit.jpg\",\"datePublished\":\"2015-08-31T00:00:00+00:00\",\"dateModified\":\"2024-12-10T17:59:28+00:00\",\"breadcrumb\":{\"@id\":\"https:\/\/mwc-cmm.org\/en\/stories\/registration-to-stay-open-until-assembly-several-options-change-after-july-1\/#breadcrumb\"},\"inLanguage\":\"es\",\"potentialAction\":[{\"@type\":\"ReadAction\",\"target\":[\"https:\/\/mwc-cmm.org\/en\/stories\/registration-to-stay-open-until-assembly-several-options-change-after-july-1\/\"]}]},{\"@type\":\"ImageObject\",\"inLanguage\":\"es\",\"@id\":\"https:\/\/mwc-cmm.org\/en\/stories\/registration-to-stay-open-until-assembly-several-options-change-after-july-1\/#primaryimage\",\"url\":\"https:\/\/mwc-cmm.org\/wp-content\/uploads\/2024\/11\/wilhelm_1-web_edit.jpg\",\"contentUrl\":\"https:\/\/mwc-cmm.org\/wp-content\/uploads\/2024\/11\/wilhelm_1-web_edit.jpg\",\"width\":1200,\"height\":803},{\"@type\":\"BreadcrumbList\",\"@id\":\"https:\/\/mwc-cmm.org\/en\/stories\/registration-to-stay-open-until-assembly-several-options-change-after-july-1\/#breadcrumb\",\"itemListElement\":[{\"@type\":\"ListItem\",\"position\":1,\"name\":\"Home\",\"item\":\"https:\/\/mwc-cmm.org\/es\/\"},{\"@type\":\"ListItem\",\"position\":2,\"name\":\"Inscripciones se mantienen abiertas hasta la Asamblea; cambios despu\u00e9s del 1 de julio\"}]},{\"@type\":\"WebSite\",\"@id\":\"https:\/\/mwc-cmm.org\/en\/#website\",\"url\":\"https:\/\/mwc-cmm.org\/en\/\",\"name\":\"Mennonite World Conference\",\"description\":\"A communion of Anabaptist-related churches\",\"publisher\":{\"@id\":\"https:\/\/mwc-cmm.org\/en\/#organization\"},\"alternateName\":\"MWC\",\"potentialAction\":[{\"@type\":\"SearchAction\",\"target\":{\"@type\":\"EntryPoint\",\"urlTemplate\":\"https:\/\/mwc-cmm.org\/en\/?s={search_term_string}\"},\"query-input\":{\"@type\":\"PropertyValueSpecification\",\"valueRequired\":true,\"valueName\":\"search_term_string\"}}],\"inLanguage\":\"es\"},{\"@type\":\"Organization\",\"@id\":\"https:\/\/mwc-cmm.org\/en\/#organization\",\"name\":\"Mennonite World Conference\",\"alternateName\":\"MWC\",\"url\":\"https:\/\/mwc-cmm.org\/en\/\",\"logo\":{\"@type\":\"ImageObject\",\"inLanguage\":\"es\",\"@id\":\"https:\/\/mwc-cmm.org\/en\/#\/schema\/logo\/image\/\",\"url\":\"https:\/\/mwc-cmm.org\/wp-content\/uploads\/2026\/01\/MWC_Sig_Blue_Horiz_webheader1-logo.svg\",\"contentUrl\":\"https:\/\/mwc-cmm.org\/wp-content\/uploads\/2026\/01\/MWC_Sig_Blue_Horiz_webheader1-logo.svg\",\"width\":786,\"height\":82,\"caption\":\"Mennonite World Conference\"},\"image\":{\"@id\":\"https:\/\/mwc-cmm.org\/en\/#\/schema\/logo\/image\/\"},\"sameAs\":[\"https:\/\/www.facebook.com\/MennoniteWorldConference\",\"https:\/\/www.linkedin.com\/company\/mennonite-world-conference-mwc\/\",\"https:\/\/www.instagram.com\/mwcmm\/\",\"https:\/\/www.youtube.com\/user\/mwccmm\",\"https:\/\/bsky.app\/profile\/mwcmm.bsky.social\"]},{\"@type\":\"Person\",\"@id\":\"https:\/\/mwc-cmm.org\/en\/#\/schema\/person\/11f6ae0d7d1868ba20a1cc27f067c836\",\"name\":\"mennworldcon\",\"image\":{\"@type\":\"ImageObject\",\"inLanguage\":\"es\",\"@id\":\"https:\/\/secure.gravatar.com\/avatar\/06fdc0dc81c157dfdb82ec42f252178a22307808988d22c043f9eb96f1e0fe80?s=96&d=mm&r=g\",\"url\":\"https:\/\/secure.gravatar.com\/avatar\/06fdc0dc81c157dfdb82ec42f252178a22307808988d22c043f9eb96f1e0fe80?s=96&d=mm&r=g\",\"contentUrl\":\"https:\/\/secure.gravatar.com\/avatar\/06fdc0dc81c157dfdb82ec42f252178a22307808988d22c043f9eb96f1e0fe80?s=96&d=mm&r=g\",\"caption\":\"mennworldcon\"},\"sameAs\":[\"https:\/\/mwc-cmm.org\"],\"url\":\"https:\/\/mwc-cmm.org\/es\/stories\/author\/mennworldcon\/\"}]}<\/script>\n<!-- \/ Yoast SEO plugin. -->","yoast_head_json":{"title":"Inscripciones se mantienen abiertas hasta la Asamblea; cambios despu\u00e9s del 1 de julio - Mennonite World Conference","robots":{"index":"index","follow":"follow","max-snippet":"max-snippet:-1","max-image-preview":"max-image-preview:large","max-video-preview":"max-video-preview:-1"},"canonical":"https:\/\/mwc-cmm.org\/en\/stories\/registration-to-stay-open-until-assembly-several-options-change-after-july-1\/","og_locale":"es_ES","og_type":"article","og_title":"Inscripciones se mantienen abiertas hasta la Asamblea; cambios despu\u00e9s del 1 de julio - Mennonite World Conference","og_description":"Harrisburg, Pensilvania, EE. UU. \u2013 Los organizadores de la Asamblea del Congreso Mundial Menonita que tendr\u00e1 lugar del 21 al 26 de julio anunciaron recientemente que las inscripciones permanecer\u00e1n abiertas hasta la Asamblea, pero solo las siguientes opciones estar\u00e1n disponibles despu\u00e9s del 1 de julio: inscripci\u00f3n completa y compartida sin el plan de comidas para [&hellip;]","og_url":"https:\/\/mwc-cmm.org\/en\/stories\/registration-to-stay-open-until-assembly-several-options-change-after-july-1\/","og_site_name":"Mennonite World Conference","article_publisher":"https:\/\/www.facebook.com\/MennoniteWorldConference","article_published_time":"2015-08-31T00:00:00+00:00","article_modified_time":"2024-12-10T17:59:28+00:00","og_image":[{"width":1200,"height":803,"url":"https:\/\/mwc-cmm.org\/wp-content\/uploads\/2024\/11\/wilhelm_1-web_edit.jpg","type":"image\/jpeg"}],"author":"mennworldcon","schema":{"@context":"https:\/\/schema.org","@graph":[{"@type":"Article","@id":"https:\/\/mwc-cmm.org\/en\/stories\/registration-to-stay-open-until-assembly-several-options-change-after-july-1\/#article","isPartOf":{"@id":"https:\/\/mwc-cmm.org\/en\/stories\/registration-to-stay-open-until-assembly-several-options-change-after-july-1\/"},"author":{"name":"mennworldcon","@id":"https:\/\/mwc-cmm.org\/en\/#\/schema\/person\/11f6ae0d7d1868ba20a1cc27f067c836"},"headline":"Inscripciones se mantienen abiertas hasta la Asamblea; cambios despu\u00e9s del 1 de julio","datePublished":"2015-08-31T00:00:00+00:00","dateModified":"2024-12-10T17:59:28+00:00","mainEntityOfPage":{"@id":"https:\/\/mwc-cmm.org\/en\/stories\/registration-to-stay-open-until-assembly-several-options-change-after-july-1\/"},"wordCount":433,"publisher":{"@id":"https:\/\/mwc-cmm.org\/en\/#organization"},"image":{"@id":"https:\/\/mwc-cmm.org\/en\/stories\/registration-to-stay-open-until-assembly-several-options-change-after-july-1\/#primaryimage"},"thumbnailUrl":"https:\/\/mwc-cmm.org\/wp-content\/uploads\/2024\/11\/wilhelm_1-web_edit.jpg","articleSection":["Sin categorizar"],"inLanguage":"es"},{"@type":"WebPage","@id":"https:\/\/mwc-cmm.org\/en\/stories\/registration-to-stay-open-until-assembly-several-options-change-after-july-1\/","url":"https:\/\/mwc-cmm.org\/en\/stories\/registration-to-stay-open-until-assembly-several-options-change-after-july-1\/","name":"Inscripciones se mantienen abiertas hasta la Asamblea; cambios despu\u00e9s del 1 de julio - Mennonite World Conference","isPartOf":{"@id":"https:\/\/mwc-cmm.org\/en\/#website"},"primaryImageOfPage":{"@id":"https:\/\/mwc-cmm.org\/en\/stories\/registration-to-stay-open-until-assembly-several-options-change-after-july-1\/#primaryimage"},"image":{"@id":"https:\/\/mwc-cmm.org\/en\/stories\/registration-to-stay-open-until-assembly-several-options-change-after-july-1\/#primaryimage"},"thumbnailUrl":"https:\/\/mwc-cmm.org\/wp-content\/uploads\/2024\/11\/wilhelm_1-web_edit.jpg","datePublished":"2015-08-31T00:00:00+00:00","dateModified":"2024-12-10T17:59:28+00:00","breadcrumb":{"@id":"https:\/\/mwc-cmm.org\/en\/stories\/registration-to-stay-open-until-assembly-several-options-change-after-july-1\/#breadcrumb"},"inLanguage":"es","potentialAction":[{"@type":"ReadAction","target":["https:\/\/mwc-cmm.org\/en\/stories\/registration-to-stay-open-until-assembly-several-options-change-after-july-1\/"]}]},{"@type":"ImageObject","inLanguage":"es","@id":"https:\/\/mwc-cmm.org\/en\/stories\/registration-to-stay-open-until-assembly-several-options-change-after-july-1\/#primaryimage","url":"https:\/\/mwc-cmm.org\/wp-content\/uploads\/2024\/11\/wilhelm_1-web_edit.jpg","contentUrl":"https:\/\/mwc-cmm.org\/wp-content\/uploads\/2024\/11\/wilhelm_1-web_edit.jpg","width":1200,"height":803},{"@type":"BreadcrumbList","@id":"https:\/\/mwc-cmm.org\/en\/stories\/registration-to-stay-open-until-assembly-several-options-change-after-july-1\/#breadcrumb","itemListElement":[{"@type":"ListItem","position":1,"name":"Home","item":"https:\/\/mwc-cmm.org\/es\/"},{"@type":"ListItem","position":2,"name":"Inscripciones se mantienen abiertas hasta la Asamblea; cambios despu\u00e9s del 1 de julio"}]},{"@type":"WebSite","@id":"https:\/\/mwc-cmm.org\/en\/#website","url":"https:\/\/mwc-cmm.org\/en\/","name":"Mennonite World Conference","description":"A communion of Anabaptist-related churches","publisher":{"@id":"https:\/\/mwc-cmm.org\/en\/#organization"},"alternateName":"MWC","potentialAction":[{"@type":"SearchAction","target":{"@type":"EntryPoint","urlTemplate":"https:\/\/mwc-cmm.org\/en\/?s={search_term_string}"},"query-input":{"@type":"PropertyValueSpecification","valueRequired":true,"valueName":"search_term_string"}}],"inLanguage":"es"},{"@type":"Organization","@id":"https:\/\/mwc-cmm.org\/en\/#organization","name":"Mennonite World Conference","alternateName":"MWC","url":"https:\/\/mwc-cmm.org\/en\/","logo":{"@type":"ImageObject","inLanguage":"es","@id":"https:\/\/mwc-cmm.org\/en\/#\/schema\/logo\/image\/","url":"https:\/\/mwc-cmm.org\/wp-content\/uploads\/2026\/01\/MWC_Sig_Blue_Horiz_webheader1-logo.svg","contentUrl":"https:\/\/mwc-cmm.org\/wp-content\/uploads\/2026\/01\/MWC_Sig_Blue_Horiz_webheader1-logo.svg","width":786,"height":82,"caption":"Mennonite World Conference"},"image":{"@id":"https:\/\/mwc-cmm.org\/en\/#\/schema\/logo\/image\/"},"sameAs":["https:\/\/www.facebook.com\/MennoniteWorldConference","https:\/\/www.linkedin.com\/company\/mennonite-world-conference-mwc\/","https:\/\/www.instagram.com\/mwcmm\/","https:\/\/www.youtube.com\/user\/mwccmm","https:\/\/bsky.app\/profile\/mwcmm.bsky.social"]},{"@type":"Person","@id":"https:\/\/mwc-cmm.org\/en\/#\/schema\/person\/11f6ae0d7d1868ba20a1cc27f067c836","name":"mennworldcon","image":{"@type":"ImageObject","inLanguage":"es","@id":"https:\/\/secure.gravatar.com\/avatar\/06fdc0dc81c157dfdb82ec42f252178a22307808988d22c043f9eb96f1e0fe80?s=96&d=mm&r=g","url":"https:\/\/secure.gravatar.com\/avatar\/06fdc0dc81c157dfdb82ec42f252178a22307808988d22c043f9eb96f1e0fe80?s=96&d=mm&r=g","contentUrl":"https:\/\/secure.gravatar.com\/avatar\/06fdc0dc81c157dfdb82ec42f252178a22307808988d22c043f9eb96f1e0fe80?s=96&d=mm&r=g","caption":"mennworldcon"},"sameAs":["https:\/\/mwc-cmm.org"],"url":"https:\/\/mwc-cmm.org\/es\/stories\/author\/mennworldcon\/"}]}},"_links":{"self":[{"href":"https:\/\/mwc-cmm.org\/es\/wp-json\/wp\/v2\/posts\/8558","targetHints":{"allow":["GET"]}}],"collection":[{"href":"https:\/\/mwc-cmm.org\/es\/wp-json\/wp\/v2\/posts"}],"about":[{"href":"https:\/\/mwc-cmm.org\/es\/wp-json\/wp\/v2\/types\/post"}],"author":[{"embeddable":true,"href":"https:\/\/mwc-cmm.org\/es\/wp-json\/wp\/v2\/users\/1"}],"replies":[{"embeddable":true,"href":"https:\/\/mwc-cmm.org\/es\/wp-json\/wp\/v2\/comments?post=8558"}],"version-history":[{"count":0,"href":"https:\/\/mwc-cmm.org\/es\/wp-json\/wp\/v2\/posts\/8558\/revisions"}],"wp:featuredmedia":[{"embeddable":true,"href":"https:\/\/mwc-cmm.org\/es\/wp-json\/wp\/v2\/media\/86928"}],"wp:attachment":[{"href":"https:\/\/mwc-cmm.org\/es\/wp-json\/wp\/v2\/media?parent=8558"}],"wp:term":[{"taxonomy":"category","embeddable":true,"href":"https:\/\/mwc-cmm.org\/es\/wp-json\/wp\/v2\/categories?post=8558"},{"taxonomy":"post_tag","embeddable":true,"href":"https:\/\/mwc-cmm.org\/es\/wp-json\/wp\/v2\/tags?post=8558"},{"taxonomy":"network","embeddable":true,"href":"https:\/\/mwc-cmm.org\/es\/wp-json\/wp\/v2\/network?post=8558"},{"taxonomy":"eventcategory","embeddable":true,"href":"https:\/\/mwc-cmm.org\/es\/wp-json\/wp\/v2\/eventcategory?post=8558"}],"curies":[{"name":"wp","href":"https:\/\/api.w.org\/{rel}","templated":true}]}}