{"id":8553,"date":"2016-05-19T00:00:00","date_gmt":"2016-05-19T00:00:00","guid":{"rendered":"https:\/\/mwc-cmm.org\/global-communion-and-why-it-matters-3\/"},"modified":"2024-12-10T17:59:26","modified_gmt":"2024-12-10T17:59:26","slug":"global-communion-and-why-it-matters-3","status":"publish","type":"post","link":"https:\/\/mwc-cmm.org\/es\/stories\/global-communion-and-why-it-matters-3\/","title":{"rendered":"\u00bfPor qu\u00e9 importa la comunidad mundial?"},"content":{"rendered":"<p><strong>Profundizar nuestro compromiso com\u00fan de ser una familia mundial<\/strong><\/p>\n<p>Como Congreso Mundial Menonita, compartimos el compromiso de ser una hermandad (koinonia) mundial de fe y vida. Juntos, anhelamos ser una hermandad que trascienda las fronteras de nacionalidad, raza, clase, g\u00e9nero e idioma. Pero debido a nuestra diversidad, cada iglesia miembro del CMM aporta una singular comprensi\u00f3n de la importancia de la hermandad mundial al participar e invertir en el CMM.<\/p>\n<p>&nbsp;<\/p>\n<h3><strong><a href=\"\/es\/node\/357\">Jes\u00fas de carne y hueso<\/a><\/strong>&nbsp;<\/h3>\n<p>(<em>Darrell Winger,&nbsp;Canad\u00e1<\/em>)<\/p>\n<p>Para las congregaciones de los Hermanos en Cristo (BIC, por sus siglas en ingl\u00e9s) de Canad\u00e1, el Congreso Mundial Menonita brinda la materializaci\u00f3n de la verdad fundamental de que pertenecemos a una familia eclesial que se extiende por todo el mundo. Sabemos con certeza que quienes siguen a Jes\u00fas por doquier se transforman en un solo cuerpo por medio de la fe en \u00e9l; sin embargo, podemos vivir esta gran verdad de una manera pr\u00e1ctica dado que el CMM brinda \u201ccarne y hueso\u201d. En tanto el CMM encarna la realidad de nuestra hermandad mundial por medio de Cristo, nuestras congregaciones BIC de Canad\u00e1 se fortalecen de modo notable.<\/p>\n<p>&nbsp;<\/p>\n<h3><strong><a href=\"\/es\/node\/358\">Vislumbramos la iglesia universal<\/a>&nbsp;<\/strong><\/h3>\n<p>(<em>Rainer W. Burkart,&nbsp;Alemania<\/em>)<\/p>\n<p>A la vez, nuestra congregaci\u00f3n necesita entender que la familia anabautista-menonita es m\u00e1s amplia que nuestra congregaci\u00f3n local. Esta visi\u00f3n m\u00e1s ampliada del mundo proviene de nuestra participaci\u00f3n en el Congreso Mundial Menonita.<\/p>\n<p>&nbsp;<\/p>\n<h3><strong><a href=\"\/es\/node\/359\">La existencia interdependiente<\/a><\/strong>&nbsp;<\/h3>\n<p>(<em>Rebecca Osiro,&nbsp;Kenia<\/em>)<\/p>\n<p>Cuando pienso en la conexi\u00f3n entre la congregaci\u00f3n local y la familia de la iglesia mundial, <em>orundu<\/em> y <em>puodho<\/em> constituyen s\u00edmbolos contundentes. A\u00fan m\u00e1s importante, las im\u00e1genes expresan la manera en que lo mundial depende de lo local y viceversa, lo que denomino la existencia interdependiente.<\/p>\n<p>&nbsp;<\/p>\n<h3><strong><a href=\"\/es\/node\/360\">Reunirnos nos fortalece<\/a><\/strong>&nbsp;<\/h3>\n<p>(<em>Cynthia Peacock, India<\/em>)<\/p>\n<p>Otro objetivo \u2013y quiz\u00e1 el m\u00e1s importante\u2013 era ayudar a cada convenci\u00f3n a comprender nuestra interconexi\u00f3n mundial, a fin de que entendieran que, a trav\u00e9s del CMM, estamos vinculados como hermanos y hermanas en Cristo.<\/p>\n<p>&nbsp;<\/p>\n","protected":false},"excerpt":{"rendered":"<p>Profundizar nuestro compromiso com\u00fan de ser una familia mundial Como Congreso Mundial Menonita, compartimos el compromiso de ser una hermandad (koinonia) mundial de fe y vida. Juntos, anhelamos ser una hermandad que trascienda las fronteras de nacionalidad, raza, clase, g\u00e9nero e idioma. Pero debido a nuestra diversidad, cada iglesia miembro del CMM aporta una singular [&hellip;]<\/p>\n","protected":false},"author":1,"featured_media":86858,"comment_status":"closed","ping_status":"closed","sticky":false,"template":"","format":"standard","meta":{"_acf_changed":false,"footnotes":""},"categories":[6],"tags":[],"network":[1306],"eventcategory":[],"class_list":["post-8553","post","type-post","status-publish","format-standard","has-post-thumbnail","hentry","category-sin-categorizar","network-courier-es"],"acf":[],"yoast_head":"<!-- This site is optimized with the Yoast SEO plugin v27.2 - https:\/\/yoast.com\/product\/yoast-seo-wordpress\/ -->\n<title>\u00bfPor qu\u00e9 importa la comunidad mundial? - Mennonite World Conference<\/title>\n<meta name=\"robots\" content=\"index, follow, max-snippet:-1, max-image-preview:large, max-video-preview:-1\" \/>\n<link rel=\"canonical\" href=\"https:\/\/mwc-cmm.org\/en\/stories\/global-communion-and-why-it-matters\/\" \/>\n<meta property=\"og:locale\" content=\"es_ES\" \/>\n<meta property=\"og:type\" content=\"article\" \/>\n<meta property=\"og:title\" content=\"\u00bfPor qu\u00e9 importa la comunidad mundial? - Mennonite World Conference\" \/>\n<meta property=\"og:description\" content=\"Profundizar nuestro compromiso com\u00fan de ser una familia mundial Como Congreso Mundial Menonita, compartimos el compromiso de ser una hermandad (koinonia) mundial de fe y vida. Juntos, anhelamos ser una hermandad que trascienda las fronteras de nacionalidad, raza, clase, g\u00e9nero e idioma. Pero debido a nuestra diversidad, cada iglesia miembro del CMM aporta una singular [&hellip;]\" \/>\n<meta property=\"og:url\" content=\"https:\/\/mwc-cmm.org\/en\/stories\/global-communion-and-why-it-matters\/\" \/>\n<meta property=\"og:site_name\" content=\"Mennonite World Conference\" \/>\n<meta property=\"article:publisher\" content=\"https:\/\/www.facebook.com\/MennoniteWorldConference\" \/>\n<meta property=\"article:published_time\" content=\"2016-05-19T00:00:00+00:00\" \/>\n<meta property=\"article:modified_time\" content=\"2024-12-10T17:59:26+00:00\" \/>\n<meta property=\"og:image\" content=\"https:\/\/mwc-cmm.org\/wp-content\/uploads\/2024\/11\/perspectives_april_2015.jpg\" \/>\n\t<meta property=\"og:image:width\" content=\"1200\" \/>\n\t<meta property=\"og:image:height\" content=\"390\" \/>\n\t<meta property=\"og:image:type\" content=\"image\/jpeg\" \/>\n<meta name=\"author\" content=\"mennworldcon\" \/>\n<script type=\"application\/ld+json\" class=\"yoast-schema-graph\">{\"@context\":\"https:\/\/schema.org\",\"@graph\":[{\"@type\":\"Article\",\"@id\":\"https:\/\/mwc-cmm.org\/en\/stories\/global-communion-and-why-it-matters\/#article\",\"isPartOf\":{\"@id\":\"https:\/\/mwc-cmm.org\/en\/stories\/global-communion-and-why-it-matters\/\"},\"author\":{\"name\":\"mennworldcon\",\"@id\":\"https:\/\/mwc-cmm.org\/en\/#\/schema\/person\/11f6ae0d7d1868ba20a1cc27f067c836\"},\"headline\":\"\u00bfPor qu\u00e9 importa la comunidad mundial?\",\"datePublished\":\"2016-05-19T00:00:00+00:00\",\"dateModified\":\"2024-12-10T17:59:26+00:00\",\"mainEntityOfPage\":{\"@id\":\"https:\/\/mwc-cmm.org\/en\/stories\/global-communion-and-why-it-matters\/\"},\"wordCount\":362,\"publisher\":{\"@id\":\"https:\/\/mwc-cmm.org\/en\/#organization\"},\"image\":{\"@id\":\"https:\/\/mwc-cmm.org\/en\/stories\/global-communion-and-why-it-matters\/#primaryimage\"},\"thumbnailUrl\":\"https:\/\/mwc-cmm.org\/wp-content\/uploads\/2024\/11\/perspectives_april_2015.jpg\",\"articleSection\":[\"Sin categorizar\"],\"inLanguage\":\"es\"},{\"@type\":\"WebPage\",\"@id\":\"https:\/\/mwc-cmm.org\/en\/stories\/global-communion-and-why-it-matters\/\",\"url\":\"https:\/\/mwc-cmm.org\/en\/stories\/global-communion-and-why-it-matters\/\",\"name\":\"\u00bfPor qu\u00e9 importa la comunidad mundial? - Mennonite World Conference\",\"isPartOf\":{\"@id\":\"https:\/\/mwc-cmm.org\/en\/#website\"},\"primaryImageOfPage\":{\"@id\":\"https:\/\/mwc-cmm.org\/en\/stories\/global-communion-and-why-it-matters\/#primaryimage\"},\"image\":{\"@id\":\"https:\/\/mwc-cmm.org\/en\/stories\/global-communion-and-why-it-matters\/#primaryimage\"},\"thumbnailUrl\":\"https:\/\/mwc-cmm.org\/wp-content\/uploads\/2024\/11\/perspectives_april_2015.jpg\",\"datePublished\":\"2016-05-19T00:00:00+00:00\",\"dateModified\":\"2024-12-10T17:59:26+00:00\",\"breadcrumb\":{\"@id\":\"https:\/\/mwc-cmm.org\/en\/stories\/global-communion-and-why-it-matters\/#breadcrumb\"},\"inLanguage\":\"es\",\"potentialAction\":[{\"@type\":\"ReadAction\",\"target\":[\"https:\/\/mwc-cmm.org\/en\/stories\/global-communion-and-why-it-matters\/\"]}]},{\"@type\":\"ImageObject\",\"inLanguage\":\"es\",\"@id\":\"https:\/\/mwc-cmm.org\/en\/stories\/global-communion-and-why-it-matters\/#primaryimage\",\"url\":\"https:\/\/mwc-cmm.org\/wp-content\/uploads\/2024\/11\/perspectives_april_2015.jpg\",\"contentUrl\":\"https:\/\/mwc-cmm.org\/wp-content\/uploads\/2024\/11\/perspectives_april_2015.jpg\",\"width\":1200,\"height\":390},{\"@type\":\"BreadcrumbList\",\"@id\":\"https:\/\/mwc-cmm.org\/en\/stories\/global-communion-and-why-it-matters\/#breadcrumb\",\"itemListElement\":[{\"@type\":\"ListItem\",\"position\":1,\"name\":\"Home\",\"item\":\"https:\/\/mwc-cmm.org\/es\/\"},{\"@type\":\"ListItem\",\"position\":2,\"name\":\"\u00bfPor qu\u00e9 importa la comunidad mundial?\"}]},{\"@type\":\"WebSite\",\"@id\":\"https:\/\/mwc-cmm.org\/en\/#website\",\"url\":\"https:\/\/mwc-cmm.org\/en\/\",\"name\":\"Mennonite World Conference\",\"description\":\"A communion of Anabaptist-related churches\",\"publisher\":{\"@id\":\"https:\/\/mwc-cmm.org\/en\/#organization\"},\"alternateName\":\"MWC\",\"potentialAction\":[{\"@type\":\"SearchAction\",\"target\":{\"@type\":\"EntryPoint\",\"urlTemplate\":\"https:\/\/mwc-cmm.org\/en\/?s={search_term_string}\"},\"query-input\":{\"@type\":\"PropertyValueSpecification\",\"valueRequired\":true,\"valueName\":\"search_term_string\"}}],\"inLanguage\":\"es\"},{\"@type\":\"Organization\",\"@id\":\"https:\/\/mwc-cmm.org\/en\/#organization\",\"name\":\"Mennonite World Conference\",\"alternateName\":\"MWC\",\"url\":\"https:\/\/mwc-cmm.org\/en\/\",\"logo\":{\"@type\":\"ImageObject\",\"inLanguage\":\"es\",\"@id\":\"https:\/\/mwc-cmm.org\/en\/#\/schema\/logo\/image\/\",\"url\":\"https:\/\/mwc-cmm.org\/wp-content\/uploads\/2026\/01\/MWC_Sig_Blue_Horiz_webheader1-logo.svg\",\"contentUrl\":\"https:\/\/mwc-cmm.org\/wp-content\/uploads\/2026\/01\/MWC_Sig_Blue_Horiz_webheader1-logo.svg\",\"width\":786,\"height\":82,\"caption\":\"Mennonite World Conference\"},\"image\":{\"@id\":\"https:\/\/mwc-cmm.org\/en\/#\/schema\/logo\/image\/\"},\"sameAs\":[\"https:\/\/www.facebook.com\/MennoniteWorldConference\",\"https:\/\/www.linkedin.com\/company\/mennonite-world-conference-mwc\/\",\"https:\/\/www.instagram.com\/mwcmm\/\",\"https:\/\/www.youtube.com\/user\/mwccmm\",\"https:\/\/bsky.app\/profile\/mwcmm.bsky.social\"]},{\"@type\":\"Person\",\"@id\":\"https:\/\/mwc-cmm.org\/en\/#\/schema\/person\/11f6ae0d7d1868ba20a1cc27f067c836\",\"name\":\"mennworldcon\",\"image\":{\"@type\":\"ImageObject\",\"inLanguage\":\"es\",\"@id\":\"https:\/\/secure.gravatar.com\/avatar\/06fdc0dc81c157dfdb82ec42f252178a22307808988d22c043f9eb96f1e0fe80?s=96&d=mm&r=g\",\"url\":\"https:\/\/secure.gravatar.com\/avatar\/06fdc0dc81c157dfdb82ec42f252178a22307808988d22c043f9eb96f1e0fe80?s=96&d=mm&r=g\",\"contentUrl\":\"https:\/\/secure.gravatar.com\/avatar\/06fdc0dc81c157dfdb82ec42f252178a22307808988d22c043f9eb96f1e0fe80?s=96&d=mm&r=g\",\"caption\":\"mennworldcon\"},\"sameAs\":[\"https:\/\/mwc-cmm.org\"],\"url\":\"https:\/\/mwc-cmm.org\/es\/stories\/author\/mennworldcon\/\"}]}<\/script>\n<!-- \/ Yoast SEO plugin. -->","yoast_head_json":{"title":"\u00bfPor qu\u00e9 importa la comunidad mundial? - Mennonite World Conference","robots":{"index":"index","follow":"follow","max-snippet":"max-snippet:-1","max-image-preview":"max-image-preview:large","max-video-preview":"max-video-preview:-1"},"canonical":"https:\/\/mwc-cmm.org\/en\/stories\/global-communion-and-why-it-matters\/","og_locale":"es_ES","og_type":"article","og_title":"\u00bfPor qu\u00e9 importa la comunidad mundial? - Mennonite World Conference","og_description":"Profundizar nuestro compromiso com\u00fan de ser una familia mundial Como Congreso Mundial Menonita, compartimos el compromiso de ser una hermandad (koinonia) mundial de fe y vida. Juntos, anhelamos ser una hermandad que trascienda las fronteras de nacionalidad, raza, clase, g\u00e9nero e idioma. Pero debido a nuestra diversidad, cada iglesia miembro del CMM aporta una singular [&hellip;]","og_url":"https:\/\/mwc-cmm.org\/en\/stories\/global-communion-and-why-it-matters\/","og_site_name":"Mennonite World Conference","article_publisher":"https:\/\/www.facebook.com\/MennoniteWorldConference","article_published_time":"2016-05-19T00:00:00+00:00","article_modified_time":"2024-12-10T17:59:26+00:00","og_image":[{"width":1200,"height":390,"url":"https:\/\/mwc-cmm.org\/wp-content\/uploads\/2024\/11\/perspectives_april_2015.jpg","type":"image\/jpeg"}],"author":"mennworldcon","schema":{"@context":"https:\/\/schema.org","@graph":[{"@type":"Article","@id":"https:\/\/mwc-cmm.org\/en\/stories\/global-communion-and-why-it-matters\/#article","isPartOf":{"@id":"https:\/\/mwc-cmm.org\/en\/stories\/global-communion-and-why-it-matters\/"},"author":{"name":"mennworldcon","@id":"https:\/\/mwc-cmm.org\/en\/#\/schema\/person\/11f6ae0d7d1868ba20a1cc27f067c836"},"headline":"\u00bfPor qu\u00e9 importa la comunidad mundial?","datePublished":"2016-05-19T00:00:00+00:00","dateModified":"2024-12-10T17:59:26+00:00","mainEntityOfPage":{"@id":"https:\/\/mwc-cmm.org\/en\/stories\/global-communion-and-why-it-matters\/"},"wordCount":362,"publisher":{"@id":"https:\/\/mwc-cmm.org\/en\/#organization"},"image":{"@id":"https:\/\/mwc-cmm.org\/en\/stories\/global-communion-and-why-it-matters\/#primaryimage"},"thumbnailUrl":"https:\/\/mwc-cmm.org\/wp-content\/uploads\/2024\/11\/perspectives_april_2015.jpg","articleSection":["Sin categorizar"],"inLanguage":"es"},{"@type":"WebPage","@id":"https:\/\/mwc-cmm.org\/en\/stories\/global-communion-and-why-it-matters\/","url":"https:\/\/mwc-cmm.org\/en\/stories\/global-communion-and-why-it-matters\/","name":"\u00bfPor qu\u00e9 importa la comunidad mundial? - Mennonite World Conference","isPartOf":{"@id":"https:\/\/mwc-cmm.org\/en\/#website"},"primaryImageOfPage":{"@id":"https:\/\/mwc-cmm.org\/en\/stories\/global-communion-and-why-it-matters\/#primaryimage"},"image":{"@id":"https:\/\/mwc-cmm.org\/en\/stories\/global-communion-and-why-it-matters\/#primaryimage"},"thumbnailUrl":"https:\/\/mwc-cmm.org\/wp-content\/uploads\/2024\/11\/perspectives_april_2015.jpg","datePublished":"2016-05-19T00:00:00+00:00","dateModified":"2024-12-10T17:59:26+00:00","breadcrumb":{"@id":"https:\/\/mwc-cmm.org\/en\/stories\/global-communion-and-why-it-matters\/#breadcrumb"},"inLanguage":"es","potentialAction":[{"@type":"ReadAction","target":["https:\/\/mwc-cmm.org\/en\/stories\/global-communion-and-why-it-matters\/"]}]},{"@type":"ImageObject","inLanguage":"es","@id":"https:\/\/mwc-cmm.org\/en\/stories\/global-communion-and-why-it-matters\/#primaryimage","url":"https:\/\/mwc-cmm.org\/wp-content\/uploads\/2024\/11\/perspectives_april_2015.jpg","contentUrl":"https:\/\/mwc-cmm.org\/wp-content\/uploads\/2024\/11\/perspectives_april_2015.jpg","width":1200,"height":390},{"@type":"BreadcrumbList","@id":"https:\/\/mwc-cmm.org\/en\/stories\/global-communion-and-why-it-matters\/#breadcrumb","itemListElement":[{"@type":"ListItem","position":1,"name":"Home","item":"https:\/\/mwc-cmm.org\/es\/"},{"@type":"ListItem","position":2,"name":"\u00bfPor qu\u00e9 importa la comunidad mundial?"}]},{"@type":"WebSite","@id":"https:\/\/mwc-cmm.org\/en\/#website","url":"https:\/\/mwc-cmm.org\/en\/","name":"Mennonite World Conference","description":"A communion of Anabaptist-related churches","publisher":{"@id":"https:\/\/mwc-cmm.org\/en\/#organization"},"alternateName":"MWC","potentialAction":[{"@type":"SearchAction","target":{"@type":"EntryPoint","urlTemplate":"https:\/\/mwc-cmm.org\/en\/?s={search_term_string}"},"query-input":{"@type":"PropertyValueSpecification","valueRequired":true,"valueName":"search_term_string"}}],"inLanguage":"es"},{"@type":"Organization","@id":"https:\/\/mwc-cmm.org\/en\/#organization","name":"Mennonite World Conference","alternateName":"MWC","url":"https:\/\/mwc-cmm.org\/en\/","logo":{"@type":"ImageObject","inLanguage":"es","@id":"https:\/\/mwc-cmm.org\/en\/#\/schema\/logo\/image\/","url":"https:\/\/mwc-cmm.org\/wp-content\/uploads\/2026\/01\/MWC_Sig_Blue_Horiz_webheader1-logo.svg","contentUrl":"https:\/\/mwc-cmm.org\/wp-content\/uploads\/2026\/01\/MWC_Sig_Blue_Horiz_webheader1-logo.svg","width":786,"height":82,"caption":"Mennonite World Conference"},"image":{"@id":"https:\/\/mwc-cmm.org\/en\/#\/schema\/logo\/image\/"},"sameAs":["https:\/\/www.facebook.com\/MennoniteWorldConference","https:\/\/www.linkedin.com\/company\/mennonite-world-conference-mwc\/","https:\/\/www.instagram.com\/mwcmm\/","https:\/\/www.youtube.com\/user\/mwccmm","https:\/\/bsky.app\/profile\/mwcmm.bsky.social"]},{"@type":"Person","@id":"https:\/\/mwc-cmm.org\/en\/#\/schema\/person\/11f6ae0d7d1868ba20a1cc27f067c836","name":"mennworldcon","image":{"@type":"ImageObject","inLanguage":"es","@id":"https:\/\/secure.gravatar.com\/avatar\/06fdc0dc81c157dfdb82ec42f252178a22307808988d22c043f9eb96f1e0fe80?s=96&d=mm&r=g","url":"https:\/\/secure.gravatar.com\/avatar\/06fdc0dc81c157dfdb82ec42f252178a22307808988d22c043f9eb96f1e0fe80?s=96&d=mm&r=g","contentUrl":"https:\/\/secure.gravatar.com\/avatar\/06fdc0dc81c157dfdb82ec42f252178a22307808988d22c043f9eb96f1e0fe80?s=96&d=mm&r=g","caption":"mennworldcon"},"sameAs":["https:\/\/mwc-cmm.org"],"url":"https:\/\/mwc-cmm.org\/es\/stories\/author\/mennworldcon\/"}]}},"_links":{"self":[{"href":"https:\/\/mwc-cmm.org\/es\/wp-json\/wp\/v2\/posts\/8553","targetHints":{"allow":["GET"]}}],"collection":[{"href":"https:\/\/mwc-cmm.org\/es\/wp-json\/wp\/v2\/posts"}],"about":[{"href":"https:\/\/mwc-cmm.org\/es\/wp-json\/wp\/v2\/types\/post"}],"author":[{"embeddable":true,"href":"https:\/\/mwc-cmm.org\/es\/wp-json\/wp\/v2\/users\/1"}],"replies":[{"embeddable":true,"href":"https:\/\/mwc-cmm.org\/es\/wp-json\/wp\/v2\/comments?post=8553"}],"version-history":[{"count":0,"href":"https:\/\/mwc-cmm.org\/es\/wp-json\/wp\/v2\/posts\/8553\/revisions"}],"wp:featuredmedia":[{"embeddable":true,"href":"https:\/\/mwc-cmm.org\/es\/wp-json\/wp\/v2\/media\/86858"}],"wp:attachment":[{"href":"https:\/\/mwc-cmm.org\/es\/wp-json\/wp\/v2\/media?parent=8553"}],"wp:term":[{"taxonomy":"category","embeddable":true,"href":"https:\/\/mwc-cmm.org\/es\/wp-json\/wp\/v2\/categories?post=8553"},{"taxonomy":"post_tag","embeddable":true,"href":"https:\/\/mwc-cmm.org\/es\/wp-json\/wp\/v2\/tags?post=8553"},{"taxonomy":"network","embeddable":true,"href":"https:\/\/mwc-cmm.org\/es\/wp-json\/wp\/v2\/network?post=8553"},{"taxonomy":"eventcategory","embeddable":true,"href":"https:\/\/mwc-cmm.org\/es\/wp-json\/wp\/v2\/eventcategory?post=8553"}],"curies":[{"name":"wp","href":"https:\/\/api.w.org\/{rel}","templated":true}]}}