{"id":8547,"date":"2015-05-25T00:00:00","date_gmt":"2015-05-25T00:00:00","guid":{"rendered":"https:\/\/mwc-cmm.org\/it-takes-a-global-village-being-the-people-god-wants-us-to-be-3\/"},"modified":"2024-12-10T17:59:24","modified_gmt":"2024-12-10T17:59:24","slug":"it-takes-a-global-village-being-the-people-god-wants-us-to-be-3","status":"publish","type":"post","link":"https:\/\/mwc-cmm.org\/es\/stories\/it-takes-a-global-village-being-the-people-god-wants-us-to-be-3\/","title":{"rendered":"Una comunidad mundial: Ser el pueblo que Dios quisiera que seamos"},"content":{"rendered":"<p>Si alguien te pidiera que te definieras con unas pocas palabras, \u00bfcu\u00e1les ser\u00edan? \u00bfCambiar\u00edas esas palabras para describirte cuando est\u00e1s con tu familia, en el trabajo o al viajar a un lugar lejano? <\/p>\n<p>Descubr\u00ed que las palabras que empleo para definirme cambian seg\u00fan el contexto cultural. Cuando viv\u00edamos en Toronto, las dos palabr\u00e1s m\u00e1s b\u00e1sicas que usaba eran \u201ccristiana\u201d y \u201cmujer\u201d. Constitu\u00edan los dos aspectos de mi vida que marcaban la diferencia respecto al modo en que viv\u00eda. Imaginen mi sorpresa cuando nos mudamos a \u00c1frica del Sur y dichas palabras ya no reflejaban los aspectos clave de mi identidad.<\/p>\n<p>Toda la gente con la que nos relacion\u00e1bamos se defin\u00eda como cristiana, as\u00ed que esto se daba por hecho. Era mucho m\u00e1s importante ser madre que ser mujer. Adem\u00e1s, en \u00c1frica del Sur, ser blanca era lo m\u00e1s importante, un aspecto de mi identidad que hab\u00eda dado por sentado en Canad\u00e1.<\/p>\n<p>Mujer cristiana: dos aspectos importantes de mi identidad en Canad\u00e1. Madre blanca: dos aspectos distintos de mi identidad que se volvieron los m\u00e1s importantes en Lesoto. Cambi\u00f3 el modo de percibir mi identidad, aunque yo no hubiese cambiado. <\/p>\n<p>Este cambio ilustra la primera cuesti\u00f3n que quisiera plantear: la cultura importa, porque la cultura define qui\u00e9nes somos.<\/p>\n<p>La segunda cuesti\u00f3n es que el lenguaje importa. S\u00e9 un poco de varios idiomas, y me fascinan aquellas palabras que existen en un idioma y que no tienen una traducci\u00f3n directa en otro. En Sesotho, aprend\u00ed que existe una palabra para una parte del cuerpo que no se cura bien despu\u00e9s de una fractura o herida; en ingl\u00e9s no existe tal palabra. En espa\u00f1ol y franc\u00e9s existe una hermosa palabra, animador\/a o animateur, quien facilita el liderazgo de los integrantes de un grupo, concepto inexistente en ingl\u00e9s. Y en alem\u00e1n existe la hermosa palabra, gemeinschaft, que personas de habla inglesa han traducido como \u201chermandad\u201d y \u201ccomunidad\u201d, aunque dichas traducciones no logran captar la profundidad que tiene en alem\u00e1n. Cada uno de estos ejemplos destaca el hecho de que el lenguaje importa porque nos brinda los conceptos que son importantes en nuestra cultura.<\/p>\n<p>Existen algunas diferencias profundas entre los diversos idiomas y culturas de todo el mundo, diferencias mucho m\u00e1s profundas de lo que nos damos cuenta. La cultura, determinada por el lenguaje, repercute en nuestra cosmovisi\u00f3n, el conocimiento de s\u00ed mismo y el sentido de identidad. Y esto representa un desaf\u00edo especial para cristianos y cristianas, cuyas creencias y pr\u00e1cticas est\u00e1n determinadas por la cultura y el lenguaje, aunque nuestra fe trascienda tales categor\u00edas.<\/p>\n<p><strong>Ejemplos b\u00edblicos de diferencias<\/strong><\/p>\n<p>La Biblia nos brinda algunas im\u00e1genes e historias para explicar y entender nuestras diferencias basadas en lenguas y culturas, y para mostrarnos c\u00f3mo tales diferencias podr\u00edan de hecho ser parte del plan de Dios para edificar la Iglesia.<\/p>\n<p>El primer libro de la Biblia, G\u00e9nesis, relata la historia de la Torre de Babel, que ofrece dos razones para explicar los distintos grupos idiom\u00e1ticos. Una raz\u00f3n es que la unidad basada en la identidad \u00fanica, lleva al orgullo; y la otra es que la unidad basada en la identidad \u00fanica, es una respuesta al temor. En G\u00e9nesis 11:4-6, leemos que la gente quer\u00eda ser famosa y tem\u00eda estar dispersa. Ambos impulsos est\u00e1n arraigados en que las personas dependen de s\u00ed mismas en vez de depender de Dios: \u201cVeo que todos forman un solo pueblo y tienen una misma lengua. Esto es lo que han comenzado a hacer, y nada les har\u00e1 desistir ahora de lo que han pensado hacer\u201d.<\/p>\n<p>El te\u00f3logo Walter Brueggeman se\u00f1ala que en esta historia quer\u00edan ser grandes personas debido a su identidad \u00fanica: la misma lengua, la misma comida, la misma vestimenta, misma cultura. Se puede lograr mucho en una cultura homog\u00e9nea. Brueggemann plantea que Dios dispersa a la gente para mostrarle una manera mejor.<\/p>\n<p>La unidad que Dios quisiera para la humanidad es la de una diversidad de personas reunidas por medio de la fe y valores comunes, y no por medio de la identidad \u00fanica basada en el idioma y la cultura. Brueggemann sostiene que la variedad de idiomas y dispersi\u00f3n en esta historia no constituyen un castigo, sino que, en realidad, representan una oportunidad de estar a la altura del potencial mucho mayor que Dios desea para el mundo. Dios le dio a la gente de la Torre de Babel la oportunidad de experimentar las diferencias a fin de aprender a depender de Dios, y reunirse por medio de la fe en vez de la cultura. Hace falta una comunidad mundial para ser lo que Dios quisiera que seamos.<\/p>\n<p>Otra imagen b\u00edblica relacionada con las diferencias aparece al final de la Biblia, en el \u00faltimo libro, en Apocalipsis 7: 9-14, donde leemos que innumerables personas, de cada naci\u00f3n, tribu y lengua, cantan y adoran juntas a Dios. Es la imagen opuesta a la Torre de Babel, y es un peque\u00f1o anticipo del cielo.<\/p>\n<p>Dicha imagen nos viene como parte de la historia en Apocalipsis, relacionada con la apertura de los siete sellos: siete acontecimientos que conllevan terribles consecuencias para la gente. En realidad, esta imagen figura entre la apertura del sexto y s\u00e9ptimo sello, como una peque\u00f1a pausa en la historia. Aqu\u00ed nos encontramos con una imagen del pueblo de Dios, personas de cada cultura y lengua, que juntas adoran a Dios, a pesar de las pruebas, persecuciones y tribulaciones que padecen.<\/p>\n<p>En la apertura de los sellos, surge una pregunta en el vers\u00edculo 13: \u201c\u00bfQui\u00e9n es capaz de resistir todas estas pruebas?\u201d La respuesta se da  por medio de esta imagen: el pueblo multicultural de Dios que adora y alaba a Dios, con personas de todos los pa\u00edses y todos los idiomas, capaces de resistir toda persecuci\u00f3n y tribulaci\u00f3n. Hace falta una comunidad mundial para ser el pueblo que Dios quisiera que seamos, y para ser capaces de no desanimarnos ante la persecuci\u00f3n.<\/p>\n<p><strong>Llegar a ser el pueblo multicultural  de Dios<\/strong><\/p>\n<p>Para el pueblo jud\u00edo de Israel, que cre\u00eda que era el \u00fanico pueblo elegido de Dios, esta imagen del pueblo multicultural de Dios representa un cambio radical de enfoque. En Efesios 3, Pablo afirma expl\u00edcitamente que alguna vez los gentiles no s\u00f3lo eran extranjeros y forasteros sino no circuncidados, y por consiguiente no eran parte de Israel, no formaban parte del pueblo de Dios. Pero ahora, concluye, por medio de Cristo, pertenecen plenamente [al pueblo de Dios]. El comentario de Pablo signific\u00f3 un cambio enorme en el modo de pensar de los cristianos jud\u00edos. S\u00f3lo a partir de entonces comprender\u00edan que pod\u00eda haber otras formas de adorar a Dios que sus tradiciones jud\u00edas, especialmente las pr\u00e1cticas que les otorgaban identidad, tales como la circuncisi\u00f3n y las normas alimentarias.<\/p>\n<p>Para quienes piensen que su forma de adorar y comprender a Dios es la correcta, o la mejor o incluso la \u00fanica forma, la imagen del pueblo multicultural de Dios en Apocalipsis 7 representa tambi\u00e9n un enorme cambio en su modo de pensar. Hace falta una comunidad mundial para ser el pueblo que Dios quisiera que seamos.<\/p>\n<p>Somos personas culturales, y nuestras tradiciones e idiomas son el medio para que comprendamos y adoremos a Dios. Hay mucho para celebrar de nuestras formas de adorar y comprender a Dios, donde sea que vivamos y adoremos. \u00a1Pero nuestras formas no son las \u00fanicas! Pueden ser m\u00e1s agradables y conocidas, y nuestros\/as l\u00edderes incluso nos pueden dar explicaciones b\u00edblicas minuciosas de porqu\u00e9 creemos que nuestras pr\u00e1cticas son las correctas. Como la gente en la Torre de Babel, muy a menudo tememos que las diferencias generen desuni\u00f3n y nos dispersen. Estamos muy dispuestos a depender del idioma, la cultura y la tradici\u00f3n para mantenernos unidos, en vez de depender de Dios para mantenernos unidos a pesar de nuestras diferencias. Es necesario que podamos llegar a ser como la gente de Apocalipsis, un grupo multicultural de personas que adoran juntas a Dios, capaces de resistir toda persecuci\u00f3n. Hace falta una comunidad mundial para ser el pueblo que Dios quisiera que seamos.<\/p>\n<p><strong>Un anticipo del cielo en la tierra<\/strong><\/p>\n<p>Habiendo estudiado sociolog\u00eda, s\u00e9 que todo grupo se esfuerza por definir su propia identidad y su propio modo de hacer las cosas, y que tales modos de pertenencia son importantes. Todos\/as deseamos pertenecer a un grupo para compartir una determinada identidad; es parte de la naturaleza humana. La pertenencia es algo bueno. Sin embargo, estas historias de G\u00e9nesis, Apocalipsis y Efesios nos ayudan a ver que Dios  pretende que compartamos nuestra identidad fundamental con quienes siguen a Jes\u00fas, y no con quienes comparten nuestro idioma, cultura o nacionalidad. Pertenecemos a un pueblo cuya visi\u00f3n del mundo est\u00e1 determinada por Dios, la Biblia y nuestra comunidad de fe. Nuestra identidad primordial es ser cristianos y cristianas. Pertenecemos a una iglesia local y a una iglesia mundial. Esta identidad y pertenencia deber\u00edan ser la principal influencia que defina qui\u00e9nes somos.<\/p>\n<p>Nuestras congregaciones son lugares de pertenencia, donde nos conocemos y  gozamos similares estilos de adoraci\u00f3n y seguimiento de Jes\u00fas. Pertenecer a una congregaci\u00f3n local donde nos gusta cantar los mismos cantos u orar de la misma manera es algo bueno. Muchos\/as pertenecemos tambi\u00e9n a convenciones regionales o nacionales, otro \u00e1mbito en el que compartimos costumbres y tradiciones que nos unen en una identidad com\u00fan. Pero s\u00e9 que aun en las congregaciones y convenciones siempre existen suficientes diferencias como para generar conflicto y tensi\u00f3n. Estas diferencias se magnifican cuando agrupamos un gran n\u00famero de congregaciones y convenciones en un solo pa\u00eds, y luego seg\u00fan culturas, idiomas y pa\u00edses.<\/p>\n<p>Pertenecer al Congreso Mundial Menonita es diferente a pertenecer a una congregaci\u00f3n o convenci\u00f3n local. El CMM es la comunidad mundial de la iglesia anabautista, donde nos reunimos porque compartimos convicciones respecto a Dios, Jes\u00fas, el Esp\u00edritu Santo y la iglesia. Es el lugar donde podemos apenas anticipar el cielo en la tierra, un anticipo de c\u00f3mo adorar a Dios con personas de diferentes naciones, diferentes culturas y diferentes idiomas. Es un anticipo de c\u00f3mo ser el pueblo que Dios quisiera que seamos, un pueblo unido por medio de algo m\u00e1s que el idioma, la cultura o costumbres y tradiciones locales. <\/p>\n<p>El CMM es el espacio donde podemos aprender de nuestra diversidad cultural sobre lo que significa seguir a Jes\u00fas. Creo que la mejor manera de responder la pregunta, \u201c\u00bfqu\u00e9 significa ser cristiano anabautista hoy en mi contexto cultural?\u201d, es indagar c\u00f3mo la gente de otros contextos culturales responde dicha pregunta. El CMM es el espacio donde transitamos el camino de la fe con quienes son diferentes a nosotros\/as: diferentes culturas, diferentes pa\u00edses, incluso diferentes tipos de anabautistas de diferentes convenciones. El CMM es el espacio en el que estamos unidos por nuestras convicciones compartidas como cristianos y cristianas anabautistas. Juntos, somos un poco del cielo aqu\u00ed en la tierra. Juntos, tenemos la fortaleza suficiente para resistir persecuci\u00f3n y tentaci\u00f3n.<\/p>\n<p><strong>Juntos con todos los santos<\/strong><\/p>\n<p>Volvamos al pasaje escrito por Pablo a los cristianos de \u221a\u00e2feso, no a los cristianos jud\u00edos sino a los cristianos gentiles. En los cap\u00edtulos 2 y 3 les recuerda que son conciudadanos del pueblo de Dios, miembros plenos de la casa de Dios, y part\u00edcipes de la promesa en Jesucristo. Aqu\u00e9llo era un concepto nuevo y asombroso, aunque controvertido en ese entonces, que sigue transformando nuestra comprensi\u00f3n de las acciones de Dios en el mundo de hoy d\u00eda. Somos todos\/as miembros plenos de la casa de Dios, y part\u00edcipes de la promesa en Jesucristo, pese a todas las diferencias que nos dividen tan f\u00e1cilmente.<\/p>\n<p>Pablo ofrece una oraci\u00f3n para esta iglesia gentil en Efesios 3:14-21. Ora para que puedan entender la inmensidad del amor de Dios: su amplitud, extensi\u00f3n, profundidad y dimensi\u00f3n. Y ora para que puedan conocerlo \u201ccon todos los santos\u201d. Me encanta esta peque\u00f1a frase. Creo que se refiere a que no podemos conocer verdaderamente la inmensidad del amor de Dios sin todos los santos. Es s\u00f3lo en el desorden de las diferencias \u201a\u00c4\u00ecculturales, ling\u221a\u00ba\u00edsticas, pol\u00edticas, teol\u00f3gicas y econ\u00f3micas\u201a\u00c4\u00ec con todos los santos, que podremos empezar a comprender el amor de Dios. Hace falta una comunidad mundial para empezar a comprender la inmensidad del amor de Dios, y para ser el pueblo que Dios quisiera que seamos.<\/p>\n<p><em>Arli Klassen es directora de desarrollo del Congreso Mundial Menonita.<\/em><\/p>\n<p><img decoding=\"async\" alt=\"\" data-src=\"\/sites\/default\/files\/website_files\/dsc_7603-web_edit.jpg\" style=\"width: 400px; height: 266px; float: left; margin-left: 5px; margin-right: 5px;\" src=\"data:image\/svg+xml;base64,PHN2ZyB3aWR0aD0iMSIgaGVpZ2h0PSIxIiB4bWxucz0iaHR0cDovL3d3dy53My5vcmcvMjAwMC9zdmciPjwvc3ZnPg==\" class=\"lazyload\" \/><\/p>\n<p>Anabautistas de todo el mundo comparten la Cena del Se\u00f1or durante la reuni\u00f3n del Concilio General del CMM en 2012, realizada en Basilea, Suiza. Foto: Merle Good<\/p>\n<\/p>\n<\/p>\n<\/p>\n<\/p>\n<p><img decoding=\"async\" alt=\"\" data-src=\"\/sites\/default\/files\/website_files\/wallhanging_may_12_173-web_edit.jpg\" style=\"width: 400px; height: 268px; float: left; margin-left: 5px; margin-right: 5px;\" src=\"data:image\/svg+xml;base64,PHN2ZyB3aWR0aD0iMSIgaGVpZ2h0PSIxIiB4bWxucz0iaHR0cDovL3d3dy53My5vcmcvMjAwMC9zdmciPjwvc3ZnPg==\" class=\"lazyload\" \/>Dos mujeres menonitas conversan entre ellas; una es oriunda de Am\u00e9rica del Norte y la otra de Indonesia. Para la comunidad anabautista, el CMM es el \u00e1mbito donde es posible este intercambio intercultural. Foto: Merle Good<\/p>\n<\/p>\n<\/p>\n<\/p>\n<\/p><\/p>\n","protected":false},"excerpt":{"rendered":"<p>NULL<\/p>\n","protected":false},"author":1,"featured_media":86816,"comment_status":"closed","ping_status":"closed","sticky":false,"template":"","format":"standard","meta":{"_acf_changed":false,"footnotes":""},"categories":[6],"tags":[],"network":[1306],"eventcategory":[],"class_list":["post-8547","post","type-post","status-publish","format-standard","has-post-thumbnail","hentry","category-sin-categorizar","network-courier-es"],"acf":[],"yoast_head":"<!-- This site is optimized with the Yoast SEO plugin v27.2 - https:\/\/yoast.com\/product\/yoast-seo-wordpress\/ -->\n<title>Una comunidad mundial: Ser el pueblo que Dios quisiera que seamos - Mennonite World Conference<\/title>\n<meta name=\"robots\" content=\"index, follow, max-snippet:-1, max-image-preview:large, max-video-preview:-1\" \/>\n<link rel=\"canonical\" href=\"https:\/\/mwc-cmm.org\/en\/stories\/it-takes-a-global-village-being-the-people-god-wants-us-to-be\/\" \/>\n<meta property=\"og:locale\" content=\"es_ES\" \/>\n<meta property=\"og:type\" content=\"article\" \/>\n<meta property=\"og:title\" content=\"Una comunidad mundial: Ser el pueblo que Dios quisiera que seamos - Mennonite World Conference\" \/>\n<meta property=\"og:description\" content=\"NULL\" \/>\n<meta property=\"og:url\" content=\"https:\/\/mwc-cmm.org\/en\/stories\/it-takes-a-global-village-being-the-people-god-wants-us-to-be\/\" \/>\n<meta property=\"og:site_name\" content=\"Mennonite World Conference\" \/>\n<meta property=\"article:publisher\" content=\"https:\/\/www.facebook.com\/MennoniteWorldConference\" \/>\n<meta property=\"article:published_time\" content=\"2015-05-25T00:00:00+00:00\" \/>\n<meta property=\"article:modified_time\" content=\"2024-12-10T17:59:24+00:00\" \/>\n<meta property=\"og:image\" content=\"https:\/\/mwc-cmm.org\/wp-content\/uploads\/2024\/11\/menno-women-from-diff-countries-web_edit_final.jpg\" \/>\n\t<meta property=\"og:image:width\" content=\"1200\" \/>\n\t<meta property=\"og:image:height\" content=\"722\" \/>\n\t<meta property=\"og:image:type\" content=\"image\/jpeg\" \/>\n<meta name=\"author\" content=\"mennworldcon\" \/>\n<script type=\"application\/ld+json\" class=\"yoast-schema-graph\">{\"@context\":\"https:\/\/schema.org\",\"@graph\":[{\"@type\":\"Article\",\"@id\":\"https:\/\/mwc-cmm.org\/en\/stories\/it-takes-a-global-village-being-the-people-god-wants-us-to-be\/#article\",\"isPartOf\":{\"@id\":\"https:\/\/mwc-cmm.org\/en\/stories\/it-takes-a-global-village-being-the-people-god-wants-us-to-be\/\"},\"author\":{\"name\":\"mennworldcon\",\"@id\":\"https:\/\/mwc-cmm.org\/en\/#\/schema\/person\/11f6ae0d7d1868ba20a1cc27f067c836\"},\"headline\":\"Una comunidad mundial: Ser el pueblo que Dios quisiera que seamos\",\"datePublished\":\"2015-05-25T00:00:00+00:00\",\"dateModified\":\"2024-12-10T17:59:24+00:00\",\"mainEntityOfPage\":{\"@id\":\"https:\/\/mwc-cmm.org\/en\/stories\/it-takes-a-global-village-being-the-people-god-wants-us-to-be\/\"},\"wordCount\":2235,\"publisher\":{\"@id\":\"https:\/\/mwc-cmm.org\/en\/#organization\"},\"image\":{\"@id\":\"https:\/\/mwc-cmm.org\/en\/stories\/it-takes-a-global-village-being-the-people-god-wants-us-to-be\/#primaryimage\"},\"thumbnailUrl\":\"https:\/\/mwc-cmm.org\/wp-content\/uploads\/2024\/11\/menno-women-from-diff-countries-web_edit_final.jpg\",\"articleSection\":[\"Sin categorizar\"],\"inLanguage\":\"es\"},{\"@type\":\"WebPage\",\"@id\":\"https:\/\/mwc-cmm.org\/en\/stories\/it-takes-a-global-village-being-the-people-god-wants-us-to-be\/\",\"url\":\"https:\/\/mwc-cmm.org\/en\/stories\/it-takes-a-global-village-being-the-people-god-wants-us-to-be\/\",\"name\":\"Una comunidad mundial: Ser el pueblo que Dios quisiera que seamos - Mennonite World Conference\",\"isPartOf\":{\"@id\":\"https:\/\/mwc-cmm.org\/en\/#website\"},\"primaryImageOfPage\":{\"@id\":\"https:\/\/mwc-cmm.org\/en\/stories\/it-takes-a-global-village-being-the-people-god-wants-us-to-be\/#primaryimage\"},\"image\":{\"@id\":\"https:\/\/mwc-cmm.org\/en\/stories\/it-takes-a-global-village-being-the-people-god-wants-us-to-be\/#primaryimage\"},\"thumbnailUrl\":\"https:\/\/mwc-cmm.org\/wp-content\/uploads\/2024\/11\/menno-women-from-diff-countries-web_edit_final.jpg\",\"datePublished\":\"2015-05-25T00:00:00+00:00\",\"dateModified\":\"2024-12-10T17:59:24+00:00\",\"breadcrumb\":{\"@id\":\"https:\/\/mwc-cmm.org\/en\/stories\/it-takes-a-global-village-being-the-people-god-wants-us-to-be\/#breadcrumb\"},\"inLanguage\":\"es\",\"potentialAction\":[{\"@type\":\"ReadAction\",\"target\":[\"https:\/\/mwc-cmm.org\/en\/stories\/it-takes-a-global-village-being-the-people-god-wants-us-to-be\/\"]}]},{\"@type\":\"ImageObject\",\"inLanguage\":\"es\",\"@id\":\"https:\/\/mwc-cmm.org\/en\/stories\/it-takes-a-global-village-being-the-people-god-wants-us-to-be\/#primaryimage\",\"url\":\"https:\/\/mwc-cmm.org\/wp-content\/uploads\/2024\/11\/menno-women-from-diff-countries-web_edit_final.jpg\",\"contentUrl\":\"https:\/\/mwc-cmm.org\/wp-content\/uploads\/2024\/11\/menno-women-from-diff-countries-web_edit_final.jpg\",\"width\":1200,\"height\":722},{\"@type\":\"BreadcrumbList\",\"@id\":\"https:\/\/mwc-cmm.org\/en\/stories\/it-takes-a-global-village-being-the-people-god-wants-us-to-be\/#breadcrumb\",\"itemListElement\":[{\"@type\":\"ListItem\",\"position\":1,\"name\":\"Home\",\"item\":\"https:\/\/mwc-cmm.org\/es\/\"},{\"@type\":\"ListItem\",\"position\":2,\"name\":\"Una comunidad mundial: Ser el pueblo que Dios quisiera que seamos\"}]},{\"@type\":\"WebSite\",\"@id\":\"https:\/\/mwc-cmm.org\/en\/#website\",\"url\":\"https:\/\/mwc-cmm.org\/en\/\",\"name\":\"Mennonite World Conference\",\"description\":\"A communion of Anabaptist-related churches\",\"publisher\":{\"@id\":\"https:\/\/mwc-cmm.org\/en\/#organization\"},\"alternateName\":\"MWC\",\"potentialAction\":[{\"@type\":\"SearchAction\",\"target\":{\"@type\":\"EntryPoint\",\"urlTemplate\":\"https:\/\/mwc-cmm.org\/en\/?s={search_term_string}\"},\"query-input\":{\"@type\":\"PropertyValueSpecification\",\"valueRequired\":true,\"valueName\":\"search_term_string\"}}],\"inLanguage\":\"es\"},{\"@type\":\"Organization\",\"@id\":\"https:\/\/mwc-cmm.org\/en\/#organization\",\"name\":\"Mennonite World Conference\",\"alternateName\":\"MWC\",\"url\":\"https:\/\/mwc-cmm.org\/en\/\",\"logo\":{\"@type\":\"ImageObject\",\"inLanguage\":\"es\",\"@id\":\"https:\/\/mwc-cmm.org\/en\/#\/schema\/logo\/image\/\",\"url\":\"https:\/\/mwc-cmm.org\/wp-content\/uploads\/2026\/01\/MWC_Sig_Blue_Horiz_webheader1-logo.svg\",\"contentUrl\":\"https:\/\/mwc-cmm.org\/wp-content\/uploads\/2026\/01\/MWC_Sig_Blue_Horiz_webheader1-logo.svg\",\"width\":786,\"height\":82,\"caption\":\"Mennonite World Conference\"},\"image\":{\"@id\":\"https:\/\/mwc-cmm.org\/en\/#\/schema\/logo\/image\/\"},\"sameAs\":[\"https:\/\/www.facebook.com\/MennoniteWorldConference\",\"https:\/\/www.linkedin.com\/company\/mennonite-world-conference-mwc\/\",\"https:\/\/www.instagram.com\/mwcmm\/\",\"https:\/\/www.youtube.com\/user\/mwccmm\",\"https:\/\/bsky.app\/profile\/mwcmm.bsky.social\"]},{\"@type\":\"Person\",\"@id\":\"https:\/\/mwc-cmm.org\/en\/#\/schema\/person\/11f6ae0d7d1868ba20a1cc27f067c836\",\"name\":\"mennworldcon\",\"image\":{\"@type\":\"ImageObject\",\"inLanguage\":\"es\",\"@id\":\"https:\/\/secure.gravatar.com\/avatar\/06fdc0dc81c157dfdb82ec42f252178a22307808988d22c043f9eb96f1e0fe80?s=96&d=mm&r=g\",\"url\":\"https:\/\/secure.gravatar.com\/avatar\/06fdc0dc81c157dfdb82ec42f252178a22307808988d22c043f9eb96f1e0fe80?s=96&d=mm&r=g\",\"contentUrl\":\"https:\/\/secure.gravatar.com\/avatar\/06fdc0dc81c157dfdb82ec42f252178a22307808988d22c043f9eb96f1e0fe80?s=96&d=mm&r=g\",\"caption\":\"mennworldcon\"},\"sameAs\":[\"https:\/\/mwc-cmm.org\"],\"url\":\"https:\/\/mwc-cmm.org\/es\/stories\/author\/mennworldcon\/\"}]}<\/script>\n<!-- \/ Yoast SEO plugin. -->","yoast_head_json":{"title":"Una comunidad mundial: Ser el pueblo que Dios quisiera que seamos - Mennonite World Conference","robots":{"index":"index","follow":"follow","max-snippet":"max-snippet:-1","max-image-preview":"max-image-preview:large","max-video-preview":"max-video-preview:-1"},"canonical":"https:\/\/mwc-cmm.org\/en\/stories\/it-takes-a-global-village-being-the-people-god-wants-us-to-be\/","og_locale":"es_ES","og_type":"article","og_title":"Una comunidad mundial: Ser el pueblo que Dios quisiera que seamos - Mennonite World Conference","og_description":"NULL","og_url":"https:\/\/mwc-cmm.org\/en\/stories\/it-takes-a-global-village-being-the-people-god-wants-us-to-be\/","og_site_name":"Mennonite World Conference","article_publisher":"https:\/\/www.facebook.com\/MennoniteWorldConference","article_published_time":"2015-05-25T00:00:00+00:00","article_modified_time":"2024-12-10T17:59:24+00:00","og_image":[{"width":1200,"height":722,"url":"https:\/\/mwc-cmm.org\/wp-content\/uploads\/2024\/11\/menno-women-from-diff-countries-web_edit_final.jpg","type":"image\/jpeg"}],"author":"mennworldcon","schema":{"@context":"https:\/\/schema.org","@graph":[{"@type":"Article","@id":"https:\/\/mwc-cmm.org\/en\/stories\/it-takes-a-global-village-being-the-people-god-wants-us-to-be\/#article","isPartOf":{"@id":"https:\/\/mwc-cmm.org\/en\/stories\/it-takes-a-global-village-being-the-people-god-wants-us-to-be\/"},"author":{"name":"mennworldcon","@id":"https:\/\/mwc-cmm.org\/en\/#\/schema\/person\/11f6ae0d7d1868ba20a1cc27f067c836"},"headline":"Una comunidad mundial: Ser el pueblo que Dios quisiera que seamos","datePublished":"2015-05-25T00:00:00+00:00","dateModified":"2024-12-10T17:59:24+00:00","mainEntityOfPage":{"@id":"https:\/\/mwc-cmm.org\/en\/stories\/it-takes-a-global-village-being-the-people-god-wants-us-to-be\/"},"wordCount":2235,"publisher":{"@id":"https:\/\/mwc-cmm.org\/en\/#organization"},"image":{"@id":"https:\/\/mwc-cmm.org\/en\/stories\/it-takes-a-global-village-being-the-people-god-wants-us-to-be\/#primaryimage"},"thumbnailUrl":"https:\/\/mwc-cmm.org\/wp-content\/uploads\/2024\/11\/menno-women-from-diff-countries-web_edit_final.jpg","articleSection":["Sin categorizar"],"inLanguage":"es"},{"@type":"WebPage","@id":"https:\/\/mwc-cmm.org\/en\/stories\/it-takes-a-global-village-being-the-people-god-wants-us-to-be\/","url":"https:\/\/mwc-cmm.org\/en\/stories\/it-takes-a-global-village-being-the-people-god-wants-us-to-be\/","name":"Una comunidad mundial: Ser el pueblo que Dios quisiera que seamos - Mennonite World Conference","isPartOf":{"@id":"https:\/\/mwc-cmm.org\/en\/#website"},"primaryImageOfPage":{"@id":"https:\/\/mwc-cmm.org\/en\/stories\/it-takes-a-global-village-being-the-people-god-wants-us-to-be\/#primaryimage"},"image":{"@id":"https:\/\/mwc-cmm.org\/en\/stories\/it-takes-a-global-village-being-the-people-god-wants-us-to-be\/#primaryimage"},"thumbnailUrl":"https:\/\/mwc-cmm.org\/wp-content\/uploads\/2024\/11\/menno-women-from-diff-countries-web_edit_final.jpg","datePublished":"2015-05-25T00:00:00+00:00","dateModified":"2024-12-10T17:59:24+00:00","breadcrumb":{"@id":"https:\/\/mwc-cmm.org\/en\/stories\/it-takes-a-global-village-being-the-people-god-wants-us-to-be\/#breadcrumb"},"inLanguage":"es","potentialAction":[{"@type":"ReadAction","target":["https:\/\/mwc-cmm.org\/en\/stories\/it-takes-a-global-village-being-the-people-god-wants-us-to-be\/"]}]},{"@type":"ImageObject","inLanguage":"es","@id":"https:\/\/mwc-cmm.org\/en\/stories\/it-takes-a-global-village-being-the-people-god-wants-us-to-be\/#primaryimage","url":"https:\/\/mwc-cmm.org\/wp-content\/uploads\/2024\/11\/menno-women-from-diff-countries-web_edit_final.jpg","contentUrl":"https:\/\/mwc-cmm.org\/wp-content\/uploads\/2024\/11\/menno-women-from-diff-countries-web_edit_final.jpg","width":1200,"height":722},{"@type":"BreadcrumbList","@id":"https:\/\/mwc-cmm.org\/en\/stories\/it-takes-a-global-village-being-the-people-god-wants-us-to-be\/#breadcrumb","itemListElement":[{"@type":"ListItem","position":1,"name":"Home","item":"https:\/\/mwc-cmm.org\/es\/"},{"@type":"ListItem","position":2,"name":"Una comunidad mundial: Ser el pueblo que Dios quisiera que seamos"}]},{"@type":"WebSite","@id":"https:\/\/mwc-cmm.org\/en\/#website","url":"https:\/\/mwc-cmm.org\/en\/","name":"Mennonite World Conference","description":"A communion of Anabaptist-related churches","publisher":{"@id":"https:\/\/mwc-cmm.org\/en\/#organization"},"alternateName":"MWC","potentialAction":[{"@type":"SearchAction","target":{"@type":"EntryPoint","urlTemplate":"https:\/\/mwc-cmm.org\/en\/?s={search_term_string}"},"query-input":{"@type":"PropertyValueSpecification","valueRequired":true,"valueName":"search_term_string"}}],"inLanguage":"es"},{"@type":"Organization","@id":"https:\/\/mwc-cmm.org\/en\/#organization","name":"Mennonite World Conference","alternateName":"MWC","url":"https:\/\/mwc-cmm.org\/en\/","logo":{"@type":"ImageObject","inLanguage":"es","@id":"https:\/\/mwc-cmm.org\/en\/#\/schema\/logo\/image\/","url":"https:\/\/mwc-cmm.org\/wp-content\/uploads\/2026\/01\/MWC_Sig_Blue_Horiz_webheader1-logo.svg","contentUrl":"https:\/\/mwc-cmm.org\/wp-content\/uploads\/2026\/01\/MWC_Sig_Blue_Horiz_webheader1-logo.svg","width":786,"height":82,"caption":"Mennonite World Conference"},"image":{"@id":"https:\/\/mwc-cmm.org\/en\/#\/schema\/logo\/image\/"},"sameAs":["https:\/\/www.facebook.com\/MennoniteWorldConference","https:\/\/www.linkedin.com\/company\/mennonite-world-conference-mwc\/","https:\/\/www.instagram.com\/mwcmm\/","https:\/\/www.youtube.com\/user\/mwccmm","https:\/\/bsky.app\/profile\/mwcmm.bsky.social"]},{"@type":"Person","@id":"https:\/\/mwc-cmm.org\/en\/#\/schema\/person\/11f6ae0d7d1868ba20a1cc27f067c836","name":"mennworldcon","image":{"@type":"ImageObject","inLanguage":"es","@id":"https:\/\/secure.gravatar.com\/avatar\/06fdc0dc81c157dfdb82ec42f252178a22307808988d22c043f9eb96f1e0fe80?s=96&d=mm&r=g","url":"https:\/\/secure.gravatar.com\/avatar\/06fdc0dc81c157dfdb82ec42f252178a22307808988d22c043f9eb96f1e0fe80?s=96&d=mm&r=g","contentUrl":"https:\/\/secure.gravatar.com\/avatar\/06fdc0dc81c157dfdb82ec42f252178a22307808988d22c043f9eb96f1e0fe80?s=96&d=mm&r=g","caption":"mennworldcon"},"sameAs":["https:\/\/mwc-cmm.org"],"url":"https:\/\/mwc-cmm.org\/es\/stories\/author\/mennworldcon\/"}]}},"_links":{"self":[{"href":"https:\/\/mwc-cmm.org\/es\/wp-json\/wp\/v2\/posts\/8547","targetHints":{"allow":["GET"]}}],"collection":[{"href":"https:\/\/mwc-cmm.org\/es\/wp-json\/wp\/v2\/posts"}],"about":[{"href":"https:\/\/mwc-cmm.org\/es\/wp-json\/wp\/v2\/types\/post"}],"author":[{"embeddable":true,"href":"https:\/\/mwc-cmm.org\/es\/wp-json\/wp\/v2\/users\/1"}],"replies":[{"embeddable":true,"href":"https:\/\/mwc-cmm.org\/es\/wp-json\/wp\/v2\/comments?post=8547"}],"version-history":[{"count":0,"href":"https:\/\/mwc-cmm.org\/es\/wp-json\/wp\/v2\/posts\/8547\/revisions"}],"wp:featuredmedia":[{"embeddable":true,"href":"https:\/\/mwc-cmm.org\/es\/wp-json\/wp\/v2\/media\/86816"}],"wp:attachment":[{"href":"https:\/\/mwc-cmm.org\/es\/wp-json\/wp\/v2\/media?parent=8547"}],"wp:term":[{"taxonomy":"category","embeddable":true,"href":"https:\/\/mwc-cmm.org\/es\/wp-json\/wp\/v2\/categories?post=8547"},{"taxonomy":"post_tag","embeddable":true,"href":"https:\/\/mwc-cmm.org\/es\/wp-json\/wp\/v2\/tags?post=8547"},{"taxonomy":"network","embeddable":true,"href":"https:\/\/mwc-cmm.org\/es\/wp-json\/wp\/v2\/network?post=8547"},{"taxonomy":"eventcategory","embeddable":true,"href":"https:\/\/mwc-cmm.org\/es\/wp-json\/wp\/v2\/eventcategory?post=8547"}],"curies":[{"name":"wp","href":"https:\/\/api.w.org\/{rel}","templated":true}]}}