{"id":8541,"date":"2015-05-03T00:00:00","date_gmt":"2015-05-03T00:00:00","guid":{"rendered":"https:\/\/mwc-cmm.org\/nepal-church-requests-prayer-in-aftermath-of-earthquake-crisis-3\/"},"modified":"2024-12-10T17:59:22","modified_gmt":"2024-12-10T17:59:22","slug":"nepal-church-requests-prayer-in-aftermath-of-earthquake-crisis-3","status":"publish","type":"post","link":"https:\/\/mwc-cmm.org\/es\/stories\/nepal-church-requests-prayer-in-aftermath-of-earthquake-crisis-3\/","title":{"rendered":"La Iglesia de Nepal pide oraci\u00f3n por la crisis causada por el terremoto"},"content":{"rendered":"<p>Bogot\u00e1, Colombia \u2013 El Congreso Mundial Menonita hace un llamado de oraci\u00f3n urgente por el pueblo de Nepal. El s\u00e1bado 25 de abril de 2015 hubo un terremoto de magnitud 7.8 en la escala de Richter seguido por muchas r\u00e9plicas fuertes.<\/p>\n<p>El CMM ha estado en contacto con su iglesia miembro, la Iglesia de los Hermanos en Cristo de Nepal\/Brethren in Community Welfare Society. El 27 de abril Shemlal Hembron, Secretario General de la iglesia, comparti\u00f3: \u201cLa mayor\u00eda de nuestras iglesias Hermanos en Cristo se encuentran ubicadas en el este de Nepal y todos los miembros de nuestra iglesia est\u00e1n a salvo, a excepci\u00f3n de dos personas que resultaron heridas en Katmand\u00fa mientras corr\u00edan fuera de la iglesia. Los edificios de nuestras iglesias y los hogares de los creyentes se han visto afectados. Por favor continuen  orando por las familias en duelo y por el diario vivir.\u201d Para leer el correo  electr\u00f3nico completo, <a href=\"https:\/\/www.mwc-cmm.org\/article\/oraciones-de-gratitud-e-intercesion?language=es\">haga clic aqu\u00ed<\/a>.<\/p>\n<p>Hembrom escribi\u00f3 un nuevo reporte el 29 de abril en el que dice: \u201cGracias a Dios que, a partir de hoy, las replicas del terremoto se han calmado y nuestro servicio telef\u00f3nico y sistema de internet han comenzado a funcionar. Sin embargo, es triste informar que la tragedia de Nepal contin\u00faa aumentando. Actualmente 5.400 personas han muerto, pero el Primer Ministro Shushil Koirala afirma, \u2018El n\u00famero de muertos podr\u00eda llegar a los 10.000 porque la informaci\u00f3n de las aldeas lejanas afectadas por el terremoto a\u00fan no ha llegado.\u2019 M\u00e1s de 8.000 personas se encuentran hospitalizadas; cientos est\u00e1n recibiendo tratamiento m\u00e9dico en la calle y en lugares abiertos; m\u00e1s de 2.000 personas que estaban atrapadas debajo de los escombros de los edificios derrumbados han sido rescatadas con vida; y por causa de la lluvia, los equipos de rescate tambi\u00e9n est\u00e1n enfrentando dificultades. Seg\u00fan los informes, diez millones de personas en todo el pa\u00eds se han visto afectadas por el terremoto.<\/p>\n<p>\u201cAl lado de Katmand\u00fa, el distrito Sindhupalchok al noreste de Katmand\u00fa ha sufrido el mayor n\u00famero de v\u00edctimas. Bimal Lama, pastor de la Iglesia Hermanos en Cristo en Katmand\u00fa bajo la Misi\u00f3n T\u00edbet, proviene del mismo distrito donde viven su madre y otros parientes suyos. El s\u00e1bado por la tarde se le inform\u00f3 que la mayor\u00eda de las casas en su aldea hab\u00edan sido destruidas. Muchos han muerto, y que su madre tambi\u00e9n hab\u00eda resultado herida. Sin embargo, desde ese entonces no ha recibido noticia alguna sobre su estado ya que no hay conexi\u00f3n telef\u00f3nica en la zona por lo que se encuentra muy preocupado.<\/p>\n<p>\u201cDamos gracias a Dios que los creyentes de la Iglesia de los Hermanos en Cristo en Katmand\u00fa est\u00e1n a salvo, a excepci\u00f3n de algunos heridos. Damos gracias a Dios y a todos ustedes por sus oraciones  y preocupaci\u00f3n. Creemos que el Se\u00f1or tiene un prop\u00f3sito especial al mantenernos  a salvo, por lo que nosotros, la Mesa Ejecutiva de los Hermanos en Cristo, nos reunimos para dar nuestro agradecimiento a Dios, orar por las familias afectadas,  buscar Su voluntad  y como pueblo de Dios   hacer lo que podamos para compartir Su amor. Aunque la necesidad es muy grande, si podemos hacer peque\u00f1as cosas por algunos ser\u00e1 de mucha ayuda para ellos.\u201d<\/p>\n<p>Hembrom inform\u00f3  adem\u00e1s que la Iglesia de los Hermanos en Cristo de Nepal  est\u00e1 planeando enviar a un equipo de 15 a 20 voluntarios al distrito de Shindhupalchok, para proveer 1.000 carpas temporales, y para ayudar a 4.000 v\u00edctimas con alimento y medicamentos por lo menos  durante un mes. Tambi\u00e9n est\u00e1n planeando varios proyectos de construcci\u00f3n. Su presupuesto total  para este plan es de $225.000 a $250.000 dolares.<\/p>\n<p>\u201cFavor de orar para que Dios abra la puerta para proveer estos fondos,\u201d a\u00f1adi\u00f3 Hembrom.<\/p>\n<p>El Comit\u00e9 Central Menonita (CCM) tambi\u00e9n ha iniciado su respuesta al terremoto trabajando con una organizaci\u00f3n local en una zona remota del este de Nepal, suministrando alimento y otros art\u00edculos esenciales a las familias afectadas.  Para leer m\u00e1s sobre su respuesta, <a href=\"http:\/\/mcccanada.ca\/stories\/mcc-responds-food-shelter-supplies-nepal\">haga clic aqu\u00ed<\/a>.<\/p>\n<p><em>Comunicado de prensa del CMM<\/em><\/p>\n","protected":false},"excerpt":{"rendered":"<p>NULL<\/p>\n","protected":false},"author":1,"featured_media":86732,"comment_status":"closed","ping_status":"closed","sticky":false,"template":"","format":"standard","meta":{"_acf_changed":false,"footnotes":""},"categories":[6],"tags":[],"network":[],"eventcategory":[],"class_list":["post-8541","post","type-post","status-publish","format-standard","has-post-thumbnail","hentry","category-sin-categorizar"],"acf":[],"yoast_head":"<!-- This site is optimized with the Yoast SEO plugin v27.5 - https:\/\/yoast.com\/product\/yoast-seo-wordpress\/ -->\n<title>La Iglesia de Nepal pide oraci\u00f3n por la crisis causada por el terremoto - Mennonite World Conference<\/title>\n<meta name=\"robots\" content=\"index, follow, max-snippet:-1, max-image-preview:large, max-video-preview:-1\" \/>\n<link rel=\"canonical\" href=\"https:\/\/mwc-cmm.org\/en\/stories\/nepal-church-requests-prayer-aftermath-earthquake-crisis\/\" \/>\n<meta property=\"og:locale\" content=\"es_ES\" \/>\n<meta property=\"og:type\" content=\"article\" \/>\n<meta property=\"og:title\" content=\"La Iglesia de Nepal pide oraci\u00f3n por la crisis causada por el terremoto - Mennonite World Conference\" \/>\n<meta property=\"og:description\" content=\"NULL\" \/>\n<meta property=\"og:url\" content=\"https:\/\/mwc-cmm.org\/en\/stories\/nepal-church-requests-prayer-aftermath-earthquake-crisis\/\" \/>\n<meta property=\"og:site_name\" content=\"Mennonite World Conference\" \/>\n<meta property=\"article:publisher\" content=\"https:\/\/www.facebook.com\/MennoniteWorldConference\" \/>\n<meta property=\"article:published_time\" content=\"2015-05-03T00:00:00+00:00\" \/>\n<meta property=\"article:modified_time\" content=\"2024-12-10T17:59:22+00:00\" \/>\n<meta property=\"og:image\" content=\"https:\/\/mwc-cmm.org\/wp-content\/uploads\/2024\/11\/rs49590_nepal_first_project_1.jpg\" \/>\n\t<meta property=\"og:image:width\" content=\"816\" \/>\n\t<meta property=\"og:image:height\" content=\"612\" \/>\n\t<meta property=\"og:image:type\" content=\"image\/jpeg\" \/>\n<meta name=\"author\" content=\"mennworldcon\" \/>\n<script type=\"application\/ld+json\" class=\"yoast-schema-graph\">{\"@context\":\"https:\\\/\\\/schema.org\",\"@graph\":[{\"@type\":\"Article\",\"@id\":\"https:\\\/\\\/mwc-cmm.org\\\/en\\\/stories\\\/nepal-church-requests-prayer-aftermath-earthquake-crisis\\\/#article\",\"isPartOf\":{\"@id\":\"https:\\\/\\\/mwc-cmm.org\\\/en\\\/stories\\\/nepal-church-requests-prayer-aftermath-earthquake-crisis\\\/\"},\"author\":{\"name\":\"mennworldcon\",\"@id\":\"https:\\\/\\\/mwc-cmm.org\\\/en\\\/#\\\/schema\\\/person\\\/11f6ae0d7d1868ba20a1cc27f067c836\"},\"headline\":\"La Iglesia de Nepal pide oraci\u00f3n por la crisis causada por el terremoto\",\"datePublished\":\"2015-05-03T00:00:00+00:00\",\"dateModified\":\"2024-12-10T17:59:22+00:00\",\"mainEntityOfPage\":{\"@id\":\"https:\\\/\\\/mwc-cmm.org\\\/en\\\/stories\\\/nepal-church-requests-prayer-aftermath-earthquake-crisis\\\/\"},\"wordCount\":710,\"publisher\":{\"@id\":\"https:\\\/\\\/mwc-cmm.org\\\/en\\\/#organization\"},\"image\":{\"@id\":\"https:\\\/\\\/mwc-cmm.org\\\/en\\\/stories\\\/nepal-church-requests-prayer-aftermath-earthquake-crisis\\\/#primaryimage\"},\"thumbnailUrl\":\"https:\\\/\\\/mwc-cmm.org\\\/wp-content\\\/uploads\\\/2024\\\/11\\\/rs49590_nepal_first_project_1.jpg\",\"articleSection\":[\"Sin categorizar\"],\"inLanguage\":\"es\"},{\"@type\":\"WebPage\",\"@id\":\"https:\\\/\\\/mwc-cmm.org\\\/en\\\/stories\\\/nepal-church-requests-prayer-aftermath-earthquake-crisis\\\/\",\"url\":\"https:\\\/\\\/mwc-cmm.org\\\/en\\\/stories\\\/nepal-church-requests-prayer-aftermath-earthquake-crisis\\\/\",\"name\":\"La Iglesia de Nepal pide oraci\u00f3n por la crisis causada por el terremoto - Mennonite World Conference\",\"isPartOf\":{\"@id\":\"https:\\\/\\\/mwc-cmm.org\\\/en\\\/#website\"},\"primaryImageOfPage\":{\"@id\":\"https:\\\/\\\/mwc-cmm.org\\\/en\\\/stories\\\/nepal-church-requests-prayer-aftermath-earthquake-crisis\\\/#primaryimage\"},\"image\":{\"@id\":\"https:\\\/\\\/mwc-cmm.org\\\/en\\\/stories\\\/nepal-church-requests-prayer-aftermath-earthquake-crisis\\\/#primaryimage\"},\"thumbnailUrl\":\"https:\\\/\\\/mwc-cmm.org\\\/wp-content\\\/uploads\\\/2024\\\/11\\\/rs49590_nepal_first_project_1.jpg\",\"datePublished\":\"2015-05-03T00:00:00+00:00\",\"dateModified\":\"2024-12-10T17:59:22+00:00\",\"breadcrumb\":{\"@id\":\"https:\\\/\\\/mwc-cmm.org\\\/en\\\/stories\\\/nepal-church-requests-prayer-aftermath-earthquake-crisis\\\/#breadcrumb\"},\"inLanguage\":\"es\",\"potentialAction\":[{\"@type\":\"ReadAction\",\"target\":[\"https:\\\/\\\/mwc-cmm.org\\\/en\\\/stories\\\/nepal-church-requests-prayer-aftermath-earthquake-crisis\\\/\"]}]},{\"@type\":\"ImageObject\",\"inLanguage\":\"es\",\"@id\":\"https:\\\/\\\/mwc-cmm.org\\\/en\\\/stories\\\/nepal-church-requests-prayer-aftermath-earthquake-crisis\\\/#primaryimage\",\"url\":\"https:\\\/\\\/mwc-cmm.org\\\/wp-content\\\/uploads\\\/2024\\\/11\\\/rs49590_nepal_first_project_1.jpg\",\"contentUrl\":\"https:\\\/\\\/mwc-cmm.org\\\/wp-content\\\/uploads\\\/2024\\\/11\\\/rs49590_nepal_first_project_1.jpg\",\"width\":816,\"height\":612},{\"@type\":\"BreadcrumbList\",\"@id\":\"https:\\\/\\\/mwc-cmm.org\\\/en\\\/stories\\\/nepal-church-requests-prayer-aftermath-earthquake-crisis\\\/#breadcrumb\",\"itemListElement\":[{\"@type\":\"ListItem\",\"position\":1,\"name\":\"Home\",\"item\":\"https:\\\/\\\/mwc-cmm.org\\\/es\\\/\"},{\"@type\":\"ListItem\",\"position\":2,\"name\":\"La Iglesia de Nepal pide oraci\u00f3n por la crisis causada por el terremoto\"}]},{\"@type\":\"WebSite\",\"@id\":\"https:\\\/\\\/mwc-cmm.org\\\/en\\\/#website\",\"url\":\"https:\\\/\\\/mwc-cmm.org\\\/en\\\/\",\"name\":\"Mennonite World Conference\",\"description\":\"A communion of Anabaptist-related churches\",\"publisher\":{\"@id\":\"https:\\\/\\\/mwc-cmm.org\\\/en\\\/#organization\"},\"alternateName\":\"MWC\",\"potentialAction\":[{\"@type\":\"SearchAction\",\"target\":{\"@type\":\"EntryPoint\",\"urlTemplate\":\"https:\\\/\\\/mwc-cmm.org\\\/en\\\/?s={search_term_string}\"},\"query-input\":{\"@type\":\"PropertyValueSpecification\",\"valueRequired\":true,\"valueName\":\"search_term_string\"}}],\"inLanguage\":\"es\"},{\"@type\":\"Organization\",\"@id\":\"https:\\\/\\\/mwc-cmm.org\\\/en\\\/#organization\",\"name\":\"Mennonite World Conference\",\"alternateName\":\"MWC\",\"url\":\"https:\\\/\\\/mwc-cmm.org\\\/en\\\/\",\"logo\":{\"@type\":\"ImageObject\",\"inLanguage\":\"es\",\"@id\":\"https:\\\/\\\/mwc-cmm.org\\\/en\\\/#\\\/schema\\\/logo\\\/image\\\/\",\"url\":\"https:\\\/\\\/mwc-cmm.org\\\/wp-content\\\/uploads\\\/2026\\\/01\\\/MWC_Sig_Blue_Horiz_webheader1-logo.svg\",\"contentUrl\":\"https:\\\/\\\/mwc-cmm.org\\\/wp-content\\\/uploads\\\/2026\\\/01\\\/MWC_Sig_Blue_Horiz_webheader1-logo.svg\",\"width\":786,\"height\":82,\"caption\":\"Mennonite World Conference\"},\"image\":{\"@id\":\"https:\\\/\\\/mwc-cmm.org\\\/en\\\/#\\\/schema\\\/logo\\\/image\\\/\"},\"sameAs\":[\"https:\\\/\\\/www.facebook.com\\\/MennoniteWorldConference\",\"https:\\\/\\\/www.linkedin.com\\\/company\\\/mennonite-world-conference-mwc\\\/\",\"https:\\\/\\\/www.instagram.com\\\/mwcmm\\\/\",\"https:\\\/\\\/www.youtube.com\\\/user\\\/mwccmm\",\"https:\\\/\\\/bsky.app\\\/profile\\\/mwcmm.bsky.social\"]},{\"@type\":\"Person\",\"@id\":\"https:\\\/\\\/mwc-cmm.org\\\/en\\\/#\\\/schema\\\/person\\\/11f6ae0d7d1868ba20a1cc27f067c836\",\"name\":\"mennworldcon\",\"image\":{\"@type\":\"ImageObject\",\"inLanguage\":\"es\",\"@id\":\"https:\\\/\\\/secure.gravatar.com\\\/avatar\\\/06fdc0dc81c157dfdb82ec42f252178a22307808988d22c043f9eb96f1e0fe80?s=96&d=mm&r=g\",\"url\":\"https:\\\/\\\/secure.gravatar.com\\\/avatar\\\/06fdc0dc81c157dfdb82ec42f252178a22307808988d22c043f9eb96f1e0fe80?s=96&d=mm&r=g\",\"contentUrl\":\"https:\\\/\\\/secure.gravatar.com\\\/avatar\\\/06fdc0dc81c157dfdb82ec42f252178a22307808988d22c043f9eb96f1e0fe80?s=96&d=mm&r=g\",\"caption\":\"mennworldcon\"},\"sameAs\":[\"https:\\\/\\\/mwc-cmm.org\"],\"url\":\"https:\\\/\\\/mwc-cmm.org\\\/es\\\/stories\\\/author\\\/mennworldcon\\\/\"}]}<\/script>\n<!-- \/ Yoast SEO plugin. -->","yoast_head_json":{"title":"La Iglesia de Nepal pide oraci\u00f3n por la crisis causada por el terremoto - Mennonite World Conference","robots":{"index":"index","follow":"follow","max-snippet":"max-snippet:-1","max-image-preview":"max-image-preview:large","max-video-preview":"max-video-preview:-1"},"canonical":"https:\/\/mwc-cmm.org\/en\/stories\/nepal-church-requests-prayer-aftermath-earthquake-crisis\/","og_locale":"es_ES","og_type":"article","og_title":"La Iglesia de Nepal pide oraci\u00f3n por la crisis causada por el terremoto - Mennonite World Conference","og_description":"NULL","og_url":"https:\/\/mwc-cmm.org\/en\/stories\/nepal-church-requests-prayer-aftermath-earthquake-crisis\/","og_site_name":"Mennonite World Conference","article_publisher":"https:\/\/www.facebook.com\/MennoniteWorldConference","article_published_time":"2015-05-03T00:00:00+00:00","article_modified_time":"2024-12-10T17:59:22+00:00","og_image":[{"width":816,"height":612,"url":"https:\/\/mwc-cmm.org\/wp-content\/uploads\/2024\/11\/rs49590_nepal_first_project_1.jpg","type":"image\/jpeg"}],"author":"mennworldcon","schema":{"@context":"https:\/\/schema.org","@graph":[{"@type":"Article","@id":"https:\/\/mwc-cmm.org\/en\/stories\/nepal-church-requests-prayer-aftermath-earthquake-crisis\/#article","isPartOf":{"@id":"https:\/\/mwc-cmm.org\/en\/stories\/nepal-church-requests-prayer-aftermath-earthquake-crisis\/"},"author":{"name":"mennworldcon","@id":"https:\/\/mwc-cmm.org\/en\/#\/schema\/person\/11f6ae0d7d1868ba20a1cc27f067c836"},"headline":"La Iglesia de Nepal pide oraci\u00f3n por la crisis causada por el terremoto","datePublished":"2015-05-03T00:00:00+00:00","dateModified":"2024-12-10T17:59:22+00:00","mainEntityOfPage":{"@id":"https:\/\/mwc-cmm.org\/en\/stories\/nepal-church-requests-prayer-aftermath-earthquake-crisis\/"},"wordCount":710,"publisher":{"@id":"https:\/\/mwc-cmm.org\/en\/#organization"},"image":{"@id":"https:\/\/mwc-cmm.org\/en\/stories\/nepal-church-requests-prayer-aftermath-earthquake-crisis\/#primaryimage"},"thumbnailUrl":"https:\/\/mwc-cmm.org\/wp-content\/uploads\/2024\/11\/rs49590_nepal_first_project_1.jpg","articleSection":["Sin categorizar"],"inLanguage":"es"},{"@type":"WebPage","@id":"https:\/\/mwc-cmm.org\/en\/stories\/nepal-church-requests-prayer-aftermath-earthquake-crisis\/","url":"https:\/\/mwc-cmm.org\/en\/stories\/nepal-church-requests-prayer-aftermath-earthquake-crisis\/","name":"La Iglesia de Nepal pide oraci\u00f3n por la crisis causada por el terremoto - Mennonite World Conference","isPartOf":{"@id":"https:\/\/mwc-cmm.org\/en\/#website"},"primaryImageOfPage":{"@id":"https:\/\/mwc-cmm.org\/en\/stories\/nepal-church-requests-prayer-aftermath-earthquake-crisis\/#primaryimage"},"image":{"@id":"https:\/\/mwc-cmm.org\/en\/stories\/nepal-church-requests-prayer-aftermath-earthquake-crisis\/#primaryimage"},"thumbnailUrl":"https:\/\/mwc-cmm.org\/wp-content\/uploads\/2024\/11\/rs49590_nepal_first_project_1.jpg","datePublished":"2015-05-03T00:00:00+00:00","dateModified":"2024-12-10T17:59:22+00:00","breadcrumb":{"@id":"https:\/\/mwc-cmm.org\/en\/stories\/nepal-church-requests-prayer-aftermath-earthquake-crisis\/#breadcrumb"},"inLanguage":"es","potentialAction":[{"@type":"ReadAction","target":["https:\/\/mwc-cmm.org\/en\/stories\/nepal-church-requests-prayer-aftermath-earthquake-crisis\/"]}]},{"@type":"ImageObject","inLanguage":"es","@id":"https:\/\/mwc-cmm.org\/en\/stories\/nepal-church-requests-prayer-aftermath-earthquake-crisis\/#primaryimage","url":"https:\/\/mwc-cmm.org\/wp-content\/uploads\/2024\/11\/rs49590_nepal_first_project_1.jpg","contentUrl":"https:\/\/mwc-cmm.org\/wp-content\/uploads\/2024\/11\/rs49590_nepal_first_project_1.jpg","width":816,"height":612},{"@type":"BreadcrumbList","@id":"https:\/\/mwc-cmm.org\/en\/stories\/nepal-church-requests-prayer-aftermath-earthquake-crisis\/#breadcrumb","itemListElement":[{"@type":"ListItem","position":1,"name":"Home","item":"https:\/\/mwc-cmm.org\/es\/"},{"@type":"ListItem","position":2,"name":"La Iglesia de Nepal pide oraci\u00f3n por la crisis causada por el terremoto"}]},{"@type":"WebSite","@id":"https:\/\/mwc-cmm.org\/en\/#website","url":"https:\/\/mwc-cmm.org\/en\/","name":"Mennonite World Conference","description":"A communion of Anabaptist-related churches","publisher":{"@id":"https:\/\/mwc-cmm.org\/en\/#organization"},"alternateName":"MWC","potentialAction":[{"@type":"SearchAction","target":{"@type":"EntryPoint","urlTemplate":"https:\/\/mwc-cmm.org\/en\/?s={search_term_string}"},"query-input":{"@type":"PropertyValueSpecification","valueRequired":true,"valueName":"search_term_string"}}],"inLanguage":"es"},{"@type":"Organization","@id":"https:\/\/mwc-cmm.org\/en\/#organization","name":"Mennonite World Conference","alternateName":"MWC","url":"https:\/\/mwc-cmm.org\/en\/","logo":{"@type":"ImageObject","inLanguage":"es","@id":"https:\/\/mwc-cmm.org\/en\/#\/schema\/logo\/image\/","url":"https:\/\/mwc-cmm.org\/wp-content\/uploads\/2026\/01\/MWC_Sig_Blue_Horiz_webheader1-logo.svg","contentUrl":"https:\/\/mwc-cmm.org\/wp-content\/uploads\/2026\/01\/MWC_Sig_Blue_Horiz_webheader1-logo.svg","width":786,"height":82,"caption":"Mennonite World Conference"},"image":{"@id":"https:\/\/mwc-cmm.org\/en\/#\/schema\/logo\/image\/"},"sameAs":["https:\/\/www.facebook.com\/MennoniteWorldConference","https:\/\/www.linkedin.com\/company\/mennonite-world-conference-mwc\/","https:\/\/www.instagram.com\/mwcmm\/","https:\/\/www.youtube.com\/user\/mwccmm","https:\/\/bsky.app\/profile\/mwcmm.bsky.social"]},{"@type":"Person","@id":"https:\/\/mwc-cmm.org\/en\/#\/schema\/person\/11f6ae0d7d1868ba20a1cc27f067c836","name":"mennworldcon","image":{"@type":"ImageObject","inLanguage":"es","@id":"https:\/\/secure.gravatar.com\/avatar\/06fdc0dc81c157dfdb82ec42f252178a22307808988d22c043f9eb96f1e0fe80?s=96&d=mm&r=g","url":"https:\/\/secure.gravatar.com\/avatar\/06fdc0dc81c157dfdb82ec42f252178a22307808988d22c043f9eb96f1e0fe80?s=96&d=mm&r=g","contentUrl":"https:\/\/secure.gravatar.com\/avatar\/06fdc0dc81c157dfdb82ec42f252178a22307808988d22c043f9eb96f1e0fe80?s=96&d=mm&r=g","caption":"mennworldcon"},"sameAs":["https:\/\/mwc-cmm.org"],"url":"https:\/\/mwc-cmm.org\/es\/stories\/author\/mennworldcon\/"}]}},"_links":{"self":[{"href":"https:\/\/mwc-cmm.org\/es\/wp-json\/wp\/v2\/posts\/8541","targetHints":{"allow":["GET"]}}],"collection":[{"href":"https:\/\/mwc-cmm.org\/es\/wp-json\/wp\/v2\/posts"}],"about":[{"href":"https:\/\/mwc-cmm.org\/es\/wp-json\/wp\/v2\/types\/post"}],"author":[{"embeddable":true,"href":"https:\/\/mwc-cmm.org\/es\/wp-json\/wp\/v2\/users\/1"}],"replies":[{"embeddable":true,"href":"https:\/\/mwc-cmm.org\/es\/wp-json\/wp\/v2\/comments?post=8541"}],"version-history":[{"count":0,"href":"https:\/\/mwc-cmm.org\/es\/wp-json\/wp\/v2\/posts\/8541\/revisions"}],"wp:featuredmedia":[{"embeddable":true,"href":"https:\/\/mwc-cmm.org\/es\/wp-json\/wp\/v2\/media\/86732"}],"wp:attachment":[{"href":"https:\/\/mwc-cmm.org\/es\/wp-json\/wp\/v2\/media?parent=8541"}],"wp:term":[{"taxonomy":"category","embeddable":true,"href":"https:\/\/mwc-cmm.org\/es\/wp-json\/wp\/v2\/categories?post=8541"},{"taxonomy":"post_tag","embeddable":true,"href":"https:\/\/mwc-cmm.org\/es\/wp-json\/wp\/v2\/tags?post=8541"},{"taxonomy":"network","embeddable":true,"href":"https:\/\/mwc-cmm.org\/es\/wp-json\/wp\/v2\/network?post=8541"},{"taxonomy":"eventcategory","embeddable":true,"href":"https:\/\/mwc-cmm.org\/es\/wp-json\/wp\/v2\/eventcategory?post=8541"}],"curies":[{"name":"wp","href":"https:\/\/api.w.org\/{rel}","templated":true}]}}