{"id":8520,"date":"2015-02-03T00:00:00","date_gmt":"2015-02-03T00:00:00","guid":{"rendered":"https:\/\/mwc-cmm.org\/dutch-mennonites-celebrate-25th-anniversary-of-a-home-mission-project-3\/"},"modified":"2024-12-10T17:59:15","modified_gmt":"2024-12-10T17:59:15","slug":"dutch-mennonites-celebrate-25th-anniversary-of-a-home-mission-project-3","status":"publish","type":"post","link":"https:\/\/mwc-cmm.org\/es\/stories\/dutch-mennonites-celebrate-25th-anniversary-of-a-home-mission-project-3\/","title":{"rendered":"Menonitas holandeses celebran el 25\u00b0 aniversario de un proyecto misionero local"},"content":{"rendered":"<p>Almere, Pa\u00edses Bajos \u2013 Hace unos 30 a\u00f1os la Junta de Misiones Menonita Holandesa (DZR por sus siglas en holand\u00e9s), cuyo enfoque hab\u00eda estado dirigido hacia tierras extranjeras, comenz\u00f3 un proyecto misionero en su propio suelo. El motivo de esta decisi\u00f3n fue la concientizaci\u00f3n de la creciente secularizaci\u00f3n de la sociedad holandesa.<\/p>\n<p>Esto llev\u00f3 al inicio de un proyecto en un nuevo pueblo llamado Almere, que originalmente fue construido para resolver los problemas de vivienda en y alrededore de Amsterdam. La junta DZR estableci\u00f3 una casa que ofrece su hospitalidad en un barrio ubicado cerca del centro de desarrollo de la ciudad de Almere. Este centro de encuentro, llamado Inloophuis de Ruimte, se propuso tener la puerta abierta y hacer sentir bienvenidos a todos los que entraran por ella.<\/p>\n<p>Iba a ser un lugar donde la gente pudiera reunirse con facilidad y de forma genuina con otros \u2013 una tarea nada f\u00e1cil en una nueva ciudad como Almere, donde cada uno es un \u201cinmigrante\u201d relativamente reciente.  En Inloophuis de Ruimte, estos momentos cotidianos donde la gente se re\u00fane, se respetan como algo santo, a trav\u00e9s de los cuales el Esp\u00edritu puede obrar y de hecho lo hace.<\/p>\n<p>De forma intencional, la junta DZR eligi\u00f3 abrir un centro de encuentro en vez de seguir m\u00e9todos misioneros m\u00e1s tradicionales. Por un lado, el centro es un programa de alcance y, por  el otro, es tambi\u00e9n una experiencia de aprendizaje para los menonitas holandeses proporcionando herramientas que permitan a las congregaciones menonitas <strike>a<\/strike> relacionarse con el \u201cmundo\u201d que las rodea.<\/p>\n<p>En noviembre de 2014 este alegre acontecimiento fue conmemorado con la realizaci\u00f3n de una conferencia que tuvo como objetivo hacer una mirada retrospectiva de agradecimiento pero tambi\u00e9n ver con ojo cr\u00edtico los \u00faltimos 25 a\u00f1os, mirando el futuro con esperanza.<\/p>\n<p>La conferencia no s\u00f3lo cont\u00f3 con la presencia de los menonitas holandeses, sino tambi\u00e9n con la de obreros de otros centros de Misi\u00f3n Urbana y los trabajadores de las agencias locales de salud y bienestar y tambi\u00e9n con la de miembros de otras denominaciones.    <\/p>\n<p>En la presentaci\u00f3n, Stuart Murray, te\u00f3logo anabautista del Reino Unido hizo un dibujo del cambio de posici\u00f3n de las iglesias en la sociedad \u2013 pasar de estar en el centro a estar en la periferia. Alent\u00f3 a las iglesias a mostrar una mayor disposici\u00f3n a colaborar con otros, en vez de actuar de forma independiente o tratando de controlar todo.<\/p>\n<p>Las iglesias tambi\u00e9n deben de ser claras sobre su motivaci\u00f3n \u2013 el compromiso social por el valor que encierra, no como una fachada para tratar de convertir a la gente. Por \u00faltimo, las iglesias deben mostrar una mayor insistencia en ser expl\u00edcitas sobre sus bases cristianas y la forma en la que sus convicciones respaldan sus actividades.<\/p>\n<p>Anim\u00f3 a los concilios y a las agencias locales a ir m\u00e1s all\u00e1 de la sospecha y recibir a las iglesias como socios en las iniciativas que pueden satisfacer las necesidades sociales y participar de forma efectiva en las comunidades locales.<\/p>\n<p>Los socios seculares, dijo, deben aceptar que los cristianos est\u00e1n motivados por su fe y no necesitan ocultar o disculparse por ello, pero esto no quiere decir que vayan a utilizar sus actividades como una fachada para el proselitismo.<\/p>\n<p>En la segunda presentaci\u00f3n Andries Baart destac\u00f3 el \u201cenfoque de la presencia\u201d practicado en el trabajo misionero en los Pa\u00edses Bajos. En este enfoque, dijo, la atenci\u00f3n se centra en cultivar relaciones afectivas m\u00e1s que en la resoluci\u00f3n de problemas. \u201cTrate de mantenerse cerca de la gente y siempre enfoquese en ellos y nunca los descarte,\u201d sostuvo.<\/p>\n<p>Baart tambi\u00e9n pidi\u00f3 que reconozcamos la aparente vulnerabilidad de las mujeres y los hombres en la sociedad. Y propuso que el Sistema de Cuidado deber\u00eda funcionar de <strike>una <\/strike>manera reflexiva y relacional en todo momento como los que cuidan a otros y los que reciben cuidado mantienen el di\u00e1logo sobre dicho cuidado.<\/p>\n<p>La conferencia atrajo principalmente a dos grupos de visitantes: personas relacionadas  con la iglesia y los que no lo est\u00e1n, tales como trabajadores sociales y profesionales de la salud.<\/p>\n<p><em>De un art\u00edculo de Gerrit Jan Romeijn<\/em><\/p>\n","protected":false},"excerpt":{"rendered":"<p>NULL<\/p>\n","protected":false},"author":1,"featured_media":86494,"comment_status":"closed","ping_status":"closed","sticky":false,"template":"","format":"standard","meta":{"_acf_changed":false,"footnotes":""},"categories":[6],"tags":[257],"network":[],"eventcategory":[],"class_list":["post-8520","post","type-post","status-publish","format-standard","has-post-thumbnail","hentry","category-sin-categorizar","tag-mission"],"acf":[],"yoast_head":"<!-- This site is optimized with the Yoast SEO plugin v27.5 - https:\/\/yoast.com\/product\/yoast-seo-wordpress\/ -->\n<title>Menonitas holandeses celebran el 25\u00b0 aniversario de un proyecto misionero local - Mennonite World Conference<\/title>\n<meta name=\"robots\" content=\"index, follow, max-snippet:-1, max-image-preview:large, max-video-preview:-1\" \/>\n<link rel=\"canonical\" href=\"https:\/\/mwc-cmm.org\/en\/stories\/dutch-mennonites-celebrate-25th-anniversary-home-mission-project\/\" \/>\n<meta property=\"og:locale\" content=\"es_ES\" \/>\n<meta property=\"og:type\" content=\"article\" \/>\n<meta property=\"og:title\" content=\"Menonitas holandeses celebran el 25\u00b0 aniversario de un proyecto misionero local - Mennonite World Conference\" \/>\n<meta property=\"og:description\" content=\"NULL\" \/>\n<meta property=\"og:url\" content=\"https:\/\/mwc-cmm.org\/en\/stories\/dutch-mennonites-celebrate-25th-anniversary-home-mission-project\/\" \/>\n<meta property=\"og:site_name\" content=\"Mennonite World Conference\" \/>\n<meta property=\"article:publisher\" content=\"https:\/\/www.facebook.com\/MennoniteWorldConference\" \/>\n<meta property=\"article:published_time\" content=\"2015-02-03T00:00:00+00:00\" \/>\n<meta property=\"article:modified_time\" content=\"2024-12-10T17:59:15+00:00\" \/>\n<meta property=\"og:image\" content=\"https:\/\/mwc-cmm.org\/wp-content\/uploads\/2024\/11\/caroline_in_t_veld.jpg\" \/>\n\t<meta property=\"og:image:width\" content=\"762\" \/>\n\t<meta property=\"og:image:height\" content=\"774\" \/>\n\t<meta property=\"og:image:type\" content=\"image\/jpeg\" \/>\n<meta name=\"author\" content=\"mennworldcon\" \/>\n<script type=\"application\/ld+json\" class=\"yoast-schema-graph\">{\"@context\":\"https:\\\/\\\/schema.org\",\"@graph\":[{\"@type\":\"Article\",\"@id\":\"https:\\\/\\\/mwc-cmm.org\\\/en\\\/stories\\\/dutch-mennonites-celebrate-25th-anniversary-home-mission-project\\\/#article\",\"isPartOf\":{\"@id\":\"https:\\\/\\\/mwc-cmm.org\\\/en\\\/stories\\\/dutch-mennonites-celebrate-25th-anniversary-home-mission-project\\\/\"},\"author\":{\"name\":\"mennworldcon\",\"@id\":\"https:\\\/\\\/mwc-cmm.org\\\/en\\\/#\\\/schema\\\/person\\\/11f6ae0d7d1868ba20a1cc27f067c836\"},\"headline\":\"Menonitas holandeses celebran el 25\u00b0 aniversario de un proyecto misionero local\",\"datePublished\":\"2015-02-03T00:00:00+00:00\",\"dateModified\":\"2024-12-10T17:59:15+00:00\",\"mainEntityOfPage\":{\"@id\":\"https:\\\/\\\/mwc-cmm.org\\\/en\\\/stories\\\/dutch-mennonites-celebrate-25th-anniversary-home-mission-project\\\/\"},\"wordCount\":727,\"publisher\":{\"@id\":\"https:\\\/\\\/mwc-cmm.org\\\/en\\\/#organization\"},\"image\":{\"@id\":\"https:\\\/\\\/mwc-cmm.org\\\/en\\\/stories\\\/dutch-mennonites-celebrate-25th-anniversary-home-mission-project\\\/#primaryimage\"},\"thumbnailUrl\":\"https:\\\/\\\/mwc-cmm.org\\\/wp-content\\\/uploads\\\/2024\\\/11\\\/caroline_in_t_veld.jpg\",\"keywords\":[\"mission\"],\"articleSection\":[\"Sin categorizar\"],\"inLanguage\":\"es\"},{\"@type\":\"WebPage\",\"@id\":\"https:\\\/\\\/mwc-cmm.org\\\/en\\\/stories\\\/dutch-mennonites-celebrate-25th-anniversary-home-mission-project\\\/\",\"url\":\"https:\\\/\\\/mwc-cmm.org\\\/en\\\/stories\\\/dutch-mennonites-celebrate-25th-anniversary-home-mission-project\\\/\",\"name\":\"Menonitas holandeses celebran el 25\u00b0 aniversario de un proyecto misionero local - Mennonite World Conference\",\"isPartOf\":{\"@id\":\"https:\\\/\\\/mwc-cmm.org\\\/en\\\/#website\"},\"primaryImageOfPage\":{\"@id\":\"https:\\\/\\\/mwc-cmm.org\\\/en\\\/stories\\\/dutch-mennonites-celebrate-25th-anniversary-home-mission-project\\\/#primaryimage\"},\"image\":{\"@id\":\"https:\\\/\\\/mwc-cmm.org\\\/en\\\/stories\\\/dutch-mennonites-celebrate-25th-anniversary-home-mission-project\\\/#primaryimage\"},\"thumbnailUrl\":\"https:\\\/\\\/mwc-cmm.org\\\/wp-content\\\/uploads\\\/2024\\\/11\\\/caroline_in_t_veld.jpg\",\"datePublished\":\"2015-02-03T00:00:00+00:00\",\"dateModified\":\"2024-12-10T17:59:15+00:00\",\"breadcrumb\":{\"@id\":\"https:\\\/\\\/mwc-cmm.org\\\/en\\\/stories\\\/dutch-mennonites-celebrate-25th-anniversary-home-mission-project\\\/#breadcrumb\"},\"inLanguage\":\"es\",\"potentialAction\":[{\"@type\":\"ReadAction\",\"target\":[\"https:\\\/\\\/mwc-cmm.org\\\/en\\\/stories\\\/dutch-mennonites-celebrate-25th-anniversary-home-mission-project\\\/\"]}]},{\"@type\":\"ImageObject\",\"inLanguage\":\"es\",\"@id\":\"https:\\\/\\\/mwc-cmm.org\\\/en\\\/stories\\\/dutch-mennonites-celebrate-25th-anniversary-home-mission-project\\\/#primaryimage\",\"url\":\"https:\\\/\\\/mwc-cmm.org\\\/wp-content\\\/uploads\\\/2024\\\/11\\\/caroline_in_t_veld.jpg\",\"contentUrl\":\"https:\\\/\\\/mwc-cmm.org\\\/wp-content\\\/uploads\\\/2024\\\/11\\\/caroline_in_t_veld.jpg\",\"width\":762,\"height\":774},{\"@type\":\"BreadcrumbList\",\"@id\":\"https:\\\/\\\/mwc-cmm.org\\\/en\\\/stories\\\/dutch-mennonites-celebrate-25th-anniversary-home-mission-project\\\/#breadcrumb\",\"itemListElement\":[{\"@type\":\"ListItem\",\"position\":1,\"name\":\"Home\",\"item\":\"https:\\\/\\\/mwc-cmm.org\\\/es\\\/\"},{\"@type\":\"ListItem\",\"position\":2,\"name\":\"Menonitas holandeses celebran el 25\u00b0 aniversario de un proyecto misionero local\"}]},{\"@type\":\"WebSite\",\"@id\":\"https:\\\/\\\/mwc-cmm.org\\\/en\\\/#website\",\"url\":\"https:\\\/\\\/mwc-cmm.org\\\/en\\\/\",\"name\":\"Mennonite World Conference\",\"description\":\"A communion of Anabaptist-related churches\",\"publisher\":{\"@id\":\"https:\\\/\\\/mwc-cmm.org\\\/en\\\/#organization\"},\"alternateName\":\"MWC\",\"potentialAction\":[{\"@type\":\"SearchAction\",\"target\":{\"@type\":\"EntryPoint\",\"urlTemplate\":\"https:\\\/\\\/mwc-cmm.org\\\/en\\\/?s={search_term_string}\"},\"query-input\":{\"@type\":\"PropertyValueSpecification\",\"valueRequired\":true,\"valueName\":\"search_term_string\"}}],\"inLanguage\":\"es\"},{\"@type\":\"Organization\",\"@id\":\"https:\\\/\\\/mwc-cmm.org\\\/en\\\/#organization\",\"name\":\"Mennonite World Conference\",\"alternateName\":\"MWC\",\"url\":\"https:\\\/\\\/mwc-cmm.org\\\/en\\\/\",\"logo\":{\"@type\":\"ImageObject\",\"inLanguage\":\"es\",\"@id\":\"https:\\\/\\\/mwc-cmm.org\\\/en\\\/#\\\/schema\\\/logo\\\/image\\\/\",\"url\":\"https:\\\/\\\/mwc-cmm.org\\\/wp-content\\\/uploads\\\/2026\\\/01\\\/MWC_Sig_Blue_Horiz_webheader1-logo.svg\",\"contentUrl\":\"https:\\\/\\\/mwc-cmm.org\\\/wp-content\\\/uploads\\\/2026\\\/01\\\/MWC_Sig_Blue_Horiz_webheader1-logo.svg\",\"width\":786,\"height\":82,\"caption\":\"Mennonite World Conference\"},\"image\":{\"@id\":\"https:\\\/\\\/mwc-cmm.org\\\/en\\\/#\\\/schema\\\/logo\\\/image\\\/\"},\"sameAs\":[\"https:\\\/\\\/www.facebook.com\\\/MennoniteWorldConference\",\"https:\\\/\\\/www.linkedin.com\\\/company\\\/mennonite-world-conference-mwc\\\/\",\"https:\\\/\\\/www.instagram.com\\\/mwcmm\\\/\",\"https:\\\/\\\/www.youtube.com\\\/user\\\/mwccmm\",\"https:\\\/\\\/bsky.app\\\/profile\\\/mwcmm.bsky.social\"]},{\"@type\":\"Person\",\"@id\":\"https:\\\/\\\/mwc-cmm.org\\\/en\\\/#\\\/schema\\\/person\\\/11f6ae0d7d1868ba20a1cc27f067c836\",\"name\":\"mennworldcon\",\"image\":{\"@type\":\"ImageObject\",\"inLanguage\":\"es\",\"@id\":\"https:\\\/\\\/secure.gravatar.com\\\/avatar\\\/06fdc0dc81c157dfdb82ec42f252178a22307808988d22c043f9eb96f1e0fe80?s=96&d=mm&r=g\",\"url\":\"https:\\\/\\\/secure.gravatar.com\\\/avatar\\\/06fdc0dc81c157dfdb82ec42f252178a22307808988d22c043f9eb96f1e0fe80?s=96&d=mm&r=g\",\"contentUrl\":\"https:\\\/\\\/secure.gravatar.com\\\/avatar\\\/06fdc0dc81c157dfdb82ec42f252178a22307808988d22c043f9eb96f1e0fe80?s=96&d=mm&r=g\",\"caption\":\"mennworldcon\"},\"sameAs\":[\"https:\\\/\\\/mwc-cmm.org\"],\"url\":\"https:\\\/\\\/mwc-cmm.org\\\/es\\\/stories\\\/author\\\/mennworldcon\\\/\"}]}<\/script>\n<!-- \/ Yoast SEO plugin. -->","yoast_head_json":{"title":"Menonitas holandeses celebran el 25\u00b0 aniversario de un proyecto misionero local - Mennonite World Conference","robots":{"index":"index","follow":"follow","max-snippet":"max-snippet:-1","max-image-preview":"max-image-preview:large","max-video-preview":"max-video-preview:-1"},"canonical":"https:\/\/mwc-cmm.org\/en\/stories\/dutch-mennonites-celebrate-25th-anniversary-home-mission-project\/","og_locale":"es_ES","og_type":"article","og_title":"Menonitas holandeses celebran el 25\u00b0 aniversario de un proyecto misionero local - Mennonite World Conference","og_description":"NULL","og_url":"https:\/\/mwc-cmm.org\/en\/stories\/dutch-mennonites-celebrate-25th-anniversary-home-mission-project\/","og_site_name":"Mennonite World Conference","article_publisher":"https:\/\/www.facebook.com\/MennoniteWorldConference","article_published_time":"2015-02-03T00:00:00+00:00","article_modified_time":"2024-12-10T17:59:15+00:00","og_image":[{"width":762,"height":774,"url":"https:\/\/mwc-cmm.org\/wp-content\/uploads\/2024\/11\/caroline_in_t_veld.jpg","type":"image\/jpeg"}],"author":"mennworldcon","schema":{"@context":"https:\/\/schema.org","@graph":[{"@type":"Article","@id":"https:\/\/mwc-cmm.org\/en\/stories\/dutch-mennonites-celebrate-25th-anniversary-home-mission-project\/#article","isPartOf":{"@id":"https:\/\/mwc-cmm.org\/en\/stories\/dutch-mennonites-celebrate-25th-anniversary-home-mission-project\/"},"author":{"name":"mennworldcon","@id":"https:\/\/mwc-cmm.org\/en\/#\/schema\/person\/11f6ae0d7d1868ba20a1cc27f067c836"},"headline":"Menonitas holandeses celebran el 25\u00b0 aniversario de un proyecto misionero local","datePublished":"2015-02-03T00:00:00+00:00","dateModified":"2024-12-10T17:59:15+00:00","mainEntityOfPage":{"@id":"https:\/\/mwc-cmm.org\/en\/stories\/dutch-mennonites-celebrate-25th-anniversary-home-mission-project\/"},"wordCount":727,"publisher":{"@id":"https:\/\/mwc-cmm.org\/en\/#organization"},"image":{"@id":"https:\/\/mwc-cmm.org\/en\/stories\/dutch-mennonites-celebrate-25th-anniversary-home-mission-project\/#primaryimage"},"thumbnailUrl":"https:\/\/mwc-cmm.org\/wp-content\/uploads\/2024\/11\/caroline_in_t_veld.jpg","keywords":["mission"],"articleSection":["Sin categorizar"],"inLanguage":"es"},{"@type":"WebPage","@id":"https:\/\/mwc-cmm.org\/en\/stories\/dutch-mennonites-celebrate-25th-anniversary-home-mission-project\/","url":"https:\/\/mwc-cmm.org\/en\/stories\/dutch-mennonites-celebrate-25th-anniversary-home-mission-project\/","name":"Menonitas holandeses celebran el 25\u00b0 aniversario de un proyecto misionero local - Mennonite World Conference","isPartOf":{"@id":"https:\/\/mwc-cmm.org\/en\/#website"},"primaryImageOfPage":{"@id":"https:\/\/mwc-cmm.org\/en\/stories\/dutch-mennonites-celebrate-25th-anniversary-home-mission-project\/#primaryimage"},"image":{"@id":"https:\/\/mwc-cmm.org\/en\/stories\/dutch-mennonites-celebrate-25th-anniversary-home-mission-project\/#primaryimage"},"thumbnailUrl":"https:\/\/mwc-cmm.org\/wp-content\/uploads\/2024\/11\/caroline_in_t_veld.jpg","datePublished":"2015-02-03T00:00:00+00:00","dateModified":"2024-12-10T17:59:15+00:00","breadcrumb":{"@id":"https:\/\/mwc-cmm.org\/en\/stories\/dutch-mennonites-celebrate-25th-anniversary-home-mission-project\/#breadcrumb"},"inLanguage":"es","potentialAction":[{"@type":"ReadAction","target":["https:\/\/mwc-cmm.org\/en\/stories\/dutch-mennonites-celebrate-25th-anniversary-home-mission-project\/"]}]},{"@type":"ImageObject","inLanguage":"es","@id":"https:\/\/mwc-cmm.org\/en\/stories\/dutch-mennonites-celebrate-25th-anniversary-home-mission-project\/#primaryimage","url":"https:\/\/mwc-cmm.org\/wp-content\/uploads\/2024\/11\/caroline_in_t_veld.jpg","contentUrl":"https:\/\/mwc-cmm.org\/wp-content\/uploads\/2024\/11\/caroline_in_t_veld.jpg","width":762,"height":774},{"@type":"BreadcrumbList","@id":"https:\/\/mwc-cmm.org\/en\/stories\/dutch-mennonites-celebrate-25th-anniversary-home-mission-project\/#breadcrumb","itemListElement":[{"@type":"ListItem","position":1,"name":"Home","item":"https:\/\/mwc-cmm.org\/es\/"},{"@type":"ListItem","position":2,"name":"Menonitas holandeses celebran el 25\u00b0 aniversario de un proyecto misionero local"}]},{"@type":"WebSite","@id":"https:\/\/mwc-cmm.org\/en\/#website","url":"https:\/\/mwc-cmm.org\/en\/","name":"Mennonite World Conference","description":"A communion of Anabaptist-related churches","publisher":{"@id":"https:\/\/mwc-cmm.org\/en\/#organization"},"alternateName":"MWC","potentialAction":[{"@type":"SearchAction","target":{"@type":"EntryPoint","urlTemplate":"https:\/\/mwc-cmm.org\/en\/?s={search_term_string}"},"query-input":{"@type":"PropertyValueSpecification","valueRequired":true,"valueName":"search_term_string"}}],"inLanguage":"es"},{"@type":"Organization","@id":"https:\/\/mwc-cmm.org\/en\/#organization","name":"Mennonite World Conference","alternateName":"MWC","url":"https:\/\/mwc-cmm.org\/en\/","logo":{"@type":"ImageObject","inLanguage":"es","@id":"https:\/\/mwc-cmm.org\/en\/#\/schema\/logo\/image\/","url":"https:\/\/mwc-cmm.org\/wp-content\/uploads\/2026\/01\/MWC_Sig_Blue_Horiz_webheader1-logo.svg","contentUrl":"https:\/\/mwc-cmm.org\/wp-content\/uploads\/2026\/01\/MWC_Sig_Blue_Horiz_webheader1-logo.svg","width":786,"height":82,"caption":"Mennonite World Conference"},"image":{"@id":"https:\/\/mwc-cmm.org\/en\/#\/schema\/logo\/image\/"},"sameAs":["https:\/\/www.facebook.com\/MennoniteWorldConference","https:\/\/www.linkedin.com\/company\/mennonite-world-conference-mwc\/","https:\/\/www.instagram.com\/mwcmm\/","https:\/\/www.youtube.com\/user\/mwccmm","https:\/\/bsky.app\/profile\/mwcmm.bsky.social"]},{"@type":"Person","@id":"https:\/\/mwc-cmm.org\/en\/#\/schema\/person\/11f6ae0d7d1868ba20a1cc27f067c836","name":"mennworldcon","image":{"@type":"ImageObject","inLanguage":"es","@id":"https:\/\/secure.gravatar.com\/avatar\/06fdc0dc81c157dfdb82ec42f252178a22307808988d22c043f9eb96f1e0fe80?s=96&d=mm&r=g","url":"https:\/\/secure.gravatar.com\/avatar\/06fdc0dc81c157dfdb82ec42f252178a22307808988d22c043f9eb96f1e0fe80?s=96&d=mm&r=g","contentUrl":"https:\/\/secure.gravatar.com\/avatar\/06fdc0dc81c157dfdb82ec42f252178a22307808988d22c043f9eb96f1e0fe80?s=96&d=mm&r=g","caption":"mennworldcon"},"sameAs":["https:\/\/mwc-cmm.org"],"url":"https:\/\/mwc-cmm.org\/es\/stories\/author\/mennworldcon\/"}]}},"_links":{"self":[{"href":"https:\/\/mwc-cmm.org\/es\/wp-json\/wp\/v2\/posts\/8520","targetHints":{"allow":["GET"]}}],"collection":[{"href":"https:\/\/mwc-cmm.org\/es\/wp-json\/wp\/v2\/posts"}],"about":[{"href":"https:\/\/mwc-cmm.org\/es\/wp-json\/wp\/v2\/types\/post"}],"author":[{"embeddable":true,"href":"https:\/\/mwc-cmm.org\/es\/wp-json\/wp\/v2\/users\/1"}],"replies":[{"embeddable":true,"href":"https:\/\/mwc-cmm.org\/es\/wp-json\/wp\/v2\/comments?post=8520"}],"version-history":[{"count":0,"href":"https:\/\/mwc-cmm.org\/es\/wp-json\/wp\/v2\/posts\/8520\/revisions"}],"wp:featuredmedia":[{"embeddable":true,"href":"https:\/\/mwc-cmm.org\/es\/wp-json\/wp\/v2\/media\/86494"}],"wp:attachment":[{"href":"https:\/\/mwc-cmm.org\/es\/wp-json\/wp\/v2\/media?parent=8520"}],"wp:term":[{"taxonomy":"category","embeddable":true,"href":"https:\/\/mwc-cmm.org\/es\/wp-json\/wp\/v2\/categories?post=8520"},{"taxonomy":"post_tag","embeddable":true,"href":"https:\/\/mwc-cmm.org\/es\/wp-json\/wp\/v2\/tags?post=8520"},{"taxonomy":"network","embeddable":true,"href":"https:\/\/mwc-cmm.org\/es\/wp-json\/wp\/v2\/network?post=8520"},{"taxonomy":"eventcategory","embeddable":true,"href":"https:\/\/mwc-cmm.org\/es\/wp-json\/wp\/v2\/eventcategory?post=8520"}],"curies":[{"name":"wp","href":"https:\/\/api.w.org\/{rel}","templated":true}]}}