{"id":8504,"date":"2014-11-28T00:00:00","date_gmt":"2014-11-28T00:00:00","guid":{"rendered":"https:\/\/mwc-cmm.org\/ukrainian-mennonite-leader-tells-dramatic-story-about-the-power-of-prayer-3\/"},"modified":"2024-12-10T17:59:10","modified_gmt":"2024-12-10T17:59:10","slug":"ukrainian-mennonite-leader-tells-dramatic-story-about-the-power-of-prayer-3","status":"publish","type":"post","link":"https:\/\/mwc-cmm.org\/es\/stories\/ukrainian-mennonite-leader-tells-dramatic-story-about-the-power-of-prayer-3\/","title":{"rendered":"L\u00edder menonita ucraniano relata dram\u00e1tica historia sobre el poder de la oraci\u00f3n"},"content":{"rendered":"<p>Lisboa, Portugal \u2013 Roman Rakhuba, l\u00edder de la Iglesia Menonita de Ucrania, durante su participaci\u00f3n por primera vez en la reuni\u00f3n anual de l\u00edderes de las convenciones menonitas de Europa, comparti\u00f3 la experiencia traum\u00e1tica que sufri\u00f3 a causa de las recientes acciones militares en su pa\u00eds.<\/p>\n<p>Relataba c\u00f3mo la iglesia responde ante la p\u00e9rdida de viviendas y el servicio militar obligatorio para los hombres j\u00f3venes. Procuran hallar la manera de apoyarse mutuamente en el caso de que la gente necesitara evacuarse, incluso colocando a la vista un plan de evacuaci\u00f3n en el edificio de la iglesia.<\/p>\n<p>Tambi\u00e9n relat\u00f3 una historia dram\u00e1tica sobre el poder de la oraci\u00f3n. Un pastor cruz\u00f3 la primera l\u00ednea del frente de batalla para llevar ropa y otros insumos a gente en situaci\u00f3n apremiante que estaba del otro lado. Fue capturado por separatistas principalmente ortodoxos, quienes consideran herejes a los protestantes y evang\u00e9licos. Lo encerraron en una celda y le dijeron que ser\u00eda ejecutado. <\/p>\n<p>Cuando fue llevado al lugar donde ser\u00eda asesinado, empez\u00f3 a orar en voz alta. La esposa del comandante del grupo responsable de su ejecuci\u00f3n lo escuch\u00f3 y le dijo a su esposo: \u201cNo puedes ejecutar a este hombre, \u2018\u00a1es cristiano!\u201d Le rog\u00f3 que lo liberara y finalmente cedi\u00f3. Le dieron algo de dinero, lo llevaron cerca del frente de batalla y lo liberaron; lleg\u00f3 al otro lado sano y salvo.<\/p>\n<p>En la reuni\u00f3n se produjo un momento impactante cuando todos los l\u00edderes se congregaron para orar por Rakhuba y la iglesia de Ucrania. En su cuenta de Facebook, Rakhuba lo defini\u00f3 como el momento m\u00e1s conmovedor de su vida.<\/p>\n<p>Los l\u00edderes menonitas europeos instan a todos los miembros de la comunidad anabautista mundial a sostener en oraci\u00f3n a la Iglesia Menonita de Ucrania. Piden oraci\u00f3n por la sabidur\u00eda necesaria para ser fieles disc\u00edpulos en tiempos de guerra y violencia, por la fortaleza y el apoyo que requiere la iglesia de Ucrania al acercarse a muchos refugiados, y por sabidur\u00eda en tanto la iglesia acompa\u00f1a a la gente que sufre.<\/p>\n<p>Lo que empez\u00f3 como una reuni\u00f3n de unas pocas iglesias menonitas de larga data, ha devenido un encuentro en el que se ha fortalecido el v\u00ednculo y el apoyo mutuo entre los l\u00edderes menonitas de toda Europa. La reuni\u00f3n anual m\u00e1s reciente tuvo lugar del 17 al 19 de octubre de 2014, y fue auspiciada por la Iglesia de los Hermanos Menonitas de Portugal.<\/p>\n<p>Henk Stenvers, representante de Europa para el CMM, expres\u00f3 que fue un momento para \u201ccompartir nuestros desaf\u00edos e inquietudes, debatir temas relacionados con la paz y la identidad menonita, procurando pensar sobre c\u00f3mo trabajar juntos, y as\u00ed crear una red de iglesias menonitas y de los Hermanos Menonitas de Europa\u201d.<\/p>\n<p>Los participantes, l\u00edderes de Iglesias nacionales y miembros del Comit\u00e9 Ejecutivo del CMM para Europa, representaron una diversidad de pa\u00edses: Pa\u00edses Bajos, Suiza, Ucrania, Francia, Espa\u00f1a, Portugal, y varias convenciones de Alemania. David Wiebe, presidente de la Comunidad Internacional de los Hermanos Menonitas, tambi\u00e9n estuvo presente como invitado. <\/p>\n<p><em>-Kristina Toews <\/em><\/p>\n","protected":false},"excerpt":{"rendered":"<p>NULL<\/p>\n","protected":false},"author":1,"featured_media":86326,"comment_status":"closed","ping_status":"closed","sticky":false,"template":"","format":"standard","meta":{"_acf_changed":false,"footnotes":""},"categories":[6],"tags":[],"network":[],"eventcategory":[],"class_list":["post-8504","post","type-post","status-publish","format-standard","has-post-thumbnail","hentry","category-sin-categorizar"],"acf":[],"yoast_head":"<!-- This site is optimized with the Yoast SEO plugin v27.5 - https:\/\/yoast.com\/product\/yoast-seo-wordpress\/ -->\n<title>L\u00edder menonita ucraniano relata dram\u00e1tica historia sobre el poder de la oraci\u00f3n - Mennonite World Conference<\/title>\n<meta name=\"robots\" content=\"index, follow, max-snippet:-1, max-image-preview:large, max-video-preview:-1\" \/>\n<link rel=\"canonical\" href=\"https:\/\/mwc-cmm.org\/en\/stories\/ukrainian-mennonite-leader-tells-dramatic-story-about-power-prayer\/\" \/>\n<meta property=\"og:locale\" content=\"es_ES\" \/>\n<meta property=\"og:type\" content=\"article\" \/>\n<meta property=\"og:title\" content=\"L\u00edder menonita ucraniano relata dram\u00e1tica historia sobre el poder de la oraci\u00f3n - Mennonite World Conference\" \/>\n<meta property=\"og:description\" content=\"NULL\" \/>\n<meta property=\"og:url\" content=\"https:\/\/mwc-cmm.org\/en\/stories\/ukrainian-mennonite-leader-tells-dramatic-story-about-power-prayer\/\" \/>\n<meta property=\"og:site_name\" content=\"Mennonite World Conference\" \/>\n<meta property=\"article:publisher\" content=\"https:\/\/www.facebook.com\/MennoniteWorldConference\" \/>\n<meta property=\"article:published_time\" content=\"2014-11-28T00:00:00+00:00\" \/>\n<meta property=\"article:modified_time\" content=\"2024-12-10T17:59:10+00:00\" \/>\n<meta property=\"og:image\" content=\"https:\/\/mwc-cmm.org\/wp-content\/uploads\/2024\/11\/libson-ukraine_prayer-edited.jpg\" \/>\n\t<meta property=\"og:image:width\" content=\"1200\" \/>\n\t<meta property=\"og:image:height\" content=\"660\" \/>\n\t<meta property=\"og:image:type\" content=\"image\/jpeg\" \/>\n<meta name=\"author\" content=\"mennworldcon\" \/>\n<script type=\"application\/ld+json\" class=\"yoast-schema-graph\">{\"@context\":\"https:\\\/\\\/schema.org\",\"@graph\":[{\"@type\":\"Article\",\"@id\":\"https:\\\/\\\/mwc-cmm.org\\\/en\\\/stories\\\/ukrainian-mennonite-leader-tells-dramatic-story-about-power-prayer\\\/#article\",\"isPartOf\":{\"@id\":\"https:\\\/\\\/mwc-cmm.org\\\/en\\\/stories\\\/ukrainian-mennonite-leader-tells-dramatic-story-about-power-prayer\\\/\"},\"author\":{\"name\":\"mennworldcon\",\"@id\":\"https:\\\/\\\/mwc-cmm.org\\\/en\\\/#\\\/schema\\\/person\\\/11f6ae0d7d1868ba20a1cc27f067c836\"},\"headline\":\"L\u00edder menonita ucraniano relata dram\u00e1tica historia sobre el poder de la oraci\u00f3n\",\"datePublished\":\"2014-11-28T00:00:00+00:00\",\"dateModified\":\"2024-12-10T17:59:10+00:00\",\"mainEntityOfPage\":{\"@id\":\"https:\\\/\\\/mwc-cmm.org\\\/en\\\/stories\\\/ukrainian-mennonite-leader-tells-dramatic-story-about-power-prayer\\\/\"},\"wordCount\":553,\"publisher\":{\"@id\":\"https:\\\/\\\/mwc-cmm.org\\\/en\\\/#organization\"},\"image\":{\"@id\":\"https:\\\/\\\/mwc-cmm.org\\\/en\\\/stories\\\/ukrainian-mennonite-leader-tells-dramatic-story-about-power-prayer\\\/#primaryimage\"},\"thumbnailUrl\":\"https:\\\/\\\/mwc-cmm.org\\\/wp-content\\\/uploads\\\/2024\\\/11\\\/libson-ukraine_prayer-edited.jpg\",\"articleSection\":[\"Sin categorizar\"],\"inLanguage\":\"es\"},{\"@type\":\"WebPage\",\"@id\":\"https:\\\/\\\/mwc-cmm.org\\\/en\\\/stories\\\/ukrainian-mennonite-leader-tells-dramatic-story-about-power-prayer\\\/\",\"url\":\"https:\\\/\\\/mwc-cmm.org\\\/en\\\/stories\\\/ukrainian-mennonite-leader-tells-dramatic-story-about-power-prayer\\\/\",\"name\":\"L\u00edder menonita ucraniano relata dram\u00e1tica historia sobre el poder de la oraci\u00f3n - Mennonite World Conference\",\"isPartOf\":{\"@id\":\"https:\\\/\\\/mwc-cmm.org\\\/en\\\/#website\"},\"primaryImageOfPage\":{\"@id\":\"https:\\\/\\\/mwc-cmm.org\\\/en\\\/stories\\\/ukrainian-mennonite-leader-tells-dramatic-story-about-power-prayer\\\/#primaryimage\"},\"image\":{\"@id\":\"https:\\\/\\\/mwc-cmm.org\\\/en\\\/stories\\\/ukrainian-mennonite-leader-tells-dramatic-story-about-power-prayer\\\/#primaryimage\"},\"thumbnailUrl\":\"https:\\\/\\\/mwc-cmm.org\\\/wp-content\\\/uploads\\\/2024\\\/11\\\/libson-ukraine_prayer-edited.jpg\",\"datePublished\":\"2014-11-28T00:00:00+00:00\",\"dateModified\":\"2024-12-10T17:59:10+00:00\",\"breadcrumb\":{\"@id\":\"https:\\\/\\\/mwc-cmm.org\\\/en\\\/stories\\\/ukrainian-mennonite-leader-tells-dramatic-story-about-power-prayer\\\/#breadcrumb\"},\"inLanguage\":\"es\",\"potentialAction\":[{\"@type\":\"ReadAction\",\"target\":[\"https:\\\/\\\/mwc-cmm.org\\\/en\\\/stories\\\/ukrainian-mennonite-leader-tells-dramatic-story-about-power-prayer\\\/\"]}]},{\"@type\":\"ImageObject\",\"inLanguage\":\"es\",\"@id\":\"https:\\\/\\\/mwc-cmm.org\\\/en\\\/stories\\\/ukrainian-mennonite-leader-tells-dramatic-story-about-power-prayer\\\/#primaryimage\",\"url\":\"https:\\\/\\\/mwc-cmm.org\\\/wp-content\\\/uploads\\\/2024\\\/11\\\/libson-ukraine_prayer-edited.jpg\",\"contentUrl\":\"https:\\\/\\\/mwc-cmm.org\\\/wp-content\\\/uploads\\\/2024\\\/11\\\/libson-ukraine_prayer-edited.jpg\",\"width\":1200,\"height\":660},{\"@type\":\"BreadcrumbList\",\"@id\":\"https:\\\/\\\/mwc-cmm.org\\\/en\\\/stories\\\/ukrainian-mennonite-leader-tells-dramatic-story-about-power-prayer\\\/#breadcrumb\",\"itemListElement\":[{\"@type\":\"ListItem\",\"position\":1,\"name\":\"Home\",\"item\":\"https:\\\/\\\/mwc-cmm.org\\\/es\\\/\"},{\"@type\":\"ListItem\",\"position\":2,\"name\":\"L\u00edder menonita ucraniano relata dram\u00e1tica historia sobre el poder de la oraci\u00f3n\"}]},{\"@type\":\"WebSite\",\"@id\":\"https:\\\/\\\/mwc-cmm.org\\\/en\\\/#website\",\"url\":\"https:\\\/\\\/mwc-cmm.org\\\/en\\\/\",\"name\":\"Mennonite World Conference\",\"description\":\"A communion of Anabaptist-related churches\",\"publisher\":{\"@id\":\"https:\\\/\\\/mwc-cmm.org\\\/en\\\/#organization\"},\"alternateName\":\"MWC\",\"potentialAction\":[{\"@type\":\"SearchAction\",\"target\":{\"@type\":\"EntryPoint\",\"urlTemplate\":\"https:\\\/\\\/mwc-cmm.org\\\/en\\\/?s={search_term_string}\"},\"query-input\":{\"@type\":\"PropertyValueSpecification\",\"valueRequired\":true,\"valueName\":\"search_term_string\"}}],\"inLanguage\":\"es\"},{\"@type\":\"Organization\",\"@id\":\"https:\\\/\\\/mwc-cmm.org\\\/en\\\/#organization\",\"name\":\"Mennonite World Conference\",\"alternateName\":\"MWC\",\"url\":\"https:\\\/\\\/mwc-cmm.org\\\/en\\\/\",\"logo\":{\"@type\":\"ImageObject\",\"inLanguage\":\"es\",\"@id\":\"https:\\\/\\\/mwc-cmm.org\\\/en\\\/#\\\/schema\\\/logo\\\/image\\\/\",\"url\":\"https:\\\/\\\/mwc-cmm.org\\\/wp-content\\\/uploads\\\/2026\\\/01\\\/MWC_Sig_Blue_Horiz_webheader1-logo.svg\",\"contentUrl\":\"https:\\\/\\\/mwc-cmm.org\\\/wp-content\\\/uploads\\\/2026\\\/01\\\/MWC_Sig_Blue_Horiz_webheader1-logo.svg\",\"width\":786,\"height\":82,\"caption\":\"Mennonite World Conference\"},\"image\":{\"@id\":\"https:\\\/\\\/mwc-cmm.org\\\/en\\\/#\\\/schema\\\/logo\\\/image\\\/\"},\"sameAs\":[\"https:\\\/\\\/www.facebook.com\\\/MennoniteWorldConference\",\"https:\\\/\\\/www.linkedin.com\\\/company\\\/mennonite-world-conference-mwc\\\/\",\"https:\\\/\\\/www.instagram.com\\\/mwcmm\\\/\",\"https:\\\/\\\/www.youtube.com\\\/user\\\/mwccmm\",\"https:\\\/\\\/bsky.app\\\/profile\\\/mwcmm.bsky.social\"]},{\"@type\":\"Person\",\"@id\":\"https:\\\/\\\/mwc-cmm.org\\\/en\\\/#\\\/schema\\\/person\\\/11f6ae0d7d1868ba20a1cc27f067c836\",\"name\":\"mennworldcon\",\"image\":{\"@type\":\"ImageObject\",\"inLanguage\":\"es\",\"@id\":\"https:\\\/\\\/secure.gravatar.com\\\/avatar\\\/06fdc0dc81c157dfdb82ec42f252178a22307808988d22c043f9eb96f1e0fe80?s=96&d=mm&r=g\",\"url\":\"https:\\\/\\\/secure.gravatar.com\\\/avatar\\\/06fdc0dc81c157dfdb82ec42f252178a22307808988d22c043f9eb96f1e0fe80?s=96&d=mm&r=g\",\"contentUrl\":\"https:\\\/\\\/secure.gravatar.com\\\/avatar\\\/06fdc0dc81c157dfdb82ec42f252178a22307808988d22c043f9eb96f1e0fe80?s=96&d=mm&r=g\",\"caption\":\"mennworldcon\"},\"sameAs\":[\"https:\\\/\\\/mwc-cmm.org\"],\"url\":\"https:\\\/\\\/mwc-cmm.org\\\/es\\\/stories\\\/author\\\/mennworldcon\\\/\"}]}<\/script>\n<!-- \/ Yoast SEO plugin. -->","yoast_head_json":{"title":"L\u00edder menonita ucraniano relata dram\u00e1tica historia sobre el poder de la oraci\u00f3n - Mennonite World Conference","robots":{"index":"index","follow":"follow","max-snippet":"max-snippet:-1","max-image-preview":"max-image-preview:large","max-video-preview":"max-video-preview:-1"},"canonical":"https:\/\/mwc-cmm.org\/en\/stories\/ukrainian-mennonite-leader-tells-dramatic-story-about-power-prayer\/","og_locale":"es_ES","og_type":"article","og_title":"L\u00edder menonita ucraniano relata dram\u00e1tica historia sobre el poder de la oraci\u00f3n - Mennonite World Conference","og_description":"NULL","og_url":"https:\/\/mwc-cmm.org\/en\/stories\/ukrainian-mennonite-leader-tells-dramatic-story-about-power-prayer\/","og_site_name":"Mennonite World Conference","article_publisher":"https:\/\/www.facebook.com\/MennoniteWorldConference","article_published_time":"2014-11-28T00:00:00+00:00","article_modified_time":"2024-12-10T17:59:10+00:00","og_image":[{"width":1200,"height":660,"url":"https:\/\/mwc-cmm.org\/wp-content\/uploads\/2024\/11\/libson-ukraine_prayer-edited.jpg","type":"image\/jpeg"}],"author":"mennworldcon","schema":{"@context":"https:\/\/schema.org","@graph":[{"@type":"Article","@id":"https:\/\/mwc-cmm.org\/en\/stories\/ukrainian-mennonite-leader-tells-dramatic-story-about-power-prayer\/#article","isPartOf":{"@id":"https:\/\/mwc-cmm.org\/en\/stories\/ukrainian-mennonite-leader-tells-dramatic-story-about-power-prayer\/"},"author":{"name":"mennworldcon","@id":"https:\/\/mwc-cmm.org\/en\/#\/schema\/person\/11f6ae0d7d1868ba20a1cc27f067c836"},"headline":"L\u00edder menonita ucraniano relata dram\u00e1tica historia sobre el poder de la oraci\u00f3n","datePublished":"2014-11-28T00:00:00+00:00","dateModified":"2024-12-10T17:59:10+00:00","mainEntityOfPage":{"@id":"https:\/\/mwc-cmm.org\/en\/stories\/ukrainian-mennonite-leader-tells-dramatic-story-about-power-prayer\/"},"wordCount":553,"publisher":{"@id":"https:\/\/mwc-cmm.org\/en\/#organization"},"image":{"@id":"https:\/\/mwc-cmm.org\/en\/stories\/ukrainian-mennonite-leader-tells-dramatic-story-about-power-prayer\/#primaryimage"},"thumbnailUrl":"https:\/\/mwc-cmm.org\/wp-content\/uploads\/2024\/11\/libson-ukraine_prayer-edited.jpg","articleSection":["Sin categorizar"],"inLanguage":"es"},{"@type":"WebPage","@id":"https:\/\/mwc-cmm.org\/en\/stories\/ukrainian-mennonite-leader-tells-dramatic-story-about-power-prayer\/","url":"https:\/\/mwc-cmm.org\/en\/stories\/ukrainian-mennonite-leader-tells-dramatic-story-about-power-prayer\/","name":"L\u00edder menonita ucraniano relata dram\u00e1tica historia sobre el poder de la oraci\u00f3n - Mennonite World Conference","isPartOf":{"@id":"https:\/\/mwc-cmm.org\/en\/#website"},"primaryImageOfPage":{"@id":"https:\/\/mwc-cmm.org\/en\/stories\/ukrainian-mennonite-leader-tells-dramatic-story-about-power-prayer\/#primaryimage"},"image":{"@id":"https:\/\/mwc-cmm.org\/en\/stories\/ukrainian-mennonite-leader-tells-dramatic-story-about-power-prayer\/#primaryimage"},"thumbnailUrl":"https:\/\/mwc-cmm.org\/wp-content\/uploads\/2024\/11\/libson-ukraine_prayer-edited.jpg","datePublished":"2014-11-28T00:00:00+00:00","dateModified":"2024-12-10T17:59:10+00:00","breadcrumb":{"@id":"https:\/\/mwc-cmm.org\/en\/stories\/ukrainian-mennonite-leader-tells-dramatic-story-about-power-prayer\/#breadcrumb"},"inLanguage":"es","potentialAction":[{"@type":"ReadAction","target":["https:\/\/mwc-cmm.org\/en\/stories\/ukrainian-mennonite-leader-tells-dramatic-story-about-power-prayer\/"]}]},{"@type":"ImageObject","inLanguage":"es","@id":"https:\/\/mwc-cmm.org\/en\/stories\/ukrainian-mennonite-leader-tells-dramatic-story-about-power-prayer\/#primaryimage","url":"https:\/\/mwc-cmm.org\/wp-content\/uploads\/2024\/11\/libson-ukraine_prayer-edited.jpg","contentUrl":"https:\/\/mwc-cmm.org\/wp-content\/uploads\/2024\/11\/libson-ukraine_prayer-edited.jpg","width":1200,"height":660},{"@type":"BreadcrumbList","@id":"https:\/\/mwc-cmm.org\/en\/stories\/ukrainian-mennonite-leader-tells-dramatic-story-about-power-prayer\/#breadcrumb","itemListElement":[{"@type":"ListItem","position":1,"name":"Home","item":"https:\/\/mwc-cmm.org\/es\/"},{"@type":"ListItem","position":2,"name":"L\u00edder menonita ucraniano relata dram\u00e1tica historia sobre el poder de la oraci\u00f3n"}]},{"@type":"WebSite","@id":"https:\/\/mwc-cmm.org\/en\/#website","url":"https:\/\/mwc-cmm.org\/en\/","name":"Mennonite World Conference","description":"A communion of Anabaptist-related churches","publisher":{"@id":"https:\/\/mwc-cmm.org\/en\/#organization"},"alternateName":"MWC","potentialAction":[{"@type":"SearchAction","target":{"@type":"EntryPoint","urlTemplate":"https:\/\/mwc-cmm.org\/en\/?s={search_term_string}"},"query-input":{"@type":"PropertyValueSpecification","valueRequired":true,"valueName":"search_term_string"}}],"inLanguage":"es"},{"@type":"Organization","@id":"https:\/\/mwc-cmm.org\/en\/#organization","name":"Mennonite World Conference","alternateName":"MWC","url":"https:\/\/mwc-cmm.org\/en\/","logo":{"@type":"ImageObject","inLanguage":"es","@id":"https:\/\/mwc-cmm.org\/en\/#\/schema\/logo\/image\/","url":"https:\/\/mwc-cmm.org\/wp-content\/uploads\/2026\/01\/MWC_Sig_Blue_Horiz_webheader1-logo.svg","contentUrl":"https:\/\/mwc-cmm.org\/wp-content\/uploads\/2026\/01\/MWC_Sig_Blue_Horiz_webheader1-logo.svg","width":786,"height":82,"caption":"Mennonite World Conference"},"image":{"@id":"https:\/\/mwc-cmm.org\/en\/#\/schema\/logo\/image\/"},"sameAs":["https:\/\/www.facebook.com\/MennoniteWorldConference","https:\/\/www.linkedin.com\/company\/mennonite-world-conference-mwc\/","https:\/\/www.instagram.com\/mwcmm\/","https:\/\/www.youtube.com\/user\/mwccmm","https:\/\/bsky.app\/profile\/mwcmm.bsky.social"]},{"@type":"Person","@id":"https:\/\/mwc-cmm.org\/en\/#\/schema\/person\/11f6ae0d7d1868ba20a1cc27f067c836","name":"mennworldcon","image":{"@type":"ImageObject","inLanguage":"es","@id":"https:\/\/secure.gravatar.com\/avatar\/06fdc0dc81c157dfdb82ec42f252178a22307808988d22c043f9eb96f1e0fe80?s=96&d=mm&r=g","url":"https:\/\/secure.gravatar.com\/avatar\/06fdc0dc81c157dfdb82ec42f252178a22307808988d22c043f9eb96f1e0fe80?s=96&d=mm&r=g","contentUrl":"https:\/\/secure.gravatar.com\/avatar\/06fdc0dc81c157dfdb82ec42f252178a22307808988d22c043f9eb96f1e0fe80?s=96&d=mm&r=g","caption":"mennworldcon"},"sameAs":["https:\/\/mwc-cmm.org"],"url":"https:\/\/mwc-cmm.org\/es\/stories\/author\/mennworldcon\/"}]}},"_links":{"self":[{"href":"https:\/\/mwc-cmm.org\/es\/wp-json\/wp\/v2\/posts\/8504","targetHints":{"allow":["GET"]}}],"collection":[{"href":"https:\/\/mwc-cmm.org\/es\/wp-json\/wp\/v2\/posts"}],"about":[{"href":"https:\/\/mwc-cmm.org\/es\/wp-json\/wp\/v2\/types\/post"}],"author":[{"embeddable":true,"href":"https:\/\/mwc-cmm.org\/es\/wp-json\/wp\/v2\/users\/1"}],"replies":[{"embeddable":true,"href":"https:\/\/mwc-cmm.org\/es\/wp-json\/wp\/v2\/comments?post=8504"}],"version-history":[{"count":0,"href":"https:\/\/mwc-cmm.org\/es\/wp-json\/wp\/v2\/posts\/8504\/revisions"}],"wp:featuredmedia":[{"embeddable":true,"href":"https:\/\/mwc-cmm.org\/es\/wp-json\/wp\/v2\/media\/86326"}],"wp:attachment":[{"href":"https:\/\/mwc-cmm.org\/es\/wp-json\/wp\/v2\/media?parent=8504"}],"wp:term":[{"taxonomy":"category","embeddable":true,"href":"https:\/\/mwc-cmm.org\/es\/wp-json\/wp\/v2\/categories?post=8504"},{"taxonomy":"post_tag","embeddable":true,"href":"https:\/\/mwc-cmm.org\/es\/wp-json\/wp\/v2\/tags?post=8504"},{"taxonomy":"network","embeddable":true,"href":"https:\/\/mwc-cmm.org\/es\/wp-json\/wp\/v2\/network?post=8504"},{"taxonomy":"eventcategory","embeddable":true,"href":"https:\/\/mwc-cmm.org\/es\/wp-json\/wp\/v2\/eventcategory?post=8504"}],"curies":[{"name":"wp","href":"https:\/\/api.w.org\/{rel}","templated":true}]}}