{"id":8500,"date":"2016-05-19T00:00:00","date_gmt":"2016-05-19T00:00:00","guid":{"rendered":"https:\/\/mwc-cmm.org\/a-visit-with-danisa-ndlovu-3\/"},"modified":"2024-12-10T17:59:09","modified_gmt":"2024-12-10T17:59:09","slug":"a-visit-with-danisa-ndlovu-3","status":"publish","type":"post","link":"https:\/\/mwc-cmm.org\/es\/stories\/a-visit-with-danisa-ndlovu-3\/","title":{"rendered":"De visita con Danisa Ndlovu"},"content":{"rendered":"<p>Amenazado de muerte por un grupo de Freedom Fighters (Combatientes por la Libertad) cuando ten\u00eda 19 a\u00f1os de edad, Danisa Ndlovu confiesa que siente que pudo haber nacido  \u201cpara un tiempo como este.\u201d<\/p>\n<p>\u201cPor alguna raz\u00f3n yo estaba cantando una canci\u00f3n gospel con una voz muy fuerte esa ma\u00f1ana mientras caminaba hacia el r\u00edo. Cuando me di cuenta de que los que estaban junto al camino eran de la milicia y que estaban armados hasta los dientes, segu\u00ed cantando, aunque sab\u00eda que estaba en peligro. Sent\u00ed que Dios estaba conmigo. Y cuando los combatientes me ordenaron entrar en su c\u00edrculo y luego comenzaron a amenazarme, les dije que me pod\u00edan matar.\u201d<\/p>\n<p>El miedo qued\u00f3 atr\u00e1s aquel d\u00eda para el joven de Zimbabue.<\/p>\n<p>El momento se convirti\u00f3 en piedra angular para Danisa, quien se convertir\u00eda en obispo de la Iglesia de los Hermanos en Cristo de Zimbabue en el a\u00f1o 2000, cuando el pa\u00eds se ve\u00eda afectado por la escasez de alimentos y combustible, la corrupci\u00f3n y un gobierno aparentemente indiferente, una epidemia de SIDA y una inflaci\u00f3n de m\u00e1s de 1.000% al a\u00f1o.<\/p>\n<p>A pesar de estas circunstancias devastadoras, Danisa y los otros 29.000 o m\u00e1s Hermanos en Cristo en Zimbabue, invitaron al Congreso Mundial Menonita a celebrar su Asamblea de 2003 en la ciudad de Bulawayo. \u201cNecesit\u00e1bamos el aliento y el consuelo de nuestros hermanos y hermanas de otras partes del mundo,\u201d reflexiona Danisa ahora, al anticiparse a \u201cPA 2015,\u201d la pr\u00f3xima Asamblea del CMM que se celebrar\u00e1 en Harrisburg, PA, 21-26 de julio, 2015.<\/p>\n<p><strong>Elecciones a temprana edad<\/strong><\/p>\n<p>Danisa, uno de ocho hijos, creci\u00f3 mayormente bajo el cuidado de su abuela ya que ambos padres necesitaban trabajos bien remunerados. \u201cMi abuela tuvo una gran influencia en mi vida y en mi fe. Me llev\u00f3 a la iglesia y a la escuela dominical, las cuales siempre han sido parte de mi vida.\u201d<\/p>\n<p>Asisti\u00f3 a la escuela primaria y secundaria de los Hermanos en Cristo en Zimbabue y fue bautizado mientras estaba en la escuela secundaria.<\/p>\n<p>Pero durante su adolescencia fue a vivir con su t\u00eda en una zona donde no hab\u00eda iglesia. \u201cMe involucr\u00e9 con algunos chicos. . . fue un punto bajo en mi vida. Sin embargo, a mediados de los a\u00f1os 70, despu\u00e9s de que regres\u00e9 a casa, ten\u00eda tal hambre y sed de Dios que pens\u00e9 que podr\u00eda morir.<\/p>\n<p>\u201cHab\u00eda evangelistas itinerantes en aquel entonces, y le pregunt\u00e9 a mi madre cu\u00e1ndo vendr\u00eda el pr\u00f3ximo a nuestra zona. Realmente pens\u00e9 que no pod\u00eda esperar. Estaba pasando por una gran sequ\u00eda, una absoluta falta de esperanza.<\/p>\n<p>\u201cCuando volv\u00ed a dedicar mi vida a Cristo un Viernes Santo en 1976, el evangelista me pregunt\u00f3 si me gustar\u00eda ir a una escuela b\u00edblica. Cuando le dije que mis padres no contaban con los recursos, me pregunt\u00f3 de d\u00f3nde hab\u00eda sacado Pedro, el disc\u00edpulo, los recursos para pagar sus impuestos. \u2018De la boca de un pez,\u2019 contest\u00e9.<\/p>\n<p>\u201cMe dijo que fuera a la escuela b\u00edblica, y me fui sin dinero. Esa experiencia me ense\u00f1\u00f3 a orar. Fij\u00e9 un <em>lugar<\/em> de oraci\u00f3n. Y el dinero para pagar las matr\u00edculas lleg\u00f3. Y as\u00ed es como he vivido mi vida.<\/p>\n<p>Danisa manifiesta su desconfianza en el evangelio de la prosperidad. Dice, \u201cPromete que todo va a salir bien y estar\u00e1 bien. Pero eso no es verdad. Seguir a Cristo tiene su costo. Habr\u00e1 sacrificio. Sin embargo, descubr\u00ed que habr\u00e1 suficiente para suplir nuestras necesidades.<\/p>\n<p>\u201cCuando termin\u00e9 la escuela b\u00edblica, pero sin un sentido claro de lo que deb\u00eda hacer, me sent\u00ed muy desanimado y tan solo. Le ped\u00ed a Dios que me ayudara a entender lo que estaba pasando, y un d\u00eda oscuro en el parque, descubr\u00ed el Salmo 37:7 \u2013 \u2018Guarda silencio ante el Se\u00f1or. . . y espera pacientemente en \u00c9l.\u2019<\/p>\n<p>\u201cMe levant\u00e9 de un salto, tom\u00e9 mis cosas, y me fui a casa, donde les dije a todos que iba a ser un evangelista.<\/p>\n<p>\u201cUn ministro me dijo que me ve\u00eda muy peque\u00f1o y muy joven, pero dije, \u2018Yo quiero ir.\u2019 Con el tiempo me un\u00ed a un programa en donde pude ministrar y visitar las iglesias como evangelista itinerante.<\/p>\n<p>\u201cFue un tiempo de tensi\u00f3n, y el pa\u00eds estaba inestable. Los Freedom Fighters siempre estaban tratando de reclutarnos. Or\u00e9 para que alguien pudiera reemplazarme en caso de que me mataran.<\/p>\n<p>\u201cSent\u00ed que Dios me proteg\u00eda. Un d\u00eda estaba sentado solo en la iglesia. De repente, cuando estaba sentado leyendo la Biblia, entr\u00f3 un grupo de soldados, todos completamente armados. Podr\u00edan haberme torturado o interrogado, pero s\u00f3lo pasaron por una puerta y salieron por la otra. Nunca entablamos palabra.\u201d<\/p>\n<p><strong>Influencias del liderazgo<\/strong><\/p>\n<p>Danisa no solo aprendi\u00f3 sobre la fe y el no tener miedo desde joven, sino que tambi\u00e9n aprendi\u00f3 sobre el liderazgo. \u201cParte de esto vino del entrenamiento, parte vino de observar a los dem\u00e1s, y parte vino de decidir de forma consciente lo que quer\u00eda ser y hacer. Mi padre era un l\u00edder de la comunidad y fue de influencia para m\u00ed.<\/p>\n<p>\u201cCuando era joven y trabajaba en una librer\u00eda Cristiana, el gerente me pregunt\u00f3, \u2018\u00bfEres hijo de un hombre de edad?\u2019 Le pregunt\u00e9 por qu\u00e9 hab\u00eda dicho eso. Me dijo, \u2018La forma en la que  muestras respeto, te presentas, y tratas a otros me hace pensar que es as\u00ed.\u2019\u201d<\/p>\n<p>Durante los tiempos m\u00e1s dif\u00edciles en Zimbabue, mientras presid\u00eda el funeral de numerosas v\u00edctimas del SIDA y proporcionaba gu\u00eda a los miembros de la iglesia en la b\u00fasqueda de hogares para los innumerables hu\u00e9rfanos, Danisa, junto con su esposa, Treziah, se disciplinaron a dar gracias por todo lo que pod\u00edan.<\/p>\n<p>Se conocieron en la escuela b\u00edblica donde ambos eran estudiantes. \u201cTuvimos una relaci\u00f3n seria desde el principio, pero caminamos juntos durante 11 a\u00f1os antes de casarnos, debido a nuestra educaci\u00f3n y algunas cuestiones de familia.<\/p>\n<p>\u201cCuando pas\u00e9 por tiempos de tensi\u00f3n y de desaf\u00edos como evangelista, Treziah y mi mam\u00e1 estaban orando por m\u00ed. Tuvimos una jornada de fe similar como pareja.\u201d<\/p>\n<p>Danisa y Treziah son padres de tres hijos adultos j\u00f3venes \u2013 las hijas se llaman Thinkgrace y Trustworthy, y el hijo se llama Devotion. \u201cSus nombres reflejan nuestra gratitud y lo que quer\u00edamos recordar sobre lo que estaba sucediendo en nuestras vidas cuando cada uno naci\u00f3,\u201d dijo Danisa con una sonrisa.<\/p>\n<p>\u00c9l ha obtenido fuerza y perspectiva de su familia cuando la vida en Zimbabue como l\u00edder de   iglesia ha sido casi aplastante. \u201cSiempre que estoy en casa, tan a menudo como sea posible, reflexiono sobre el d\u00eda con mi familia. Compartimos abiertamente sobre lo que nos hace feliz o no nos hace feliz. \u00a1Cantamos juntos, repasamos el d\u00eda, y nos animamos o rega\u00f1amos unos a otros!<\/p>\n<p>\u201cCuando estoy enfrentando decisiones, le digo a mi familia cuales podr\u00edan ser los diferentes resultados. Esta noche que acostumbramos tener juntos la encuentro muy relajante y alentadora.\u201d<\/p>\n<p><strong>Eligiendo ser agradecido<\/strong><\/p>\n<p>Ya sea que se enfrente a factores imponderables en su pa\u00eds o en su iglesia local, o los riesgos de la planificaci\u00f3n de una Asamblea del CMM en los EE.UU., Danisa tiene el mismo enfoque. \u201cPara m\u00ed es una cuesti\u00f3n de confiar en las promesas de Dios y creer en las Escrituras. No se nos ha dicho que todo ir\u00e1 bien. He aprendido a no quejarme sino a ser agradecido. En lugar de preguntar, \u2018\u00bfPor qu\u00e9, Dios?\u2019 Doy gracias por el amor y la presencia de Dios.<\/p>\n<p>\u201cEncuentro poder en agradecer y alabar en lugar de insistir en las respuestas. Hay poder en la creencia de que Dios est\u00e1 aqu\u00ed conmigo. Cuando enfrento retos en mi liderazgo, elijo no concentrarme en las cosas que me desaniman. Me concentro en el poder de Dios y digo, \u2018Camina conmigo.\u2019 Esto no es vivir en negaci\u00f3n, lo cual es canceroso. Puede que no tenga las respuestas, pero creo que Dios las tiene.\u201d<\/p>\n<p>Danisa, Presidente del Congreso Mundial Menonita desde el a\u00f1o 2009, en un viaje reciente a los EE.UU. habl\u00f3 con franqueza pero con cuidado acerca de sus esperanzas para PA 2015. \u201cCuando la iglesia mundial se re\u00fana el pr\u00f3ximo verano en Harrisburg, espero que la experiencia sea una ventana, abra los ojos para que todas las iglesias que asistan puedan ver m\u00e1s all\u00e1 de s\u00ed mismas. Todos estamos tentados a creer que la iglesia comienza y termina en nuestro propio grupo.  <\/p>\n<p>\u201cObservo que las congregaciones en Am\u00e9rica del Norte est\u00e1n c\u00f3modas y relajadas y parecen sentir que tienen todo m\u00e1s o menos bajo control. Pero como iglesia mundial, somos una <em>familia<\/em>. Y no es una cuesti\u00f3n de que algunos de nosotros \u2018tenemos\u2019 y otros \u2018no tienen.\u2019 Nos pertenecemos el uno al otro. Mantenemos relaciones.\u201d<\/p>\n<p><strong>El regalo del Congreso Mundial Menonita<\/strong><\/p>\n<p>Nada supera, dice Danisa, el pasar cinco d\u00edas y medio como una familia mundial, en el  \u201cespacio neutral\u201d que el Congreso Mundial menonita ofrece durante sus Asambleas. Ese espacio no pertenece a ninguna iglesia o agencia. Es un lugar donde las iglesias pueden tratarse entre s\u00ed con verdadera reciprocidad, mientras disciernen, adoran, sirven y tienen comuni\u00f3n juntas. Danisa asisti\u00f3 a su primera Asamblea del CMM en 1984 in Estrasburgo, Francia. \u00c9l era el miembro m\u00e1s joven de la delegaci\u00f3n de Zimbabue.<\/p>\n<p>Espera con ansias presidir la Asamblea de PA 2015, donde un coro de Zimbabue espera cantar en los servicios de adoraci\u00f3n. (\u201cEstamos orando para que a todos se les conceda una visa,\u201d comenta \u00e9l.)<\/p>\n<p>\u201cUna Asamblea del CMM es una regalo para todos nosotros. Al estar juntos, vamos a sentir lo que es recibirnos unos a otros. Somos parte de un cuerpo viviente, y a veces tenemos que estar en el mismo lugar para poder mirarnos a los ojos. Cuando estamos en presencia unos de otros, esperamos la respuesta de la otra persona. Eso es mostrar un inter\u00e9s real. Cuando nos reunimos y hacemos el esfuerzo de ver y escuchar a los dem\u00e1s, empezamos a sentir los sentimientos m\u00e1s profundos de la otra persona.<\/p>\n<p>\u201cEl mundo es demasiado peque\u00f1o para vivir de manera aislada unos de otros \u2013 geogr\u00e1fica y teol\u00f3gicamente. Cada una de las 101 iglesias nacionales que forman parte del CMM traen algo propio de s\u00ed mismas. Apreciemos nuestras diferentes tradiciones mientras que tambi\u00e9n trabajamos juntos.<\/p>\n<p>\u201cEn Am\u00e9rica del Norte, el Se\u00f1or les ha dado el privilegio de tener al mundo en su continente \u2013 con su gran diversidad internacional dentro de sus iglesias. Mi esperanza es que PA 2015 haga que las iglesias quieran trabajar juntas m\u00e1s.<\/p>\n<p>\u201cCuando nos reunimos como pueblo de Cristo, deber\u00eda poder plantar mi vida en tu vida. Eso es lo que significa ser vulnerable, ver al mundo de una manera diferente, de pertenecer a Dios y el uno al otro como una familia de fe.\u201d<\/p>\n<p>Art\u00edculo de <em>Phyllis Pellman Good de Lancaster, PA, escritora y editora para el Congreso Mundial Menonita. Fotos de Merle Good.<\/em><\/p>\n<table cellpadding=\"1\" cellspacing=\"5\">\n<tbody>\n<tr>\n<td><a href=\"\/sites\/default\/files\/website_files\/danisa_profile-4.jpg\" style=\"font-size: 12.222222328186px;\"><img decoding=\"async\" alt=\"\" data-src=\"\/sites\/default\/files\/website_files\/danisa_profile-4.jpg\" style=\"font-size: 12px; width: 179px; height: 195px; margin: 5px;\" src=\"data:image\/svg+xml;base64,PHN2ZyB3aWR0aD0iMSIgaGVpZ2h0PSIxIiB4bWxucz0iaHR0cDovL3d3dy53My5vcmcvMjAwMC9zdmciPjwvc3ZnPg==\" class=\"lazyload\" \/><\/a><\/td>\n<td><a href=\"\/sites\/default\/files\/website_files\/danisa_profile-2.jpg\" style=\"font-size: 12.222222328186px;\"><img decoding=\"async\" alt=\"\" data-src=\"\/sites\/default\/files\/website_files\/danisa_profile-2.jpg\" style=\"font-size: 12.222222328186px; width: 199px; height: 195px; margin: 5px;\" src=\"data:image\/svg+xml;base64,PHN2ZyB3aWR0aD0iMSIgaGVpZ2h0PSIxIiB4bWxucz0iaHR0cDovL3d3dy53My5vcmcvMjAwMC9zdmciPjwvc3ZnPg==\" class=\"lazyload\" \/><\/a><\/td>\n<td><a href=\"\/sites\/default\/files\/website_files\/danisa_profile-3.jpg\" style=\"font-size: 12.222222328186px;\"><img decoding=\"async\" alt=\"\" data-src=\"\/sites\/default\/files\/website_files\/danisa_profile-3.jpg\" style=\"font-size: 12px; width: 278px; height: 195px; margin: 5px;\" src=\"data:image\/svg+xml;base64,PHN2ZyB3aWR0aD0iMSIgaGVpZ2h0PSIxIiB4bWxucz0iaHR0cDovL3d3dy53My5vcmcvMjAwMC9zdmciPjwvc3ZnPg==\" class=\"lazyload\" \/><\/a><\/td>\n<\/tr>\n<\/tbody>\n<\/table>\n","protected":false},"excerpt":{"rendered":"<p>NULL<\/p>\n","protected":false},"author":1,"featured_media":13372,"comment_status":"closed","ping_status":"closed","sticky":false,"template":"","format":"standard","meta":{"_acf_changed":false,"footnotes":""},"categories":[6],"tags":[],"network":[],"eventcategory":[],"class_list":["post-8500","post","type-post","status-publish","format-standard","has-post-thumbnail","hentry","category-sin-categorizar"],"acf":[],"yoast_head":"<!-- This site is optimized with the Yoast SEO plugin v27.5 - https:\/\/yoast.com\/product\/yoast-seo-wordpress\/ -->\n<title>De visita con Danisa Ndlovu - Mennonite World Conference<\/title>\n<meta name=\"robots\" content=\"index, follow, max-snippet:-1, max-image-preview:large, max-video-preview:-1\" \/>\n<link rel=\"canonical\" href=\"https:\/\/mwc-cmm.org\/en\/stories\/visit-danisa-ndlovu\/\" \/>\n<meta property=\"og:locale\" content=\"es_ES\" \/>\n<meta property=\"og:type\" content=\"article\" \/>\n<meta property=\"og:title\" content=\"De visita con Danisa Ndlovu - Mennonite World Conference\" \/>\n<meta property=\"og:description\" content=\"NULL\" \/>\n<meta property=\"og:url\" content=\"https:\/\/mwc-cmm.org\/en\/stories\/visit-danisa-ndlovu\/\" \/>\n<meta property=\"og:site_name\" content=\"Mennonite World Conference\" \/>\n<meta property=\"article:publisher\" content=\"https:\/\/www.facebook.com\/MennoniteWorldConference\" \/>\n<meta property=\"article:published_time\" content=\"2016-05-19T00:00:00+00:00\" \/>\n<meta property=\"article:modified_time\" content=\"2024-12-10T17:59:09+00:00\" \/>\n<meta property=\"og:image\" content=\"https:\/\/mwc-cmm.org\/wp-content\/uploads\/2024\/10\/danisa_profile-1.jpg\" \/>\n\t<meta property=\"og:image:width\" content=\"1728\" \/>\n\t<meta property=\"og:image:height\" content=\"2000\" \/>\n\t<meta property=\"og:image:type\" content=\"image\/jpeg\" \/>\n<meta name=\"author\" content=\"mennworldcon\" \/>\n<script type=\"application\/ld+json\" class=\"yoast-schema-graph\">{\"@context\":\"https:\\\/\\\/schema.org\",\"@graph\":[{\"@type\":\"Article\",\"@id\":\"https:\\\/\\\/mwc-cmm.org\\\/en\\\/stories\\\/visit-danisa-ndlovu\\\/#article\",\"isPartOf\":{\"@id\":\"https:\\\/\\\/mwc-cmm.org\\\/en\\\/stories\\\/visit-danisa-ndlovu\\\/\"},\"author\":{\"name\":\"mennworldcon\",\"@id\":\"https:\\\/\\\/mwc-cmm.org\\\/en\\\/#\\\/schema\\\/person\\\/11f6ae0d7d1868ba20a1cc27f067c836\"},\"headline\":\"De visita con Danisa Ndlovu\",\"datePublished\":\"2016-05-19T00:00:00+00:00\",\"dateModified\":\"2024-12-10T17:59:09+00:00\",\"mainEntityOfPage\":{\"@id\":\"https:\\\/\\\/mwc-cmm.org\\\/en\\\/stories\\\/visit-danisa-ndlovu\\\/\"},\"wordCount\":1885,\"publisher\":{\"@id\":\"https:\\\/\\\/mwc-cmm.org\\\/en\\\/#organization\"},\"image\":{\"@id\":\"https:\\\/\\\/mwc-cmm.org\\\/en\\\/stories\\\/visit-danisa-ndlovu\\\/#primaryimage\"},\"thumbnailUrl\":\"https:\\\/\\\/mwc-cmm.org\\\/wp-content\\\/uploads\\\/2024\\\/10\\\/danisa_profile-1.jpg\",\"articleSection\":[\"Sin categorizar\"],\"inLanguage\":\"es\"},{\"@type\":\"WebPage\",\"@id\":\"https:\\\/\\\/mwc-cmm.org\\\/en\\\/stories\\\/visit-danisa-ndlovu\\\/\",\"url\":\"https:\\\/\\\/mwc-cmm.org\\\/en\\\/stories\\\/visit-danisa-ndlovu\\\/\",\"name\":\"De visita con Danisa Ndlovu - Mennonite World Conference\",\"isPartOf\":{\"@id\":\"https:\\\/\\\/mwc-cmm.org\\\/en\\\/#website\"},\"primaryImageOfPage\":{\"@id\":\"https:\\\/\\\/mwc-cmm.org\\\/en\\\/stories\\\/visit-danisa-ndlovu\\\/#primaryimage\"},\"image\":{\"@id\":\"https:\\\/\\\/mwc-cmm.org\\\/en\\\/stories\\\/visit-danisa-ndlovu\\\/#primaryimage\"},\"thumbnailUrl\":\"https:\\\/\\\/mwc-cmm.org\\\/wp-content\\\/uploads\\\/2024\\\/10\\\/danisa_profile-1.jpg\",\"datePublished\":\"2016-05-19T00:00:00+00:00\",\"dateModified\":\"2024-12-10T17:59:09+00:00\",\"breadcrumb\":{\"@id\":\"https:\\\/\\\/mwc-cmm.org\\\/en\\\/stories\\\/visit-danisa-ndlovu\\\/#breadcrumb\"},\"inLanguage\":\"es\",\"potentialAction\":[{\"@type\":\"ReadAction\",\"target\":[\"https:\\\/\\\/mwc-cmm.org\\\/en\\\/stories\\\/visit-danisa-ndlovu\\\/\"]}]},{\"@type\":\"ImageObject\",\"inLanguage\":\"es\",\"@id\":\"https:\\\/\\\/mwc-cmm.org\\\/en\\\/stories\\\/visit-danisa-ndlovu\\\/#primaryimage\",\"url\":\"https:\\\/\\\/mwc-cmm.org\\\/wp-content\\\/uploads\\\/2024\\\/10\\\/danisa_profile-1.jpg\",\"contentUrl\":\"https:\\\/\\\/mwc-cmm.org\\\/wp-content\\\/uploads\\\/2024\\\/10\\\/danisa_profile-1.jpg\",\"width\":1728,\"height\":2000,\"caption\":\"Danisa Ndlovu\"},{\"@type\":\"BreadcrumbList\",\"@id\":\"https:\\\/\\\/mwc-cmm.org\\\/en\\\/stories\\\/visit-danisa-ndlovu\\\/#breadcrumb\",\"itemListElement\":[{\"@type\":\"ListItem\",\"position\":1,\"name\":\"Home\",\"item\":\"https:\\\/\\\/mwc-cmm.org\\\/es\\\/\"},{\"@type\":\"ListItem\",\"position\":2,\"name\":\"De visita con Danisa Ndlovu\"}]},{\"@type\":\"WebSite\",\"@id\":\"https:\\\/\\\/mwc-cmm.org\\\/en\\\/#website\",\"url\":\"https:\\\/\\\/mwc-cmm.org\\\/en\\\/\",\"name\":\"Mennonite World Conference\",\"description\":\"A communion of Anabaptist-related churches\",\"publisher\":{\"@id\":\"https:\\\/\\\/mwc-cmm.org\\\/en\\\/#organization\"},\"alternateName\":\"MWC\",\"potentialAction\":[{\"@type\":\"SearchAction\",\"target\":{\"@type\":\"EntryPoint\",\"urlTemplate\":\"https:\\\/\\\/mwc-cmm.org\\\/en\\\/?s={search_term_string}\"},\"query-input\":{\"@type\":\"PropertyValueSpecification\",\"valueRequired\":true,\"valueName\":\"search_term_string\"}}],\"inLanguage\":\"es\"},{\"@type\":\"Organization\",\"@id\":\"https:\\\/\\\/mwc-cmm.org\\\/en\\\/#organization\",\"name\":\"Mennonite World Conference\",\"alternateName\":\"MWC\",\"url\":\"https:\\\/\\\/mwc-cmm.org\\\/en\\\/\",\"logo\":{\"@type\":\"ImageObject\",\"inLanguage\":\"es\",\"@id\":\"https:\\\/\\\/mwc-cmm.org\\\/en\\\/#\\\/schema\\\/logo\\\/image\\\/\",\"url\":\"https:\\\/\\\/mwc-cmm.org\\\/wp-content\\\/uploads\\\/2026\\\/01\\\/MWC_Sig_Blue_Horiz_webheader1-logo.svg\",\"contentUrl\":\"https:\\\/\\\/mwc-cmm.org\\\/wp-content\\\/uploads\\\/2026\\\/01\\\/MWC_Sig_Blue_Horiz_webheader1-logo.svg\",\"width\":786,\"height\":82,\"caption\":\"Mennonite World Conference\"},\"image\":{\"@id\":\"https:\\\/\\\/mwc-cmm.org\\\/en\\\/#\\\/schema\\\/logo\\\/image\\\/\"},\"sameAs\":[\"https:\\\/\\\/www.facebook.com\\\/MennoniteWorldConference\",\"https:\\\/\\\/www.linkedin.com\\\/company\\\/mennonite-world-conference-mwc\\\/\",\"https:\\\/\\\/www.instagram.com\\\/mwcmm\\\/\",\"https:\\\/\\\/www.youtube.com\\\/user\\\/mwccmm\",\"https:\\\/\\\/bsky.app\\\/profile\\\/mwcmm.bsky.social\"]},{\"@type\":\"Person\",\"@id\":\"https:\\\/\\\/mwc-cmm.org\\\/en\\\/#\\\/schema\\\/person\\\/11f6ae0d7d1868ba20a1cc27f067c836\",\"name\":\"mennworldcon\",\"image\":{\"@type\":\"ImageObject\",\"inLanguage\":\"es\",\"@id\":\"https:\\\/\\\/secure.gravatar.com\\\/avatar\\\/06fdc0dc81c157dfdb82ec42f252178a22307808988d22c043f9eb96f1e0fe80?s=96&d=mm&r=g\",\"url\":\"https:\\\/\\\/secure.gravatar.com\\\/avatar\\\/06fdc0dc81c157dfdb82ec42f252178a22307808988d22c043f9eb96f1e0fe80?s=96&d=mm&r=g\",\"contentUrl\":\"https:\\\/\\\/secure.gravatar.com\\\/avatar\\\/06fdc0dc81c157dfdb82ec42f252178a22307808988d22c043f9eb96f1e0fe80?s=96&d=mm&r=g\",\"caption\":\"mennworldcon\"},\"sameAs\":[\"https:\\\/\\\/mwc-cmm.org\"],\"url\":\"https:\\\/\\\/mwc-cmm.org\\\/es\\\/stories\\\/author\\\/mennworldcon\\\/\"}]}<\/script>\n<!-- \/ Yoast SEO plugin. -->","yoast_head_json":{"title":"De visita con Danisa Ndlovu - Mennonite World Conference","robots":{"index":"index","follow":"follow","max-snippet":"max-snippet:-1","max-image-preview":"max-image-preview:large","max-video-preview":"max-video-preview:-1"},"canonical":"https:\/\/mwc-cmm.org\/en\/stories\/visit-danisa-ndlovu\/","og_locale":"es_ES","og_type":"article","og_title":"De visita con Danisa Ndlovu - Mennonite World Conference","og_description":"NULL","og_url":"https:\/\/mwc-cmm.org\/en\/stories\/visit-danisa-ndlovu\/","og_site_name":"Mennonite World Conference","article_publisher":"https:\/\/www.facebook.com\/MennoniteWorldConference","article_published_time":"2016-05-19T00:00:00+00:00","article_modified_time":"2024-12-10T17:59:09+00:00","og_image":[{"width":1728,"height":2000,"url":"https:\/\/mwc-cmm.org\/wp-content\/uploads\/2024\/10\/danisa_profile-1.jpg","type":"image\/jpeg"}],"author":"mennworldcon","schema":{"@context":"https:\/\/schema.org","@graph":[{"@type":"Article","@id":"https:\/\/mwc-cmm.org\/en\/stories\/visit-danisa-ndlovu\/#article","isPartOf":{"@id":"https:\/\/mwc-cmm.org\/en\/stories\/visit-danisa-ndlovu\/"},"author":{"name":"mennworldcon","@id":"https:\/\/mwc-cmm.org\/en\/#\/schema\/person\/11f6ae0d7d1868ba20a1cc27f067c836"},"headline":"De visita con Danisa Ndlovu","datePublished":"2016-05-19T00:00:00+00:00","dateModified":"2024-12-10T17:59:09+00:00","mainEntityOfPage":{"@id":"https:\/\/mwc-cmm.org\/en\/stories\/visit-danisa-ndlovu\/"},"wordCount":1885,"publisher":{"@id":"https:\/\/mwc-cmm.org\/en\/#organization"},"image":{"@id":"https:\/\/mwc-cmm.org\/en\/stories\/visit-danisa-ndlovu\/#primaryimage"},"thumbnailUrl":"https:\/\/mwc-cmm.org\/wp-content\/uploads\/2024\/10\/danisa_profile-1.jpg","articleSection":["Sin categorizar"],"inLanguage":"es"},{"@type":"WebPage","@id":"https:\/\/mwc-cmm.org\/en\/stories\/visit-danisa-ndlovu\/","url":"https:\/\/mwc-cmm.org\/en\/stories\/visit-danisa-ndlovu\/","name":"De visita con Danisa Ndlovu - Mennonite World Conference","isPartOf":{"@id":"https:\/\/mwc-cmm.org\/en\/#website"},"primaryImageOfPage":{"@id":"https:\/\/mwc-cmm.org\/en\/stories\/visit-danisa-ndlovu\/#primaryimage"},"image":{"@id":"https:\/\/mwc-cmm.org\/en\/stories\/visit-danisa-ndlovu\/#primaryimage"},"thumbnailUrl":"https:\/\/mwc-cmm.org\/wp-content\/uploads\/2024\/10\/danisa_profile-1.jpg","datePublished":"2016-05-19T00:00:00+00:00","dateModified":"2024-12-10T17:59:09+00:00","breadcrumb":{"@id":"https:\/\/mwc-cmm.org\/en\/stories\/visit-danisa-ndlovu\/#breadcrumb"},"inLanguage":"es","potentialAction":[{"@type":"ReadAction","target":["https:\/\/mwc-cmm.org\/en\/stories\/visit-danisa-ndlovu\/"]}]},{"@type":"ImageObject","inLanguage":"es","@id":"https:\/\/mwc-cmm.org\/en\/stories\/visit-danisa-ndlovu\/#primaryimage","url":"https:\/\/mwc-cmm.org\/wp-content\/uploads\/2024\/10\/danisa_profile-1.jpg","contentUrl":"https:\/\/mwc-cmm.org\/wp-content\/uploads\/2024\/10\/danisa_profile-1.jpg","width":1728,"height":2000,"caption":"Danisa Ndlovu"},{"@type":"BreadcrumbList","@id":"https:\/\/mwc-cmm.org\/en\/stories\/visit-danisa-ndlovu\/#breadcrumb","itemListElement":[{"@type":"ListItem","position":1,"name":"Home","item":"https:\/\/mwc-cmm.org\/es\/"},{"@type":"ListItem","position":2,"name":"De visita con Danisa Ndlovu"}]},{"@type":"WebSite","@id":"https:\/\/mwc-cmm.org\/en\/#website","url":"https:\/\/mwc-cmm.org\/en\/","name":"Mennonite World Conference","description":"A communion of Anabaptist-related churches","publisher":{"@id":"https:\/\/mwc-cmm.org\/en\/#organization"},"alternateName":"MWC","potentialAction":[{"@type":"SearchAction","target":{"@type":"EntryPoint","urlTemplate":"https:\/\/mwc-cmm.org\/en\/?s={search_term_string}"},"query-input":{"@type":"PropertyValueSpecification","valueRequired":true,"valueName":"search_term_string"}}],"inLanguage":"es"},{"@type":"Organization","@id":"https:\/\/mwc-cmm.org\/en\/#organization","name":"Mennonite World Conference","alternateName":"MWC","url":"https:\/\/mwc-cmm.org\/en\/","logo":{"@type":"ImageObject","inLanguage":"es","@id":"https:\/\/mwc-cmm.org\/en\/#\/schema\/logo\/image\/","url":"https:\/\/mwc-cmm.org\/wp-content\/uploads\/2026\/01\/MWC_Sig_Blue_Horiz_webheader1-logo.svg","contentUrl":"https:\/\/mwc-cmm.org\/wp-content\/uploads\/2026\/01\/MWC_Sig_Blue_Horiz_webheader1-logo.svg","width":786,"height":82,"caption":"Mennonite World Conference"},"image":{"@id":"https:\/\/mwc-cmm.org\/en\/#\/schema\/logo\/image\/"},"sameAs":["https:\/\/www.facebook.com\/MennoniteWorldConference","https:\/\/www.linkedin.com\/company\/mennonite-world-conference-mwc\/","https:\/\/www.instagram.com\/mwcmm\/","https:\/\/www.youtube.com\/user\/mwccmm","https:\/\/bsky.app\/profile\/mwcmm.bsky.social"]},{"@type":"Person","@id":"https:\/\/mwc-cmm.org\/en\/#\/schema\/person\/11f6ae0d7d1868ba20a1cc27f067c836","name":"mennworldcon","image":{"@type":"ImageObject","inLanguage":"es","@id":"https:\/\/secure.gravatar.com\/avatar\/06fdc0dc81c157dfdb82ec42f252178a22307808988d22c043f9eb96f1e0fe80?s=96&d=mm&r=g","url":"https:\/\/secure.gravatar.com\/avatar\/06fdc0dc81c157dfdb82ec42f252178a22307808988d22c043f9eb96f1e0fe80?s=96&d=mm&r=g","contentUrl":"https:\/\/secure.gravatar.com\/avatar\/06fdc0dc81c157dfdb82ec42f252178a22307808988d22c043f9eb96f1e0fe80?s=96&d=mm&r=g","caption":"mennworldcon"},"sameAs":["https:\/\/mwc-cmm.org"],"url":"https:\/\/mwc-cmm.org\/es\/stories\/author\/mennworldcon\/"}]}},"_links":{"self":[{"href":"https:\/\/mwc-cmm.org\/es\/wp-json\/wp\/v2\/posts\/8500","targetHints":{"allow":["GET"]}}],"collection":[{"href":"https:\/\/mwc-cmm.org\/es\/wp-json\/wp\/v2\/posts"}],"about":[{"href":"https:\/\/mwc-cmm.org\/es\/wp-json\/wp\/v2\/types\/post"}],"author":[{"embeddable":true,"href":"https:\/\/mwc-cmm.org\/es\/wp-json\/wp\/v2\/users\/1"}],"replies":[{"embeddable":true,"href":"https:\/\/mwc-cmm.org\/es\/wp-json\/wp\/v2\/comments?post=8500"}],"version-history":[{"count":0,"href":"https:\/\/mwc-cmm.org\/es\/wp-json\/wp\/v2\/posts\/8500\/revisions"}],"wp:featuredmedia":[{"embeddable":true,"href":"https:\/\/mwc-cmm.org\/es\/wp-json\/wp\/v2\/media\/13372"}],"wp:attachment":[{"href":"https:\/\/mwc-cmm.org\/es\/wp-json\/wp\/v2\/media?parent=8500"}],"wp:term":[{"taxonomy":"category","embeddable":true,"href":"https:\/\/mwc-cmm.org\/es\/wp-json\/wp\/v2\/categories?post=8500"},{"taxonomy":"post_tag","embeddable":true,"href":"https:\/\/mwc-cmm.org\/es\/wp-json\/wp\/v2\/tags?post=8500"},{"taxonomy":"network","embeddable":true,"href":"https:\/\/mwc-cmm.org\/es\/wp-json\/wp\/v2\/network?post=8500"},{"taxonomy":"eventcategory","embeddable":true,"href":"https:\/\/mwc-cmm.org\/es\/wp-json\/wp\/v2\/eventcategory?post=8500"}],"curies":[{"name":"wp","href":"https:\/\/api.w.org\/{rel}","templated":true}]}}