{"id":8499,"date":"2014-11-26T00:00:00","date_gmt":"2014-11-26T00:00:00","guid":{"rendered":"https:\/\/mwc-cmm.org\/prayer-network-launched-for-pa-2015-3\/"},"modified":"2024-12-10T17:59:08","modified_gmt":"2024-12-10T17:59:08","slug":"prayer-network-launched-for-pa-2015-3","status":"publish","type":"post","link":"https:\/\/mwc-cmm.org\/es\/stories\/prayer-network-launched-for-pa-2015-3\/","title":{"rendered":"Se pone en marcha la red de oraci\u00f3n para PA 2015"},"content":{"rendered":"<p>Harrisburg, Pennsylvania, EE.UU. \u2013 El Congreso Mundial Menonita est\u00e1 creando una Red de Oraci\u00f3n, reconociendo la importancia de la oraci\u00f3n al realizarse los preparativos para PA 2015, la Asamblea mundial prevista para realizarse del 21 al 26 de julio de 2015, en Harrisburg, PA.<\/p>\n<p>\u201cEstamos seguros de que la Asamblea el pr\u00f3ximo verano ser\u00e1 un tiempo maravilloso de adoraci\u00f3n, de celebraci\u00f3n y de compromiso.\u201d Lynn Roth, Representante del CMM para Am\u00e9rica del Norte, recientemente hizo la siguiente reflexi\u00f3n. \u201cEl Comit\u00e9 de Programaci\u00f3n est\u00e1 preparando una semana de m\u00fasica, meditaciones, culto, seminarios y presentaciones art\u00edsticas y eventos incre\u00edbles en torno al tema de \u2018Caminemos con Dios.\u2019\u201d<\/p>\n<p><strong>Preocupaciones por las visas<\/strong><\/p>\n<p>\u201cAl igual que con todas las Asambleas en a\u00f1os recientes, nos enfrentaremos a retos importantes que nos permitir\u00e1 experimentar la presencia y respuestas de Dios a la oraci\u00f3n,\u201d dijo Roth. \u201cLa primera preocupaci\u00f3n en mente de todos es la obtenci\u00f3n de visas para los que se han inscripto. Los j\u00f3venes son nuestra principal preocupaci\u00f3n. Pero las personas mayores que provienen de pa\u00edses donde las iglesias anabautistas m\u00e1s grandes est\u00e1n ubicadas \u2013 Etiop\u00eda, Congo, e India, por ejemplo \u2013 puede que tambi\u00e9n tengan problemas.<\/p>\n<p>\u201cConfesamos que la preocupaci\u00f3n del gobierno estadounidense por la seguridad, ahora m\u00e1s que nunca, significa que probablemente a muchos de nuestros hermanos y hermanas se les niegue la posibilidad de adorar y tener comuni\u00f3n en esta gran reuni\u00f3n.<\/p>\n<p>\u201cCuando invitamos a la iglesia mundial a venir a los EE.UU. para la Asamblea, prometimos hacer todo lo que estuviera en nuestro poder para trabajar con los funcionarios del gobierno y las embajadas de los EE.U. en esos pa\u00edses donde este asunto es especialmente dif\u00edcil. Contamos con un Equipo de Trabajo para las Visas y coordinadores sumamente activos y competentes. No estamos dejando ni una sola piedra por remover mientras nos preparamos, apoyamos y caminamos junto a los que se han inscripto a medida que pasan por este proceso de visado.<\/p>\n<p>\u201cPero creemos que la oraci\u00f3n es esencial en todo este esfuerzo. Esta es una forma en la que los estadounidenses pueden llevar humildemente algunas de las cargas de la pol\u00edtica de viajes de nuestro pa\u00eds, a la misma vez que ejercitamos la fe.\u201d<\/p>\n<p><strong>Aprendiendo a participar con la iglesia mundial<\/strong><\/p>\n<p>\u201cTenemos una segunda preocupaci\u00f3n,\u201d dijo Roth. \u201c\u00bfPodemos nosotros los anabautistas norteamericanos ver la Asamblea como una oportunidad que no se debe perder para participar en una celebraci\u00f3n mundial inusual?<\/p>\n<p>\u201cEstamos interminablemente ocupados. Somos bastante independientes. No tenemos margen de tiempo en nuestros d\u00edas. Muchos de nosotros probablemente nos preguntaremos si podemos poner a un lado las cosas en nuestra vida cotidiana el tiempo suficiente para viajar y asistir los cinco d\u00edas y medios enteros de PA 2015.<\/p>\n<p>\u201cAs\u00ed que queremos orar por nosotros mismos, para que aprendamos sobre el regalo de la hospitalidad del <em>coraz\u00f3n<\/em> y estar dispuestos a ser transformados por la experiencia de ser los anfitriones de la iglesia mundial.\u201d<\/p>\n<p> \u201cSiempre habr\u00e1 m\u00e1s desaf\u00edos como las preocupaciones por la salud o los incidentes internacionales que afectan el hecho de viajar. Estamos organizando un evento que reunir\u00e1 a personas de todo el mundo. Creo que s\u00f3lo puede suceder si est\u00e1 cubierto de oraci\u00f3n y es obra de Dios.\u201d<\/p>\n<p><strong>Inspirado por los zimbabuenses<\/strong><\/p>\n<p>La idea de una Red de Oraci\u00f3n por PA 2015 vino de la Iglesia de los Hermanos en Cristo de Zimbabue que sirvi\u00f3 como anfitriona de la Asamblea del CMM en el 2003. Dentro de Zimbabue, los alimentos y el combustible eran muy escasos, la econom\u00eda era d\u00e9bil y tambaleante, y el gobierno no era confiable. Los zimbabuenses reconoc\u00edan todo esto, y por lo tanto comenzaron a almacenar alimentos y combustible durante meses en anticipaci\u00f3n al evento. Tambi\u00e9n oraron.<\/p>\n<p>Ethel Sibanda, miembro de la IHC de Zimbabue, tom\u00f3 la iniciativa de liderar una Red de Oraci\u00f3n a trav\u00e9s del pa\u00eds. Tambi\u00e9n reuni\u00f3 a personas que no iban a asistir a la Asamblea, pero que quer\u00edan asegurar la hospitalidad para los hu\u00e9spedes de sus iglesias.<\/p>\n<p> \u201cHemos aprendido de los zimbabuenses,\u201d dice Joanne Dietzel de Estrasburgo, PA,  Coordinadora de la Red de Oraci\u00f3n, \u201cInvitamos a todos los que creen en la oraci\u00f3n y la iglesia mundial a unirse a la Red de Oraci\u00f3n, incluso a aquellos que no tienen planeado asistir a PA 2015. Estaremos enviando correos electr\u00f3nicos a todos aquellos que se inscriban en el sitio web del CMM (<a href=\"https:\/\/www.mwc-cmm.org\/article\/red-oracion?language=es\">https:\/\/www.mwc-cmm.org\/article\/red-oracion?language=es<\/a>), compartiendo necesidades espec\u00edficas y dando gracias por bendiciones espec\u00edficas recibidas.<\/p>\n<p>\u201cCreemos que esta es una oportunidad para transformar nuestros corazones y nuestro comportamiento si juntos pedimos por la gracia de Dios y Su ayuda con esta reuni\u00f3n de la iglesia mundial.\u201d<\/p>\n<p><strong>Se forman Caminatas de Oraci\u00f3n del CMM<\/strong><\/p>\n<p>Jane Hoober Peifer, miembro del Equipo de Planificaci\u00f3n de la Red de Oraci\u00f3n, ha puesto en marcha un programa de Caminatas de Oraci\u00f3n del CMM en la ciudad de Lancaster, PA. \u201cEl tema para PA 2015 es \u2019Caminemos con Dios\u2019, por lo tanto caminar mientras oramos parece una disciplina apropiada de practicar,\u201d dice Peifer. \u201cNo s\u00f3lo nuestros invitados estar\u00e1n en una peregrinaci\u00f3n. Como anfitriones, tambi\u00e9n nosotros estaremos \u2018viajando,\u2019 al abrir nuestros corazones y nuestros hogares para darles la bienvenida.<\/p>\n<p>\u201cEspero que se formen peque\u00f1os grupos de caminantes dentro de nuestras comunidades a trav\u00e9s de Am\u00e9rica del Norte \u2013 y alrededor del mundo \u2013 para que juntos podamos fortalecer nuestra fe en la oraci\u00f3n, y para que todos experimentemos un sentido renovado de la presencia de Dios a trav\u00e9s de PA 2015.\u201d<\/p>\n<p>Las ideas para formar un grupo de Caminatas de Oraci\u00f3n del CMM aparecer\u00e1n en la p\u00e1gina de la Red de Oraci\u00f3n, junto con pasajes de la Escritura y pedidos de oraci\u00f3n de los planificadores de PA 2015.<\/p>\n<p>\u201cVamos a publicar las fechas en las que las personas tendr\u00e1n sus entrevistas con los funcionarios de la embajada para la obtenci\u00f3n de sus visas. Vamos a pedir oraci\u00f3n por los oradores y los coros. Haremos una lista de los pedidos de sabidur\u00eda, valor e imaginaci\u00f3n a medidas que las incertidumbres aparecen,\u201d comenta Dietzel. \u201cQueremos caminar en oraci\u00f3n <em>con<\/em> todos los que tienen participaci\u00f3n en PA 2015, en lugar de orar <em>por<\/em> ellos. \u00a1As\u00ed que venga y camine con nosotros!\u201d<\/p>\n<p><em>Art\u00edculo de Phyllis Pellman Good de Lancaster, Pennsylvania, escritora y editora para el CMM.<\/em><\/p>\n","protected":false},"excerpt":{"rendered":"<p>NULL<\/p>\n","protected":false},"author":1,"featured_media":86270,"comment_status":"closed","ping_status":"closed","sticky":false,"template":"","format":"standard","meta":{"_acf_changed":false,"footnotes":""},"categories":[6],"tags":[1154,1899],"network":[],"eventcategory":[1493],"class_list":["post-8499","post","type-post","status-publish","format-standard","has-post-thumbnail","hentry","category-sin-categorizar","tag-assembly-es","tag-pa2015","eventcategory-assembly-es"],"acf":[],"yoast_head":"<!-- This site is optimized with the Yoast SEO plugin v27.2 - https:\/\/yoast.com\/product\/yoast-seo-wordpress\/ -->\n<title>Se pone en marcha la red de oraci\u00f3n para PA 2015 - Mennonite World Conference<\/title>\n<meta name=\"robots\" content=\"index, follow, max-snippet:-1, max-image-preview:large, max-video-preview:-1\" \/>\n<link rel=\"canonical\" href=\"https:\/\/mwc-cmm.org\/en\/stories\/prayer-network-launched-for-pa-2015\/\" \/>\n<meta property=\"og:locale\" content=\"es_ES\" \/>\n<meta property=\"og:type\" content=\"article\" \/>\n<meta property=\"og:title\" content=\"Se pone en marcha la red de oraci\u00f3n para PA 2015 - Mennonite World Conference\" \/>\n<meta property=\"og:description\" content=\"NULL\" \/>\n<meta property=\"og:url\" content=\"https:\/\/mwc-cmm.org\/en\/stories\/prayer-network-launched-for-pa-2015\/\" \/>\n<meta property=\"og:site_name\" content=\"Mennonite World Conference\" \/>\n<meta property=\"article:publisher\" content=\"https:\/\/www.facebook.com\/MennoniteWorldConference\" \/>\n<meta property=\"article:published_time\" content=\"2014-11-26T00:00:00+00:00\" \/>\n<meta property=\"article:modified_time\" content=\"2024-12-10T17:59:08+00:00\" \/>\n<meta property=\"og:image\" content=\"https:\/\/mwc-cmm.org\/wp-content\/uploads\/2024\/11\/prayernetwork.jpeg\" \/>\n\t<meta property=\"og:image:width\" content=\"1200\" \/>\n\t<meta property=\"og:image:height\" content=\"855\" \/>\n\t<meta property=\"og:image:type\" content=\"image\/jpeg\" \/>\n<meta name=\"author\" content=\"mennworldcon\" \/>\n<script type=\"application\/ld+json\" class=\"yoast-schema-graph\">{\"@context\":\"https:\/\/schema.org\",\"@graph\":[{\"@type\":\"Article\",\"@id\":\"https:\/\/mwc-cmm.org\/en\/stories\/prayer-network-launched-for-pa-2015\/#article\",\"isPartOf\":{\"@id\":\"https:\/\/mwc-cmm.org\/en\/stories\/prayer-network-launched-for-pa-2015\/\"},\"author\":{\"name\":\"mennworldcon\",\"@id\":\"https:\/\/mwc-cmm.org\/en\/#\/schema\/person\/11f6ae0d7d1868ba20a1cc27f067c836\"},\"headline\":\"Se pone en marcha la red de oraci\u00f3n para PA 2015\",\"datePublished\":\"2014-11-26T00:00:00+00:00\",\"dateModified\":\"2024-12-10T17:59:08+00:00\",\"mainEntityOfPage\":{\"@id\":\"https:\/\/mwc-cmm.org\/en\/stories\/prayer-network-launched-for-pa-2015\/\"},\"wordCount\":1122,\"publisher\":{\"@id\":\"https:\/\/mwc-cmm.org\/en\/#organization\"},\"image\":{\"@id\":\"https:\/\/mwc-cmm.org\/en\/stories\/prayer-network-launched-for-pa-2015\/#primaryimage\"},\"thumbnailUrl\":\"https:\/\/mwc-cmm.org\/wp-content\/uploads\/2024\/11\/prayernetwork.jpeg\",\"keywords\":[\"Asamblea\",\"PA2015\"],\"articleSection\":[\"Sin categorizar\"],\"inLanguage\":\"es\"},{\"@type\":\"WebPage\",\"@id\":\"https:\/\/mwc-cmm.org\/en\/stories\/prayer-network-launched-for-pa-2015\/\",\"url\":\"https:\/\/mwc-cmm.org\/en\/stories\/prayer-network-launched-for-pa-2015\/\",\"name\":\"Se pone en marcha la red de oraci\u00f3n para PA 2015 - Mennonite World Conference\",\"isPartOf\":{\"@id\":\"https:\/\/mwc-cmm.org\/en\/#website\"},\"primaryImageOfPage\":{\"@id\":\"https:\/\/mwc-cmm.org\/en\/stories\/prayer-network-launched-for-pa-2015\/#primaryimage\"},\"image\":{\"@id\":\"https:\/\/mwc-cmm.org\/en\/stories\/prayer-network-launched-for-pa-2015\/#primaryimage\"},\"thumbnailUrl\":\"https:\/\/mwc-cmm.org\/wp-content\/uploads\/2024\/11\/prayernetwork.jpeg\",\"datePublished\":\"2014-11-26T00:00:00+00:00\",\"dateModified\":\"2024-12-10T17:59:08+00:00\",\"breadcrumb\":{\"@id\":\"https:\/\/mwc-cmm.org\/en\/stories\/prayer-network-launched-for-pa-2015\/#breadcrumb\"},\"inLanguage\":\"es\",\"potentialAction\":[{\"@type\":\"ReadAction\",\"target\":[\"https:\/\/mwc-cmm.org\/en\/stories\/prayer-network-launched-for-pa-2015\/\"]}]},{\"@type\":\"ImageObject\",\"inLanguage\":\"es\",\"@id\":\"https:\/\/mwc-cmm.org\/en\/stories\/prayer-network-launched-for-pa-2015\/#primaryimage\",\"url\":\"https:\/\/mwc-cmm.org\/wp-content\/uploads\/2024\/11\/prayernetwork.jpeg\",\"contentUrl\":\"https:\/\/mwc-cmm.org\/wp-content\/uploads\/2024\/11\/prayernetwork.jpeg\",\"width\":1200,\"height\":855},{\"@type\":\"BreadcrumbList\",\"@id\":\"https:\/\/mwc-cmm.org\/en\/stories\/prayer-network-launched-for-pa-2015\/#breadcrumb\",\"itemListElement\":[{\"@type\":\"ListItem\",\"position\":1,\"name\":\"Home\",\"item\":\"https:\/\/mwc-cmm.org\/es\/\"},{\"@type\":\"ListItem\",\"position\":2,\"name\":\"Se pone en marcha la red de oraci\u00f3n para PA 2015\"}]},{\"@type\":\"WebSite\",\"@id\":\"https:\/\/mwc-cmm.org\/en\/#website\",\"url\":\"https:\/\/mwc-cmm.org\/en\/\",\"name\":\"Mennonite World Conference\",\"description\":\"A communion of Anabaptist-related churches\",\"publisher\":{\"@id\":\"https:\/\/mwc-cmm.org\/en\/#organization\"},\"alternateName\":\"MWC\",\"potentialAction\":[{\"@type\":\"SearchAction\",\"target\":{\"@type\":\"EntryPoint\",\"urlTemplate\":\"https:\/\/mwc-cmm.org\/en\/?s={search_term_string}\"},\"query-input\":{\"@type\":\"PropertyValueSpecification\",\"valueRequired\":true,\"valueName\":\"search_term_string\"}}],\"inLanguage\":\"es\"},{\"@type\":\"Organization\",\"@id\":\"https:\/\/mwc-cmm.org\/en\/#organization\",\"name\":\"Mennonite World Conference\",\"alternateName\":\"MWC\",\"url\":\"https:\/\/mwc-cmm.org\/en\/\",\"logo\":{\"@type\":\"ImageObject\",\"inLanguage\":\"es\",\"@id\":\"https:\/\/mwc-cmm.org\/en\/#\/schema\/logo\/image\/\",\"url\":\"https:\/\/mwc-cmm.org\/wp-content\/uploads\/2026\/01\/MWC_Sig_Blue_Horiz_webheader1-logo.svg\",\"contentUrl\":\"https:\/\/mwc-cmm.org\/wp-content\/uploads\/2026\/01\/MWC_Sig_Blue_Horiz_webheader1-logo.svg\",\"width\":786,\"height\":82,\"caption\":\"Mennonite World Conference\"},\"image\":{\"@id\":\"https:\/\/mwc-cmm.org\/en\/#\/schema\/logo\/image\/\"},\"sameAs\":[\"https:\/\/www.facebook.com\/MennoniteWorldConference\",\"https:\/\/www.linkedin.com\/company\/mennonite-world-conference-mwc\/\",\"https:\/\/www.instagram.com\/mwcmm\/\",\"https:\/\/www.youtube.com\/user\/mwccmm\",\"https:\/\/bsky.app\/profile\/mwcmm.bsky.social\"]},{\"@type\":\"Person\",\"@id\":\"https:\/\/mwc-cmm.org\/en\/#\/schema\/person\/11f6ae0d7d1868ba20a1cc27f067c836\",\"name\":\"mennworldcon\",\"image\":{\"@type\":\"ImageObject\",\"inLanguage\":\"es\",\"@id\":\"https:\/\/secure.gravatar.com\/avatar\/06fdc0dc81c157dfdb82ec42f252178a22307808988d22c043f9eb96f1e0fe80?s=96&d=mm&r=g\",\"url\":\"https:\/\/secure.gravatar.com\/avatar\/06fdc0dc81c157dfdb82ec42f252178a22307808988d22c043f9eb96f1e0fe80?s=96&d=mm&r=g\",\"contentUrl\":\"https:\/\/secure.gravatar.com\/avatar\/06fdc0dc81c157dfdb82ec42f252178a22307808988d22c043f9eb96f1e0fe80?s=96&d=mm&r=g\",\"caption\":\"mennworldcon\"},\"sameAs\":[\"https:\/\/mwc-cmm.org\"],\"url\":\"https:\/\/mwc-cmm.org\/es\/stories\/author\/mennworldcon\/\"}]}<\/script>\n<!-- \/ Yoast SEO plugin. -->","yoast_head_json":{"title":"Se pone en marcha la red de oraci\u00f3n para PA 2015 - Mennonite World Conference","robots":{"index":"index","follow":"follow","max-snippet":"max-snippet:-1","max-image-preview":"max-image-preview:large","max-video-preview":"max-video-preview:-1"},"canonical":"https:\/\/mwc-cmm.org\/en\/stories\/prayer-network-launched-for-pa-2015\/","og_locale":"es_ES","og_type":"article","og_title":"Se pone en marcha la red de oraci\u00f3n para PA 2015 - Mennonite World Conference","og_description":"NULL","og_url":"https:\/\/mwc-cmm.org\/en\/stories\/prayer-network-launched-for-pa-2015\/","og_site_name":"Mennonite World Conference","article_publisher":"https:\/\/www.facebook.com\/MennoniteWorldConference","article_published_time":"2014-11-26T00:00:00+00:00","article_modified_time":"2024-12-10T17:59:08+00:00","og_image":[{"width":1200,"height":855,"url":"https:\/\/mwc-cmm.org\/wp-content\/uploads\/2024\/11\/prayernetwork.jpeg","type":"image\/jpeg"}],"author":"mennworldcon","schema":{"@context":"https:\/\/schema.org","@graph":[{"@type":"Article","@id":"https:\/\/mwc-cmm.org\/en\/stories\/prayer-network-launched-for-pa-2015\/#article","isPartOf":{"@id":"https:\/\/mwc-cmm.org\/en\/stories\/prayer-network-launched-for-pa-2015\/"},"author":{"name":"mennworldcon","@id":"https:\/\/mwc-cmm.org\/en\/#\/schema\/person\/11f6ae0d7d1868ba20a1cc27f067c836"},"headline":"Se pone en marcha la red de oraci\u00f3n para PA 2015","datePublished":"2014-11-26T00:00:00+00:00","dateModified":"2024-12-10T17:59:08+00:00","mainEntityOfPage":{"@id":"https:\/\/mwc-cmm.org\/en\/stories\/prayer-network-launched-for-pa-2015\/"},"wordCount":1122,"publisher":{"@id":"https:\/\/mwc-cmm.org\/en\/#organization"},"image":{"@id":"https:\/\/mwc-cmm.org\/en\/stories\/prayer-network-launched-for-pa-2015\/#primaryimage"},"thumbnailUrl":"https:\/\/mwc-cmm.org\/wp-content\/uploads\/2024\/11\/prayernetwork.jpeg","keywords":["Asamblea","PA2015"],"articleSection":["Sin categorizar"],"inLanguage":"es"},{"@type":"WebPage","@id":"https:\/\/mwc-cmm.org\/en\/stories\/prayer-network-launched-for-pa-2015\/","url":"https:\/\/mwc-cmm.org\/en\/stories\/prayer-network-launched-for-pa-2015\/","name":"Se pone en marcha la red de oraci\u00f3n para PA 2015 - Mennonite World Conference","isPartOf":{"@id":"https:\/\/mwc-cmm.org\/en\/#website"},"primaryImageOfPage":{"@id":"https:\/\/mwc-cmm.org\/en\/stories\/prayer-network-launched-for-pa-2015\/#primaryimage"},"image":{"@id":"https:\/\/mwc-cmm.org\/en\/stories\/prayer-network-launched-for-pa-2015\/#primaryimage"},"thumbnailUrl":"https:\/\/mwc-cmm.org\/wp-content\/uploads\/2024\/11\/prayernetwork.jpeg","datePublished":"2014-11-26T00:00:00+00:00","dateModified":"2024-12-10T17:59:08+00:00","breadcrumb":{"@id":"https:\/\/mwc-cmm.org\/en\/stories\/prayer-network-launched-for-pa-2015\/#breadcrumb"},"inLanguage":"es","potentialAction":[{"@type":"ReadAction","target":["https:\/\/mwc-cmm.org\/en\/stories\/prayer-network-launched-for-pa-2015\/"]}]},{"@type":"ImageObject","inLanguage":"es","@id":"https:\/\/mwc-cmm.org\/en\/stories\/prayer-network-launched-for-pa-2015\/#primaryimage","url":"https:\/\/mwc-cmm.org\/wp-content\/uploads\/2024\/11\/prayernetwork.jpeg","contentUrl":"https:\/\/mwc-cmm.org\/wp-content\/uploads\/2024\/11\/prayernetwork.jpeg","width":1200,"height":855},{"@type":"BreadcrumbList","@id":"https:\/\/mwc-cmm.org\/en\/stories\/prayer-network-launched-for-pa-2015\/#breadcrumb","itemListElement":[{"@type":"ListItem","position":1,"name":"Home","item":"https:\/\/mwc-cmm.org\/es\/"},{"@type":"ListItem","position":2,"name":"Se pone en marcha la red de oraci\u00f3n para PA 2015"}]},{"@type":"WebSite","@id":"https:\/\/mwc-cmm.org\/en\/#website","url":"https:\/\/mwc-cmm.org\/en\/","name":"Mennonite World Conference","description":"A communion of Anabaptist-related churches","publisher":{"@id":"https:\/\/mwc-cmm.org\/en\/#organization"},"alternateName":"MWC","potentialAction":[{"@type":"SearchAction","target":{"@type":"EntryPoint","urlTemplate":"https:\/\/mwc-cmm.org\/en\/?s={search_term_string}"},"query-input":{"@type":"PropertyValueSpecification","valueRequired":true,"valueName":"search_term_string"}}],"inLanguage":"es"},{"@type":"Organization","@id":"https:\/\/mwc-cmm.org\/en\/#organization","name":"Mennonite World Conference","alternateName":"MWC","url":"https:\/\/mwc-cmm.org\/en\/","logo":{"@type":"ImageObject","inLanguage":"es","@id":"https:\/\/mwc-cmm.org\/en\/#\/schema\/logo\/image\/","url":"https:\/\/mwc-cmm.org\/wp-content\/uploads\/2026\/01\/MWC_Sig_Blue_Horiz_webheader1-logo.svg","contentUrl":"https:\/\/mwc-cmm.org\/wp-content\/uploads\/2026\/01\/MWC_Sig_Blue_Horiz_webheader1-logo.svg","width":786,"height":82,"caption":"Mennonite World Conference"},"image":{"@id":"https:\/\/mwc-cmm.org\/en\/#\/schema\/logo\/image\/"},"sameAs":["https:\/\/www.facebook.com\/MennoniteWorldConference","https:\/\/www.linkedin.com\/company\/mennonite-world-conference-mwc\/","https:\/\/www.instagram.com\/mwcmm\/","https:\/\/www.youtube.com\/user\/mwccmm","https:\/\/bsky.app\/profile\/mwcmm.bsky.social"]},{"@type":"Person","@id":"https:\/\/mwc-cmm.org\/en\/#\/schema\/person\/11f6ae0d7d1868ba20a1cc27f067c836","name":"mennworldcon","image":{"@type":"ImageObject","inLanguage":"es","@id":"https:\/\/secure.gravatar.com\/avatar\/06fdc0dc81c157dfdb82ec42f252178a22307808988d22c043f9eb96f1e0fe80?s=96&d=mm&r=g","url":"https:\/\/secure.gravatar.com\/avatar\/06fdc0dc81c157dfdb82ec42f252178a22307808988d22c043f9eb96f1e0fe80?s=96&d=mm&r=g","contentUrl":"https:\/\/secure.gravatar.com\/avatar\/06fdc0dc81c157dfdb82ec42f252178a22307808988d22c043f9eb96f1e0fe80?s=96&d=mm&r=g","caption":"mennworldcon"},"sameAs":["https:\/\/mwc-cmm.org"],"url":"https:\/\/mwc-cmm.org\/es\/stories\/author\/mennworldcon\/"}]}},"_links":{"self":[{"href":"https:\/\/mwc-cmm.org\/es\/wp-json\/wp\/v2\/posts\/8499","targetHints":{"allow":["GET"]}}],"collection":[{"href":"https:\/\/mwc-cmm.org\/es\/wp-json\/wp\/v2\/posts"}],"about":[{"href":"https:\/\/mwc-cmm.org\/es\/wp-json\/wp\/v2\/types\/post"}],"author":[{"embeddable":true,"href":"https:\/\/mwc-cmm.org\/es\/wp-json\/wp\/v2\/users\/1"}],"replies":[{"embeddable":true,"href":"https:\/\/mwc-cmm.org\/es\/wp-json\/wp\/v2\/comments?post=8499"}],"version-history":[{"count":0,"href":"https:\/\/mwc-cmm.org\/es\/wp-json\/wp\/v2\/posts\/8499\/revisions"}],"wp:featuredmedia":[{"embeddable":true,"href":"https:\/\/mwc-cmm.org\/es\/wp-json\/wp\/v2\/media\/86270"}],"wp:attachment":[{"href":"https:\/\/mwc-cmm.org\/es\/wp-json\/wp\/v2\/media?parent=8499"}],"wp:term":[{"taxonomy":"category","embeddable":true,"href":"https:\/\/mwc-cmm.org\/es\/wp-json\/wp\/v2\/categories?post=8499"},{"taxonomy":"post_tag","embeddable":true,"href":"https:\/\/mwc-cmm.org\/es\/wp-json\/wp\/v2\/tags?post=8499"},{"taxonomy":"network","embeddable":true,"href":"https:\/\/mwc-cmm.org\/es\/wp-json\/wp\/v2\/network?post=8499"},{"taxonomy":"eventcategory","embeddable":true,"href":"https:\/\/mwc-cmm.org\/es\/wp-json\/wp\/v2\/eventcategory?post=8499"}],"curies":[{"name":"wp","href":"https:\/\/api.w.org\/{rel}","templated":true}]}}