{"id":8495,"date":"2014-11-26T00:00:00","date_gmt":"2014-11-26T00:00:00","guid":{"rendered":"https:\/\/mwc-cmm.org\/first-vietnamese-mennonite-pastor-dies-3\/"},"modified":"2024-12-10T17:59:07","modified_gmt":"2024-12-10T17:59:07","slug":"fallece-primer-pastor-menonita-vietnamita","status":"publish","type":"post","link":"https:\/\/mwc-cmm.org\/es\/stories\/fallece-primer-pastor-menonita-vietnamita\/","title":{"rendered":"Fallece primer pastor menonita vietnamita"},"content":{"rendered":"<p>Philadelphia, Pennsylvania, EE.UU. \u2013 Quang Xuan Tran, primer pastor menonita vietnamita, falleci\u00f3 en Philadelphia el 20 de septiembre, a la edad de 84 a\u00f1os.<\/p>\n<p>Quang lleg\u00f3 a Estados Unidos en marzo de 1975, para asistir a la reuni\u00f3n anual de las Misiones Menonitas del Este (EMM). En las semanas siguientes, Vietnam del Sur fue invadida por fuerza militares del norte, por lo cual permaneci\u00f3 en EU.UU. y luego se le uni\u00f3 su familia.<\/p>\n<p>Primero, se radicaron en Ephrata, donde Quang estableci\u00f3 una iglesia vietnamita. Durante algunos a\u00f1os colabor\u00f3 con Donald Sensenig del Comit\u00e9 Central Menonita, asistiendo a las congregaciones en la tarea de patrocinar a las familias de refugiados. En 1982 se trasladaron a Philadelphia, donde Quang fue pastor fundador de la congregaci\u00f3n menonita vietnamita. Quang se retir\u00f3 en 2005.<\/p>\n<p>Quang (<em>Tr\u00e2?n Xu\u00e2n <\/em><em>Quang<\/em>) naci\u00f3 en Da Nang, donde su padre era pastor de la Iglesia Evang\u00e9lica de Vietnam. En 1955, Quang se recibi\u00f3 en la Escuela B\u00edblica de Da Nang (de la Alianza Cristiana y Misionera).<\/p>\n<p>Cuando los misioneros de EMM llegaron por primera vez a Vietnam en 1957, entablaron un v\u00ednculo estrecho con la Iglesia Evang\u00e9lica de Vietnam, y asistieron en la creaci\u00f3n de una nueva congregaci\u00f3n en Saig\u00f3n. All\u00ed conocieron a Quang, y en 1958 fueron invitados a asistir a su boda con la hija de un pastor local. Quang y su esposa visitaron a los misioneros en su casa.<\/p>\n<p>EMM estableci\u00f3 un centro estudiantil en Saig\u00f3n en 1960, y el centro comunitario de servicios sociales Gia Dinh en las afueras de Saig\u00f3n en 1964. Cuando se empez\u00f3 a conformar aqu\u00ed una congregaci\u00f3n menonita, Quang fue invitado en 1965 a colaborar en la ense\u00f1anza y la predicaci\u00f3n. El 16 de marzo de 1969, fue ordenado pastor de la congregaci\u00f3n, convirti\u00e9ndose en el primer pastor menonita vietnamita. La iglesia avanz\u00f3 muy bien gracias a su liderazgo. En 1971 Quang fue el representante de Vietnam en el Congreso Menonita de Asia en la India.<\/p>\n<p>En 1966, el MCC fusion\u00f3 su programa con el Servicio Mundial de la Iglesia (<em>Church World Service<\/em>) y Ayuda Humanitaria Luterana Mundial (<em>Lutheran World Relief<\/em>), a fin de crear el Servicio Cristiano de Vietnam (VNCS). Entonces Atlee Beechy, director de VNCS, invit\u00f3 a Quang a coordinar el programa de ayuda material que asist\u00eda a los refugiados.  <\/p>\n<p>Tras la ofensiva del Tet en 1968, hubo quienes ped\u00edan el retiro del MCC de Vietnam a ra\u00edz de los brutales y devastadores combates por parte de Estados Unidos. Paul Longacre, administrador del MCC, dijo que el MCC deb\u00eda escuchar atentamente a los l\u00edderes cristianos vietnamitas. Cit\u00f3 a Quang de la siguiente manera: \u201cNo es hora de que la iglesia se repliegue en  Vietnam. Es hora de que avance comunicando las buenas noticias. Mis compatriotas vietnamitas han pasado toda su vida acumulando cosas, y ahora ven c\u00f3mo se convierten en humo. Han buscado la seguridad s\u00f3lo para encontrar la muerte en todas partes. \u00bfQu\u00e9 otra cosa sino la fe cristiana podr\u00e1 brindarle al hombre un sentido de la realidad?\u201d<\/p>\n<p>Luego Quang fue director del centro comunitario Gia Dinh, donde funcionaba una escuela primaria y una cl\u00ednica, y tambi\u00e9n se dictaban talleres de oficios. Nguyen Quang Trung, presidente de la actual Iglesia Menonita de Vietnam, se desempe\u00f1\u00f3 como su asistente pastoral durante varios a\u00f1os.<\/p>\n<p>Quang y su esposa, Tam Thi Nguyen, tienen cuatro hijos casados y cinco nietos. El velatorio se realiz\u00f3 el 26 de septiembre en la Iglesia Menonita Vietnamita de Philadelphia, con la participaci\u00f3n de sus ex colegas misioneros. El entierro tendr\u00eda lugar en un Cementerio de los \u201cAmigos\u201d (<em>Friends<\/em>) en Upper Darby.<\/p>\n<p><em>De un art\u00edculo por Luke S. Martin<\/em><\/p>\n","protected":false},"excerpt":{"rendered":"<p>NULL<\/p>\n","protected":false},"author":1,"featured_media":86228,"comment_status":"closed","ping_status":"closed","sticky":false,"template":"","format":"standard","meta":{"_acf_changed":false,"footnotes":""},"categories":[6],"tags":[],"network":[],"eventcategory":[],"class_list":["post-8495","post","type-post","status-publish","format-standard","has-post-thumbnail","hentry","category-sin-categorizar"],"acf":[],"yoast_head":"<!-- This site is optimized with the Yoast SEO plugin v27.2 - https:\/\/yoast.com\/product\/yoast-seo-wordpress\/ -->\n<title>Fallece primer pastor menonita vietnamita - Mennonite World Conference<\/title>\n<meta name=\"robots\" content=\"index, follow, max-snippet:-1, max-image-preview:large, max-video-preview:-1\" \/>\n<link rel=\"canonical\" href=\"https:\/\/mwc-cmm.org\/en\/stories\/first-vietnamese-mennonite-pastor-dies\/\" \/>\n<meta property=\"og:locale\" content=\"es_ES\" \/>\n<meta property=\"og:type\" content=\"article\" \/>\n<meta property=\"og:title\" content=\"Fallece primer pastor menonita vietnamita - Mennonite World Conference\" \/>\n<meta property=\"og:description\" content=\"NULL\" \/>\n<meta property=\"og:url\" content=\"https:\/\/mwc-cmm.org\/en\/stories\/first-vietnamese-mennonite-pastor-dies\/\" \/>\n<meta property=\"og:site_name\" content=\"Mennonite World Conference\" \/>\n<meta property=\"article:publisher\" content=\"https:\/\/www.facebook.com\/MennoniteWorldConference\" \/>\n<meta property=\"article:published_time\" content=\"2014-11-26T00:00:00+00:00\" \/>\n<meta property=\"article:modified_time\" content=\"2024-12-10T17:59:07+00:00\" \/>\n<meta property=\"og:image\" content=\"https:\/\/mwc-cmm.org\/wp-content\/uploads\/2024\/11\/quang_xuan_tran-web_edit.jpg\" \/>\n\t<meta property=\"og:image:width\" content=\"1200\" \/>\n\t<meta property=\"og:image:height\" content=\"1212\" \/>\n\t<meta property=\"og:image:type\" content=\"image\/jpeg\" \/>\n<meta name=\"author\" content=\"mennworldcon\" \/>\n<script type=\"application\/ld+json\" class=\"yoast-schema-graph\">{\"@context\":\"https:\/\/schema.org\",\"@graph\":[{\"@type\":\"Article\",\"@id\":\"https:\/\/mwc-cmm.org\/en\/stories\/first-vietnamese-mennonite-pastor-dies\/#article\",\"isPartOf\":{\"@id\":\"https:\/\/mwc-cmm.org\/en\/stories\/first-vietnamese-mennonite-pastor-dies\/\"},\"author\":{\"name\":\"mennworldcon\",\"@id\":\"https:\/\/mwc-cmm.org\/en\/#\/schema\/person\/11f6ae0d7d1868ba20a1cc27f067c836\"},\"headline\":\"Fallece primer pastor menonita vietnamita\",\"datePublished\":\"2014-11-26T00:00:00+00:00\",\"dateModified\":\"2024-12-10T17:59:07+00:00\",\"mainEntityOfPage\":{\"@id\":\"https:\/\/mwc-cmm.org\/en\/stories\/first-vietnamese-mennonite-pastor-dies\/\"},\"wordCount\":624,\"publisher\":{\"@id\":\"https:\/\/mwc-cmm.org\/en\/#organization\"},\"image\":{\"@id\":\"https:\/\/mwc-cmm.org\/en\/stories\/first-vietnamese-mennonite-pastor-dies\/#primaryimage\"},\"thumbnailUrl\":\"https:\/\/mwc-cmm.org\/wp-content\/uploads\/2024\/11\/quang_xuan_tran-web_edit.jpg\",\"articleSection\":[\"Sin categorizar\"],\"inLanguage\":\"es\"},{\"@type\":\"WebPage\",\"@id\":\"https:\/\/mwc-cmm.org\/en\/stories\/first-vietnamese-mennonite-pastor-dies\/\",\"url\":\"https:\/\/mwc-cmm.org\/en\/stories\/first-vietnamese-mennonite-pastor-dies\/\",\"name\":\"Fallece primer pastor menonita vietnamita - Mennonite World Conference\",\"isPartOf\":{\"@id\":\"https:\/\/mwc-cmm.org\/en\/#website\"},\"primaryImageOfPage\":{\"@id\":\"https:\/\/mwc-cmm.org\/en\/stories\/first-vietnamese-mennonite-pastor-dies\/#primaryimage\"},\"image\":{\"@id\":\"https:\/\/mwc-cmm.org\/en\/stories\/first-vietnamese-mennonite-pastor-dies\/#primaryimage\"},\"thumbnailUrl\":\"https:\/\/mwc-cmm.org\/wp-content\/uploads\/2024\/11\/quang_xuan_tran-web_edit.jpg\",\"datePublished\":\"2014-11-26T00:00:00+00:00\",\"dateModified\":\"2024-12-10T17:59:07+00:00\",\"breadcrumb\":{\"@id\":\"https:\/\/mwc-cmm.org\/en\/stories\/first-vietnamese-mennonite-pastor-dies\/#breadcrumb\"},\"inLanguage\":\"es\",\"potentialAction\":[{\"@type\":\"ReadAction\",\"target\":[\"https:\/\/mwc-cmm.org\/en\/stories\/first-vietnamese-mennonite-pastor-dies\/\"]}]},{\"@type\":\"ImageObject\",\"inLanguage\":\"es\",\"@id\":\"https:\/\/mwc-cmm.org\/en\/stories\/first-vietnamese-mennonite-pastor-dies\/#primaryimage\",\"url\":\"https:\/\/mwc-cmm.org\/wp-content\/uploads\/2024\/11\/quang_xuan_tran-web_edit.jpg\",\"contentUrl\":\"https:\/\/mwc-cmm.org\/wp-content\/uploads\/2024\/11\/quang_xuan_tran-web_edit.jpg\",\"width\":1200,\"height\":1212},{\"@type\":\"BreadcrumbList\",\"@id\":\"https:\/\/mwc-cmm.org\/en\/stories\/first-vietnamese-mennonite-pastor-dies\/#breadcrumb\",\"itemListElement\":[{\"@type\":\"ListItem\",\"position\":1,\"name\":\"Home\",\"item\":\"https:\/\/mwc-cmm.org\/es\/\"},{\"@type\":\"ListItem\",\"position\":2,\"name\":\"Fallece primer pastor menonita vietnamita\"}]},{\"@type\":\"WebSite\",\"@id\":\"https:\/\/mwc-cmm.org\/en\/#website\",\"url\":\"https:\/\/mwc-cmm.org\/en\/\",\"name\":\"Mennonite World Conference\",\"description\":\"A communion of Anabaptist-related churches\",\"publisher\":{\"@id\":\"https:\/\/mwc-cmm.org\/en\/#organization\"},\"alternateName\":\"MWC\",\"potentialAction\":[{\"@type\":\"SearchAction\",\"target\":{\"@type\":\"EntryPoint\",\"urlTemplate\":\"https:\/\/mwc-cmm.org\/en\/?s={search_term_string}\"},\"query-input\":{\"@type\":\"PropertyValueSpecification\",\"valueRequired\":true,\"valueName\":\"search_term_string\"}}],\"inLanguage\":\"es\"},{\"@type\":\"Organization\",\"@id\":\"https:\/\/mwc-cmm.org\/en\/#organization\",\"name\":\"Mennonite World Conference\",\"alternateName\":\"MWC\",\"url\":\"https:\/\/mwc-cmm.org\/en\/\",\"logo\":{\"@type\":\"ImageObject\",\"inLanguage\":\"es\",\"@id\":\"https:\/\/mwc-cmm.org\/en\/#\/schema\/logo\/image\/\",\"url\":\"https:\/\/mwc-cmm.org\/wp-content\/uploads\/2026\/01\/MWC_Sig_Blue_Horiz_webheader1-logo.svg\",\"contentUrl\":\"https:\/\/mwc-cmm.org\/wp-content\/uploads\/2026\/01\/MWC_Sig_Blue_Horiz_webheader1-logo.svg\",\"width\":786,\"height\":82,\"caption\":\"Mennonite World Conference\"},\"image\":{\"@id\":\"https:\/\/mwc-cmm.org\/en\/#\/schema\/logo\/image\/\"},\"sameAs\":[\"https:\/\/www.facebook.com\/MennoniteWorldConference\",\"https:\/\/www.linkedin.com\/company\/mennonite-world-conference-mwc\/\",\"https:\/\/www.instagram.com\/mwcmm\/\",\"https:\/\/www.youtube.com\/user\/mwccmm\",\"https:\/\/bsky.app\/profile\/mwcmm.bsky.social\"]},{\"@type\":\"Person\",\"@id\":\"https:\/\/mwc-cmm.org\/en\/#\/schema\/person\/11f6ae0d7d1868ba20a1cc27f067c836\",\"name\":\"mennworldcon\",\"image\":{\"@type\":\"ImageObject\",\"inLanguage\":\"es\",\"@id\":\"https:\/\/secure.gravatar.com\/avatar\/06fdc0dc81c157dfdb82ec42f252178a22307808988d22c043f9eb96f1e0fe80?s=96&d=mm&r=g\",\"url\":\"https:\/\/secure.gravatar.com\/avatar\/06fdc0dc81c157dfdb82ec42f252178a22307808988d22c043f9eb96f1e0fe80?s=96&d=mm&r=g\",\"contentUrl\":\"https:\/\/secure.gravatar.com\/avatar\/06fdc0dc81c157dfdb82ec42f252178a22307808988d22c043f9eb96f1e0fe80?s=96&d=mm&r=g\",\"caption\":\"mennworldcon\"},\"sameAs\":[\"https:\/\/mwc-cmm.org\"],\"url\":\"https:\/\/mwc-cmm.org\/es\/stories\/author\/mennworldcon\/\"}]}<\/script>\n<!-- \/ Yoast SEO plugin. -->","yoast_head_json":{"title":"Fallece primer pastor menonita vietnamita - Mennonite World Conference","robots":{"index":"index","follow":"follow","max-snippet":"max-snippet:-1","max-image-preview":"max-image-preview:large","max-video-preview":"max-video-preview:-1"},"canonical":"https:\/\/mwc-cmm.org\/en\/stories\/first-vietnamese-mennonite-pastor-dies\/","og_locale":"es_ES","og_type":"article","og_title":"Fallece primer pastor menonita vietnamita - Mennonite World Conference","og_description":"NULL","og_url":"https:\/\/mwc-cmm.org\/en\/stories\/first-vietnamese-mennonite-pastor-dies\/","og_site_name":"Mennonite World Conference","article_publisher":"https:\/\/www.facebook.com\/MennoniteWorldConference","article_published_time":"2014-11-26T00:00:00+00:00","article_modified_time":"2024-12-10T17:59:07+00:00","og_image":[{"width":1200,"height":1212,"url":"https:\/\/mwc-cmm.org\/wp-content\/uploads\/2024\/11\/quang_xuan_tran-web_edit.jpg","type":"image\/jpeg"}],"author":"mennworldcon","schema":{"@context":"https:\/\/schema.org","@graph":[{"@type":"Article","@id":"https:\/\/mwc-cmm.org\/en\/stories\/first-vietnamese-mennonite-pastor-dies\/#article","isPartOf":{"@id":"https:\/\/mwc-cmm.org\/en\/stories\/first-vietnamese-mennonite-pastor-dies\/"},"author":{"name":"mennworldcon","@id":"https:\/\/mwc-cmm.org\/en\/#\/schema\/person\/11f6ae0d7d1868ba20a1cc27f067c836"},"headline":"Fallece primer pastor menonita vietnamita","datePublished":"2014-11-26T00:00:00+00:00","dateModified":"2024-12-10T17:59:07+00:00","mainEntityOfPage":{"@id":"https:\/\/mwc-cmm.org\/en\/stories\/first-vietnamese-mennonite-pastor-dies\/"},"wordCount":624,"publisher":{"@id":"https:\/\/mwc-cmm.org\/en\/#organization"},"image":{"@id":"https:\/\/mwc-cmm.org\/en\/stories\/first-vietnamese-mennonite-pastor-dies\/#primaryimage"},"thumbnailUrl":"https:\/\/mwc-cmm.org\/wp-content\/uploads\/2024\/11\/quang_xuan_tran-web_edit.jpg","articleSection":["Sin categorizar"],"inLanguage":"es"},{"@type":"WebPage","@id":"https:\/\/mwc-cmm.org\/en\/stories\/first-vietnamese-mennonite-pastor-dies\/","url":"https:\/\/mwc-cmm.org\/en\/stories\/first-vietnamese-mennonite-pastor-dies\/","name":"Fallece primer pastor menonita vietnamita - Mennonite World Conference","isPartOf":{"@id":"https:\/\/mwc-cmm.org\/en\/#website"},"primaryImageOfPage":{"@id":"https:\/\/mwc-cmm.org\/en\/stories\/first-vietnamese-mennonite-pastor-dies\/#primaryimage"},"image":{"@id":"https:\/\/mwc-cmm.org\/en\/stories\/first-vietnamese-mennonite-pastor-dies\/#primaryimage"},"thumbnailUrl":"https:\/\/mwc-cmm.org\/wp-content\/uploads\/2024\/11\/quang_xuan_tran-web_edit.jpg","datePublished":"2014-11-26T00:00:00+00:00","dateModified":"2024-12-10T17:59:07+00:00","breadcrumb":{"@id":"https:\/\/mwc-cmm.org\/en\/stories\/first-vietnamese-mennonite-pastor-dies\/#breadcrumb"},"inLanguage":"es","potentialAction":[{"@type":"ReadAction","target":["https:\/\/mwc-cmm.org\/en\/stories\/first-vietnamese-mennonite-pastor-dies\/"]}]},{"@type":"ImageObject","inLanguage":"es","@id":"https:\/\/mwc-cmm.org\/en\/stories\/first-vietnamese-mennonite-pastor-dies\/#primaryimage","url":"https:\/\/mwc-cmm.org\/wp-content\/uploads\/2024\/11\/quang_xuan_tran-web_edit.jpg","contentUrl":"https:\/\/mwc-cmm.org\/wp-content\/uploads\/2024\/11\/quang_xuan_tran-web_edit.jpg","width":1200,"height":1212},{"@type":"BreadcrumbList","@id":"https:\/\/mwc-cmm.org\/en\/stories\/first-vietnamese-mennonite-pastor-dies\/#breadcrumb","itemListElement":[{"@type":"ListItem","position":1,"name":"Home","item":"https:\/\/mwc-cmm.org\/es\/"},{"@type":"ListItem","position":2,"name":"Fallece primer pastor menonita vietnamita"}]},{"@type":"WebSite","@id":"https:\/\/mwc-cmm.org\/en\/#website","url":"https:\/\/mwc-cmm.org\/en\/","name":"Mennonite World Conference","description":"A communion of Anabaptist-related churches","publisher":{"@id":"https:\/\/mwc-cmm.org\/en\/#organization"},"alternateName":"MWC","potentialAction":[{"@type":"SearchAction","target":{"@type":"EntryPoint","urlTemplate":"https:\/\/mwc-cmm.org\/en\/?s={search_term_string}"},"query-input":{"@type":"PropertyValueSpecification","valueRequired":true,"valueName":"search_term_string"}}],"inLanguage":"es"},{"@type":"Organization","@id":"https:\/\/mwc-cmm.org\/en\/#organization","name":"Mennonite World Conference","alternateName":"MWC","url":"https:\/\/mwc-cmm.org\/en\/","logo":{"@type":"ImageObject","inLanguage":"es","@id":"https:\/\/mwc-cmm.org\/en\/#\/schema\/logo\/image\/","url":"https:\/\/mwc-cmm.org\/wp-content\/uploads\/2026\/01\/MWC_Sig_Blue_Horiz_webheader1-logo.svg","contentUrl":"https:\/\/mwc-cmm.org\/wp-content\/uploads\/2026\/01\/MWC_Sig_Blue_Horiz_webheader1-logo.svg","width":786,"height":82,"caption":"Mennonite World Conference"},"image":{"@id":"https:\/\/mwc-cmm.org\/en\/#\/schema\/logo\/image\/"},"sameAs":["https:\/\/www.facebook.com\/MennoniteWorldConference","https:\/\/www.linkedin.com\/company\/mennonite-world-conference-mwc\/","https:\/\/www.instagram.com\/mwcmm\/","https:\/\/www.youtube.com\/user\/mwccmm","https:\/\/bsky.app\/profile\/mwcmm.bsky.social"]},{"@type":"Person","@id":"https:\/\/mwc-cmm.org\/en\/#\/schema\/person\/11f6ae0d7d1868ba20a1cc27f067c836","name":"mennworldcon","image":{"@type":"ImageObject","inLanguage":"es","@id":"https:\/\/secure.gravatar.com\/avatar\/06fdc0dc81c157dfdb82ec42f252178a22307808988d22c043f9eb96f1e0fe80?s=96&d=mm&r=g","url":"https:\/\/secure.gravatar.com\/avatar\/06fdc0dc81c157dfdb82ec42f252178a22307808988d22c043f9eb96f1e0fe80?s=96&d=mm&r=g","contentUrl":"https:\/\/secure.gravatar.com\/avatar\/06fdc0dc81c157dfdb82ec42f252178a22307808988d22c043f9eb96f1e0fe80?s=96&d=mm&r=g","caption":"mennworldcon"},"sameAs":["https:\/\/mwc-cmm.org"],"url":"https:\/\/mwc-cmm.org\/es\/stories\/author\/mennworldcon\/"}]}},"_links":{"self":[{"href":"https:\/\/mwc-cmm.org\/es\/wp-json\/wp\/v2\/posts\/8495","targetHints":{"allow":["GET"]}}],"collection":[{"href":"https:\/\/mwc-cmm.org\/es\/wp-json\/wp\/v2\/posts"}],"about":[{"href":"https:\/\/mwc-cmm.org\/es\/wp-json\/wp\/v2\/types\/post"}],"author":[{"embeddable":true,"href":"https:\/\/mwc-cmm.org\/es\/wp-json\/wp\/v2\/users\/1"}],"replies":[{"embeddable":true,"href":"https:\/\/mwc-cmm.org\/es\/wp-json\/wp\/v2\/comments?post=8495"}],"version-history":[{"count":0,"href":"https:\/\/mwc-cmm.org\/es\/wp-json\/wp\/v2\/posts\/8495\/revisions"}],"wp:featuredmedia":[{"embeddable":true,"href":"https:\/\/mwc-cmm.org\/es\/wp-json\/wp\/v2\/media\/86228"}],"wp:attachment":[{"href":"https:\/\/mwc-cmm.org\/es\/wp-json\/wp\/v2\/media?parent=8495"}],"wp:term":[{"taxonomy":"category","embeddable":true,"href":"https:\/\/mwc-cmm.org\/es\/wp-json\/wp\/v2\/categories?post=8495"},{"taxonomy":"post_tag","embeddable":true,"href":"https:\/\/mwc-cmm.org\/es\/wp-json\/wp\/v2\/tags?post=8495"},{"taxonomy":"network","embeddable":true,"href":"https:\/\/mwc-cmm.org\/es\/wp-json\/wp\/v2\/network?post=8495"},{"taxonomy":"eventcategory","embeddable":true,"href":"https:\/\/mwc-cmm.org\/es\/wp-json\/wp\/v2\/eventcategory?post=8495"}],"curies":[{"name":"wp","href":"https:\/\/api.w.org\/{rel}","templated":true}]}}