{"id":8478,"date":"2014-11-07T00:00:00","date_gmt":"2014-11-07T00:00:00","guid":{"rendered":"https:\/\/mwc-cmm.org\/colombian-peace-group-lends-support-to-south-korean-conscientious-objector-3\/"},"modified":"2024-12-10T17:59:00","modified_gmt":"2024-12-10T17:59:00","slug":"colombian-peace-group-lends-support-to-south-korean-conscientious-objector-3","status":"publish","type":"post","link":"https:\/\/mwc-cmm.org\/es\/stories\/colombian-peace-group-lends-support-to-south-korean-conscientious-objector-3\/","title":{"rendered":"Organizaci\u00f3n de paz apoya a un objetor de conciencia en Corea del Sur"},"content":{"rendered":"<p>Bogot\u00e1, Colombia \u2013 Para Jenny Neme, directora de la organizaci\u00f3n menonita <a href=\"http:\/\/justapaz.org\/\">Justapaz<\/a>, el apoyo reciente de Justapaz para el objetor de conciencia de Corea de Sur, San-Ming Lee, fue una respuesta natural de \u201cuna l\u00f3gica de buscar la solidaridad, de buscar la ayuda mutua&#8230; del papel prof\u00e9tico de las iglesias de hacer incidencia pol\u00edtica desde los escenarios en donde nos encontramos&#8230;para animar a que las iglesias encuentran esta posibilidad de incidencia p\u00fablica.\u201d<\/p>\n<p>Justapaz ha trabajado en temas de la objeci\u00f3n de conciencia (OC) por casi veinticinco a\u00f1os. La organizaci\u00f3n brinda apoyo a j\u00f3venes en todo el pa\u00eds que escogen objetar al servicio militar obligatorio colombiano, desde su fe menonita. Justapaz tambi\u00e9n hace incidencia pol\u00edtica para que el derecho de objeci\u00f3n de conciencia sea respectado. La organizaci\u00f3n usa talleres, capacitaciones teol\u00f3gicas, y la creaci\u00f3n de alianzas para promover la construcci\u00f3n de paz desde la noviolencia como una alternativa al servicio militar.<\/p>\n<p>Fue durante las reuni\u00f3nes en marzo de la Comisi\u00f3n de Paz del Congreso Mundial Menonita en Holanda donde Neme se enter\u00f3 del caso de Lee, un joven de 27 a\u00f1os y miembro de la Iglesias de Gracia y Paz en Se\u00fal, Corea del Sur. \u00c9l es el primer menonita coreano a declararse (OC) y por esto ha estado preso por 18 meses. M\u00e1s que el 92% de los OCs encarcelados a nivel mundial se encuentran en Corea del Sur.<\/p>\n<p>Justapaz ha compartido el testimonio de Lee con menonitas en Colombia. Tanto individuos como iglesias se han comprometido mandarle cartas de apoyo y estar en oraci\u00f3n. Seg\u00fan Neme, parte de esta respuesta viene de experiencias compartidas. \u201cEso nos puede pasar aqu\u00ed tambi\u00e9n en Colombia, que se lleven a cualquiera de los muchachos a la c\u00e1rcel&#8230;nosotros hemos sido testigos  de cuando necesitemos respuestas, acciones urgentes de los hermanos y las hermanas, eso s\u00ed funciona.\u201d<\/p>\n<p>Como resultado de las conversaciones en Holanda y la respuesta Colombiana a Lee, Justapaz est\u00e1 trabajando con organizaciones en los Estados Unidos, Alemania y Corea del Sur en la elaboraci\u00f3n de una serie de talleres sobre la objeci\u00f3n de conciencia para la Asamblea en 2015, que se llevar\u00e1 a cabo en Harrisburg, Pennsylvania, EEUU. El taller incluir\u00e1 una perspectiva teol\u00f3gica e hist\u00f3rica, y una mirada de hoy en d\u00eda sobre las realidades de la objeci\u00f3n, con la meta de buscar solidaridad sobre un asunto que impacta las vidas diarias de los anabaptistas a nivel global.<\/p>\n<p>Para Neme, la objeci\u00f3n de conciencia representa: \u201cun desaf\u00edo nuevamente para el interior de la iglesia menonita a nivel mundial a volverle a dar un valor al tema de la objeci\u00f3n de conciencia, un tema muy importante para nuestra tradici\u00f3n de fe.\u201d<\/p>\n<p><em>Por Anna Vogt, Justapaz<\/em><\/p>\n","protected":false},"excerpt":{"rendered":"<p>NULL<\/p>\n","protected":false},"author":1,"featured_media":86018,"comment_status":"closed","ping_status":"closed","sticky":false,"template":"","format":"standard","meta":{"_acf_changed":false,"footnotes":""},"categories":[6],"tags":[],"network":[1253],"eventcategory":[],"class_list":["post-8478","post","type-post","status-publish","format-standard","has-post-thumbnail","hentry","category-sin-categorizar","network-peace-commission-es"],"acf":[],"yoast_head":"<!-- This site is optimized with the Yoast SEO plugin v27.5 - https:\/\/yoast.com\/product\/yoast-seo-wordpress\/ -->\n<title>Organizaci\u00f3n de paz apoya a un objetor de conciencia en Corea del Sur - Mennonite World Conference<\/title>\n<meta name=\"robots\" content=\"index, follow, max-snippet:-1, max-image-preview:large, max-video-preview:-1\" \/>\n<link rel=\"canonical\" href=\"https:\/\/mwc-cmm.org\/es\/stories\/colombian-peace-group-lends-support-to-south-korean-conscientious-objector-3\/\" \/>\n<meta property=\"og:locale\" content=\"es_ES\" \/>\n<meta property=\"og:type\" content=\"article\" \/>\n<meta property=\"og:title\" content=\"Organizaci\u00f3n de paz apoya a un objetor de conciencia en Corea del Sur - Mennonite World Conference\" \/>\n<meta property=\"og:description\" content=\"NULL\" \/>\n<meta property=\"og:url\" content=\"https:\/\/mwc-cmm.org\/es\/stories\/colombian-peace-group-lends-support-to-south-korean-conscientious-objector-3\/\" \/>\n<meta property=\"og:site_name\" content=\"Mennonite World Conference\" \/>\n<meta property=\"article:publisher\" content=\"https:\/\/www.facebook.com\/MennoniteWorldConference\" \/>\n<meta property=\"article:published_time\" content=\"2014-11-07T00:00:00+00:00\" \/>\n<meta property=\"article:modified_time\" content=\"2024-12-10T17:59:00+00:00\" \/>\n<meta property=\"og:image\" content=\"https:\/\/mwc-cmm.org\/wp-content\/uploads\/2024\/11\/justapaz-web_edit.jpg\" \/>\n\t<meta property=\"og:image:width\" content=\"1200\" \/>\n\t<meta property=\"og:image:height\" content=\"886\" \/>\n\t<meta property=\"og:image:type\" content=\"image\/jpeg\" \/>\n<meta name=\"author\" content=\"mennworldcon\" \/>\n<script type=\"application\/ld+json\" class=\"yoast-schema-graph\">{\"@context\":\"https:\\\/\\\/schema.org\",\"@graph\":[{\"@type\":\"Article\",\"@id\":\"https:\\\/\\\/mwc-cmm.org\\\/es\\\/stories\\\/colombian-peace-group-lends-support-to-south-korean-conscientious-objector-3\\\/#article\",\"isPartOf\":{\"@id\":\"https:\\\/\\\/mwc-cmm.org\\\/es\\\/stories\\\/colombian-peace-group-lends-support-to-south-korean-conscientious-objector-3\\\/\"},\"author\":{\"name\":\"mennworldcon\",\"@id\":\"https:\\\/\\\/mwc-cmm.org\\\/en\\\/#\\\/schema\\\/person\\\/11f6ae0d7d1868ba20a1cc27f067c836\"},\"headline\":\"Organizaci\u00f3n de paz apoya a un objetor de conciencia en Corea del Sur\",\"datePublished\":\"2014-11-07T00:00:00+00:00\",\"dateModified\":\"2024-12-10T17:59:00+00:00\",\"mainEntityOfPage\":{\"@id\":\"https:\\\/\\\/mwc-cmm.org\\\/es\\\/stories\\\/colombian-peace-group-lends-support-to-south-korean-conscientious-objector-3\\\/\"},\"wordCount\":490,\"publisher\":{\"@id\":\"https:\\\/\\\/mwc-cmm.org\\\/en\\\/#organization\"},\"image\":{\"@id\":\"https:\\\/\\\/mwc-cmm.org\\\/es\\\/stories\\\/colombian-peace-group-lends-support-to-south-korean-conscientious-objector-3\\\/#primaryimage\"},\"thumbnailUrl\":\"https:\\\/\\\/mwc-cmm.org\\\/wp-content\\\/uploads\\\/2024\\\/11\\\/justapaz-web_edit.jpg\",\"articleSection\":[\"Sin categorizar\"],\"inLanguage\":\"es\"},{\"@type\":\"WebPage\",\"@id\":\"https:\\\/\\\/mwc-cmm.org\\\/es\\\/stories\\\/colombian-peace-group-lends-support-to-south-korean-conscientious-objector-3\\\/\",\"url\":\"https:\\\/\\\/mwc-cmm.org\\\/es\\\/stories\\\/colombian-peace-group-lends-support-to-south-korean-conscientious-objector-3\\\/\",\"name\":\"Organizaci\u00f3n de paz apoya a un objetor de conciencia en Corea del Sur - Mennonite World Conference\",\"isPartOf\":{\"@id\":\"https:\\\/\\\/mwc-cmm.org\\\/en\\\/#website\"},\"primaryImageOfPage\":{\"@id\":\"https:\\\/\\\/mwc-cmm.org\\\/es\\\/stories\\\/colombian-peace-group-lends-support-to-south-korean-conscientious-objector-3\\\/#primaryimage\"},\"image\":{\"@id\":\"https:\\\/\\\/mwc-cmm.org\\\/es\\\/stories\\\/colombian-peace-group-lends-support-to-south-korean-conscientious-objector-3\\\/#primaryimage\"},\"thumbnailUrl\":\"https:\\\/\\\/mwc-cmm.org\\\/wp-content\\\/uploads\\\/2024\\\/11\\\/justapaz-web_edit.jpg\",\"datePublished\":\"2014-11-07T00:00:00+00:00\",\"dateModified\":\"2024-12-10T17:59:00+00:00\",\"breadcrumb\":{\"@id\":\"https:\\\/\\\/mwc-cmm.org\\\/es\\\/stories\\\/colombian-peace-group-lends-support-to-south-korean-conscientious-objector-3\\\/#breadcrumb\"},\"inLanguage\":\"es\",\"potentialAction\":[{\"@type\":\"ReadAction\",\"target\":[\"https:\\\/\\\/mwc-cmm.org\\\/es\\\/stories\\\/colombian-peace-group-lends-support-to-south-korean-conscientious-objector-3\\\/\"]}]},{\"@type\":\"ImageObject\",\"inLanguage\":\"es\",\"@id\":\"https:\\\/\\\/mwc-cmm.org\\\/es\\\/stories\\\/colombian-peace-group-lends-support-to-south-korean-conscientious-objector-3\\\/#primaryimage\",\"url\":\"https:\\\/\\\/mwc-cmm.org\\\/wp-content\\\/uploads\\\/2024\\\/11\\\/justapaz-web_edit.jpg\",\"contentUrl\":\"https:\\\/\\\/mwc-cmm.org\\\/wp-content\\\/uploads\\\/2024\\\/11\\\/justapaz-web_edit.jpg\",\"width\":1200,\"height\":886},{\"@type\":\"BreadcrumbList\",\"@id\":\"https:\\\/\\\/mwc-cmm.org\\\/es\\\/stories\\\/colombian-peace-group-lends-support-to-south-korean-conscientious-objector-3\\\/#breadcrumb\",\"itemListElement\":[{\"@type\":\"ListItem\",\"position\":1,\"name\":\"Home\",\"item\":\"https:\\\/\\\/mwc-cmm.org\\\/es\\\/\"},{\"@type\":\"ListItem\",\"position\":2,\"name\":\"Organizaci\u00f3n de paz apoya a un objetor de conciencia en Corea del Sur\"}]},{\"@type\":\"WebSite\",\"@id\":\"https:\\\/\\\/mwc-cmm.org\\\/en\\\/#website\",\"url\":\"https:\\\/\\\/mwc-cmm.org\\\/en\\\/\",\"name\":\"Mennonite World Conference\",\"description\":\"A communion of Anabaptist-related churches\",\"publisher\":{\"@id\":\"https:\\\/\\\/mwc-cmm.org\\\/en\\\/#organization\"},\"alternateName\":\"MWC\",\"potentialAction\":[{\"@type\":\"SearchAction\",\"target\":{\"@type\":\"EntryPoint\",\"urlTemplate\":\"https:\\\/\\\/mwc-cmm.org\\\/en\\\/?s={search_term_string}\"},\"query-input\":{\"@type\":\"PropertyValueSpecification\",\"valueRequired\":true,\"valueName\":\"search_term_string\"}}],\"inLanguage\":\"es\"},{\"@type\":\"Organization\",\"@id\":\"https:\\\/\\\/mwc-cmm.org\\\/en\\\/#organization\",\"name\":\"Mennonite World Conference\",\"alternateName\":\"MWC\",\"url\":\"https:\\\/\\\/mwc-cmm.org\\\/en\\\/\",\"logo\":{\"@type\":\"ImageObject\",\"inLanguage\":\"es\",\"@id\":\"https:\\\/\\\/mwc-cmm.org\\\/en\\\/#\\\/schema\\\/logo\\\/image\\\/\",\"url\":\"https:\\\/\\\/mwc-cmm.org\\\/wp-content\\\/uploads\\\/2026\\\/01\\\/MWC_Sig_Blue_Horiz_webheader1-logo.svg\",\"contentUrl\":\"https:\\\/\\\/mwc-cmm.org\\\/wp-content\\\/uploads\\\/2026\\\/01\\\/MWC_Sig_Blue_Horiz_webheader1-logo.svg\",\"width\":786,\"height\":82,\"caption\":\"Mennonite World Conference\"},\"image\":{\"@id\":\"https:\\\/\\\/mwc-cmm.org\\\/en\\\/#\\\/schema\\\/logo\\\/image\\\/\"},\"sameAs\":[\"https:\\\/\\\/www.facebook.com\\\/MennoniteWorldConference\",\"https:\\\/\\\/www.linkedin.com\\\/company\\\/mennonite-world-conference-mwc\\\/\",\"https:\\\/\\\/www.instagram.com\\\/mwcmm\\\/\",\"https:\\\/\\\/www.youtube.com\\\/user\\\/mwccmm\",\"https:\\\/\\\/bsky.app\\\/profile\\\/mwcmm.bsky.social\"]},{\"@type\":\"Person\",\"@id\":\"https:\\\/\\\/mwc-cmm.org\\\/en\\\/#\\\/schema\\\/person\\\/11f6ae0d7d1868ba20a1cc27f067c836\",\"name\":\"mennworldcon\",\"image\":{\"@type\":\"ImageObject\",\"inLanguage\":\"es\",\"@id\":\"https:\\\/\\\/secure.gravatar.com\\\/avatar\\\/06fdc0dc81c157dfdb82ec42f252178a22307808988d22c043f9eb96f1e0fe80?s=96&d=mm&r=g\",\"url\":\"https:\\\/\\\/secure.gravatar.com\\\/avatar\\\/06fdc0dc81c157dfdb82ec42f252178a22307808988d22c043f9eb96f1e0fe80?s=96&d=mm&r=g\",\"contentUrl\":\"https:\\\/\\\/secure.gravatar.com\\\/avatar\\\/06fdc0dc81c157dfdb82ec42f252178a22307808988d22c043f9eb96f1e0fe80?s=96&d=mm&r=g\",\"caption\":\"mennworldcon\"},\"sameAs\":[\"https:\\\/\\\/mwc-cmm.org\"],\"url\":\"https:\\\/\\\/mwc-cmm.org\\\/es\\\/stories\\\/author\\\/mennworldcon\\\/\"}]}<\/script>\n<!-- \/ Yoast SEO plugin. -->","yoast_head_json":{"title":"Organizaci\u00f3n de paz apoya a un objetor de conciencia en Corea del Sur - Mennonite World Conference","robots":{"index":"index","follow":"follow","max-snippet":"max-snippet:-1","max-image-preview":"max-image-preview:large","max-video-preview":"max-video-preview:-1"},"canonical":"https:\/\/mwc-cmm.org\/es\/stories\/colombian-peace-group-lends-support-to-south-korean-conscientious-objector-3\/","og_locale":"es_ES","og_type":"article","og_title":"Organizaci\u00f3n de paz apoya a un objetor de conciencia en Corea del Sur - Mennonite World Conference","og_description":"NULL","og_url":"https:\/\/mwc-cmm.org\/es\/stories\/colombian-peace-group-lends-support-to-south-korean-conscientious-objector-3\/","og_site_name":"Mennonite World Conference","article_publisher":"https:\/\/www.facebook.com\/MennoniteWorldConference","article_published_time":"2014-11-07T00:00:00+00:00","article_modified_time":"2024-12-10T17:59:00+00:00","og_image":[{"width":1200,"height":886,"url":"https:\/\/mwc-cmm.org\/wp-content\/uploads\/2024\/11\/justapaz-web_edit.jpg","type":"image\/jpeg"}],"author":"mennworldcon","schema":{"@context":"https:\/\/schema.org","@graph":[{"@type":"Article","@id":"https:\/\/mwc-cmm.org\/es\/stories\/colombian-peace-group-lends-support-to-south-korean-conscientious-objector-3\/#article","isPartOf":{"@id":"https:\/\/mwc-cmm.org\/es\/stories\/colombian-peace-group-lends-support-to-south-korean-conscientious-objector-3\/"},"author":{"name":"mennworldcon","@id":"https:\/\/mwc-cmm.org\/en\/#\/schema\/person\/11f6ae0d7d1868ba20a1cc27f067c836"},"headline":"Organizaci\u00f3n de paz apoya a un objetor de conciencia en Corea del Sur","datePublished":"2014-11-07T00:00:00+00:00","dateModified":"2024-12-10T17:59:00+00:00","mainEntityOfPage":{"@id":"https:\/\/mwc-cmm.org\/es\/stories\/colombian-peace-group-lends-support-to-south-korean-conscientious-objector-3\/"},"wordCount":490,"publisher":{"@id":"https:\/\/mwc-cmm.org\/en\/#organization"},"image":{"@id":"https:\/\/mwc-cmm.org\/es\/stories\/colombian-peace-group-lends-support-to-south-korean-conscientious-objector-3\/#primaryimage"},"thumbnailUrl":"https:\/\/mwc-cmm.org\/wp-content\/uploads\/2024\/11\/justapaz-web_edit.jpg","articleSection":["Sin categorizar"],"inLanguage":"es"},{"@type":"WebPage","@id":"https:\/\/mwc-cmm.org\/es\/stories\/colombian-peace-group-lends-support-to-south-korean-conscientious-objector-3\/","url":"https:\/\/mwc-cmm.org\/es\/stories\/colombian-peace-group-lends-support-to-south-korean-conscientious-objector-3\/","name":"Organizaci\u00f3n de paz apoya a un objetor de conciencia en Corea del Sur - Mennonite World Conference","isPartOf":{"@id":"https:\/\/mwc-cmm.org\/en\/#website"},"primaryImageOfPage":{"@id":"https:\/\/mwc-cmm.org\/es\/stories\/colombian-peace-group-lends-support-to-south-korean-conscientious-objector-3\/#primaryimage"},"image":{"@id":"https:\/\/mwc-cmm.org\/es\/stories\/colombian-peace-group-lends-support-to-south-korean-conscientious-objector-3\/#primaryimage"},"thumbnailUrl":"https:\/\/mwc-cmm.org\/wp-content\/uploads\/2024\/11\/justapaz-web_edit.jpg","datePublished":"2014-11-07T00:00:00+00:00","dateModified":"2024-12-10T17:59:00+00:00","breadcrumb":{"@id":"https:\/\/mwc-cmm.org\/es\/stories\/colombian-peace-group-lends-support-to-south-korean-conscientious-objector-3\/#breadcrumb"},"inLanguage":"es","potentialAction":[{"@type":"ReadAction","target":["https:\/\/mwc-cmm.org\/es\/stories\/colombian-peace-group-lends-support-to-south-korean-conscientious-objector-3\/"]}]},{"@type":"ImageObject","inLanguage":"es","@id":"https:\/\/mwc-cmm.org\/es\/stories\/colombian-peace-group-lends-support-to-south-korean-conscientious-objector-3\/#primaryimage","url":"https:\/\/mwc-cmm.org\/wp-content\/uploads\/2024\/11\/justapaz-web_edit.jpg","contentUrl":"https:\/\/mwc-cmm.org\/wp-content\/uploads\/2024\/11\/justapaz-web_edit.jpg","width":1200,"height":886},{"@type":"BreadcrumbList","@id":"https:\/\/mwc-cmm.org\/es\/stories\/colombian-peace-group-lends-support-to-south-korean-conscientious-objector-3\/#breadcrumb","itemListElement":[{"@type":"ListItem","position":1,"name":"Home","item":"https:\/\/mwc-cmm.org\/es\/"},{"@type":"ListItem","position":2,"name":"Organizaci\u00f3n de paz apoya a un objetor de conciencia en Corea del Sur"}]},{"@type":"WebSite","@id":"https:\/\/mwc-cmm.org\/en\/#website","url":"https:\/\/mwc-cmm.org\/en\/","name":"Mennonite World Conference","description":"A communion of Anabaptist-related churches","publisher":{"@id":"https:\/\/mwc-cmm.org\/en\/#organization"},"alternateName":"MWC","potentialAction":[{"@type":"SearchAction","target":{"@type":"EntryPoint","urlTemplate":"https:\/\/mwc-cmm.org\/en\/?s={search_term_string}"},"query-input":{"@type":"PropertyValueSpecification","valueRequired":true,"valueName":"search_term_string"}}],"inLanguage":"es"},{"@type":"Organization","@id":"https:\/\/mwc-cmm.org\/en\/#organization","name":"Mennonite World Conference","alternateName":"MWC","url":"https:\/\/mwc-cmm.org\/en\/","logo":{"@type":"ImageObject","inLanguage":"es","@id":"https:\/\/mwc-cmm.org\/en\/#\/schema\/logo\/image\/","url":"https:\/\/mwc-cmm.org\/wp-content\/uploads\/2026\/01\/MWC_Sig_Blue_Horiz_webheader1-logo.svg","contentUrl":"https:\/\/mwc-cmm.org\/wp-content\/uploads\/2026\/01\/MWC_Sig_Blue_Horiz_webheader1-logo.svg","width":786,"height":82,"caption":"Mennonite World Conference"},"image":{"@id":"https:\/\/mwc-cmm.org\/en\/#\/schema\/logo\/image\/"},"sameAs":["https:\/\/www.facebook.com\/MennoniteWorldConference","https:\/\/www.linkedin.com\/company\/mennonite-world-conference-mwc\/","https:\/\/www.instagram.com\/mwcmm\/","https:\/\/www.youtube.com\/user\/mwccmm","https:\/\/bsky.app\/profile\/mwcmm.bsky.social"]},{"@type":"Person","@id":"https:\/\/mwc-cmm.org\/en\/#\/schema\/person\/11f6ae0d7d1868ba20a1cc27f067c836","name":"mennworldcon","image":{"@type":"ImageObject","inLanguage":"es","@id":"https:\/\/secure.gravatar.com\/avatar\/06fdc0dc81c157dfdb82ec42f252178a22307808988d22c043f9eb96f1e0fe80?s=96&d=mm&r=g","url":"https:\/\/secure.gravatar.com\/avatar\/06fdc0dc81c157dfdb82ec42f252178a22307808988d22c043f9eb96f1e0fe80?s=96&d=mm&r=g","contentUrl":"https:\/\/secure.gravatar.com\/avatar\/06fdc0dc81c157dfdb82ec42f252178a22307808988d22c043f9eb96f1e0fe80?s=96&d=mm&r=g","caption":"mennworldcon"},"sameAs":["https:\/\/mwc-cmm.org"],"url":"https:\/\/mwc-cmm.org\/es\/stories\/author\/mennworldcon\/"}]}},"_links":{"self":[{"href":"https:\/\/mwc-cmm.org\/es\/wp-json\/wp\/v2\/posts\/8478","targetHints":{"allow":["GET"]}}],"collection":[{"href":"https:\/\/mwc-cmm.org\/es\/wp-json\/wp\/v2\/posts"}],"about":[{"href":"https:\/\/mwc-cmm.org\/es\/wp-json\/wp\/v2\/types\/post"}],"author":[{"embeddable":true,"href":"https:\/\/mwc-cmm.org\/es\/wp-json\/wp\/v2\/users\/1"}],"replies":[{"embeddable":true,"href":"https:\/\/mwc-cmm.org\/es\/wp-json\/wp\/v2\/comments?post=8478"}],"version-history":[{"count":0,"href":"https:\/\/mwc-cmm.org\/es\/wp-json\/wp\/v2\/posts\/8478\/revisions"}],"wp:featuredmedia":[{"embeddable":true,"href":"https:\/\/mwc-cmm.org\/es\/wp-json\/wp\/v2\/media\/86018"}],"wp:attachment":[{"href":"https:\/\/mwc-cmm.org\/es\/wp-json\/wp\/v2\/media?parent=8478"}],"wp:term":[{"taxonomy":"category","embeddable":true,"href":"https:\/\/mwc-cmm.org\/es\/wp-json\/wp\/v2\/categories?post=8478"},{"taxonomy":"post_tag","embeddable":true,"href":"https:\/\/mwc-cmm.org\/es\/wp-json\/wp\/v2\/tags?post=8478"},{"taxonomy":"network","embeddable":true,"href":"https:\/\/mwc-cmm.org\/es\/wp-json\/wp\/v2\/network?post=8478"},{"taxonomy":"eventcategory","embeddable":true,"href":"https:\/\/mwc-cmm.org\/es\/wp-json\/wp\/v2\/eventcategory?post=8478"}],"curies":[{"name":"wp","href":"https:\/\/api.w.org\/{rel}","templated":true}]}}