{"id":8474,"date":"2014-10-29T00:00:00","date_gmt":"2014-10-29T00:00:00","guid":{"rendered":"https:\/\/mwc-cmm.org\/on-the-way-to-pa-2015-congregation-creatively-raises-funds-3\/"},"modified":"2024-12-10T17:58:58","modified_gmt":"2024-12-10T17:58:58","slug":"on-the-way-to-pa-2015-congregation-creatively-raises-funds-3","status":"publish","type":"post","link":"https:\/\/mwc-cmm.org\/es\/stories\/on-the-way-to-pa-2015-congregation-creatively-raises-funds-3\/","title":{"rendered":"De camino a PA 2015: Congregaci\u00f3n recauda fondos de forma creativa"},"content":{"rendered":"<p>Lancaster, PA, EE.UU. \u2013 La Iglesia Menonita de Habecker (Habecker Mennonite Church) nunca previ\u00f3 un llamado al reasentamiento de refugiados. Pero la voluntad de Dios se hizo evidente, al principio lentamente, y luego con mayor urgencia. Los refugiados de Burma\/Myanmar est\u00e1n todos necesitados de transporte, trabajos, servicios sociales y ayuda para aprender el idioma ingl\u00e9s. Todos buscan entablar amistades y relaciones.<\/p>\n<p>Habecker ha desarrollado el h\u00e1bito de la hospitalidad que abraza el cambio y la conmoci\u00f3n. Un hombre callado escuch\u00f3 el anhelo de una mujer de tener verduras tradicionales Karen y respondi\u00f3 comenzando una huerta de cultivos asi\u00e1ticos, que ahora est\u00e1 en su cuarto a\u00f1o de productividad Los de piel de color marr\u00f3n lavan los pies de los de color blanco mientras ambos est\u00e1n sentados en el suelo, al estilo Karen. Un coro de adolescentes Karen da apertura al servicio cada domingo con canciones birmanas con mucho entusiasmo. Se escuchan cantos espont\u00e1neos en las camionetas cargadas de personas y en los cultos de las iglesias.<\/p>\n<p>Esta creciente comunidad intercultural, polif\u00f3nica, ora junta, se ayuda entre s\u00ed, conf\u00eda en Dios y busca seguir a Jes\u00fas cada d\u00eda. Nos preguntamos: \u00bfNo ser\u00eda maravilloso unirse a la Asamblea del Congreso Mundial Menonita, a s\u00f3lo cincuenta millas de distancia en Harrisburg, Pennsylvania en 2015? El costo parec\u00eda inaccesible. El pastor Karen Sensenig solicit\u00f3 una subvenci\u00f3n para una renovaci\u00f3n pastoral a Lily Endowment Fund, que incluye suficiente dinero extra para enviar a varios j\u00f3venes Karen a Pennsylvania 2015. Asistir a la Asamblea con otros del Congreso Mundial Menonita ofrecer\u00e1 a estos j\u00f3venes la oportunidad de tener un pantallazo de una historia m\u00e1s amplia de menonitas de alrededor del mundo.<\/p>\n<p>Esperamos que la presencia Karen en Pennsylvania 2015 anime a otros j\u00f3venes menonitas a unirse a las voces de los grupos que sufren de opresi\u00f3n. Juntos, se convertir\u00e1n en l\u00edderes en una iglesia que cada vez es m\u00e1s intercultural y polif\u00f3nica: una iglesia donde todas las voces son escuchadas, el liderazgo es compartido, las diferencias son celebradas y la comunidad es valorada.<\/p>\n<p><em>Por Karen Sensenig<\/em><\/p>\n","protected":false},"excerpt":{"rendered":"<p>NULL<\/p>\n","protected":false},"author":1,"featured_media":85976,"comment_status":"closed","ping_status":"closed","sticky":false,"template":"","format":"standard","meta":{"_acf_changed":false,"footnotes":""},"categories":[6],"tags":[],"network":[],"eventcategory":[1493],"class_list":["post-8474","post","type-post","status-publish","format-standard","has-post-thumbnail","hentry","category-sin-categorizar","eventcategory-assembly-es"],"acf":[],"yoast_head":"<!-- This site is optimized with the Yoast SEO plugin v27.2 - https:\/\/yoast.com\/product\/yoast-seo-wordpress\/ -->\n<title>De camino a PA 2015: Congregaci\u00f3n recauda fondos de forma creativa - Mennonite World Conference<\/title>\n<meta name=\"robots\" content=\"index, follow, max-snippet:-1, max-image-preview:large, max-video-preview:-1\" \/>\n<link rel=\"canonical\" href=\"https:\/\/mwc-cmm.org\/es\/stories\/on-the-way-to-pa-2015-congregation-creatively-raises-funds-3\/\" \/>\n<meta property=\"og:locale\" content=\"es_ES\" \/>\n<meta property=\"og:type\" content=\"article\" \/>\n<meta property=\"og:title\" content=\"De camino a PA 2015: Congregaci\u00f3n recauda fondos de forma creativa - Mennonite World Conference\" \/>\n<meta property=\"og:description\" content=\"NULL\" \/>\n<meta property=\"og:url\" content=\"https:\/\/mwc-cmm.org\/es\/stories\/on-the-way-to-pa-2015-congregation-creatively-raises-funds-3\/\" \/>\n<meta property=\"og:site_name\" content=\"Mennonite World Conference\" \/>\n<meta property=\"article:publisher\" content=\"https:\/\/www.facebook.com\/MennoniteWorldConference\" \/>\n<meta property=\"article:published_time\" content=\"2014-10-29T00:00:00+00:00\" \/>\n<meta property=\"article:modified_time\" content=\"2024-12-10T17:58:58+00:00\" \/>\n<meta property=\"og:image\" content=\"https:\/\/mwc-cmm.org\/wp-content\/uploads\/2024\/11\/habecker_gardening_pic-web_edit.jpg\" \/>\n\t<meta property=\"og:image:width\" content=\"700\" \/>\n\t<meta property=\"og:image:height\" content=\"467\" \/>\n\t<meta property=\"og:image:type\" content=\"image\/jpeg\" \/>\n<meta name=\"author\" content=\"mennworldcon\" \/>\n<script type=\"application\/ld+json\" class=\"yoast-schema-graph\">{\"@context\":\"https:\/\/schema.org\",\"@graph\":[{\"@type\":\"Article\",\"@id\":\"https:\/\/mwc-cmm.org\/es\/stories\/on-the-way-to-pa-2015-congregation-creatively-raises-funds-3\/#article\",\"isPartOf\":{\"@id\":\"https:\/\/mwc-cmm.org\/es\/stories\/on-the-way-to-pa-2015-congregation-creatively-raises-funds-3\/\"},\"author\":{\"name\":\"mennworldcon\",\"@id\":\"https:\/\/mwc-cmm.org\/en\/#\/schema\/person\/11f6ae0d7d1868ba20a1cc27f067c836\"},\"headline\":\"De camino a PA 2015: Congregaci\u00f3n recauda fondos de forma creativa\",\"datePublished\":\"2014-10-29T00:00:00+00:00\",\"dateModified\":\"2024-12-10T17:58:58+00:00\",\"mainEntityOfPage\":{\"@id\":\"https:\/\/mwc-cmm.org\/es\/stories\/on-the-way-to-pa-2015-congregation-creatively-raises-funds-3\/\"},\"wordCount\":375,\"publisher\":{\"@id\":\"https:\/\/mwc-cmm.org\/en\/#organization\"},\"image\":{\"@id\":\"https:\/\/mwc-cmm.org\/es\/stories\/on-the-way-to-pa-2015-congregation-creatively-raises-funds-3\/#primaryimage\"},\"thumbnailUrl\":\"https:\/\/mwc-cmm.org\/wp-content\/uploads\/2024\/11\/habecker_gardening_pic-web_edit.jpg\",\"articleSection\":[\"Sin categorizar\"],\"inLanguage\":\"es\"},{\"@type\":\"WebPage\",\"@id\":\"https:\/\/mwc-cmm.org\/es\/stories\/on-the-way-to-pa-2015-congregation-creatively-raises-funds-3\/\",\"url\":\"https:\/\/mwc-cmm.org\/es\/stories\/on-the-way-to-pa-2015-congregation-creatively-raises-funds-3\/\",\"name\":\"De camino a PA 2015: Congregaci\u00f3n recauda fondos de forma creativa - Mennonite World Conference\",\"isPartOf\":{\"@id\":\"https:\/\/mwc-cmm.org\/en\/#website\"},\"primaryImageOfPage\":{\"@id\":\"https:\/\/mwc-cmm.org\/es\/stories\/on-the-way-to-pa-2015-congregation-creatively-raises-funds-3\/#primaryimage\"},\"image\":{\"@id\":\"https:\/\/mwc-cmm.org\/es\/stories\/on-the-way-to-pa-2015-congregation-creatively-raises-funds-3\/#primaryimage\"},\"thumbnailUrl\":\"https:\/\/mwc-cmm.org\/wp-content\/uploads\/2024\/11\/habecker_gardening_pic-web_edit.jpg\",\"datePublished\":\"2014-10-29T00:00:00+00:00\",\"dateModified\":\"2024-12-10T17:58:58+00:00\",\"breadcrumb\":{\"@id\":\"https:\/\/mwc-cmm.org\/es\/stories\/on-the-way-to-pa-2015-congregation-creatively-raises-funds-3\/#breadcrumb\"},\"inLanguage\":\"es\",\"potentialAction\":[{\"@type\":\"ReadAction\",\"target\":[\"https:\/\/mwc-cmm.org\/es\/stories\/on-the-way-to-pa-2015-congregation-creatively-raises-funds-3\/\"]}]},{\"@type\":\"ImageObject\",\"inLanguage\":\"es\",\"@id\":\"https:\/\/mwc-cmm.org\/es\/stories\/on-the-way-to-pa-2015-congregation-creatively-raises-funds-3\/#primaryimage\",\"url\":\"https:\/\/mwc-cmm.org\/wp-content\/uploads\/2024\/11\/habecker_gardening_pic-web_edit.jpg\",\"contentUrl\":\"https:\/\/mwc-cmm.org\/wp-content\/uploads\/2024\/11\/habecker_gardening_pic-web_edit.jpg\",\"width\":700,\"height\":467},{\"@type\":\"BreadcrumbList\",\"@id\":\"https:\/\/mwc-cmm.org\/es\/stories\/on-the-way-to-pa-2015-congregation-creatively-raises-funds-3\/#breadcrumb\",\"itemListElement\":[{\"@type\":\"ListItem\",\"position\":1,\"name\":\"Home\",\"item\":\"https:\/\/mwc-cmm.org\/es\/\"},{\"@type\":\"ListItem\",\"position\":2,\"name\":\"De camino a PA 2015: Congregaci\u00f3n recauda fondos de forma creativa\"}]},{\"@type\":\"WebSite\",\"@id\":\"https:\/\/mwc-cmm.org\/en\/#website\",\"url\":\"https:\/\/mwc-cmm.org\/en\/\",\"name\":\"Mennonite World Conference\",\"description\":\"A communion of Anabaptist-related churches\",\"publisher\":{\"@id\":\"https:\/\/mwc-cmm.org\/en\/#organization\"},\"alternateName\":\"MWC\",\"potentialAction\":[{\"@type\":\"SearchAction\",\"target\":{\"@type\":\"EntryPoint\",\"urlTemplate\":\"https:\/\/mwc-cmm.org\/en\/?s={search_term_string}\"},\"query-input\":{\"@type\":\"PropertyValueSpecification\",\"valueRequired\":true,\"valueName\":\"search_term_string\"}}],\"inLanguage\":\"es\"},{\"@type\":\"Organization\",\"@id\":\"https:\/\/mwc-cmm.org\/en\/#organization\",\"name\":\"Mennonite World Conference\",\"alternateName\":\"MWC\",\"url\":\"https:\/\/mwc-cmm.org\/en\/\",\"logo\":{\"@type\":\"ImageObject\",\"inLanguage\":\"es\",\"@id\":\"https:\/\/mwc-cmm.org\/en\/#\/schema\/logo\/image\/\",\"url\":\"https:\/\/mwc-cmm.org\/wp-content\/uploads\/2026\/01\/MWC_Sig_Blue_Horiz_webheader1-logo.svg\",\"contentUrl\":\"https:\/\/mwc-cmm.org\/wp-content\/uploads\/2026\/01\/MWC_Sig_Blue_Horiz_webheader1-logo.svg\",\"width\":786,\"height\":82,\"caption\":\"Mennonite World Conference\"},\"image\":{\"@id\":\"https:\/\/mwc-cmm.org\/en\/#\/schema\/logo\/image\/\"},\"sameAs\":[\"https:\/\/www.facebook.com\/MennoniteWorldConference\",\"https:\/\/www.linkedin.com\/company\/mennonite-world-conference-mwc\/\",\"https:\/\/www.instagram.com\/mwcmm\/\",\"https:\/\/www.youtube.com\/user\/mwccmm\",\"https:\/\/bsky.app\/profile\/mwcmm.bsky.social\"]},{\"@type\":\"Person\",\"@id\":\"https:\/\/mwc-cmm.org\/en\/#\/schema\/person\/11f6ae0d7d1868ba20a1cc27f067c836\",\"name\":\"mennworldcon\",\"image\":{\"@type\":\"ImageObject\",\"inLanguage\":\"es\",\"@id\":\"https:\/\/secure.gravatar.com\/avatar\/06fdc0dc81c157dfdb82ec42f252178a22307808988d22c043f9eb96f1e0fe80?s=96&d=mm&r=g\",\"url\":\"https:\/\/secure.gravatar.com\/avatar\/06fdc0dc81c157dfdb82ec42f252178a22307808988d22c043f9eb96f1e0fe80?s=96&d=mm&r=g\",\"contentUrl\":\"https:\/\/secure.gravatar.com\/avatar\/06fdc0dc81c157dfdb82ec42f252178a22307808988d22c043f9eb96f1e0fe80?s=96&d=mm&r=g\",\"caption\":\"mennworldcon\"},\"sameAs\":[\"https:\/\/mwc-cmm.org\"],\"url\":\"https:\/\/mwc-cmm.org\/es\/stories\/author\/mennworldcon\/\"}]}<\/script>\n<!-- \/ Yoast SEO plugin. -->","yoast_head_json":{"title":"De camino a PA 2015: Congregaci\u00f3n recauda fondos de forma creativa - Mennonite World Conference","robots":{"index":"index","follow":"follow","max-snippet":"max-snippet:-1","max-image-preview":"max-image-preview:large","max-video-preview":"max-video-preview:-1"},"canonical":"https:\/\/mwc-cmm.org\/es\/stories\/on-the-way-to-pa-2015-congregation-creatively-raises-funds-3\/","og_locale":"es_ES","og_type":"article","og_title":"De camino a PA 2015: Congregaci\u00f3n recauda fondos de forma creativa - Mennonite World Conference","og_description":"NULL","og_url":"https:\/\/mwc-cmm.org\/es\/stories\/on-the-way-to-pa-2015-congregation-creatively-raises-funds-3\/","og_site_name":"Mennonite World Conference","article_publisher":"https:\/\/www.facebook.com\/MennoniteWorldConference","article_published_time":"2014-10-29T00:00:00+00:00","article_modified_time":"2024-12-10T17:58:58+00:00","og_image":[{"width":700,"height":467,"url":"https:\/\/mwc-cmm.org\/wp-content\/uploads\/2024\/11\/habecker_gardening_pic-web_edit.jpg","type":"image\/jpeg"}],"author":"mennworldcon","schema":{"@context":"https:\/\/schema.org","@graph":[{"@type":"Article","@id":"https:\/\/mwc-cmm.org\/es\/stories\/on-the-way-to-pa-2015-congregation-creatively-raises-funds-3\/#article","isPartOf":{"@id":"https:\/\/mwc-cmm.org\/es\/stories\/on-the-way-to-pa-2015-congregation-creatively-raises-funds-3\/"},"author":{"name":"mennworldcon","@id":"https:\/\/mwc-cmm.org\/en\/#\/schema\/person\/11f6ae0d7d1868ba20a1cc27f067c836"},"headline":"De camino a PA 2015: Congregaci\u00f3n recauda fondos de forma creativa","datePublished":"2014-10-29T00:00:00+00:00","dateModified":"2024-12-10T17:58:58+00:00","mainEntityOfPage":{"@id":"https:\/\/mwc-cmm.org\/es\/stories\/on-the-way-to-pa-2015-congregation-creatively-raises-funds-3\/"},"wordCount":375,"publisher":{"@id":"https:\/\/mwc-cmm.org\/en\/#organization"},"image":{"@id":"https:\/\/mwc-cmm.org\/es\/stories\/on-the-way-to-pa-2015-congregation-creatively-raises-funds-3\/#primaryimage"},"thumbnailUrl":"https:\/\/mwc-cmm.org\/wp-content\/uploads\/2024\/11\/habecker_gardening_pic-web_edit.jpg","articleSection":["Sin categorizar"],"inLanguage":"es"},{"@type":"WebPage","@id":"https:\/\/mwc-cmm.org\/es\/stories\/on-the-way-to-pa-2015-congregation-creatively-raises-funds-3\/","url":"https:\/\/mwc-cmm.org\/es\/stories\/on-the-way-to-pa-2015-congregation-creatively-raises-funds-3\/","name":"De camino a PA 2015: Congregaci\u00f3n recauda fondos de forma creativa - Mennonite World Conference","isPartOf":{"@id":"https:\/\/mwc-cmm.org\/en\/#website"},"primaryImageOfPage":{"@id":"https:\/\/mwc-cmm.org\/es\/stories\/on-the-way-to-pa-2015-congregation-creatively-raises-funds-3\/#primaryimage"},"image":{"@id":"https:\/\/mwc-cmm.org\/es\/stories\/on-the-way-to-pa-2015-congregation-creatively-raises-funds-3\/#primaryimage"},"thumbnailUrl":"https:\/\/mwc-cmm.org\/wp-content\/uploads\/2024\/11\/habecker_gardening_pic-web_edit.jpg","datePublished":"2014-10-29T00:00:00+00:00","dateModified":"2024-12-10T17:58:58+00:00","breadcrumb":{"@id":"https:\/\/mwc-cmm.org\/es\/stories\/on-the-way-to-pa-2015-congregation-creatively-raises-funds-3\/#breadcrumb"},"inLanguage":"es","potentialAction":[{"@type":"ReadAction","target":["https:\/\/mwc-cmm.org\/es\/stories\/on-the-way-to-pa-2015-congregation-creatively-raises-funds-3\/"]}]},{"@type":"ImageObject","inLanguage":"es","@id":"https:\/\/mwc-cmm.org\/es\/stories\/on-the-way-to-pa-2015-congregation-creatively-raises-funds-3\/#primaryimage","url":"https:\/\/mwc-cmm.org\/wp-content\/uploads\/2024\/11\/habecker_gardening_pic-web_edit.jpg","contentUrl":"https:\/\/mwc-cmm.org\/wp-content\/uploads\/2024\/11\/habecker_gardening_pic-web_edit.jpg","width":700,"height":467},{"@type":"BreadcrumbList","@id":"https:\/\/mwc-cmm.org\/es\/stories\/on-the-way-to-pa-2015-congregation-creatively-raises-funds-3\/#breadcrumb","itemListElement":[{"@type":"ListItem","position":1,"name":"Home","item":"https:\/\/mwc-cmm.org\/es\/"},{"@type":"ListItem","position":2,"name":"De camino a PA 2015: Congregaci\u00f3n recauda fondos de forma creativa"}]},{"@type":"WebSite","@id":"https:\/\/mwc-cmm.org\/en\/#website","url":"https:\/\/mwc-cmm.org\/en\/","name":"Mennonite World Conference","description":"A communion of Anabaptist-related churches","publisher":{"@id":"https:\/\/mwc-cmm.org\/en\/#organization"},"alternateName":"MWC","potentialAction":[{"@type":"SearchAction","target":{"@type":"EntryPoint","urlTemplate":"https:\/\/mwc-cmm.org\/en\/?s={search_term_string}"},"query-input":{"@type":"PropertyValueSpecification","valueRequired":true,"valueName":"search_term_string"}}],"inLanguage":"es"},{"@type":"Organization","@id":"https:\/\/mwc-cmm.org\/en\/#organization","name":"Mennonite World Conference","alternateName":"MWC","url":"https:\/\/mwc-cmm.org\/en\/","logo":{"@type":"ImageObject","inLanguage":"es","@id":"https:\/\/mwc-cmm.org\/en\/#\/schema\/logo\/image\/","url":"https:\/\/mwc-cmm.org\/wp-content\/uploads\/2026\/01\/MWC_Sig_Blue_Horiz_webheader1-logo.svg","contentUrl":"https:\/\/mwc-cmm.org\/wp-content\/uploads\/2026\/01\/MWC_Sig_Blue_Horiz_webheader1-logo.svg","width":786,"height":82,"caption":"Mennonite World Conference"},"image":{"@id":"https:\/\/mwc-cmm.org\/en\/#\/schema\/logo\/image\/"},"sameAs":["https:\/\/www.facebook.com\/MennoniteWorldConference","https:\/\/www.linkedin.com\/company\/mennonite-world-conference-mwc\/","https:\/\/www.instagram.com\/mwcmm\/","https:\/\/www.youtube.com\/user\/mwccmm","https:\/\/bsky.app\/profile\/mwcmm.bsky.social"]},{"@type":"Person","@id":"https:\/\/mwc-cmm.org\/en\/#\/schema\/person\/11f6ae0d7d1868ba20a1cc27f067c836","name":"mennworldcon","image":{"@type":"ImageObject","inLanguage":"es","@id":"https:\/\/secure.gravatar.com\/avatar\/06fdc0dc81c157dfdb82ec42f252178a22307808988d22c043f9eb96f1e0fe80?s=96&d=mm&r=g","url":"https:\/\/secure.gravatar.com\/avatar\/06fdc0dc81c157dfdb82ec42f252178a22307808988d22c043f9eb96f1e0fe80?s=96&d=mm&r=g","contentUrl":"https:\/\/secure.gravatar.com\/avatar\/06fdc0dc81c157dfdb82ec42f252178a22307808988d22c043f9eb96f1e0fe80?s=96&d=mm&r=g","caption":"mennworldcon"},"sameAs":["https:\/\/mwc-cmm.org"],"url":"https:\/\/mwc-cmm.org\/es\/stories\/author\/mennworldcon\/"}]}},"_links":{"self":[{"href":"https:\/\/mwc-cmm.org\/es\/wp-json\/wp\/v2\/posts\/8474","targetHints":{"allow":["GET"]}}],"collection":[{"href":"https:\/\/mwc-cmm.org\/es\/wp-json\/wp\/v2\/posts"}],"about":[{"href":"https:\/\/mwc-cmm.org\/es\/wp-json\/wp\/v2\/types\/post"}],"author":[{"embeddable":true,"href":"https:\/\/mwc-cmm.org\/es\/wp-json\/wp\/v2\/users\/1"}],"replies":[{"embeddable":true,"href":"https:\/\/mwc-cmm.org\/es\/wp-json\/wp\/v2\/comments?post=8474"}],"version-history":[{"count":0,"href":"https:\/\/mwc-cmm.org\/es\/wp-json\/wp\/v2\/posts\/8474\/revisions"}],"wp:featuredmedia":[{"embeddable":true,"href":"https:\/\/mwc-cmm.org\/es\/wp-json\/wp\/v2\/media\/85976"}],"wp:attachment":[{"href":"https:\/\/mwc-cmm.org\/es\/wp-json\/wp\/v2\/media?parent=8474"}],"wp:term":[{"taxonomy":"category","embeddable":true,"href":"https:\/\/mwc-cmm.org\/es\/wp-json\/wp\/v2\/categories?post=8474"},{"taxonomy":"post_tag","embeddable":true,"href":"https:\/\/mwc-cmm.org\/es\/wp-json\/wp\/v2\/tags?post=8474"},{"taxonomy":"network","embeddable":true,"href":"https:\/\/mwc-cmm.org\/es\/wp-json\/wp\/v2\/network?post=8474"},{"taxonomy":"eventcategory","embeddable":true,"href":"https:\/\/mwc-cmm.org\/es\/wp-json\/wp\/v2\/eventcategory?post=8474"}],"curies":[{"name":"wp","href":"https:\/\/api.w.org\/{rel}","templated":true}]}}