{"id":8463,"date":"2016-05-19T00:00:00","date_gmt":"2016-05-19T00:00:00","guid":{"rendered":"https:\/\/mwc-cmm.org\/repairing-the-breach-3\/"},"modified":"2024-12-10T17:58:53","modified_gmt":"2024-12-10T17:58:53","slug":"repairing-the-breach-3","status":"publish","type":"post","link":"https:\/\/mwc-cmm.org\/es\/stories\/repairing-the-breach-3\/","title":{"rendered":"Reparar la brecha"},"content":{"rendered":"<p><strong><em>Desigualdad econ\u00f3mica: Examinemos nuestro compromiso com\u00fan en pos del Shalom<\/em><\/strong><\/p>\n<p><em>Como comuni\u00f3n mundial de iglesias afines al anabautismo, compartimos el compromiso de procurar el shalom. En dicha b\u00fasqueda, creemos en la necesidad de intentar alcanzar la justicia y de compartir nuestros recursos, sean materiales, econ\u00f3micos o espirituales. Nuestra enorme diversidad implica llevar a la pr\u00e1ctica este compromiso de muchas maneras. En el n\u00famero de abril 2014 de Courier\/Correo\/Courrier, l\u00edderes de toda nuestra hermandad \u2013promotores del shalom y seguidores de Cristo\u2013relatan c\u00f3mo los anabautistas abordan las problem\u00e1ticas relacionadas con la desigualdad econ\u00f3mica y las brechas de riqueza en nuestras comunidades.<\/em><\/p>\n<p><span style=\"font-size:16px;\"><strong>Reparar la brecha<\/strong><\/span><\/p>\n<p>\u00daltimamente en la televisi\u00f3n de Estados Unidos, ha aparecido mucha publicidad de organizaciones norteamericanas solicitando dinero para luchar contra el hambre en el mundo y buscando enternecer al p\u00fablico al mostrar ni\u00f1os tristes, en su mayor\u00eda africanos. Se informa que 17.000 ni\u00f1os mueren de hambre cada d\u00eda, aproximadamente uno cada cinco segundos, un dato muy conmovedor.<\/p>\n<p>Pero, esto no representa toda la realidad. El hambre es ciertamente un problema grave en \u00c1frica, pero con frecuencia esta publicidad parece ignorar el problema del hambre en Estados Unidos y perpet\u00faa los estereotipos de \u201cesa pobre gente de \u00c1frica\u201d. Se suele definir a Estados Unidos como el pa\u00eds m\u00e1s rico del mundo. Entonces por qu\u00e9, seg\u00fan <em>World Hunger Education Services<\/em>, el 14,5 por ciento de los hogares (o casi 49 millones de personas) tiene carencias alimentarias ya que, \u201cel consumo de comida de los miembros de la familia se redujo, y los patrones habituales de alimentaci\u00f3n se alteraron debido a la falta de dinero\u2026 para obtener comida\u201d. \u00bfC\u00f3mo es posible que una de cada siete personas de Estados Unidos viva debajo del \u00edndice de pobreza, incluido uno de cada cinco ni\u00f1os?<\/p>\n<p>Esta cruda realidad de hambre y pobreza es aun m\u00e1s inquietante si se considera lo siguiente: en 2007, seg\u00fan el Centro de Prioridades Presupuestarias y Normativas (<em>Center on Budget and Policy Priorities<\/em>) con sede en EE. UU., el 10 por ciento de los estadounidenses m\u00e1s ricos ganaba el 47 por ciento de los ingresos y  pose\u00eda el 74 por ciento de la riqueza, brecha que no se ha reducido desde ese a\u00f1o. O este otro dato: durante los \u00faltimos 35 a\u00f1os, los ingresos del uno por ciento de los estadounidenses m\u00e1s ricos aument\u00f3 el 201 por ciento, mientras que el 60 por ciento del ingreso medio aument\u00f3 s\u00f3lo el 40 por ciento, seg\u00fan la Oficina de Presupuesto Parlamentario de EE.UU. No es que no haya suficiente riqueza en Estados Unidos, sino que la distribuci\u00f3n es muy desigual.<\/p>\n<p>Al citar los datos como los mencionados anteriormente, el presidente de Estados Unidos Barack Obama se\u00f1al\u00f3, en diciembre de 2013, que la creciente desigualdad en EE.UU., \u201cdesaf\u00eda la esencia de qui\u00e9nes somos como pueblo\u2026 que un ni\u00f1o quiz\u00e1 nunca pueda escaparle a la pobreza porque carece de oportunidades educativas, o atenci\u00f3n m\u00e9dica, o de una comunidad que considere el futuro de ese ni\u00f1o como propia, deber\u00eda ser una ofensa para todos e impulsarnos a la acci\u00f3n. Como pa\u00eds somos mejor de lo que esto refleja\u201d.<\/p>\n<p>\u00bfPor qu\u00e9 se incrementa la desigualdad econ\u00f3mica en Estados Unidos? El problema es complejo y no hay respuestas f\u00e1ciles a esta pregunta, pero es evidente que ciertos factores contribuyen al origen del problema, incluyendo los intereses corporativos de las empresas que prevalecen sobre las pol\u00edticas p\u00fablicas que ser\u00edan m\u00e1s justas para todos; el miedo al socialismo y la as\u00ed llamada \u201credistribuci\u00f3n de la riqueza\u201d; la idea de que es necesario que el gobierno deje de servir de red de contenci\u00f3n; y la postura que plantea que la gente es pobre porque ha tomado decisiones equivocadas (no asumiendo responsabilidad personal), y no porque el sistema les sea desfavorable. A continuaci\u00f3n, algunos ejemplos de las pol\u00edticas que contribuyen a perpetuar la desigualdad: los recortes al Programa de Asistencia Nutricional Complementaria (Supplemental Nutrition Assistance Program, SNAP; conocido como el programa de cupones de alimentos que se dan a personas de bajos recursos) y al seguro de desempleo a largo plazo; tambi\u00e9n la falta de disposici\u00f3n de los pol\u00edticos a aumentar el salario m\u00ednimo, mientras que al mismo tiempo contin\u00faan estableciendo beneficios impositivos para los ricos.<\/p>\n<p>La desigualdad econ\u00f3mica constituye un importante desaf\u00edo para la iglesia de Estados Unidos, y generalmente se ha respondido satisfactoriamente. Muchos cristianos (y otros) son muy generosos con su tiempo y riqueza, colaborando con organizaciones que ayudan a los necesitados. Muchas congregaciones han implementado sus propios ministerios o participan en ministerios comunitarios que brindan un servicio a personas pobres y\/o que padecen hambre. Sin embargo, pese a nuestras mejores intenciones, persiste la desigualdad econ\u00f3mica. La brecha entre ricos y pobres se profundiza. La generosidad y la pr\u00e1ctica de la \u201creligi\u00f3n pura\u201d de Santiago 1:27 (ayudar a las viudas y hu\u00e9rfanos en situaciones apremiantes) representan importantes imperativos b\u00edblicos a seguir. Pero tambi\u00e9n lo son los mandatos de \u201chacer justicia\u201d y crear sistemas sociales que no opriman y pisoteen a los necesitados (v\u00e9ase Miqueas 6:8 y Am\u00f3s 2:6-7). En el actual contexto de gran desigualdad en Estados Unidos y el resto del mundo, las palabras de Isa\u00edas 58 deber\u00edan representar un desaf\u00edo a diario:<\/p>\n<p style=\"margin-left:9.0pt;\">El ayuno que a m\u00ed me agrada consiste en esto: en que rompas las cadenas de la injusticia y desates los nudos que aprietan el yugo; en que dejes libres a los oprimidos y acabes, en fin, con toda tiran\u00eda; en que compartas tu pan con el hambriento y recibas en tu casa al pobre sin techo; en que vistas al que no tiene ropa\u2026 (vs. 6-7)<\/p>\n<p>Isa\u00edas luego promete que si hacemos estas cosas, seremos llamados \u201creparadores de brechas\u201d y \u201crestauradores de calles donde habitar\u201d, objetivos loables a lograr en nuestros tiempos.<\/p>\n<p><img decoding=\"async\" alt=\"\" data-src=\"\/sites\/default\/files\/website_files\/harriet-sider-bicksler-web_edit.jpg\" style=\"width: 100px; height: 129px; float: left; margin: 5px;\" src=\"data:image\/svg+xml;base64,PHN2ZyB3aWR0aD0iMSIgaGVpZ2h0PSIxIiB4bWxucz0iaHR0cDovL3d3dy53My5vcmcvMjAwMC9zdmciPjwvc3ZnPg==\" class=\"lazyload\" \/><em>Harriet Sider Bicksler, miembro de la Iglesia de los Hermanos en Cristo Grantham (Mechanicsburg, Pennsylvania, EE.UU.). Se desempe\u00f1a como Redactora responsable de Shalom!, una publicaci\u00f3n trimestral que se especializa en temas referentes a la paz y la justicia. <\/em><\/p>\n","protected":false},"excerpt":{"rendered":"<p>NULL<\/p>\n","protected":false},"author":1,"featured_media":85850,"comment_status":"closed","ping_status":"closed","sticky":false,"template":"","format":"standard","meta":{"_acf_changed":false,"footnotes":""},"categories":[6],"tags":[],"network":[],"eventcategory":[],"class_list":["post-8463","post","type-post","status-publish","format-standard","has-post-thumbnail","hentry","category-sin-categorizar"],"acf":[],"yoast_head":"<!-- This site is optimized with the Yoast SEO plugin v27.5 - https:\/\/yoast.com\/product\/yoast-seo-wordpress\/ -->\n<title>Reparar la brecha - Mennonite World Conference<\/title>\n<meta name=\"robots\" content=\"index, follow, max-snippet:-1, max-image-preview:large, max-video-preview:-1\" \/>\n<link rel=\"canonical\" href=\"https:\/\/mwc-cmm.org\/en\/stories\/repairing-breach\/\" \/>\n<meta property=\"og:locale\" content=\"es_ES\" \/>\n<meta property=\"og:type\" content=\"article\" \/>\n<meta property=\"og:title\" content=\"Reparar la brecha - Mennonite World Conference\" \/>\n<meta property=\"og:description\" content=\"NULL\" \/>\n<meta property=\"og:url\" content=\"https:\/\/mwc-cmm.org\/en\/stories\/repairing-breach\/\" \/>\n<meta property=\"og:site_name\" content=\"Mennonite World Conference\" \/>\n<meta property=\"article:publisher\" content=\"https:\/\/www.facebook.com\/MennoniteWorldConference\" \/>\n<meta property=\"article:published_time\" content=\"2016-05-19T00:00:00+00:00\" \/>\n<meta property=\"article:modified_time\" content=\"2024-12-10T17:58:53+00:00\" \/>\n<meta property=\"og:image\" content=\"https:\/\/mwc-cmm.org\/wp-content\/uploads\/2024\/11\/sider_article_pic-web_edit.jpg\" \/>\n\t<meta property=\"og:image:width\" content=\"700\" \/>\n\t<meta property=\"og:image:height\" content=\"465\" \/>\n\t<meta property=\"og:image:type\" content=\"image\/jpeg\" \/>\n<meta name=\"author\" content=\"mennworldcon\" \/>\n<script type=\"application\/ld+json\" class=\"yoast-schema-graph\">{\"@context\":\"https:\\\/\\\/schema.org\",\"@graph\":[{\"@type\":\"Article\",\"@id\":\"https:\\\/\\\/mwc-cmm.org\\\/en\\\/stories\\\/repairing-breach\\\/#article\",\"isPartOf\":{\"@id\":\"https:\\\/\\\/mwc-cmm.org\\\/en\\\/stories\\\/repairing-breach\\\/\"},\"author\":{\"name\":\"mennworldcon\",\"@id\":\"https:\\\/\\\/mwc-cmm.org\\\/en\\\/#\\\/schema\\\/person\\\/11f6ae0d7d1868ba20a1cc27f067c836\"},\"headline\":\"Reparar la brecha\",\"datePublished\":\"2016-05-19T00:00:00+00:00\",\"dateModified\":\"2024-12-10T17:58:53+00:00\",\"mainEntityOfPage\":{\"@id\":\"https:\\\/\\\/mwc-cmm.org\\\/en\\\/stories\\\/repairing-breach\\\/\"},\"wordCount\":1056,\"publisher\":{\"@id\":\"https:\\\/\\\/mwc-cmm.org\\\/en\\\/#organization\"},\"image\":{\"@id\":\"https:\\\/\\\/mwc-cmm.org\\\/en\\\/stories\\\/repairing-breach\\\/#primaryimage\"},\"thumbnailUrl\":\"https:\\\/\\\/mwc-cmm.org\\\/wp-content\\\/uploads\\\/2024\\\/11\\\/sider_article_pic-web_edit.jpg\",\"articleSection\":[\"Sin categorizar\"],\"inLanguage\":\"es\"},{\"@type\":\"WebPage\",\"@id\":\"https:\\\/\\\/mwc-cmm.org\\\/en\\\/stories\\\/repairing-breach\\\/\",\"url\":\"https:\\\/\\\/mwc-cmm.org\\\/en\\\/stories\\\/repairing-breach\\\/\",\"name\":\"Reparar la brecha - Mennonite World Conference\",\"isPartOf\":{\"@id\":\"https:\\\/\\\/mwc-cmm.org\\\/en\\\/#website\"},\"primaryImageOfPage\":{\"@id\":\"https:\\\/\\\/mwc-cmm.org\\\/en\\\/stories\\\/repairing-breach\\\/#primaryimage\"},\"image\":{\"@id\":\"https:\\\/\\\/mwc-cmm.org\\\/en\\\/stories\\\/repairing-breach\\\/#primaryimage\"},\"thumbnailUrl\":\"https:\\\/\\\/mwc-cmm.org\\\/wp-content\\\/uploads\\\/2024\\\/11\\\/sider_article_pic-web_edit.jpg\",\"datePublished\":\"2016-05-19T00:00:00+00:00\",\"dateModified\":\"2024-12-10T17:58:53+00:00\",\"breadcrumb\":{\"@id\":\"https:\\\/\\\/mwc-cmm.org\\\/en\\\/stories\\\/repairing-breach\\\/#breadcrumb\"},\"inLanguage\":\"es\",\"potentialAction\":[{\"@type\":\"ReadAction\",\"target\":[\"https:\\\/\\\/mwc-cmm.org\\\/en\\\/stories\\\/repairing-breach\\\/\"]}]},{\"@type\":\"ImageObject\",\"inLanguage\":\"es\",\"@id\":\"https:\\\/\\\/mwc-cmm.org\\\/en\\\/stories\\\/repairing-breach\\\/#primaryimage\",\"url\":\"https:\\\/\\\/mwc-cmm.org\\\/wp-content\\\/uploads\\\/2024\\\/11\\\/sider_article_pic-web_edit.jpg\",\"contentUrl\":\"https:\\\/\\\/mwc-cmm.org\\\/wp-content\\\/uploads\\\/2024\\\/11\\\/sider_article_pic-web_edit.jpg\",\"width\":700,\"height\":465},{\"@type\":\"BreadcrumbList\",\"@id\":\"https:\\\/\\\/mwc-cmm.org\\\/en\\\/stories\\\/repairing-breach\\\/#breadcrumb\",\"itemListElement\":[{\"@type\":\"ListItem\",\"position\":1,\"name\":\"Home\",\"item\":\"https:\\\/\\\/mwc-cmm.org\\\/es\\\/\"},{\"@type\":\"ListItem\",\"position\":2,\"name\":\"Reparar la brecha\"}]},{\"@type\":\"WebSite\",\"@id\":\"https:\\\/\\\/mwc-cmm.org\\\/en\\\/#website\",\"url\":\"https:\\\/\\\/mwc-cmm.org\\\/en\\\/\",\"name\":\"Mennonite World Conference\",\"description\":\"A communion of Anabaptist-related churches\",\"publisher\":{\"@id\":\"https:\\\/\\\/mwc-cmm.org\\\/en\\\/#organization\"},\"alternateName\":\"MWC\",\"potentialAction\":[{\"@type\":\"SearchAction\",\"target\":{\"@type\":\"EntryPoint\",\"urlTemplate\":\"https:\\\/\\\/mwc-cmm.org\\\/en\\\/?s={search_term_string}\"},\"query-input\":{\"@type\":\"PropertyValueSpecification\",\"valueRequired\":true,\"valueName\":\"search_term_string\"}}],\"inLanguage\":\"es\"},{\"@type\":\"Organization\",\"@id\":\"https:\\\/\\\/mwc-cmm.org\\\/en\\\/#organization\",\"name\":\"Mennonite World Conference\",\"alternateName\":\"MWC\",\"url\":\"https:\\\/\\\/mwc-cmm.org\\\/en\\\/\",\"logo\":{\"@type\":\"ImageObject\",\"inLanguage\":\"es\",\"@id\":\"https:\\\/\\\/mwc-cmm.org\\\/en\\\/#\\\/schema\\\/logo\\\/image\\\/\",\"url\":\"https:\\\/\\\/mwc-cmm.org\\\/wp-content\\\/uploads\\\/2026\\\/01\\\/MWC_Sig_Blue_Horiz_webheader1-logo.svg\",\"contentUrl\":\"https:\\\/\\\/mwc-cmm.org\\\/wp-content\\\/uploads\\\/2026\\\/01\\\/MWC_Sig_Blue_Horiz_webheader1-logo.svg\",\"width\":786,\"height\":82,\"caption\":\"Mennonite World Conference\"},\"image\":{\"@id\":\"https:\\\/\\\/mwc-cmm.org\\\/en\\\/#\\\/schema\\\/logo\\\/image\\\/\"},\"sameAs\":[\"https:\\\/\\\/www.facebook.com\\\/MennoniteWorldConference\",\"https:\\\/\\\/www.linkedin.com\\\/company\\\/mennonite-world-conference-mwc\\\/\",\"https:\\\/\\\/www.instagram.com\\\/mwcmm\\\/\",\"https:\\\/\\\/www.youtube.com\\\/user\\\/mwccmm\",\"https:\\\/\\\/bsky.app\\\/profile\\\/mwcmm.bsky.social\"]},{\"@type\":\"Person\",\"@id\":\"https:\\\/\\\/mwc-cmm.org\\\/en\\\/#\\\/schema\\\/person\\\/11f6ae0d7d1868ba20a1cc27f067c836\",\"name\":\"mennworldcon\",\"image\":{\"@type\":\"ImageObject\",\"inLanguage\":\"es\",\"@id\":\"https:\\\/\\\/secure.gravatar.com\\\/avatar\\\/06fdc0dc81c157dfdb82ec42f252178a22307808988d22c043f9eb96f1e0fe80?s=96&d=mm&r=g\",\"url\":\"https:\\\/\\\/secure.gravatar.com\\\/avatar\\\/06fdc0dc81c157dfdb82ec42f252178a22307808988d22c043f9eb96f1e0fe80?s=96&d=mm&r=g\",\"contentUrl\":\"https:\\\/\\\/secure.gravatar.com\\\/avatar\\\/06fdc0dc81c157dfdb82ec42f252178a22307808988d22c043f9eb96f1e0fe80?s=96&d=mm&r=g\",\"caption\":\"mennworldcon\"},\"sameAs\":[\"https:\\\/\\\/mwc-cmm.org\"],\"url\":\"https:\\\/\\\/mwc-cmm.org\\\/es\\\/stories\\\/author\\\/mennworldcon\\\/\"}]}<\/script>\n<!-- \/ Yoast SEO plugin. -->","yoast_head_json":{"title":"Reparar la brecha - Mennonite World Conference","robots":{"index":"index","follow":"follow","max-snippet":"max-snippet:-1","max-image-preview":"max-image-preview:large","max-video-preview":"max-video-preview:-1"},"canonical":"https:\/\/mwc-cmm.org\/en\/stories\/repairing-breach\/","og_locale":"es_ES","og_type":"article","og_title":"Reparar la brecha - Mennonite World Conference","og_description":"NULL","og_url":"https:\/\/mwc-cmm.org\/en\/stories\/repairing-breach\/","og_site_name":"Mennonite World Conference","article_publisher":"https:\/\/www.facebook.com\/MennoniteWorldConference","article_published_time":"2016-05-19T00:00:00+00:00","article_modified_time":"2024-12-10T17:58:53+00:00","og_image":[{"width":700,"height":465,"url":"https:\/\/mwc-cmm.org\/wp-content\/uploads\/2024\/11\/sider_article_pic-web_edit.jpg","type":"image\/jpeg"}],"author":"mennworldcon","schema":{"@context":"https:\/\/schema.org","@graph":[{"@type":"Article","@id":"https:\/\/mwc-cmm.org\/en\/stories\/repairing-breach\/#article","isPartOf":{"@id":"https:\/\/mwc-cmm.org\/en\/stories\/repairing-breach\/"},"author":{"name":"mennworldcon","@id":"https:\/\/mwc-cmm.org\/en\/#\/schema\/person\/11f6ae0d7d1868ba20a1cc27f067c836"},"headline":"Reparar la brecha","datePublished":"2016-05-19T00:00:00+00:00","dateModified":"2024-12-10T17:58:53+00:00","mainEntityOfPage":{"@id":"https:\/\/mwc-cmm.org\/en\/stories\/repairing-breach\/"},"wordCount":1056,"publisher":{"@id":"https:\/\/mwc-cmm.org\/en\/#organization"},"image":{"@id":"https:\/\/mwc-cmm.org\/en\/stories\/repairing-breach\/#primaryimage"},"thumbnailUrl":"https:\/\/mwc-cmm.org\/wp-content\/uploads\/2024\/11\/sider_article_pic-web_edit.jpg","articleSection":["Sin categorizar"],"inLanguage":"es"},{"@type":"WebPage","@id":"https:\/\/mwc-cmm.org\/en\/stories\/repairing-breach\/","url":"https:\/\/mwc-cmm.org\/en\/stories\/repairing-breach\/","name":"Reparar la brecha - Mennonite World Conference","isPartOf":{"@id":"https:\/\/mwc-cmm.org\/en\/#website"},"primaryImageOfPage":{"@id":"https:\/\/mwc-cmm.org\/en\/stories\/repairing-breach\/#primaryimage"},"image":{"@id":"https:\/\/mwc-cmm.org\/en\/stories\/repairing-breach\/#primaryimage"},"thumbnailUrl":"https:\/\/mwc-cmm.org\/wp-content\/uploads\/2024\/11\/sider_article_pic-web_edit.jpg","datePublished":"2016-05-19T00:00:00+00:00","dateModified":"2024-12-10T17:58:53+00:00","breadcrumb":{"@id":"https:\/\/mwc-cmm.org\/en\/stories\/repairing-breach\/#breadcrumb"},"inLanguage":"es","potentialAction":[{"@type":"ReadAction","target":["https:\/\/mwc-cmm.org\/en\/stories\/repairing-breach\/"]}]},{"@type":"ImageObject","inLanguage":"es","@id":"https:\/\/mwc-cmm.org\/en\/stories\/repairing-breach\/#primaryimage","url":"https:\/\/mwc-cmm.org\/wp-content\/uploads\/2024\/11\/sider_article_pic-web_edit.jpg","contentUrl":"https:\/\/mwc-cmm.org\/wp-content\/uploads\/2024\/11\/sider_article_pic-web_edit.jpg","width":700,"height":465},{"@type":"BreadcrumbList","@id":"https:\/\/mwc-cmm.org\/en\/stories\/repairing-breach\/#breadcrumb","itemListElement":[{"@type":"ListItem","position":1,"name":"Home","item":"https:\/\/mwc-cmm.org\/es\/"},{"@type":"ListItem","position":2,"name":"Reparar la brecha"}]},{"@type":"WebSite","@id":"https:\/\/mwc-cmm.org\/en\/#website","url":"https:\/\/mwc-cmm.org\/en\/","name":"Mennonite World Conference","description":"A communion of Anabaptist-related churches","publisher":{"@id":"https:\/\/mwc-cmm.org\/en\/#organization"},"alternateName":"MWC","potentialAction":[{"@type":"SearchAction","target":{"@type":"EntryPoint","urlTemplate":"https:\/\/mwc-cmm.org\/en\/?s={search_term_string}"},"query-input":{"@type":"PropertyValueSpecification","valueRequired":true,"valueName":"search_term_string"}}],"inLanguage":"es"},{"@type":"Organization","@id":"https:\/\/mwc-cmm.org\/en\/#organization","name":"Mennonite World Conference","alternateName":"MWC","url":"https:\/\/mwc-cmm.org\/en\/","logo":{"@type":"ImageObject","inLanguage":"es","@id":"https:\/\/mwc-cmm.org\/en\/#\/schema\/logo\/image\/","url":"https:\/\/mwc-cmm.org\/wp-content\/uploads\/2026\/01\/MWC_Sig_Blue_Horiz_webheader1-logo.svg","contentUrl":"https:\/\/mwc-cmm.org\/wp-content\/uploads\/2026\/01\/MWC_Sig_Blue_Horiz_webheader1-logo.svg","width":786,"height":82,"caption":"Mennonite World Conference"},"image":{"@id":"https:\/\/mwc-cmm.org\/en\/#\/schema\/logo\/image\/"},"sameAs":["https:\/\/www.facebook.com\/MennoniteWorldConference","https:\/\/www.linkedin.com\/company\/mennonite-world-conference-mwc\/","https:\/\/www.instagram.com\/mwcmm\/","https:\/\/www.youtube.com\/user\/mwccmm","https:\/\/bsky.app\/profile\/mwcmm.bsky.social"]},{"@type":"Person","@id":"https:\/\/mwc-cmm.org\/en\/#\/schema\/person\/11f6ae0d7d1868ba20a1cc27f067c836","name":"mennworldcon","image":{"@type":"ImageObject","inLanguage":"es","@id":"https:\/\/secure.gravatar.com\/avatar\/06fdc0dc81c157dfdb82ec42f252178a22307808988d22c043f9eb96f1e0fe80?s=96&d=mm&r=g","url":"https:\/\/secure.gravatar.com\/avatar\/06fdc0dc81c157dfdb82ec42f252178a22307808988d22c043f9eb96f1e0fe80?s=96&d=mm&r=g","contentUrl":"https:\/\/secure.gravatar.com\/avatar\/06fdc0dc81c157dfdb82ec42f252178a22307808988d22c043f9eb96f1e0fe80?s=96&d=mm&r=g","caption":"mennworldcon"},"sameAs":["https:\/\/mwc-cmm.org"],"url":"https:\/\/mwc-cmm.org\/es\/stories\/author\/mennworldcon\/"}]}},"_links":{"self":[{"href":"https:\/\/mwc-cmm.org\/es\/wp-json\/wp\/v2\/posts\/8463","targetHints":{"allow":["GET"]}}],"collection":[{"href":"https:\/\/mwc-cmm.org\/es\/wp-json\/wp\/v2\/posts"}],"about":[{"href":"https:\/\/mwc-cmm.org\/es\/wp-json\/wp\/v2\/types\/post"}],"author":[{"embeddable":true,"href":"https:\/\/mwc-cmm.org\/es\/wp-json\/wp\/v2\/users\/1"}],"replies":[{"embeddable":true,"href":"https:\/\/mwc-cmm.org\/es\/wp-json\/wp\/v2\/comments?post=8463"}],"version-history":[{"count":0,"href":"https:\/\/mwc-cmm.org\/es\/wp-json\/wp\/v2\/posts\/8463\/revisions"}],"wp:featuredmedia":[{"embeddable":true,"href":"https:\/\/mwc-cmm.org\/es\/wp-json\/wp\/v2\/media\/85850"}],"wp:attachment":[{"href":"https:\/\/mwc-cmm.org\/es\/wp-json\/wp\/v2\/media?parent=8463"}],"wp:term":[{"taxonomy":"category","embeddable":true,"href":"https:\/\/mwc-cmm.org\/es\/wp-json\/wp\/v2\/categories?post=8463"},{"taxonomy":"post_tag","embeddable":true,"href":"https:\/\/mwc-cmm.org\/es\/wp-json\/wp\/v2\/tags?post=8463"},{"taxonomy":"network","embeddable":true,"href":"https:\/\/mwc-cmm.org\/es\/wp-json\/wp\/v2\/network?post=8463"},{"taxonomy":"eventcategory","embeddable":true,"href":"https:\/\/mwc-cmm.org\/es\/wp-json\/wp\/v2\/eventcategory?post=8463"}],"curies":[{"name":"wp","href":"https:\/\/api.w.org\/{rel}","templated":true}]}}