{"id":8457,"date":"2014-05-06T00:00:00","date_gmt":"2014-05-06T00:00:00","guid":{"rendered":"https:\/\/mwc-cmm.org\/memories-of-mennonite-world-conference-3\/"},"modified":"2024-12-10T17:58:52","modified_gmt":"2024-12-10T17:58:52","slug":"memories-of-mennonite-world-conference-3","status":"publish","type":"post","link":"https:\/\/mwc-cmm.org\/es\/stories\/memories-of-mennonite-world-conference-3\/","title":{"rendered":"Recuerdos del Congreso Mundial Menonita"},"content":{"rendered":"<p><em>El 18 de enero de 2014 nuestra hermana Leonor de M\u00e9ndez descans\u00f3 en la paz del Se\u00f1or. Esta l\u00edder latinoamericana de Guatemala sirvi\u00f3 en el Comit\u00e9 Ejecutivo del Congreso Mundial Menonita durante la d\u00e9cada de los 90. El siguiente escrito que ella nos dej\u00f3 relata un poco de su experiencia en su paso por el Congreso Mundial Menonita. Es nuestra oraci\u00f3n que Dios contin\u00fae levantando mujeres latinoamericanas que sirvan a nuestra comunidad global siguiendo este legado. \u2013 <\/em><em>C\u00e9sar Garc\u00eda<\/em><\/p>\n<p>\u201cAll\u00ed es donde predicar\u00e1s\u201d. dijo la mujer que hab\u00eda venido a recogernos a Mario y a m\u00ed al aeropuerto, se\u00f1alando el estadio de Winnipeg. Cuando recib\u00ed la invitaci\u00f3n a predicar en la Asamblea 12 del Congreso Mundial Menonita en 1990, no ten\u00eda idea de la magnitud del acontecimiento. Pens\u00e9 en unas 300 personas. Mi experiencia pastoral no me hab\u00eda preparado para un auditorio de 10,000 personas,  pero me hizo sentirme completamente confiada el pensamiento de que aunque esas personas eran de diferentes culturas, razas y lenguas, est\u00e1bamos unidas por nuestra fe y nuestro amor hacia Jes\u00fas.<\/p>\n<p>Linda Shelly hizo un  fant\u00e1stico trabajo al traducir mi serm\u00f3n del espa\u00f1ol al ingl\u00e9s. No s\u00e9 c\u00f3mo me fue, pero lo que s\u00e9 es que no solo prediqu\u00e9 sino que compart\u00ed mi vida. Sent\u00ed la necesidad de darme a m\u00ed misma a toda esa gente por la que hab\u00eda orado aun sin conocerla.  Era el primer encuentro con la iglesia menonita mundial,  una gran multitud que comparti\u00f3 el compa\u00f1erismo en Cristo escuchando atentamente. Tambi\u00e9n llevo en mi memoria y oraciones a Jack e Irene Suderman, quienes nos hospedaron en su hogar de Steinbach y compartieron su c\u00e1lido amor menonita con nosotros. A todos ellos transmito mi eterno amor y aliento.<\/p>\n<p>\u201cNos veremos otra vez en India\u201d era un estribillo que escuch\u00e9 con frecuencia. La Asamblea 12 en 1990 concluy\u00f3 con la Cena del Se\u00f1or. Hubo un tiempo durante aquel culto en el que sent\u00ed que el Esp\u00edritu Santo se mov\u00eda para hacernos m\u00e1s enteramente uno en nuestra diversidad. Mi segunda convicci\u00f3n fue que nuestra comunidad menonita en Guatemala no estaba trabajando sola para Dios. Eramos parte de algo y de Alguien; y ese sentimiento de pertenencia todav\u00eda est\u00e1 en nosotros.<\/p>\n<p>Una Asamblea es un gran encuentro despu\u00e9s del cual todos regresamos a nuestros hogares a continuar con nuestra misi\u00f3n, pero siempre mantenemos la esperanza de que nos volveremos a reunir para renovar la visi\u00f3n y el compa\u00f1erismo.<\/p>\n<p>Mi siguiente experiencia fue en Puerto Rico, donde  tuve el honor de ser elegida miembro del Comit\u00e9 Ejecutivo del Congreso Mundial Menonita.  Ese nombramiento fue muy importante para las mujeres centroamericanas. Era la primera vez que una mujer centroamericana representar\u00eda a Am\u00e9rica Latina en el Comit\u00e9 Ejecutivo del CMM. \u00bfPodemos considerar mi participaci\u00f3n en la Asamblea 12 como una se\u00f1al de que espacios ministeriales y pastorales se est\u00e1n abriendo para el sexo femenino?<\/p>\n<p>Contrastes dolorosos. Antes de la Asamblea 13 en la India, la agenda incluy\u00f3 un viaje preparatorio a \u00c1frica, con escalas en EE.UU, Europa y Brasil. Durante aquel tiempo, mientras viajaba por una ciudad europea, me vi frente a frente con los grandes contrastes econ\u00f3micos que existen entre las ciudades europeas y la ciudad de Calcuta y algunas de nuestras ciudades centroamericanas. Todav\u00eda no comprendo el misterio del sufrimiento humano. Por qu\u00e9 no pueden todos los seres humanos vivir en las mismas condiciones de dignidad?<\/p>\n<p>Una cosa es cierta. Aquellos que viven en condiciones de abundancia, lo mismo que aquellos que viven en la adversidad, son llamados por el Esp\u00edritu Santo a seguir a Jes\u00fas con fidelidad y llevar a cabo de manera extraordinaria nuestra vocaci\u00f3n como Iglesia de Jesucristo.<\/p>\n<p>Cuando part\u00ed de Guatemala hacia Canad\u00e1, Europa, \u00c1frica e India, sal\u00ed con una peque\u00f1a imagen mental de mi comunidad menonita y de mi propio papel ministerial. La iglesia de nuestro Se\u00f1or va m\u00e1s all\u00e1 de lo que nuestros ojos pueden ver y nuestras manos tocar. Trasciende barreras de raza, idioma y cultura. Dios est\u00e1 edificando el cuerpo de Cristo en todas las naciones, y nosotros somos partes de ese divino proyecto.<\/p>\n<p><em>Leonor de M\u00e9ndez, Guatemala<\/em><\/p>\n<p><img decoding=\"async\" alt=\"\" data-src=\"\/sites\/default\/files\/website_files\/leonormilka-web_edit.jpg\" src=\"data:image\/svg+xml;base64,PHN2ZyB3aWR0aD0iMSIgaGVpZ2h0PSIxIiB4bWxucz0iaHR0cDovL3d3dy53My5vcmcvMjAwMC9zdmciPjwvc3ZnPg==\" class=\"lazyload\" \/><\/p>\n<p>Leonor de M\u00e9ndez y Milka Rindzinski Gulla. Leonor sol\u00eda decir que Milka fue su voz y sus o\u00eddos en las reuniones del CMM. Leonor no hablaba ni entend\u00eda ingl\u00e9s, entonces ellas siempre se sentaban juntas.<\/p>\n","protected":false},"excerpt":{"rendered":"<p>NULL<\/p>\n","protected":false},"author":1,"featured_media":85808,"comment_status":"closed","ping_status":"closed","sticky":false,"template":"","format":"standard","meta":{"_acf_changed":false,"footnotes":""},"categories":[6],"tags":[],"network":[],"eventcategory":[1493],"class_list":["post-8457","post","type-post","status-publish","format-standard","has-post-thumbnail","hentry","category-sin-categorizar","eventcategory-assembly-es"],"acf":[],"yoast_head":"<!-- This site is optimized with the Yoast SEO plugin v27.5 - https:\/\/yoast.com\/product\/yoast-seo-wordpress\/ -->\n<title>Recuerdos del Congreso Mundial Menonita - Mennonite World Conference<\/title>\n<meta name=\"robots\" content=\"index, follow, max-snippet:-1, max-image-preview:large, max-video-preview:-1\" \/>\n<link rel=\"canonical\" href=\"https:\/\/mwc-cmm.org\/en\/stories\/memories-mennonite-world-conference\/\" \/>\n<meta property=\"og:locale\" content=\"es_ES\" \/>\n<meta property=\"og:type\" content=\"article\" \/>\n<meta property=\"og:title\" content=\"Recuerdos del Congreso Mundial Menonita - Mennonite World Conference\" \/>\n<meta property=\"og:description\" content=\"NULL\" \/>\n<meta property=\"og:url\" content=\"https:\/\/mwc-cmm.org\/en\/stories\/memories-mennonite-world-conference\/\" \/>\n<meta property=\"og:site_name\" content=\"Mennonite World Conference\" \/>\n<meta property=\"article:publisher\" content=\"https:\/\/www.facebook.com\/MennoniteWorldConference\" \/>\n<meta property=\"article:published_time\" content=\"2014-05-06T00:00:00+00:00\" \/>\n<meta property=\"article:modified_time\" content=\"2024-12-10T17:58:52+00:00\" \/>\n<meta property=\"og:image\" content=\"https:\/\/mwc-cmm.org\/wp-content\/uploads\/2024\/11\/leonor.jpg\" \/>\n\t<meta property=\"og:image:width\" content=\"500\" \/>\n\t<meta property=\"og:image:height\" content=\"683\" \/>\n\t<meta property=\"og:image:type\" content=\"image\/jpeg\" \/>\n<meta name=\"author\" content=\"mennworldcon\" \/>\n<script type=\"application\/ld+json\" class=\"yoast-schema-graph\">{\"@context\":\"https:\\\/\\\/schema.org\",\"@graph\":[{\"@type\":\"Article\",\"@id\":\"https:\\\/\\\/mwc-cmm.org\\\/en\\\/stories\\\/memories-mennonite-world-conference\\\/#article\",\"isPartOf\":{\"@id\":\"https:\\\/\\\/mwc-cmm.org\\\/en\\\/stories\\\/memories-mennonite-world-conference\\\/\"},\"author\":{\"name\":\"mennworldcon\",\"@id\":\"https:\\\/\\\/mwc-cmm.org\\\/en\\\/#\\\/schema\\\/person\\\/11f6ae0d7d1868ba20a1cc27f067c836\"},\"headline\":\"Recuerdos del Congreso Mundial Menonita\",\"datePublished\":\"2014-05-06T00:00:00+00:00\",\"dateModified\":\"2024-12-10T17:58:52+00:00\",\"mainEntityOfPage\":{\"@id\":\"https:\\\/\\\/mwc-cmm.org\\\/en\\\/stories\\\/memories-mennonite-world-conference\\\/\"},\"wordCount\":762,\"publisher\":{\"@id\":\"https:\\\/\\\/mwc-cmm.org\\\/en\\\/#organization\"},\"image\":{\"@id\":\"https:\\\/\\\/mwc-cmm.org\\\/en\\\/stories\\\/memories-mennonite-world-conference\\\/#primaryimage\"},\"thumbnailUrl\":\"https:\\\/\\\/mwc-cmm.org\\\/wp-content\\\/uploads\\\/2024\\\/11\\\/leonor.jpg\",\"articleSection\":[\"Sin categorizar\"],\"inLanguage\":\"es\"},{\"@type\":\"WebPage\",\"@id\":\"https:\\\/\\\/mwc-cmm.org\\\/en\\\/stories\\\/memories-mennonite-world-conference\\\/\",\"url\":\"https:\\\/\\\/mwc-cmm.org\\\/en\\\/stories\\\/memories-mennonite-world-conference\\\/\",\"name\":\"Recuerdos del Congreso Mundial Menonita - Mennonite World Conference\",\"isPartOf\":{\"@id\":\"https:\\\/\\\/mwc-cmm.org\\\/en\\\/#website\"},\"primaryImageOfPage\":{\"@id\":\"https:\\\/\\\/mwc-cmm.org\\\/en\\\/stories\\\/memories-mennonite-world-conference\\\/#primaryimage\"},\"image\":{\"@id\":\"https:\\\/\\\/mwc-cmm.org\\\/en\\\/stories\\\/memories-mennonite-world-conference\\\/#primaryimage\"},\"thumbnailUrl\":\"https:\\\/\\\/mwc-cmm.org\\\/wp-content\\\/uploads\\\/2024\\\/11\\\/leonor.jpg\",\"datePublished\":\"2014-05-06T00:00:00+00:00\",\"dateModified\":\"2024-12-10T17:58:52+00:00\",\"breadcrumb\":{\"@id\":\"https:\\\/\\\/mwc-cmm.org\\\/en\\\/stories\\\/memories-mennonite-world-conference\\\/#breadcrumb\"},\"inLanguage\":\"es\",\"potentialAction\":[{\"@type\":\"ReadAction\",\"target\":[\"https:\\\/\\\/mwc-cmm.org\\\/en\\\/stories\\\/memories-mennonite-world-conference\\\/\"]}]},{\"@type\":\"ImageObject\",\"inLanguage\":\"es\",\"@id\":\"https:\\\/\\\/mwc-cmm.org\\\/en\\\/stories\\\/memories-mennonite-world-conference\\\/#primaryimage\",\"url\":\"https:\\\/\\\/mwc-cmm.org\\\/wp-content\\\/uploads\\\/2024\\\/11\\\/leonor.jpg\",\"contentUrl\":\"https:\\\/\\\/mwc-cmm.org\\\/wp-content\\\/uploads\\\/2024\\\/11\\\/leonor.jpg\",\"width\":500,\"height\":683},{\"@type\":\"BreadcrumbList\",\"@id\":\"https:\\\/\\\/mwc-cmm.org\\\/en\\\/stories\\\/memories-mennonite-world-conference\\\/#breadcrumb\",\"itemListElement\":[{\"@type\":\"ListItem\",\"position\":1,\"name\":\"Home\",\"item\":\"https:\\\/\\\/mwc-cmm.org\\\/es\\\/\"},{\"@type\":\"ListItem\",\"position\":2,\"name\":\"Recuerdos del Congreso Mundial Menonita\"}]},{\"@type\":\"WebSite\",\"@id\":\"https:\\\/\\\/mwc-cmm.org\\\/en\\\/#website\",\"url\":\"https:\\\/\\\/mwc-cmm.org\\\/en\\\/\",\"name\":\"Mennonite World Conference\",\"description\":\"A communion of Anabaptist-related churches\",\"publisher\":{\"@id\":\"https:\\\/\\\/mwc-cmm.org\\\/en\\\/#organization\"},\"alternateName\":\"MWC\",\"potentialAction\":[{\"@type\":\"SearchAction\",\"target\":{\"@type\":\"EntryPoint\",\"urlTemplate\":\"https:\\\/\\\/mwc-cmm.org\\\/en\\\/?s={search_term_string}\"},\"query-input\":{\"@type\":\"PropertyValueSpecification\",\"valueRequired\":true,\"valueName\":\"search_term_string\"}}],\"inLanguage\":\"es\"},{\"@type\":\"Organization\",\"@id\":\"https:\\\/\\\/mwc-cmm.org\\\/en\\\/#organization\",\"name\":\"Mennonite World Conference\",\"alternateName\":\"MWC\",\"url\":\"https:\\\/\\\/mwc-cmm.org\\\/en\\\/\",\"logo\":{\"@type\":\"ImageObject\",\"inLanguage\":\"es\",\"@id\":\"https:\\\/\\\/mwc-cmm.org\\\/en\\\/#\\\/schema\\\/logo\\\/image\\\/\",\"url\":\"https:\\\/\\\/mwc-cmm.org\\\/wp-content\\\/uploads\\\/2026\\\/01\\\/MWC_Sig_Blue_Horiz_webheader1-logo.svg\",\"contentUrl\":\"https:\\\/\\\/mwc-cmm.org\\\/wp-content\\\/uploads\\\/2026\\\/01\\\/MWC_Sig_Blue_Horiz_webheader1-logo.svg\",\"width\":786,\"height\":82,\"caption\":\"Mennonite World Conference\"},\"image\":{\"@id\":\"https:\\\/\\\/mwc-cmm.org\\\/en\\\/#\\\/schema\\\/logo\\\/image\\\/\"},\"sameAs\":[\"https:\\\/\\\/www.facebook.com\\\/MennoniteWorldConference\",\"https:\\\/\\\/www.linkedin.com\\\/company\\\/mennonite-world-conference-mwc\\\/\",\"https:\\\/\\\/www.instagram.com\\\/mwcmm\\\/\",\"https:\\\/\\\/www.youtube.com\\\/user\\\/mwccmm\",\"https:\\\/\\\/bsky.app\\\/profile\\\/mwcmm.bsky.social\"]},{\"@type\":\"Person\",\"@id\":\"https:\\\/\\\/mwc-cmm.org\\\/en\\\/#\\\/schema\\\/person\\\/11f6ae0d7d1868ba20a1cc27f067c836\",\"name\":\"mennworldcon\",\"image\":{\"@type\":\"ImageObject\",\"inLanguage\":\"es\",\"@id\":\"https:\\\/\\\/secure.gravatar.com\\\/avatar\\\/06fdc0dc81c157dfdb82ec42f252178a22307808988d22c043f9eb96f1e0fe80?s=96&d=mm&r=g\",\"url\":\"https:\\\/\\\/secure.gravatar.com\\\/avatar\\\/06fdc0dc81c157dfdb82ec42f252178a22307808988d22c043f9eb96f1e0fe80?s=96&d=mm&r=g\",\"contentUrl\":\"https:\\\/\\\/secure.gravatar.com\\\/avatar\\\/06fdc0dc81c157dfdb82ec42f252178a22307808988d22c043f9eb96f1e0fe80?s=96&d=mm&r=g\",\"caption\":\"mennworldcon\"},\"sameAs\":[\"https:\\\/\\\/mwc-cmm.org\"],\"url\":\"https:\\\/\\\/mwc-cmm.org\\\/es\\\/stories\\\/author\\\/mennworldcon\\\/\"}]}<\/script>\n<!-- \/ Yoast SEO plugin. -->","yoast_head_json":{"title":"Recuerdos del Congreso Mundial Menonita - Mennonite World Conference","robots":{"index":"index","follow":"follow","max-snippet":"max-snippet:-1","max-image-preview":"max-image-preview:large","max-video-preview":"max-video-preview:-1"},"canonical":"https:\/\/mwc-cmm.org\/en\/stories\/memories-mennonite-world-conference\/","og_locale":"es_ES","og_type":"article","og_title":"Recuerdos del Congreso Mundial Menonita - Mennonite World Conference","og_description":"NULL","og_url":"https:\/\/mwc-cmm.org\/en\/stories\/memories-mennonite-world-conference\/","og_site_name":"Mennonite World Conference","article_publisher":"https:\/\/www.facebook.com\/MennoniteWorldConference","article_published_time":"2014-05-06T00:00:00+00:00","article_modified_time":"2024-12-10T17:58:52+00:00","og_image":[{"width":500,"height":683,"url":"https:\/\/mwc-cmm.org\/wp-content\/uploads\/2024\/11\/leonor.jpg","type":"image\/jpeg"}],"author":"mennworldcon","schema":{"@context":"https:\/\/schema.org","@graph":[{"@type":"Article","@id":"https:\/\/mwc-cmm.org\/en\/stories\/memories-mennonite-world-conference\/#article","isPartOf":{"@id":"https:\/\/mwc-cmm.org\/en\/stories\/memories-mennonite-world-conference\/"},"author":{"name":"mennworldcon","@id":"https:\/\/mwc-cmm.org\/en\/#\/schema\/person\/11f6ae0d7d1868ba20a1cc27f067c836"},"headline":"Recuerdos del Congreso Mundial Menonita","datePublished":"2014-05-06T00:00:00+00:00","dateModified":"2024-12-10T17:58:52+00:00","mainEntityOfPage":{"@id":"https:\/\/mwc-cmm.org\/en\/stories\/memories-mennonite-world-conference\/"},"wordCount":762,"publisher":{"@id":"https:\/\/mwc-cmm.org\/en\/#organization"},"image":{"@id":"https:\/\/mwc-cmm.org\/en\/stories\/memories-mennonite-world-conference\/#primaryimage"},"thumbnailUrl":"https:\/\/mwc-cmm.org\/wp-content\/uploads\/2024\/11\/leonor.jpg","articleSection":["Sin categorizar"],"inLanguage":"es"},{"@type":"WebPage","@id":"https:\/\/mwc-cmm.org\/en\/stories\/memories-mennonite-world-conference\/","url":"https:\/\/mwc-cmm.org\/en\/stories\/memories-mennonite-world-conference\/","name":"Recuerdos del Congreso Mundial Menonita - Mennonite World Conference","isPartOf":{"@id":"https:\/\/mwc-cmm.org\/en\/#website"},"primaryImageOfPage":{"@id":"https:\/\/mwc-cmm.org\/en\/stories\/memories-mennonite-world-conference\/#primaryimage"},"image":{"@id":"https:\/\/mwc-cmm.org\/en\/stories\/memories-mennonite-world-conference\/#primaryimage"},"thumbnailUrl":"https:\/\/mwc-cmm.org\/wp-content\/uploads\/2024\/11\/leonor.jpg","datePublished":"2014-05-06T00:00:00+00:00","dateModified":"2024-12-10T17:58:52+00:00","breadcrumb":{"@id":"https:\/\/mwc-cmm.org\/en\/stories\/memories-mennonite-world-conference\/#breadcrumb"},"inLanguage":"es","potentialAction":[{"@type":"ReadAction","target":["https:\/\/mwc-cmm.org\/en\/stories\/memories-mennonite-world-conference\/"]}]},{"@type":"ImageObject","inLanguage":"es","@id":"https:\/\/mwc-cmm.org\/en\/stories\/memories-mennonite-world-conference\/#primaryimage","url":"https:\/\/mwc-cmm.org\/wp-content\/uploads\/2024\/11\/leonor.jpg","contentUrl":"https:\/\/mwc-cmm.org\/wp-content\/uploads\/2024\/11\/leonor.jpg","width":500,"height":683},{"@type":"BreadcrumbList","@id":"https:\/\/mwc-cmm.org\/en\/stories\/memories-mennonite-world-conference\/#breadcrumb","itemListElement":[{"@type":"ListItem","position":1,"name":"Home","item":"https:\/\/mwc-cmm.org\/es\/"},{"@type":"ListItem","position":2,"name":"Recuerdos del Congreso Mundial Menonita"}]},{"@type":"WebSite","@id":"https:\/\/mwc-cmm.org\/en\/#website","url":"https:\/\/mwc-cmm.org\/en\/","name":"Mennonite World Conference","description":"A communion of Anabaptist-related churches","publisher":{"@id":"https:\/\/mwc-cmm.org\/en\/#organization"},"alternateName":"MWC","potentialAction":[{"@type":"SearchAction","target":{"@type":"EntryPoint","urlTemplate":"https:\/\/mwc-cmm.org\/en\/?s={search_term_string}"},"query-input":{"@type":"PropertyValueSpecification","valueRequired":true,"valueName":"search_term_string"}}],"inLanguage":"es"},{"@type":"Organization","@id":"https:\/\/mwc-cmm.org\/en\/#organization","name":"Mennonite World Conference","alternateName":"MWC","url":"https:\/\/mwc-cmm.org\/en\/","logo":{"@type":"ImageObject","inLanguage":"es","@id":"https:\/\/mwc-cmm.org\/en\/#\/schema\/logo\/image\/","url":"https:\/\/mwc-cmm.org\/wp-content\/uploads\/2026\/01\/MWC_Sig_Blue_Horiz_webheader1-logo.svg","contentUrl":"https:\/\/mwc-cmm.org\/wp-content\/uploads\/2026\/01\/MWC_Sig_Blue_Horiz_webheader1-logo.svg","width":786,"height":82,"caption":"Mennonite World Conference"},"image":{"@id":"https:\/\/mwc-cmm.org\/en\/#\/schema\/logo\/image\/"},"sameAs":["https:\/\/www.facebook.com\/MennoniteWorldConference","https:\/\/www.linkedin.com\/company\/mennonite-world-conference-mwc\/","https:\/\/www.instagram.com\/mwcmm\/","https:\/\/www.youtube.com\/user\/mwccmm","https:\/\/bsky.app\/profile\/mwcmm.bsky.social"]},{"@type":"Person","@id":"https:\/\/mwc-cmm.org\/en\/#\/schema\/person\/11f6ae0d7d1868ba20a1cc27f067c836","name":"mennworldcon","image":{"@type":"ImageObject","inLanguage":"es","@id":"https:\/\/secure.gravatar.com\/avatar\/06fdc0dc81c157dfdb82ec42f252178a22307808988d22c043f9eb96f1e0fe80?s=96&d=mm&r=g","url":"https:\/\/secure.gravatar.com\/avatar\/06fdc0dc81c157dfdb82ec42f252178a22307808988d22c043f9eb96f1e0fe80?s=96&d=mm&r=g","contentUrl":"https:\/\/secure.gravatar.com\/avatar\/06fdc0dc81c157dfdb82ec42f252178a22307808988d22c043f9eb96f1e0fe80?s=96&d=mm&r=g","caption":"mennworldcon"},"sameAs":["https:\/\/mwc-cmm.org"],"url":"https:\/\/mwc-cmm.org\/es\/stories\/author\/mennworldcon\/"}]}},"_links":{"self":[{"href":"https:\/\/mwc-cmm.org\/es\/wp-json\/wp\/v2\/posts\/8457","targetHints":{"allow":["GET"]}}],"collection":[{"href":"https:\/\/mwc-cmm.org\/es\/wp-json\/wp\/v2\/posts"}],"about":[{"href":"https:\/\/mwc-cmm.org\/es\/wp-json\/wp\/v2\/types\/post"}],"author":[{"embeddable":true,"href":"https:\/\/mwc-cmm.org\/es\/wp-json\/wp\/v2\/users\/1"}],"replies":[{"embeddable":true,"href":"https:\/\/mwc-cmm.org\/es\/wp-json\/wp\/v2\/comments?post=8457"}],"version-history":[{"count":0,"href":"https:\/\/mwc-cmm.org\/es\/wp-json\/wp\/v2\/posts\/8457\/revisions"}],"wp:featuredmedia":[{"embeddable":true,"href":"https:\/\/mwc-cmm.org\/es\/wp-json\/wp\/v2\/media\/85808"}],"wp:attachment":[{"href":"https:\/\/mwc-cmm.org\/es\/wp-json\/wp\/v2\/media?parent=8457"}],"wp:term":[{"taxonomy":"category","embeddable":true,"href":"https:\/\/mwc-cmm.org\/es\/wp-json\/wp\/v2\/categories?post=8457"},{"taxonomy":"post_tag","embeddable":true,"href":"https:\/\/mwc-cmm.org\/es\/wp-json\/wp\/v2\/tags?post=8457"},{"taxonomy":"network","embeddable":true,"href":"https:\/\/mwc-cmm.org\/es\/wp-json\/wp\/v2\/network?post=8457"},{"taxonomy":"eventcategory","embeddable":true,"href":"https:\/\/mwc-cmm.org\/es\/wp-json\/wp\/v2\/eventcategory?post=8457"}],"curies":[{"name":"wp","href":"https:\/\/api.w.org\/{rel}","templated":true}]}}