{"id":8455,"date":"2014-08-25T00:00:00","date_gmt":"2014-08-25T00:00:00","guid":{"rendered":"https:\/\/mwc-cmm.org\/french-speaking-mennonites-hold-first-consultation-on-theological-education-3\/"},"modified":"2024-12-10T17:58:51","modified_gmt":"2024-12-10T17:58:51","slug":"french-speaking-mennonites-hold-first-consultation-on-theological-education-3","status":"publish","type":"post","link":"https:\/\/mwc-cmm.org\/es\/stories\/french-speaking-mennonites-hold-first-consultation-on-theological-education-3\/","title":{"rendered":"Menonitas de habla francesa realizan primera consulta sobre educaci\u00f3n teol\u00f3gica"},"content":{"rendered":"<p>Kinshasa, Rep. Dem. del Congo \u2013 La Red Franc\u00f3fona Menonita, auspiciada por el Congreso Mundial Menonita, procura fomentar los v\u00ednculos y proyectos entre los menonitas de habla francesa en tres continentes. La primera consulta sobre educaci\u00f3n teol\u00f3gica de menonitas de habla francesa se realiz\u00f3 en el \u201cCentre Universitaire de Missiologie\u201d de Kinshasa, del 26 al 28 de febrero de 2014.<\/p>\n<p>Participaron 45 personas de nueve pa\u00edses: Ben\u00edn, Burkina Faso, Canad\u00e1 (Quebec), Chad, Congo, Francia, Costa de Marfil, Suiza y Estados Unidos. Representantes de las numerosas congregaciones menonitas de Kinshasa estuvieron presentes en los cultos de apertura y de cierre.<\/p>\n<p>Las conversaciones informales dentro de la Red se han centrado a menudo en la importancia de la educaci\u00f3n teol\u00f3gica en relaci\u00f3n con la identidad menonita. En \u00c1frica, los menonitas congole\u00f1os subvencionan varios institutos b\u00edblicos, y en Europa, el Departamento de Franc\u00e9s del Instituto Teol\u00f3gico de Bienenberg, Suiza, ofrece materias de Teolog\u00eda en su programa de posgrado que equivalen a un a\u00f1o de duraci\u00f3n.<\/p>\n<p>Esto significa que ning\u00fan colegio teol\u00f3gico menonita de habla francesa otorga un t\u00edtulo de seminario, y que muchos pastores, predicadores y ancianos se capacitan en institutos evang\u00e9licos interdenominacionales de \u00c1frica, Canad\u00e1 o Europa. Por dicho motivo, representantes de seminarios o colegios donde estudian o ense\u00f1an menonitas (Montreal, Par\u00eds, Kinshasa, Abidjan, Ndjam\u00e9na y Cotonou) fueron invitados a participar de la consulta. <\/p>\n<p>La Rep\u00fablica Democr\u00e1tica del Congo es el \u00fanico pa\u00eds que cuenta con un gran n\u00famero de menonitas de habla francesa (235.000). Sin embargo, los menonitas de habla francesa constituyen generalmente peque\u00f1as minor\u00edas en sus pa\u00edses. A trav\u00e9s de las iniciativas de la Red, los  menonitas empezaron a establecer lazos solidarios. No obstante, la mayor\u00eda de las personas presentes en la consulta no se conoc\u00edan; se dedic\u00f3 una buena parte de la consulta a que los participantes se conocieran y se familiarizaran con sus respectivos contextos en relaci\u00f3n a la educaci\u00f3n teol\u00f3gica, por medio de las siguientes preguntas:<\/p>\n<div style=\"margin-left: 40.5pt;\">\u00b7       \u00bfCu\u00e1l es la situaci\u00f3n de los menonitas en su pa\u00eds?<\/div>\n<div style=\"margin-left: 40.5pt;\">\u00b7       \u00bfD\u00f3nde y c\u00f3mo se capacitan sus l\u00edderes?<\/div>\n<div style=\"margin-left: 40.5pt;\">\u00b7       \u00bfCuentan con instituciones menonitas de teolog\u00eda?<\/div>\n<div style=\"margin-left: 40.5pt;\">\u00b7       Si alguien estudia en un colegio \u201cno menonita\u201d, \u00bfse procura ense\u00f1ar  teolog\u00eda y \u00e9tica menonitas durante o despu\u00e9s de la capacitaci\u00f3n teol\u00f3gica formal?<\/div>\n<div style=\"margin-left: 40.5pt;\">\u00b7       \u00bfQu\u00e9 material y recursos en franc\u00e9s est\u00e1n disponibles en cada contexto? \u00bfQu\u00e9 puede brindar cada contexto, o cu\u00e1les son las necesidades o deseos?<\/div>\n<div style=\"margin-left: 40.5pt;\">\u00b7       \u00bfC\u00f3mo se fomenta y sostiene la identidad teol\u00f3gica menonita en relaci\u00f3n a otras iglesias y denominaciones?<\/div>\n<p>Por las ma\u00f1anas, se inclu\u00eda una presentaci\u00f3n a ser considerada y debatida por los participantes. <\/p>\n<div>\u00b7       \u201cEducaci\u00f3n teol\u00f3gica, una perspectiva congole\u00f1a\u201d (Nzuzi Mukawa): \u00bfqu\u00e9 tipo de educaci\u00f3n teol\u00f3gica es apropiada para el contexto congole\u00f1o y africano en general? \u00bfC\u00f3mo se forman los l\u00edderes de la iglesia en pa\u00edses con graves dificultades econ\u00f3micas y pol\u00edticas, quienes, sin embargo, tienen una gran espiritualidad y  el deseo de vivir su fe?<\/div>\n<div>\u00b7       \u201cEducaci\u00f3n teol\u00f3gica y el islam\u201d (Siaka Traor\u00e9): en casi todas las situaciones de habla francesa, el islam constituye un tema importante e incluso forma parte de la vida cotidiana. \u00bfC\u00f3mo forma la iglesia a los cristianos para vivir el Evangelio de paz dentro de este contexto que r\u00e1pidamente se puede tornar explosivo?<\/div>\n<div>\u00b7       \u201cEducaci\u00f3n teol\u00f3gica e identidad anabautista-menonita a lo largo de la historia\u201d (Neal Blough): la educaci\u00f3n teol\u00f3gica ha ejercido una influencia importante (positiva y negativa) en la identidad de las iglesias menonitas. \u00bfC\u00f3mo ha cambiado dicha identidad con el tiempo? \u00bfC\u00f3mo se ha ense\u00f1ado y practicado? \u00bfC\u00f3mo colaboran los menonitas con otras iglesias?<\/div>\n<p>La consulta fue eficaz al ayudar a los participantes a visualizar el potencial de la Red Franc\u00f3fona. Los presentes estaban conscientes de que era necesario colaborar e intercambiar ideas a fin de discernir las posibilidades concretas. Se ratific\u00f3 la importancia de la educaci\u00f3n teol\u00f3gica desde una perspectiva menonita, para el bien de la iglesia y su misi\u00f3n en el mundo. Los colegios no menonitas manifestaron su inter\u00e9s en incluir una perspectiva menonita en su plan de estudios. El contexto sociopol\u00edtico de varios pa\u00edses  presenta un \u00e1mbito propicio para una teolog\u00eda en la que la paz, la reconciliaci\u00f3n y el perd\u00f3n ocupen un lugar central en el curr\u00edculo. Estos colegios solicitaron a los menonitas que los ayudaran a incluir dicha perspectiva en sus programas educativos.   <\/p>\n<p>Se cre\u00f3 un comit\u00e9 de seguimiento y cuatro grupos de trabajo a fin de desarrollar diferentes canales de colaboraci\u00f3n: elaborar cursos por internet, actualizar bibliotecas, elaborar y publicar recursos y material en franc\u00e9s, promover instancias de intercambio entre los profesores, etc.  Est\u00e1 prevista otra consulta para 2016 a realizarse en alg\u00fan pa\u00eds de \u00c1frica.  Si fuera posible, los participantes de la Asamblea del CMM en Harrisburg, Pennsylvania, en julio de 2015, programar\u00edan un encuentro.<\/p>\n<p><img decoding=\"async\" alt=\"\" data-src=\"\/sites\/default\/files\/website_files\/fr_theolog_educ_communion.jpg\" style=\"width: 400px; height: 300px; margin-left: 5px; margin-right: 5px; float: right;\" src=\"data:image\/svg+xml;base64,PHN2ZyB3aWR0aD0iMSIgaGVpZ2h0PSIxIiB4bWxucz0iaHR0cDovL3d3dy53My5vcmcvMjAwMC9zdmciPjwvc3ZnPg==\" class=\"lazyload\" \/>La consulta tambi\u00e9n puso de relieve la manera en que los menonitas establecen lazos de solidaridad y reciprocidad a nivel internacional. Menonitas congole\u00f1os se ocuparon de la parte administrativa y log\u00edstica, proveyeron un lugar de reuni\u00f3n, buena comida, confraternizaci\u00f3n y hospitalidad maravillosa. Los aportes financieros de diversas organizaciones posibilitaron la reuni\u00f3n: Misi\u00f3n Intermenonita de \u00c1frica, Misiones Menonitas del Este, organizaciones suizas y francesas abocadas a la misi\u00f3n, Red Menonita de Misiones, <em>Witness Canada<\/em>, Comit\u00e9 Central Menonita, Fundaci\u00f3n Shalom, colegios e iglesias participantes, y tambi\u00e9n individuos.<\/p>\n<p><em>Art\u00edculo por Neal Blough<\/em><\/p>\n<p>Mundedi Badia Ngundu (izq.) de la Rep. Dem. del Congo, preside la Cena del Se\u00f1or,  junto con Richard Lougheed, de Canad\u00e1 y Max Wiedmer, de Suiza<\/p>\n","protected":false},"excerpt":{"rendered":"<p>NULL<\/p>\n","protected":false},"author":1,"featured_media":85780,"comment_status":"closed","ping_status":"closed","sticky":false,"template":"","format":"standard","meta":{"_acf_changed":false,"footnotes":""},"categories":[6],"tags":[],"network":[],"eventcategory":[],"class_list":["post-8455","post","type-post","status-publish","format-standard","has-post-thumbnail","hentry","category-sin-categorizar"],"acf":[],"yoast_head":"<!-- This site is optimized with the Yoast SEO plugin v27.5 - https:\/\/yoast.com\/product\/yoast-seo-wordpress\/ -->\n<title>Menonitas de habla francesa realizan primera consulta sobre educaci\u00f3n teol\u00f3gica - Mennonite World Conference<\/title>\n<meta name=\"robots\" content=\"index, follow, max-snippet:-1, max-image-preview:large, max-video-preview:-1\" \/>\n<link rel=\"canonical\" href=\"https:\/\/mwc-cmm.org\/en\/stories\/french-speaking-mennonites-hold-first-consultation-theological-education\/\" \/>\n<meta property=\"og:locale\" content=\"es_ES\" \/>\n<meta property=\"og:type\" content=\"article\" \/>\n<meta property=\"og:title\" content=\"Menonitas de habla francesa realizan primera consulta sobre educaci\u00f3n teol\u00f3gica - Mennonite World Conference\" \/>\n<meta property=\"og:description\" content=\"NULL\" \/>\n<meta property=\"og:url\" content=\"https:\/\/mwc-cmm.org\/en\/stories\/french-speaking-mennonites-hold-first-consultation-theological-education\/\" \/>\n<meta property=\"og:site_name\" content=\"Mennonite World Conference\" \/>\n<meta property=\"article:publisher\" content=\"https:\/\/www.facebook.com\/MennoniteWorldConference\" \/>\n<meta property=\"article:published_time\" content=\"2014-08-25T00:00:00+00:00\" \/>\n<meta property=\"article:modified_time\" content=\"2024-12-10T17:58:51+00:00\" \/>\n<meta property=\"og:image\" content=\"https:\/\/mwc-cmm.org\/wp-content\/uploads\/2024\/11\/fr_theolog_educ_group_sm.jpg\" \/>\n\t<meta property=\"og:image:width\" content=\"1024\" \/>\n\t<meta property=\"og:image:height\" content=\"616\" \/>\n\t<meta property=\"og:image:type\" content=\"image\/jpeg\" \/>\n<meta name=\"author\" content=\"mennworldcon\" \/>\n<script type=\"application\/ld+json\" class=\"yoast-schema-graph\">{\"@context\":\"https:\\\/\\\/schema.org\",\"@graph\":[{\"@type\":\"Article\",\"@id\":\"https:\\\/\\\/mwc-cmm.org\\\/en\\\/stories\\\/french-speaking-mennonites-hold-first-consultation-theological-education\\\/#article\",\"isPartOf\":{\"@id\":\"https:\\\/\\\/mwc-cmm.org\\\/en\\\/stories\\\/french-speaking-mennonites-hold-first-consultation-theological-education\\\/\"},\"author\":{\"name\":\"mennworldcon\",\"@id\":\"https:\\\/\\\/mwc-cmm.org\\\/en\\\/#\\\/schema\\\/person\\\/11f6ae0d7d1868ba20a1cc27f067c836\"},\"headline\":\"Menonitas de habla francesa realizan primera consulta sobre educaci\u00f3n teol\u00f3gica\",\"datePublished\":\"2014-08-25T00:00:00+00:00\",\"dateModified\":\"2024-12-10T17:58:51+00:00\",\"mainEntityOfPage\":{\"@id\":\"https:\\\/\\\/mwc-cmm.org\\\/en\\\/stories\\\/french-speaking-mennonites-hold-first-consultation-theological-education\\\/\"},\"wordCount\":1000,\"publisher\":{\"@id\":\"https:\\\/\\\/mwc-cmm.org\\\/en\\\/#organization\"},\"image\":{\"@id\":\"https:\\\/\\\/mwc-cmm.org\\\/en\\\/stories\\\/french-speaking-mennonites-hold-first-consultation-theological-education\\\/#primaryimage\"},\"thumbnailUrl\":\"https:\\\/\\\/mwc-cmm.org\\\/wp-content\\\/uploads\\\/2024\\\/11\\\/fr_theolog_educ_group_sm.jpg\",\"articleSection\":[\"Sin categorizar\"],\"inLanguage\":\"es\"},{\"@type\":\"WebPage\",\"@id\":\"https:\\\/\\\/mwc-cmm.org\\\/en\\\/stories\\\/french-speaking-mennonites-hold-first-consultation-theological-education\\\/\",\"url\":\"https:\\\/\\\/mwc-cmm.org\\\/en\\\/stories\\\/french-speaking-mennonites-hold-first-consultation-theological-education\\\/\",\"name\":\"Menonitas de habla francesa realizan primera consulta sobre educaci\u00f3n teol\u00f3gica - Mennonite World Conference\",\"isPartOf\":{\"@id\":\"https:\\\/\\\/mwc-cmm.org\\\/en\\\/#website\"},\"primaryImageOfPage\":{\"@id\":\"https:\\\/\\\/mwc-cmm.org\\\/en\\\/stories\\\/french-speaking-mennonites-hold-first-consultation-theological-education\\\/#primaryimage\"},\"image\":{\"@id\":\"https:\\\/\\\/mwc-cmm.org\\\/en\\\/stories\\\/french-speaking-mennonites-hold-first-consultation-theological-education\\\/#primaryimage\"},\"thumbnailUrl\":\"https:\\\/\\\/mwc-cmm.org\\\/wp-content\\\/uploads\\\/2024\\\/11\\\/fr_theolog_educ_group_sm.jpg\",\"datePublished\":\"2014-08-25T00:00:00+00:00\",\"dateModified\":\"2024-12-10T17:58:51+00:00\",\"breadcrumb\":{\"@id\":\"https:\\\/\\\/mwc-cmm.org\\\/en\\\/stories\\\/french-speaking-mennonites-hold-first-consultation-theological-education\\\/#breadcrumb\"},\"inLanguage\":\"es\",\"potentialAction\":[{\"@type\":\"ReadAction\",\"target\":[\"https:\\\/\\\/mwc-cmm.org\\\/en\\\/stories\\\/french-speaking-mennonites-hold-first-consultation-theological-education\\\/\"]}]},{\"@type\":\"ImageObject\",\"inLanguage\":\"es\",\"@id\":\"https:\\\/\\\/mwc-cmm.org\\\/en\\\/stories\\\/french-speaking-mennonites-hold-first-consultation-theological-education\\\/#primaryimage\",\"url\":\"https:\\\/\\\/mwc-cmm.org\\\/wp-content\\\/uploads\\\/2024\\\/11\\\/fr_theolog_educ_group_sm.jpg\",\"contentUrl\":\"https:\\\/\\\/mwc-cmm.org\\\/wp-content\\\/uploads\\\/2024\\\/11\\\/fr_theolog_educ_group_sm.jpg\",\"width\":1024,\"height\":616},{\"@type\":\"BreadcrumbList\",\"@id\":\"https:\\\/\\\/mwc-cmm.org\\\/en\\\/stories\\\/french-speaking-mennonites-hold-first-consultation-theological-education\\\/#breadcrumb\",\"itemListElement\":[{\"@type\":\"ListItem\",\"position\":1,\"name\":\"Home\",\"item\":\"https:\\\/\\\/mwc-cmm.org\\\/es\\\/\"},{\"@type\":\"ListItem\",\"position\":2,\"name\":\"Menonitas de habla francesa realizan primera consulta sobre educaci\u00f3n teol\u00f3gica\"}]},{\"@type\":\"WebSite\",\"@id\":\"https:\\\/\\\/mwc-cmm.org\\\/en\\\/#website\",\"url\":\"https:\\\/\\\/mwc-cmm.org\\\/en\\\/\",\"name\":\"Mennonite World Conference\",\"description\":\"A communion of Anabaptist-related churches\",\"publisher\":{\"@id\":\"https:\\\/\\\/mwc-cmm.org\\\/en\\\/#organization\"},\"alternateName\":\"MWC\",\"potentialAction\":[{\"@type\":\"SearchAction\",\"target\":{\"@type\":\"EntryPoint\",\"urlTemplate\":\"https:\\\/\\\/mwc-cmm.org\\\/en\\\/?s={search_term_string}\"},\"query-input\":{\"@type\":\"PropertyValueSpecification\",\"valueRequired\":true,\"valueName\":\"search_term_string\"}}],\"inLanguage\":\"es\"},{\"@type\":\"Organization\",\"@id\":\"https:\\\/\\\/mwc-cmm.org\\\/en\\\/#organization\",\"name\":\"Mennonite World Conference\",\"alternateName\":\"MWC\",\"url\":\"https:\\\/\\\/mwc-cmm.org\\\/en\\\/\",\"logo\":{\"@type\":\"ImageObject\",\"inLanguage\":\"es\",\"@id\":\"https:\\\/\\\/mwc-cmm.org\\\/en\\\/#\\\/schema\\\/logo\\\/image\\\/\",\"url\":\"https:\\\/\\\/mwc-cmm.org\\\/wp-content\\\/uploads\\\/2026\\\/01\\\/MWC_Sig_Blue_Horiz_webheader1-logo.svg\",\"contentUrl\":\"https:\\\/\\\/mwc-cmm.org\\\/wp-content\\\/uploads\\\/2026\\\/01\\\/MWC_Sig_Blue_Horiz_webheader1-logo.svg\",\"width\":786,\"height\":82,\"caption\":\"Mennonite World Conference\"},\"image\":{\"@id\":\"https:\\\/\\\/mwc-cmm.org\\\/en\\\/#\\\/schema\\\/logo\\\/image\\\/\"},\"sameAs\":[\"https:\\\/\\\/www.facebook.com\\\/MennoniteWorldConference\",\"https:\\\/\\\/www.linkedin.com\\\/company\\\/mennonite-world-conference-mwc\\\/\",\"https:\\\/\\\/www.instagram.com\\\/mwcmm\\\/\",\"https:\\\/\\\/www.youtube.com\\\/user\\\/mwccmm\",\"https:\\\/\\\/bsky.app\\\/profile\\\/mwcmm.bsky.social\"]},{\"@type\":\"Person\",\"@id\":\"https:\\\/\\\/mwc-cmm.org\\\/en\\\/#\\\/schema\\\/person\\\/11f6ae0d7d1868ba20a1cc27f067c836\",\"name\":\"mennworldcon\",\"image\":{\"@type\":\"ImageObject\",\"inLanguage\":\"es\",\"@id\":\"https:\\\/\\\/secure.gravatar.com\\\/avatar\\\/06fdc0dc81c157dfdb82ec42f252178a22307808988d22c043f9eb96f1e0fe80?s=96&d=mm&r=g\",\"url\":\"https:\\\/\\\/secure.gravatar.com\\\/avatar\\\/06fdc0dc81c157dfdb82ec42f252178a22307808988d22c043f9eb96f1e0fe80?s=96&d=mm&r=g\",\"contentUrl\":\"https:\\\/\\\/secure.gravatar.com\\\/avatar\\\/06fdc0dc81c157dfdb82ec42f252178a22307808988d22c043f9eb96f1e0fe80?s=96&d=mm&r=g\",\"caption\":\"mennworldcon\"},\"sameAs\":[\"https:\\\/\\\/mwc-cmm.org\"],\"url\":\"https:\\\/\\\/mwc-cmm.org\\\/es\\\/stories\\\/author\\\/mennworldcon\\\/\"}]}<\/script>\n<!-- \/ Yoast SEO plugin. -->","yoast_head_json":{"title":"Menonitas de habla francesa realizan primera consulta sobre educaci\u00f3n teol\u00f3gica - Mennonite World Conference","robots":{"index":"index","follow":"follow","max-snippet":"max-snippet:-1","max-image-preview":"max-image-preview:large","max-video-preview":"max-video-preview:-1"},"canonical":"https:\/\/mwc-cmm.org\/en\/stories\/french-speaking-mennonites-hold-first-consultation-theological-education\/","og_locale":"es_ES","og_type":"article","og_title":"Menonitas de habla francesa realizan primera consulta sobre educaci\u00f3n teol\u00f3gica - Mennonite World Conference","og_description":"NULL","og_url":"https:\/\/mwc-cmm.org\/en\/stories\/french-speaking-mennonites-hold-first-consultation-theological-education\/","og_site_name":"Mennonite World Conference","article_publisher":"https:\/\/www.facebook.com\/MennoniteWorldConference","article_published_time":"2014-08-25T00:00:00+00:00","article_modified_time":"2024-12-10T17:58:51+00:00","og_image":[{"width":1024,"height":616,"url":"https:\/\/mwc-cmm.org\/wp-content\/uploads\/2024\/11\/fr_theolog_educ_group_sm.jpg","type":"image\/jpeg"}],"author":"mennworldcon","schema":{"@context":"https:\/\/schema.org","@graph":[{"@type":"Article","@id":"https:\/\/mwc-cmm.org\/en\/stories\/french-speaking-mennonites-hold-first-consultation-theological-education\/#article","isPartOf":{"@id":"https:\/\/mwc-cmm.org\/en\/stories\/french-speaking-mennonites-hold-first-consultation-theological-education\/"},"author":{"name":"mennworldcon","@id":"https:\/\/mwc-cmm.org\/en\/#\/schema\/person\/11f6ae0d7d1868ba20a1cc27f067c836"},"headline":"Menonitas de habla francesa realizan primera consulta sobre educaci\u00f3n teol\u00f3gica","datePublished":"2014-08-25T00:00:00+00:00","dateModified":"2024-12-10T17:58:51+00:00","mainEntityOfPage":{"@id":"https:\/\/mwc-cmm.org\/en\/stories\/french-speaking-mennonites-hold-first-consultation-theological-education\/"},"wordCount":1000,"publisher":{"@id":"https:\/\/mwc-cmm.org\/en\/#organization"},"image":{"@id":"https:\/\/mwc-cmm.org\/en\/stories\/french-speaking-mennonites-hold-first-consultation-theological-education\/#primaryimage"},"thumbnailUrl":"https:\/\/mwc-cmm.org\/wp-content\/uploads\/2024\/11\/fr_theolog_educ_group_sm.jpg","articleSection":["Sin categorizar"],"inLanguage":"es"},{"@type":"WebPage","@id":"https:\/\/mwc-cmm.org\/en\/stories\/french-speaking-mennonites-hold-first-consultation-theological-education\/","url":"https:\/\/mwc-cmm.org\/en\/stories\/french-speaking-mennonites-hold-first-consultation-theological-education\/","name":"Menonitas de habla francesa realizan primera consulta sobre educaci\u00f3n teol\u00f3gica - Mennonite World Conference","isPartOf":{"@id":"https:\/\/mwc-cmm.org\/en\/#website"},"primaryImageOfPage":{"@id":"https:\/\/mwc-cmm.org\/en\/stories\/french-speaking-mennonites-hold-first-consultation-theological-education\/#primaryimage"},"image":{"@id":"https:\/\/mwc-cmm.org\/en\/stories\/french-speaking-mennonites-hold-first-consultation-theological-education\/#primaryimage"},"thumbnailUrl":"https:\/\/mwc-cmm.org\/wp-content\/uploads\/2024\/11\/fr_theolog_educ_group_sm.jpg","datePublished":"2014-08-25T00:00:00+00:00","dateModified":"2024-12-10T17:58:51+00:00","breadcrumb":{"@id":"https:\/\/mwc-cmm.org\/en\/stories\/french-speaking-mennonites-hold-first-consultation-theological-education\/#breadcrumb"},"inLanguage":"es","potentialAction":[{"@type":"ReadAction","target":["https:\/\/mwc-cmm.org\/en\/stories\/french-speaking-mennonites-hold-first-consultation-theological-education\/"]}]},{"@type":"ImageObject","inLanguage":"es","@id":"https:\/\/mwc-cmm.org\/en\/stories\/french-speaking-mennonites-hold-first-consultation-theological-education\/#primaryimage","url":"https:\/\/mwc-cmm.org\/wp-content\/uploads\/2024\/11\/fr_theolog_educ_group_sm.jpg","contentUrl":"https:\/\/mwc-cmm.org\/wp-content\/uploads\/2024\/11\/fr_theolog_educ_group_sm.jpg","width":1024,"height":616},{"@type":"BreadcrumbList","@id":"https:\/\/mwc-cmm.org\/en\/stories\/french-speaking-mennonites-hold-first-consultation-theological-education\/#breadcrumb","itemListElement":[{"@type":"ListItem","position":1,"name":"Home","item":"https:\/\/mwc-cmm.org\/es\/"},{"@type":"ListItem","position":2,"name":"Menonitas de habla francesa realizan primera consulta sobre educaci\u00f3n teol\u00f3gica"}]},{"@type":"WebSite","@id":"https:\/\/mwc-cmm.org\/en\/#website","url":"https:\/\/mwc-cmm.org\/en\/","name":"Mennonite World Conference","description":"A communion of Anabaptist-related churches","publisher":{"@id":"https:\/\/mwc-cmm.org\/en\/#organization"},"alternateName":"MWC","potentialAction":[{"@type":"SearchAction","target":{"@type":"EntryPoint","urlTemplate":"https:\/\/mwc-cmm.org\/en\/?s={search_term_string}"},"query-input":{"@type":"PropertyValueSpecification","valueRequired":true,"valueName":"search_term_string"}}],"inLanguage":"es"},{"@type":"Organization","@id":"https:\/\/mwc-cmm.org\/en\/#organization","name":"Mennonite World Conference","alternateName":"MWC","url":"https:\/\/mwc-cmm.org\/en\/","logo":{"@type":"ImageObject","inLanguage":"es","@id":"https:\/\/mwc-cmm.org\/en\/#\/schema\/logo\/image\/","url":"https:\/\/mwc-cmm.org\/wp-content\/uploads\/2026\/01\/MWC_Sig_Blue_Horiz_webheader1-logo.svg","contentUrl":"https:\/\/mwc-cmm.org\/wp-content\/uploads\/2026\/01\/MWC_Sig_Blue_Horiz_webheader1-logo.svg","width":786,"height":82,"caption":"Mennonite World Conference"},"image":{"@id":"https:\/\/mwc-cmm.org\/en\/#\/schema\/logo\/image\/"},"sameAs":["https:\/\/www.facebook.com\/MennoniteWorldConference","https:\/\/www.linkedin.com\/company\/mennonite-world-conference-mwc\/","https:\/\/www.instagram.com\/mwcmm\/","https:\/\/www.youtube.com\/user\/mwccmm","https:\/\/bsky.app\/profile\/mwcmm.bsky.social"]},{"@type":"Person","@id":"https:\/\/mwc-cmm.org\/en\/#\/schema\/person\/11f6ae0d7d1868ba20a1cc27f067c836","name":"mennworldcon","image":{"@type":"ImageObject","inLanguage":"es","@id":"https:\/\/secure.gravatar.com\/avatar\/06fdc0dc81c157dfdb82ec42f252178a22307808988d22c043f9eb96f1e0fe80?s=96&d=mm&r=g","url":"https:\/\/secure.gravatar.com\/avatar\/06fdc0dc81c157dfdb82ec42f252178a22307808988d22c043f9eb96f1e0fe80?s=96&d=mm&r=g","contentUrl":"https:\/\/secure.gravatar.com\/avatar\/06fdc0dc81c157dfdb82ec42f252178a22307808988d22c043f9eb96f1e0fe80?s=96&d=mm&r=g","caption":"mennworldcon"},"sameAs":["https:\/\/mwc-cmm.org"],"url":"https:\/\/mwc-cmm.org\/es\/stories\/author\/mennworldcon\/"}]}},"_links":{"self":[{"href":"https:\/\/mwc-cmm.org\/es\/wp-json\/wp\/v2\/posts\/8455","targetHints":{"allow":["GET"]}}],"collection":[{"href":"https:\/\/mwc-cmm.org\/es\/wp-json\/wp\/v2\/posts"}],"about":[{"href":"https:\/\/mwc-cmm.org\/es\/wp-json\/wp\/v2\/types\/post"}],"author":[{"embeddable":true,"href":"https:\/\/mwc-cmm.org\/es\/wp-json\/wp\/v2\/users\/1"}],"replies":[{"embeddable":true,"href":"https:\/\/mwc-cmm.org\/es\/wp-json\/wp\/v2\/comments?post=8455"}],"version-history":[{"count":0,"href":"https:\/\/mwc-cmm.org\/es\/wp-json\/wp\/v2\/posts\/8455\/revisions"}],"wp:featuredmedia":[{"embeddable":true,"href":"https:\/\/mwc-cmm.org\/es\/wp-json\/wp\/v2\/media\/85780"}],"wp:attachment":[{"href":"https:\/\/mwc-cmm.org\/es\/wp-json\/wp\/v2\/media?parent=8455"}],"wp:term":[{"taxonomy":"category","embeddable":true,"href":"https:\/\/mwc-cmm.org\/es\/wp-json\/wp\/v2\/categories?post=8455"},{"taxonomy":"post_tag","embeddable":true,"href":"https:\/\/mwc-cmm.org\/es\/wp-json\/wp\/v2\/tags?post=8455"},{"taxonomy":"network","embeddable":true,"href":"https:\/\/mwc-cmm.org\/es\/wp-json\/wp\/v2\/network?post=8455"},{"taxonomy":"eventcategory","embeddable":true,"href":"https:\/\/mwc-cmm.org\/es\/wp-json\/wp\/v2\/eventcategory?post=8455"}],"curies":[{"name":"wp","href":"https:\/\/api.w.org\/{rel}","templated":true}]}}