{"id":8445,"date":"2014-02-07T00:00:00","date_gmt":"2014-02-07T00:00:00","guid":{"rendered":"https:\/\/mwc-cmm.org\/pilgrimage-of-justice-and-peace-reflecting-on-mennonite-contributions-to-the-global-ecumenical-movement-3\/"},"modified":"2024-12-10T17:58:46","modified_gmt":"2024-12-10T17:58:46","slug":"pilgrimage-of-justice-and-peace-reflecting-on-mennonite-contributions-to-the-global-ecumenical-movement-3","status":"publish","type":"post","link":"https:\/\/mwc-cmm.org\/es\/stories\/pilgrimage-of-justice-and-peace-reflecting-on-mennonite-contributions-to-the-global-ecumenical-movement-3\/","title":{"rendered":"Peregrinaci\u00f3n de Justicia y Paz \u2013 Reflexionando sobre las contribuciones de los menonitas al Movimiento Ecum\u00e9nico Mundial"},"content":{"rendered":"<p>Para muchos j\u00f3venes en el mundo actual la movilidad y la flexibilidad son necesarias: asistir a la universidad en otra ciudad, encuentros interculturales durantes los viajes, ampliar horizontes personales. Y en alguna parte, entre todo esto, est\u00e1 esa \u201ccaracter\u00edstica menonita\u201d que moldea parte de lo que eres.<\/p>\n<p>Estas experiencias describen perfectamente mi realidad. Proveniente de una peque\u00f1a localidad y de una iglesia menonita a\u00fan m\u00e1s peque\u00f1a, he aprovechado todas las oportunidades posibles para ver algo del mundo. Esto me ha llevado a varios pa\u00edses en Europa, Israel\/Palestina, Siria, Jordania y los EE.UU. Cuando me pidieron que viajara a Corea del Sur estaba sumamente emocionada, pero \u00bfcu\u00e1l era la raz\u00f3n del viaje? Era para asistir a la 10\u00aa Asamblea General del Consejo Mundial de Iglesias (CMI) del 30 de octubre al 8 de noviembre de 2013.<\/p>\n<p>Despu\u00e9s de investigar un poco, me enter\u00e9 de que iba a ser delegada de la iglesia menonita de Alemania en una reuni\u00f3n mundial cristiana, que se lleva a cabo cada siete a\u00f1os, para discutir asuntos teol\u00f3gicos y seculares. \u00a1Acept\u00e9 el desaf\u00edo!<\/p>\n<p>En el proceso de preparaci\u00f3n me di cuenta de que, para m\u00ed personalmente, era m\u00e1s dif\u00edcil de lo esperado descubrir qu\u00e9 era exactamente lo que yo, como joven menonita de Alemania, podr\u00eda contribuir al movimiento ecum\u00e9nico mundial. Descubr\u00ed que lo que hab\u00eda moldeado mi fe era un colorido conjunto de influencias, provenientes de una gama de tradiciones de fe e iglesias. En la Asamblea del Consejo Mundial de Iglesias (CMI) pude apreciar la sensibilidad que hab\u00eda hacia las diferentes confesiones y denominaciones, sus especialidades y tradiciones, lo que fue toda una experiencia nueva para m\u00ed. En este contexto y junto a otros menonitas, se me hizo m\u00e1s claro que el compromiso teol\u00f3gico a la no violencia y las consecuencias reales que se derivan de ella es lo que nos define como iglesia de paz.<\/p>\n<p>Los menonitas fueron factor desencadenante del \u00faltimo gran enfoque program\u00e1tico del CMI, que fue la d\u00e9cada para superar la violencia del 2001 hasta 2010. Algunos menonitas, que han participado en el movimiento ecum\u00e9nico por m\u00e1s tiempo, compartieron conmigo su experiencia de recibir consultas de varios colegas por sus puntos de vistas sobre varios asuntos. Tuve la impresi\u00f3n de que a pesar de contar con una membres\u00eda muy peque\u00f1a, la tradici\u00f3n menonita es de mucho aprecio para el CMI y para las personas en general. El hecho de que la paz y la justicia ahora son asuntos centrales en el CMI demuestra de que lo que hist\u00f3ricamente siempre han sido temas de los menonitas, son ahora (\u00a1y que tambi\u00e9n lo han sido antes!) temas centrales del cristianismo mundial. Esto tambi\u00e9n se puso en muestra cuando se juntaron y oraron la oraci\u00f3n lema de la Asamblea: \u201cDios de vida, cond\u00facenos hacia la justicia y la paz.\u201d<\/p>\n<p>Uno de los momentos m\u00e1s impresionantes y conmovedores para m\u00ed, fue cuando un joven surcoreano se uni\u00f3 a una de nuestras reuniones de paz de nuestras iglesias (junto a participantes cu\u00e1queros y de la Iglesia de los Hermanos). Pronto se convertir\u00eda en una persona que por motivos de conciencia objetar\u00eda el servicio militar en Corea del Sur debido a sus creencias en la no violencia. Lo que se ha convertido en algo normal en Alemania, objetar por motivos de conciencia, en Corea del Sur todav\u00eda sigue siendo castigado con prisi\u00f3n por 18 meses y discriminaci\u00f3n de por vida. A pesar de estas consecuencias, este joven coreano se puso de pie y comparti\u00f3 sobre su vida y su compromiso a vivir de acuerdo a sus convicciones, pidiendo nuestro apoyo y nuestras oraciones. Desafortunadamente, este joven no fue escuchado por toda la asamblea y por ciertas iglesias, incluyendo las de Corea, que no ven la necesidad de cambiar el status-quo. A\u00fan as\u00ed, podemos orar por aquellos que sufren por sus creencias y de este modo luchar por la paz y la justicia.<\/p>\n<p>Ahora bien, este mega-evento parece estar muy lejos todav\u00eda y los que leen esto podr\u00edan preguntarse qu\u00e9 implicaci\u00f3n tiene esto para ustedes. El resultado de la Asamblea del CMI servir\u00e1 de gu\u00eda para el trabajo de programaci\u00f3n del CMI para los pr\u00f3ximos 8 a\u00f1os: \u00a1Nosotros, los creyentes, estamos en una peregrinaci\u00f3n en pos de la justicia y la paz! Esto incluye a los creyentes de todo el mundo, los que son parte del CMI, y los que no lo son. Cualquiera sea la raz\u00f3n que lo llev\u00f3 a leer este blog, an\u00edmese a conocer a otras personas en su contexto y a hablar con ellos sobre cu\u00e1l es su papel en la hermandad mundial cristiana y c\u00f3mo se puede contribuir a un mundo m\u00e1s justo y pac\u00edfico.<\/p>\n<p>Cuando asist\u00ed por primera vez a la Asamblea del CMI vine con una pregunta en mente, \u201c\u00bfQu\u00e9 puede hacer este CMI por m\u00ed?\u201d En su lugar, me di cuenta de que el CMI no s\u00f3lo est\u00e1 haciendo algo por m\u00ed sino que tambi\u00e9n por cada uno de nosotros, los miembros de la familia de Dios, que forman la iglesia mundial y que en conjunto son un impacto. Espero con ansias viajar con ustedes en este peregrinaje.<\/p>\n<p>Por Lydia Funck<\/p>\n<p>* Los puntos de vistas expresados en la secci\u00f3n de <em>Testimonios<\/em> expresan las convicciones de fe y las experiencias de los autores y no reflejan necesariamente las opiniones del Congreso Mundial Menonita. <\/p>\n","protected":false},"excerpt":{"rendered":"<p>NULL<\/p>\n","protected":false},"author":1,"featured_media":85640,"comment_status":"closed","ping_status":"closed","sticky":false,"template":"","format":"standard","meta":{"_acf_changed":false,"footnotes":""},"categories":[6],"tags":[429],"network":[1284],"eventcategory":[],"class_list":["post-8445","post","type-post","status-publish","format-standard","has-post-thumbnail","hentry","category-sin-categorizar","tag-gys","network-young-anabaptists-es"],"acf":[],"yoast_head":"<!-- This site is optimized with the Yoast SEO plugin v27.2 - https:\/\/yoast.com\/product\/yoast-seo-wordpress\/ -->\n<title>Peregrinaci\u00f3n de Justicia y Paz \u2013 Reflexionando sobre las contribuciones de los menonitas al Movimiento Ecum\u00e9nico Mundial - Mennonite World Conference<\/title>\n<meta name=\"robots\" content=\"index, follow, max-snippet:-1, max-image-preview:large, max-video-preview:-1\" \/>\n<link rel=\"canonical\" href=\"https:\/\/mwc-cmm.org\/en\/stories\/pilgrimage-of-justice-and-peace-reflecting-on-mennonite-contributions-to-the-global-ecumenical-movement\/\" \/>\n<meta property=\"og:locale\" content=\"es_ES\" \/>\n<meta property=\"og:type\" content=\"article\" \/>\n<meta property=\"og:title\" content=\"Peregrinaci\u00f3n de Justicia y Paz \u2013 Reflexionando sobre las contribuciones de los menonitas al Movimiento Ecum\u00e9nico Mundial - Mennonite World Conference\" \/>\n<meta property=\"og:description\" content=\"NULL\" \/>\n<meta property=\"og:url\" content=\"https:\/\/mwc-cmm.org\/en\/stories\/pilgrimage-of-justice-and-peace-reflecting-on-mennonite-contributions-to-the-global-ecumenical-movement\/\" \/>\n<meta property=\"og:site_name\" content=\"Mennonite World Conference\" \/>\n<meta property=\"article:publisher\" content=\"https:\/\/www.facebook.com\/MennoniteWorldConference\" \/>\n<meta property=\"article:published_time\" content=\"2014-02-07T00:00:00+00:00\" \/>\n<meta property=\"article:modified_time\" content=\"2024-12-10T17:58:46+00:00\" \/>\n<meta property=\"og:image\" content=\"https:\/\/mwc-cmm.org\/wp-content\/uploads\/2024\/11\/blog-lydia2.jpg\" \/>\n\t<meta property=\"og:image:width\" content=\"575\" \/>\n\t<meta property=\"og:image:height\" content=\"429\" \/>\n\t<meta property=\"og:image:type\" content=\"image\/jpeg\" \/>\n<meta name=\"author\" content=\"mennworldcon\" \/>\n<script type=\"application\/ld+json\" class=\"yoast-schema-graph\">{\"@context\":\"https:\/\/schema.org\",\"@graph\":[{\"@type\":\"Article\",\"@id\":\"https:\/\/mwc-cmm.org\/en\/stories\/pilgrimage-of-justice-and-peace-reflecting-on-mennonite-contributions-to-the-global-ecumenical-movement\/#article\",\"isPartOf\":{\"@id\":\"https:\/\/mwc-cmm.org\/en\/stories\/pilgrimage-of-justice-and-peace-reflecting-on-mennonite-contributions-to-the-global-ecumenical-movement\/\"},\"author\":{\"name\":\"mennworldcon\",\"@id\":\"https:\/\/mwc-cmm.org\/en\/#\/schema\/person\/11f6ae0d7d1868ba20a1cc27f067c836\"},\"headline\":\"Peregrinaci\u00f3n de Justicia y Paz \u2013 Reflexionando sobre las contribuciones de los menonitas al Movimiento Ecum\u00e9nico Mundial\",\"datePublished\":\"2014-02-07T00:00:00+00:00\",\"dateModified\":\"2024-12-10T17:58:46+00:00\",\"mainEntityOfPage\":{\"@id\":\"https:\/\/mwc-cmm.org\/en\/stories\/pilgrimage-of-justice-and-peace-reflecting-on-mennonite-contributions-to-the-global-ecumenical-movement\/\"},\"wordCount\":954,\"publisher\":{\"@id\":\"https:\/\/mwc-cmm.org\/en\/#organization\"},\"image\":{\"@id\":\"https:\/\/mwc-cmm.org\/en\/stories\/pilgrimage-of-justice-and-peace-reflecting-on-mennonite-contributions-to-the-global-ecumenical-movement\/#primaryimage\"},\"thumbnailUrl\":\"https:\/\/mwc-cmm.org\/wp-content\/uploads\/2024\/11\/blog-lydia2.jpg\",\"keywords\":[\"GYS\"],\"articleSection\":[\"Sin categorizar\"],\"inLanguage\":\"es\"},{\"@type\":\"WebPage\",\"@id\":\"https:\/\/mwc-cmm.org\/en\/stories\/pilgrimage-of-justice-and-peace-reflecting-on-mennonite-contributions-to-the-global-ecumenical-movement\/\",\"url\":\"https:\/\/mwc-cmm.org\/en\/stories\/pilgrimage-of-justice-and-peace-reflecting-on-mennonite-contributions-to-the-global-ecumenical-movement\/\",\"name\":\"Peregrinaci\u00f3n de Justicia y Paz \u2013 Reflexionando sobre las contribuciones de los menonitas al Movimiento Ecum\u00e9nico Mundial - Mennonite World Conference\",\"isPartOf\":{\"@id\":\"https:\/\/mwc-cmm.org\/en\/#website\"},\"primaryImageOfPage\":{\"@id\":\"https:\/\/mwc-cmm.org\/en\/stories\/pilgrimage-of-justice-and-peace-reflecting-on-mennonite-contributions-to-the-global-ecumenical-movement\/#primaryimage\"},\"image\":{\"@id\":\"https:\/\/mwc-cmm.org\/en\/stories\/pilgrimage-of-justice-and-peace-reflecting-on-mennonite-contributions-to-the-global-ecumenical-movement\/#primaryimage\"},\"thumbnailUrl\":\"https:\/\/mwc-cmm.org\/wp-content\/uploads\/2024\/11\/blog-lydia2.jpg\",\"datePublished\":\"2014-02-07T00:00:00+00:00\",\"dateModified\":\"2024-12-10T17:58:46+00:00\",\"breadcrumb\":{\"@id\":\"https:\/\/mwc-cmm.org\/en\/stories\/pilgrimage-of-justice-and-peace-reflecting-on-mennonite-contributions-to-the-global-ecumenical-movement\/#breadcrumb\"},\"inLanguage\":\"es\",\"potentialAction\":[{\"@type\":\"ReadAction\",\"target\":[\"https:\/\/mwc-cmm.org\/en\/stories\/pilgrimage-of-justice-and-peace-reflecting-on-mennonite-contributions-to-the-global-ecumenical-movement\/\"]}]},{\"@type\":\"ImageObject\",\"inLanguage\":\"es\",\"@id\":\"https:\/\/mwc-cmm.org\/en\/stories\/pilgrimage-of-justice-and-peace-reflecting-on-mennonite-contributions-to-the-global-ecumenical-movement\/#primaryimage\",\"url\":\"https:\/\/mwc-cmm.org\/wp-content\/uploads\/2024\/11\/blog-lydia2.jpg\",\"contentUrl\":\"https:\/\/mwc-cmm.org\/wp-content\/uploads\/2024\/11\/blog-lydia2.jpg\",\"width\":575,\"height\":429},{\"@type\":\"BreadcrumbList\",\"@id\":\"https:\/\/mwc-cmm.org\/en\/stories\/pilgrimage-of-justice-and-peace-reflecting-on-mennonite-contributions-to-the-global-ecumenical-movement\/#breadcrumb\",\"itemListElement\":[{\"@type\":\"ListItem\",\"position\":1,\"name\":\"Home\",\"item\":\"https:\/\/mwc-cmm.org\/es\/\"},{\"@type\":\"ListItem\",\"position\":2,\"name\":\"Peregrinaci\u00f3n de Justicia y Paz \u2013 Reflexionando sobre las contribuciones de los menonitas al Movimiento Ecum\u00e9nico Mundial\"}]},{\"@type\":\"WebSite\",\"@id\":\"https:\/\/mwc-cmm.org\/en\/#website\",\"url\":\"https:\/\/mwc-cmm.org\/en\/\",\"name\":\"Mennonite World Conference\",\"description\":\"A communion of Anabaptist-related churches\",\"publisher\":{\"@id\":\"https:\/\/mwc-cmm.org\/en\/#organization\"},\"alternateName\":\"MWC\",\"potentialAction\":[{\"@type\":\"SearchAction\",\"target\":{\"@type\":\"EntryPoint\",\"urlTemplate\":\"https:\/\/mwc-cmm.org\/en\/?s={search_term_string}\"},\"query-input\":{\"@type\":\"PropertyValueSpecification\",\"valueRequired\":true,\"valueName\":\"search_term_string\"}}],\"inLanguage\":\"es\"},{\"@type\":\"Organization\",\"@id\":\"https:\/\/mwc-cmm.org\/en\/#organization\",\"name\":\"Mennonite World Conference\",\"alternateName\":\"MWC\",\"url\":\"https:\/\/mwc-cmm.org\/en\/\",\"logo\":{\"@type\":\"ImageObject\",\"inLanguage\":\"es\",\"@id\":\"https:\/\/mwc-cmm.org\/en\/#\/schema\/logo\/image\/\",\"url\":\"https:\/\/mwc-cmm.org\/wp-content\/uploads\/2026\/01\/MWC_Sig_Blue_Horiz_webheader1-logo.svg\",\"contentUrl\":\"https:\/\/mwc-cmm.org\/wp-content\/uploads\/2026\/01\/MWC_Sig_Blue_Horiz_webheader1-logo.svg\",\"width\":786,\"height\":82,\"caption\":\"Mennonite World Conference\"},\"image\":{\"@id\":\"https:\/\/mwc-cmm.org\/en\/#\/schema\/logo\/image\/\"},\"sameAs\":[\"https:\/\/www.facebook.com\/MennoniteWorldConference\",\"https:\/\/www.linkedin.com\/company\/mennonite-world-conference-mwc\/\",\"https:\/\/www.instagram.com\/mwcmm\/\",\"https:\/\/www.youtube.com\/user\/mwccmm\",\"https:\/\/bsky.app\/profile\/mwcmm.bsky.social\"]},{\"@type\":\"Person\",\"@id\":\"https:\/\/mwc-cmm.org\/en\/#\/schema\/person\/11f6ae0d7d1868ba20a1cc27f067c836\",\"name\":\"mennworldcon\",\"image\":{\"@type\":\"ImageObject\",\"inLanguage\":\"es\",\"@id\":\"https:\/\/secure.gravatar.com\/avatar\/06fdc0dc81c157dfdb82ec42f252178a22307808988d22c043f9eb96f1e0fe80?s=96&d=mm&r=g\",\"url\":\"https:\/\/secure.gravatar.com\/avatar\/06fdc0dc81c157dfdb82ec42f252178a22307808988d22c043f9eb96f1e0fe80?s=96&d=mm&r=g\",\"contentUrl\":\"https:\/\/secure.gravatar.com\/avatar\/06fdc0dc81c157dfdb82ec42f252178a22307808988d22c043f9eb96f1e0fe80?s=96&d=mm&r=g\",\"caption\":\"mennworldcon\"},\"sameAs\":[\"https:\/\/mwc-cmm.org\"],\"url\":\"https:\/\/mwc-cmm.org\/es\/stories\/author\/mennworldcon\/\"}]}<\/script>\n<!-- \/ Yoast SEO plugin. -->","yoast_head_json":{"title":"Peregrinaci\u00f3n de Justicia y Paz \u2013 Reflexionando sobre las contribuciones de los menonitas al Movimiento Ecum\u00e9nico Mundial - Mennonite World Conference","robots":{"index":"index","follow":"follow","max-snippet":"max-snippet:-1","max-image-preview":"max-image-preview:large","max-video-preview":"max-video-preview:-1"},"canonical":"https:\/\/mwc-cmm.org\/en\/stories\/pilgrimage-of-justice-and-peace-reflecting-on-mennonite-contributions-to-the-global-ecumenical-movement\/","og_locale":"es_ES","og_type":"article","og_title":"Peregrinaci\u00f3n de Justicia y Paz \u2013 Reflexionando sobre las contribuciones de los menonitas al Movimiento Ecum\u00e9nico Mundial - Mennonite World Conference","og_description":"NULL","og_url":"https:\/\/mwc-cmm.org\/en\/stories\/pilgrimage-of-justice-and-peace-reflecting-on-mennonite-contributions-to-the-global-ecumenical-movement\/","og_site_name":"Mennonite World Conference","article_publisher":"https:\/\/www.facebook.com\/MennoniteWorldConference","article_published_time":"2014-02-07T00:00:00+00:00","article_modified_time":"2024-12-10T17:58:46+00:00","og_image":[{"width":575,"height":429,"url":"https:\/\/mwc-cmm.org\/wp-content\/uploads\/2024\/11\/blog-lydia2.jpg","type":"image\/jpeg"}],"author":"mennworldcon","schema":{"@context":"https:\/\/schema.org","@graph":[{"@type":"Article","@id":"https:\/\/mwc-cmm.org\/en\/stories\/pilgrimage-of-justice-and-peace-reflecting-on-mennonite-contributions-to-the-global-ecumenical-movement\/#article","isPartOf":{"@id":"https:\/\/mwc-cmm.org\/en\/stories\/pilgrimage-of-justice-and-peace-reflecting-on-mennonite-contributions-to-the-global-ecumenical-movement\/"},"author":{"name":"mennworldcon","@id":"https:\/\/mwc-cmm.org\/en\/#\/schema\/person\/11f6ae0d7d1868ba20a1cc27f067c836"},"headline":"Peregrinaci\u00f3n de Justicia y Paz \u2013 Reflexionando sobre las contribuciones de los menonitas al Movimiento Ecum\u00e9nico Mundial","datePublished":"2014-02-07T00:00:00+00:00","dateModified":"2024-12-10T17:58:46+00:00","mainEntityOfPage":{"@id":"https:\/\/mwc-cmm.org\/en\/stories\/pilgrimage-of-justice-and-peace-reflecting-on-mennonite-contributions-to-the-global-ecumenical-movement\/"},"wordCount":954,"publisher":{"@id":"https:\/\/mwc-cmm.org\/en\/#organization"},"image":{"@id":"https:\/\/mwc-cmm.org\/en\/stories\/pilgrimage-of-justice-and-peace-reflecting-on-mennonite-contributions-to-the-global-ecumenical-movement\/#primaryimage"},"thumbnailUrl":"https:\/\/mwc-cmm.org\/wp-content\/uploads\/2024\/11\/blog-lydia2.jpg","keywords":["GYS"],"articleSection":["Sin categorizar"],"inLanguage":"es"},{"@type":"WebPage","@id":"https:\/\/mwc-cmm.org\/en\/stories\/pilgrimage-of-justice-and-peace-reflecting-on-mennonite-contributions-to-the-global-ecumenical-movement\/","url":"https:\/\/mwc-cmm.org\/en\/stories\/pilgrimage-of-justice-and-peace-reflecting-on-mennonite-contributions-to-the-global-ecumenical-movement\/","name":"Peregrinaci\u00f3n de Justicia y Paz \u2013 Reflexionando sobre las contribuciones de los menonitas al Movimiento Ecum\u00e9nico Mundial - Mennonite World Conference","isPartOf":{"@id":"https:\/\/mwc-cmm.org\/en\/#website"},"primaryImageOfPage":{"@id":"https:\/\/mwc-cmm.org\/en\/stories\/pilgrimage-of-justice-and-peace-reflecting-on-mennonite-contributions-to-the-global-ecumenical-movement\/#primaryimage"},"image":{"@id":"https:\/\/mwc-cmm.org\/en\/stories\/pilgrimage-of-justice-and-peace-reflecting-on-mennonite-contributions-to-the-global-ecumenical-movement\/#primaryimage"},"thumbnailUrl":"https:\/\/mwc-cmm.org\/wp-content\/uploads\/2024\/11\/blog-lydia2.jpg","datePublished":"2014-02-07T00:00:00+00:00","dateModified":"2024-12-10T17:58:46+00:00","breadcrumb":{"@id":"https:\/\/mwc-cmm.org\/en\/stories\/pilgrimage-of-justice-and-peace-reflecting-on-mennonite-contributions-to-the-global-ecumenical-movement\/#breadcrumb"},"inLanguage":"es","potentialAction":[{"@type":"ReadAction","target":["https:\/\/mwc-cmm.org\/en\/stories\/pilgrimage-of-justice-and-peace-reflecting-on-mennonite-contributions-to-the-global-ecumenical-movement\/"]}]},{"@type":"ImageObject","inLanguage":"es","@id":"https:\/\/mwc-cmm.org\/en\/stories\/pilgrimage-of-justice-and-peace-reflecting-on-mennonite-contributions-to-the-global-ecumenical-movement\/#primaryimage","url":"https:\/\/mwc-cmm.org\/wp-content\/uploads\/2024\/11\/blog-lydia2.jpg","contentUrl":"https:\/\/mwc-cmm.org\/wp-content\/uploads\/2024\/11\/blog-lydia2.jpg","width":575,"height":429},{"@type":"BreadcrumbList","@id":"https:\/\/mwc-cmm.org\/en\/stories\/pilgrimage-of-justice-and-peace-reflecting-on-mennonite-contributions-to-the-global-ecumenical-movement\/#breadcrumb","itemListElement":[{"@type":"ListItem","position":1,"name":"Home","item":"https:\/\/mwc-cmm.org\/es\/"},{"@type":"ListItem","position":2,"name":"Peregrinaci\u00f3n de Justicia y Paz \u2013 Reflexionando sobre las contribuciones de los menonitas al Movimiento Ecum\u00e9nico Mundial"}]},{"@type":"WebSite","@id":"https:\/\/mwc-cmm.org\/en\/#website","url":"https:\/\/mwc-cmm.org\/en\/","name":"Mennonite World Conference","description":"A communion of Anabaptist-related churches","publisher":{"@id":"https:\/\/mwc-cmm.org\/en\/#organization"},"alternateName":"MWC","potentialAction":[{"@type":"SearchAction","target":{"@type":"EntryPoint","urlTemplate":"https:\/\/mwc-cmm.org\/en\/?s={search_term_string}"},"query-input":{"@type":"PropertyValueSpecification","valueRequired":true,"valueName":"search_term_string"}}],"inLanguage":"es"},{"@type":"Organization","@id":"https:\/\/mwc-cmm.org\/en\/#organization","name":"Mennonite World Conference","alternateName":"MWC","url":"https:\/\/mwc-cmm.org\/en\/","logo":{"@type":"ImageObject","inLanguage":"es","@id":"https:\/\/mwc-cmm.org\/en\/#\/schema\/logo\/image\/","url":"https:\/\/mwc-cmm.org\/wp-content\/uploads\/2026\/01\/MWC_Sig_Blue_Horiz_webheader1-logo.svg","contentUrl":"https:\/\/mwc-cmm.org\/wp-content\/uploads\/2026\/01\/MWC_Sig_Blue_Horiz_webheader1-logo.svg","width":786,"height":82,"caption":"Mennonite World Conference"},"image":{"@id":"https:\/\/mwc-cmm.org\/en\/#\/schema\/logo\/image\/"},"sameAs":["https:\/\/www.facebook.com\/MennoniteWorldConference","https:\/\/www.linkedin.com\/company\/mennonite-world-conference-mwc\/","https:\/\/www.instagram.com\/mwcmm\/","https:\/\/www.youtube.com\/user\/mwccmm","https:\/\/bsky.app\/profile\/mwcmm.bsky.social"]},{"@type":"Person","@id":"https:\/\/mwc-cmm.org\/en\/#\/schema\/person\/11f6ae0d7d1868ba20a1cc27f067c836","name":"mennworldcon","image":{"@type":"ImageObject","inLanguage":"es","@id":"https:\/\/secure.gravatar.com\/avatar\/06fdc0dc81c157dfdb82ec42f252178a22307808988d22c043f9eb96f1e0fe80?s=96&d=mm&r=g","url":"https:\/\/secure.gravatar.com\/avatar\/06fdc0dc81c157dfdb82ec42f252178a22307808988d22c043f9eb96f1e0fe80?s=96&d=mm&r=g","contentUrl":"https:\/\/secure.gravatar.com\/avatar\/06fdc0dc81c157dfdb82ec42f252178a22307808988d22c043f9eb96f1e0fe80?s=96&d=mm&r=g","caption":"mennworldcon"},"sameAs":["https:\/\/mwc-cmm.org"],"url":"https:\/\/mwc-cmm.org\/es\/stories\/author\/mennworldcon\/"}]}},"_links":{"self":[{"href":"https:\/\/mwc-cmm.org\/es\/wp-json\/wp\/v2\/posts\/8445","targetHints":{"allow":["GET"]}}],"collection":[{"href":"https:\/\/mwc-cmm.org\/es\/wp-json\/wp\/v2\/posts"}],"about":[{"href":"https:\/\/mwc-cmm.org\/es\/wp-json\/wp\/v2\/types\/post"}],"author":[{"embeddable":true,"href":"https:\/\/mwc-cmm.org\/es\/wp-json\/wp\/v2\/users\/1"}],"replies":[{"embeddable":true,"href":"https:\/\/mwc-cmm.org\/es\/wp-json\/wp\/v2\/comments?post=8445"}],"version-history":[{"count":0,"href":"https:\/\/mwc-cmm.org\/es\/wp-json\/wp\/v2\/posts\/8445\/revisions"}],"wp:featuredmedia":[{"embeddable":true,"href":"https:\/\/mwc-cmm.org\/es\/wp-json\/wp\/v2\/media\/85640"}],"wp:attachment":[{"href":"https:\/\/mwc-cmm.org\/es\/wp-json\/wp\/v2\/media?parent=8445"}],"wp:term":[{"taxonomy":"category","embeddable":true,"href":"https:\/\/mwc-cmm.org\/es\/wp-json\/wp\/v2\/categories?post=8445"},{"taxonomy":"post_tag","embeddable":true,"href":"https:\/\/mwc-cmm.org\/es\/wp-json\/wp\/v2\/tags?post=8445"},{"taxonomy":"network","embeddable":true,"href":"https:\/\/mwc-cmm.org\/es\/wp-json\/wp\/v2\/network?post=8445"},{"taxonomy":"eventcategory","embeddable":true,"href":"https:\/\/mwc-cmm.org\/es\/wp-json\/wp\/v2\/eventcategory?post=8445"}],"curies":[{"name":"wp","href":"https:\/\/api.w.org\/{rel}","templated":true}]}}