{"id":8425,"date":"2013-10-15T00:00:00","date_gmt":"2013-10-15T00:00:00","guid":{"rendered":"https:\/\/mwc-cmm.org\/mennonites-accompany-islamic-community-in-its-religious-celebration-3\/"},"modified":"2024-12-10T17:58:38","modified_gmt":"2024-12-10T17:58:38","slug":"mennonites-accompany-islamic-community-in-its-religious-celebration-3","status":"publish","type":"post","link":"https:\/\/mwc-cmm.org\/es\/stories\/mennonites-accompany-islamic-community-in-its-religious-celebration-3\/","title":{"rendered":"Menonitas acompa\u00f1ando a la comunidad isl\u00e1mica en celebraci\u00f3n religiosa"},"content":{"rendered":"<p>Desde hace cuatro a\u00f1os soy coordinador del Cap\u00edtulo Argentino de la Red Juvenil Interreligiosa de <a href=\"http:\/\/www.religionsforpeace.org\/\">Religiones por la Paz.<\/a> (funci\u00f3n que por motivos de edad estar\u00e9 dejando para fin de a\u00f1o).<\/p>\n<p>Nuestra comunidad <a href=\"http:\/\/www.menonitas.org.ar\/\">(Iglesia Anabautista Menonita de Buenos Aires)<\/a> forma parte de dicha red. Entendemos que como iglesia hist\u00f3rica de paz estamos llamados al di\u00e1logo y a la cooperaci\u00f3n interreligiosa.<\/p>\n<p>El viernes 9 de Agosto fuimos invitados para participar de la celebraci\u00f3n del <u>Id Al Fitr Al Mubarak<\/u>, la Fiesta del Desayuno en la Culminaci\u00f3n del Sagrado Mes de Ramad\u00e1n, organizada por el Centro Isl\u00e1mico de la Rep\u00fablica Argentina (CIRA).<\/p>\n<p>En esta oportunidad aprovechamos la presencia del joven Cristian Vidal, miembro de la Iglesia Anabautista Menonita <a href=\"http:\/\/www.puertachile.cl\/\">Puerta del Reba\u00f1o<\/a> (Concepci\u00f3n &#8211; Chile) que actualmente se encuentra en Argentina junto a su esposa Danitza por motivos de estudios a que se sume a la delegaci\u00f3n, que estab\u00e1 integrada por referentes del Movimiento de los Focolares, la Asociaci\u00f3n Cristiana de Jovenes, la Pastoral de Juventud de la Conferencia Episcopal Argentina y el Consejo Jud\u00edo Latinoamericano.<\/p>\n<p>Fuimos c\u00e1lidamente recibidos por el Secretario General, Omar Ahmed Kabbara. Estaban tambi\u00e9n presentes Autoridades del Gobierno Nacional, de la Ciudad Aut\u00f3noma de Buenos Aires, Diplom\u00e1ticos de los diferentes pa\u00edses de tradici\u00f3n isl\u00e1mica, pol\u00edticos, funcionarios y representantes Religiosos de distintas confesiones.<\/p>\n<p>Paz<\/p>\n<p>Luis Ma. Alman Bornes<\/p>\n","protected":false},"excerpt":{"rendered":"<p>NULL<\/p>\n","protected":false},"author":1,"featured_media":85388,"comment_status":"closed","ping_status":"closed","sticky":false,"template":"","format":"standard","meta":{"_acf_changed":false,"footnotes":""},"categories":[6],"tags":[],"network":[],"eventcategory":[],"class_list":["post-8425","post","type-post","status-publish","format-standard","has-post-thumbnail","hentry","category-sin-categorizar"],"acf":[],"yoast_head":"<!-- This site is optimized with the Yoast SEO plugin v27.2 - https:\/\/yoast.com\/product\/yoast-seo-wordpress\/ -->\n<title>Menonitas acompa\u00f1ando a la comunidad isl\u00e1mica en celebraci\u00f3n religiosa - Mennonite World Conference<\/title>\n<meta name=\"robots\" content=\"index, follow, max-snippet:-1, max-image-preview:large, max-video-preview:-1\" \/>\n<link rel=\"canonical\" href=\"https:\/\/mwc-cmm.org\/es\/stories\/mennonites-accompany-islamic-community-in-its-religious-celebration-3\/\" \/>\n<meta property=\"og:locale\" content=\"es_ES\" \/>\n<meta property=\"og:type\" content=\"article\" \/>\n<meta property=\"og:title\" content=\"Menonitas acompa\u00f1ando a la comunidad isl\u00e1mica en celebraci\u00f3n religiosa - Mennonite World Conference\" \/>\n<meta property=\"og:description\" content=\"NULL\" \/>\n<meta property=\"og:url\" content=\"https:\/\/mwc-cmm.org\/es\/stories\/mennonites-accompany-islamic-community-in-its-religious-celebration-3\/\" \/>\n<meta property=\"og:site_name\" content=\"Mennonite World Conference\" \/>\n<meta property=\"article:publisher\" content=\"https:\/\/www.facebook.com\/MennoniteWorldConference\" \/>\n<meta property=\"article:published_time\" content=\"2013-10-15T00:00:00+00:00\" \/>\n<meta property=\"article:modified_time\" content=\"2024-12-10T17:58:38+00:00\" \/>\n<meta property=\"og:image\" content=\"https:\/\/mwc-cmm.org\/wp-content\/uploads\/2024\/11\/luis_ma-arg_muslim_relationships-web_edit.jpeg\" \/>\n\t<meta property=\"og:image:width\" content=\"1000\" \/>\n\t<meta property=\"og:image:height\" content=\"664\" \/>\n\t<meta property=\"og:image:type\" content=\"image\/jpeg\" \/>\n<meta name=\"author\" content=\"mennworldcon\" \/>\n<script type=\"application\/ld+json\" class=\"yoast-schema-graph\">{\"@context\":\"https:\/\/schema.org\",\"@graph\":[{\"@type\":\"Article\",\"@id\":\"https:\/\/mwc-cmm.org\/es\/stories\/mennonites-accompany-islamic-community-in-its-religious-celebration-3\/#article\",\"isPartOf\":{\"@id\":\"https:\/\/mwc-cmm.org\/es\/stories\/mennonites-accompany-islamic-community-in-its-religious-celebration-3\/\"},\"author\":{\"name\":\"mennworldcon\",\"@id\":\"https:\/\/mwc-cmm.org\/en\/#\/schema\/person\/11f6ae0d7d1868ba20a1cc27f067c836\"},\"headline\":\"Menonitas acompa\u00f1ando a la comunidad isl\u00e1mica en celebraci\u00f3n religiosa\",\"datePublished\":\"2013-10-15T00:00:00+00:00\",\"dateModified\":\"2024-12-10T17:58:38+00:00\",\"mainEntityOfPage\":{\"@id\":\"https:\/\/mwc-cmm.org\/es\/stories\/mennonites-accompany-islamic-community-in-its-religious-celebration-3\/\"},\"wordCount\":254,\"publisher\":{\"@id\":\"https:\/\/mwc-cmm.org\/en\/#organization\"},\"image\":{\"@id\":\"https:\/\/mwc-cmm.org\/es\/stories\/mennonites-accompany-islamic-community-in-its-religious-celebration-3\/#primaryimage\"},\"thumbnailUrl\":\"https:\/\/mwc-cmm.org\/wp-content\/uploads\/2024\/11\/luis_ma-arg_muslim_relationships-web_edit.jpeg\",\"articleSection\":[\"Sin categorizar\"],\"inLanguage\":\"es\"},{\"@type\":\"WebPage\",\"@id\":\"https:\/\/mwc-cmm.org\/es\/stories\/mennonites-accompany-islamic-community-in-its-religious-celebration-3\/\",\"url\":\"https:\/\/mwc-cmm.org\/es\/stories\/mennonites-accompany-islamic-community-in-its-religious-celebration-3\/\",\"name\":\"Menonitas acompa\u00f1ando a la comunidad isl\u00e1mica en celebraci\u00f3n religiosa - Mennonite World Conference\",\"isPartOf\":{\"@id\":\"https:\/\/mwc-cmm.org\/en\/#website\"},\"primaryImageOfPage\":{\"@id\":\"https:\/\/mwc-cmm.org\/es\/stories\/mennonites-accompany-islamic-community-in-its-religious-celebration-3\/#primaryimage\"},\"image\":{\"@id\":\"https:\/\/mwc-cmm.org\/es\/stories\/mennonites-accompany-islamic-community-in-its-religious-celebration-3\/#primaryimage\"},\"thumbnailUrl\":\"https:\/\/mwc-cmm.org\/wp-content\/uploads\/2024\/11\/luis_ma-arg_muslim_relationships-web_edit.jpeg\",\"datePublished\":\"2013-10-15T00:00:00+00:00\",\"dateModified\":\"2024-12-10T17:58:38+00:00\",\"breadcrumb\":{\"@id\":\"https:\/\/mwc-cmm.org\/es\/stories\/mennonites-accompany-islamic-community-in-its-religious-celebration-3\/#breadcrumb\"},\"inLanguage\":\"es\",\"potentialAction\":[{\"@type\":\"ReadAction\",\"target\":[\"https:\/\/mwc-cmm.org\/es\/stories\/mennonites-accompany-islamic-community-in-its-religious-celebration-3\/\"]}]},{\"@type\":\"ImageObject\",\"inLanguage\":\"es\",\"@id\":\"https:\/\/mwc-cmm.org\/es\/stories\/mennonites-accompany-islamic-community-in-its-religious-celebration-3\/#primaryimage\",\"url\":\"https:\/\/mwc-cmm.org\/wp-content\/uploads\/2024\/11\/luis_ma-arg_muslim_relationships-web_edit.jpeg\",\"contentUrl\":\"https:\/\/mwc-cmm.org\/wp-content\/uploads\/2024\/11\/luis_ma-arg_muslim_relationships-web_edit.jpeg\",\"width\":1000,\"height\":664},{\"@type\":\"BreadcrumbList\",\"@id\":\"https:\/\/mwc-cmm.org\/es\/stories\/mennonites-accompany-islamic-community-in-its-religious-celebration-3\/#breadcrumb\",\"itemListElement\":[{\"@type\":\"ListItem\",\"position\":1,\"name\":\"Home\",\"item\":\"https:\/\/mwc-cmm.org\/es\/\"},{\"@type\":\"ListItem\",\"position\":2,\"name\":\"Menonitas acompa\u00f1ando a la comunidad isl\u00e1mica en celebraci\u00f3n religiosa\"}]},{\"@type\":\"WebSite\",\"@id\":\"https:\/\/mwc-cmm.org\/en\/#website\",\"url\":\"https:\/\/mwc-cmm.org\/en\/\",\"name\":\"Mennonite World Conference\",\"description\":\"A communion of Anabaptist-related churches\",\"publisher\":{\"@id\":\"https:\/\/mwc-cmm.org\/en\/#organization\"},\"alternateName\":\"MWC\",\"potentialAction\":[{\"@type\":\"SearchAction\",\"target\":{\"@type\":\"EntryPoint\",\"urlTemplate\":\"https:\/\/mwc-cmm.org\/en\/?s={search_term_string}\"},\"query-input\":{\"@type\":\"PropertyValueSpecification\",\"valueRequired\":true,\"valueName\":\"search_term_string\"}}],\"inLanguage\":\"es\"},{\"@type\":\"Organization\",\"@id\":\"https:\/\/mwc-cmm.org\/en\/#organization\",\"name\":\"Mennonite World Conference\",\"alternateName\":\"MWC\",\"url\":\"https:\/\/mwc-cmm.org\/en\/\",\"logo\":{\"@type\":\"ImageObject\",\"inLanguage\":\"es\",\"@id\":\"https:\/\/mwc-cmm.org\/en\/#\/schema\/logo\/image\/\",\"url\":\"https:\/\/mwc-cmm.org\/wp-content\/uploads\/2026\/01\/MWC_Sig_Blue_Horiz_webheader1-logo.svg\",\"contentUrl\":\"https:\/\/mwc-cmm.org\/wp-content\/uploads\/2026\/01\/MWC_Sig_Blue_Horiz_webheader1-logo.svg\",\"width\":786,\"height\":82,\"caption\":\"Mennonite World Conference\"},\"image\":{\"@id\":\"https:\/\/mwc-cmm.org\/en\/#\/schema\/logo\/image\/\"},\"sameAs\":[\"https:\/\/www.facebook.com\/MennoniteWorldConference\",\"https:\/\/www.linkedin.com\/company\/mennonite-world-conference-mwc\/\",\"https:\/\/www.instagram.com\/mwcmm\/\",\"https:\/\/www.youtube.com\/user\/mwccmm\",\"https:\/\/bsky.app\/profile\/mwcmm.bsky.social\"]},{\"@type\":\"Person\",\"@id\":\"https:\/\/mwc-cmm.org\/en\/#\/schema\/person\/11f6ae0d7d1868ba20a1cc27f067c836\",\"name\":\"mennworldcon\",\"image\":{\"@type\":\"ImageObject\",\"inLanguage\":\"es\",\"@id\":\"https:\/\/secure.gravatar.com\/avatar\/06fdc0dc81c157dfdb82ec42f252178a22307808988d22c043f9eb96f1e0fe80?s=96&d=mm&r=g\",\"url\":\"https:\/\/secure.gravatar.com\/avatar\/06fdc0dc81c157dfdb82ec42f252178a22307808988d22c043f9eb96f1e0fe80?s=96&d=mm&r=g\",\"contentUrl\":\"https:\/\/secure.gravatar.com\/avatar\/06fdc0dc81c157dfdb82ec42f252178a22307808988d22c043f9eb96f1e0fe80?s=96&d=mm&r=g\",\"caption\":\"mennworldcon\"},\"sameAs\":[\"https:\/\/mwc-cmm.org\"],\"url\":\"https:\/\/mwc-cmm.org\/es\/stories\/author\/mennworldcon\/\"}]}<\/script>\n<!-- \/ Yoast SEO plugin. -->","yoast_head_json":{"title":"Menonitas acompa\u00f1ando a la comunidad isl\u00e1mica en celebraci\u00f3n religiosa - Mennonite World Conference","robots":{"index":"index","follow":"follow","max-snippet":"max-snippet:-1","max-image-preview":"max-image-preview:large","max-video-preview":"max-video-preview:-1"},"canonical":"https:\/\/mwc-cmm.org\/es\/stories\/mennonites-accompany-islamic-community-in-its-religious-celebration-3\/","og_locale":"es_ES","og_type":"article","og_title":"Menonitas acompa\u00f1ando a la comunidad isl\u00e1mica en celebraci\u00f3n religiosa - Mennonite World Conference","og_description":"NULL","og_url":"https:\/\/mwc-cmm.org\/es\/stories\/mennonites-accompany-islamic-community-in-its-religious-celebration-3\/","og_site_name":"Mennonite World Conference","article_publisher":"https:\/\/www.facebook.com\/MennoniteWorldConference","article_published_time":"2013-10-15T00:00:00+00:00","article_modified_time":"2024-12-10T17:58:38+00:00","og_image":[{"width":1000,"height":664,"url":"https:\/\/mwc-cmm.org\/wp-content\/uploads\/2024\/11\/luis_ma-arg_muslim_relationships-web_edit.jpeg","type":"image\/jpeg"}],"author":"mennworldcon","schema":{"@context":"https:\/\/schema.org","@graph":[{"@type":"Article","@id":"https:\/\/mwc-cmm.org\/es\/stories\/mennonites-accompany-islamic-community-in-its-religious-celebration-3\/#article","isPartOf":{"@id":"https:\/\/mwc-cmm.org\/es\/stories\/mennonites-accompany-islamic-community-in-its-religious-celebration-3\/"},"author":{"name":"mennworldcon","@id":"https:\/\/mwc-cmm.org\/en\/#\/schema\/person\/11f6ae0d7d1868ba20a1cc27f067c836"},"headline":"Menonitas acompa\u00f1ando a la comunidad isl\u00e1mica en celebraci\u00f3n religiosa","datePublished":"2013-10-15T00:00:00+00:00","dateModified":"2024-12-10T17:58:38+00:00","mainEntityOfPage":{"@id":"https:\/\/mwc-cmm.org\/es\/stories\/mennonites-accompany-islamic-community-in-its-religious-celebration-3\/"},"wordCount":254,"publisher":{"@id":"https:\/\/mwc-cmm.org\/en\/#organization"},"image":{"@id":"https:\/\/mwc-cmm.org\/es\/stories\/mennonites-accompany-islamic-community-in-its-religious-celebration-3\/#primaryimage"},"thumbnailUrl":"https:\/\/mwc-cmm.org\/wp-content\/uploads\/2024\/11\/luis_ma-arg_muslim_relationships-web_edit.jpeg","articleSection":["Sin categorizar"],"inLanguage":"es"},{"@type":"WebPage","@id":"https:\/\/mwc-cmm.org\/es\/stories\/mennonites-accompany-islamic-community-in-its-religious-celebration-3\/","url":"https:\/\/mwc-cmm.org\/es\/stories\/mennonites-accompany-islamic-community-in-its-religious-celebration-3\/","name":"Menonitas acompa\u00f1ando a la comunidad isl\u00e1mica en celebraci\u00f3n religiosa - Mennonite World Conference","isPartOf":{"@id":"https:\/\/mwc-cmm.org\/en\/#website"},"primaryImageOfPage":{"@id":"https:\/\/mwc-cmm.org\/es\/stories\/mennonites-accompany-islamic-community-in-its-religious-celebration-3\/#primaryimage"},"image":{"@id":"https:\/\/mwc-cmm.org\/es\/stories\/mennonites-accompany-islamic-community-in-its-religious-celebration-3\/#primaryimage"},"thumbnailUrl":"https:\/\/mwc-cmm.org\/wp-content\/uploads\/2024\/11\/luis_ma-arg_muslim_relationships-web_edit.jpeg","datePublished":"2013-10-15T00:00:00+00:00","dateModified":"2024-12-10T17:58:38+00:00","breadcrumb":{"@id":"https:\/\/mwc-cmm.org\/es\/stories\/mennonites-accompany-islamic-community-in-its-religious-celebration-3\/#breadcrumb"},"inLanguage":"es","potentialAction":[{"@type":"ReadAction","target":["https:\/\/mwc-cmm.org\/es\/stories\/mennonites-accompany-islamic-community-in-its-religious-celebration-3\/"]}]},{"@type":"ImageObject","inLanguage":"es","@id":"https:\/\/mwc-cmm.org\/es\/stories\/mennonites-accompany-islamic-community-in-its-religious-celebration-3\/#primaryimage","url":"https:\/\/mwc-cmm.org\/wp-content\/uploads\/2024\/11\/luis_ma-arg_muslim_relationships-web_edit.jpeg","contentUrl":"https:\/\/mwc-cmm.org\/wp-content\/uploads\/2024\/11\/luis_ma-arg_muslim_relationships-web_edit.jpeg","width":1000,"height":664},{"@type":"BreadcrumbList","@id":"https:\/\/mwc-cmm.org\/es\/stories\/mennonites-accompany-islamic-community-in-its-religious-celebration-3\/#breadcrumb","itemListElement":[{"@type":"ListItem","position":1,"name":"Home","item":"https:\/\/mwc-cmm.org\/es\/"},{"@type":"ListItem","position":2,"name":"Menonitas acompa\u00f1ando a la comunidad isl\u00e1mica en celebraci\u00f3n religiosa"}]},{"@type":"WebSite","@id":"https:\/\/mwc-cmm.org\/en\/#website","url":"https:\/\/mwc-cmm.org\/en\/","name":"Mennonite World Conference","description":"A communion of Anabaptist-related churches","publisher":{"@id":"https:\/\/mwc-cmm.org\/en\/#organization"},"alternateName":"MWC","potentialAction":[{"@type":"SearchAction","target":{"@type":"EntryPoint","urlTemplate":"https:\/\/mwc-cmm.org\/en\/?s={search_term_string}"},"query-input":{"@type":"PropertyValueSpecification","valueRequired":true,"valueName":"search_term_string"}}],"inLanguage":"es"},{"@type":"Organization","@id":"https:\/\/mwc-cmm.org\/en\/#organization","name":"Mennonite World Conference","alternateName":"MWC","url":"https:\/\/mwc-cmm.org\/en\/","logo":{"@type":"ImageObject","inLanguage":"es","@id":"https:\/\/mwc-cmm.org\/en\/#\/schema\/logo\/image\/","url":"https:\/\/mwc-cmm.org\/wp-content\/uploads\/2026\/01\/MWC_Sig_Blue_Horiz_webheader1-logo.svg","contentUrl":"https:\/\/mwc-cmm.org\/wp-content\/uploads\/2026\/01\/MWC_Sig_Blue_Horiz_webheader1-logo.svg","width":786,"height":82,"caption":"Mennonite World Conference"},"image":{"@id":"https:\/\/mwc-cmm.org\/en\/#\/schema\/logo\/image\/"},"sameAs":["https:\/\/www.facebook.com\/MennoniteWorldConference","https:\/\/www.linkedin.com\/company\/mennonite-world-conference-mwc\/","https:\/\/www.instagram.com\/mwcmm\/","https:\/\/www.youtube.com\/user\/mwccmm","https:\/\/bsky.app\/profile\/mwcmm.bsky.social"]},{"@type":"Person","@id":"https:\/\/mwc-cmm.org\/en\/#\/schema\/person\/11f6ae0d7d1868ba20a1cc27f067c836","name":"mennworldcon","image":{"@type":"ImageObject","inLanguage":"es","@id":"https:\/\/secure.gravatar.com\/avatar\/06fdc0dc81c157dfdb82ec42f252178a22307808988d22c043f9eb96f1e0fe80?s=96&d=mm&r=g","url":"https:\/\/secure.gravatar.com\/avatar\/06fdc0dc81c157dfdb82ec42f252178a22307808988d22c043f9eb96f1e0fe80?s=96&d=mm&r=g","contentUrl":"https:\/\/secure.gravatar.com\/avatar\/06fdc0dc81c157dfdb82ec42f252178a22307808988d22c043f9eb96f1e0fe80?s=96&d=mm&r=g","caption":"mennworldcon"},"sameAs":["https:\/\/mwc-cmm.org"],"url":"https:\/\/mwc-cmm.org\/es\/stories\/author\/mennworldcon\/"}]}},"_links":{"self":[{"href":"https:\/\/mwc-cmm.org\/es\/wp-json\/wp\/v2\/posts\/8425","targetHints":{"allow":["GET"]}}],"collection":[{"href":"https:\/\/mwc-cmm.org\/es\/wp-json\/wp\/v2\/posts"}],"about":[{"href":"https:\/\/mwc-cmm.org\/es\/wp-json\/wp\/v2\/types\/post"}],"author":[{"embeddable":true,"href":"https:\/\/mwc-cmm.org\/es\/wp-json\/wp\/v2\/users\/1"}],"replies":[{"embeddable":true,"href":"https:\/\/mwc-cmm.org\/es\/wp-json\/wp\/v2\/comments?post=8425"}],"version-history":[{"count":0,"href":"https:\/\/mwc-cmm.org\/es\/wp-json\/wp\/v2\/posts\/8425\/revisions"}],"wp:featuredmedia":[{"embeddable":true,"href":"https:\/\/mwc-cmm.org\/es\/wp-json\/wp\/v2\/media\/85388"}],"wp:attachment":[{"href":"https:\/\/mwc-cmm.org\/es\/wp-json\/wp\/v2\/media?parent=8425"}],"wp:term":[{"taxonomy":"category","embeddable":true,"href":"https:\/\/mwc-cmm.org\/es\/wp-json\/wp\/v2\/categories?post=8425"},{"taxonomy":"post_tag","embeddable":true,"href":"https:\/\/mwc-cmm.org\/es\/wp-json\/wp\/v2\/tags?post=8425"},{"taxonomy":"network","embeddable":true,"href":"https:\/\/mwc-cmm.org\/es\/wp-json\/wp\/v2\/network?post=8425"},{"taxonomy":"eventcategory","embeddable":true,"href":"https:\/\/mwc-cmm.org\/es\/wp-json\/wp\/v2\/eventcategory?post=8425"}],"curies":[{"name":"wp","href":"https:\/\/api.w.org\/{rel}","templated":true}]}}