{"id":8419,"date":"2014-08-20T00:00:00","date_gmt":"2014-08-20T00:00:00","guid":{"rendered":"https:\/\/mwc-cmm.org\/central-american-youth-explore-aspects-of-their-mennonite-identity-3\/"},"modified":"2024-12-10T17:58:34","modified_gmt":"2024-12-10T17:58:34","slug":"central-american-youth-explore-aspects-of-their-mennonite-identity-3","status":"publish","type":"post","link":"https:\/\/mwc-cmm.org\/es\/stories\/central-american-youth-explore-aspects-of-their-mennonite-identity-3\/","title":{"rendered":"J\u00f3venes centroamericanos exploran aspectos de su identidad menonita"},"content":{"rendered":"<p>Heredia, Costa Rica \u2013 J\u00f3venes menonitas de diferentes pa\u00edses se reunieron para el Congreso anual Centroamericano de J\u00f3venes Menonitas en Costa Rica, 27-30 de marzo de 2013. Ciento veinte j\u00f3venes representantes de Guatemala, Honduras, Nicaragua, Costa Rica, Panam\u00e1, Puerto Rico y M\u00e9xico compartieron unos con otros en torno al tema de la \u201cIdentidad Menonita.\u201d Tambi\u00e9n se les unieron varios norteamericanos que trabajan con el Comit\u00e9 Central Menonita en Centroam\u00e9rica. Este es el tercer a\u00f1o que Costa Rica ha participado en la conferencia y la primera vez que ha servido como anfitriona.<\/p>\n<p>Algunos aspectos muy importantes del evento fueron los devocionales, los talleres y los momentos de reflexi\u00f3n del grupo, todos relacionados con el tema de la \u201cIdentidad Menonita.\u201d Los participantes analizaron el dolor y las alegr\u00edas que se experimentan a trav\u00e9s de la identidad de cada uno seg\u00fan su g\u00e9nero en un taller sobre \u201cRelaci\u00f3n de Identidad y G\u00e9nero.\u201d Las discusiones se iniciaron en grupos peque\u00f1os del mismo sexo y luego se trasladaron a grupos mixtos donde los participantes pudieron compartir lo que hab\u00edan aprendido.<\/p>\n<p>En el taller de \u201cCultura de Paz y Resoluci\u00f3n de Conflictos\u201d los participantes tambi\u00e9n analizaron los diferentes puntos de vista desde los cuales se puede ver un conflicto. En grupos peque\u00f1os analizaron las ventajas y las desventajas de las diferentes formas en las que las personas abordan un conflicto, tales como las diferencias entre aquellos que tienden a ser m\u00e1s competitivos y aquellos que siempre trabajan en equipos.<\/p>\n<p>Otros talleres, como \u201cLectura de la Biblia en Comunidad,\u201d examinaron la importancia de desarrollar una hermen\u00e9utica de la comunidad. Como todo texto puede ser interpretado desde diferentes contextos socio-econ\u00f3micos y culturales, es fundamental interpretar la Escritura en la comunidad para enriquecer las experiencias en el cuerpo de Cristo.<\/p>\n<p>La celebraci\u00f3n de la Cena del Se\u00f1or fue un momento impactante. Con participantes de diferentes pa\u00edses en las mesas, compartieron el pan, oraron unos por otros y se ministraron unos a otros. Rodrigo Pedroza lo describi\u00f3 como un momento cuando reconocieron que, \u201ca pesar de las fronteras y las diferencia nacionales, Cristo nos ha hecho uno. Concluimos con un abrazo, como se\u00f1al del amor y de los lazos fraternales formados por el Se\u00f1or durante este evento.\u201d<\/p>\n<p>Otra parte importante del evento fue el tiempo que se pas\u00f3 conociendo a los otros participantes. Por la tarde hubo una reuni\u00f3n con numerosos juegos y actividades para fomentar el trabajo en equipos. En una noche cultural se celebr\u00f3 la representaci\u00f3n de los diferentes pa\u00edses, ya que los participantes tuvieron la oportunidad de compartir parte de su cultura con el grupo. Y en la \u00faltima noche el grupo tuvo un excelente tiempo de compa\u00f1erismo alrededor del fuego compartiendo, contando chistes, cantando y jugando.<\/p>\n<p>El Congreso Centroamericano de J\u00f3venes Menonitas comenz\u00f3 hace 19 a\u00f1os, con un retiro entre los j\u00f3venes de la Iglesia Casa Horeb de Guatemala y la Iglesia Menonita Aurora de Honduras. El deseo de unidad entre los j\u00f3venes menonitas ha continuado creciendo con el correr de los a\u00f1os, y cuenta con la participaci\u00f3n de j\u00f3venes de m\u00e1s pa\u00edses centroamericanos.<\/p>\n<p><em>Comunicado de prensa de Kristina Toews, Asistente de Comunicaciones de la Web del CMM, basado en la elaboraci\u00f3n de un informe de Karoline Mora<\/em><\/p>\n","protected":false},"excerpt":{"rendered":"<p>NULL<\/p>\n","protected":false},"author":1,"featured_media":85304,"comment_status":"closed","ping_status":"closed","sticky":false,"template":"","format":"standard","meta":{"_acf_changed":false,"footnotes":""},"categories":[6],"tags":[],"network":[1284],"eventcategory":[],"class_list":["post-8419","post","type-post","status-publish","format-standard","has-post-thumbnail","hentry","category-sin-categorizar","network-young-anabaptists-es"],"acf":[],"yoast_head":"<!-- This site is optimized with the Yoast SEO plugin v27.5 - https:\/\/yoast.com\/product\/yoast-seo-wordpress\/ -->\n<title>J\u00f3venes centroamericanos exploran aspectos de su identidad menonita - Mennonite World Conference<\/title>\n<meta name=\"robots\" content=\"index, follow, max-snippet:-1, max-image-preview:large, max-video-preview:-1\" \/>\n<link rel=\"canonical\" href=\"https:\/\/mwc-cmm.org\/es\/stories\/central-american-youth-explore-aspects-of-their-mennonite-identity-3\/\" \/>\n<meta property=\"og:locale\" content=\"es_ES\" \/>\n<meta property=\"og:type\" content=\"article\" \/>\n<meta property=\"og:title\" content=\"J\u00f3venes centroamericanos exploran aspectos de su identidad menonita - Mennonite World Conference\" \/>\n<meta property=\"og:description\" content=\"NULL\" \/>\n<meta property=\"og:url\" content=\"https:\/\/mwc-cmm.org\/es\/stories\/central-american-youth-explore-aspects-of-their-mennonite-identity-3\/\" \/>\n<meta property=\"og:site_name\" content=\"Mennonite World Conference\" \/>\n<meta property=\"article:publisher\" content=\"https:\/\/www.facebook.com\/MennoniteWorldConference\" \/>\n<meta property=\"article:published_time\" content=\"2014-08-20T00:00:00+00:00\" \/>\n<meta property=\"article:modified_time\" content=\"2024-12-10T17:58:34+00:00\" \/>\n<meta property=\"og:image\" content=\"https:\/\/mwc-cmm.org\/wp-content\/uploads\/2024\/11\/group_photo-edit.jpg\" \/>\n\t<meta property=\"og:image:width\" content=\"800\" \/>\n\t<meta property=\"og:image:height\" content=\"460\" \/>\n\t<meta property=\"og:image:type\" content=\"image\/jpeg\" \/>\n<meta name=\"author\" content=\"mennworldcon\" \/>\n<script type=\"application\/ld+json\" class=\"yoast-schema-graph\">{\"@context\":\"https:\\\/\\\/schema.org\",\"@graph\":[{\"@type\":\"Article\",\"@id\":\"https:\\\/\\\/mwc-cmm.org\\\/es\\\/stories\\\/central-american-youth-explore-aspects-of-their-mennonite-identity-3\\\/#article\",\"isPartOf\":{\"@id\":\"https:\\\/\\\/mwc-cmm.org\\\/es\\\/stories\\\/central-american-youth-explore-aspects-of-their-mennonite-identity-3\\\/\"},\"author\":{\"name\":\"mennworldcon\",\"@id\":\"https:\\\/\\\/mwc-cmm.org\\\/en\\\/#\\\/schema\\\/person\\\/11f6ae0d7d1868ba20a1cc27f067c836\"},\"headline\":\"J\u00f3venes centroamericanos exploran aspectos de su identidad menonita\",\"datePublished\":\"2014-08-20T00:00:00+00:00\",\"dateModified\":\"2024-12-10T17:58:34+00:00\",\"mainEntityOfPage\":{\"@id\":\"https:\\\/\\\/mwc-cmm.org\\\/es\\\/stories\\\/central-american-youth-explore-aspects-of-their-mennonite-identity-3\\\/\"},\"wordCount\":580,\"publisher\":{\"@id\":\"https:\\\/\\\/mwc-cmm.org\\\/en\\\/#organization\"},\"image\":{\"@id\":\"https:\\\/\\\/mwc-cmm.org\\\/es\\\/stories\\\/central-american-youth-explore-aspects-of-their-mennonite-identity-3\\\/#primaryimage\"},\"thumbnailUrl\":\"https:\\\/\\\/mwc-cmm.org\\\/wp-content\\\/uploads\\\/2024\\\/11\\\/group_photo-edit.jpg\",\"articleSection\":[\"Sin categorizar\"],\"inLanguage\":\"es\"},{\"@type\":\"WebPage\",\"@id\":\"https:\\\/\\\/mwc-cmm.org\\\/es\\\/stories\\\/central-american-youth-explore-aspects-of-their-mennonite-identity-3\\\/\",\"url\":\"https:\\\/\\\/mwc-cmm.org\\\/es\\\/stories\\\/central-american-youth-explore-aspects-of-their-mennonite-identity-3\\\/\",\"name\":\"J\u00f3venes centroamericanos exploran aspectos de su identidad menonita - Mennonite World Conference\",\"isPartOf\":{\"@id\":\"https:\\\/\\\/mwc-cmm.org\\\/en\\\/#website\"},\"primaryImageOfPage\":{\"@id\":\"https:\\\/\\\/mwc-cmm.org\\\/es\\\/stories\\\/central-american-youth-explore-aspects-of-their-mennonite-identity-3\\\/#primaryimage\"},\"image\":{\"@id\":\"https:\\\/\\\/mwc-cmm.org\\\/es\\\/stories\\\/central-american-youth-explore-aspects-of-their-mennonite-identity-3\\\/#primaryimage\"},\"thumbnailUrl\":\"https:\\\/\\\/mwc-cmm.org\\\/wp-content\\\/uploads\\\/2024\\\/11\\\/group_photo-edit.jpg\",\"datePublished\":\"2014-08-20T00:00:00+00:00\",\"dateModified\":\"2024-12-10T17:58:34+00:00\",\"breadcrumb\":{\"@id\":\"https:\\\/\\\/mwc-cmm.org\\\/es\\\/stories\\\/central-american-youth-explore-aspects-of-their-mennonite-identity-3\\\/#breadcrumb\"},\"inLanguage\":\"es\",\"potentialAction\":[{\"@type\":\"ReadAction\",\"target\":[\"https:\\\/\\\/mwc-cmm.org\\\/es\\\/stories\\\/central-american-youth-explore-aspects-of-their-mennonite-identity-3\\\/\"]}]},{\"@type\":\"ImageObject\",\"inLanguage\":\"es\",\"@id\":\"https:\\\/\\\/mwc-cmm.org\\\/es\\\/stories\\\/central-american-youth-explore-aspects-of-their-mennonite-identity-3\\\/#primaryimage\",\"url\":\"https:\\\/\\\/mwc-cmm.org\\\/wp-content\\\/uploads\\\/2024\\\/11\\\/group_photo-edit.jpg\",\"contentUrl\":\"https:\\\/\\\/mwc-cmm.org\\\/wp-content\\\/uploads\\\/2024\\\/11\\\/group_photo-edit.jpg\",\"width\":800,\"height\":460},{\"@type\":\"BreadcrumbList\",\"@id\":\"https:\\\/\\\/mwc-cmm.org\\\/es\\\/stories\\\/central-american-youth-explore-aspects-of-their-mennonite-identity-3\\\/#breadcrumb\",\"itemListElement\":[{\"@type\":\"ListItem\",\"position\":1,\"name\":\"Home\",\"item\":\"https:\\\/\\\/mwc-cmm.org\\\/es\\\/\"},{\"@type\":\"ListItem\",\"position\":2,\"name\":\"J\u00f3venes centroamericanos exploran aspectos de su identidad menonita\"}]},{\"@type\":\"WebSite\",\"@id\":\"https:\\\/\\\/mwc-cmm.org\\\/en\\\/#website\",\"url\":\"https:\\\/\\\/mwc-cmm.org\\\/en\\\/\",\"name\":\"Mennonite World Conference\",\"description\":\"A communion of Anabaptist-related churches\",\"publisher\":{\"@id\":\"https:\\\/\\\/mwc-cmm.org\\\/en\\\/#organization\"},\"alternateName\":\"MWC\",\"potentialAction\":[{\"@type\":\"SearchAction\",\"target\":{\"@type\":\"EntryPoint\",\"urlTemplate\":\"https:\\\/\\\/mwc-cmm.org\\\/en\\\/?s={search_term_string}\"},\"query-input\":{\"@type\":\"PropertyValueSpecification\",\"valueRequired\":true,\"valueName\":\"search_term_string\"}}],\"inLanguage\":\"es\"},{\"@type\":\"Organization\",\"@id\":\"https:\\\/\\\/mwc-cmm.org\\\/en\\\/#organization\",\"name\":\"Mennonite World Conference\",\"alternateName\":\"MWC\",\"url\":\"https:\\\/\\\/mwc-cmm.org\\\/en\\\/\",\"logo\":{\"@type\":\"ImageObject\",\"inLanguage\":\"es\",\"@id\":\"https:\\\/\\\/mwc-cmm.org\\\/en\\\/#\\\/schema\\\/logo\\\/image\\\/\",\"url\":\"https:\\\/\\\/mwc-cmm.org\\\/wp-content\\\/uploads\\\/2026\\\/01\\\/MWC_Sig_Blue_Horiz_webheader1-logo.svg\",\"contentUrl\":\"https:\\\/\\\/mwc-cmm.org\\\/wp-content\\\/uploads\\\/2026\\\/01\\\/MWC_Sig_Blue_Horiz_webheader1-logo.svg\",\"width\":786,\"height\":82,\"caption\":\"Mennonite World Conference\"},\"image\":{\"@id\":\"https:\\\/\\\/mwc-cmm.org\\\/en\\\/#\\\/schema\\\/logo\\\/image\\\/\"},\"sameAs\":[\"https:\\\/\\\/www.facebook.com\\\/MennoniteWorldConference\",\"https:\\\/\\\/www.linkedin.com\\\/company\\\/mennonite-world-conference-mwc\\\/\",\"https:\\\/\\\/www.instagram.com\\\/mwcmm\\\/\",\"https:\\\/\\\/www.youtube.com\\\/user\\\/mwccmm\",\"https:\\\/\\\/bsky.app\\\/profile\\\/mwcmm.bsky.social\"]},{\"@type\":\"Person\",\"@id\":\"https:\\\/\\\/mwc-cmm.org\\\/en\\\/#\\\/schema\\\/person\\\/11f6ae0d7d1868ba20a1cc27f067c836\",\"name\":\"mennworldcon\",\"image\":{\"@type\":\"ImageObject\",\"inLanguage\":\"es\",\"@id\":\"https:\\\/\\\/secure.gravatar.com\\\/avatar\\\/06fdc0dc81c157dfdb82ec42f252178a22307808988d22c043f9eb96f1e0fe80?s=96&d=mm&r=g\",\"url\":\"https:\\\/\\\/secure.gravatar.com\\\/avatar\\\/06fdc0dc81c157dfdb82ec42f252178a22307808988d22c043f9eb96f1e0fe80?s=96&d=mm&r=g\",\"contentUrl\":\"https:\\\/\\\/secure.gravatar.com\\\/avatar\\\/06fdc0dc81c157dfdb82ec42f252178a22307808988d22c043f9eb96f1e0fe80?s=96&d=mm&r=g\",\"caption\":\"mennworldcon\"},\"sameAs\":[\"https:\\\/\\\/mwc-cmm.org\"],\"url\":\"https:\\\/\\\/mwc-cmm.org\\\/es\\\/stories\\\/author\\\/mennworldcon\\\/\"}]}<\/script>\n<!-- \/ Yoast SEO plugin. -->","yoast_head_json":{"title":"J\u00f3venes centroamericanos exploran aspectos de su identidad menonita - Mennonite World Conference","robots":{"index":"index","follow":"follow","max-snippet":"max-snippet:-1","max-image-preview":"max-image-preview:large","max-video-preview":"max-video-preview:-1"},"canonical":"https:\/\/mwc-cmm.org\/es\/stories\/central-american-youth-explore-aspects-of-their-mennonite-identity-3\/","og_locale":"es_ES","og_type":"article","og_title":"J\u00f3venes centroamericanos exploran aspectos de su identidad menonita - Mennonite World Conference","og_description":"NULL","og_url":"https:\/\/mwc-cmm.org\/es\/stories\/central-american-youth-explore-aspects-of-their-mennonite-identity-3\/","og_site_name":"Mennonite World Conference","article_publisher":"https:\/\/www.facebook.com\/MennoniteWorldConference","article_published_time":"2014-08-20T00:00:00+00:00","article_modified_time":"2024-12-10T17:58:34+00:00","og_image":[{"width":800,"height":460,"url":"https:\/\/mwc-cmm.org\/wp-content\/uploads\/2024\/11\/group_photo-edit.jpg","type":"image\/jpeg"}],"author":"mennworldcon","schema":{"@context":"https:\/\/schema.org","@graph":[{"@type":"Article","@id":"https:\/\/mwc-cmm.org\/es\/stories\/central-american-youth-explore-aspects-of-their-mennonite-identity-3\/#article","isPartOf":{"@id":"https:\/\/mwc-cmm.org\/es\/stories\/central-american-youth-explore-aspects-of-their-mennonite-identity-3\/"},"author":{"name":"mennworldcon","@id":"https:\/\/mwc-cmm.org\/en\/#\/schema\/person\/11f6ae0d7d1868ba20a1cc27f067c836"},"headline":"J\u00f3venes centroamericanos exploran aspectos de su identidad menonita","datePublished":"2014-08-20T00:00:00+00:00","dateModified":"2024-12-10T17:58:34+00:00","mainEntityOfPage":{"@id":"https:\/\/mwc-cmm.org\/es\/stories\/central-american-youth-explore-aspects-of-their-mennonite-identity-3\/"},"wordCount":580,"publisher":{"@id":"https:\/\/mwc-cmm.org\/en\/#organization"},"image":{"@id":"https:\/\/mwc-cmm.org\/es\/stories\/central-american-youth-explore-aspects-of-their-mennonite-identity-3\/#primaryimage"},"thumbnailUrl":"https:\/\/mwc-cmm.org\/wp-content\/uploads\/2024\/11\/group_photo-edit.jpg","articleSection":["Sin categorizar"],"inLanguage":"es"},{"@type":"WebPage","@id":"https:\/\/mwc-cmm.org\/es\/stories\/central-american-youth-explore-aspects-of-their-mennonite-identity-3\/","url":"https:\/\/mwc-cmm.org\/es\/stories\/central-american-youth-explore-aspects-of-their-mennonite-identity-3\/","name":"J\u00f3venes centroamericanos exploran aspectos de su identidad menonita - Mennonite World Conference","isPartOf":{"@id":"https:\/\/mwc-cmm.org\/en\/#website"},"primaryImageOfPage":{"@id":"https:\/\/mwc-cmm.org\/es\/stories\/central-american-youth-explore-aspects-of-their-mennonite-identity-3\/#primaryimage"},"image":{"@id":"https:\/\/mwc-cmm.org\/es\/stories\/central-american-youth-explore-aspects-of-their-mennonite-identity-3\/#primaryimage"},"thumbnailUrl":"https:\/\/mwc-cmm.org\/wp-content\/uploads\/2024\/11\/group_photo-edit.jpg","datePublished":"2014-08-20T00:00:00+00:00","dateModified":"2024-12-10T17:58:34+00:00","breadcrumb":{"@id":"https:\/\/mwc-cmm.org\/es\/stories\/central-american-youth-explore-aspects-of-their-mennonite-identity-3\/#breadcrumb"},"inLanguage":"es","potentialAction":[{"@type":"ReadAction","target":["https:\/\/mwc-cmm.org\/es\/stories\/central-american-youth-explore-aspects-of-their-mennonite-identity-3\/"]}]},{"@type":"ImageObject","inLanguage":"es","@id":"https:\/\/mwc-cmm.org\/es\/stories\/central-american-youth-explore-aspects-of-their-mennonite-identity-3\/#primaryimage","url":"https:\/\/mwc-cmm.org\/wp-content\/uploads\/2024\/11\/group_photo-edit.jpg","contentUrl":"https:\/\/mwc-cmm.org\/wp-content\/uploads\/2024\/11\/group_photo-edit.jpg","width":800,"height":460},{"@type":"BreadcrumbList","@id":"https:\/\/mwc-cmm.org\/es\/stories\/central-american-youth-explore-aspects-of-their-mennonite-identity-3\/#breadcrumb","itemListElement":[{"@type":"ListItem","position":1,"name":"Home","item":"https:\/\/mwc-cmm.org\/es\/"},{"@type":"ListItem","position":2,"name":"J\u00f3venes centroamericanos exploran aspectos de su identidad menonita"}]},{"@type":"WebSite","@id":"https:\/\/mwc-cmm.org\/en\/#website","url":"https:\/\/mwc-cmm.org\/en\/","name":"Mennonite World Conference","description":"A communion of Anabaptist-related churches","publisher":{"@id":"https:\/\/mwc-cmm.org\/en\/#organization"},"alternateName":"MWC","potentialAction":[{"@type":"SearchAction","target":{"@type":"EntryPoint","urlTemplate":"https:\/\/mwc-cmm.org\/en\/?s={search_term_string}"},"query-input":{"@type":"PropertyValueSpecification","valueRequired":true,"valueName":"search_term_string"}}],"inLanguage":"es"},{"@type":"Organization","@id":"https:\/\/mwc-cmm.org\/en\/#organization","name":"Mennonite World Conference","alternateName":"MWC","url":"https:\/\/mwc-cmm.org\/en\/","logo":{"@type":"ImageObject","inLanguage":"es","@id":"https:\/\/mwc-cmm.org\/en\/#\/schema\/logo\/image\/","url":"https:\/\/mwc-cmm.org\/wp-content\/uploads\/2026\/01\/MWC_Sig_Blue_Horiz_webheader1-logo.svg","contentUrl":"https:\/\/mwc-cmm.org\/wp-content\/uploads\/2026\/01\/MWC_Sig_Blue_Horiz_webheader1-logo.svg","width":786,"height":82,"caption":"Mennonite World Conference"},"image":{"@id":"https:\/\/mwc-cmm.org\/en\/#\/schema\/logo\/image\/"},"sameAs":["https:\/\/www.facebook.com\/MennoniteWorldConference","https:\/\/www.linkedin.com\/company\/mennonite-world-conference-mwc\/","https:\/\/www.instagram.com\/mwcmm\/","https:\/\/www.youtube.com\/user\/mwccmm","https:\/\/bsky.app\/profile\/mwcmm.bsky.social"]},{"@type":"Person","@id":"https:\/\/mwc-cmm.org\/en\/#\/schema\/person\/11f6ae0d7d1868ba20a1cc27f067c836","name":"mennworldcon","image":{"@type":"ImageObject","inLanguage":"es","@id":"https:\/\/secure.gravatar.com\/avatar\/06fdc0dc81c157dfdb82ec42f252178a22307808988d22c043f9eb96f1e0fe80?s=96&d=mm&r=g","url":"https:\/\/secure.gravatar.com\/avatar\/06fdc0dc81c157dfdb82ec42f252178a22307808988d22c043f9eb96f1e0fe80?s=96&d=mm&r=g","contentUrl":"https:\/\/secure.gravatar.com\/avatar\/06fdc0dc81c157dfdb82ec42f252178a22307808988d22c043f9eb96f1e0fe80?s=96&d=mm&r=g","caption":"mennworldcon"},"sameAs":["https:\/\/mwc-cmm.org"],"url":"https:\/\/mwc-cmm.org\/es\/stories\/author\/mennworldcon\/"}]}},"_links":{"self":[{"href":"https:\/\/mwc-cmm.org\/es\/wp-json\/wp\/v2\/posts\/8419","targetHints":{"allow":["GET"]}}],"collection":[{"href":"https:\/\/mwc-cmm.org\/es\/wp-json\/wp\/v2\/posts"}],"about":[{"href":"https:\/\/mwc-cmm.org\/es\/wp-json\/wp\/v2\/types\/post"}],"author":[{"embeddable":true,"href":"https:\/\/mwc-cmm.org\/es\/wp-json\/wp\/v2\/users\/1"}],"replies":[{"embeddable":true,"href":"https:\/\/mwc-cmm.org\/es\/wp-json\/wp\/v2\/comments?post=8419"}],"version-history":[{"count":0,"href":"https:\/\/mwc-cmm.org\/es\/wp-json\/wp\/v2\/posts\/8419\/revisions"}],"wp:featuredmedia":[{"embeddable":true,"href":"https:\/\/mwc-cmm.org\/es\/wp-json\/wp\/v2\/media\/85304"}],"wp:attachment":[{"href":"https:\/\/mwc-cmm.org\/es\/wp-json\/wp\/v2\/media?parent=8419"}],"wp:term":[{"taxonomy":"category","embeddable":true,"href":"https:\/\/mwc-cmm.org\/es\/wp-json\/wp\/v2\/categories?post=8419"},{"taxonomy":"post_tag","embeddable":true,"href":"https:\/\/mwc-cmm.org\/es\/wp-json\/wp\/v2\/tags?post=8419"},{"taxonomy":"network","embeddable":true,"href":"https:\/\/mwc-cmm.org\/es\/wp-json\/wp\/v2\/network?post=8419"},{"taxonomy":"eventcategory","embeddable":true,"href":"https:\/\/mwc-cmm.org\/es\/wp-json\/wp\/v2\/eventcategory?post=8419"}],"curies":[{"name":"wp","href":"https:\/\/api.w.org\/{rel}","templated":true}]}}