{"id":8405,"date":"2016-05-19T00:00:00","date_gmt":"2016-05-19T00:00:00","guid":{"rendered":"https:\/\/mwc-cmm.org\/being-a-peace-church-how-are-we-doing-3\/"},"modified":"2024-12-10T17:58:28","modified_gmt":"2024-12-10T17:58:28","slug":"being-a-peace-church-how-are-we-doing-3","status":"publish","type":"post","link":"https:\/\/mwc-cmm.org\/es\/stories\/being-a-peace-church-how-are-we-doing-3\/","title":{"rendered":"Iglesias de Paz \u00bfc\u00f3mo nos va?"},"content":{"rendered":"<p>Se calcula que hay 9.500 congregaciones en todo el mundo que integran la familia Congreso Mundial Menonita (CMM). Dichas congregaciones se encuentran en todos los continentes y en diversos contextos, lo que significa que existen, potencialmente, miles de comunidades activas de la paz de Cristo \u00e1vidas de reconciliaci\u00f3n. La visi\u00f3n de la Comisi\u00f3n de Paz del CMM consiste en animar, fomentar y brindar recursos a estas organizaciones comunitarias de paz. <\/p>\n<p>Al tener presente esta visi\u00f3n, quisi\u00e9ramos conocernos m\u00e1s como iglesias miembros del CMM. Les formulamos la sencilla pregunta: \u201c\u00bfConsidera que su iglesia cumple con el anhelo de ser una Iglesia de Paz?\u201d  <\/p>\n<p><strong>\u00bfQu\u00e9 pudimos conocer? <\/strong><\/p>\n<p>Las respuestas nos alentaron y conmovieron mucho por su vulnerabilidad y la mirada \u00edntima y profunda de la vida de las iglesias miembros del CMM. Nos pusieron en contacto con sus desaf\u00edos y los compromisos que han asumido las iglesias debido a su deseo de ser embajadoras eficaces de la paz en nuestro mundo quebrantado.  <\/p>\n<p><strong>\u00bfQu\u00e9 pudimos conocer? <\/strong><\/p>\n<p>Todos los encuestados expresaron el profundo deseo de ser \u201cIglesias de Paz\u201d, es decir, comunidades de disc\u00edpulos de Jes\u00fas que promovieran activamente la no violencia en su contexto particular. Esto es alentador y no se debe dar por sentado. <\/p>\n<p>Todos los encuestados se refirieron a las iniciativas importantes y creativas que llevan adelante para fortalecer su identidad como Iglesias de Paz. <\/p>\n<p>La mayor\u00eda de los encuestados destacaron las declaraciones \u201coficiales\u201d importantes que las identificaban como iglesias que compart\u00edan la visi\u00f3n de las Iglesias de Paz. <\/p>\n<p>Todos los encuestados se\u00f1alaron que existe una distancia entre las declaraciones oficiales de la iglesia y la vida de la iglesia y las congregaciones. Nuestras acciones no coinciden con nuestros dichos. <\/p>\n<p>Todos los encuestados plantearon desaf\u00edos importantes y abrumadores que se les presentan al esforzarse por ser Iglesias de Paz, desaf\u00edos enormes que var\u00edan seg\u00fan el contexto. <\/p>\n<p>Todos los encuestados manifestaron que el concepto de paz est\u00e1 cambiando: de la reacci\u00f3n (no le hagas mal a los dem\u00e1s) a la acci\u00f3n (haz el bien a los dem\u00e1s). <\/p>\n<p>Todos los encuestados dijeron que necesitaban m\u00e1s recursos y fondos a fin de fortalecer su identidad como Iglesias de Paz.  <\/p>\n<p><strong>\u00bfCu\u00e1les son los desaf\u00edos? <\/strong><\/p>\n<p>Los aspectos m\u00e1s conmovedores de las respuestas hac\u00edan referencia a los desaf\u00edos en el contexto de ser Iglesias de Paz. (Para leer el informe completo, visite www. http:\/\/ mwc-cmm.org\/node\/100) Es evidente que nuestra visi\u00f3n para los 9.500 embajadores comunitarios de paz que trabajan con eficacia en cada contexto, responde a una gran vocaci\u00f3n. Hay dos cuestiones muy palpables: la vocaci\u00f3n de paz es sumamente importante y necesaria, y seguir dicha vocaci\u00f3n es extraordinariamente complejo. <\/p>\n<p>Por razones de espacio no es posible ahondar en los detalles. Pero, a continuaci\u00f3n daremos un vistazo a los desaf\u00edos que se nos presentan:  <\/p>\n<p><strong>Desde Canad\u00e1: <\/strong>El impacto del materialismo, la riqueza y comodidad individualistas nos vuelve insensibles y nos \u201cprotege\u201d del mundo quebrantado por la pobreza, la revoluci\u00f3n y la violencia.  <\/p>\n<p><strong>Desde Honduras: <\/strong>La influencia constante del machismo en las relaciones sociales y de g\u00e9nero opaca la paz de Cristo.  <\/p>\n<p><strong>Desde Taiw\u00e1n: <\/strong>El ambiente militarizado generado por miles de misiles chinos que apuntan a Taiw\u00e1n dificulta que amemos a nuestros enemigos seg\u00fan el mandato de Cristo.  <\/p>\n<p><strong>Desde Indonesia: <\/strong>Vacilamos al forjar una identidad como Iglesias de Paz porque los pastores de nuestras iglesias se grad\u00faan de seminarios que no les brindan una formaci\u00f3n pacifista.  <\/p>\n<p><strong>Desde Espa\u00f1a: <\/strong>Compartimos unos con otros un \u201cnido de amor\u201d, pero es necesario que hagamos mucho m\u00e1s.  <\/p>\n<p><strong>Una cuesti\u00f3n apremiante <\/strong><\/p>\n<p>Cualquiera de estos desaf\u00edos es tremendo. En su conjunto, se puede observar la magnitud de nuestra vocaci\u00f3n. Al mundo le hace mucha falta la paz, pero es muy complejo llevarla a la pr\u00e1ctica. Quiz\u00e1 la mejor lecci\u00f3n que podamos aprender de las respuestas es que no seremos Iglesias de Paz \u201csin haberlo premeditado\u201d. Si queremos ser Iglesias de Paz, tendremos que bregar por ello, intencionada, abierta y estrat\u00e9gicamente. <\/p>\n<p>Recuerdo cuando visitamos a los l\u00edderes de una congregaci\u00f3n semirural de la regi\u00f3n central de la India. Nos comentaron que sus hijos y nietos ya no sab\u00edan lo que significaba ser \u201cmenonitas\u201d. Esto les entristec\u00eda y preguntaban: \u201c\u00bfQu\u00e9 har\u00e1 el CMM al respecto?\u201d <\/p>\n<p>Esta pregunta proveniente de la India es profunda. Define una identidad teol\u00f3gica preferencial. Tambi\u00e9n afirma que esta identidad debe ir acompa\u00f1ada de conductas por parte de la congregaci\u00f3n y la iglesia que fomenten y fortalezcan intencionadamente dicha identidad.  <\/p>\n<p><strong>\u00bfQu\u00e9 hace el CMM al respecto? <\/strong><\/p>\n<p>El CMM responde de varias maneras: <\/p>\n<p>Primero, seguimos promocionando nuestras Convicciones compartidas, elaboradas por el CMM en 2006. Brindan una base com\u00fan para nuestro deseo de ser Iglesias de Paz anabautistas. Est\u00e1n para que las estudiemos, compartamos e implementemos. <\/p>\n<p>Segundo, el CMM aprob\u00f3 varios libros, informes y ponencias que pueden serles provechosas a las iglesias miembros que se proponen fortalecer su identidad anabautista-menonita. Libros tales como <em>Lo que juntos creemos <\/em>de Alfred Neufeld, <em>Una cultura de paz <\/em>de Paulus Widijaia, Alan y Eleanor Kreider, y <em>De semilla anabautista <\/em>de C. Arnold Snyder, constituyen buen material de estudio sobre la identidad anabautista desde diversos \u00e1ngulos (hist\u00f3rico, teol\u00f3gico, etc.). (Para obtener una lista completa de los libros, visite <a href=\"http:\/\/mwc-cmm.org\/node\/418\">http:\/\/mwc-cmm.org\/node\/418<\/a>) El informe final del di\u00e1logo luterano\/CMM, Sanaci\u00f3n de la memoria: reconciliaci\u00f3n en Cristo, y el informe final del di\u00e1logo cat\u00f3lico\/CMM, Llamados a trabajar juntos por la paz, son documentos muy \u00fatiles que se podr\u00edan adaptar al ministerio educativo de la iglesia. Adem\u00e1s, las tres ponencias que discuti\u00f3 y aprob\u00f3 recientemente el Comit\u00e9 Ejecutivo del CMM, constituyen otros recursos \u00fatiles e instructivos que han sido elaborados por el CMM. (Para leer las ponencias, visite <a href=\"http:\/\/www.mwc-cmm.org\/\">www.mwc-cmm.org\/<\/a> node\/224) <\/p>\n<p>Tercero, la Comisi\u00f3n de Fe y Vida del CMM tiene previsto ofrecer \u201ctalleres sobre la identidad\u201d a las iglesias que los soliciten. La Comisi\u00f3n espera que estos seminarios sean encuentros cara a cara, din\u00e1micos e inspiradores, que examinen temas vinculados a la identidad anabautista junto con especialistas id\u00f3neos. <\/p>\n<p>Cuarto, el CMM proyecta establecer representantes regionales en cada continente. Estas personas pueden incentivar que las iglesias miembros de la regi\u00f3n juntas aborden cuestiones y desaf\u00edos vinculados a la paz. <\/p>\n<p>Quinto, el CMM tiene como objetivo elaborar y difundir materiales que sean utilizados en las escuelas afines a nuestras iglesias. Este deseo surgi\u00f3 de dos consultas promovidas por el CMM y realizadas por educadores menonitas en las reuniones de Paraguay 2009 y Suiza 2012, durante las cuales surgi\u00f3 la necesidad de producir algunos materiales b\u00e1sicos y comunes para las escuelas, y as\u00ed aportar a la construcci\u00f3n de la identidad. <\/p>\n<p>Sexto, la Comisi\u00f3n de Paz del CMM dise\u00f1\u00f3 un atractivo \u201cAfiche de la paz\u201d que servir\u00e1 como un \u00fatil recordatorio sobre la centralidad de la paz en el evangelio de Cristo. (Se incluir\u00e1 el afiche en la p\u00e1gina central de esta edici\u00f3n de la revista.) Esperamos que este recurso visual tenga un lugar destacado en los espacios de culto de las congregaciones del CMM. Adem\u00e1s, la Comisi\u00f3n de Paz est\u00e1 abocada a la elaboraci\u00f3n de algunas pautas para evaluar y administrar conflictos. <\/p>\n<p>Finalmente, y quiz\u00e1 como elemento de mayor importancia, el CMM brinda una oportunidad y una estructura real que permiten que las iglesias miembros de todo el mundo manifiesten: \u201cNos pertenecemos\u201d. Seguramente alguien preguntar\u00e1: \u201c\u00bfA qu\u00e9 pertenecen? \u00bfPor qu\u00e9 pertenecen? \u00bfPor qu\u00e9 es importante pertenecer?\u201d Estas preguntas presentan excelentes oportunidades para aclarar nuestra identidad y vocaci\u00f3n como Iglesias de Paz.  <\/p>\n<p><em>Robert J. Suderman es Secretario de la Comisi\u00f3n de Paz del CMM<\/em><\/p>\n<p><u>Afiche de Paz<\/u><\/p>\n<p><a href=\"http:\/\/www.mwc-cmm.org\/sites\/default\/files\/website_files\/peace_poster_11x17_v7.pdf\">Haga clic aqu\u00ed para ver este afiche<\/a>. Este afiche, elaborado por la Comisi\u00f3n de Paz del CMM y dise\u00f1ado por Glenn Fretz, tiene por fin recordarles a las iglesias miembros del CMM la centralidad de la paz en el evangelio de Cristo.<\/p>\n<p><u>Sidebar<\/u><\/p>\n<p><strong>\u00bfQui\u00e9nes respondieron la Encuesta sobre la paz?<\/strong><\/p>\n<p>La Comisi\u00f3n de Paz del CMM formul\u00f3 la pregunta: \u201c\u00bfConsidera que su iglesia cumple con el anhelo de ser una Iglesia de Paz?\u201d. Respondieron 21 iglesias miembros (de cien), de cuatro continentes.<\/p>\n<p>Participaron las siguientes iglesias:<\/p>\n<div><strong>Asia y el Pac\u00edfico<\/strong><\/div>\n<div>1. Brethren in Christ Church Orissa, India<\/div>\n<div>2. Bihar Mennonite Mandli, India<\/div>\n<div>3. Gilgal Mission Trust, India<\/div>\n<div>4. Fellowship of Mennonite Churches in Taiwan<\/div>\n<div>5. Persatuan Gereja-Gereja Kristen MuriaIndonesia<\/div>\n<div>6. Gereja Injili di Tanah Jawa (oral), Indonesia<\/div>\n<div> <\/div>\n<div><strong>Am\u00e9rica Latina y el Caribe<\/strong><\/div>\n<div>1. Hermandad en Cristo, Colombia<\/div>\n<div>2. Convenci\u00f3n Iglesias Evang\u00e9licas Hermanos Menonitas Nivacle, Paraguay<\/div>\n<div>3. Iglesia Evang\u00e9lica Menonita de El Salvador<\/div>\n<div>4. Iglesia Evang\u00e9lica Menonita Hondure\u00f1a, Honduras<\/div>\n<div>5. Konferenz der Mennonitengemeinden in Uruguay<\/div>\n<div>6. The Mennonite Church of Trinidad and Tobago<\/div>\n<div> <\/div>\n<div><strong>Europa<\/strong><\/div>\n<div>1. British Conference of Mennonites, United Kingdom<\/div>\n<div>2. Arbeitsgemeinschaft Mennonitischer<\/div>\n<div>Gemeinden in Deutschland, Germany<\/div>\n<div>3. Asociaci\u00f3n de Menonitas y Hermanos en Cristo en Espa\u00f1a, Spain<\/div>\n<div> <\/div>\n<div><strong>Am\u00e9rica del Norte<\/strong><\/div>\n<div>1. Evangelical Mennonite Conference, Canada<\/div>\n<div>2. Mennonite Church Canada<\/div>\n<div>3. Conservative Mennonite Conference, USA<\/div>\n<div>4. Mennonite Church USA<\/div>\n<div>5. U.S. Conference of Mennonite Brethren Churches<\/div>\n<div>6. Brethren in Christ General Conference, North America<\/div>\n<div> <\/div>\n<div><strong>\u221a\u00c5frica<\/strong><\/div>\n<div>Lamentablemente, no recibimos ninguna respuesta<\/div>\n","protected":false},"excerpt":{"rendered":"<p>NULL<\/p>\n","protected":false},"author":1,"featured_media":85108,"comment_status":"closed","ping_status":"closed","sticky":false,"template":"","format":"standard","meta":{"_acf_changed":false,"footnotes":""},"categories":[6],"tags":[],"network":[1253],"eventcategory":[],"class_list":["post-8405","post","type-post","status-publish","format-standard","has-post-thumbnail","hentry","category-sin-categorizar","network-peace-commission-es"],"acf":[],"yoast_head":"<!-- This site is optimized with the Yoast SEO plugin v27.5 - https:\/\/yoast.com\/product\/yoast-seo-wordpress\/ -->\n<title>Iglesias de Paz \u00bfc\u00f3mo nos va? - Mennonite World Conference<\/title>\n<meta name=\"robots\" content=\"index, follow, max-snippet:-1, max-image-preview:large, max-video-preview:-1\" \/>\n<link rel=\"canonical\" href=\"https:\/\/mwc-cmm.org\/en\/stories\/being-a-peace-church-how-are-we-doing\/\" \/>\n<meta property=\"og:locale\" content=\"es_ES\" \/>\n<meta property=\"og:type\" content=\"article\" \/>\n<meta property=\"og:title\" content=\"Iglesias de Paz \u00bfc\u00f3mo nos va? - Mennonite World Conference\" \/>\n<meta property=\"og:description\" content=\"NULL\" \/>\n<meta property=\"og:url\" content=\"https:\/\/mwc-cmm.org\/en\/stories\/being-a-peace-church-how-are-we-doing\/\" \/>\n<meta property=\"og:site_name\" content=\"Mennonite World Conference\" \/>\n<meta property=\"article:publisher\" content=\"https:\/\/www.facebook.com\/MennoniteWorldConference\" \/>\n<meta property=\"article:published_time\" content=\"2016-05-19T00:00:00+00:00\" \/>\n<meta property=\"article:modified_time\" content=\"2024-12-10T17:58:28+00:00\" \/>\n<meta property=\"og:image\" content=\"https:\/\/mwc-cmm.org\/wp-content\/uploads\/2024\/11\/features-2013_april-peace_audit.jpg\" \/>\n\t<meta property=\"og:image:width\" content=\"1200\" \/>\n\t<meta property=\"og:image:height\" content=\"748\" \/>\n\t<meta property=\"og:image:type\" content=\"image\/jpeg\" \/>\n<meta name=\"author\" content=\"mennworldcon\" \/>\n<script type=\"application\/ld+json\" class=\"yoast-schema-graph\">{\"@context\":\"https:\\\/\\\/schema.org\",\"@graph\":[{\"@type\":\"Article\",\"@id\":\"https:\\\/\\\/mwc-cmm.org\\\/en\\\/stories\\\/being-a-peace-church-how-are-we-doing\\\/#article\",\"isPartOf\":{\"@id\":\"https:\\\/\\\/mwc-cmm.org\\\/en\\\/stories\\\/being-a-peace-church-how-are-we-doing\\\/\"},\"author\":{\"name\":\"mennworldcon\",\"@id\":\"https:\\\/\\\/mwc-cmm.org\\\/en\\\/#\\\/schema\\\/person\\\/11f6ae0d7d1868ba20a1cc27f067c836\"},\"headline\":\"Iglesias de Paz \u00bfc\u00f3mo nos va?\",\"datePublished\":\"2016-05-19T00:00:00+00:00\",\"dateModified\":\"2024-12-10T17:58:28+00:00\",\"mainEntityOfPage\":{\"@id\":\"https:\\\/\\\/mwc-cmm.org\\\/en\\\/stories\\\/being-a-peace-church-how-are-we-doing\\\/\"},\"wordCount\":1556,\"publisher\":{\"@id\":\"https:\\\/\\\/mwc-cmm.org\\\/en\\\/#organization\"},\"image\":{\"@id\":\"https:\\\/\\\/mwc-cmm.org\\\/en\\\/stories\\\/being-a-peace-church-how-are-we-doing\\\/#primaryimage\"},\"thumbnailUrl\":\"https:\\\/\\\/mwc-cmm.org\\\/wp-content\\\/uploads\\\/2024\\\/11\\\/features-2013_april-peace_audit.jpg\",\"articleSection\":[\"Sin categorizar\"],\"inLanguage\":\"es\"},{\"@type\":\"WebPage\",\"@id\":\"https:\\\/\\\/mwc-cmm.org\\\/en\\\/stories\\\/being-a-peace-church-how-are-we-doing\\\/\",\"url\":\"https:\\\/\\\/mwc-cmm.org\\\/en\\\/stories\\\/being-a-peace-church-how-are-we-doing\\\/\",\"name\":\"Iglesias de Paz \u00bfc\u00f3mo nos va? - Mennonite World Conference\",\"isPartOf\":{\"@id\":\"https:\\\/\\\/mwc-cmm.org\\\/en\\\/#website\"},\"primaryImageOfPage\":{\"@id\":\"https:\\\/\\\/mwc-cmm.org\\\/en\\\/stories\\\/being-a-peace-church-how-are-we-doing\\\/#primaryimage\"},\"image\":{\"@id\":\"https:\\\/\\\/mwc-cmm.org\\\/en\\\/stories\\\/being-a-peace-church-how-are-we-doing\\\/#primaryimage\"},\"thumbnailUrl\":\"https:\\\/\\\/mwc-cmm.org\\\/wp-content\\\/uploads\\\/2024\\\/11\\\/features-2013_april-peace_audit.jpg\",\"datePublished\":\"2016-05-19T00:00:00+00:00\",\"dateModified\":\"2024-12-10T17:58:28+00:00\",\"breadcrumb\":{\"@id\":\"https:\\\/\\\/mwc-cmm.org\\\/en\\\/stories\\\/being-a-peace-church-how-are-we-doing\\\/#breadcrumb\"},\"inLanguage\":\"es\",\"potentialAction\":[{\"@type\":\"ReadAction\",\"target\":[\"https:\\\/\\\/mwc-cmm.org\\\/en\\\/stories\\\/being-a-peace-church-how-are-we-doing\\\/\"]}]},{\"@type\":\"ImageObject\",\"inLanguage\":\"es\",\"@id\":\"https:\\\/\\\/mwc-cmm.org\\\/en\\\/stories\\\/being-a-peace-church-how-are-we-doing\\\/#primaryimage\",\"url\":\"https:\\\/\\\/mwc-cmm.org\\\/wp-content\\\/uploads\\\/2024\\\/11\\\/features-2013_april-peace_audit.jpg\",\"contentUrl\":\"https:\\\/\\\/mwc-cmm.org\\\/wp-content\\\/uploads\\\/2024\\\/11\\\/features-2013_april-peace_audit.jpg\",\"width\":1200,\"height\":748},{\"@type\":\"BreadcrumbList\",\"@id\":\"https:\\\/\\\/mwc-cmm.org\\\/en\\\/stories\\\/being-a-peace-church-how-are-we-doing\\\/#breadcrumb\",\"itemListElement\":[{\"@type\":\"ListItem\",\"position\":1,\"name\":\"Home\",\"item\":\"https:\\\/\\\/mwc-cmm.org\\\/es\\\/\"},{\"@type\":\"ListItem\",\"position\":2,\"name\":\"Iglesias de Paz \u00bfc\u00f3mo nos va?\"}]},{\"@type\":\"WebSite\",\"@id\":\"https:\\\/\\\/mwc-cmm.org\\\/en\\\/#website\",\"url\":\"https:\\\/\\\/mwc-cmm.org\\\/en\\\/\",\"name\":\"Mennonite World Conference\",\"description\":\"A communion of Anabaptist-related churches\",\"publisher\":{\"@id\":\"https:\\\/\\\/mwc-cmm.org\\\/en\\\/#organization\"},\"alternateName\":\"MWC\",\"potentialAction\":[{\"@type\":\"SearchAction\",\"target\":{\"@type\":\"EntryPoint\",\"urlTemplate\":\"https:\\\/\\\/mwc-cmm.org\\\/en\\\/?s={search_term_string}\"},\"query-input\":{\"@type\":\"PropertyValueSpecification\",\"valueRequired\":true,\"valueName\":\"search_term_string\"}}],\"inLanguage\":\"es\"},{\"@type\":\"Organization\",\"@id\":\"https:\\\/\\\/mwc-cmm.org\\\/en\\\/#organization\",\"name\":\"Mennonite World Conference\",\"alternateName\":\"MWC\",\"url\":\"https:\\\/\\\/mwc-cmm.org\\\/en\\\/\",\"logo\":{\"@type\":\"ImageObject\",\"inLanguage\":\"es\",\"@id\":\"https:\\\/\\\/mwc-cmm.org\\\/en\\\/#\\\/schema\\\/logo\\\/image\\\/\",\"url\":\"https:\\\/\\\/mwc-cmm.org\\\/wp-content\\\/uploads\\\/2026\\\/01\\\/MWC_Sig_Blue_Horiz_webheader1-logo.svg\",\"contentUrl\":\"https:\\\/\\\/mwc-cmm.org\\\/wp-content\\\/uploads\\\/2026\\\/01\\\/MWC_Sig_Blue_Horiz_webheader1-logo.svg\",\"width\":786,\"height\":82,\"caption\":\"Mennonite World Conference\"},\"image\":{\"@id\":\"https:\\\/\\\/mwc-cmm.org\\\/en\\\/#\\\/schema\\\/logo\\\/image\\\/\"},\"sameAs\":[\"https:\\\/\\\/www.facebook.com\\\/MennoniteWorldConference\",\"https:\\\/\\\/www.linkedin.com\\\/company\\\/mennonite-world-conference-mwc\\\/\",\"https:\\\/\\\/www.instagram.com\\\/mwcmm\\\/\",\"https:\\\/\\\/www.youtube.com\\\/user\\\/mwccmm\",\"https:\\\/\\\/bsky.app\\\/profile\\\/mwcmm.bsky.social\"]},{\"@type\":\"Person\",\"@id\":\"https:\\\/\\\/mwc-cmm.org\\\/en\\\/#\\\/schema\\\/person\\\/11f6ae0d7d1868ba20a1cc27f067c836\",\"name\":\"mennworldcon\",\"image\":{\"@type\":\"ImageObject\",\"inLanguage\":\"es\",\"@id\":\"https:\\\/\\\/secure.gravatar.com\\\/avatar\\\/06fdc0dc81c157dfdb82ec42f252178a22307808988d22c043f9eb96f1e0fe80?s=96&d=mm&r=g\",\"url\":\"https:\\\/\\\/secure.gravatar.com\\\/avatar\\\/06fdc0dc81c157dfdb82ec42f252178a22307808988d22c043f9eb96f1e0fe80?s=96&d=mm&r=g\",\"contentUrl\":\"https:\\\/\\\/secure.gravatar.com\\\/avatar\\\/06fdc0dc81c157dfdb82ec42f252178a22307808988d22c043f9eb96f1e0fe80?s=96&d=mm&r=g\",\"caption\":\"mennworldcon\"},\"sameAs\":[\"https:\\\/\\\/mwc-cmm.org\"],\"url\":\"https:\\\/\\\/mwc-cmm.org\\\/es\\\/stories\\\/author\\\/mennworldcon\\\/\"}]}<\/script>\n<!-- \/ Yoast SEO plugin. -->","yoast_head_json":{"title":"Iglesias de Paz \u00bfc\u00f3mo nos va? - Mennonite World Conference","robots":{"index":"index","follow":"follow","max-snippet":"max-snippet:-1","max-image-preview":"max-image-preview:large","max-video-preview":"max-video-preview:-1"},"canonical":"https:\/\/mwc-cmm.org\/en\/stories\/being-a-peace-church-how-are-we-doing\/","og_locale":"es_ES","og_type":"article","og_title":"Iglesias de Paz \u00bfc\u00f3mo nos va? - Mennonite World Conference","og_description":"NULL","og_url":"https:\/\/mwc-cmm.org\/en\/stories\/being-a-peace-church-how-are-we-doing\/","og_site_name":"Mennonite World Conference","article_publisher":"https:\/\/www.facebook.com\/MennoniteWorldConference","article_published_time":"2016-05-19T00:00:00+00:00","article_modified_time":"2024-12-10T17:58:28+00:00","og_image":[{"width":1200,"height":748,"url":"https:\/\/mwc-cmm.org\/wp-content\/uploads\/2024\/11\/features-2013_april-peace_audit.jpg","type":"image\/jpeg"}],"author":"mennworldcon","schema":{"@context":"https:\/\/schema.org","@graph":[{"@type":"Article","@id":"https:\/\/mwc-cmm.org\/en\/stories\/being-a-peace-church-how-are-we-doing\/#article","isPartOf":{"@id":"https:\/\/mwc-cmm.org\/en\/stories\/being-a-peace-church-how-are-we-doing\/"},"author":{"name":"mennworldcon","@id":"https:\/\/mwc-cmm.org\/en\/#\/schema\/person\/11f6ae0d7d1868ba20a1cc27f067c836"},"headline":"Iglesias de Paz \u00bfc\u00f3mo nos va?","datePublished":"2016-05-19T00:00:00+00:00","dateModified":"2024-12-10T17:58:28+00:00","mainEntityOfPage":{"@id":"https:\/\/mwc-cmm.org\/en\/stories\/being-a-peace-church-how-are-we-doing\/"},"wordCount":1556,"publisher":{"@id":"https:\/\/mwc-cmm.org\/en\/#organization"},"image":{"@id":"https:\/\/mwc-cmm.org\/en\/stories\/being-a-peace-church-how-are-we-doing\/#primaryimage"},"thumbnailUrl":"https:\/\/mwc-cmm.org\/wp-content\/uploads\/2024\/11\/features-2013_april-peace_audit.jpg","articleSection":["Sin categorizar"],"inLanguage":"es"},{"@type":"WebPage","@id":"https:\/\/mwc-cmm.org\/en\/stories\/being-a-peace-church-how-are-we-doing\/","url":"https:\/\/mwc-cmm.org\/en\/stories\/being-a-peace-church-how-are-we-doing\/","name":"Iglesias de Paz \u00bfc\u00f3mo nos va? - Mennonite World Conference","isPartOf":{"@id":"https:\/\/mwc-cmm.org\/en\/#website"},"primaryImageOfPage":{"@id":"https:\/\/mwc-cmm.org\/en\/stories\/being-a-peace-church-how-are-we-doing\/#primaryimage"},"image":{"@id":"https:\/\/mwc-cmm.org\/en\/stories\/being-a-peace-church-how-are-we-doing\/#primaryimage"},"thumbnailUrl":"https:\/\/mwc-cmm.org\/wp-content\/uploads\/2024\/11\/features-2013_april-peace_audit.jpg","datePublished":"2016-05-19T00:00:00+00:00","dateModified":"2024-12-10T17:58:28+00:00","breadcrumb":{"@id":"https:\/\/mwc-cmm.org\/en\/stories\/being-a-peace-church-how-are-we-doing\/#breadcrumb"},"inLanguage":"es","potentialAction":[{"@type":"ReadAction","target":["https:\/\/mwc-cmm.org\/en\/stories\/being-a-peace-church-how-are-we-doing\/"]}]},{"@type":"ImageObject","inLanguage":"es","@id":"https:\/\/mwc-cmm.org\/en\/stories\/being-a-peace-church-how-are-we-doing\/#primaryimage","url":"https:\/\/mwc-cmm.org\/wp-content\/uploads\/2024\/11\/features-2013_april-peace_audit.jpg","contentUrl":"https:\/\/mwc-cmm.org\/wp-content\/uploads\/2024\/11\/features-2013_april-peace_audit.jpg","width":1200,"height":748},{"@type":"BreadcrumbList","@id":"https:\/\/mwc-cmm.org\/en\/stories\/being-a-peace-church-how-are-we-doing\/#breadcrumb","itemListElement":[{"@type":"ListItem","position":1,"name":"Home","item":"https:\/\/mwc-cmm.org\/es\/"},{"@type":"ListItem","position":2,"name":"Iglesias de Paz \u00bfc\u00f3mo nos va?"}]},{"@type":"WebSite","@id":"https:\/\/mwc-cmm.org\/en\/#website","url":"https:\/\/mwc-cmm.org\/en\/","name":"Mennonite World Conference","description":"A communion of Anabaptist-related churches","publisher":{"@id":"https:\/\/mwc-cmm.org\/en\/#organization"},"alternateName":"MWC","potentialAction":[{"@type":"SearchAction","target":{"@type":"EntryPoint","urlTemplate":"https:\/\/mwc-cmm.org\/en\/?s={search_term_string}"},"query-input":{"@type":"PropertyValueSpecification","valueRequired":true,"valueName":"search_term_string"}}],"inLanguage":"es"},{"@type":"Organization","@id":"https:\/\/mwc-cmm.org\/en\/#organization","name":"Mennonite World Conference","alternateName":"MWC","url":"https:\/\/mwc-cmm.org\/en\/","logo":{"@type":"ImageObject","inLanguage":"es","@id":"https:\/\/mwc-cmm.org\/en\/#\/schema\/logo\/image\/","url":"https:\/\/mwc-cmm.org\/wp-content\/uploads\/2026\/01\/MWC_Sig_Blue_Horiz_webheader1-logo.svg","contentUrl":"https:\/\/mwc-cmm.org\/wp-content\/uploads\/2026\/01\/MWC_Sig_Blue_Horiz_webheader1-logo.svg","width":786,"height":82,"caption":"Mennonite World Conference"},"image":{"@id":"https:\/\/mwc-cmm.org\/en\/#\/schema\/logo\/image\/"},"sameAs":["https:\/\/www.facebook.com\/MennoniteWorldConference","https:\/\/www.linkedin.com\/company\/mennonite-world-conference-mwc\/","https:\/\/www.instagram.com\/mwcmm\/","https:\/\/www.youtube.com\/user\/mwccmm","https:\/\/bsky.app\/profile\/mwcmm.bsky.social"]},{"@type":"Person","@id":"https:\/\/mwc-cmm.org\/en\/#\/schema\/person\/11f6ae0d7d1868ba20a1cc27f067c836","name":"mennworldcon","image":{"@type":"ImageObject","inLanguage":"es","@id":"https:\/\/secure.gravatar.com\/avatar\/06fdc0dc81c157dfdb82ec42f252178a22307808988d22c043f9eb96f1e0fe80?s=96&d=mm&r=g","url":"https:\/\/secure.gravatar.com\/avatar\/06fdc0dc81c157dfdb82ec42f252178a22307808988d22c043f9eb96f1e0fe80?s=96&d=mm&r=g","contentUrl":"https:\/\/secure.gravatar.com\/avatar\/06fdc0dc81c157dfdb82ec42f252178a22307808988d22c043f9eb96f1e0fe80?s=96&d=mm&r=g","caption":"mennworldcon"},"sameAs":["https:\/\/mwc-cmm.org"],"url":"https:\/\/mwc-cmm.org\/es\/stories\/author\/mennworldcon\/"}]}},"_links":{"self":[{"href":"https:\/\/mwc-cmm.org\/es\/wp-json\/wp\/v2\/posts\/8405","targetHints":{"allow":["GET"]}}],"collection":[{"href":"https:\/\/mwc-cmm.org\/es\/wp-json\/wp\/v2\/posts"}],"about":[{"href":"https:\/\/mwc-cmm.org\/es\/wp-json\/wp\/v2\/types\/post"}],"author":[{"embeddable":true,"href":"https:\/\/mwc-cmm.org\/es\/wp-json\/wp\/v2\/users\/1"}],"replies":[{"embeddable":true,"href":"https:\/\/mwc-cmm.org\/es\/wp-json\/wp\/v2\/comments?post=8405"}],"version-history":[{"count":0,"href":"https:\/\/mwc-cmm.org\/es\/wp-json\/wp\/v2\/posts\/8405\/revisions"}],"wp:featuredmedia":[{"embeddable":true,"href":"https:\/\/mwc-cmm.org\/es\/wp-json\/wp\/v2\/media\/85108"}],"wp:attachment":[{"href":"https:\/\/mwc-cmm.org\/es\/wp-json\/wp\/v2\/media?parent=8405"}],"wp:term":[{"taxonomy":"category","embeddable":true,"href":"https:\/\/mwc-cmm.org\/es\/wp-json\/wp\/v2\/categories?post=8405"},{"taxonomy":"post_tag","embeddable":true,"href":"https:\/\/mwc-cmm.org\/es\/wp-json\/wp\/v2\/tags?post=8405"},{"taxonomy":"network","embeddable":true,"href":"https:\/\/mwc-cmm.org\/es\/wp-json\/wp\/v2\/network?post=8405"},{"taxonomy":"eventcategory","embeddable":true,"href":"https:\/\/mwc-cmm.org\/es\/wp-json\/wp\/v2\/eventcategory?post=8405"}],"curies":[{"name":"wp","href":"https:\/\/api.w.org\/{rel}","templated":true}]}}