{"id":8400,"date":"2013-02-19T00:00:00","date_gmt":"2013-02-19T00:00:00","guid":{"rendered":"https:\/\/mwc-cmm.org\/latin-american-women-theologians-examine-violence-facing-women-3\/"},"modified":"2024-12-10T17:58:25","modified_gmt":"2024-12-10T17:58:25","slug":"teologas-anabautistas-de-am%c2%8erica-latina-examinan-la-violencia-que-enfrentan-las-mujeres","status":"publish","type":"post","link":"https:\/\/mwc-cmm.org\/es\/stories\/teologas-anabautistas-de-am%c2%8erica-latina-examinan-la-violencia-que-enfrentan-las-mujeres\/","title":{"rendered":"Te\u00f3logas anabautistas de Am\u00e9rica Latina examinan la violencia que enfrentan las mujeres"},"content":{"rendered":"<p>La Angostura, Chile \u2013 En el marco del XV Congreso Menonita del Cono Sur llevado a cabo en La Angostura, Chile, del 23 al 27 de enero, con la presencia de hermanas y hermanos de Brasil, Paraguay, Uruguay, Bolivia y Argentina (m\u00e1s algunas visitas de Canad\u00e1, EEUU, Colombia, Costa Rica y M\u00e9xico), tuvo lugar el quinto encuentro en el Cono Sur del Movimiento de Mujeres Te\u00f3logas Anabautistas de Am\u00e9rica Latina.<\/p>\n<p>Este espacio, que cont\u00f3 con la participaci\u00f3n de aproximadamente 45 mujeres de diferentes regiones, comenz\u00f3 el d\u00eda 23 en horas de la tarde con la realizaci\u00f3n del primer taller que ten\u00eda como t\u00edtulo \u201cRealidad de las mujeres desde el caminar de Jes\u00fas\u201d. Luego de la bienvenida y correspondiente presentaci\u00f3n de cada hermana, M\u00f3nica Parada de la Iglesia Anabautista \u201cPuerta del Reba\u00f1o\u201d de Concepci\u00f3n, Chile, nos introdujo en una din\u00e1mica utilizando objetos simb\u00f3licos como la tierra, semillas, paloma, vela y agua, con la consigna de que cada mujer pasara a sembrar sus sue\u00f1os.<\/p>\n<p>Expuso tambi\u00e9n sobre la\/s realidad\/es que enfrentan las mujeres y nos dej\u00f3 reflexionando y trabajando en grupo sobre uno de los grandes flagelos de la  humanidad: la violencia, que puede ser \u00e9tnica, ciudadana, por maltrato, abuso infantil, violencia de g\u00e9nero, f\u00edsica y simb\u00f3lica. Esta \u00faltima se produce porque est\u00e1 naturalizada, es sostenida y es casi invisible; busca el sometimiento y est\u00e1 presente en todas las relaciones. La violencia simb\u00f3lica, es violencia por cohesi\u00f3n, intimidaci\u00f3n, imposici\u00f3n de la voluntad de unos sobre otros aunque el deseo que la impulsa parezca ser \u201cbueno\u201d; es el uso expansivo del espacio f\u00edsico, control del dinero, falta de valoraci\u00f3n, maniobras de desautorizaci\u00f3n, terrorismo y paternalismo, etc.<\/p>\n<p>El festejo de nuestros primeros 10 a\u00f1os lleg\u00f3 el d\u00eda 24 con el segundo taller y la participaci\u00f3n de toda la asamblea. Cantamos e hicimos memoria, de la mano de Gladys Siemens, de c\u00f3mo naci\u00f3 la iniciativa de este movimiento de M.T.A.L. Compartimos los objetivos del movimiento  y las actividades que venimos realizando, como el  \u201cD\u00eda Mundial de Oraci\u00f3n por las mujeres de Am\u00e9rica Latina\u201d, el libro \u201cEl Mensaje Liberador de Jes\u00fas para las mujeres hoy\u201d, el Blog: <a href=\"http:\/\/teologasanabautistas.blogspot.com\/\"><strong>http:\/\/teologasanabautistas.blogspot.com<\/strong><\/a>, y recientemente el Facebook.<\/p>\n<p>Se reconoci\u00f3 la labor de acompa\u00f1amiento y \u00e1nimo que la hermana Sandra Campos (Costa Rica) nos fue brindando en este camino, y a Linda Shelly (EE.UU) por el sost\u00e9n, ayuda y asesoramiento durante estos 10 a\u00f1os.<\/p>\n<p>Contamos con el testimonio y presentaci\u00f3n de dos mujeres cuyos trabajos en sus comunidades son muy edificantes y nos animan a seguir andando. Valeria Alvarenga (Brasil) pastorea una Iglesia Menonita, teniendo un fuerte ministerio con mujeres de una favela, algunas con esposos que est\u00e1n en la c\u00e1rcel. Aurora Rinaldi de la Iglesia Menonita de Trenque Lauquen (Argentina) hace un a\u00f1o fue nombrada por su comunidad como pastora, despu\u00e9s de estar caminando y construyendo una comunidad de iguales.<\/p>\n<p>Para darle un cierre a tan fruct\u00edfero encuentro, realic\u00e9 la din\u00e1mica del ovillo de lana. Esta actividad consist\u00eda en sostener la lana, decir unas palabras de bendici\u00f3n, apoyo y buenos deseos para este Movimiento, y pasar el ovillo a otras\/os, formando as\u00ed una gran red. Con esto se quiso simbolizar que para crecer y seguir construyendo como mujeres de Paz, en esta red que M.T.A.L. ha creado, se necesita del apoyo y sost\u00e9n de todas y todos en unidad en Cristo, parafraseando nuestro texto lema de G\u00e1latas: 3:28: \u201c<em>Ya no hay jud\u00edo ni griego; no hay esclavo ni libre; no hay var\u00f3n ni mujer; porque todos vosotros sois uno en Cristo Jes\u00fas<\/em>.\u201d<\/p>\n<p>Terminamos cantando \u201cSomos uno en el Se\u00f1or\u201d, y se los invit\u00f3 a los participantes a firmar y a escribir los buenos deseos en un gran cartel que va a recorrer los diferentes encuentros a realizarse en Guatemala, M\u00e9xico y Colombia.<\/p>\n<p>La tercer y \u00faltima reuni\u00f3n se realiz\u00f3 el d\u00eda s\u00e1bado 26. Comenzamos con canciones muy significativas que nos llev\u00f3 a reflexionar, y Noem\u00ed Dulci de la Iglesia Menonita de Salto (Argentina) nos refiri\u00f3 una reflexi\u00f3n.<\/p>\n<p>M\u00f3nica Parada nos gui\u00f3 a trav\u00e9s de las diferentes l\u00edneas de pensamientos que han sucedido en la historia respecto a la mujer y que dan cuenta, a trav\u00e9s de la cultura, pol\u00edtica, la vida familiar, religiosa, etc., de imposiciones de las que no hemos sido cr\u00edticas y comportamientos que hoy est\u00e1n naturalizados en nosotras. Como actividad para esta reflexi\u00f3n, present\u00f3 sobre una manta algunos objetos ( tres velas en forma de flores que simbolizaban: Padre, Hijo y Esp\u00edritu Santo, un portarretrato que representaba la familia, una ra\u00edz daba cuenta de la cultura, la Biblia como las ense\u00f1anzas religiosas, y un plato con piedritas) y nos invit\u00f3 a cada mujer a tomar algunas piedras y colocarlas en el s\u00edmbolo que crey\u00e9ramos que m\u00e1s afect\u00f3 en nuestro pleno desarrollo como mujeres aut\u00f3nomas, despojadas de las imposiciones y ataduras que no nos permiten vivir libremente el  caminar con Jes\u00fas.<\/p>\n<p>Se termin\u00f3 orando por  todas y reconociendo mediante unos regalitos a las hermanas Chilenas que con tanto amor nos recibieron y atendieron.<\/p>\n<p>A grandes rasgos he tratado de contar lo que se vivi\u00f3 y aprendimos en este encuentro, que para muchas de nosotras pudo haber sido revelador, para otras liberador, y quiz\u00e1s para algunas las sorprendi\u00f3 o asust\u00f3. Confiamos que la semilla que fue dada, el Esp\u00edritu Santo la haga germinar.<\/p>\n<p>Damos gracias a todas las hermanas que hicieron posible este encuentro y que bendijeron con su presencia.<\/p>\n<p>Su hermana en Cristo,<\/p>\n<p><em>Ester Bornes, Coordinadora del Blog y del M.T.A.L. del Cono Sur) <a href=\"http:\/\/teologasanabautistas.blogspot.ca\">http:\/\/teologasanabautistas.blogspot.ca<\/a><\/em><\/p>\n","protected":false},"excerpt":{"rendered":"<p>NULL<\/p>\n","protected":false},"author":1,"featured_media":85038,"comment_status":"closed","ping_status":"closed","sticky":false,"template":"","format":"standard","meta":{"_acf_changed":false,"footnotes":""},"categories":[6],"tags":[511],"network":[],"eventcategory":[],"class_list":["post-8400","post","type-post","status-publish","format-standard","has-post-thumbnail","hentry","category-sin-categorizar","tag-latin-america"],"acf":[],"yoast_head":"<!-- This site is optimized with the Yoast SEO plugin v27.5 - https:\/\/yoast.com\/product\/yoast-seo-wordpress\/ -->\n<title>Te\u00f3logas anabautistas de Am\u00e9rica Latina examinan la violencia que enfrentan las mujeres - Mennonite World Conference<\/title>\n<meta name=\"robots\" content=\"index, follow, max-snippet:-1, max-image-preview:large, max-video-preview:-1\" \/>\n<link rel=\"canonical\" href=\"https:\/\/mwc-cmm.org\/en\/stories\/latin-american-women-theologians-examine-violence-facing-women\/\" \/>\n<meta property=\"og:locale\" content=\"es_ES\" \/>\n<meta property=\"og:type\" content=\"article\" \/>\n<meta property=\"og:title\" content=\"Te\u00f3logas anabautistas de Am\u00e9rica Latina examinan la violencia que enfrentan las mujeres - Mennonite World Conference\" \/>\n<meta property=\"og:description\" content=\"NULL\" \/>\n<meta property=\"og:url\" content=\"https:\/\/mwc-cmm.org\/en\/stories\/latin-american-women-theologians-examine-violence-facing-women\/\" \/>\n<meta property=\"og:site_name\" content=\"Mennonite World Conference\" \/>\n<meta property=\"article:publisher\" content=\"https:\/\/www.facebook.com\/MennoniteWorldConference\" \/>\n<meta property=\"article:published_time\" content=\"2013-02-19T00:00:00+00:00\" \/>\n<meta property=\"article:modified_time\" content=\"2024-12-10T17:58:25+00:00\" \/>\n<meta property=\"og:image\" content=\"https:\/\/mwc-cmm.org\/wp-content\/uploads\/2024\/11\/la_women_theologians_3.jpg\" \/>\n\t<meta property=\"og:image:width\" content=\"1172\" \/>\n\t<meta property=\"og:image:height\" content=\"1489\" \/>\n\t<meta property=\"og:image:type\" content=\"image\/jpeg\" \/>\n<meta name=\"author\" content=\"mennworldcon\" \/>\n<script type=\"application\/ld+json\" class=\"yoast-schema-graph\">{\"@context\":\"https:\\\/\\\/schema.org\",\"@graph\":[{\"@type\":\"Article\",\"@id\":\"https:\\\/\\\/mwc-cmm.org\\\/en\\\/stories\\\/latin-american-women-theologians-examine-violence-facing-women\\\/#article\",\"isPartOf\":{\"@id\":\"https:\\\/\\\/mwc-cmm.org\\\/en\\\/stories\\\/latin-american-women-theologians-examine-violence-facing-women\\\/\"},\"author\":{\"name\":\"mennworldcon\",\"@id\":\"https:\\\/\\\/mwc-cmm.org\\\/en\\\/#\\\/schema\\\/person\\\/11f6ae0d7d1868ba20a1cc27f067c836\"},\"headline\":\"Te\u00f3logas anabautistas de Am\u00e9rica Latina examinan la violencia que enfrentan las mujeres\",\"datePublished\":\"2013-02-19T00:00:00+00:00\",\"dateModified\":\"2024-12-10T17:58:25+00:00\",\"mainEntityOfPage\":{\"@id\":\"https:\\\/\\\/mwc-cmm.org\\\/en\\\/stories\\\/latin-american-women-theologians-examine-violence-facing-women\\\/\"},\"wordCount\":1005,\"publisher\":{\"@id\":\"https:\\\/\\\/mwc-cmm.org\\\/en\\\/#organization\"},\"image\":{\"@id\":\"https:\\\/\\\/mwc-cmm.org\\\/en\\\/stories\\\/latin-american-women-theologians-examine-violence-facing-women\\\/#primaryimage\"},\"thumbnailUrl\":\"https:\\\/\\\/mwc-cmm.org\\\/wp-content\\\/uploads\\\/2024\\\/11\\\/la_women_theologians_3.jpg\",\"keywords\":[\"Latin America\"],\"articleSection\":[\"Sin categorizar\"],\"inLanguage\":\"es\"},{\"@type\":\"WebPage\",\"@id\":\"https:\\\/\\\/mwc-cmm.org\\\/en\\\/stories\\\/latin-american-women-theologians-examine-violence-facing-women\\\/\",\"url\":\"https:\\\/\\\/mwc-cmm.org\\\/en\\\/stories\\\/latin-american-women-theologians-examine-violence-facing-women\\\/\",\"name\":\"Te\u00f3logas anabautistas de Am\u00e9rica Latina examinan la violencia que enfrentan las mujeres - Mennonite World Conference\",\"isPartOf\":{\"@id\":\"https:\\\/\\\/mwc-cmm.org\\\/en\\\/#website\"},\"primaryImageOfPage\":{\"@id\":\"https:\\\/\\\/mwc-cmm.org\\\/en\\\/stories\\\/latin-american-women-theologians-examine-violence-facing-women\\\/#primaryimage\"},\"image\":{\"@id\":\"https:\\\/\\\/mwc-cmm.org\\\/en\\\/stories\\\/latin-american-women-theologians-examine-violence-facing-women\\\/#primaryimage\"},\"thumbnailUrl\":\"https:\\\/\\\/mwc-cmm.org\\\/wp-content\\\/uploads\\\/2024\\\/11\\\/la_women_theologians_3.jpg\",\"datePublished\":\"2013-02-19T00:00:00+00:00\",\"dateModified\":\"2024-12-10T17:58:25+00:00\",\"breadcrumb\":{\"@id\":\"https:\\\/\\\/mwc-cmm.org\\\/en\\\/stories\\\/latin-american-women-theologians-examine-violence-facing-women\\\/#breadcrumb\"},\"inLanguage\":\"es\",\"potentialAction\":[{\"@type\":\"ReadAction\",\"target\":[\"https:\\\/\\\/mwc-cmm.org\\\/en\\\/stories\\\/latin-american-women-theologians-examine-violence-facing-women\\\/\"]}]},{\"@type\":\"ImageObject\",\"inLanguage\":\"es\",\"@id\":\"https:\\\/\\\/mwc-cmm.org\\\/en\\\/stories\\\/latin-american-women-theologians-examine-violence-facing-women\\\/#primaryimage\",\"url\":\"https:\\\/\\\/mwc-cmm.org\\\/wp-content\\\/uploads\\\/2024\\\/11\\\/la_women_theologians_3.jpg\",\"contentUrl\":\"https:\\\/\\\/mwc-cmm.org\\\/wp-content\\\/uploads\\\/2024\\\/11\\\/la_women_theologians_3.jpg\",\"width\":1172,\"height\":1489},{\"@type\":\"BreadcrumbList\",\"@id\":\"https:\\\/\\\/mwc-cmm.org\\\/en\\\/stories\\\/latin-american-women-theologians-examine-violence-facing-women\\\/#breadcrumb\",\"itemListElement\":[{\"@type\":\"ListItem\",\"position\":1,\"name\":\"Home\",\"item\":\"https:\\\/\\\/mwc-cmm.org\\\/es\\\/\"},{\"@type\":\"ListItem\",\"position\":2,\"name\":\"Te\u00f3logas anabautistas de Am\u00e9rica Latina examinan la violencia que enfrentan las mujeres\"}]},{\"@type\":\"WebSite\",\"@id\":\"https:\\\/\\\/mwc-cmm.org\\\/en\\\/#website\",\"url\":\"https:\\\/\\\/mwc-cmm.org\\\/en\\\/\",\"name\":\"Mennonite World Conference\",\"description\":\"A communion of Anabaptist-related churches\",\"publisher\":{\"@id\":\"https:\\\/\\\/mwc-cmm.org\\\/en\\\/#organization\"},\"alternateName\":\"MWC\",\"potentialAction\":[{\"@type\":\"SearchAction\",\"target\":{\"@type\":\"EntryPoint\",\"urlTemplate\":\"https:\\\/\\\/mwc-cmm.org\\\/en\\\/?s={search_term_string}\"},\"query-input\":{\"@type\":\"PropertyValueSpecification\",\"valueRequired\":true,\"valueName\":\"search_term_string\"}}],\"inLanguage\":\"es\"},{\"@type\":\"Organization\",\"@id\":\"https:\\\/\\\/mwc-cmm.org\\\/en\\\/#organization\",\"name\":\"Mennonite World Conference\",\"alternateName\":\"MWC\",\"url\":\"https:\\\/\\\/mwc-cmm.org\\\/en\\\/\",\"logo\":{\"@type\":\"ImageObject\",\"inLanguage\":\"es\",\"@id\":\"https:\\\/\\\/mwc-cmm.org\\\/en\\\/#\\\/schema\\\/logo\\\/image\\\/\",\"url\":\"https:\\\/\\\/mwc-cmm.org\\\/wp-content\\\/uploads\\\/2026\\\/01\\\/MWC_Sig_Blue_Horiz_webheader1-logo.svg\",\"contentUrl\":\"https:\\\/\\\/mwc-cmm.org\\\/wp-content\\\/uploads\\\/2026\\\/01\\\/MWC_Sig_Blue_Horiz_webheader1-logo.svg\",\"width\":786,\"height\":82,\"caption\":\"Mennonite World Conference\"},\"image\":{\"@id\":\"https:\\\/\\\/mwc-cmm.org\\\/en\\\/#\\\/schema\\\/logo\\\/image\\\/\"},\"sameAs\":[\"https:\\\/\\\/www.facebook.com\\\/MennoniteWorldConference\",\"https:\\\/\\\/www.linkedin.com\\\/company\\\/mennonite-world-conference-mwc\\\/\",\"https:\\\/\\\/www.instagram.com\\\/mwcmm\\\/\",\"https:\\\/\\\/www.youtube.com\\\/user\\\/mwccmm\",\"https:\\\/\\\/bsky.app\\\/profile\\\/mwcmm.bsky.social\"]},{\"@type\":\"Person\",\"@id\":\"https:\\\/\\\/mwc-cmm.org\\\/en\\\/#\\\/schema\\\/person\\\/11f6ae0d7d1868ba20a1cc27f067c836\",\"name\":\"mennworldcon\",\"image\":{\"@type\":\"ImageObject\",\"inLanguage\":\"es\",\"@id\":\"https:\\\/\\\/secure.gravatar.com\\\/avatar\\\/06fdc0dc81c157dfdb82ec42f252178a22307808988d22c043f9eb96f1e0fe80?s=96&d=mm&r=g\",\"url\":\"https:\\\/\\\/secure.gravatar.com\\\/avatar\\\/06fdc0dc81c157dfdb82ec42f252178a22307808988d22c043f9eb96f1e0fe80?s=96&d=mm&r=g\",\"contentUrl\":\"https:\\\/\\\/secure.gravatar.com\\\/avatar\\\/06fdc0dc81c157dfdb82ec42f252178a22307808988d22c043f9eb96f1e0fe80?s=96&d=mm&r=g\",\"caption\":\"mennworldcon\"},\"sameAs\":[\"https:\\\/\\\/mwc-cmm.org\"],\"url\":\"https:\\\/\\\/mwc-cmm.org\\\/es\\\/stories\\\/author\\\/mennworldcon\\\/\"}]}<\/script>\n<!-- \/ Yoast SEO plugin. -->","yoast_head_json":{"title":"Te\u00f3logas anabautistas de Am\u00e9rica Latina examinan la violencia que enfrentan las mujeres - Mennonite World Conference","robots":{"index":"index","follow":"follow","max-snippet":"max-snippet:-1","max-image-preview":"max-image-preview:large","max-video-preview":"max-video-preview:-1"},"canonical":"https:\/\/mwc-cmm.org\/en\/stories\/latin-american-women-theologians-examine-violence-facing-women\/","og_locale":"es_ES","og_type":"article","og_title":"Te\u00f3logas anabautistas de Am\u00e9rica Latina examinan la violencia que enfrentan las mujeres - Mennonite World Conference","og_description":"NULL","og_url":"https:\/\/mwc-cmm.org\/en\/stories\/latin-american-women-theologians-examine-violence-facing-women\/","og_site_name":"Mennonite World Conference","article_publisher":"https:\/\/www.facebook.com\/MennoniteWorldConference","article_published_time":"2013-02-19T00:00:00+00:00","article_modified_time":"2024-12-10T17:58:25+00:00","og_image":[{"width":1172,"height":1489,"url":"https:\/\/mwc-cmm.org\/wp-content\/uploads\/2024\/11\/la_women_theologians_3.jpg","type":"image\/jpeg"}],"author":"mennworldcon","schema":{"@context":"https:\/\/schema.org","@graph":[{"@type":"Article","@id":"https:\/\/mwc-cmm.org\/en\/stories\/latin-american-women-theologians-examine-violence-facing-women\/#article","isPartOf":{"@id":"https:\/\/mwc-cmm.org\/en\/stories\/latin-american-women-theologians-examine-violence-facing-women\/"},"author":{"name":"mennworldcon","@id":"https:\/\/mwc-cmm.org\/en\/#\/schema\/person\/11f6ae0d7d1868ba20a1cc27f067c836"},"headline":"Te\u00f3logas anabautistas de Am\u00e9rica Latina examinan la violencia que enfrentan las mujeres","datePublished":"2013-02-19T00:00:00+00:00","dateModified":"2024-12-10T17:58:25+00:00","mainEntityOfPage":{"@id":"https:\/\/mwc-cmm.org\/en\/stories\/latin-american-women-theologians-examine-violence-facing-women\/"},"wordCount":1005,"publisher":{"@id":"https:\/\/mwc-cmm.org\/en\/#organization"},"image":{"@id":"https:\/\/mwc-cmm.org\/en\/stories\/latin-american-women-theologians-examine-violence-facing-women\/#primaryimage"},"thumbnailUrl":"https:\/\/mwc-cmm.org\/wp-content\/uploads\/2024\/11\/la_women_theologians_3.jpg","keywords":["Latin America"],"articleSection":["Sin categorizar"],"inLanguage":"es"},{"@type":"WebPage","@id":"https:\/\/mwc-cmm.org\/en\/stories\/latin-american-women-theologians-examine-violence-facing-women\/","url":"https:\/\/mwc-cmm.org\/en\/stories\/latin-american-women-theologians-examine-violence-facing-women\/","name":"Te\u00f3logas anabautistas de Am\u00e9rica Latina examinan la violencia que enfrentan las mujeres - Mennonite World Conference","isPartOf":{"@id":"https:\/\/mwc-cmm.org\/en\/#website"},"primaryImageOfPage":{"@id":"https:\/\/mwc-cmm.org\/en\/stories\/latin-american-women-theologians-examine-violence-facing-women\/#primaryimage"},"image":{"@id":"https:\/\/mwc-cmm.org\/en\/stories\/latin-american-women-theologians-examine-violence-facing-women\/#primaryimage"},"thumbnailUrl":"https:\/\/mwc-cmm.org\/wp-content\/uploads\/2024\/11\/la_women_theologians_3.jpg","datePublished":"2013-02-19T00:00:00+00:00","dateModified":"2024-12-10T17:58:25+00:00","breadcrumb":{"@id":"https:\/\/mwc-cmm.org\/en\/stories\/latin-american-women-theologians-examine-violence-facing-women\/#breadcrumb"},"inLanguage":"es","potentialAction":[{"@type":"ReadAction","target":["https:\/\/mwc-cmm.org\/en\/stories\/latin-american-women-theologians-examine-violence-facing-women\/"]}]},{"@type":"ImageObject","inLanguage":"es","@id":"https:\/\/mwc-cmm.org\/en\/stories\/latin-american-women-theologians-examine-violence-facing-women\/#primaryimage","url":"https:\/\/mwc-cmm.org\/wp-content\/uploads\/2024\/11\/la_women_theologians_3.jpg","contentUrl":"https:\/\/mwc-cmm.org\/wp-content\/uploads\/2024\/11\/la_women_theologians_3.jpg","width":1172,"height":1489},{"@type":"BreadcrumbList","@id":"https:\/\/mwc-cmm.org\/en\/stories\/latin-american-women-theologians-examine-violence-facing-women\/#breadcrumb","itemListElement":[{"@type":"ListItem","position":1,"name":"Home","item":"https:\/\/mwc-cmm.org\/es\/"},{"@type":"ListItem","position":2,"name":"Te\u00f3logas anabautistas de Am\u00e9rica Latina examinan la violencia que enfrentan las mujeres"}]},{"@type":"WebSite","@id":"https:\/\/mwc-cmm.org\/en\/#website","url":"https:\/\/mwc-cmm.org\/en\/","name":"Mennonite World Conference","description":"A communion of Anabaptist-related churches","publisher":{"@id":"https:\/\/mwc-cmm.org\/en\/#organization"},"alternateName":"MWC","potentialAction":[{"@type":"SearchAction","target":{"@type":"EntryPoint","urlTemplate":"https:\/\/mwc-cmm.org\/en\/?s={search_term_string}"},"query-input":{"@type":"PropertyValueSpecification","valueRequired":true,"valueName":"search_term_string"}}],"inLanguage":"es"},{"@type":"Organization","@id":"https:\/\/mwc-cmm.org\/en\/#organization","name":"Mennonite World Conference","alternateName":"MWC","url":"https:\/\/mwc-cmm.org\/en\/","logo":{"@type":"ImageObject","inLanguage":"es","@id":"https:\/\/mwc-cmm.org\/en\/#\/schema\/logo\/image\/","url":"https:\/\/mwc-cmm.org\/wp-content\/uploads\/2026\/01\/MWC_Sig_Blue_Horiz_webheader1-logo.svg","contentUrl":"https:\/\/mwc-cmm.org\/wp-content\/uploads\/2026\/01\/MWC_Sig_Blue_Horiz_webheader1-logo.svg","width":786,"height":82,"caption":"Mennonite World Conference"},"image":{"@id":"https:\/\/mwc-cmm.org\/en\/#\/schema\/logo\/image\/"},"sameAs":["https:\/\/www.facebook.com\/MennoniteWorldConference","https:\/\/www.linkedin.com\/company\/mennonite-world-conference-mwc\/","https:\/\/www.instagram.com\/mwcmm\/","https:\/\/www.youtube.com\/user\/mwccmm","https:\/\/bsky.app\/profile\/mwcmm.bsky.social"]},{"@type":"Person","@id":"https:\/\/mwc-cmm.org\/en\/#\/schema\/person\/11f6ae0d7d1868ba20a1cc27f067c836","name":"mennworldcon","image":{"@type":"ImageObject","inLanguage":"es","@id":"https:\/\/secure.gravatar.com\/avatar\/06fdc0dc81c157dfdb82ec42f252178a22307808988d22c043f9eb96f1e0fe80?s=96&d=mm&r=g","url":"https:\/\/secure.gravatar.com\/avatar\/06fdc0dc81c157dfdb82ec42f252178a22307808988d22c043f9eb96f1e0fe80?s=96&d=mm&r=g","contentUrl":"https:\/\/secure.gravatar.com\/avatar\/06fdc0dc81c157dfdb82ec42f252178a22307808988d22c043f9eb96f1e0fe80?s=96&d=mm&r=g","caption":"mennworldcon"},"sameAs":["https:\/\/mwc-cmm.org"],"url":"https:\/\/mwc-cmm.org\/es\/stories\/author\/mennworldcon\/"}]}},"_links":{"self":[{"href":"https:\/\/mwc-cmm.org\/es\/wp-json\/wp\/v2\/posts\/8400","targetHints":{"allow":["GET"]}}],"collection":[{"href":"https:\/\/mwc-cmm.org\/es\/wp-json\/wp\/v2\/posts"}],"about":[{"href":"https:\/\/mwc-cmm.org\/es\/wp-json\/wp\/v2\/types\/post"}],"author":[{"embeddable":true,"href":"https:\/\/mwc-cmm.org\/es\/wp-json\/wp\/v2\/users\/1"}],"replies":[{"embeddable":true,"href":"https:\/\/mwc-cmm.org\/es\/wp-json\/wp\/v2\/comments?post=8400"}],"version-history":[{"count":0,"href":"https:\/\/mwc-cmm.org\/es\/wp-json\/wp\/v2\/posts\/8400\/revisions"}],"wp:featuredmedia":[{"embeddable":true,"href":"https:\/\/mwc-cmm.org\/es\/wp-json\/wp\/v2\/media\/85038"}],"wp:attachment":[{"href":"https:\/\/mwc-cmm.org\/es\/wp-json\/wp\/v2\/media?parent=8400"}],"wp:term":[{"taxonomy":"category","embeddable":true,"href":"https:\/\/mwc-cmm.org\/es\/wp-json\/wp\/v2\/categories?post=8400"},{"taxonomy":"post_tag","embeddable":true,"href":"https:\/\/mwc-cmm.org\/es\/wp-json\/wp\/v2\/tags?post=8400"},{"taxonomy":"network","embeddable":true,"href":"https:\/\/mwc-cmm.org\/es\/wp-json\/wp\/v2\/network?post=8400"},{"taxonomy":"eventcategory","embeddable":true,"href":"https:\/\/mwc-cmm.org\/es\/wp-json\/wp\/v2\/eventcategory?post=8400"}],"curies":[{"name":"wp","href":"https:\/\/api.w.org\/{rel}","templated":true}]}}