{"id":8391,"date":"2012-12-14T00:00:00","date_gmt":"2012-12-14T00:00:00","guid":{"rendered":"https:\/\/mwc-cmm.org\/vietnam-mennonite-church-reviews-work-after-four-years-as-registered-church-3\/"},"modified":"2024-12-10T17:58:22","modified_gmt":"2024-12-10T17:58:22","slug":"cuatro-anos-del-reconocimiento-legal-iglesia-menonita-de-vietnam-evalua-su-labor","status":"publish","type":"post","link":"https:\/\/mwc-cmm.org\/es\/stories\/cuatro-anos-del-reconocimiento-legal-iglesia-menonita-de-vietnam-evalua-su-labor\/","title":{"rendered":"A cuatro a\u00f1os del reconocimiento legal, Iglesia Menonita de Vietnam eval\u00faa su labor"},"content":{"rendered":"<p>Ciudad Ho Chi Minh, Vietnam\u2013 A cuatro a\u00f1os de que el Gobierno le concediera el reconocimiento legal a la Iglesia Menonita de Vietnam, sus l\u00edderes se reunieron del 21 al 22 de noviembre de 2012 a fin de evaluar su labor y proyectar ministerios para los siguientes cuatro a\u00f1os.  <\/p>\n<p>El congreso se realiz\u00f3 en el Hotel Cong Doan en el districto Binh Thanh, zona en la que se estableci\u00f3 la Iglesia Menonita a principios de los sesenta. Alrededor de trescientas personas asistieron a este congreso (por invitaci\u00f3n), incluyendo pastores ordenados y encargados de obra, grupos lit\u00fargicos de varias congregaciones, representantes de organismos gubernamentales y visitantes internacionales. <\/p>\n<p>En la primera hora de la sesi\u00f3n de apertura se celebr\u00f3 un culto a Dios y al Se\u00f1or Jesucristo muy inspirador. Los coros y grupos de danza estaban integrados por personas de los grupos \u00e9tnicos Stieng y Barnar, y tambi\u00e9n de los Vinh Long y de las congregaciones locales de Binh Thanh.  Los pastores de la iglesia entonaron la canci\u00f3n, \u201cCu\u00e1n grande es \u00c9l\u201d.<\/p>\n<p>Despu\u00e9s que el pastor Nguyen Quang Trung, presidente de la iglesia, diera inicio formal al congreso, present\u00f3 a Nguyen Thanh Xuan, vicepresidente del Comit\u00e9 de Asuntos Religiosos del Gobierno. En su alocuci\u00f3n de diez minutos, el Sr. Xuan se\u00f1al\u00f3 que el Gobierno ha concedido reconocimiento legal a cuarenta grupos religiosos, incluyendo diez grupos protestantes o evang\u00e9licos. Y, adem\u00e1s, que denominar a la Iglesia Menonita de Vietnam como \u201cuna iglesia de paz\u201d, \u201ctiene un impacto\u201d m\u00e1s all\u00e1 de su valor num\u00e9rico.  <\/p>\n<p>En su presentaci\u00f3n, el pastor Trung dio gracias a Dios que el Gobierno haya creado las condiciones para que la iglesia se desarrollara en estos \u00faltimos cuatro a\u00f1os. Se refiri\u00f3 al programa de capacitaci\u00f3n pastoral de cinco a\u00f1os para veinte estudiantes, con un cuerpo docente integrado por cuatro profesores locales y seis internacionales. Adem\u00e1s hizo menci\u00f3n a la ordenaci\u00f3n de 29 pastores en marzo de 2010, y el inicio de un segundo ciclo de un programa de formaci\u00f3n teol\u00f3gica de tres a\u00f1os dirigida a 35 l\u00edderes de la iglesia. Los programas de capacitaci\u00f3n se brindan en varias regiones.<\/p>\n<p>Trung inform\u00f3 sobre los programas sociales de la iglesia: ayudar a ni\u00f1os pobres a asistir a la escuela, gestionar asistencia m\u00e9dica y ayuda de emergencia en la \u00e9poca de inundaciones u otros desastres naturales.  <\/p>\n<p>Trung dijo que hab\u00eda 8.000 personas afiliadas a la Iglesia Menonita de Vietnam, de las cuales m\u00e1s de 6.000 han sido bautizadas. La iglesia tiene noventa congregaciones que cuentan con 138 l\u00edderes autorizados en tres ciudades y en quince de las 58 provincias del pa\u00eds. Manifest\u00f3 que la iglesia se convirti\u00f3 en el miembro n\u00famero 99 del Congreso Mundial Menonita en la Asamblea en Paraguay, en julio de 2009.<\/p>\n<p>Al finalizar su presentaci\u00f3n, el presidente invit\u00f3 a las personas reunidas a ponerse de pie y leer juntas el texto de Romanos 14:8, tema principal del congreso: \u201cSi vivimos, para el Se\u00f1or vivimos; y si morimos, para el Se\u00f1or morimos.  As\u00ed que, o que vivamos  o muramos, del Se\u00f1or somos\u201d.  <\/p>\n<p>Se presentaron a los invitados especiales. Adem\u00e1s del vicepresidente del Comit\u00e9 de Asuntos Religiosos del Gobierno, hubo representantes del Comit\u00e9 Popular de la ciudad, de la polic\u00eda, y del Frente Patri\u00f3tico de Vietnam. Tambi\u00e9n estuvieron representadas la Iglesia Adventista y la Iglesia Bautista del Sur. <\/p>\n<p>Gerry Keener y Ryan Umble representaron a las Misiones Menonitas del Este. William y Joann Sommers Love, en representaci\u00f3n del Comit\u00e9 Central Menonita, presentaron saludos. Luke Martin, anterior misionero, y Wilmer Martin, l\u00edderes de un grupo de <em>TourMagination<\/em> que visitaba Vietnam, fueron portadores de saludos. El grupo hab\u00eda participado en un culto de la Iglesia Menonita de Hoi An el domingo anterior.<\/p>\n<p>La mayor\u00eda de las congregaciones de la iglesia se re\u00fane en las casas. S\u00f3lo cinco de las congregaciones han podido adquirir terrenos para construir edificios para la iglesia. Son permanentes las solicitudes de la iglesia al Comit\u00e9 de Asuntos Religiosos y al Comit\u00e9 Popular de Ho Chi Minh pidiendo terrenos para que la iglesia pueda construir un centro eclesial en la Ciudad de Ho Chi Minh a fin de reemplazar la propiedad confiscada en 1976.<\/p>\n<p>Nguyen Quang Trung fue reelegido presidente de la iglesia para el siguiente per\u00edodo cuadrienal, y Huynh Minh Dang fue elegido secretario general.<\/p>\n<p>Hay un segundo grupo menonita en Vietnam que cuenta con un n\u00famero similar de miembros. Aunque no haya sido a\u00fan reconocido a nivel nacional, muchas de las congregaciones han sido reconocidas localmente.<\/p>\n<p><em>Comunicado de Luke Martin<\/em><\/p>\n","protected":false},"excerpt":{"rendered":"<p>NULL<\/p>\n","protected":false},"author":1,"featured_media":84926,"comment_status":"closed","ping_status":"closed","sticky":false,"template":"","format":"standard","meta":{"_acf_changed":false,"footnotes":""},"categories":[6],"tags":[],"network":[],"eventcategory":[],"class_list":["post-8391","post","type-post","status-publish","format-standard","has-post-thumbnail","hentry","category-sin-categorizar"],"acf":[],"yoast_head":"<!-- This site is optimized with the Yoast SEO plugin v27.2 - https:\/\/yoast.com\/product\/yoast-seo-wordpress\/ -->\n<title>A cuatro a\u00f1os del reconocimiento legal, Iglesia Menonita de Vietnam eval\u00faa su labor - Mennonite World Conference<\/title>\n<meta name=\"robots\" content=\"index, follow, max-snippet:-1, max-image-preview:large, max-video-preview:-1\" \/>\n<link rel=\"canonical\" href=\"https:\/\/mwc-cmm.org\/en\/stories\/vietnam-mennonite-church-reviews-work-after-four-years-registered-church\/\" \/>\n<meta property=\"og:locale\" content=\"es_ES\" \/>\n<meta property=\"og:type\" content=\"article\" \/>\n<meta property=\"og:title\" content=\"A cuatro a\u00f1os del reconocimiento legal, Iglesia Menonita de Vietnam eval\u00faa su labor - Mennonite World Conference\" \/>\n<meta property=\"og:description\" content=\"NULL\" \/>\n<meta property=\"og:url\" content=\"https:\/\/mwc-cmm.org\/en\/stories\/vietnam-mennonite-church-reviews-work-after-four-years-registered-church\/\" \/>\n<meta property=\"og:site_name\" content=\"Mennonite World Conference\" \/>\n<meta property=\"article:publisher\" content=\"https:\/\/www.facebook.com\/MennoniteWorldConference\" \/>\n<meta property=\"article:published_time\" content=\"2012-12-14T00:00:00+00:00\" \/>\n<meta property=\"article:modified_time\" content=\"2024-12-10T17:58:22+00:00\" \/>\n<meta property=\"og:image\" content=\"https:\/\/mwc-cmm.org\/wp-content\/uploads\/2024\/11\/bahnar_choir.jpg\" \/>\n\t<meta property=\"og:image:width\" content=\"1538\" \/>\n\t<meta property=\"og:image:height\" content=\"898\" \/>\n\t<meta property=\"og:image:type\" content=\"image\/jpeg\" \/>\n<meta name=\"author\" content=\"mennworldcon\" \/>\n<script type=\"application\/ld+json\" class=\"yoast-schema-graph\">{\"@context\":\"https:\/\/schema.org\",\"@graph\":[{\"@type\":\"Article\",\"@id\":\"https:\/\/mwc-cmm.org\/en\/stories\/vietnam-mennonite-church-reviews-work-after-four-years-registered-church\/#article\",\"isPartOf\":{\"@id\":\"https:\/\/mwc-cmm.org\/en\/stories\/vietnam-mennonite-church-reviews-work-after-four-years-registered-church\/\"},\"author\":{\"name\":\"mennworldcon\",\"@id\":\"https:\/\/mwc-cmm.org\/en\/#\/schema\/person\/11f6ae0d7d1868ba20a1cc27f067c836\"},\"headline\":\"A cuatro a\u00f1os del reconocimiento legal, Iglesia Menonita de Vietnam eval\u00faa su labor\",\"datePublished\":\"2012-12-14T00:00:00+00:00\",\"dateModified\":\"2024-12-10T17:58:22+00:00\",\"mainEntityOfPage\":{\"@id\":\"https:\/\/mwc-cmm.org\/en\/stories\/vietnam-mennonite-church-reviews-work-after-four-years-registered-church\/\"},\"wordCount\":795,\"publisher\":{\"@id\":\"https:\/\/mwc-cmm.org\/en\/#organization\"},\"image\":{\"@id\":\"https:\/\/mwc-cmm.org\/en\/stories\/vietnam-mennonite-church-reviews-work-after-four-years-registered-church\/#primaryimage\"},\"thumbnailUrl\":\"https:\/\/mwc-cmm.org\/wp-content\/uploads\/2024\/11\/bahnar_choir.jpg\",\"articleSection\":[\"Sin categorizar\"],\"inLanguage\":\"es\"},{\"@type\":\"WebPage\",\"@id\":\"https:\/\/mwc-cmm.org\/en\/stories\/vietnam-mennonite-church-reviews-work-after-four-years-registered-church\/\",\"url\":\"https:\/\/mwc-cmm.org\/en\/stories\/vietnam-mennonite-church-reviews-work-after-four-years-registered-church\/\",\"name\":\"A cuatro a\u00f1os del reconocimiento legal, Iglesia Menonita de Vietnam eval\u00faa su labor - Mennonite World Conference\",\"isPartOf\":{\"@id\":\"https:\/\/mwc-cmm.org\/en\/#website\"},\"primaryImageOfPage\":{\"@id\":\"https:\/\/mwc-cmm.org\/en\/stories\/vietnam-mennonite-church-reviews-work-after-four-years-registered-church\/#primaryimage\"},\"image\":{\"@id\":\"https:\/\/mwc-cmm.org\/en\/stories\/vietnam-mennonite-church-reviews-work-after-four-years-registered-church\/#primaryimage\"},\"thumbnailUrl\":\"https:\/\/mwc-cmm.org\/wp-content\/uploads\/2024\/11\/bahnar_choir.jpg\",\"datePublished\":\"2012-12-14T00:00:00+00:00\",\"dateModified\":\"2024-12-10T17:58:22+00:00\",\"breadcrumb\":{\"@id\":\"https:\/\/mwc-cmm.org\/en\/stories\/vietnam-mennonite-church-reviews-work-after-four-years-registered-church\/#breadcrumb\"},\"inLanguage\":\"es\",\"potentialAction\":[{\"@type\":\"ReadAction\",\"target\":[\"https:\/\/mwc-cmm.org\/en\/stories\/vietnam-mennonite-church-reviews-work-after-four-years-registered-church\/\"]}]},{\"@type\":\"ImageObject\",\"inLanguage\":\"es\",\"@id\":\"https:\/\/mwc-cmm.org\/en\/stories\/vietnam-mennonite-church-reviews-work-after-four-years-registered-church\/#primaryimage\",\"url\":\"https:\/\/mwc-cmm.org\/wp-content\/uploads\/2024\/11\/bahnar_choir.jpg\",\"contentUrl\":\"https:\/\/mwc-cmm.org\/wp-content\/uploads\/2024\/11\/bahnar_choir.jpg\",\"width\":1538,\"height\":898},{\"@type\":\"BreadcrumbList\",\"@id\":\"https:\/\/mwc-cmm.org\/en\/stories\/vietnam-mennonite-church-reviews-work-after-four-years-registered-church\/#breadcrumb\",\"itemListElement\":[{\"@type\":\"ListItem\",\"position\":1,\"name\":\"Home\",\"item\":\"https:\/\/mwc-cmm.org\/es\/\"},{\"@type\":\"ListItem\",\"position\":2,\"name\":\"A cuatro a\u00f1os del reconocimiento legal, Iglesia Menonita de Vietnam eval\u00faa su labor\"}]},{\"@type\":\"WebSite\",\"@id\":\"https:\/\/mwc-cmm.org\/en\/#website\",\"url\":\"https:\/\/mwc-cmm.org\/en\/\",\"name\":\"Mennonite World Conference\",\"description\":\"A communion of Anabaptist-related churches\",\"publisher\":{\"@id\":\"https:\/\/mwc-cmm.org\/en\/#organization\"},\"alternateName\":\"MWC\",\"potentialAction\":[{\"@type\":\"SearchAction\",\"target\":{\"@type\":\"EntryPoint\",\"urlTemplate\":\"https:\/\/mwc-cmm.org\/en\/?s={search_term_string}\"},\"query-input\":{\"@type\":\"PropertyValueSpecification\",\"valueRequired\":true,\"valueName\":\"search_term_string\"}}],\"inLanguage\":\"es\"},{\"@type\":\"Organization\",\"@id\":\"https:\/\/mwc-cmm.org\/en\/#organization\",\"name\":\"Mennonite World Conference\",\"alternateName\":\"MWC\",\"url\":\"https:\/\/mwc-cmm.org\/en\/\",\"logo\":{\"@type\":\"ImageObject\",\"inLanguage\":\"es\",\"@id\":\"https:\/\/mwc-cmm.org\/en\/#\/schema\/logo\/image\/\",\"url\":\"https:\/\/mwc-cmm.org\/wp-content\/uploads\/2026\/01\/MWC_Sig_Blue_Horiz_webheader1-logo.svg\",\"contentUrl\":\"https:\/\/mwc-cmm.org\/wp-content\/uploads\/2026\/01\/MWC_Sig_Blue_Horiz_webheader1-logo.svg\",\"width\":786,\"height\":82,\"caption\":\"Mennonite World Conference\"},\"image\":{\"@id\":\"https:\/\/mwc-cmm.org\/en\/#\/schema\/logo\/image\/\"},\"sameAs\":[\"https:\/\/www.facebook.com\/MennoniteWorldConference\",\"https:\/\/www.linkedin.com\/company\/mennonite-world-conference-mwc\/\",\"https:\/\/www.instagram.com\/mwcmm\/\",\"https:\/\/www.youtube.com\/user\/mwccmm\",\"https:\/\/bsky.app\/profile\/mwcmm.bsky.social\"]},{\"@type\":\"Person\",\"@id\":\"https:\/\/mwc-cmm.org\/en\/#\/schema\/person\/11f6ae0d7d1868ba20a1cc27f067c836\",\"name\":\"mennworldcon\",\"image\":{\"@type\":\"ImageObject\",\"inLanguage\":\"es\",\"@id\":\"https:\/\/secure.gravatar.com\/avatar\/06fdc0dc81c157dfdb82ec42f252178a22307808988d22c043f9eb96f1e0fe80?s=96&d=mm&r=g\",\"url\":\"https:\/\/secure.gravatar.com\/avatar\/06fdc0dc81c157dfdb82ec42f252178a22307808988d22c043f9eb96f1e0fe80?s=96&d=mm&r=g\",\"contentUrl\":\"https:\/\/secure.gravatar.com\/avatar\/06fdc0dc81c157dfdb82ec42f252178a22307808988d22c043f9eb96f1e0fe80?s=96&d=mm&r=g\",\"caption\":\"mennworldcon\"},\"sameAs\":[\"https:\/\/mwc-cmm.org\"],\"url\":\"https:\/\/mwc-cmm.org\/es\/stories\/author\/mennworldcon\/\"}]}<\/script>\n<!-- \/ Yoast SEO plugin. -->","yoast_head_json":{"title":"A cuatro a\u00f1os del reconocimiento legal, Iglesia Menonita de Vietnam eval\u00faa su labor - Mennonite World Conference","robots":{"index":"index","follow":"follow","max-snippet":"max-snippet:-1","max-image-preview":"max-image-preview:large","max-video-preview":"max-video-preview:-1"},"canonical":"https:\/\/mwc-cmm.org\/en\/stories\/vietnam-mennonite-church-reviews-work-after-four-years-registered-church\/","og_locale":"es_ES","og_type":"article","og_title":"A cuatro a\u00f1os del reconocimiento legal, Iglesia Menonita de Vietnam eval\u00faa su labor - Mennonite World Conference","og_description":"NULL","og_url":"https:\/\/mwc-cmm.org\/en\/stories\/vietnam-mennonite-church-reviews-work-after-four-years-registered-church\/","og_site_name":"Mennonite World Conference","article_publisher":"https:\/\/www.facebook.com\/MennoniteWorldConference","article_published_time":"2012-12-14T00:00:00+00:00","article_modified_time":"2024-12-10T17:58:22+00:00","og_image":[{"width":1538,"height":898,"url":"https:\/\/mwc-cmm.org\/wp-content\/uploads\/2024\/11\/bahnar_choir.jpg","type":"image\/jpeg"}],"author":"mennworldcon","schema":{"@context":"https:\/\/schema.org","@graph":[{"@type":"Article","@id":"https:\/\/mwc-cmm.org\/en\/stories\/vietnam-mennonite-church-reviews-work-after-four-years-registered-church\/#article","isPartOf":{"@id":"https:\/\/mwc-cmm.org\/en\/stories\/vietnam-mennonite-church-reviews-work-after-four-years-registered-church\/"},"author":{"name":"mennworldcon","@id":"https:\/\/mwc-cmm.org\/en\/#\/schema\/person\/11f6ae0d7d1868ba20a1cc27f067c836"},"headline":"A cuatro a\u00f1os del reconocimiento legal, Iglesia Menonita de Vietnam eval\u00faa su labor","datePublished":"2012-12-14T00:00:00+00:00","dateModified":"2024-12-10T17:58:22+00:00","mainEntityOfPage":{"@id":"https:\/\/mwc-cmm.org\/en\/stories\/vietnam-mennonite-church-reviews-work-after-four-years-registered-church\/"},"wordCount":795,"publisher":{"@id":"https:\/\/mwc-cmm.org\/en\/#organization"},"image":{"@id":"https:\/\/mwc-cmm.org\/en\/stories\/vietnam-mennonite-church-reviews-work-after-four-years-registered-church\/#primaryimage"},"thumbnailUrl":"https:\/\/mwc-cmm.org\/wp-content\/uploads\/2024\/11\/bahnar_choir.jpg","articleSection":["Sin categorizar"],"inLanguage":"es"},{"@type":"WebPage","@id":"https:\/\/mwc-cmm.org\/en\/stories\/vietnam-mennonite-church-reviews-work-after-four-years-registered-church\/","url":"https:\/\/mwc-cmm.org\/en\/stories\/vietnam-mennonite-church-reviews-work-after-four-years-registered-church\/","name":"A cuatro a\u00f1os del reconocimiento legal, Iglesia Menonita de Vietnam eval\u00faa su labor - Mennonite World Conference","isPartOf":{"@id":"https:\/\/mwc-cmm.org\/en\/#website"},"primaryImageOfPage":{"@id":"https:\/\/mwc-cmm.org\/en\/stories\/vietnam-mennonite-church-reviews-work-after-four-years-registered-church\/#primaryimage"},"image":{"@id":"https:\/\/mwc-cmm.org\/en\/stories\/vietnam-mennonite-church-reviews-work-after-four-years-registered-church\/#primaryimage"},"thumbnailUrl":"https:\/\/mwc-cmm.org\/wp-content\/uploads\/2024\/11\/bahnar_choir.jpg","datePublished":"2012-12-14T00:00:00+00:00","dateModified":"2024-12-10T17:58:22+00:00","breadcrumb":{"@id":"https:\/\/mwc-cmm.org\/en\/stories\/vietnam-mennonite-church-reviews-work-after-four-years-registered-church\/#breadcrumb"},"inLanguage":"es","potentialAction":[{"@type":"ReadAction","target":["https:\/\/mwc-cmm.org\/en\/stories\/vietnam-mennonite-church-reviews-work-after-four-years-registered-church\/"]}]},{"@type":"ImageObject","inLanguage":"es","@id":"https:\/\/mwc-cmm.org\/en\/stories\/vietnam-mennonite-church-reviews-work-after-four-years-registered-church\/#primaryimage","url":"https:\/\/mwc-cmm.org\/wp-content\/uploads\/2024\/11\/bahnar_choir.jpg","contentUrl":"https:\/\/mwc-cmm.org\/wp-content\/uploads\/2024\/11\/bahnar_choir.jpg","width":1538,"height":898},{"@type":"BreadcrumbList","@id":"https:\/\/mwc-cmm.org\/en\/stories\/vietnam-mennonite-church-reviews-work-after-four-years-registered-church\/#breadcrumb","itemListElement":[{"@type":"ListItem","position":1,"name":"Home","item":"https:\/\/mwc-cmm.org\/es\/"},{"@type":"ListItem","position":2,"name":"A cuatro a\u00f1os del reconocimiento legal, Iglesia Menonita de Vietnam eval\u00faa su labor"}]},{"@type":"WebSite","@id":"https:\/\/mwc-cmm.org\/en\/#website","url":"https:\/\/mwc-cmm.org\/en\/","name":"Mennonite World Conference","description":"A communion of Anabaptist-related churches","publisher":{"@id":"https:\/\/mwc-cmm.org\/en\/#organization"},"alternateName":"MWC","potentialAction":[{"@type":"SearchAction","target":{"@type":"EntryPoint","urlTemplate":"https:\/\/mwc-cmm.org\/en\/?s={search_term_string}"},"query-input":{"@type":"PropertyValueSpecification","valueRequired":true,"valueName":"search_term_string"}}],"inLanguage":"es"},{"@type":"Organization","@id":"https:\/\/mwc-cmm.org\/en\/#organization","name":"Mennonite World Conference","alternateName":"MWC","url":"https:\/\/mwc-cmm.org\/en\/","logo":{"@type":"ImageObject","inLanguage":"es","@id":"https:\/\/mwc-cmm.org\/en\/#\/schema\/logo\/image\/","url":"https:\/\/mwc-cmm.org\/wp-content\/uploads\/2026\/01\/MWC_Sig_Blue_Horiz_webheader1-logo.svg","contentUrl":"https:\/\/mwc-cmm.org\/wp-content\/uploads\/2026\/01\/MWC_Sig_Blue_Horiz_webheader1-logo.svg","width":786,"height":82,"caption":"Mennonite World Conference"},"image":{"@id":"https:\/\/mwc-cmm.org\/en\/#\/schema\/logo\/image\/"},"sameAs":["https:\/\/www.facebook.com\/MennoniteWorldConference","https:\/\/www.linkedin.com\/company\/mennonite-world-conference-mwc\/","https:\/\/www.instagram.com\/mwcmm\/","https:\/\/www.youtube.com\/user\/mwccmm","https:\/\/bsky.app\/profile\/mwcmm.bsky.social"]},{"@type":"Person","@id":"https:\/\/mwc-cmm.org\/en\/#\/schema\/person\/11f6ae0d7d1868ba20a1cc27f067c836","name":"mennworldcon","image":{"@type":"ImageObject","inLanguage":"es","@id":"https:\/\/secure.gravatar.com\/avatar\/06fdc0dc81c157dfdb82ec42f252178a22307808988d22c043f9eb96f1e0fe80?s=96&d=mm&r=g","url":"https:\/\/secure.gravatar.com\/avatar\/06fdc0dc81c157dfdb82ec42f252178a22307808988d22c043f9eb96f1e0fe80?s=96&d=mm&r=g","contentUrl":"https:\/\/secure.gravatar.com\/avatar\/06fdc0dc81c157dfdb82ec42f252178a22307808988d22c043f9eb96f1e0fe80?s=96&d=mm&r=g","caption":"mennworldcon"},"sameAs":["https:\/\/mwc-cmm.org"],"url":"https:\/\/mwc-cmm.org\/es\/stories\/author\/mennworldcon\/"}]}},"_links":{"self":[{"href":"https:\/\/mwc-cmm.org\/es\/wp-json\/wp\/v2\/posts\/8391","targetHints":{"allow":["GET"]}}],"collection":[{"href":"https:\/\/mwc-cmm.org\/es\/wp-json\/wp\/v2\/posts"}],"about":[{"href":"https:\/\/mwc-cmm.org\/es\/wp-json\/wp\/v2\/types\/post"}],"author":[{"embeddable":true,"href":"https:\/\/mwc-cmm.org\/es\/wp-json\/wp\/v2\/users\/1"}],"replies":[{"embeddable":true,"href":"https:\/\/mwc-cmm.org\/es\/wp-json\/wp\/v2\/comments?post=8391"}],"version-history":[{"count":0,"href":"https:\/\/mwc-cmm.org\/es\/wp-json\/wp\/v2\/posts\/8391\/revisions"}],"wp:featuredmedia":[{"embeddable":true,"href":"https:\/\/mwc-cmm.org\/es\/wp-json\/wp\/v2\/media\/84926"}],"wp:attachment":[{"href":"https:\/\/mwc-cmm.org\/es\/wp-json\/wp\/v2\/media?parent=8391"}],"wp:term":[{"taxonomy":"category","embeddable":true,"href":"https:\/\/mwc-cmm.org\/es\/wp-json\/wp\/v2\/categories?post=8391"},{"taxonomy":"post_tag","embeddable":true,"href":"https:\/\/mwc-cmm.org\/es\/wp-json\/wp\/v2\/tags?post=8391"},{"taxonomy":"network","embeddable":true,"href":"https:\/\/mwc-cmm.org\/es\/wp-json\/wp\/v2\/network?post=8391"},{"taxonomy":"eventcategory","embeddable":true,"href":"https:\/\/mwc-cmm.org\/es\/wp-json\/wp\/v2\/eventcategory?post=8391"}],"curies":[{"name":"wp","href":"https:\/\/api.w.org\/{rel}","templated":true}]}}