{"id":8382,"date":"2016-05-19T00:00:00","date_gmt":"2016-05-19T00:00:00","guid":{"rendered":"https:\/\/mwc-cmm.org\/offering-our-blessings-to-the-world-3\/"},"modified":"2024-12-10T17:58:19","modified_gmt":"2024-12-10T17:58:19","slug":"offering-our-blessings-to-the-world-3","status":"publish","type":"post","link":"https:\/\/mwc-cmm.org\/es\/stories\/offering-our-blessings-to-the-world-3\/","title":{"rendered":"Ofrezcamos nuestras bendiciones al mundo"},"content":{"rendered":"<p><em>Sindy Novoa Caro reside en Bogot\u00e1, Colombia, donde pertenece a la Iglesia Casa de Oraci\u00f3n, una congregaci\u00f3n de los Hermanos Menonitas. En 2010-2011 Sindy particip\u00f3 en \u00a1YAMEN! como asistente de la maestra en una escuela para ni\u00f1os que viven cerca de un basurero en Tegucigalpa, Honduras. Desde que regres\u00f3 a Colombia, Sindy ayuda a coordinar una red de apoyo local para anteriores, actuales y nuevos participantes de \u00a1YAMEN!, y otras personas que han participado en el Programa Internacional de Intercambio Voluntario del MCC. Sindy trabaja para la Corporaci\u00f3n Belcorp como l\u00edder zonal para vendedoras por cat\u00e1logo. A principios de a\u00f1o convers\u00f3 sobre su experiencia con Jana Meyer, voluntaria del MCC en Colombia.<\/em><\/p>\n<h3><strong>\u00bfC\u00f3mo influy\u00f3 tu experiencia en YAMEN en tu visi\u00f3n del mundo y de la iglesia? <\/strong><\/h3>\n<p>Haber conocido a personas que viven de desperdicios de la calle y a\u00fan sonr\u00eden ante la vida, me hizo tomar conciencia de lo privilegiada que era al tener agua, tres comidas diarias, una vivienda, el abrazo de una madre o padre y tiempo para compartir con mi familia el fin de semana. Llegu\u00e9 a valorar a alguien que no hubiera podido ba\u00f1arse, pero que necesitaba que lo abrazaran y le dijeran que existe un Ser supremo que lo ama y lo cuida. Trabajo de otra manera con la gente alrededor de m\u00ed. Antes, quiz\u00e1 s\u00f3lo me preocupaba su situaci\u00f3n econ\u00f3mica. Ahora interact\u00fao con mucha gente, y estoy m\u00e1s interesada en qui\u00e9nes son como personas, en c\u00f3mo les va.<\/p>\n<h3><strong>\u00bfC\u00f3mo podr\u00eda haber sido tu vida si no hubieras participado en YAMEN? <\/strong><\/h3>\n<p>Estar\u00eda haciendo mi vida con la misma falta de conciencia como la de tantos en el mundo. Muchos creen que el mundo les debe algo, que el mundo deber\u00eda agradecer su existencia, que las bendiciones diarias son respuesta a sus esfuerzos, y no a la misericordia de Dios.<\/p>\n<h3><strong>\u00bfC\u00f3mo se profundiz\u00f3 tu relaci\u00f3n con Dios?&nbsp;&nbsp;&nbsp;&nbsp;&nbsp;&nbsp;&nbsp;&nbsp;&nbsp;&nbsp;&nbsp;&nbsp;&nbsp;&nbsp;&nbsp;&nbsp;&nbsp;&nbsp;&nbsp;&nbsp;&nbsp;&nbsp;&nbsp;&nbsp;&nbsp;&nbsp;&nbsp;&nbsp;&nbsp;&nbsp;&nbsp;&nbsp;&nbsp;&nbsp;&nbsp;&nbsp;&nbsp;&nbsp;&nbsp;&nbsp;&nbsp;&nbsp;&nbsp;&nbsp;&nbsp;&nbsp;&nbsp;&nbsp;&nbsp;&nbsp;&nbsp;&nbsp;&nbsp;&nbsp;&nbsp;&nbsp;&nbsp;&nbsp;&nbsp;&nbsp;&nbsp;&nbsp;&nbsp;&nbsp;&nbsp;&nbsp;&nbsp;&nbsp;&nbsp;&nbsp;&nbsp;&nbsp; &nbsp;&nbsp;&nbsp;&nbsp;&nbsp;&nbsp;&nbsp;&nbsp;&nbsp;&nbsp;&nbsp;&nbsp;&nbsp;&nbsp;&nbsp;&nbsp;&nbsp;&nbsp;&nbsp;&nbsp;&nbsp;&nbsp;&nbsp;&nbsp;&nbsp;&nbsp;&nbsp;&nbsp;&nbsp;&nbsp;&nbsp;&nbsp;&nbsp;&nbsp;&nbsp;&nbsp;&nbsp;&nbsp;&nbsp;&nbsp;&nbsp;&nbsp;&nbsp;&nbsp;&nbsp;&nbsp;<\/strong><\/h3>\n<p>Aunque estaba lejos de mi pa\u00eds y no conoc\u00eda a nadie, nunca me sent\u00ed sola. Siempre sent\u00ed el apoyo y la gu\u00eda de Dios. Cada d\u00eda fue una oportunidad para aprender de Dios, y comprender lo que \u00e9l esperaba de m\u00ed en ese momento.<\/p>\n<h3><strong>\u00bfC\u00f3mo se profundiz\u00f3 tu visi\u00f3n de la iglesia de Colombia?<\/strong><\/h3>\n<p>Aprend\u00ed que la tarea de llevar el mensaje del evangelio a otros debe hacerse de manera integral. No es posible que las personas sepan que Dios los ama y los busca, si han pasado d\u00edas sin comer, si no tienen acceso a la educaci\u00f3n, o si toda la sociedad los rechaza. \u00bfC\u00f3mo puedo pretender hablar&nbsp; con ellos quince minutos y despu\u00e9s irme? Dios quiere que actuemos como Jes\u00fas: que renunciemos a nuestras bendiciones, ofreci\u00e9ndolas al mundo, que ense\u00f1emos con el ejemplo y respondamos a las necesidades f\u00edsicas, emocionales y espirituales.<\/p>\n<h3><strong>\u00bfCu\u00e1l es tu visi\u00f3n de YAMEN?<\/strong><\/h3>\n<p>Me gustar\u00eda que j\u00f3venes de Colombia participaran en este programa, motiv\u00e1ndose a hacer algo por sus hermanos y hermanas, sin preocuparse por el sacrificio, dej\u00e1ndose guiar por Dios. Me gustar\u00eda ver c\u00f3mo construimos v\u00ednculos con nuestros hermanos y hermanas latinoamericanos, y con personas de pa\u00edses adonde por lo general no estar\u00edamos dispuestos a ir.<\/p>\n<h3><strong>Participantes de YAMEN en 2012-2013<\/strong><\/h3>\n<p><strong>Patricia Calvimontes Arevalo, <\/strong>de Bolivia, sirve en Guatemala;<br \/>\n<strong>Vichara Chum,<\/strong> de Cambodia, sirve en Sud\u00e1frica;<br \/>\n<strong>Fang Deng,<\/strong> de China, sirve en Indonesia;<br \/>\n<strong>Glenda Aracely<\/strong>, de Guatemala, sirve en Bolivia;<strong><br \/>\nHumberto Lagos Mart\u00ednez,<\/strong> de Honduras, sirve en Cambodia;<br \/>\n<strong>Mei Ling Due\u00f1as,<\/strong> de Honduras, sirve en Nicaragua;<br \/>\n<strong>Prashant Nand,<\/strong> de la India, sirve en Indonesia;<br \/>\n<strong>Cindy Tristiantari,<\/strong> de Indonesia, sirve en Corea del Sur;<br \/>\n<strong>Galuh Florentina,<\/strong> de Indonesia, sirve en Cambodia;<br \/>\n<strong>Heri Purwanto,<\/strong> de Indonesia, sirve en Bolivia;<br \/>\n<strong>Youa Xiong, <\/strong>de Laos, sirve en Bolivia;<br \/>\n<strong>Mar\u00eda Aranda,<\/strong> de Nicaragua, sirve en Honduras;<br \/>\n<strong>Paola Duarte,<\/strong> de Paraguay, sirve en M\u00e9xico;<br \/>\n<strong>Shammah NakawesI,<\/strong> de Uganda, sirve en Indonesia;<br \/>\n<strong>Festus Musamba,<\/strong> de Zambia, sirve en Sud\u00e1frica;<br \/>\n<strong>Olivia Muzyamba,<\/strong> de Zambia, sirve en Indonesia.<\/p>\n<hr \/>\n<h5><em>La Red de Intercambio de J\u00f3venes Anabautistas Menonitas (Young Anabaptist Mennonite Exchange Network, \u00a1YAMEN!) es un programa conjunto del Comit\u00e9 Central Menonita (MCC) y el Congreso Mundial Menonita (CMM), cuyo objetivo es fomentar el servicio y aprendizaje intercultural de j\u00f3venes adultos del Sur del mundo.<\/em><\/h5>\n<hr \/>\n<h5>&nbsp;<\/h5>\n<h5>&nbsp;<\/h5>\n","protected":false},"excerpt":{"rendered":"<p>Sindy Novoa Caro reside en Bogot\u00e1, Colombia, donde pertenece a la Iglesia Casa de Oraci\u00f3n, una congregaci\u00f3n de los Hermanos Menonitas. En 2010-2011 Sindy particip\u00f3 en \u00a1YAMEN! como asistente de la maestra en una escuela para ni\u00f1os que viven cerca de un basurero en Tegucigalpa, Honduras. Desde que regres\u00f3 a Colombia, Sindy ayuda a coordinar [&hellip;]<\/p>\n","protected":false},"author":1,"featured_media":84828,"comment_status":"closed","ping_status":"closed","sticky":false,"template":"","format":"standard","meta":{"_acf_changed":false,"footnotes":""},"categories":[6],"tags":[394],"network":[1301],"eventcategory":[],"class_list":["post-8382","post","type-post","status-publish","format-standard","has-post-thumbnail","hentry","category-sin-categorizar","tag-yabs-es","network-yamen-es"],"acf":[],"yoast_head":"<!-- This site is optimized with the Yoast SEO plugin v27.5 - https:\/\/yoast.com\/product\/yoast-seo-wordpress\/ -->\n<title>Ofrezcamos nuestras bendiciones al mundo - Mennonite World Conference<\/title>\n<meta name=\"robots\" content=\"index, follow, max-snippet:-1, max-image-preview:large, max-video-preview:-1\" \/>\n<link rel=\"canonical\" href=\"https:\/\/mwc-cmm.org\/es\/stories\/offering-our-blessings-to-the-world-3\/\" \/>\n<meta property=\"og:locale\" content=\"es_ES\" \/>\n<meta property=\"og:type\" content=\"article\" \/>\n<meta property=\"og:title\" content=\"Ofrezcamos nuestras bendiciones al mundo - Mennonite World Conference\" \/>\n<meta property=\"og:description\" content=\"Sindy Novoa Caro reside en Bogot\u00e1, Colombia, donde pertenece a la Iglesia Casa de Oraci\u00f3n, una congregaci\u00f3n de los Hermanos Menonitas. En 2010-2011 Sindy particip\u00f3 en \u00a1YAMEN! como asistente de la maestra en una escuela para ni\u00f1os que viven cerca de un basurero en Tegucigalpa, Honduras. Desde que regres\u00f3 a Colombia, Sindy ayuda a coordinar [&hellip;]\" \/>\n<meta property=\"og:url\" content=\"https:\/\/mwc-cmm.org\/es\/stories\/offering-our-blessings-to-the-world-3\/\" \/>\n<meta property=\"og:site_name\" content=\"Mennonite World Conference\" \/>\n<meta property=\"article:publisher\" content=\"https:\/\/www.facebook.com\/MennoniteWorldConference\" \/>\n<meta property=\"article:published_time\" content=\"2016-05-19T00:00:00+00:00\" \/>\n<meta property=\"article:modified_time\" content=\"2024-12-10T17:58:19+00:00\" \/>\n<meta property=\"og:image\" content=\"https:\/\/mwc-cmm.org\/wp-content\/uploads\/2024\/11\/sindy_novoa_caro.jpg\" \/>\n\t<meta property=\"og:image:width\" content=\"698\" \/>\n\t<meta property=\"og:image:height\" content=\"800\" \/>\n\t<meta property=\"og:image:type\" content=\"image\/jpeg\" \/>\n<meta name=\"author\" content=\"mennworldcon\" \/>\n<script type=\"application\/ld+json\" class=\"yoast-schema-graph\">{\"@context\":\"https:\\\/\\\/schema.org\",\"@graph\":[{\"@type\":\"Article\",\"@id\":\"https:\\\/\\\/mwc-cmm.org\\\/es\\\/stories\\\/offering-our-blessings-to-the-world-3\\\/#article\",\"isPartOf\":{\"@id\":\"https:\\\/\\\/mwc-cmm.org\\\/es\\\/stories\\\/offering-our-blessings-to-the-world-3\\\/\"},\"author\":{\"name\":\"mennworldcon\",\"@id\":\"https:\\\/\\\/mwc-cmm.org\\\/en\\\/#\\\/schema\\\/person\\\/11f6ae0d7d1868ba20a1cc27f067c836\"},\"headline\":\"Ofrezcamos nuestras bendiciones al mundo\",\"datePublished\":\"2016-05-19T00:00:00+00:00\",\"dateModified\":\"2024-12-10T17:58:19+00:00\",\"mainEntityOfPage\":{\"@id\":\"https:\\\/\\\/mwc-cmm.org\\\/es\\\/stories\\\/offering-our-blessings-to-the-world-3\\\/\"},\"wordCount\":868,\"publisher\":{\"@id\":\"https:\\\/\\\/mwc-cmm.org\\\/en\\\/#organization\"},\"image\":{\"@id\":\"https:\\\/\\\/mwc-cmm.org\\\/es\\\/stories\\\/offering-our-blessings-to-the-world-3\\\/#primaryimage\"},\"thumbnailUrl\":\"https:\\\/\\\/mwc-cmm.org\\\/wp-content\\\/uploads\\\/2024\\\/11\\\/sindy_novoa_caro.jpg\",\"keywords\":[\"YABs\"],\"articleSection\":[\"Sin categorizar\"],\"inLanguage\":\"es\"},{\"@type\":\"WebPage\",\"@id\":\"https:\\\/\\\/mwc-cmm.org\\\/es\\\/stories\\\/offering-our-blessings-to-the-world-3\\\/\",\"url\":\"https:\\\/\\\/mwc-cmm.org\\\/es\\\/stories\\\/offering-our-blessings-to-the-world-3\\\/\",\"name\":\"Ofrezcamos nuestras bendiciones al mundo - Mennonite World Conference\",\"isPartOf\":{\"@id\":\"https:\\\/\\\/mwc-cmm.org\\\/en\\\/#website\"},\"primaryImageOfPage\":{\"@id\":\"https:\\\/\\\/mwc-cmm.org\\\/es\\\/stories\\\/offering-our-blessings-to-the-world-3\\\/#primaryimage\"},\"image\":{\"@id\":\"https:\\\/\\\/mwc-cmm.org\\\/es\\\/stories\\\/offering-our-blessings-to-the-world-3\\\/#primaryimage\"},\"thumbnailUrl\":\"https:\\\/\\\/mwc-cmm.org\\\/wp-content\\\/uploads\\\/2024\\\/11\\\/sindy_novoa_caro.jpg\",\"datePublished\":\"2016-05-19T00:00:00+00:00\",\"dateModified\":\"2024-12-10T17:58:19+00:00\",\"breadcrumb\":{\"@id\":\"https:\\\/\\\/mwc-cmm.org\\\/es\\\/stories\\\/offering-our-blessings-to-the-world-3\\\/#breadcrumb\"},\"inLanguage\":\"es\",\"potentialAction\":[{\"@type\":\"ReadAction\",\"target\":[\"https:\\\/\\\/mwc-cmm.org\\\/es\\\/stories\\\/offering-our-blessings-to-the-world-3\\\/\"]}]},{\"@type\":\"ImageObject\",\"inLanguage\":\"es\",\"@id\":\"https:\\\/\\\/mwc-cmm.org\\\/es\\\/stories\\\/offering-our-blessings-to-the-world-3\\\/#primaryimage\",\"url\":\"https:\\\/\\\/mwc-cmm.org\\\/wp-content\\\/uploads\\\/2024\\\/11\\\/sindy_novoa_caro.jpg\",\"contentUrl\":\"https:\\\/\\\/mwc-cmm.org\\\/wp-content\\\/uploads\\\/2024\\\/11\\\/sindy_novoa_caro.jpg\",\"width\":698,\"height\":800},{\"@type\":\"BreadcrumbList\",\"@id\":\"https:\\\/\\\/mwc-cmm.org\\\/es\\\/stories\\\/offering-our-blessings-to-the-world-3\\\/#breadcrumb\",\"itemListElement\":[{\"@type\":\"ListItem\",\"position\":1,\"name\":\"Home\",\"item\":\"https:\\\/\\\/mwc-cmm.org\\\/es\\\/\"},{\"@type\":\"ListItem\",\"position\":2,\"name\":\"Ofrezcamos nuestras bendiciones al mundo\"}]},{\"@type\":\"WebSite\",\"@id\":\"https:\\\/\\\/mwc-cmm.org\\\/en\\\/#website\",\"url\":\"https:\\\/\\\/mwc-cmm.org\\\/en\\\/\",\"name\":\"Mennonite World Conference\",\"description\":\"A communion of Anabaptist-related churches\",\"publisher\":{\"@id\":\"https:\\\/\\\/mwc-cmm.org\\\/en\\\/#organization\"},\"alternateName\":\"MWC\",\"potentialAction\":[{\"@type\":\"SearchAction\",\"target\":{\"@type\":\"EntryPoint\",\"urlTemplate\":\"https:\\\/\\\/mwc-cmm.org\\\/en\\\/?s={search_term_string}\"},\"query-input\":{\"@type\":\"PropertyValueSpecification\",\"valueRequired\":true,\"valueName\":\"search_term_string\"}}],\"inLanguage\":\"es\"},{\"@type\":\"Organization\",\"@id\":\"https:\\\/\\\/mwc-cmm.org\\\/en\\\/#organization\",\"name\":\"Mennonite World Conference\",\"alternateName\":\"MWC\",\"url\":\"https:\\\/\\\/mwc-cmm.org\\\/en\\\/\",\"logo\":{\"@type\":\"ImageObject\",\"inLanguage\":\"es\",\"@id\":\"https:\\\/\\\/mwc-cmm.org\\\/en\\\/#\\\/schema\\\/logo\\\/image\\\/\",\"url\":\"https:\\\/\\\/mwc-cmm.org\\\/wp-content\\\/uploads\\\/2026\\\/01\\\/MWC_Sig_Blue_Horiz_webheader1-logo.svg\",\"contentUrl\":\"https:\\\/\\\/mwc-cmm.org\\\/wp-content\\\/uploads\\\/2026\\\/01\\\/MWC_Sig_Blue_Horiz_webheader1-logo.svg\",\"width\":786,\"height\":82,\"caption\":\"Mennonite World Conference\"},\"image\":{\"@id\":\"https:\\\/\\\/mwc-cmm.org\\\/en\\\/#\\\/schema\\\/logo\\\/image\\\/\"},\"sameAs\":[\"https:\\\/\\\/www.facebook.com\\\/MennoniteWorldConference\",\"https:\\\/\\\/www.linkedin.com\\\/company\\\/mennonite-world-conference-mwc\\\/\",\"https:\\\/\\\/www.instagram.com\\\/mwcmm\\\/\",\"https:\\\/\\\/www.youtube.com\\\/user\\\/mwccmm\",\"https:\\\/\\\/bsky.app\\\/profile\\\/mwcmm.bsky.social\"]},{\"@type\":\"Person\",\"@id\":\"https:\\\/\\\/mwc-cmm.org\\\/en\\\/#\\\/schema\\\/person\\\/11f6ae0d7d1868ba20a1cc27f067c836\",\"name\":\"mennworldcon\",\"image\":{\"@type\":\"ImageObject\",\"inLanguage\":\"es\",\"@id\":\"https:\\\/\\\/secure.gravatar.com\\\/avatar\\\/06fdc0dc81c157dfdb82ec42f252178a22307808988d22c043f9eb96f1e0fe80?s=96&d=mm&r=g\",\"url\":\"https:\\\/\\\/secure.gravatar.com\\\/avatar\\\/06fdc0dc81c157dfdb82ec42f252178a22307808988d22c043f9eb96f1e0fe80?s=96&d=mm&r=g\",\"contentUrl\":\"https:\\\/\\\/secure.gravatar.com\\\/avatar\\\/06fdc0dc81c157dfdb82ec42f252178a22307808988d22c043f9eb96f1e0fe80?s=96&d=mm&r=g\",\"caption\":\"mennworldcon\"},\"sameAs\":[\"https:\\\/\\\/mwc-cmm.org\"],\"url\":\"https:\\\/\\\/mwc-cmm.org\\\/es\\\/stories\\\/author\\\/mennworldcon\\\/\"}]}<\/script>\n<!-- \/ Yoast SEO plugin. -->","yoast_head_json":{"title":"Ofrezcamos nuestras bendiciones al mundo - Mennonite World Conference","robots":{"index":"index","follow":"follow","max-snippet":"max-snippet:-1","max-image-preview":"max-image-preview:large","max-video-preview":"max-video-preview:-1"},"canonical":"https:\/\/mwc-cmm.org\/es\/stories\/offering-our-blessings-to-the-world-3\/","og_locale":"es_ES","og_type":"article","og_title":"Ofrezcamos nuestras bendiciones al mundo - Mennonite World Conference","og_description":"Sindy Novoa Caro reside en Bogot\u00e1, Colombia, donde pertenece a la Iglesia Casa de Oraci\u00f3n, una congregaci\u00f3n de los Hermanos Menonitas. En 2010-2011 Sindy particip\u00f3 en \u00a1YAMEN! como asistente de la maestra en una escuela para ni\u00f1os que viven cerca de un basurero en Tegucigalpa, Honduras. Desde que regres\u00f3 a Colombia, Sindy ayuda a coordinar [&hellip;]","og_url":"https:\/\/mwc-cmm.org\/es\/stories\/offering-our-blessings-to-the-world-3\/","og_site_name":"Mennonite World Conference","article_publisher":"https:\/\/www.facebook.com\/MennoniteWorldConference","article_published_time":"2016-05-19T00:00:00+00:00","article_modified_time":"2024-12-10T17:58:19+00:00","og_image":[{"width":698,"height":800,"url":"https:\/\/mwc-cmm.org\/wp-content\/uploads\/2024\/11\/sindy_novoa_caro.jpg","type":"image\/jpeg"}],"author":"mennworldcon","schema":{"@context":"https:\/\/schema.org","@graph":[{"@type":"Article","@id":"https:\/\/mwc-cmm.org\/es\/stories\/offering-our-blessings-to-the-world-3\/#article","isPartOf":{"@id":"https:\/\/mwc-cmm.org\/es\/stories\/offering-our-blessings-to-the-world-3\/"},"author":{"name":"mennworldcon","@id":"https:\/\/mwc-cmm.org\/en\/#\/schema\/person\/11f6ae0d7d1868ba20a1cc27f067c836"},"headline":"Ofrezcamos nuestras bendiciones al mundo","datePublished":"2016-05-19T00:00:00+00:00","dateModified":"2024-12-10T17:58:19+00:00","mainEntityOfPage":{"@id":"https:\/\/mwc-cmm.org\/es\/stories\/offering-our-blessings-to-the-world-3\/"},"wordCount":868,"publisher":{"@id":"https:\/\/mwc-cmm.org\/en\/#organization"},"image":{"@id":"https:\/\/mwc-cmm.org\/es\/stories\/offering-our-blessings-to-the-world-3\/#primaryimage"},"thumbnailUrl":"https:\/\/mwc-cmm.org\/wp-content\/uploads\/2024\/11\/sindy_novoa_caro.jpg","keywords":["YABs"],"articleSection":["Sin categorizar"],"inLanguage":"es"},{"@type":"WebPage","@id":"https:\/\/mwc-cmm.org\/es\/stories\/offering-our-blessings-to-the-world-3\/","url":"https:\/\/mwc-cmm.org\/es\/stories\/offering-our-blessings-to-the-world-3\/","name":"Ofrezcamos nuestras bendiciones al mundo - Mennonite World Conference","isPartOf":{"@id":"https:\/\/mwc-cmm.org\/en\/#website"},"primaryImageOfPage":{"@id":"https:\/\/mwc-cmm.org\/es\/stories\/offering-our-blessings-to-the-world-3\/#primaryimage"},"image":{"@id":"https:\/\/mwc-cmm.org\/es\/stories\/offering-our-blessings-to-the-world-3\/#primaryimage"},"thumbnailUrl":"https:\/\/mwc-cmm.org\/wp-content\/uploads\/2024\/11\/sindy_novoa_caro.jpg","datePublished":"2016-05-19T00:00:00+00:00","dateModified":"2024-12-10T17:58:19+00:00","breadcrumb":{"@id":"https:\/\/mwc-cmm.org\/es\/stories\/offering-our-blessings-to-the-world-3\/#breadcrumb"},"inLanguage":"es","potentialAction":[{"@type":"ReadAction","target":["https:\/\/mwc-cmm.org\/es\/stories\/offering-our-blessings-to-the-world-3\/"]}]},{"@type":"ImageObject","inLanguage":"es","@id":"https:\/\/mwc-cmm.org\/es\/stories\/offering-our-blessings-to-the-world-3\/#primaryimage","url":"https:\/\/mwc-cmm.org\/wp-content\/uploads\/2024\/11\/sindy_novoa_caro.jpg","contentUrl":"https:\/\/mwc-cmm.org\/wp-content\/uploads\/2024\/11\/sindy_novoa_caro.jpg","width":698,"height":800},{"@type":"BreadcrumbList","@id":"https:\/\/mwc-cmm.org\/es\/stories\/offering-our-blessings-to-the-world-3\/#breadcrumb","itemListElement":[{"@type":"ListItem","position":1,"name":"Home","item":"https:\/\/mwc-cmm.org\/es\/"},{"@type":"ListItem","position":2,"name":"Ofrezcamos nuestras bendiciones al mundo"}]},{"@type":"WebSite","@id":"https:\/\/mwc-cmm.org\/en\/#website","url":"https:\/\/mwc-cmm.org\/en\/","name":"Mennonite World Conference","description":"A communion of Anabaptist-related churches","publisher":{"@id":"https:\/\/mwc-cmm.org\/en\/#organization"},"alternateName":"MWC","potentialAction":[{"@type":"SearchAction","target":{"@type":"EntryPoint","urlTemplate":"https:\/\/mwc-cmm.org\/en\/?s={search_term_string}"},"query-input":{"@type":"PropertyValueSpecification","valueRequired":true,"valueName":"search_term_string"}}],"inLanguage":"es"},{"@type":"Organization","@id":"https:\/\/mwc-cmm.org\/en\/#organization","name":"Mennonite World Conference","alternateName":"MWC","url":"https:\/\/mwc-cmm.org\/en\/","logo":{"@type":"ImageObject","inLanguage":"es","@id":"https:\/\/mwc-cmm.org\/en\/#\/schema\/logo\/image\/","url":"https:\/\/mwc-cmm.org\/wp-content\/uploads\/2026\/01\/MWC_Sig_Blue_Horiz_webheader1-logo.svg","contentUrl":"https:\/\/mwc-cmm.org\/wp-content\/uploads\/2026\/01\/MWC_Sig_Blue_Horiz_webheader1-logo.svg","width":786,"height":82,"caption":"Mennonite World Conference"},"image":{"@id":"https:\/\/mwc-cmm.org\/en\/#\/schema\/logo\/image\/"},"sameAs":["https:\/\/www.facebook.com\/MennoniteWorldConference","https:\/\/www.linkedin.com\/company\/mennonite-world-conference-mwc\/","https:\/\/www.instagram.com\/mwcmm\/","https:\/\/www.youtube.com\/user\/mwccmm","https:\/\/bsky.app\/profile\/mwcmm.bsky.social"]},{"@type":"Person","@id":"https:\/\/mwc-cmm.org\/en\/#\/schema\/person\/11f6ae0d7d1868ba20a1cc27f067c836","name":"mennworldcon","image":{"@type":"ImageObject","inLanguage":"es","@id":"https:\/\/secure.gravatar.com\/avatar\/06fdc0dc81c157dfdb82ec42f252178a22307808988d22c043f9eb96f1e0fe80?s=96&d=mm&r=g","url":"https:\/\/secure.gravatar.com\/avatar\/06fdc0dc81c157dfdb82ec42f252178a22307808988d22c043f9eb96f1e0fe80?s=96&d=mm&r=g","contentUrl":"https:\/\/secure.gravatar.com\/avatar\/06fdc0dc81c157dfdb82ec42f252178a22307808988d22c043f9eb96f1e0fe80?s=96&d=mm&r=g","caption":"mennworldcon"},"sameAs":["https:\/\/mwc-cmm.org"],"url":"https:\/\/mwc-cmm.org\/es\/stories\/author\/mennworldcon\/"}]}},"_links":{"self":[{"href":"https:\/\/mwc-cmm.org\/es\/wp-json\/wp\/v2\/posts\/8382","targetHints":{"allow":["GET"]}}],"collection":[{"href":"https:\/\/mwc-cmm.org\/es\/wp-json\/wp\/v2\/posts"}],"about":[{"href":"https:\/\/mwc-cmm.org\/es\/wp-json\/wp\/v2\/types\/post"}],"author":[{"embeddable":true,"href":"https:\/\/mwc-cmm.org\/es\/wp-json\/wp\/v2\/users\/1"}],"replies":[{"embeddable":true,"href":"https:\/\/mwc-cmm.org\/es\/wp-json\/wp\/v2\/comments?post=8382"}],"version-history":[{"count":0,"href":"https:\/\/mwc-cmm.org\/es\/wp-json\/wp\/v2\/posts\/8382\/revisions"}],"wp:featuredmedia":[{"embeddable":true,"href":"https:\/\/mwc-cmm.org\/es\/wp-json\/wp\/v2\/media\/84828"}],"wp:attachment":[{"href":"https:\/\/mwc-cmm.org\/es\/wp-json\/wp\/v2\/media?parent=8382"}],"wp:term":[{"taxonomy":"category","embeddable":true,"href":"https:\/\/mwc-cmm.org\/es\/wp-json\/wp\/v2\/categories?post=8382"},{"taxonomy":"post_tag","embeddable":true,"href":"https:\/\/mwc-cmm.org\/es\/wp-json\/wp\/v2\/tags?post=8382"},{"taxonomy":"network","embeddable":true,"href":"https:\/\/mwc-cmm.org\/es\/wp-json\/wp\/v2\/network?post=8382"},{"taxonomy":"eventcategory","embeddable":true,"href":"https:\/\/mwc-cmm.org\/es\/wp-json\/wp\/v2\/eventcategory?post=8382"}],"curies":[{"name":"wp","href":"https:\/\/api.w.org\/{rel}","templated":true}]}}