{"id":8378,"date":"2012-10-01T00:00:00","date_gmt":"2012-10-01T00:00:00","guid":{"rendered":"https:\/\/mwc-cmm.org\/congolese-mennonites-celebrate-100-years-of-gods-faithfulness-and-partnership-3\/"},"modified":"2024-12-10T17:58:16","modified_gmt":"2024-12-10T17:58:16","slug":"menonitas-congolenos-celebran-cien-anos-de-fidelidad-de-dios-y-coparticipacion","status":"publish","type":"post","link":"https:\/\/mwc-cmm.org\/es\/stories\/menonitas-congolenos-celebran-cien-anos-de-fidelidad-de-dios-y-coparticipacion\/","title":{"rendered":"Menonitas congole\u00f1os celebran cien a\u00f1os de fidelidad de Dios y coparticipaci\u00f3n"},"content":{"rendered":"<p>En cien a\u00f1os, la Communaut\u00e9 Mennonite au Congo ha prosperado y cuenta actualmente con 110.000 miembros, 798 congregaciones, 95 escuelas y siete hospitales.<\/p>\n<p>Tshikapa, Rep\u00fablica Democr\u00e1tica del Congo-  Unos cincuenta m\u00fasicos j\u00f3venes caminaron 160 kil\u00f3metros cargando sus tambores, equipaje y algunos beb\u00e9s para asistir a la celebraci\u00f3n del centenario de la Comunidad Menonita del Congo (Communaut\u00e9 Mennonite au Congo, CMCO), realizada del 16-22 de julio. Durante una semana, los miembros del coro de Djoko Punda, uno de los primeros puestos misioneros menonitas de este pa\u00eds centroafricano, recorrieron caminos escabrosos a trav\u00e9s de bosques y sabanas, cruzaron r\u00edos sobre puentes precarios y pernoctaron en escuelas.<\/p>\n<p>El Coro del Gran Tambor (Chorale Grand Tam-Tam) lleg\u00f3 a Tshikapa, sede central de esta denominaci\u00f3n menonita, para dirigir el canto de alabanza de los menonitas de tres continentes por los \u201ccien a\u00f1os de evangelizaci\u00f3n y encuentros culturales\u201d, seg\u00fan el lema del evento.<\/p>\n<p>En el discurso inaugural, Adolphe Komuesa Kalunga, presidente de CMCO, present\u00f3 una rese\u00f1a de la historia menonita del Congo, se\u00f1alando los puntos d\u00e9biles y fracasos del enfoque misionero de aquellos que llegaron al Congo por medio de la Misi\u00f3n Intermenonita de \u00c1frica y sus organizaciones predecesoras: paternalismo, fuerte \u00e9nfasis en cuestiones espirituales, poca preocupaci\u00f3n por las condiciones materiales que oprim\u00edan al pueblo congole\u00f1o, y reticencia a confiar la administraci\u00f3n financiera a la iglesia congole\u00f1a.<\/p>\n<p>Sin embargo, Komuesa expres\u00f3 reconocimiento y agradecimiento a cientos de misioneros que, enfrentando enfermedades, un clima hostil, condiciones de vida dif\u00edciles e inestabilidad pol\u00edtica, se mantuvieron fieles al llamado de Dios y compartieron las buenas nuevas de Jes\u00fas. Komuesa pidi\u00f3 a la asamblea reunida un minuto de silencio en conmemoraci\u00f3n de todos los menonitas que sacrificaron su vida en obediencia al llamado de Cristo.<\/p>\n<p>En el discurso de cierre, Komuesa manifest\u00f3: \u201cSaludo a aquellos misioneros que entregaron su juventud y su vida por nuestro pa\u00eds. Tambi\u00e9n rindo homenaje a los descendientes de estos misioneros que a\u00fan trabajan por el bienestar de nuestra iglesia. Sepan que estamos muy agradecidos\u201d.<\/p>\n<p>Komuesa felicit\u00f3 a la iglesia por su solidaridad y se\u00f1al\u00f3 que los logros misioneros s\u00f3lo fueron posibles gracias al trabajo conjunto del pueblo congole\u00f1o con sus hermanos\/as de Am\u00e9rica del Norte.<\/p>\n<p>Actualmente, CMCO es miembro de la Misi\u00f3n Intermenonita de \u00c1frica, que aglutina a ocho organizaciones asociadas, incluyendo la Red Misionera Menonita.<\/p>\n<p>Alrededor de 400 participantes asistieron al culto final del domingo 22 de julio; muchos encendieron velas para festejar el cumplea\u00f1os de CMCO.<\/p>\n<p>\u201cQueridos hermanos y hermanas en Cristo, al comenzar el segundo siglo, mi deseo es que cuiden nuestra iglesia\u201d, pidi\u00f3 Komuesa, mientras se extingu\u00edan las velas que simbolizan el fin del primer centenario de CMCO.<\/p>\n<p>Durante la semana de celebraci\u00f3n, la historia de CMCO se cont\u00f3 de distintas maneras: a trav\u00e9s de canciones originales seg\u00fan la tradici\u00f3n de los griots (cantores-historiadores), un libro de breves biograf\u00edas sobre los primeros menonitas congole\u00f1os, una presentaci\u00f3n de Power Point realizada por Fran\u00e7ois Tshidimu Mukendi (pastor e historiador menonita) y de muchos ejemplos en sermones y testimonios.<\/p>\n<p>\u201cA partir de 1912 y durante cien a\u00f1os, CMCO ha realizado la obra de Dios\u201d, cant\u00f3 el Coro Evang\u00e9lico Menonita de Dibumba (Chorale Evang\u00e9lique Mennonite de Dibumba). \u201cHoy estamos aqu\u00ed para agradecer a Dios. Ahora, somos muchos menonitas. Trabajemos en unidad para difundir las buenas nuevas de Jes\u00fas.\u201d<\/p>\n<p>En las estrofas posteriores, el coro describi\u00f3 c\u00f3mo se establecieron ocho puestos misioneros.<\/p>\n<p>Si bien algunos de los edificios de los puestos misioneros se encuentran en mal estado, la iglesia ha prosperado y actualmente cuenta con 110.000 miembros, 798 congregaciones, 95 escuelas y siete hospitales, seg\u00fan una conferencia brindada por Anastasie Tshimbila, profesor del Instituto B\u00edblico Menonita de Kalonda, a cinco millas de Tshikapa.<\/p>\n<p>El debate m\u00e1s apasionado de la celebraci\u00f3n se centr\u00f3 en la decisi\u00f3n de ordenar a las mujeres. De las tres denominaciones menonitas del Congo, CMCO era la \u00fanica que a\u00fan se negaba a la ordenaci\u00f3n de mujeres. Communaut\u00e9 des Fr\u00e8res Mennonites au Congo (Iglesia de los Hermanos Menonitas) orden\u00f3 a su primera pastora en 2000. Communaut\u00e9 Evang\u00e9lique Mennonite (Iglesia Evang\u00e9lica Menonita) hac\u00eda preparativos para ordenar a su primera pastora d\u00edas despu\u00e9s de la celebraci\u00f3n del centenario de CMCO.<\/p>\n<p>Komuesa fue ratificado por seis a\u00f1os m\u00e1s como presidente de CMCO, apenas unas horas antes de que comenzaran las festividades por el centenario, ya que la asamblea general anual finaliz\u00f3 en la madrugada del 15 de julio.<\/p>\n<p>Entre los logros del primer mandato de Komuesa se encuentra la construcci\u00f3n de un centro de acogida que incluye una gran sala de conferencias, un comedor, una cocina y tres edificios de dormitorios. Estas nuevas instalaciones le permitieron a CMCO recibir a treinta delegados provenientes de tres continentes, en representaci\u00f3n de ocho organizaciones menonitas (v\u00e9ase recuadro). Dado que el centro de acogida queda cerca del aeropuerto, CMCO espera poder utilizarlo como hostal y generar as\u00ed un ingreso para la iglesia.<\/p>\n<p>El centro de acogida constituy\u00f3 una iniciativa conjunta que incluy\u00f3 a la Misi\u00f3n Intermenonita de \u00c1frica, CMCO, equipos de trabajo pertenecientes a congregaciones de la Iglesia Menonita USA y a Arnold Harder, que viaj\u00f3 cuatro veces al Congo para colaborar en el proceso de construcci\u00f3n durante un total de seis meses.<\/p>\n<p>Rod Hollinger-Janzen, coordinador ejecutivo de la Misi\u00f3n Intermenonita de \u00c1frica, estuvo a cargo del componente internacional de la celebraci\u00f3n del aniversario congole\u00f1o. Seg\u00fan sus palabras, la experiencia demostr\u00f3 cu\u00e1n profundas pueden ser las relaciones dentro del cuerpo de Cristo. Se conmovi\u00f3 al presenciar el reconocimiento mutuo que expresaron los coros de distintos grupos \u00e9tnicos (tshokwe, lulua y pende); personas que d\u00e9cadas atr\u00e1s estaban enfrentadas, ahora festejaban con cantos la fraternidad que les un\u00eda.<\/p>\n<p>\u201c\u00c9sta fue una manera en que la celebraci\u00f3n del centenario sirviera para que los miembros de CMCO reafirmaran su unidad en Cristo y aceptaran su diversidad \u00e9tnica como una realidad positiva y creativa\u201d, dijo Hollinger-Janzen. \u201cSe destac\u00f3 de diversas maneras la importancia de que hubiera asistido nuestra delegaci\u00f3n internacional.\u201d<\/p>\n<p>Hollinger-Janzen se\u00f1al\u00f3 que los l\u00edderes y miembros de CMCO expresaron en repetidas oportunidades su deseo de seguir fomentando relaciones fraternales y estableciendo v\u00ednculos con las convenciones y organizaciones de la iglesia que hab\u00edan colaborado en la fundaci\u00f3n de iglesias menonitas en el Congo.<\/p>\n<p>Entre las organizaciones internacionales con representaci\u00f3n en la celebraci\u00f3n del centenario, estuvieron: Misi\u00f3n Intermenonita de \u00c1frica, Fraternidad de Iglesias Evang\u00e9licas, Red Menonita de Misiones, la Iglesia Menonita USA, Iglesia Menonita Canada; Congreso Mundial Menonita, Comit\u00e9 Central Menonita y Red Franc\u00f3fona (que sirve a la comunidad anabautista mundial de habla francesa).<\/p>\n<p><em>Redactado para el Congreso Mundial Menonita por Lynda Hollinger-Janzen, escritora de la Red Menonita de Misiones de la Iglesia Menonita USA<\/em><\/p>\n","protected":false},"excerpt":{"rendered":"<p>NULL<\/p>\n","protected":false},"author":1,"featured_media":84772,"comment_status":"closed","ping_status":"closed","sticky":false,"template":"","format":"standard","meta":{"_acf_changed":false,"footnotes":""},"categories":[6],"tags":[],"network":[],"eventcategory":[],"class_list":["post-8378","post","type-post","status-publish","format-standard","has-post-thumbnail","hentry","category-sin-categorizar"],"acf":[],"yoast_head":"<!-- This site is optimized with the Yoast SEO plugin v27.5 - https:\/\/yoast.com\/product\/yoast-seo-wordpress\/ -->\n<title>Menonitas congole\u00f1os celebran cien a\u00f1os de fidelidad de Dios y coparticipaci\u00f3n - Mennonite World Conference<\/title>\n<meta name=\"robots\" content=\"index, follow, max-snippet:-1, max-image-preview:large, max-video-preview:-1\" \/>\n<link rel=\"canonical\" href=\"https:\/\/mwc-cmm.org\/en\/stories\/congolese-mennonites-celebrate-100-years-gods-faithfulness-and-partnership\/\" \/>\n<meta property=\"og:locale\" content=\"es_ES\" \/>\n<meta property=\"og:type\" content=\"article\" \/>\n<meta property=\"og:title\" content=\"Menonitas congole\u00f1os celebran cien a\u00f1os de fidelidad de Dios y coparticipaci\u00f3n - Mennonite World Conference\" \/>\n<meta property=\"og:description\" content=\"NULL\" \/>\n<meta property=\"og:url\" content=\"https:\/\/mwc-cmm.org\/en\/stories\/congolese-mennonites-celebrate-100-years-gods-faithfulness-and-partnership\/\" \/>\n<meta property=\"og:site_name\" content=\"Mennonite World Conference\" \/>\n<meta property=\"article:publisher\" content=\"https:\/\/www.facebook.com\/MennoniteWorldConference\" \/>\n<meta property=\"article:published_time\" content=\"2012-10-01T00:00:00+00:00\" \/>\n<meta property=\"article:modified_time\" content=\"2024-12-10T17:58:16+00:00\" \/>\n<meta property=\"og:image\" content=\"https:\/\/mwc-cmm.org\/wp-content\/uploads\/2024\/11\/big_drum_choir.jpg\" \/>\n\t<meta property=\"og:image:width\" content=\"2160\" \/>\n\t<meta property=\"og:image:height\" content=\"1252\" \/>\n\t<meta property=\"og:image:type\" content=\"image\/jpeg\" \/>\n<meta name=\"author\" content=\"mennworldcon\" \/>\n<script type=\"application\/ld+json\" class=\"yoast-schema-graph\">{\"@context\":\"https:\\\/\\\/schema.org\",\"@graph\":[{\"@type\":\"Article\",\"@id\":\"https:\\\/\\\/mwc-cmm.org\\\/en\\\/stories\\\/congolese-mennonites-celebrate-100-years-gods-faithfulness-and-partnership\\\/#article\",\"isPartOf\":{\"@id\":\"https:\\\/\\\/mwc-cmm.org\\\/en\\\/stories\\\/congolese-mennonites-celebrate-100-years-gods-faithfulness-and-partnership\\\/\"},\"author\":{\"name\":\"mennworldcon\",\"@id\":\"https:\\\/\\\/mwc-cmm.org\\\/en\\\/#\\\/schema\\\/person\\\/11f6ae0d7d1868ba20a1cc27f067c836\"},\"headline\":\"Menonitas congole\u00f1os celebran cien a\u00f1os de fidelidad de Dios y coparticipaci\u00f3n\",\"datePublished\":\"2012-10-01T00:00:00+00:00\",\"dateModified\":\"2024-12-10T17:58:16+00:00\",\"mainEntityOfPage\":{\"@id\":\"https:\\\/\\\/mwc-cmm.org\\\/en\\\/stories\\\/congolese-mennonites-celebrate-100-years-gods-faithfulness-and-partnership\\\/\"},\"wordCount\":1184,\"publisher\":{\"@id\":\"https:\\\/\\\/mwc-cmm.org\\\/en\\\/#organization\"},\"image\":{\"@id\":\"https:\\\/\\\/mwc-cmm.org\\\/en\\\/stories\\\/congolese-mennonites-celebrate-100-years-gods-faithfulness-and-partnership\\\/#primaryimage\"},\"thumbnailUrl\":\"https:\\\/\\\/mwc-cmm.org\\\/wp-content\\\/uploads\\\/2024\\\/11\\\/big_drum_choir.jpg\",\"articleSection\":[\"Sin categorizar\"],\"inLanguage\":\"es\"},{\"@type\":\"WebPage\",\"@id\":\"https:\\\/\\\/mwc-cmm.org\\\/en\\\/stories\\\/congolese-mennonites-celebrate-100-years-gods-faithfulness-and-partnership\\\/\",\"url\":\"https:\\\/\\\/mwc-cmm.org\\\/en\\\/stories\\\/congolese-mennonites-celebrate-100-years-gods-faithfulness-and-partnership\\\/\",\"name\":\"Menonitas congole\u00f1os celebran cien a\u00f1os de fidelidad de Dios y coparticipaci\u00f3n - Mennonite World Conference\",\"isPartOf\":{\"@id\":\"https:\\\/\\\/mwc-cmm.org\\\/en\\\/#website\"},\"primaryImageOfPage\":{\"@id\":\"https:\\\/\\\/mwc-cmm.org\\\/en\\\/stories\\\/congolese-mennonites-celebrate-100-years-gods-faithfulness-and-partnership\\\/#primaryimage\"},\"image\":{\"@id\":\"https:\\\/\\\/mwc-cmm.org\\\/en\\\/stories\\\/congolese-mennonites-celebrate-100-years-gods-faithfulness-and-partnership\\\/#primaryimage\"},\"thumbnailUrl\":\"https:\\\/\\\/mwc-cmm.org\\\/wp-content\\\/uploads\\\/2024\\\/11\\\/big_drum_choir.jpg\",\"datePublished\":\"2012-10-01T00:00:00+00:00\",\"dateModified\":\"2024-12-10T17:58:16+00:00\",\"breadcrumb\":{\"@id\":\"https:\\\/\\\/mwc-cmm.org\\\/en\\\/stories\\\/congolese-mennonites-celebrate-100-years-gods-faithfulness-and-partnership\\\/#breadcrumb\"},\"inLanguage\":\"es\",\"potentialAction\":[{\"@type\":\"ReadAction\",\"target\":[\"https:\\\/\\\/mwc-cmm.org\\\/en\\\/stories\\\/congolese-mennonites-celebrate-100-years-gods-faithfulness-and-partnership\\\/\"]}]},{\"@type\":\"ImageObject\",\"inLanguage\":\"es\",\"@id\":\"https:\\\/\\\/mwc-cmm.org\\\/en\\\/stories\\\/congolese-mennonites-celebrate-100-years-gods-faithfulness-and-partnership\\\/#primaryimage\",\"url\":\"https:\\\/\\\/mwc-cmm.org\\\/wp-content\\\/uploads\\\/2024\\\/11\\\/big_drum_choir.jpg\",\"contentUrl\":\"https:\\\/\\\/mwc-cmm.org\\\/wp-content\\\/uploads\\\/2024\\\/11\\\/big_drum_choir.jpg\",\"width\":2160,\"height\":1252},{\"@type\":\"BreadcrumbList\",\"@id\":\"https:\\\/\\\/mwc-cmm.org\\\/en\\\/stories\\\/congolese-mennonites-celebrate-100-years-gods-faithfulness-and-partnership\\\/#breadcrumb\",\"itemListElement\":[{\"@type\":\"ListItem\",\"position\":1,\"name\":\"Home\",\"item\":\"https:\\\/\\\/mwc-cmm.org\\\/es\\\/\"},{\"@type\":\"ListItem\",\"position\":2,\"name\":\"Menonitas congole\u00f1os celebran cien a\u00f1os de fidelidad de Dios y coparticipaci\u00f3n\"}]},{\"@type\":\"WebSite\",\"@id\":\"https:\\\/\\\/mwc-cmm.org\\\/en\\\/#website\",\"url\":\"https:\\\/\\\/mwc-cmm.org\\\/en\\\/\",\"name\":\"Mennonite World Conference\",\"description\":\"A communion of Anabaptist-related churches\",\"publisher\":{\"@id\":\"https:\\\/\\\/mwc-cmm.org\\\/en\\\/#organization\"},\"alternateName\":\"MWC\",\"potentialAction\":[{\"@type\":\"SearchAction\",\"target\":{\"@type\":\"EntryPoint\",\"urlTemplate\":\"https:\\\/\\\/mwc-cmm.org\\\/en\\\/?s={search_term_string}\"},\"query-input\":{\"@type\":\"PropertyValueSpecification\",\"valueRequired\":true,\"valueName\":\"search_term_string\"}}],\"inLanguage\":\"es\"},{\"@type\":\"Organization\",\"@id\":\"https:\\\/\\\/mwc-cmm.org\\\/en\\\/#organization\",\"name\":\"Mennonite World Conference\",\"alternateName\":\"MWC\",\"url\":\"https:\\\/\\\/mwc-cmm.org\\\/en\\\/\",\"logo\":{\"@type\":\"ImageObject\",\"inLanguage\":\"es\",\"@id\":\"https:\\\/\\\/mwc-cmm.org\\\/en\\\/#\\\/schema\\\/logo\\\/image\\\/\",\"url\":\"https:\\\/\\\/mwc-cmm.org\\\/wp-content\\\/uploads\\\/2026\\\/01\\\/MWC_Sig_Blue_Horiz_webheader1-logo.svg\",\"contentUrl\":\"https:\\\/\\\/mwc-cmm.org\\\/wp-content\\\/uploads\\\/2026\\\/01\\\/MWC_Sig_Blue_Horiz_webheader1-logo.svg\",\"width\":786,\"height\":82,\"caption\":\"Mennonite World Conference\"},\"image\":{\"@id\":\"https:\\\/\\\/mwc-cmm.org\\\/en\\\/#\\\/schema\\\/logo\\\/image\\\/\"},\"sameAs\":[\"https:\\\/\\\/www.facebook.com\\\/MennoniteWorldConference\",\"https:\\\/\\\/www.linkedin.com\\\/company\\\/mennonite-world-conference-mwc\\\/\",\"https:\\\/\\\/www.instagram.com\\\/mwcmm\\\/\",\"https:\\\/\\\/www.youtube.com\\\/user\\\/mwccmm\",\"https:\\\/\\\/bsky.app\\\/profile\\\/mwcmm.bsky.social\"]},{\"@type\":\"Person\",\"@id\":\"https:\\\/\\\/mwc-cmm.org\\\/en\\\/#\\\/schema\\\/person\\\/11f6ae0d7d1868ba20a1cc27f067c836\",\"name\":\"mennworldcon\",\"image\":{\"@type\":\"ImageObject\",\"inLanguage\":\"es\",\"@id\":\"https:\\\/\\\/secure.gravatar.com\\\/avatar\\\/06fdc0dc81c157dfdb82ec42f252178a22307808988d22c043f9eb96f1e0fe80?s=96&d=mm&r=g\",\"url\":\"https:\\\/\\\/secure.gravatar.com\\\/avatar\\\/06fdc0dc81c157dfdb82ec42f252178a22307808988d22c043f9eb96f1e0fe80?s=96&d=mm&r=g\",\"contentUrl\":\"https:\\\/\\\/secure.gravatar.com\\\/avatar\\\/06fdc0dc81c157dfdb82ec42f252178a22307808988d22c043f9eb96f1e0fe80?s=96&d=mm&r=g\",\"caption\":\"mennworldcon\"},\"sameAs\":[\"https:\\\/\\\/mwc-cmm.org\"],\"url\":\"https:\\\/\\\/mwc-cmm.org\\\/es\\\/stories\\\/author\\\/mennworldcon\\\/\"}]}<\/script>\n<!-- \/ Yoast SEO plugin. -->","yoast_head_json":{"title":"Menonitas congole\u00f1os celebran cien a\u00f1os de fidelidad de Dios y coparticipaci\u00f3n - Mennonite World Conference","robots":{"index":"index","follow":"follow","max-snippet":"max-snippet:-1","max-image-preview":"max-image-preview:large","max-video-preview":"max-video-preview:-1"},"canonical":"https:\/\/mwc-cmm.org\/en\/stories\/congolese-mennonites-celebrate-100-years-gods-faithfulness-and-partnership\/","og_locale":"es_ES","og_type":"article","og_title":"Menonitas congole\u00f1os celebran cien a\u00f1os de fidelidad de Dios y coparticipaci\u00f3n - Mennonite World Conference","og_description":"NULL","og_url":"https:\/\/mwc-cmm.org\/en\/stories\/congolese-mennonites-celebrate-100-years-gods-faithfulness-and-partnership\/","og_site_name":"Mennonite World Conference","article_publisher":"https:\/\/www.facebook.com\/MennoniteWorldConference","article_published_time":"2012-10-01T00:00:00+00:00","article_modified_time":"2024-12-10T17:58:16+00:00","og_image":[{"width":2160,"height":1252,"url":"https:\/\/mwc-cmm.org\/wp-content\/uploads\/2024\/11\/big_drum_choir.jpg","type":"image\/jpeg"}],"author":"mennworldcon","schema":{"@context":"https:\/\/schema.org","@graph":[{"@type":"Article","@id":"https:\/\/mwc-cmm.org\/en\/stories\/congolese-mennonites-celebrate-100-years-gods-faithfulness-and-partnership\/#article","isPartOf":{"@id":"https:\/\/mwc-cmm.org\/en\/stories\/congolese-mennonites-celebrate-100-years-gods-faithfulness-and-partnership\/"},"author":{"name":"mennworldcon","@id":"https:\/\/mwc-cmm.org\/en\/#\/schema\/person\/11f6ae0d7d1868ba20a1cc27f067c836"},"headline":"Menonitas congole\u00f1os celebran cien a\u00f1os de fidelidad de Dios y coparticipaci\u00f3n","datePublished":"2012-10-01T00:00:00+00:00","dateModified":"2024-12-10T17:58:16+00:00","mainEntityOfPage":{"@id":"https:\/\/mwc-cmm.org\/en\/stories\/congolese-mennonites-celebrate-100-years-gods-faithfulness-and-partnership\/"},"wordCount":1184,"publisher":{"@id":"https:\/\/mwc-cmm.org\/en\/#organization"},"image":{"@id":"https:\/\/mwc-cmm.org\/en\/stories\/congolese-mennonites-celebrate-100-years-gods-faithfulness-and-partnership\/#primaryimage"},"thumbnailUrl":"https:\/\/mwc-cmm.org\/wp-content\/uploads\/2024\/11\/big_drum_choir.jpg","articleSection":["Sin categorizar"],"inLanguage":"es"},{"@type":"WebPage","@id":"https:\/\/mwc-cmm.org\/en\/stories\/congolese-mennonites-celebrate-100-years-gods-faithfulness-and-partnership\/","url":"https:\/\/mwc-cmm.org\/en\/stories\/congolese-mennonites-celebrate-100-years-gods-faithfulness-and-partnership\/","name":"Menonitas congole\u00f1os celebran cien a\u00f1os de fidelidad de Dios y coparticipaci\u00f3n - Mennonite World Conference","isPartOf":{"@id":"https:\/\/mwc-cmm.org\/en\/#website"},"primaryImageOfPage":{"@id":"https:\/\/mwc-cmm.org\/en\/stories\/congolese-mennonites-celebrate-100-years-gods-faithfulness-and-partnership\/#primaryimage"},"image":{"@id":"https:\/\/mwc-cmm.org\/en\/stories\/congolese-mennonites-celebrate-100-years-gods-faithfulness-and-partnership\/#primaryimage"},"thumbnailUrl":"https:\/\/mwc-cmm.org\/wp-content\/uploads\/2024\/11\/big_drum_choir.jpg","datePublished":"2012-10-01T00:00:00+00:00","dateModified":"2024-12-10T17:58:16+00:00","breadcrumb":{"@id":"https:\/\/mwc-cmm.org\/en\/stories\/congolese-mennonites-celebrate-100-years-gods-faithfulness-and-partnership\/#breadcrumb"},"inLanguage":"es","potentialAction":[{"@type":"ReadAction","target":["https:\/\/mwc-cmm.org\/en\/stories\/congolese-mennonites-celebrate-100-years-gods-faithfulness-and-partnership\/"]}]},{"@type":"ImageObject","inLanguage":"es","@id":"https:\/\/mwc-cmm.org\/en\/stories\/congolese-mennonites-celebrate-100-years-gods-faithfulness-and-partnership\/#primaryimage","url":"https:\/\/mwc-cmm.org\/wp-content\/uploads\/2024\/11\/big_drum_choir.jpg","contentUrl":"https:\/\/mwc-cmm.org\/wp-content\/uploads\/2024\/11\/big_drum_choir.jpg","width":2160,"height":1252},{"@type":"BreadcrumbList","@id":"https:\/\/mwc-cmm.org\/en\/stories\/congolese-mennonites-celebrate-100-years-gods-faithfulness-and-partnership\/#breadcrumb","itemListElement":[{"@type":"ListItem","position":1,"name":"Home","item":"https:\/\/mwc-cmm.org\/es\/"},{"@type":"ListItem","position":2,"name":"Menonitas congole\u00f1os celebran cien a\u00f1os de fidelidad de Dios y coparticipaci\u00f3n"}]},{"@type":"WebSite","@id":"https:\/\/mwc-cmm.org\/en\/#website","url":"https:\/\/mwc-cmm.org\/en\/","name":"Mennonite World Conference","description":"A communion of Anabaptist-related churches","publisher":{"@id":"https:\/\/mwc-cmm.org\/en\/#organization"},"alternateName":"MWC","potentialAction":[{"@type":"SearchAction","target":{"@type":"EntryPoint","urlTemplate":"https:\/\/mwc-cmm.org\/en\/?s={search_term_string}"},"query-input":{"@type":"PropertyValueSpecification","valueRequired":true,"valueName":"search_term_string"}}],"inLanguage":"es"},{"@type":"Organization","@id":"https:\/\/mwc-cmm.org\/en\/#organization","name":"Mennonite World Conference","alternateName":"MWC","url":"https:\/\/mwc-cmm.org\/en\/","logo":{"@type":"ImageObject","inLanguage":"es","@id":"https:\/\/mwc-cmm.org\/en\/#\/schema\/logo\/image\/","url":"https:\/\/mwc-cmm.org\/wp-content\/uploads\/2026\/01\/MWC_Sig_Blue_Horiz_webheader1-logo.svg","contentUrl":"https:\/\/mwc-cmm.org\/wp-content\/uploads\/2026\/01\/MWC_Sig_Blue_Horiz_webheader1-logo.svg","width":786,"height":82,"caption":"Mennonite World Conference"},"image":{"@id":"https:\/\/mwc-cmm.org\/en\/#\/schema\/logo\/image\/"},"sameAs":["https:\/\/www.facebook.com\/MennoniteWorldConference","https:\/\/www.linkedin.com\/company\/mennonite-world-conference-mwc\/","https:\/\/www.instagram.com\/mwcmm\/","https:\/\/www.youtube.com\/user\/mwccmm","https:\/\/bsky.app\/profile\/mwcmm.bsky.social"]},{"@type":"Person","@id":"https:\/\/mwc-cmm.org\/en\/#\/schema\/person\/11f6ae0d7d1868ba20a1cc27f067c836","name":"mennworldcon","image":{"@type":"ImageObject","inLanguage":"es","@id":"https:\/\/secure.gravatar.com\/avatar\/06fdc0dc81c157dfdb82ec42f252178a22307808988d22c043f9eb96f1e0fe80?s=96&d=mm&r=g","url":"https:\/\/secure.gravatar.com\/avatar\/06fdc0dc81c157dfdb82ec42f252178a22307808988d22c043f9eb96f1e0fe80?s=96&d=mm&r=g","contentUrl":"https:\/\/secure.gravatar.com\/avatar\/06fdc0dc81c157dfdb82ec42f252178a22307808988d22c043f9eb96f1e0fe80?s=96&d=mm&r=g","caption":"mennworldcon"},"sameAs":["https:\/\/mwc-cmm.org"],"url":"https:\/\/mwc-cmm.org\/es\/stories\/author\/mennworldcon\/"}]}},"_links":{"self":[{"href":"https:\/\/mwc-cmm.org\/es\/wp-json\/wp\/v2\/posts\/8378","targetHints":{"allow":["GET"]}}],"collection":[{"href":"https:\/\/mwc-cmm.org\/es\/wp-json\/wp\/v2\/posts"}],"about":[{"href":"https:\/\/mwc-cmm.org\/es\/wp-json\/wp\/v2\/types\/post"}],"author":[{"embeddable":true,"href":"https:\/\/mwc-cmm.org\/es\/wp-json\/wp\/v2\/users\/1"}],"replies":[{"embeddable":true,"href":"https:\/\/mwc-cmm.org\/es\/wp-json\/wp\/v2\/comments?post=8378"}],"version-history":[{"count":0,"href":"https:\/\/mwc-cmm.org\/es\/wp-json\/wp\/v2\/posts\/8378\/revisions"}],"wp:featuredmedia":[{"embeddable":true,"href":"https:\/\/mwc-cmm.org\/es\/wp-json\/wp\/v2\/media\/84772"}],"wp:attachment":[{"href":"https:\/\/mwc-cmm.org\/es\/wp-json\/wp\/v2\/media?parent=8378"}],"wp:term":[{"taxonomy":"category","embeddable":true,"href":"https:\/\/mwc-cmm.org\/es\/wp-json\/wp\/v2\/categories?post=8378"},{"taxonomy":"post_tag","embeddable":true,"href":"https:\/\/mwc-cmm.org\/es\/wp-json\/wp\/v2\/tags?post=8378"},{"taxonomy":"network","embeddable":true,"href":"https:\/\/mwc-cmm.org\/es\/wp-json\/wp\/v2\/network?post=8378"},{"taxonomy":"eventcategory","embeddable":true,"href":"https:\/\/mwc-cmm.org\/es\/wp-json\/wp\/v2\/eventcategory?post=8378"}],"curies":[{"name":"wp","href":"https:\/\/api.w.org\/{rel}","templated":true}]}}