{"id":132271,"date":"2026-09-04T22:51:15","date_gmt":"2026-09-04T22:51:15","guid":{"rendered":"https:\/\/mwc-cmm.org\/?p=132271"},"modified":"2026-09-04T23:08:19","modified_gmt":"2026-09-04T23:08:19","slug":"la-iglesia-meserete-kristos-de-etiopia-se-retira-del-congreso-mundial-menonita","status":"publish","type":"post","link":"https:\/\/mwc-cmm.org\/es\/stories\/la-iglesia-meserete-kristos-de-etiopia-se-retira-del-congreso-mundial-menonita\/","title":{"rendered":"La Iglesia Meserete Kristos de Etiop\u00eda se retira del Congreso Mundial Menonita"},"content":{"rendered":"\n<p class=\"wp-block-paragraph\">El Congreso Mundial Menonita lamenta anunciar que la Iglesia Meserete Kristos de Etiop\u00eda ha votado a favor de retirarse de la membres\u00eda del CMM.<\/p>\n\n\n\n<p class=\"has-contrast-color has-text-color has-link-color wp-elements-d5df66f52cb590fe82b4ffbeef910c5e wp-block-paragraph\">Tras un extenso per\u00edodo de oraci\u00f3n y profunda reflexi\u00f3n, la Iglesia Meserete Kristos, reunida en convenci\u00f3n nacional el 4 de septiembre del 2026, tom\u00f3 la decisi\u00f3n formal de retirarse del Congreso Mundial Menonita. La moci\u00f3n fue aprobada con un 98,3% de los votos. <\/p>\n\n\n\n<p class=\"wp-block-paragraph\">Los l\u00edderes de la iglesia Meserete Kristos que actualmente sirven como parte de las Comisiones y Redes del CMM renunciar\u00e1n a sus cargos a partir de esa fecha.<\/p>\n\n\n\n<p class=\"wp-block-paragraph\">Meserete Kristos era la iglesia miembro m\u00e1s grande del CMM.<\/p>\n\n\n\n<p class=\"has-contrast-color has-text-color has-link-color wp-elements-fe592ecd8c0fb786b7933b5db4d0f15b wp-block-paragraph\">\u201cLa Iglesia Meserete Kristos confiesa la plena y definitiva autoridad de las Sagradas Escrituras en todos los asuntos de fe y pr\u00e1ctica. Por consiguiente, sostenemos firmemente que el matrimonio cristiano es de origen divino, es un pacto y constituye una uni\u00f3n sagrada y para toda la vida \u00fanicamente entre un hombre y una mujer, tal como lo ense\u00f1a claramente la Palabra de Dios. Con profunda tristeza y pesar, reconocemos la creciente fractura teol\u00f3gica dentro del cuerpo mundial de creyentes: una divisi\u00f3n que amenaza la unidad misma del Cuerpo de Cristo. El factor decisivo que nos ha llevado a separarnos del Congreso Mundial Menonita es su continua inclusi\u00f3n de iglesias y conferencias que no solo toleran, sino que tambi\u00e9n respaldan, afirman y practican la homosexualidad, en directa contradicci\u00f3n con el testimonio claro e inmutable de las Sagradas Escrituras\u201d, afirma un comunicado del liderazgo de la iglesia Meserete Kristos.<\/p>\n\n\n\n<p class=\"wp-block-paragraph\">En noviembre del 2025, surgieron inquietudes entre los miembros de la iglesia Meserete Kristos sobre su vinculaci\u00f3n con iglesias nacionales cuyas pol\u00edticas aprueban las relaciones entre personas del mismo sexo. Tras meses de debate en la comunidad de Meserete Kristos, tanto en Etiop\u00eda como entre la di\u00e1spora mundial, estas inquietudes culminaron en la votaci\u00f3n para separarse.<\/p>\n\n\n\n<p class=\"wp-block-paragraph\">\u201cAl igual que muchas denominaciones cristianas a nivel mundial, el CMM se enfrenta a serios desaf\u00edos mientras buscamos preservar la unidad del Esp\u00edritu Santo en medio de puntos de vista divisivos con respecto a las relaciones entre personas del mismo sexo\u201d, expresa C\u00e9sar Garc\u00eda, secretario general del CMM.<\/p>\n\n\n\n<p class=\"wp-block-paragraph\">El CMM no ha tomado una postura sobre las relaciones entre personas del mismo sexo. \u201cDurante m\u00e1s de 12 a\u00f1os, hemos buscado en oraci\u00f3n la mejor manera de avanzar en medio de desacuerdos, malentendidos y rumores no verificados sobre c\u00f3mo el CMM aborda las relaciones entre personas del mismo sexo\u201d, afirma C\u00e9sar Garc\u00eda. \u201cA lo largo de todo este proceso, un principio nos ha guiado: cuando las iglesias se enfrentan a desacuerdos, Dios nos llama a entablar dialogo y a discernir juntos su voluntad\u201d.<\/p>\n\n\n\n<p class=\"wp-block-paragraph\">\u201cAl partir del CMM, oramos por bendici\u00f3n para nuestros hermanos y hermanas de Meserete Kristos. Su vitalidad y pasi\u00f3n por la evangelizaci\u00f3n han sido una inspiraci\u00f3n para muchos dentro de nuestra comuni\u00f3n global. Oramos para que contin\u00faen creciendo al seguir a Jes\u00fas en las maneras que han discernido\u201d, declara Henk Stenvers, presidente del CMM.<\/p>\n\n\n\n<p class=\"wp-block-paragraph\">El CMM respeta la autoridad y la diversidad de las estructuras eclesiales locales y nacionales, as\u00ed como su autonom\u00eda, a\u00f1ade Henk Stenvers. \u201cSeguiremos centr\u00e1ndonos en los siete puntos clave expresados en nuestras <a href=\"https:\/\/mwc-cmm.org\/es\/convicciones-compartidas\/\">Convicciones Compartidas<\/a>, adoptadas por consenso por el Concilio General en el 2006\u201d.<\/p>\n\n\n\n<p class=\"wp-block-paragraph\">\u201cPor favor, tengan presente al CMM en sus oraciones mientras buscamos dar testimonio de la nueva creaci\u00f3n de Dios, discernir juntos la voluntad de Dios y responder fielmente a nuestro llamado a seguir a Jes\u00fas como una comuni\u00f3n global, manteniendo la unidad del Esp\u00edritu\u201d, dice Henk Stenvers.<\/p>\n\n\n\n<hr class=\"wp-block-separator has-alpha-channel-opacity\"\/>\n\n\n<div class=\"taxonomy-post_tag has-link-color wp-elements-4795dccc25dd561b10d5c166c095ced0 wp-block-post-terms has-text-color has-gray-color has-small-font-size\"><a href=\"https:\/\/mwc-cmm.org\/es\/stories\/tag\/etiopia\/\" rel=\"tag\">Etiop\u00eda<\/a><span class=\"wp-block-post-terms__separator\">, <\/span><a href=\"https:\/\/mwc-cmm.org\/es\/stories\/tag\/mkc-es\/\" rel=\"tag\">MKC<\/a><\/div>\n\n\n<hr class=\"wp-block-separator has-alpha-channel-opacity\"\/>\n\n\n\n<div class=\"wp-block-group has-soft-gray-background-color has-background has-global-padding is-layout-constrained wp-block-group-is-layout-constrained\">\n<p class=\"wp-block-paragraph\">Seguimos dispuestos a hablar con los miembros del CMM que tengan preguntas, inquietudes o deseen entablar una conversaci\u00f3n m\u00e1s profunda. Para cualquier inquietud, escriba a <a href=\"mailto:info@mwc-cmm.org\">info@mwc-cmm.org<\/a>.<\/p>\n\n\n\n<div class=\"wp-block-buttons is-layout-flex wp-block-buttons-is-layout-flex\">\n<div class=\"wp-block-button\"><a class=\"wp-block-button__link wp-element-button\" href=\"mailto:info@mwc-cmm.org\">enviar<\/a><\/div>\n<\/div>\n<\/div>\n\n\n\n<h3 class=\"wp-block-heading\">Historias relacionadas<\/h3>\n\n\n\n<figure class=\"wp-block-embed is-type-wp-embed is-provider-mennonite-world-conference wp-block-embed-mennonite-world-conference\"><div class=\"wp-block-embed__wrapper\">\n<blockquote class=\"wp-embedded-content\" data-secret=\"Vi63HAU5BI\"><a href=\"https:\/\/mwc-cmm.org\/es\/stories\/carta-pastoral-del-cmm-un-llamado-a-la-unidad-del-espiritu\/\">Carta pastoral del CMM: Un llamado a la unidad del esp\u00edritu<\/a><\/blockquote><iframe class=\"wp-embedded-content lazyload\" sandbox=\"allow-scripts\" security=\"restricted\" style=\"position: absolute; visibility: hidden;\" title=\"\u00abCarta pastoral del CMM: Un llamado a la unidad del esp\u00edritu\u00bb \u2014 Mennonite World Conference\" data-src=\"https:\/\/mwc-cmm.org\/es\/stories\/carta-pastoral-del-cmm-un-llamado-a-la-unidad-del-espiritu\/embed\/#?secret=8qtv2KZQky#?secret=Vi63HAU5BI\" data-secret=\"Vi63HAU5BI\" width=\"500\" height=\"282\" frameborder=\"0\" marginwidth=\"0\" marginheight=\"0\" scrolling=\"no\" src=\"data:image\/svg+xml;base64,PHN2ZyB3aWR0aD0iMSIgaGVpZ2h0PSIxIiB4bWxucz0iaHR0cDovL3d3dy53My5vcmcvMjAwMC9zdmciPjwvc3ZnPg==\" data-load-mode=\"1\"><\/iframe>\n<\/div><\/figure>\n\n\n\n<figure class=\"wp-block-embed is-type-wp-embed is-provider-mennonite-world-conference wp-block-embed-mennonite-world-conference\"><div class=\"wp-block-embed__wrapper\">\n<blockquote class=\"wp-embedded-content\" data-secret=\"yD6ODM3p9J\"><a href=\"https:\/\/mwc-cmm.org\/en\/stories\/assembly-18-postponed\/\">Assembly 18 postponed<\/a><\/blockquote><iframe class=\"wp-embedded-content lazyload\" sandbox=\"allow-scripts\" security=\"restricted\" style=\"position: absolute; visibility: hidden;\" title=\"\u00abAssembly 18 postponed\u00bb \u2014 Mennonite World Conference\" data-src=\"https:\/\/mwc-cmm.org\/en\/stories\/assembly-18-postponed\/embed\/#?secret=qcxpjgPQgr#?secret=yD6ODM3p9J\" data-secret=\"yD6ODM3p9J\" width=\"500\" height=\"282\" frameborder=\"0\" marginwidth=\"0\" marginheight=\"0\" scrolling=\"no\" src=\"data:image\/svg+xml;base64,PHN2ZyB3aWR0aD0iMSIgaGVpZ2h0PSIxIiB4bWxucz0iaHR0cDovL3d3dy53My5vcmcvMjAwMC9zdmciPjwvc3ZnPg==\" data-load-mode=\"1\"><\/iframe>\n<\/div><\/figure>\n","protected":false},"excerpt":{"rendered":"<p>El Congreso Mundial Menonita lamenta anunciar que la Iglesia Meserete Kristos de Etiop\u00eda ha votado a favor de retirarse de la membres\u00eda del CMM. Tras un extenso per\u00edodo de oraci\u00f3n y profunda reflexi\u00f3n, la Iglesia Meserete Kristos, reunida en convenci\u00f3n nacional el 4 de septiembre del 2026, tom\u00f3 la decisi\u00f3n formal de retirarse del Congreso [&hellip;]<\/p>\n","protected":false},"author":8,"featured_media":0,"comment_status":"closed","ping_status":"closed","sticky":false,"template":"","format":"standard","meta":{"_acf_changed":false,"footnotes":""},"categories":[6],"tags":[756,1026],"network":[],"eventcategory":[],"class_list":["post-132271","post","type-post","status-publish","format-standard","hentry","category-sin-categorizar","tag-etiopia","tag-mkc-es"],"acf":[],"yoast_head":"<!-- This site is optimized with the Yoast SEO plugin v28.3 - https:\/\/yoast.com\/product\/yoast-seo-wordpress\/ -->\n<title>La Iglesia Meserete Kristos de Etiop\u00eda se retira del Congreso Mundial Menonita - Mennonite World Conference<\/title>\n<meta name=\"robots\" content=\"index, follow, max-snippet:-1, max-image-preview:large, max-video-preview:-1\" \/>\n<link rel=\"canonical\" href=\"https:\/\/mwc-cmm.org\/es\/stories\/la-iglesia-meserete-kristos-de-etiopia-se-retira-del-congreso-mundial-menonita\/\" \/>\n<meta property=\"og:locale\" content=\"es_ES\" \/>\n<meta property=\"og:type\" content=\"article\" \/>\n<meta property=\"og:title\" content=\"La Iglesia Meserete Kristos de Etiop\u00eda se retira del Congreso Mundial Menonita - Mennonite World Conference\" \/>\n<meta property=\"og:description\" content=\"El Congreso Mundial Menonita lamenta anunciar que la Iglesia Meserete Kristos de Etiop\u00eda ha votado a favor de retirarse de la membres\u00eda del CMM. Tras un extenso per\u00edodo de oraci\u00f3n y profunda reflexi\u00f3n, la Iglesia Meserete Kristos, reunida en convenci\u00f3n nacional el 4 de septiembre del 2026, tom\u00f3 la decisi\u00f3n formal de retirarse del Congreso [&hellip;]\" \/>\n<meta property=\"og:url\" content=\"https:\/\/mwc-cmm.org\/es\/stories\/la-iglesia-meserete-kristos-de-etiopia-se-retira-del-congreso-mundial-menonita\/\" \/>\n<meta property=\"og:site_name\" content=\"Mennonite World Conference\" \/>\n<meta property=\"article:publisher\" content=\"https:\/\/www.facebook.com\/MennoniteWorldConference\" \/>\n<meta property=\"article:published_time\" content=\"2026-09-04T22:51:15+00:00\" \/>\n<meta property=\"article:modified_time\" content=\"2026-09-04T23:08:19+00:00\" \/>\n<meta property=\"og:image\" content=\"https:\/\/mwc-cmm.org\/wp-content\/uploads\/2026\/06\/mwc-logo-1024x576.jpg\" \/>\n<meta name=\"author\" content=\"Stephanie Setiawan\" \/>\n<script type=\"application\/ld+json\" class=\"yoast-schema-graph\">{\"@context\":\"https:\\\/\\\/schema.org\",\"@graph\":[{\"@type\":\"Article\",\"@id\":\"https:\\\/\\\/mwc-cmm.org\\\/es\\\/stories\\\/la-iglesia-meserete-kristos-de-etiopia-se-retira-del-congreso-mundial-menonita\\\/#article\",\"isPartOf\":{\"@id\":\"https:\\\/\\\/mwc-cmm.org\\\/es\\\/stories\\\/la-iglesia-meserete-kristos-de-etiopia-se-retira-del-congreso-mundial-menonita\\\/\"},\"author\":{\"name\":\"Stephanie Setiawan\",\"@id\":\"https:\\\/\\\/mwc-cmm.org\\\/en\\\/#\\\/schema\\\/person\\\/00b62ed8ea1527254a44f3ace3aee79d\"},\"headline\":\"La Iglesia Meserete Kristos de Etiop\u00eda se retira del Congreso Mundial Menonita\",\"datePublished\":\"2026-09-04T22:51:15+00:00\",\"dateModified\":\"2026-09-04T23:08:19+00:00\",\"mainEntityOfPage\":{\"@id\":\"https:\\\/\\\/mwc-cmm.org\\\/es\\\/stories\\\/la-iglesia-meserete-kristos-de-etiopia-se-retira-del-congreso-mundial-menonita\\\/\"},\"wordCount\":686,\"publisher\":{\"@id\":\"https:\\\/\\\/mwc-cmm.org\\\/en\\\/#organization\"},\"keywords\":[\"Etiop\u00eda\",\"MKC\"],\"articleSection\":[\"Sin categorizar\"],\"inLanguage\":\"es\"},{\"@type\":\"WebPage\",\"@id\":\"https:\\\/\\\/mwc-cmm.org\\\/es\\\/stories\\\/la-iglesia-meserete-kristos-de-etiopia-se-retira-del-congreso-mundial-menonita\\\/\",\"url\":\"https:\\\/\\\/mwc-cmm.org\\\/es\\\/stories\\\/la-iglesia-meserete-kristos-de-etiopia-se-retira-del-congreso-mundial-menonita\\\/\",\"name\":\"La Iglesia Meserete Kristos de Etiop\u00eda se retira del Congreso Mundial Menonita - Mennonite World Conference\",\"isPartOf\":{\"@id\":\"https:\\\/\\\/mwc-cmm.org\\\/en\\\/#website\"},\"datePublished\":\"2026-09-04T22:51:15+00:00\",\"dateModified\":\"2026-09-04T23:08:19+00:00\",\"breadcrumb\":{\"@id\":\"https:\\\/\\\/mwc-cmm.org\\\/es\\\/stories\\\/la-iglesia-meserete-kristos-de-etiopia-se-retira-del-congreso-mundial-menonita\\\/#breadcrumb\"},\"inLanguage\":\"es\",\"potentialAction\":[{\"@type\":\"ReadAction\",\"target\":[\"https:\\\/\\\/mwc-cmm.org\\\/es\\\/stories\\\/la-iglesia-meserete-kristos-de-etiopia-se-retira-del-congreso-mundial-menonita\\\/\"]}]},{\"@type\":\"BreadcrumbList\",\"@id\":\"https:\\\/\\\/mwc-cmm.org\\\/es\\\/stories\\\/la-iglesia-meserete-kristos-de-etiopia-se-retira-del-congreso-mundial-menonita\\\/#breadcrumb\",\"itemListElement\":[{\"@type\":\"ListItem\",\"position\":1,\"name\":\"Home\",\"item\":\"https:\\\/\\\/mwc-cmm.org\\\/es\\\/\"},{\"@type\":\"ListItem\",\"position\":2,\"name\":\"La Iglesia Meserete Kristos de Etiop\u00eda se retira del Congreso Mundial Menonita\"}]},{\"@type\":\"WebSite\",\"@id\":\"https:\\\/\\\/mwc-cmm.org\\\/en\\\/#website\",\"url\":\"https:\\\/\\\/mwc-cmm.org\\\/en\\\/\",\"name\":\"Mennonite World Conference\",\"description\":\"A communion of Anabaptist-related churches\",\"publisher\":{\"@id\":\"https:\\\/\\\/mwc-cmm.org\\\/en\\\/#organization\"},\"alternateName\":\"MWC\",\"potentialAction\":[{\"@type\":\"SearchAction\",\"target\":{\"@type\":\"EntryPoint\",\"urlTemplate\":\"https:\\\/\\\/mwc-cmm.org\\\/en\\\/?s={search_term_string}\"},\"query-input\":{\"@type\":\"PropertyValueSpecification\",\"valueRequired\":true,\"valueName\":\"search_term_string\"}}],\"inLanguage\":\"es\"},{\"@type\":\"Organization\",\"@id\":\"https:\\\/\\\/mwc-cmm.org\\\/en\\\/#organization\",\"name\":\"Mennonite World Conference\",\"alternateName\":\"MWC\",\"url\":\"https:\\\/\\\/mwc-cmm.org\\\/en\\\/\",\"logo\":{\"@type\":\"ImageObject\",\"inLanguage\":\"es\",\"@id\":\"https:\\\/\\\/mwc-cmm.org\\\/en\\\/#\\\/schema\\\/logo\\\/image\\\/\",\"url\":\"https:\\\/\\\/mwc-cmm.org\\\/wp-content\\\/uploads\\\/2026\\\/01\\\/MWC_Sig_Blue_Horiz_webheader1-logo.svg\",\"contentUrl\":\"https:\\\/\\\/mwc-cmm.org\\\/wp-content\\\/uploads\\\/2026\\\/01\\\/MWC_Sig_Blue_Horiz_webheader1-logo.svg\",\"width\":786,\"height\":82,\"caption\":\"Mennonite World Conference\"},\"image\":{\"@id\":\"https:\\\/\\\/mwc-cmm.org\\\/en\\\/#\\\/schema\\\/logo\\\/image\\\/\"},\"sameAs\":[\"https:\\\/\\\/www.facebook.com\\\/MennoniteWorldConference\",\"https:\\\/\\\/www.linkedin.com\\\/company\\\/mennonite-world-conference-mwc\\\/\",\"https:\\\/\\\/www.instagram.com\\\/mwcmm\\\/\",\"https:\\\/\\\/www.youtube.com\\\/user\\\/mwccmm\",\"https:\\\/\\\/bsky.app\\\/profile\\\/mwcmm.bsky.social\"]},{\"@type\":\"Person\",\"@id\":\"https:\\\/\\\/mwc-cmm.org\\\/en\\\/#\\\/schema\\\/person\\\/00b62ed8ea1527254a44f3ace3aee79d\",\"name\":\"Stephanie Setiawan\",\"image\":{\"@type\":\"ImageObject\",\"inLanguage\":\"es\",\"@id\":\"https:\\\/\\\/secure.gravatar.com\\\/avatar\\\/71b4b62cf3d0cfb4c8a367a101127ba8adfa1c22417900980ea24f5f4457a76d?s=96&d=mm&r=g\",\"url\":\"https:\\\/\\\/secure.gravatar.com\\\/avatar\\\/71b4b62cf3d0cfb4c8a367a101127ba8adfa1c22417900980ea24f5f4457a76d?s=96&d=mm&r=g\",\"contentUrl\":\"https:\\\/\\\/secure.gravatar.com\\\/avatar\\\/71b4b62cf3d0cfb4c8a367a101127ba8adfa1c22417900980ea24f5f4457a76d?s=96&d=mm&r=g\",\"caption\":\"Stephanie Setiawan\"},\"url\":\"https:\\\/\\\/mwc-cmm.org\\\/es\\\/stories\\\/author\\\/stephanie\\\/\"}]}<\/script>\n<!-- \/ Yoast SEO plugin. -->","yoast_head_json":{"title":"La Iglesia Meserete Kristos de Etiop\u00eda se retira del Congreso Mundial Menonita - Mennonite World Conference","robots":{"index":"index","follow":"follow","max-snippet":"max-snippet:-1","max-image-preview":"max-image-preview:large","max-video-preview":"max-video-preview:-1"},"canonical":"https:\/\/mwc-cmm.org\/es\/stories\/la-iglesia-meserete-kristos-de-etiopia-se-retira-del-congreso-mundial-menonita\/","og_locale":"es_ES","og_type":"article","og_title":"La Iglesia Meserete Kristos de Etiop\u00eda se retira del Congreso Mundial Menonita - Mennonite World Conference","og_description":"El Congreso Mundial Menonita lamenta anunciar que la Iglesia Meserete Kristos de Etiop\u00eda ha votado a favor de retirarse de la membres\u00eda del CMM. Tras un extenso per\u00edodo de oraci\u00f3n y profunda reflexi\u00f3n, la Iglesia Meserete Kristos, reunida en convenci\u00f3n nacional el 4 de septiembre del 2026, tom\u00f3 la decisi\u00f3n formal de retirarse del Congreso [&hellip;]","og_url":"https:\/\/mwc-cmm.org\/es\/stories\/la-iglesia-meserete-kristos-de-etiopia-se-retira-del-congreso-mundial-menonita\/","og_site_name":"Mennonite World Conference","article_publisher":"https:\/\/www.facebook.com\/MennoniteWorldConference","article_published_time":"2026-09-04T22:51:15+00:00","article_modified_time":"2026-09-04T23:08:19+00:00","og_image":[{"url":"https:\/\/mwc-cmm.org\/wp-content\/uploads\/2026\/06\/mwc-logo-1024x576.jpg","type":"","width":"","height":""}],"author":"Stephanie Setiawan","schema":{"@context":"https:\/\/schema.org","@graph":[{"@type":"Article","@id":"https:\/\/mwc-cmm.org\/es\/stories\/la-iglesia-meserete-kristos-de-etiopia-se-retira-del-congreso-mundial-menonita\/#article","isPartOf":{"@id":"https:\/\/mwc-cmm.org\/es\/stories\/la-iglesia-meserete-kristos-de-etiopia-se-retira-del-congreso-mundial-menonita\/"},"author":{"name":"Stephanie Setiawan","@id":"https:\/\/mwc-cmm.org\/en\/#\/schema\/person\/00b62ed8ea1527254a44f3ace3aee79d"},"headline":"La Iglesia Meserete Kristos de Etiop\u00eda se retira del Congreso Mundial Menonita","datePublished":"2026-09-04T22:51:15+00:00","dateModified":"2026-09-04T23:08:19+00:00","mainEntityOfPage":{"@id":"https:\/\/mwc-cmm.org\/es\/stories\/la-iglesia-meserete-kristos-de-etiopia-se-retira-del-congreso-mundial-menonita\/"},"wordCount":686,"publisher":{"@id":"https:\/\/mwc-cmm.org\/en\/#organization"},"keywords":["Etiop\u00eda","MKC"],"articleSection":["Sin categorizar"],"inLanguage":"es"},{"@type":"WebPage","@id":"https:\/\/mwc-cmm.org\/es\/stories\/la-iglesia-meserete-kristos-de-etiopia-se-retira-del-congreso-mundial-menonita\/","url":"https:\/\/mwc-cmm.org\/es\/stories\/la-iglesia-meserete-kristos-de-etiopia-se-retira-del-congreso-mundial-menonita\/","name":"La Iglesia Meserete Kristos de Etiop\u00eda se retira del Congreso Mundial Menonita - Mennonite World Conference","isPartOf":{"@id":"https:\/\/mwc-cmm.org\/en\/#website"},"datePublished":"2026-09-04T22:51:15+00:00","dateModified":"2026-09-04T23:08:19+00:00","breadcrumb":{"@id":"https:\/\/mwc-cmm.org\/es\/stories\/la-iglesia-meserete-kristos-de-etiopia-se-retira-del-congreso-mundial-menonita\/#breadcrumb"},"inLanguage":"es","potentialAction":[{"@type":"ReadAction","target":["https:\/\/mwc-cmm.org\/es\/stories\/la-iglesia-meserete-kristos-de-etiopia-se-retira-del-congreso-mundial-menonita\/"]}]},{"@type":"BreadcrumbList","@id":"https:\/\/mwc-cmm.org\/es\/stories\/la-iglesia-meserete-kristos-de-etiopia-se-retira-del-congreso-mundial-menonita\/#breadcrumb","itemListElement":[{"@type":"ListItem","position":1,"name":"Home","item":"https:\/\/mwc-cmm.org\/es\/"},{"@type":"ListItem","position":2,"name":"La Iglesia Meserete Kristos de Etiop\u00eda se retira del Congreso Mundial Menonita"}]},{"@type":"WebSite","@id":"https:\/\/mwc-cmm.org\/en\/#website","url":"https:\/\/mwc-cmm.org\/en\/","name":"Mennonite World Conference","description":"A communion of Anabaptist-related churches","publisher":{"@id":"https:\/\/mwc-cmm.org\/en\/#organization"},"alternateName":"MWC","potentialAction":[{"@type":"SearchAction","target":{"@type":"EntryPoint","urlTemplate":"https:\/\/mwc-cmm.org\/en\/?s={search_term_string}"},"query-input":{"@type":"PropertyValueSpecification","valueRequired":true,"valueName":"search_term_string"}}],"inLanguage":"es"},{"@type":"Organization","@id":"https:\/\/mwc-cmm.org\/en\/#organization","name":"Mennonite World Conference","alternateName":"MWC","url":"https:\/\/mwc-cmm.org\/en\/","logo":{"@type":"ImageObject","inLanguage":"es","@id":"https:\/\/mwc-cmm.org\/en\/#\/schema\/logo\/image\/","url":"https:\/\/mwc-cmm.org\/wp-content\/uploads\/2026\/01\/MWC_Sig_Blue_Horiz_webheader1-logo.svg","contentUrl":"https:\/\/mwc-cmm.org\/wp-content\/uploads\/2026\/01\/MWC_Sig_Blue_Horiz_webheader1-logo.svg","width":786,"height":82,"caption":"Mennonite World Conference"},"image":{"@id":"https:\/\/mwc-cmm.org\/en\/#\/schema\/logo\/image\/"},"sameAs":["https:\/\/www.facebook.com\/MennoniteWorldConference","https:\/\/www.linkedin.com\/company\/mennonite-world-conference-mwc\/","https:\/\/www.instagram.com\/mwcmm\/","https:\/\/www.youtube.com\/user\/mwccmm","https:\/\/bsky.app\/profile\/mwcmm.bsky.social"]},{"@type":"Person","@id":"https:\/\/mwc-cmm.org\/en\/#\/schema\/person\/00b62ed8ea1527254a44f3ace3aee79d","name":"Stephanie Setiawan","image":{"@type":"ImageObject","inLanguage":"es","@id":"https:\/\/secure.gravatar.com\/avatar\/71b4b62cf3d0cfb4c8a367a101127ba8adfa1c22417900980ea24f5f4457a76d?s=96&d=mm&r=g","url":"https:\/\/secure.gravatar.com\/avatar\/71b4b62cf3d0cfb4c8a367a101127ba8adfa1c22417900980ea24f5f4457a76d?s=96&d=mm&r=g","contentUrl":"https:\/\/secure.gravatar.com\/avatar\/71b4b62cf3d0cfb4c8a367a101127ba8adfa1c22417900980ea24f5f4457a76d?s=96&d=mm&r=g","caption":"Stephanie Setiawan"},"url":"https:\/\/mwc-cmm.org\/es\/stories\/author\/stephanie\/"}]}},"_links":{"self":[{"href":"https:\/\/mwc-cmm.org\/es\/wp-json\/wp\/v2\/posts\/132271","targetHints":{"allow":["GET"]}}],"collection":[{"href":"https:\/\/mwc-cmm.org\/es\/wp-json\/wp\/v2\/posts"}],"about":[{"href":"https:\/\/mwc-cmm.org\/es\/wp-json\/wp\/v2\/types\/post"}],"author":[{"embeddable":true,"href":"https:\/\/mwc-cmm.org\/es\/wp-json\/wp\/v2\/users\/8"}],"replies":[{"embeddable":true,"href":"https:\/\/mwc-cmm.org\/es\/wp-json\/wp\/v2\/comments?post=132271"}],"version-history":[{"count":4,"href":"https:\/\/mwc-cmm.org\/es\/wp-json\/wp\/v2\/posts\/132271\/revisions"}],"predecessor-version":[{"id":132325,"href":"https:\/\/mwc-cmm.org\/es\/wp-json\/wp\/v2\/posts\/132271\/revisions\/132325"}],"wp:attachment":[{"href":"https:\/\/mwc-cmm.org\/es\/wp-json\/wp\/v2\/media?parent=132271"}],"wp:term":[{"taxonomy":"category","embeddable":true,"href":"https:\/\/mwc-cmm.org\/es\/wp-json\/wp\/v2\/categories?post=132271"},{"taxonomy":"post_tag","embeddable":true,"href":"https:\/\/mwc-cmm.org\/es\/wp-json\/wp\/v2\/tags?post=132271"},{"taxonomy":"network","embeddable":true,"href":"https:\/\/mwc-cmm.org\/es\/wp-json\/wp\/v2\/network?post=132271"},{"taxonomy":"eventcategory","embeddable":true,"href":"https:\/\/mwc-cmm.org\/es\/wp-json\/wp\/v2\/eventcategory?post=132271"}],"curies":[{"name":"wp","href":"https:\/\/api.w.org\/{rel}","templated":true}]}}