{"id":132134,"date":"2026-09-01T14:50:59","date_gmt":"2026-09-01T14:50:59","guid":{"rendered":"https:\/\/mwc-cmm.org\/?p=132134"},"modified":"2026-09-01T14:50:59","modified_gmt":"2026-09-01T14:50:59","slug":"no-es-un-programa-sino-una-mesa","status":"publish","type":"post","link":"https:\/\/mwc-cmm.org\/es\/stories\/no-es-un-programa-sino-una-mesa\/","title":{"rendered":"No es un programa, sino una mesa"},"content":{"rendered":"\n<h2 class=\"wp-block-heading is-style-purple-eyebrow\"><strong>La columna de los miembros directivos<\/strong>\u00a0<\/h2>\n\n\n\n<p class=\"wp-block-paragraph\">La palabra \u201csolidaridad\u201d proviene del lat\u00edn <em>solidus<\/em>: \u00edntegro, firme y unido. Es m\u00e1s que simpat\u00eda (\u201cSiento lo que te est\u00e1 pasando\u201d) o empat\u00eda (\u201cComprendo c\u00f3mo te sientes\u201d). La solidaridad dice: \u201cEstar\u00e9 a tu lado\u201d. Es la disposici\u00f3n a compartir las cargas de los dem\u00e1s.<\/p>\n\n\n\n<p class=\"wp-block-paragraph\">Recientemente, nuestra iglesia ha estudiado el pasaje de Mateo 9:9-13, que nos brinda una imagen clara de dicha solidaridad inspirada en Cristo. Jes\u00fas no salva desde la distancia. Se adentra en la humanidad y se sienta a la mesa con recaudadores de impuestos y pecadores. Se pone del lado de quienes los dem\u00e1s evitan.<\/p>\n\n\n\n<p class=\"wp-block-paragraph\">Como se\u00f1al\u00f3 John Stott, la cruz revela primero la identificaci\u00f3n de Dios con los pecadores antes de revelar el juicio de Dios contra el pecado.<\/p>\n\n\n\n<p class=\"wp-block-paragraph\">La solidaridad es el testimonio mismo de la Encarnaci\u00f3n.<\/p>\n\n\n\n<p class=\"wp-block-paragraph\">Mi congregaci\u00f3n local, Maranatha, ha experimentado esta gracia. Cuando nuestra congregaci\u00f3n de origen indonesio-estadounidense comenz\u00f3 a celebrar el culto junto a inmigrantes de diversas etnias, descubrimos que la solidaridad no es un programa, sino una mesa.<\/p>\n\n\n\n<p class=\"wp-block-paragraph\">Escuchamos historias de desplazamiento, compartimos comidas, oramos en varios idiomas y soportamos cargas que, en un principio, no eran nuestras. En esos momentos, las palabras de Bonhoeffer resonaron con toda su verdad: <em>\u201cLa iglesia es iglesia solo cuando existe para los dem\u00e1s\u201d.<\/em><\/p>\n\n\n\n<p class=\"wp-block-paragraph\">A lo largo de los Evangelios, Jes\u00fas crea una comunidad que se pone del lado de los pobres, afligidos, mansos, enfermos y olvidados. La solidaridad es la acci\u00f3n de estar unidos: la fuerza que hace que el cuerpo de Cristo sea uno.<\/p>\n\n\n\n<p class=\"wp-block-paragraph\">Que en 2026 la familia mundial del Congreso Mundial Menonita encarne esta solidaridad firme, unida y a imagen de Cristo, con valent\u00eda y alegr\u00eda.<\/p>\n\n\n\n<p class=\"wp-block-paragraph\"><em>\u2014Sunoko Lin, tesorero del CMM, y miembro directivo. Tambi\u00e9n es pastor de Maranatha Christian Fellowship (Hermandad Cristiana Maranatha), iglesia miembro de LMC en California.<\/em><\/p>\n\n\n\n<hr class=\"wp-block-separator has-alpha-channel-opacity\"\/>\n\n\n\n<div class=\"wp-block-group has-global-padding is-layout-constrained wp-block-group-is-layout-constrained\">\n<div class=\"wp-block-media-text is-stacked-on-mobile has-magenta-background-color has-background\" style=\"grid-template-columns:15% auto\"><figure class=\"wp-block-media-text__media\"><img decoding=\"async\" width=\"682\" height=\"890\" data-src=\"https:\/\/mwc-cmm.org\/wp-content\/uploads\/2026\/09\/41.3-EN.png\" alt=\"\" class=\"wp-image-131989 size-full lazyload\" data-srcset=\"https:\/\/mwc-cmm.org\/wp-content\/uploads\/2026\/09\/41.3-EN.png 682w, https:\/\/mwc-cmm.org\/wp-content\/uploads\/2026\/09\/41.3-EN-230x300.png 230w\" data-sizes=\"(max-width: 682px) 100vw, 682px\" src=\"data:image\/svg+xml;base64,PHN2ZyB3aWR0aD0iMSIgaGVpZ2h0PSIxIiB4bWxucz0iaHR0cDovL3d3dy53My5vcmcvMjAwMC9zdmciPjwvc3ZnPg==\" style=\"--smush-placeholder-width: 682px; --smush-placeholder-aspect-ratio: 682\/890;\" \/><\/figure><div class=\"wp-block-media-text__content\">\n<div class=\"wp-block-buttons is-layout-flex wp-block-buttons-is-layout-flex\">\n<div class=\"wp-block-button\"><a class=\"wp-block-button__link has-magenta-background-color has-background has-custom-font-size wp-element-button\" href=\"https:\/\/mwc-cmm.org\/es\/resources\/correo-2026-41-3\/\" style=\"font-size:clamp(0.984rem, 0.984rem + ((1vw - 0.2rem) * 0.917), 1.5rem);\">Este art\u00edculo apareci\u00f3 por primera vez eN Courier \/ Correo \/ Courrier, volumen 41, n\u00famero 3<\/a><\/div>\n<\/div>\n<\/div><\/div>\n<\/div>\n\n\n<div class=\"taxonomy-post_tag has-link-color wp-elements-4795dccc25dd561b10d5c166c095ced0 wp-block-post-terms has-text-color has-gray-color has-small-font-size\"><a href=\"https:\/\/mwc-cmm.org\/es\/stories\/tag\/courier-es\/\" rel=\"tag\">Courier<\/a><span class=\"wp-block-post-terms__separator\">, <\/span><a href=\"https:\/\/mwc-cmm.org\/es\/stories\/tag\/miembros-directivos\/\" rel=\"tag\">Miembros directivos<\/a><\/div>\n\n\n<p class=\"wp-block-paragraph\"><\/p>\n","protected":false},"excerpt":{"rendered":"<p>La columna de los miembros directivos\u00a0 La palabra \u201csolidaridad\u201d proviene del lat\u00edn solidus: \u00edntegro, firme y unido. Es m\u00e1s que simpat\u00eda (\u201cSiento lo que te est\u00e1 pasando\u201d) o empat\u00eda (\u201cComprendo c\u00f3mo te sientes\u201d). La solidaridad dice: \u201cEstar\u00e9 a tu lado\u201d. Es la disposici\u00f3n a compartir las cargas de los dem\u00e1s. Recientemente, nuestra iglesia ha estudiado [&hellip;]<\/p>\n","protected":false},"author":8,"featured_media":132130,"comment_status":"closed","ping_status":"closed","sticky":false,"template":"","format":"standard","meta":{"_acf_changed":false,"footnotes":""},"categories":[1184],"tags":[398,1557],"network":[],"eventcategory":[],"class_list":["post-132134","post","type-post","status-publish","format-standard","has-post-thumbnail","hentry","category-courier-sp","tag-courier-es","tag-miembros-directivos"],"acf":[],"yoast_head":"<!-- This site is optimized with the Yoast SEO plugin v28.3 - https:\/\/yoast.com\/product\/yoast-seo-wordpress\/ -->\n<title>No es un programa, sino una mesa - Mennonite World Conference<\/title>\n<meta name=\"robots\" content=\"index, follow, max-snippet:-1, max-image-preview:large, max-video-preview:-1\" \/>\n<link rel=\"canonical\" href=\"https:\/\/mwc-cmm.org\/es\/stories\/no-es-un-programa-sino-una-mesa\/\" \/>\n<meta property=\"og:locale\" content=\"es_ES\" \/>\n<meta property=\"og:type\" content=\"article\" \/>\n<meta property=\"og:title\" content=\"No es un programa, sino una mesa - Mennonite World Conference\" \/>\n<meta property=\"og:description\" content=\"La columna de los miembros directivos\u00a0 La palabra \u201csolidaridad\u201d proviene del lat\u00edn solidus: \u00edntegro, firme y unido. Es m\u00e1s que simpat\u00eda (\u201cSiento lo que te est\u00e1 pasando\u201d) o empat\u00eda (\u201cComprendo c\u00f3mo te sientes\u201d). La solidaridad dice: \u201cEstar\u00e9 a tu lado\u201d. Es la disposici\u00f3n a compartir las cargas de los dem\u00e1s. Recientemente, nuestra iglesia ha estudiado [&hellip;]\" \/>\n<meta property=\"og:url\" content=\"https:\/\/mwc-cmm.org\/es\/stories\/no-es-un-programa-sino-una-mesa\/\" \/>\n<meta property=\"og:site_name\" content=\"Mennonite World Conference\" \/>\n<meta property=\"article:publisher\" content=\"https:\/\/www.facebook.com\/MennoniteWorldConference\" \/>\n<meta property=\"article:published_time\" content=\"2026-09-01T14:50:59+00:00\" \/>\n<meta property=\"og:image\" content=\"https:\/\/mwc-cmm.org\/wp-content\/uploads\/2026\/09\/20260314-20260314RGPhotographyRGP_9102_FMoCZl.jpg\" \/>\n\t<meta property=\"og:image:width\" content=\"1200\" \/>\n\t<meta property=\"og:image:height\" content=\"687\" \/>\n\t<meta property=\"og:image:type\" content=\"image\/jpeg\" \/>\n<meta name=\"author\" content=\"Stephanie Setiawan\" \/>\n<script type=\"application\/ld+json\" class=\"yoast-schema-graph\">{\"@context\":\"https:\\\/\\\/schema.org\",\"@graph\":[{\"@type\":\"Article\",\"@id\":\"https:\\\/\\\/mwc-cmm.org\\\/es\\\/stories\\\/no-es-un-programa-sino-una-mesa\\\/#article\",\"isPartOf\":{\"@id\":\"https:\\\/\\\/mwc-cmm.org\\\/es\\\/stories\\\/no-es-un-programa-sino-una-mesa\\\/\"},\"author\":{\"name\":\"Stephanie Setiawan\",\"@id\":\"https:\\\/\\\/mwc-cmm.org\\\/en\\\/#\\\/schema\\\/person\\\/00b62ed8ea1527254a44f3ace3aee79d\"},\"headline\":\"No es un programa, sino una mesa\",\"datePublished\":\"2026-09-01T14:50:59+00:00\",\"mainEntityOfPage\":{\"@id\":\"https:\\\/\\\/mwc-cmm.org\\\/es\\\/stories\\\/no-es-un-programa-sino-una-mesa\\\/\"},\"wordCount\":332,\"publisher\":{\"@id\":\"https:\\\/\\\/mwc-cmm.org\\\/en\\\/#organization\"},\"image\":{\"@id\":\"https:\\\/\\\/mwc-cmm.org\\\/es\\\/stories\\\/no-es-un-programa-sino-una-mesa\\\/#primaryimage\"},\"thumbnailUrl\":\"https:\\\/\\\/mwc-cmm.org\\\/wp-content\\\/uploads\\\/2026\\\/09\\\/20260314-20260314RGPhotographyRGP_9102_FMoCZl.jpg\",\"keywords\":[\"Courier\",\"Miembros directivos\"],\"articleSection\":[\"Correo\"],\"inLanguage\":\"es\"},{\"@type\":\"WebPage\",\"@id\":\"https:\\\/\\\/mwc-cmm.org\\\/es\\\/stories\\\/no-es-un-programa-sino-una-mesa\\\/\",\"url\":\"https:\\\/\\\/mwc-cmm.org\\\/es\\\/stories\\\/no-es-un-programa-sino-una-mesa\\\/\",\"name\":\"No es un programa, sino una mesa - Mennonite World Conference\",\"isPartOf\":{\"@id\":\"https:\\\/\\\/mwc-cmm.org\\\/en\\\/#website\"},\"primaryImageOfPage\":{\"@id\":\"https:\\\/\\\/mwc-cmm.org\\\/es\\\/stories\\\/no-es-un-programa-sino-una-mesa\\\/#primaryimage\"},\"image\":{\"@id\":\"https:\\\/\\\/mwc-cmm.org\\\/es\\\/stories\\\/no-es-un-programa-sino-una-mesa\\\/#primaryimage\"},\"thumbnailUrl\":\"https:\\\/\\\/mwc-cmm.org\\\/wp-content\\\/uploads\\\/2026\\\/09\\\/20260314-20260314RGPhotographyRGP_9102_FMoCZl.jpg\",\"datePublished\":\"2026-09-01T14:50:59+00:00\",\"breadcrumb\":{\"@id\":\"https:\\\/\\\/mwc-cmm.org\\\/es\\\/stories\\\/no-es-un-programa-sino-una-mesa\\\/#breadcrumb\"},\"inLanguage\":\"es\",\"potentialAction\":[{\"@type\":\"ReadAction\",\"target\":[\"https:\\\/\\\/mwc-cmm.org\\\/es\\\/stories\\\/no-es-un-programa-sino-una-mesa\\\/\"]}]},{\"@type\":\"ImageObject\",\"inLanguage\":\"es\",\"@id\":\"https:\\\/\\\/mwc-cmm.org\\\/es\\\/stories\\\/no-es-un-programa-sino-una-mesa\\\/#primaryimage\",\"url\":\"https:\\\/\\\/mwc-cmm.org\\\/wp-content\\\/uploads\\\/2026\\\/09\\\/20260314-20260314RGPhotographyRGP_9102_FMoCZl.jpg\",\"contentUrl\":\"https:\\\/\\\/mwc-cmm.org\\\/wp-content\\\/uploads\\\/2026\\\/09\\\/20260314-20260314RGPhotographyRGP_9102_FMoCZl.jpg\",\"width\":1200,\"height\":687},{\"@type\":\"BreadcrumbList\",\"@id\":\"https:\\\/\\\/mwc-cmm.org\\\/es\\\/stories\\\/no-es-un-programa-sino-una-mesa\\\/#breadcrumb\",\"itemListElement\":[{\"@type\":\"ListItem\",\"position\":1,\"name\":\"Home\",\"item\":\"https:\\\/\\\/mwc-cmm.org\\\/es\\\/\"},{\"@type\":\"ListItem\",\"position\":2,\"name\":\"No es un programa, sino una mesa\"}]},{\"@type\":\"WebSite\",\"@id\":\"https:\\\/\\\/mwc-cmm.org\\\/en\\\/#website\",\"url\":\"https:\\\/\\\/mwc-cmm.org\\\/en\\\/\",\"name\":\"Mennonite World Conference\",\"description\":\"A communion of Anabaptist-related churches\",\"publisher\":{\"@id\":\"https:\\\/\\\/mwc-cmm.org\\\/en\\\/#organization\"},\"alternateName\":\"MWC\",\"potentialAction\":[{\"@type\":\"SearchAction\",\"target\":{\"@type\":\"EntryPoint\",\"urlTemplate\":\"https:\\\/\\\/mwc-cmm.org\\\/en\\\/?s={search_term_string}\"},\"query-input\":{\"@type\":\"PropertyValueSpecification\",\"valueRequired\":true,\"valueName\":\"search_term_string\"}}],\"inLanguage\":\"es\"},{\"@type\":\"Organization\",\"@id\":\"https:\\\/\\\/mwc-cmm.org\\\/en\\\/#organization\",\"name\":\"Mennonite World Conference\",\"alternateName\":\"MWC\",\"url\":\"https:\\\/\\\/mwc-cmm.org\\\/en\\\/\",\"logo\":{\"@type\":\"ImageObject\",\"inLanguage\":\"es\",\"@id\":\"https:\\\/\\\/mwc-cmm.org\\\/en\\\/#\\\/schema\\\/logo\\\/image\\\/\",\"url\":\"https:\\\/\\\/mwc-cmm.org\\\/wp-content\\\/uploads\\\/2026\\\/01\\\/MWC_Sig_Blue_Horiz_webheader1-logo.svg\",\"contentUrl\":\"https:\\\/\\\/mwc-cmm.org\\\/wp-content\\\/uploads\\\/2026\\\/01\\\/MWC_Sig_Blue_Horiz_webheader1-logo.svg\",\"width\":786,\"height\":82,\"caption\":\"Mennonite World Conference\"},\"image\":{\"@id\":\"https:\\\/\\\/mwc-cmm.org\\\/en\\\/#\\\/schema\\\/logo\\\/image\\\/\"},\"sameAs\":[\"https:\\\/\\\/www.facebook.com\\\/MennoniteWorldConference\",\"https:\\\/\\\/www.linkedin.com\\\/company\\\/mennonite-world-conference-mwc\\\/\",\"https:\\\/\\\/www.instagram.com\\\/mwcmm\\\/\",\"https:\\\/\\\/www.youtube.com\\\/user\\\/mwccmm\",\"https:\\\/\\\/bsky.app\\\/profile\\\/mwcmm.bsky.social\"]},{\"@type\":\"Person\",\"@id\":\"https:\\\/\\\/mwc-cmm.org\\\/en\\\/#\\\/schema\\\/person\\\/00b62ed8ea1527254a44f3ace3aee79d\",\"name\":\"Stephanie Setiawan\",\"image\":{\"@type\":\"ImageObject\",\"inLanguage\":\"es\",\"@id\":\"https:\\\/\\\/secure.gravatar.com\\\/avatar\\\/71b4b62cf3d0cfb4c8a367a101127ba8adfa1c22417900980ea24f5f4457a76d?s=96&d=mm&r=g\",\"url\":\"https:\\\/\\\/secure.gravatar.com\\\/avatar\\\/71b4b62cf3d0cfb4c8a367a101127ba8adfa1c22417900980ea24f5f4457a76d?s=96&d=mm&r=g\",\"contentUrl\":\"https:\\\/\\\/secure.gravatar.com\\\/avatar\\\/71b4b62cf3d0cfb4c8a367a101127ba8adfa1c22417900980ea24f5f4457a76d?s=96&d=mm&r=g\",\"caption\":\"Stephanie Setiawan\"},\"url\":\"https:\\\/\\\/mwc-cmm.org\\\/es\\\/stories\\\/author\\\/stephanie\\\/\"}]}<\/script>\n<!-- \/ Yoast SEO plugin. -->","yoast_head_json":{"title":"No es un programa, sino una mesa - Mennonite World Conference","robots":{"index":"index","follow":"follow","max-snippet":"max-snippet:-1","max-image-preview":"max-image-preview:large","max-video-preview":"max-video-preview:-1"},"canonical":"https:\/\/mwc-cmm.org\/es\/stories\/no-es-un-programa-sino-una-mesa\/","og_locale":"es_ES","og_type":"article","og_title":"No es un programa, sino una mesa - Mennonite World Conference","og_description":"La columna de los miembros directivos\u00a0 La palabra \u201csolidaridad\u201d proviene del lat\u00edn solidus: \u00edntegro, firme y unido. Es m\u00e1s que simpat\u00eda (\u201cSiento lo que te est\u00e1 pasando\u201d) o empat\u00eda (\u201cComprendo c\u00f3mo te sientes\u201d). La solidaridad dice: \u201cEstar\u00e9 a tu lado\u201d. Es la disposici\u00f3n a compartir las cargas de los dem\u00e1s. Recientemente, nuestra iglesia ha estudiado [&hellip;]","og_url":"https:\/\/mwc-cmm.org\/es\/stories\/no-es-un-programa-sino-una-mesa\/","og_site_name":"Mennonite World Conference","article_publisher":"https:\/\/www.facebook.com\/MennoniteWorldConference","article_published_time":"2026-09-01T14:50:59+00:00","og_image":[{"width":1200,"height":687,"url":"https:\/\/mwc-cmm.org\/wp-content\/uploads\/2026\/09\/20260314-20260314RGPhotographyRGP_9102_FMoCZl.jpg","type":"image\/jpeg"}],"author":"Stephanie Setiawan","schema":{"@context":"https:\/\/schema.org","@graph":[{"@type":"Article","@id":"https:\/\/mwc-cmm.org\/es\/stories\/no-es-un-programa-sino-una-mesa\/#article","isPartOf":{"@id":"https:\/\/mwc-cmm.org\/es\/stories\/no-es-un-programa-sino-una-mesa\/"},"author":{"name":"Stephanie Setiawan","@id":"https:\/\/mwc-cmm.org\/en\/#\/schema\/person\/00b62ed8ea1527254a44f3ace3aee79d"},"headline":"No es un programa, sino una mesa","datePublished":"2026-09-01T14:50:59+00:00","mainEntityOfPage":{"@id":"https:\/\/mwc-cmm.org\/es\/stories\/no-es-un-programa-sino-una-mesa\/"},"wordCount":332,"publisher":{"@id":"https:\/\/mwc-cmm.org\/en\/#organization"},"image":{"@id":"https:\/\/mwc-cmm.org\/es\/stories\/no-es-un-programa-sino-una-mesa\/#primaryimage"},"thumbnailUrl":"https:\/\/mwc-cmm.org\/wp-content\/uploads\/2026\/09\/20260314-20260314RGPhotographyRGP_9102_FMoCZl.jpg","keywords":["Courier","Miembros directivos"],"articleSection":["Correo"],"inLanguage":"es"},{"@type":"WebPage","@id":"https:\/\/mwc-cmm.org\/es\/stories\/no-es-un-programa-sino-una-mesa\/","url":"https:\/\/mwc-cmm.org\/es\/stories\/no-es-un-programa-sino-una-mesa\/","name":"No es un programa, sino una mesa - Mennonite World Conference","isPartOf":{"@id":"https:\/\/mwc-cmm.org\/en\/#website"},"primaryImageOfPage":{"@id":"https:\/\/mwc-cmm.org\/es\/stories\/no-es-un-programa-sino-una-mesa\/#primaryimage"},"image":{"@id":"https:\/\/mwc-cmm.org\/es\/stories\/no-es-un-programa-sino-una-mesa\/#primaryimage"},"thumbnailUrl":"https:\/\/mwc-cmm.org\/wp-content\/uploads\/2026\/09\/20260314-20260314RGPhotographyRGP_9102_FMoCZl.jpg","datePublished":"2026-09-01T14:50:59+00:00","breadcrumb":{"@id":"https:\/\/mwc-cmm.org\/es\/stories\/no-es-un-programa-sino-una-mesa\/#breadcrumb"},"inLanguage":"es","potentialAction":[{"@type":"ReadAction","target":["https:\/\/mwc-cmm.org\/es\/stories\/no-es-un-programa-sino-una-mesa\/"]}]},{"@type":"ImageObject","inLanguage":"es","@id":"https:\/\/mwc-cmm.org\/es\/stories\/no-es-un-programa-sino-una-mesa\/#primaryimage","url":"https:\/\/mwc-cmm.org\/wp-content\/uploads\/2026\/09\/20260314-20260314RGPhotographyRGP_9102_FMoCZl.jpg","contentUrl":"https:\/\/mwc-cmm.org\/wp-content\/uploads\/2026\/09\/20260314-20260314RGPhotographyRGP_9102_FMoCZl.jpg","width":1200,"height":687},{"@type":"BreadcrumbList","@id":"https:\/\/mwc-cmm.org\/es\/stories\/no-es-un-programa-sino-una-mesa\/#breadcrumb","itemListElement":[{"@type":"ListItem","position":1,"name":"Home","item":"https:\/\/mwc-cmm.org\/es\/"},{"@type":"ListItem","position":2,"name":"No es un programa, sino una mesa"}]},{"@type":"WebSite","@id":"https:\/\/mwc-cmm.org\/en\/#website","url":"https:\/\/mwc-cmm.org\/en\/","name":"Mennonite World Conference","description":"A communion of Anabaptist-related churches","publisher":{"@id":"https:\/\/mwc-cmm.org\/en\/#organization"},"alternateName":"MWC","potentialAction":[{"@type":"SearchAction","target":{"@type":"EntryPoint","urlTemplate":"https:\/\/mwc-cmm.org\/en\/?s={search_term_string}"},"query-input":{"@type":"PropertyValueSpecification","valueRequired":true,"valueName":"search_term_string"}}],"inLanguage":"es"},{"@type":"Organization","@id":"https:\/\/mwc-cmm.org\/en\/#organization","name":"Mennonite World Conference","alternateName":"MWC","url":"https:\/\/mwc-cmm.org\/en\/","logo":{"@type":"ImageObject","inLanguage":"es","@id":"https:\/\/mwc-cmm.org\/en\/#\/schema\/logo\/image\/","url":"https:\/\/mwc-cmm.org\/wp-content\/uploads\/2026\/01\/MWC_Sig_Blue_Horiz_webheader1-logo.svg","contentUrl":"https:\/\/mwc-cmm.org\/wp-content\/uploads\/2026\/01\/MWC_Sig_Blue_Horiz_webheader1-logo.svg","width":786,"height":82,"caption":"Mennonite World Conference"},"image":{"@id":"https:\/\/mwc-cmm.org\/en\/#\/schema\/logo\/image\/"},"sameAs":["https:\/\/www.facebook.com\/MennoniteWorldConference","https:\/\/www.linkedin.com\/company\/mennonite-world-conference-mwc\/","https:\/\/www.instagram.com\/mwcmm\/","https:\/\/www.youtube.com\/user\/mwccmm","https:\/\/bsky.app\/profile\/mwcmm.bsky.social"]},{"@type":"Person","@id":"https:\/\/mwc-cmm.org\/en\/#\/schema\/person\/00b62ed8ea1527254a44f3ace3aee79d","name":"Stephanie Setiawan","image":{"@type":"ImageObject","inLanguage":"es","@id":"https:\/\/secure.gravatar.com\/avatar\/71b4b62cf3d0cfb4c8a367a101127ba8adfa1c22417900980ea24f5f4457a76d?s=96&d=mm&r=g","url":"https:\/\/secure.gravatar.com\/avatar\/71b4b62cf3d0cfb4c8a367a101127ba8adfa1c22417900980ea24f5f4457a76d?s=96&d=mm&r=g","contentUrl":"https:\/\/secure.gravatar.com\/avatar\/71b4b62cf3d0cfb4c8a367a101127ba8adfa1c22417900980ea24f5f4457a76d?s=96&d=mm&r=g","caption":"Stephanie Setiawan"},"url":"https:\/\/mwc-cmm.org\/es\/stories\/author\/stephanie\/"}]}},"_links":{"self":[{"href":"https:\/\/mwc-cmm.org\/es\/wp-json\/wp\/v2\/posts\/132134","targetHints":{"allow":["GET"]}}],"collection":[{"href":"https:\/\/mwc-cmm.org\/es\/wp-json\/wp\/v2\/posts"}],"about":[{"href":"https:\/\/mwc-cmm.org\/es\/wp-json\/wp\/v2\/types\/post"}],"author":[{"embeddable":true,"href":"https:\/\/mwc-cmm.org\/es\/wp-json\/wp\/v2\/users\/8"}],"replies":[{"embeddable":true,"href":"https:\/\/mwc-cmm.org\/es\/wp-json\/wp\/v2\/comments?post=132134"}],"version-history":[{"count":2,"href":"https:\/\/mwc-cmm.org\/es\/wp-json\/wp\/v2\/posts\/132134\/revisions"}],"predecessor-version":[{"id":132139,"href":"https:\/\/mwc-cmm.org\/es\/wp-json\/wp\/v2\/posts\/132134\/revisions\/132139"}],"wp:featuredmedia":[{"embeddable":true,"href":"https:\/\/mwc-cmm.org\/es\/wp-json\/wp\/v2\/media\/132130"}],"wp:attachment":[{"href":"https:\/\/mwc-cmm.org\/es\/wp-json\/wp\/v2\/media?parent=132134"}],"wp:term":[{"taxonomy":"category","embeddable":true,"href":"https:\/\/mwc-cmm.org\/es\/wp-json\/wp\/v2\/categories?post=132134"},{"taxonomy":"post_tag","embeddable":true,"href":"https:\/\/mwc-cmm.org\/es\/wp-json\/wp\/v2\/tags?post=132134"},{"taxonomy":"network","embeddable":true,"href":"https:\/\/mwc-cmm.org\/es\/wp-json\/wp\/v2\/network?post=132134"},{"taxonomy":"eventcategory","embeddable":true,"href":"https:\/\/mwc-cmm.org\/es\/wp-json\/wp\/v2\/eventcategory?post=132134"}],"curies":[{"name":"wp","href":"https:\/\/api.w.org\/{rel}","templated":true}]}}