{"id":132004,"date":"2026-09-01T13:29:06","date_gmt":"2026-09-01T13:29:06","guid":{"rendered":"https:\/\/mwc-cmm.org\/?p=132004"},"modified":"2026-09-01T13:29:06","modified_gmt":"2026-09-01T13:29:06","slug":"participar-juntos-en-el-culto","status":"publish","type":"post","link":"https:\/\/mwc-cmm.org\/es\/stories\/participar-juntos-en-el-culto\/","title":{"rendered":"Participar juntos en el culto"},"content":{"rendered":"\n<h2 class=\"wp-block-heading\">La danza expresa cultura y unidad en evento de Renovaci\u00f3n<\/h2>\n\n\n\n<p class=\"wp-block-paragraph\">\u201cLa danza utiliza movimientos familiares para acercarnos a Dios, hacer part\u00edcipe a la comunidad y expresar gratitud, al tiempo que refleja nuestras pr\u00e1cticas culturales especialmente en momentos de celebraci\u00f3n\u201d, afirma Marcial Arenos, del Binuangan Mennonite Christian Church, Distrito Norte de la Iglesia Menonita Integrada (IMC por su sigla en ingl\u00e9s), en Filipinas. \u201cEs una expresi\u00f3n corporal de adoraci\u00f3n que implica la participaci\u00f3n colectiva.\u201d<\/p>\n\n\n\n<p class=\"wp-block-paragraph\">En la programaci\u00f3n del evento de <a href=\"https:\/\/mwc-cmm.org\/es\/renovacion-2028\/\" data-type=\"link\" data-id=\"https:\/\/mwc-cmm.org\/es\/renovacion-2028\/\">Renovaci\u00f3n<\/a> 2026 en Filipinas, se alternaron danzas culturales de varios distritos de la IMC con distintos trasfondos culturales. Las presentaciones de grupos de danza locales de los distritos tambi\u00e9n son un elemento caracter\u00edstico de los encuentros regionales y culturales de la IMC.<\/p>\n\n\n\n<p class=\"wp-block-paragraph\">Las danzas se destacan por trajes tradicionales (confeccionados por miembros de la iglesia), gestos simb\u00f3licos y movimientos repetitivos que narran una historia. Estas caracter\u00edsticas reflejan las tradiciones y los valores de las comunidades, se\u00f1ala Blessing Joy Turqueza, representante de <a href=\"https:\/\/mwc-cmm.org\/es\/jovenes-anabautistas-yabs\/\" data-type=\"link\" data-id=\"https:\/\/mwc-cmm.org\/es\/jovenes-anabautistas-yabs\/\">YABs<\/a> para Asia y uno de los responsables de la Asociaci\u00f3n Juvenil Menonita de Filipinas de la IMC.<\/p>\n\n\n\n<p class=\"wp-block-paragraph\">\u201cEl uso de la danza enriquece la adoraci\u00f3n, la oraci\u00f3n y la lectura de las Escrituras; podemos expresarnos en nuestro idioma, nuestras tradiciones y nuestra cultura\u201d, expresa Marcial Arenos. Adem\u00e1s, es una forma de acercamiento a la comunidad, donde la preservaci\u00f3n de la cultura y el dialecto a trav\u00e9s de la danza crea v\u00ednculos con las comunidades ind\u00edgenas.<\/p>\n\n\n\n<p class=\"wp-block-paragraph\">\u201cPara nosotros en Filipinas, estas danzas tradicionales simbolizan la unidad y la celebraci\u00f3n. La Biblia tambi\u00e9n dice que toda lengua confesar\u00e1 a Jes\u00fas y toda tribu celebrar\u00e1 la gloria de Dios (Filipenses 2:10-11). Por este motivo, celebramos a Dios con nuestra danza\u201d, afirma Shammah Micah B. Abadier, de la Iglesia Menonita de Red Cross Village, Distrito Central.<\/p>\n\n\n\n<h3 class=\"wp-block-heading\">Pandanggo sa Ilaw<\/h3>\n\n\n\n<figure class=\"wp-block-embed is-type-video is-provider-youtube wp-block-embed-youtube wp-embed-aspect-16-9 wp-has-aspect-ratio\"><div class=\"wp-block-embed__wrapper\">\n<iframe title=\"Pandanggo sa Ilaw\" width=\"500\" height=\"281\" data-src=\"https:\/\/www.youtube.com\/embed\/BRVokhpwyBY?feature=oembed\" frameborder=\"0\" allow=\"accelerometer; autoplay; clipboard-write; encrypted-media; gyroscope; picture-in-picture; web-share\" referrerpolicy=\"strict-origin-when-cross-origin\" allowfullscreen src=\"data:image\/svg+xml;base64,PHN2ZyB3aWR0aD0iMSIgaGVpZ2h0PSIxIiB4bWxucz0iaHR0cDovL3d3dy53My5vcmcvMjAwMC9zdmciPjwvc3ZnPg==\" class=\"lazyload\" data-load-mode=\"1\"><\/iframe>\n<\/div><\/figure>\n\n\n\n<p class=\"wp-block-paragraph\">Una de las danzas del programa fue <em>Pandanggo sa Ilaw<\/em>. Esta danza folcl\u00f3rica de la isla de Lubang, en Mindoro, deriva del fandango espa\u00f1ol de la \u00e9poca colonial. Representa el cortejo mediante el equilibrio de l\u00e1mparas encendidas que simbolizan las luci\u00e9rnagas.<\/p>\n\n\n\n<p class=\"wp-block-paragraph\">\u201cLa belleza de la danza depende de cu\u00e1n clara y constante se mantenga la llama que porta el bailar\u00edn\u201d, explica Felipe Magbuhos Jr., de la Iglesia Menonita B\u00edblico de Lacao en Lumban. Originalmente se realizaba con velas, pero ahora usan una luz que funciona con pilas.<\/p>\n\n\n\n<p class=\"wp-block-paragraph\">\u201cComo est\u00e1 escrito: \u2018Ustedes son la luz de este mundo\u2026 procuren ustedes que su luz brille delante de la gente, para que, viendo el bien que ustedes hacen, todos alaben a su Padre que est\u00e1 en el cielo\u201d. (Mateo 5:14-16).<\/p>\n\n\n\n<p class=\"wp-block-paragraph\">\u201cEsta danza nos recuerda que, en medio de situaciones oscuras, nuestra vida \u2014la \u2018luz\u2019 que llevamos en nuestras manos\u2014 debe servir de inspiraci\u00f3n y testimonio de la bondad de Dios\u201d, afirma.<\/p>\n\n\n\n<p class=\"wp-block-paragraph\">Al finalizar la programaci\u00f3n del evento de Renovaci\u00f3n, todos los participantes e invitados internacionales fueron invitados a realizar juntos la danza de la unidad, que forma parte habitualmente de la convenci\u00f3n anual de la IMC.<\/p>\n\n\n\n<p class=\"wp-block-paragraph\">\u201cAl saludar y extender las manos de esta manera, alabamos a nuestro Dios\u201d, expresa Shammah Micah B. Abadier.<\/p>\n\n\n\n<hr class=\"wp-block-separator has-alpha-channel-opacity\"\/>\n\n\n\n<figure class=\"wp-block-embed is-type-rich is-provider-flickr wp-block-embed-flickr\"><div class=\"wp-block-embed__wrapper\">\n<a data-flickr-embed='true' href='https:\/\/www.flickr.com\/photos\/mwcmm\/albums\/72177720332736884\/' title='2026 Renewal Philippines by MWC-CMM (Mennonite World Conference), on Flickr'><img data-src='https:\/\/live.staticflickr.com\/65535\/55167231646_50e20e254c.jpg' width='800' height='600' alt='20260314RGPhotographyRGP_8060_FMoCZl' src='data:image\/svg+xml;base64,PHN2ZyB3aWR0aD0iMSIgaGVpZ2h0PSIxIiB4bWxucz0iaHR0cDovL3d3dy53My5vcmcvMjAwMC9zdmciPjwvc3ZnPg==' class='lazyload' style='--smush-placeholder-width: 800px; --smush-placeholder-aspect-ratio: 800\/600;'><\/a><script async src='https:\/\/embedr.flickr.com\/assets\/client-code.js' charset='utf-8'><\/script>\n<\/div><\/figure>\n\n\n\n<hr class=\"wp-block-separator has-alpha-channel-opacity\"\/>\n\n\n\n<div class=\"wp-block-group has-global-padding is-layout-constrained wp-block-group-is-layout-constrained\">\n<div class=\"wp-block-media-text is-stacked-on-mobile has-magenta-background-color has-background\" style=\"grid-template-columns:15% auto\"><figure class=\"wp-block-media-text__media\"><img decoding=\"async\" width=\"682\" height=\"890\" data-src=\"https:\/\/mwc-cmm.org\/wp-content\/uploads\/2026\/09\/41.3-EN.png\" alt=\"\" class=\"wp-image-131989 size-full lazyload\" data-srcset=\"https:\/\/mwc-cmm.org\/wp-content\/uploads\/2026\/09\/41.3-EN.png 682w, https:\/\/mwc-cmm.org\/wp-content\/uploads\/2026\/09\/41.3-EN-230x300.png 230w\" data-sizes=\"(max-width: 682px) 100vw, 682px\" src=\"data:image\/svg+xml;base64,PHN2ZyB3aWR0aD0iMSIgaGVpZ2h0PSIxIiB4bWxucz0iaHR0cDovL3d3dy53My5vcmcvMjAwMC9zdmciPjwvc3ZnPg==\" style=\"--smush-placeholder-width: 682px; --smush-placeholder-aspect-ratio: 682\/890;\" \/><\/figure><div class=\"wp-block-media-text__content\">\n<div class=\"wp-block-buttons is-layout-flex wp-block-buttons-is-layout-flex\">\n<div class=\"wp-block-button\"><a class=\"wp-block-button__link has-magenta-background-color has-background has-custom-font-size wp-element-button\" href=\"https:\/\/mwc-cmm.org\/es\/resources\/correo-2026-41-3\/\" style=\"font-size:clamp(0.984rem, 0.984rem + ((1vw - 0.2rem) * 0.917), 1.5rem);\">Este art\u00edculo apareci\u00f3 por primera vez eN Courier \/ Correo \/ Courrier, volumen 41, n\u00famero 3<\/a><\/div>\n<\/div>\n<\/div><\/div>\n<\/div>\n\n\n<div class=\"taxonomy-post_tag has-link-color wp-elements-4795dccc25dd561b10d5c166c095ced0 wp-block-post-terms has-text-color has-gray-color has-small-font-size\"><a href=\"https:\/\/mwc-cmm.org\/es\/stories\/tag\/courier-es\/\" rel=\"tag\">Courier<\/a><span class=\"wp-block-post-terms__separator\">, <\/span><a href=\"https:\/\/mwc-cmm.org\/es\/stories\/tag\/filipinas\/\" rel=\"tag\">Filipinas<\/a><span class=\"wp-block-post-terms__separator\">, <\/span><a href=\"https:\/\/mwc-cmm.org\/es\/stories\/tag\/renewal\/\" rel=\"tag\">Renewal<\/a><\/div>\n\n\n<p class=\"has-medium-font-size wp-block-paragraph\"><\/p>\n\n\n\n<p class=\"wp-block-paragraph\"><\/p>\n","protected":false},"excerpt":{"rendered":"<p>La danza expresa cultura y unidad en evento de Renovaci\u00f3n \u201cLa danza utiliza movimientos familiares para acercarnos a Dios, hacer part\u00edcipe a la comunidad y expresar gratitud, al tiempo que refleja nuestras pr\u00e1cticas culturales especialmente en momentos de celebraci\u00f3n\u201d, afirma Marcial Arenos, del Binuangan Mennonite Christian Church, Distrito Norte de la Iglesia Menonita Integrada (IMC [&hellip;]<\/p>\n","protected":false},"author":8,"featured_media":132067,"comment_status":"closed","ping_status":"closed","sticky":false,"template":"","format":"standard","meta":{"_acf_changed":false,"footnotes":""},"categories":[1184],"tags":[398,2457,1939],"network":[],"eventcategory":[],"class_list":["post-132004","post","type-post","status-publish","format-standard","has-post-thumbnail","hentry","category-courier-sp","tag-courier-es","tag-filipinas","tag-renewal"],"acf":[],"yoast_head":"<!-- This site is optimized with the Yoast SEO plugin v28.3 - https:\/\/yoast.com\/product\/yoast-seo-wordpress\/ -->\n<title>Participar juntos en el culto - Mennonite World Conference<\/title>\n<meta name=\"robots\" content=\"index, follow, max-snippet:-1, max-image-preview:large, max-video-preview:-1\" \/>\n<link rel=\"canonical\" href=\"https:\/\/mwc-cmm.org\/es\/stories\/participar-juntos-en-el-culto\/\" \/>\n<meta property=\"og:locale\" content=\"es_ES\" \/>\n<meta property=\"og:type\" content=\"article\" \/>\n<meta property=\"og:title\" content=\"Participar juntos en el culto - Mennonite World Conference\" \/>\n<meta property=\"og:description\" content=\"La danza expresa cultura y unidad en evento de Renovaci\u00f3n \u201cLa danza utiliza movimientos familiares para acercarnos a Dios, hacer part\u00edcipe a la comunidad y expresar gratitud, al tiempo que refleja nuestras pr\u00e1cticas culturales especialmente en momentos de celebraci\u00f3n\u201d, afirma Marcial Arenos, del Binuangan Mennonite Christian Church, Distrito Norte de la Iglesia Menonita Integrada (IMC [&hellip;]\" \/>\n<meta property=\"og:url\" content=\"https:\/\/mwc-cmm.org\/es\/stories\/participar-juntos-en-el-culto\/\" \/>\n<meta property=\"og:site_name\" content=\"Mennonite World Conference\" \/>\n<meta property=\"article:publisher\" content=\"https:\/\/www.facebook.com\/MennoniteWorldConference\" \/>\n<meta property=\"article:published_time\" content=\"2026-09-01T13:29:06+00:00\" \/>\n<meta property=\"og:image\" content=\"https:\/\/mwc-cmm.org\/wp-content\/uploads\/2026\/09\/20260314RGPhotographyRGP_8366_FMoCZl.jpg\" \/>\n\t<meta property=\"og:image:width\" content=\"1200\" \/>\n\t<meta property=\"og:image:height\" content=\"687\" \/>\n\t<meta property=\"og:image:type\" content=\"image\/jpeg\" \/>\n<meta name=\"author\" content=\"Stephanie Setiawan\" \/>\n<script type=\"application\/ld+json\" class=\"yoast-schema-graph\">{\"@context\":\"https:\\\/\\\/schema.org\",\"@graph\":[{\"@type\":\"Article\",\"@id\":\"https:\\\/\\\/mwc-cmm.org\\\/es\\\/stories\\\/participar-juntos-en-el-culto\\\/#article\",\"isPartOf\":{\"@id\":\"https:\\\/\\\/mwc-cmm.org\\\/es\\\/stories\\\/participar-juntos-en-el-culto\\\/\"},\"author\":{\"name\":\"Stephanie Setiawan\",\"@id\":\"https:\\\/\\\/mwc-cmm.org\\\/en\\\/#\\\/schema\\\/person\\\/00b62ed8ea1527254a44f3ace3aee79d\"},\"headline\":\"Participar juntos en el culto\",\"datePublished\":\"2026-09-01T13:29:06+00:00\",\"mainEntityOfPage\":{\"@id\":\"https:\\\/\\\/mwc-cmm.org\\\/es\\\/stories\\\/participar-juntos-en-el-culto\\\/\"},\"wordCount\":561,\"publisher\":{\"@id\":\"https:\\\/\\\/mwc-cmm.org\\\/en\\\/#organization\"},\"image\":{\"@id\":\"https:\\\/\\\/mwc-cmm.org\\\/es\\\/stories\\\/participar-juntos-en-el-culto\\\/#primaryimage\"},\"thumbnailUrl\":\"https:\\\/\\\/mwc-cmm.org\\\/wp-content\\\/uploads\\\/2026\\\/09\\\/20260314RGPhotographyRGP_8366_FMoCZl.jpg\",\"keywords\":[\"Courier\",\"Filipinas\",\"Renewal\"],\"articleSection\":[\"Correo\"],\"inLanguage\":\"es\"},{\"@type\":\"WebPage\",\"@id\":\"https:\\\/\\\/mwc-cmm.org\\\/es\\\/stories\\\/participar-juntos-en-el-culto\\\/\",\"url\":\"https:\\\/\\\/mwc-cmm.org\\\/es\\\/stories\\\/participar-juntos-en-el-culto\\\/\",\"name\":\"Participar juntos en el culto - Mennonite World Conference\",\"isPartOf\":{\"@id\":\"https:\\\/\\\/mwc-cmm.org\\\/en\\\/#website\"},\"primaryImageOfPage\":{\"@id\":\"https:\\\/\\\/mwc-cmm.org\\\/es\\\/stories\\\/participar-juntos-en-el-culto\\\/#primaryimage\"},\"image\":{\"@id\":\"https:\\\/\\\/mwc-cmm.org\\\/es\\\/stories\\\/participar-juntos-en-el-culto\\\/#primaryimage\"},\"thumbnailUrl\":\"https:\\\/\\\/mwc-cmm.org\\\/wp-content\\\/uploads\\\/2026\\\/09\\\/20260314RGPhotographyRGP_8366_FMoCZl.jpg\",\"datePublished\":\"2026-09-01T13:29:06+00:00\",\"breadcrumb\":{\"@id\":\"https:\\\/\\\/mwc-cmm.org\\\/es\\\/stories\\\/participar-juntos-en-el-culto\\\/#breadcrumb\"},\"inLanguage\":\"es\",\"potentialAction\":[{\"@type\":\"ReadAction\",\"target\":[\"https:\\\/\\\/mwc-cmm.org\\\/es\\\/stories\\\/participar-juntos-en-el-culto\\\/\"]}]},{\"@type\":\"ImageObject\",\"inLanguage\":\"es\",\"@id\":\"https:\\\/\\\/mwc-cmm.org\\\/es\\\/stories\\\/participar-juntos-en-el-culto\\\/#primaryimage\",\"url\":\"https:\\\/\\\/mwc-cmm.org\\\/wp-content\\\/uploads\\\/2026\\\/09\\\/20260314RGPhotographyRGP_8366_FMoCZl.jpg\",\"contentUrl\":\"https:\\\/\\\/mwc-cmm.org\\\/wp-content\\\/uploads\\\/2026\\\/09\\\/20260314RGPhotographyRGP_8366_FMoCZl.jpg\",\"width\":1200,\"height\":687},{\"@type\":\"BreadcrumbList\",\"@id\":\"https:\\\/\\\/mwc-cmm.org\\\/es\\\/stories\\\/participar-juntos-en-el-culto\\\/#breadcrumb\",\"itemListElement\":[{\"@type\":\"ListItem\",\"position\":1,\"name\":\"Home\",\"item\":\"https:\\\/\\\/mwc-cmm.org\\\/es\\\/\"},{\"@type\":\"ListItem\",\"position\":2,\"name\":\"Participar juntos en el culto\"}]},{\"@type\":\"WebSite\",\"@id\":\"https:\\\/\\\/mwc-cmm.org\\\/en\\\/#website\",\"url\":\"https:\\\/\\\/mwc-cmm.org\\\/en\\\/\",\"name\":\"Mennonite World Conference\",\"description\":\"A communion of Anabaptist-related churches\",\"publisher\":{\"@id\":\"https:\\\/\\\/mwc-cmm.org\\\/en\\\/#organization\"},\"alternateName\":\"MWC\",\"potentialAction\":[{\"@type\":\"SearchAction\",\"target\":{\"@type\":\"EntryPoint\",\"urlTemplate\":\"https:\\\/\\\/mwc-cmm.org\\\/en\\\/?s={search_term_string}\"},\"query-input\":{\"@type\":\"PropertyValueSpecification\",\"valueRequired\":true,\"valueName\":\"search_term_string\"}}],\"inLanguage\":\"es\"},{\"@type\":\"Organization\",\"@id\":\"https:\\\/\\\/mwc-cmm.org\\\/en\\\/#organization\",\"name\":\"Mennonite World Conference\",\"alternateName\":\"MWC\",\"url\":\"https:\\\/\\\/mwc-cmm.org\\\/en\\\/\",\"logo\":{\"@type\":\"ImageObject\",\"inLanguage\":\"es\",\"@id\":\"https:\\\/\\\/mwc-cmm.org\\\/en\\\/#\\\/schema\\\/logo\\\/image\\\/\",\"url\":\"https:\\\/\\\/mwc-cmm.org\\\/wp-content\\\/uploads\\\/2026\\\/01\\\/MWC_Sig_Blue_Horiz_webheader1-logo.svg\",\"contentUrl\":\"https:\\\/\\\/mwc-cmm.org\\\/wp-content\\\/uploads\\\/2026\\\/01\\\/MWC_Sig_Blue_Horiz_webheader1-logo.svg\",\"width\":786,\"height\":82,\"caption\":\"Mennonite World Conference\"},\"image\":{\"@id\":\"https:\\\/\\\/mwc-cmm.org\\\/en\\\/#\\\/schema\\\/logo\\\/image\\\/\"},\"sameAs\":[\"https:\\\/\\\/www.facebook.com\\\/MennoniteWorldConference\",\"https:\\\/\\\/www.linkedin.com\\\/company\\\/mennonite-world-conference-mwc\\\/\",\"https:\\\/\\\/www.instagram.com\\\/mwcmm\\\/\",\"https:\\\/\\\/www.youtube.com\\\/user\\\/mwccmm\",\"https:\\\/\\\/bsky.app\\\/profile\\\/mwcmm.bsky.social\"]},{\"@type\":\"Person\",\"@id\":\"https:\\\/\\\/mwc-cmm.org\\\/en\\\/#\\\/schema\\\/person\\\/00b62ed8ea1527254a44f3ace3aee79d\",\"name\":\"Stephanie Setiawan\",\"image\":{\"@type\":\"ImageObject\",\"inLanguage\":\"es\",\"@id\":\"https:\\\/\\\/secure.gravatar.com\\\/avatar\\\/71b4b62cf3d0cfb4c8a367a101127ba8adfa1c22417900980ea24f5f4457a76d?s=96&d=mm&r=g\",\"url\":\"https:\\\/\\\/secure.gravatar.com\\\/avatar\\\/71b4b62cf3d0cfb4c8a367a101127ba8adfa1c22417900980ea24f5f4457a76d?s=96&d=mm&r=g\",\"contentUrl\":\"https:\\\/\\\/secure.gravatar.com\\\/avatar\\\/71b4b62cf3d0cfb4c8a367a101127ba8adfa1c22417900980ea24f5f4457a76d?s=96&d=mm&r=g\",\"caption\":\"Stephanie Setiawan\"},\"url\":\"https:\\\/\\\/mwc-cmm.org\\\/es\\\/stories\\\/author\\\/stephanie\\\/\"}]}<\/script>\n<!-- \/ Yoast SEO plugin. -->","yoast_head_json":{"title":"Participar juntos en el culto - Mennonite World Conference","robots":{"index":"index","follow":"follow","max-snippet":"max-snippet:-1","max-image-preview":"max-image-preview:large","max-video-preview":"max-video-preview:-1"},"canonical":"https:\/\/mwc-cmm.org\/es\/stories\/participar-juntos-en-el-culto\/","og_locale":"es_ES","og_type":"article","og_title":"Participar juntos en el culto - Mennonite World Conference","og_description":"La danza expresa cultura y unidad en evento de Renovaci\u00f3n \u201cLa danza utiliza movimientos familiares para acercarnos a Dios, hacer part\u00edcipe a la comunidad y expresar gratitud, al tiempo que refleja nuestras pr\u00e1cticas culturales especialmente en momentos de celebraci\u00f3n\u201d, afirma Marcial Arenos, del Binuangan Mennonite Christian Church, Distrito Norte de la Iglesia Menonita Integrada (IMC [&hellip;]","og_url":"https:\/\/mwc-cmm.org\/es\/stories\/participar-juntos-en-el-culto\/","og_site_name":"Mennonite World Conference","article_publisher":"https:\/\/www.facebook.com\/MennoniteWorldConference","article_published_time":"2026-09-01T13:29:06+00:00","og_image":[{"width":1200,"height":687,"url":"https:\/\/mwc-cmm.org\/wp-content\/uploads\/2026\/09\/20260314RGPhotographyRGP_8366_FMoCZl.jpg","type":"image\/jpeg"}],"author":"Stephanie Setiawan","schema":{"@context":"https:\/\/schema.org","@graph":[{"@type":"Article","@id":"https:\/\/mwc-cmm.org\/es\/stories\/participar-juntos-en-el-culto\/#article","isPartOf":{"@id":"https:\/\/mwc-cmm.org\/es\/stories\/participar-juntos-en-el-culto\/"},"author":{"name":"Stephanie Setiawan","@id":"https:\/\/mwc-cmm.org\/en\/#\/schema\/person\/00b62ed8ea1527254a44f3ace3aee79d"},"headline":"Participar juntos en el culto","datePublished":"2026-09-01T13:29:06+00:00","mainEntityOfPage":{"@id":"https:\/\/mwc-cmm.org\/es\/stories\/participar-juntos-en-el-culto\/"},"wordCount":561,"publisher":{"@id":"https:\/\/mwc-cmm.org\/en\/#organization"},"image":{"@id":"https:\/\/mwc-cmm.org\/es\/stories\/participar-juntos-en-el-culto\/#primaryimage"},"thumbnailUrl":"https:\/\/mwc-cmm.org\/wp-content\/uploads\/2026\/09\/20260314RGPhotographyRGP_8366_FMoCZl.jpg","keywords":["Courier","Filipinas","Renewal"],"articleSection":["Correo"],"inLanguage":"es"},{"@type":"WebPage","@id":"https:\/\/mwc-cmm.org\/es\/stories\/participar-juntos-en-el-culto\/","url":"https:\/\/mwc-cmm.org\/es\/stories\/participar-juntos-en-el-culto\/","name":"Participar juntos en el culto - Mennonite World Conference","isPartOf":{"@id":"https:\/\/mwc-cmm.org\/en\/#website"},"primaryImageOfPage":{"@id":"https:\/\/mwc-cmm.org\/es\/stories\/participar-juntos-en-el-culto\/#primaryimage"},"image":{"@id":"https:\/\/mwc-cmm.org\/es\/stories\/participar-juntos-en-el-culto\/#primaryimage"},"thumbnailUrl":"https:\/\/mwc-cmm.org\/wp-content\/uploads\/2026\/09\/20260314RGPhotographyRGP_8366_FMoCZl.jpg","datePublished":"2026-09-01T13:29:06+00:00","breadcrumb":{"@id":"https:\/\/mwc-cmm.org\/es\/stories\/participar-juntos-en-el-culto\/#breadcrumb"},"inLanguage":"es","potentialAction":[{"@type":"ReadAction","target":["https:\/\/mwc-cmm.org\/es\/stories\/participar-juntos-en-el-culto\/"]}]},{"@type":"ImageObject","inLanguage":"es","@id":"https:\/\/mwc-cmm.org\/es\/stories\/participar-juntos-en-el-culto\/#primaryimage","url":"https:\/\/mwc-cmm.org\/wp-content\/uploads\/2026\/09\/20260314RGPhotographyRGP_8366_FMoCZl.jpg","contentUrl":"https:\/\/mwc-cmm.org\/wp-content\/uploads\/2026\/09\/20260314RGPhotographyRGP_8366_FMoCZl.jpg","width":1200,"height":687},{"@type":"BreadcrumbList","@id":"https:\/\/mwc-cmm.org\/es\/stories\/participar-juntos-en-el-culto\/#breadcrumb","itemListElement":[{"@type":"ListItem","position":1,"name":"Home","item":"https:\/\/mwc-cmm.org\/es\/"},{"@type":"ListItem","position":2,"name":"Participar juntos en el culto"}]},{"@type":"WebSite","@id":"https:\/\/mwc-cmm.org\/en\/#website","url":"https:\/\/mwc-cmm.org\/en\/","name":"Mennonite World Conference","description":"A communion of Anabaptist-related churches","publisher":{"@id":"https:\/\/mwc-cmm.org\/en\/#organization"},"alternateName":"MWC","potentialAction":[{"@type":"SearchAction","target":{"@type":"EntryPoint","urlTemplate":"https:\/\/mwc-cmm.org\/en\/?s={search_term_string}"},"query-input":{"@type":"PropertyValueSpecification","valueRequired":true,"valueName":"search_term_string"}}],"inLanguage":"es"},{"@type":"Organization","@id":"https:\/\/mwc-cmm.org\/en\/#organization","name":"Mennonite World Conference","alternateName":"MWC","url":"https:\/\/mwc-cmm.org\/en\/","logo":{"@type":"ImageObject","inLanguage":"es","@id":"https:\/\/mwc-cmm.org\/en\/#\/schema\/logo\/image\/","url":"https:\/\/mwc-cmm.org\/wp-content\/uploads\/2026\/01\/MWC_Sig_Blue_Horiz_webheader1-logo.svg","contentUrl":"https:\/\/mwc-cmm.org\/wp-content\/uploads\/2026\/01\/MWC_Sig_Blue_Horiz_webheader1-logo.svg","width":786,"height":82,"caption":"Mennonite World Conference"},"image":{"@id":"https:\/\/mwc-cmm.org\/en\/#\/schema\/logo\/image\/"},"sameAs":["https:\/\/www.facebook.com\/MennoniteWorldConference","https:\/\/www.linkedin.com\/company\/mennonite-world-conference-mwc\/","https:\/\/www.instagram.com\/mwcmm\/","https:\/\/www.youtube.com\/user\/mwccmm","https:\/\/bsky.app\/profile\/mwcmm.bsky.social"]},{"@type":"Person","@id":"https:\/\/mwc-cmm.org\/en\/#\/schema\/person\/00b62ed8ea1527254a44f3ace3aee79d","name":"Stephanie Setiawan","image":{"@type":"ImageObject","inLanguage":"es","@id":"https:\/\/secure.gravatar.com\/avatar\/71b4b62cf3d0cfb4c8a367a101127ba8adfa1c22417900980ea24f5f4457a76d?s=96&d=mm&r=g","url":"https:\/\/secure.gravatar.com\/avatar\/71b4b62cf3d0cfb4c8a367a101127ba8adfa1c22417900980ea24f5f4457a76d?s=96&d=mm&r=g","contentUrl":"https:\/\/secure.gravatar.com\/avatar\/71b4b62cf3d0cfb4c8a367a101127ba8adfa1c22417900980ea24f5f4457a76d?s=96&d=mm&r=g","caption":"Stephanie Setiawan"},"url":"https:\/\/mwc-cmm.org\/es\/stories\/author\/stephanie\/"}]}},"_links":{"self":[{"href":"https:\/\/mwc-cmm.org\/es\/wp-json\/wp\/v2\/posts\/132004","targetHints":{"allow":["GET"]}}],"collection":[{"href":"https:\/\/mwc-cmm.org\/es\/wp-json\/wp\/v2\/posts"}],"about":[{"href":"https:\/\/mwc-cmm.org\/es\/wp-json\/wp\/v2\/types\/post"}],"author":[{"embeddable":true,"href":"https:\/\/mwc-cmm.org\/es\/wp-json\/wp\/v2\/users\/8"}],"replies":[{"embeddable":true,"href":"https:\/\/mwc-cmm.org\/es\/wp-json\/wp\/v2\/comments?post=132004"}],"version-history":[{"count":3,"href":"https:\/\/mwc-cmm.org\/es\/wp-json\/wp\/v2\/posts\/132004\/revisions"}],"predecessor-version":[{"id":132072,"href":"https:\/\/mwc-cmm.org\/es\/wp-json\/wp\/v2\/posts\/132004\/revisions\/132072"}],"wp:featuredmedia":[{"embeddable":true,"href":"https:\/\/mwc-cmm.org\/es\/wp-json\/wp\/v2\/media\/132067"}],"wp:attachment":[{"href":"https:\/\/mwc-cmm.org\/es\/wp-json\/wp\/v2\/media?parent=132004"}],"wp:term":[{"taxonomy":"category","embeddable":true,"href":"https:\/\/mwc-cmm.org\/es\/wp-json\/wp\/v2\/categories?post=132004"},{"taxonomy":"post_tag","embeddable":true,"href":"https:\/\/mwc-cmm.org\/es\/wp-json\/wp\/v2\/tags?post=132004"},{"taxonomy":"network","embeddable":true,"href":"https:\/\/mwc-cmm.org\/es\/wp-json\/wp\/v2\/network?post=132004"},{"taxonomy":"eventcategory","embeddable":true,"href":"https:\/\/mwc-cmm.org\/es\/wp-json\/wp\/v2\/eventcategory?post=132004"}],"curies":[{"name":"wp","href":"https:\/\/api.w.org\/{rel}","templated":true}]}}