{"id":127207,"date":"2026-04-28T09:30:57","date_gmt":"2026-04-28T09:30:57","guid":{"rendered":"https:\/\/mwc-cmm.org\/?p=127207"},"modified":"2026-04-28T09:30:57","modified_gmt":"2026-04-28T09:30:57","slug":"yamen-sembrando-semillas-de-buena-voluntad-transformando-comunidades","status":"publish","type":"post","link":"https:\/\/mwc-cmm.org\/es\/stories\/yamen-sembrando-semillas-de-buena-voluntad-transformando-comunidades\/","title":{"rendered":"YAMEN: Sembrando semillas de buena voluntad, transformando comunidades"},"content":{"rendered":"\n<p>Sheila Rivera Pl\u00faa escuch\u00f3 por primera vez de <a href=\"https:\/\/mwc-cmm.org\/es\/jovenes-anabautistas-yabs\/yamen-es\/\" type=\"link\" id=\"https:\/\/mwc-cmm.org\/es\/jovenes-anabautistas-yabs\/yamen-es\/\">YAMEN<\/a> hace ocho a\u00f1os, cuando sus padres se convirtieron en anfitriones de un participante de YAMEN que estaba sirviendo en su ciudad natal de Manta, en Ecuador.<\/p>\n\n\n\n<p>\u201cYAMEN* es un programa excelente para el crecimiento profesional, espiritual y personal\u201d, afirma Sheila Rivera Pl\u00faa. \u201cY esto sucede cuando uno est\u00e1 dispuesto a crecer, a salir de su zona de confort y a aceptar el lugar y la cultura en la que uno se encuentra\u201d.<\/p>\n\n\n\n<p>Actualmente, est\u00e1 sirviendo por un periodo de un a\u00f1o en Arusha, Tanzania, ciudad sede de <a href=\"https:\/\/mwc-cmm.org\/es\/stories\/menonitas-de-tanzania-invitan-al-mundo-a-arusha\/\" type=\"link\" id=\"https:\/\/mwc-cmm.org\/es\/stories\/menonitas-de-tanzania-invitan-al-mundo-a-arusha\/\">la pr\u00f3xima Asamblea Mundial del CMM en 202<\/a>8. En el distrito de Ngaramtoni, trabaja como pasante de extensi\u00f3n agr\u00edcola para ECHO, una organizaci\u00f3n cristiana socia del Comit\u00e9 Central Menonita (CCM). En este puesto, ayuda a combatir la escasez de alimentos en comunidades rurales de \u00c1frica Oriental, donde la poblaci\u00f3n ha crecido r\u00e1pidamente, pero la producci\u00f3n de alimentos ha disminuido en las \u00faltimas d\u00e9cadas.<\/p>\n\n\n\n<p>\u201cVeo a YAMEN como una forma de servir a Dios como bi\u00f3loga\u201d, expresa Sheila Rivera Pl\u00faa. Ella esta utilizando su pasi\u00f3n por la conservaci\u00f3n y sus conocimientos en biolog\u00eda para extender el reino de Dios.<\/p>\n\n\n\n<div class=\"wp-block-group has-soft-blue-background-color has-background has-global-padding is-layout-constrained wp-block-group-is-layout-constrained\">\n<p>\u200bLa Red de Intercambio\u00a0anabautista\u2013 menonita para J\u00f3venes (YAMEN) es un programa conjunto entre el Congreso Mundial Menonita y el Comit\u00e9 Central Menonita. Enfatiza la expansi\u00f3n del compa\u00f1erismo entre las iglesias de la tradici\u00f3n\u00a0anabautistay el desarrollo de los j\u00f3venes l\u00edderes alrededor del mundo.<\/p>\n\n\n\n<p>Los participantes pasan un a\u00f1o en una asignaci\u00f3n intercultural que empieza en agosto y termina el siguiente julio.\u00a0<\/p>\n\n\n\n<div class=\"wp-block-buttons is-layout-flex wp-block-buttons-is-layout-flex\">\n<div class=\"wp-block-button\"><a class=\"wp-block-button__link wp-element-button\" href=\"https:\/\/mcc.org\/get-involved\/volunteer\/yamen\">Mennonite Central Committee<\/a><\/div>\n\n\n\n<div class=\"wp-block-button\"><a class=\"wp-block-button__link wp-element-button\" href=\"https:\/\/mwc-cmm.org\/es\/jovenes-anabautistas-yabs\/yamen-es\/\">YAMEN<\/a><\/div>\n<\/div>\n<\/div>\n\n\n\n<h3 class=\"wp-block-heading\">Desaf\u00edos que inducen el crecimiento<\/h3>\n\n\n\n<figure class=\"wp-block-image size-large\"><img decoding=\"async\" width=\"1024\" height=\"768\" data-src=\"https:\/\/mwc-cmm.org\/wp-content\/uploads\/2026\/04\/IMG_1836-1024x768.jpg\" alt=\"\" class=\"wp-image-127189 lazyload\" data-srcset=\"https:\/\/mwc-cmm.org\/wp-content\/uploads\/2026\/04\/IMG_1836-1024x768.jpg 1024w, https:\/\/mwc-cmm.org\/wp-content\/uploads\/2026\/04\/IMG_1836-300x225.jpg 300w, https:\/\/mwc-cmm.org\/wp-content\/uploads\/2026\/04\/IMG_1836-768x576.jpg 768w, https:\/\/mwc-cmm.org\/wp-content\/uploads\/2026\/04\/IMG_1836-1536x1152.jpg 1536w, https:\/\/mwc-cmm.org\/wp-content\/uploads\/2026\/04\/IMG_1836.jpg 2048w\" data-sizes=\"(max-width: 1024px) 100vw, 1024px\" src=\"data:image\/svg+xml;base64,PHN2ZyB3aWR0aD0iMSIgaGVpZ2h0PSIxIiB4bWxucz0iaHR0cDovL3d3dy53My5vcmcvMjAwMC9zdmciPjwvc3ZnPg==\" style=\"--smush-placeholder-width: 1024px; --smush-placeholder-aspect-ratio: 1024\/768;\" \/><\/figure>\n\n\n\n<p>YAMEN la ha desafiado de muchas maneras, incluyendo el aprendizaje de un nuevo idioma, el suajili, y el aprendizaje de nuevas habilidades como la gesti\u00f3n sostenible del suelo y las pr\u00e1cticas de conservaci\u00f3n.<\/p>\n\n\n\n<p>\u201cEstudi\u00e9 biolog\u00eda, pero al haberme graduado de una universidad en el Pac\u00edfico ecuatorial, sab\u00eda m\u00e1s sobre la vida acu\u00e1tica y la industria atunera\u201d, explica Sheila Rivera Pl\u00faa. \u201cA trav\u00e9s de YAMEN, aprend\u00ed otras maneras de cuidar nuestro medio ambiente. Aprend\u00ed a usar otras tecnolog\u00edas de preparaci\u00f3n de alimentos para reducir el consumo de le\u00f1a y gas\u201d.<\/p>\n\n\n\n<p>Tambi\u00e9n desarroll\u00f3 habilidades en investigaci\u00f3n aplicada, incluyendo el dise\u00f1o de propuestas para sistemas de riego de suelos y la realizaci\u00f3n de pruebas para mejorarlos. \u201cTodo esto fortalece mi capacidad para aplicar soluciones pr\u00e1cticas en contextos rurales, promoviendo una producci\u00f3n de alimentos m\u00e1s eficiente, resiliente y respetuosa con el medio ambiente\u201d, afirma Sheila Rivera Pl\u00faa.<\/p>\n\n\n\n<p>Navegar una nueva cultura es todo un reto. Cuando reci\u00e9n llegu\u00e9, no pens\u00e9 que habr\u00eda tantas diferencias a las que acostumbrarme. Sin embargo, con el tiempo he aprendido a amar su idioma, y \u200b\u200beso me ha ayudado a acercarme a la gente. Ahora puedo tener conversaciones m\u00e1s profundas usando una combinaci\u00f3n de ingl\u00e9s y suajili. La mayor\u00eda de las veces digo cosas que suenan graciosas para alguien que es fluido en el idioma, pero eso crea una conexi\u00f3n. Tambi\u00e9n les permite a los dem\u00e1s comprender el esfuerzo que hago por formar parte de este lugar, de esta cultura\u201d, comenta.<\/p>\n\n\n\n<p>A trav\u00e9s de numerosos ajustes y lecciones de vida, ha aprendido a apreciar las peque\u00f1as cosas y a disfrutar de esos momentos. \u201cIncluso los momentos que no parecen tan buenos son un proceso para salir de mi zona de confort, confiar en Dios y navegar las mareas que estos momentos traen consigo. Estoy creciendo gracias a ello\u201d, reflexiona Sheila Rivera Pl\u00faa.<\/p>\n\n\n\n<h3 class=\"wp-block-heading\">Esperanza y herramientas para una vida m\u00e1s digna<\/h3>\n\n\n\n<figure class=\"wp-block-image size-large\"><img decoding=\"async\" width=\"1024\" height=\"768\" data-src=\"https:\/\/mwc-cmm.org\/wp-content\/uploads\/2026\/04\/IMG_5099-1024x768.jpg\" alt=\"\" class=\"wp-image-127203 lazyload\" data-srcset=\"https:\/\/mwc-cmm.org\/wp-content\/uploads\/2026\/04\/IMG_5099-1024x768.jpg 1024w, https:\/\/mwc-cmm.org\/wp-content\/uploads\/2026\/04\/IMG_5099-300x225.jpg 300w, https:\/\/mwc-cmm.org\/wp-content\/uploads\/2026\/04\/IMG_5099-768x576.jpg 768w, https:\/\/mwc-cmm.org\/wp-content\/uploads\/2026\/04\/IMG_5099-1536x1152.jpg 1536w, https:\/\/mwc-cmm.org\/wp-content\/uploads\/2026\/04\/IMG_5099.jpg 2048w\" data-sizes=\"(max-width: 1024px) 100vw, 1024px\" src=\"data:image\/svg+xml;base64,PHN2ZyB3aWR0aD0iMSIgaGVpZ2h0PSIxIiB4bWxucz0iaHR0cDovL3d3dy53My5vcmcvMjAwMC9zdmciPjwvc3ZnPg==\" style=\"--smush-placeholder-width: 1024px; --smush-placeholder-aspect-ratio: 1024\/768;\" \/><\/figure>\n\n\n\n<p>\u201cMi iglesia en Ecuador (Iglesia Menonita Casa de Oraci\u00f3n Jacuatas) es peque\u00f1a en n\u00famero; somos como una familia. Pero estamos extendiendo nuestra labor a otras comunidades y actualmente estamos estableciendo iglesias en dos comunidades rurales de Manab\u00ed. Servir a la comunidad est\u00e1 en el ADN de mi iglesia. Esto es muy similar al lugar donde trabajo ahora, donde llegamos a las personas no solo hablando de Dios, sino tambi\u00e9n brind\u00e1ndoles esperanza y herramientas para que tengan una vida m\u00e1s digna\u201d, afirma.<\/p>\n\n\n\n<p>\u201cTras mi regreso a casa, profesionalmente me gustar\u00eda involucrarme m\u00e1s en el desarrollo de proyectos relacionados con la seguridad alimentaria y la conservaci\u00f3n del suelo en zonas rurales donde se practica la agricultura a peque\u00f1a escala\u201d, declara Sheila Rivera Pl\u00faa.<\/p>\n\n\n\n<p>Regresar\u00e1 a Ecuador en julio del 2026.<\/p>\n\n\n\n<hr class=\"wp-block-separator has-alpha-channel-opacity\"\/>\n\n\n<div class=\"taxonomy-post_tag has-link-color wp-elements-4795dccc25dd561b10d5c166c095ced0 wp-block-post-terms has-text-color has-gray-color has-small-font-size\"><a href=\"https:\/\/mwc-cmm.org\/es\/stories\/tag\/ecuador-es\/\" rel=\"tag\">Ecuador<\/a><span class=\"wp-block-post-terms__separator\">, <\/span><a href=\"https:\/\/mwc-cmm.org\/es\/stories\/tag\/jovenes-es\/\" rel=\"tag\">j\u00f3venes<\/a><span class=\"wp-block-post-terms__separator\">, <\/span><a href=\"https:\/\/mwc-cmm.org\/es\/stories\/tag\/tanzania\/\" rel=\"tag\">Tanzania<\/a><span class=\"wp-block-post-terms__separator\">, <\/span><a href=\"https:\/\/mwc-cmm.org\/es\/stories\/tag\/yamen-es\/\" rel=\"tag\">YAMEN<\/a><\/div>\n\n\n<p><\/p>\n","protected":false},"excerpt":{"rendered":"<p>Sheila Rivera Pl\u00faa escuch\u00f3 por primera vez de YAMEN hace ocho a\u00f1os, cuando sus padres se convirtieron en anfitriones de un participante de YAMEN que estaba sirviendo en su ciudad natal de Manta, en Ecuador. \u201cYAMEN* es un programa excelente para el crecimiento profesional, espiritual y personal\u201d, afirma Sheila Rivera Pl\u00faa. \u201cY esto sucede cuando [&hellip;]<\/p>\n","protected":false},"author":8,"featured_media":127175,"comment_status":"closed","ping_status":"closed","sticky":false,"template":"","format":"standard","meta":{"_acf_changed":false,"footnotes":""},"categories":[6],"tags":[755,1147,1711,1113],"network":[1301],"eventcategory":[],"class_list":["post-127207","post","type-post","status-publish","format-standard","has-post-thumbnail","hentry","category-sin-categorizar","tag-ecuador-es","tag-jovenes-es","tag-tanzania","tag-yamen-es","network-yamen-es"],"acf":[],"yoast_head":"<!-- This site is optimized with the Yoast SEO plugin v27.2 - https:\/\/yoast.com\/product\/yoast-seo-wordpress\/ -->\n<title>YAMEN: Sembrando semillas de buena voluntad, transformando comunidades - Mennonite World Conference<\/title>\n<meta name=\"robots\" content=\"index, follow, max-snippet:-1, max-image-preview:large, max-video-preview:-1\" \/>\n<link rel=\"canonical\" href=\"https:\/\/mwc-cmm.org\/es\/stories\/yamen-sembrando-semillas-de-buena-voluntad-transformando-comunidades\/\" \/>\n<meta property=\"og:locale\" content=\"es_ES\" \/>\n<meta property=\"og:type\" content=\"article\" \/>\n<meta property=\"og:title\" content=\"YAMEN: Sembrando semillas de buena voluntad, transformando comunidades - Mennonite World Conference\" \/>\n<meta property=\"og:description\" content=\"Sheila Rivera Pl\u00faa escuch\u00f3 por primera vez de YAMEN hace ocho a\u00f1os, cuando sus padres se convirtieron en anfitriones de un participante de YAMEN que estaba sirviendo en su ciudad natal de Manta, en Ecuador. \u201cYAMEN* es un programa excelente para el crecimiento profesional, espiritual y personal\u201d, afirma Sheila Rivera Pl\u00faa. \u201cY esto sucede cuando [&hellip;]\" \/>\n<meta property=\"og:url\" content=\"https:\/\/mwc-cmm.org\/es\/stories\/yamen-sembrando-semillas-de-buena-voluntad-transformando-comunidades\/\" \/>\n<meta property=\"og:site_name\" content=\"Mennonite World Conference\" \/>\n<meta property=\"article:publisher\" content=\"https:\/\/www.facebook.com\/MennoniteWorldConference\" \/>\n<meta property=\"article:published_time\" content=\"2026-04-28T09:30:57+00:00\" \/>\n<meta property=\"og:image\" content=\"https:\/\/mwc-cmm.org\/wp-content\/uploads\/2026\/04\/IMG_0237.jpg\" \/>\n\t<meta property=\"og:image:width\" content=\"2048\" \/>\n\t<meta property=\"og:image:height\" content=\"1536\" \/>\n\t<meta property=\"og:image:type\" content=\"image\/jpeg\" \/>\n<meta name=\"author\" content=\"Stephanie Setiawan\" \/>\n<script type=\"application\/ld+json\" class=\"yoast-schema-graph\">{\"@context\":\"https:\/\/schema.org\",\"@graph\":[{\"@type\":\"Article\",\"@id\":\"https:\/\/mwc-cmm.org\/es\/stories\/yamen-sembrando-semillas-de-buena-voluntad-transformando-comunidades\/#article\",\"isPartOf\":{\"@id\":\"https:\/\/mwc-cmm.org\/es\/stories\/yamen-sembrando-semillas-de-buena-voluntad-transformando-comunidades\/\"},\"author\":{\"name\":\"Stephanie Setiawan\",\"@id\":\"https:\/\/mwc-cmm.org\/en\/#\/schema\/person\/00b62ed8ea1527254a44f3ace3aee79d\"},\"headline\":\"YAMEN: Sembrando semillas de buena voluntad, transformando comunidades\",\"datePublished\":\"2026-04-28T09:30:57+00:00\",\"mainEntityOfPage\":{\"@id\":\"https:\/\/mwc-cmm.org\/es\/stories\/yamen-sembrando-semillas-de-buena-voluntad-transformando-comunidades\/\"},\"wordCount\":707,\"publisher\":{\"@id\":\"https:\/\/mwc-cmm.org\/en\/#organization\"},\"image\":{\"@id\":\"https:\/\/mwc-cmm.org\/es\/stories\/yamen-sembrando-semillas-de-buena-voluntad-transformando-comunidades\/#primaryimage\"},\"thumbnailUrl\":\"https:\/\/mwc-cmm.org\/wp-content\/uploads\/2026\/04\/IMG_0237.jpg\",\"keywords\":[\"Ecuador\",\"j\u00f3venes\",\"Tanzania\",\"YAMEN\"],\"articleSection\":[\"Sin categorizar\"],\"inLanguage\":\"es\"},{\"@type\":\"WebPage\",\"@id\":\"https:\/\/mwc-cmm.org\/es\/stories\/yamen-sembrando-semillas-de-buena-voluntad-transformando-comunidades\/\",\"url\":\"https:\/\/mwc-cmm.org\/es\/stories\/yamen-sembrando-semillas-de-buena-voluntad-transformando-comunidades\/\",\"name\":\"YAMEN: Sembrando semillas de buena voluntad, transformando comunidades - Mennonite World Conference\",\"isPartOf\":{\"@id\":\"https:\/\/mwc-cmm.org\/en\/#website\"},\"primaryImageOfPage\":{\"@id\":\"https:\/\/mwc-cmm.org\/es\/stories\/yamen-sembrando-semillas-de-buena-voluntad-transformando-comunidades\/#primaryimage\"},\"image\":{\"@id\":\"https:\/\/mwc-cmm.org\/es\/stories\/yamen-sembrando-semillas-de-buena-voluntad-transformando-comunidades\/#primaryimage\"},\"thumbnailUrl\":\"https:\/\/mwc-cmm.org\/wp-content\/uploads\/2026\/04\/IMG_0237.jpg\",\"datePublished\":\"2026-04-28T09:30:57+00:00\",\"breadcrumb\":{\"@id\":\"https:\/\/mwc-cmm.org\/es\/stories\/yamen-sembrando-semillas-de-buena-voluntad-transformando-comunidades\/#breadcrumb\"},\"inLanguage\":\"es\",\"potentialAction\":[{\"@type\":\"ReadAction\",\"target\":[\"https:\/\/mwc-cmm.org\/es\/stories\/yamen-sembrando-semillas-de-buena-voluntad-transformando-comunidades\/\"]}]},{\"@type\":\"ImageObject\",\"inLanguage\":\"es\",\"@id\":\"https:\/\/mwc-cmm.org\/es\/stories\/yamen-sembrando-semillas-de-buena-voluntad-transformando-comunidades\/#primaryimage\",\"url\":\"https:\/\/mwc-cmm.org\/wp-content\/uploads\/2026\/04\/IMG_0237.jpg\",\"contentUrl\":\"https:\/\/mwc-cmm.org\/wp-content\/uploads\/2026\/04\/IMG_0237.jpg\",\"width\":2048,\"height\":1536},{\"@type\":\"BreadcrumbList\",\"@id\":\"https:\/\/mwc-cmm.org\/es\/stories\/yamen-sembrando-semillas-de-buena-voluntad-transformando-comunidades\/#breadcrumb\",\"itemListElement\":[{\"@type\":\"ListItem\",\"position\":1,\"name\":\"Home\",\"item\":\"https:\/\/mwc-cmm.org\/es\/\"},{\"@type\":\"ListItem\",\"position\":2,\"name\":\"YAMEN: Sembrando semillas de buena voluntad, transformando comunidades\"}]},{\"@type\":\"WebSite\",\"@id\":\"https:\/\/mwc-cmm.org\/en\/#website\",\"url\":\"https:\/\/mwc-cmm.org\/en\/\",\"name\":\"Mennonite World Conference\",\"description\":\"A communion of Anabaptist-related churches\",\"publisher\":{\"@id\":\"https:\/\/mwc-cmm.org\/en\/#organization\"},\"alternateName\":\"MWC\",\"potentialAction\":[{\"@type\":\"SearchAction\",\"target\":{\"@type\":\"EntryPoint\",\"urlTemplate\":\"https:\/\/mwc-cmm.org\/en\/?s={search_term_string}\"},\"query-input\":{\"@type\":\"PropertyValueSpecification\",\"valueRequired\":true,\"valueName\":\"search_term_string\"}}],\"inLanguage\":\"es\"},{\"@type\":\"Organization\",\"@id\":\"https:\/\/mwc-cmm.org\/en\/#organization\",\"name\":\"Mennonite World Conference\",\"alternateName\":\"MWC\",\"url\":\"https:\/\/mwc-cmm.org\/en\/\",\"logo\":{\"@type\":\"ImageObject\",\"inLanguage\":\"es\",\"@id\":\"https:\/\/mwc-cmm.org\/en\/#\/schema\/logo\/image\/\",\"url\":\"https:\/\/mwc-cmm.org\/wp-content\/uploads\/2026\/01\/MWC_Sig_Blue_Horiz_webheader1-logo.svg\",\"contentUrl\":\"https:\/\/mwc-cmm.org\/wp-content\/uploads\/2026\/01\/MWC_Sig_Blue_Horiz_webheader1-logo.svg\",\"width\":786,\"height\":82,\"caption\":\"Mennonite World Conference\"},\"image\":{\"@id\":\"https:\/\/mwc-cmm.org\/en\/#\/schema\/logo\/image\/\"},\"sameAs\":[\"https:\/\/www.facebook.com\/MennoniteWorldConference\",\"https:\/\/www.linkedin.com\/company\/mennonite-world-conference-mwc\/\",\"https:\/\/www.instagram.com\/mwcmm\/\",\"https:\/\/www.youtube.com\/user\/mwccmm\",\"https:\/\/bsky.app\/profile\/mwcmm.bsky.social\"]},{\"@type\":\"Person\",\"@id\":\"https:\/\/mwc-cmm.org\/en\/#\/schema\/person\/00b62ed8ea1527254a44f3ace3aee79d\",\"name\":\"Stephanie Setiawan\",\"image\":{\"@type\":\"ImageObject\",\"inLanguage\":\"es\",\"@id\":\"https:\/\/secure.gravatar.com\/avatar\/71b4b62cf3d0cfb4c8a367a101127ba8adfa1c22417900980ea24f5f4457a76d?s=96&d=mm&r=g\",\"url\":\"https:\/\/secure.gravatar.com\/avatar\/71b4b62cf3d0cfb4c8a367a101127ba8adfa1c22417900980ea24f5f4457a76d?s=96&d=mm&r=g\",\"contentUrl\":\"https:\/\/secure.gravatar.com\/avatar\/71b4b62cf3d0cfb4c8a367a101127ba8adfa1c22417900980ea24f5f4457a76d?s=96&d=mm&r=g\",\"caption\":\"Stephanie Setiawan\"},\"url\":\"https:\/\/mwc-cmm.org\/es\/stories\/author\/stephanie\/\"}]}<\/script>\n<!-- \/ Yoast SEO plugin. -->","yoast_head_json":{"title":"YAMEN: Sembrando semillas de buena voluntad, transformando comunidades - Mennonite World Conference","robots":{"index":"index","follow":"follow","max-snippet":"max-snippet:-1","max-image-preview":"max-image-preview:large","max-video-preview":"max-video-preview:-1"},"canonical":"https:\/\/mwc-cmm.org\/es\/stories\/yamen-sembrando-semillas-de-buena-voluntad-transformando-comunidades\/","og_locale":"es_ES","og_type":"article","og_title":"YAMEN: Sembrando semillas de buena voluntad, transformando comunidades - Mennonite World Conference","og_description":"Sheila Rivera Pl\u00faa escuch\u00f3 por primera vez de YAMEN hace ocho a\u00f1os, cuando sus padres se convirtieron en anfitriones de un participante de YAMEN que estaba sirviendo en su ciudad natal de Manta, en Ecuador. \u201cYAMEN* es un programa excelente para el crecimiento profesional, espiritual y personal\u201d, afirma Sheila Rivera Pl\u00faa. \u201cY esto sucede cuando [&hellip;]","og_url":"https:\/\/mwc-cmm.org\/es\/stories\/yamen-sembrando-semillas-de-buena-voluntad-transformando-comunidades\/","og_site_name":"Mennonite World Conference","article_publisher":"https:\/\/www.facebook.com\/MennoniteWorldConference","article_published_time":"2026-04-28T09:30:57+00:00","og_image":[{"width":2048,"height":1536,"url":"https:\/\/mwc-cmm.org\/wp-content\/uploads\/2026\/04\/IMG_0237.jpg","type":"image\/jpeg"}],"author":"Stephanie Setiawan","schema":{"@context":"https:\/\/schema.org","@graph":[{"@type":"Article","@id":"https:\/\/mwc-cmm.org\/es\/stories\/yamen-sembrando-semillas-de-buena-voluntad-transformando-comunidades\/#article","isPartOf":{"@id":"https:\/\/mwc-cmm.org\/es\/stories\/yamen-sembrando-semillas-de-buena-voluntad-transformando-comunidades\/"},"author":{"name":"Stephanie Setiawan","@id":"https:\/\/mwc-cmm.org\/en\/#\/schema\/person\/00b62ed8ea1527254a44f3ace3aee79d"},"headline":"YAMEN: Sembrando semillas de buena voluntad, transformando comunidades","datePublished":"2026-04-28T09:30:57+00:00","mainEntityOfPage":{"@id":"https:\/\/mwc-cmm.org\/es\/stories\/yamen-sembrando-semillas-de-buena-voluntad-transformando-comunidades\/"},"wordCount":707,"publisher":{"@id":"https:\/\/mwc-cmm.org\/en\/#organization"},"image":{"@id":"https:\/\/mwc-cmm.org\/es\/stories\/yamen-sembrando-semillas-de-buena-voluntad-transformando-comunidades\/#primaryimage"},"thumbnailUrl":"https:\/\/mwc-cmm.org\/wp-content\/uploads\/2026\/04\/IMG_0237.jpg","keywords":["Ecuador","j\u00f3venes","Tanzania","YAMEN"],"articleSection":["Sin categorizar"],"inLanguage":"es"},{"@type":"WebPage","@id":"https:\/\/mwc-cmm.org\/es\/stories\/yamen-sembrando-semillas-de-buena-voluntad-transformando-comunidades\/","url":"https:\/\/mwc-cmm.org\/es\/stories\/yamen-sembrando-semillas-de-buena-voluntad-transformando-comunidades\/","name":"YAMEN: Sembrando semillas de buena voluntad, transformando comunidades - Mennonite World Conference","isPartOf":{"@id":"https:\/\/mwc-cmm.org\/en\/#website"},"primaryImageOfPage":{"@id":"https:\/\/mwc-cmm.org\/es\/stories\/yamen-sembrando-semillas-de-buena-voluntad-transformando-comunidades\/#primaryimage"},"image":{"@id":"https:\/\/mwc-cmm.org\/es\/stories\/yamen-sembrando-semillas-de-buena-voluntad-transformando-comunidades\/#primaryimage"},"thumbnailUrl":"https:\/\/mwc-cmm.org\/wp-content\/uploads\/2026\/04\/IMG_0237.jpg","datePublished":"2026-04-28T09:30:57+00:00","breadcrumb":{"@id":"https:\/\/mwc-cmm.org\/es\/stories\/yamen-sembrando-semillas-de-buena-voluntad-transformando-comunidades\/#breadcrumb"},"inLanguage":"es","potentialAction":[{"@type":"ReadAction","target":["https:\/\/mwc-cmm.org\/es\/stories\/yamen-sembrando-semillas-de-buena-voluntad-transformando-comunidades\/"]}]},{"@type":"ImageObject","inLanguage":"es","@id":"https:\/\/mwc-cmm.org\/es\/stories\/yamen-sembrando-semillas-de-buena-voluntad-transformando-comunidades\/#primaryimage","url":"https:\/\/mwc-cmm.org\/wp-content\/uploads\/2026\/04\/IMG_0237.jpg","contentUrl":"https:\/\/mwc-cmm.org\/wp-content\/uploads\/2026\/04\/IMG_0237.jpg","width":2048,"height":1536},{"@type":"BreadcrumbList","@id":"https:\/\/mwc-cmm.org\/es\/stories\/yamen-sembrando-semillas-de-buena-voluntad-transformando-comunidades\/#breadcrumb","itemListElement":[{"@type":"ListItem","position":1,"name":"Home","item":"https:\/\/mwc-cmm.org\/es\/"},{"@type":"ListItem","position":2,"name":"YAMEN: Sembrando semillas de buena voluntad, transformando comunidades"}]},{"@type":"WebSite","@id":"https:\/\/mwc-cmm.org\/en\/#website","url":"https:\/\/mwc-cmm.org\/en\/","name":"Mennonite World Conference","description":"A communion of Anabaptist-related churches","publisher":{"@id":"https:\/\/mwc-cmm.org\/en\/#organization"},"alternateName":"MWC","potentialAction":[{"@type":"SearchAction","target":{"@type":"EntryPoint","urlTemplate":"https:\/\/mwc-cmm.org\/en\/?s={search_term_string}"},"query-input":{"@type":"PropertyValueSpecification","valueRequired":true,"valueName":"search_term_string"}}],"inLanguage":"es"},{"@type":"Organization","@id":"https:\/\/mwc-cmm.org\/en\/#organization","name":"Mennonite World Conference","alternateName":"MWC","url":"https:\/\/mwc-cmm.org\/en\/","logo":{"@type":"ImageObject","inLanguage":"es","@id":"https:\/\/mwc-cmm.org\/en\/#\/schema\/logo\/image\/","url":"https:\/\/mwc-cmm.org\/wp-content\/uploads\/2026\/01\/MWC_Sig_Blue_Horiz_webheader1-logo.svg","contentUrl":"https:\/\/mwc-cmm.org\/wp-content\/uploads\/2026\/01\/MWC_Sig_Blue_Horiz_webheader1-logo.svg","width":786,"height":82,"caption":"Mennonite World Conference"},"image":{"@id":"https:\/\/mwc-cmm.org\/en\/#\/schema\/logo\/image\/"},"sameAs":["https:\/\/www.facebook.com\/MennoniteWorldConference","https:\/\/www.linkedin.com\/company\/mennonite-world-conference-mwc\/","https:\/\/www.instagram.com\/mwcmm\/","https:\/\/www.youtube.com\/user\/mwccmm","https:\/\/bsky.app\/profile\/mwcmm.bsky.social"]},{"@type":"Person","@id":"https:\/\/mwc-cmm.org\/en\/#\/schema\/person\/00b62ed8ea1527254a44f3ace3aee79d","name":"Stephanie Setiawan","image":{"@type":"ImageObject","inLanguage":"es","@id":"https:\/\/secure.gravatar.com\/avatar\/71b4b62cf3d0cfb4c8a367a101127ba8adfa1c22417900980ea24f5f4457a76d?s=96&d=mm&r=g","url":"https:\/\/secure.gravatar.com\/avatar\/71b4b62cf3d0cfb4c8a367a101127ba8adfa1c22417900980ea24f5f4457a76d?s=96&d=mm&r=g","contentUrl":"https:\/\/secure.gravatar.com\/avatar\/71b4b62cf3d0cfb4c8a367a101127ba8adfa1c22417900980ea24f5f4457a76d?s=96&d=mm&r=g","caption":"Stephanie Setiawan"},"url":"https:\/\/mwc-cmm.org\/es\/stories\/author\/stephanie\/"}]}},"_links":{"self":[{"href":"https:\/\/mwc-cmm.org\/es\/wp-json\/wp\/v2\/posts\/127207","targetHints":{"allow":["GET"]}}],"collection":[{"href":"https:\/\/mwc-cmm.org\/es\/wp-json\/wp\/v2\/posts"}],"about":[{"href":"https:\/\/mwc-cmm.org\/es\/wp-json\/wp\/v2\/types\/post"}],"author":[{"embeddable":true,"href":"https:\/\/mwc-cmm.org\/es\/wp-json\/wp\/v2\/users\/8"}],"replies":[{"embeddable":true,"href":"https:\/\/mwc-cmm.org\/es\/wp-json\/wp\/v2\/comments?post=127207"}],"version-history":[{"count":0,"href":"https:\/\/mwc-cmm.org\/es\/wp-json\/wp\/v2\/posts\/127207\/revisions"}],"wp:featuredmedia":[{"embeddable":true,"href":"https:\/\/mwc-cmm.org\/es\/wp-json\/wp\/v2\/media\/127175"}],"wp:attachment":[{"href":"https:\/\/mwc-cmm.org\/es\/wp-json\/wp\/v2\/media?parent=127207"}],"wp:term":[{"taxonomy":"category","embeddable":true,"href":"https:\/\/mwc-cmm.org\/es\/wp-json\/wp\/v2\/categories?post=127207"},{"taxonomy":"post_tag","embeddable":true,"href":"https:\/\/mwc-cmm.org\/es\/wp-json\/wp\/v2\/tags?post=127207"},{"taxonomy":"network","embeddable":true,"href":"https:\/\/mwc-cmm.org\/es\/wp-json\/wp\/v2\/network?post=127207"},{"taxonomy":"eventcategory","embeddable":true,"href":"https:\/\/mwc-cmm.org\/es\/wp-json\/wp\/v2\/eventcategory?post=127207"}],"curies":[{"name":"wp","href":"https:\/\/api.w.org\/{rel}","templated":true}]}}