{"id":126570,"date":"2026-03-26T18:21:40","date_gmt":"2026-03-26T18:21:40","guid":{"rendered":"https:\/\/mwc-cmm.org\/?p=126570"},"modified":"2026-03-26T18:23:41","modified_gmt":"2026-03-26T18:23:41","slug":"transformando-fe-a-traves-comunion-global","status":"publish","type":"post","link":"https:\/\/mwc-cmm.org\/es\/stories\/transformando-fe-a-traves-comunion-global\/","title":{"rendered":"Transformando la fe a trav\u00e9s de la comuni\u00f3n global"},"content":{"rendered":"\n<p>\u201cSi el cristianismo mundial estuviera conformado por mil personas, los anabautistas representar\u00edamos solo una persona\u201d, declar\u00f3 <a href=\"https:\/\/mwc-cmm.org\/es\/stories\/formando-proxima-generacion-lideres-iglesia-nivel-mundial\/\">Timo Doetsch<\/a>, miembro del Concilio General del CMM de Alemania, en representaci\u00f3n de <em>Arbeitsgemeinschaft Mennonitischer Br\u00fcdergemeinden in Deutschland<\/em> (AMBD). \u201cSomos tan solo el dedo peque\u00f1o del pie del cuerpo de Cristo\u2026 Somos diminutos, pero tenemos voz. Y esperamos que nuestra voz sea este peque\u00f1o regalo de paz para el cristianismo mundial, e incluso m\u00e1s all\u00e1: como Jos\u00e9, que tuvo problemas con sus hermanos, pero al final pudo ayudarlos a reconciliarse\u201d.<\/p>\n\n<p>Cinco l\u00edderes del CMM, tanto del pasado como del presente, intervinieron en el panel intergeneracional moderado por Ebenezer Mondez, consejero de los J\u00f3venes Anabautistas (YABs), durante el <a href=\"https:\/\/mwc-cmm.org\/es\/stories\/cmm-a-los-100-nos-reunimos-y-compartimos\/\">evento del centenario del C<\/a><u>MM<\/u> en Alemania el 25 de mayo del 2025, reflexionando sobre c\u00f3mo el CMM ha impactado sus vidas, su fe y su ministerio.<\/p>\n\n<p><a href=\"https:\/\/mwc-cmm.org\/es\/stories\/larry-miller-reflexiona-sobre-sus-22-anos-al-frente-del-congreso-mundial-menonita\/\">Larry Miller<\/a>, El secretario general em\u00e9rito sirvi\u00f3 en el CMM durante una \u00e9poca de transformaci\u00f3n. Durante su gesti\u00f3n, el CMM pas\u00f3 de reunirse ocasionalmente en Asambleas a vivir en comunidad a trav\u00e9s del trabajo continuo de las Comisiones. Fue testigo del crecimiento del anabautismo, que pas\u00f3 de ser un movimiento predominantemente del Norte Global a uno inspirado en el Sur. Tambi\u00e9n vio c\u00f3mo el movimiento dio un giro de tratar las heridas de la historia de los m\u00e1rtires para sanar las heridas de los conflictos internos de la iglesia.<\/p>\n\n<p>\u201cEl Congreso Mundial Menonita es uno de los mejores lugares que tenemos hoy en el mundo anabautista para observar y participar en los movimientos que est\u00e1n transformando, expandiendo y renovando la iglesia\u201d, afirm\u00f3 Larry Miller.<\/p>\n\n<h2 class=\"wp-block-heading\">Transformando la fe, renovando la iglesia<\/h2>\n\n<p><a href=\"https:\/\/mwc-cmm.org\/es\/stories\/una-vida-plena-y-en-abundancia\/\">Valentina Kunze<\/a> de Uruguay se involucr\u00f3 por primera vez con el CMM como delegada de los J\u00f3venes Anabautistas en la Cumbre Mundial de la Juventud 2022 en Indonesia. La ahora presidenta del Comit\u00e9 de J\u00f3venes Anabautistas, afirm\u00f3 la cualidad transformadora del CMM, diciendo: \u201cMe he sentido humilde al ver que mi propia manera de ver y hacer las cosas no es la \u00fanica correcta, sino que hay muchas otras maneras de conocer a Cristo. Y he podido apreciar la riqueza de c\u00f3mo otras culturas viven y experimentan otras cualidades de Jes\u00fas mucho m\u00e1s enfatizadas que en mi propia cultura.<\/p>\n\n<p>\u201cVer a personas tan diferentes amando y adorando al mismo Dios realmente me impact\u00f3 al comprender que Dios es mucho m\u00e1s grande y mucho m\u00e1s grandioso de lo que jam\u00e1s hubiera imaginado\u201d, dijo.<\/p>\n\n<p><a href=\"https:\/\/mwc-cmm.org\/es\/stories\/una-declaracion-por-la-paz\/\">Amos Chin<\/a> miembro del Comit\u00e9 Ejecutivo y originario de Myanmar, coincidi\u00f3: \u201cAdorar, aprender y servir junto a creyentes de \u00c1frica, Asia, Latinoam\u00e9rica, Europa y Norteam\u00e9rica me ha mostrado la hermosa diversidad de la iglesia. Estas conexiones me recuerdan que la iglesia es m\u00e1s grande que cualquier congregaci\u00f3n individual\u2026 es un cuerpo mundial de creyentes. La unidad en Cristo no borra nuestras diferencias, sino que las transforma en oportunidades para el aprendizaje mutuo y el amor\u201d.<\/p>\n\n<p>\u201c[Ser parte del CMM] ha desafiado mis supuestos culturales y ha profundizado mi aprecio por c\u00f3mo se vive la fe. Aprender de l\u00edderes globales, muchos del Sur Global, me ha hecho humilde, ha desafiado mi autocomplacencia y renovado mi pasi\u00f3n por el discipulado\u201d, expres\u00f3 Amos Chin, l\u00edder de la Iglesia Misionera B\u00edblica Menonita en Myanmar.<\/p>\n\n<p>Timo Doetsch tambi\u00e9n comparti\u00f3 una experiencia de aprendizaje humilde ocurrida diez a\u00f1os antes en Pensilvania, Estados Unidos. Durante un momento grupal en el que los participantes se lavaban los pies unos a otros, \u201cAlguien se acerc\u00f3 a m\u00ed y, sinceramente, antes de eso, no sent\u00eda ninguna simpat\u00eda por esa persona. Pero precisamente esa persona vino a lavarme los pies. Ese momento fue muy transformador y me hizo reflexionar\u201d, afirm\u00f3.<\/p>\n\n<p>Cuando se involucr\u00f3 en el grupo que redact\u00f3 las Convicciones Compartidas, la ex vicepresidenta del CMM, Rebecca Osiro, de Kenia, dijo: \u201cComenc\u00e9 a ver que se cuestionaban ciertas cosas, cuestiones doctrinales que yo defend\u00eda con tanta vehemencia. Me abri\u00f3 los ojos y me hizo ver que\u2026 es necesario fijarnos en lo que tenemos en com\u00fan en lugar de en lo que nos separa. Creo que es b\u00edblico y piadoso defender aquello que nos une\u201d.<\/p>\n\n<h2 class=\"wp-block-heading\">Hay espacio para todos<\/h2>\n\n<p><a href=\"https:\/\/mwc-cmm.org\/es\/stories\/nothing-that-i-am-doing-am-i-doing-by-myself-3\/\">Rebecca Osiro<\/a> Creci\u00f3 en un entorno social y cultural donde las mujeres pod\u00edan desempe\u00f1ar muchas funciones en la iglesia, pero no pod\u00edan ser ordenadas ni dedicarse a la teolog\u00eda.<\/p>\n\n<p>A trav\u00e9s de la Asamblea del Congreso Mundial Menonita en Zimbabue en el 2003, conoci\u00f3 al c\u00edrculo de te\u00f3logas anabautistas. Al unirse a la Comisi\u00f3n de Fe y Vida, \u201cmuchas veces me sent\u00ed acad\u00e9micamente insuficiente, pero el intercambio all\u00ed me fortaleci\u00f3 espiritualmente\u201d.<\/p>\n\n<p>\u201cMe anim\u00f3 mucho ver que estas eminencias acad\u00e9micas a mi alrededor no me ve\u00edan como la menos brillante del grupo, sino como una hermana\u201d, afirm\u00f3.<\/p>\n\n<p>Adem\u00e1s, los cat\u00f3licos y luteranos con quienes particip\u00f3 en el di\u00e1logo trilateral sobre el bautismo \u201cme hicieron sentir parte integral de este cuerpo de Cristo tan capaz\u201d, expres\u00f3 Rebecca Osiro.<\/p>\n\n<p>Valentina Kunze, de Uruguay, agradeci\u00f3 la oportunidad que el Congreso Mundial Menonita brinda a los j\u00f3venes y afirm\u00f3 la importancia de ser escuchados de verdad. \u201cEsa es una gran cualidad y quiero fomentar que siga siendo as\u00ed\u201d.<\/p>\n\n<p>\u201cEl CMM ha sido un lugar de vida abundante para nosotros y un lugar donde forjamos amistades duraderas\u201d, expres\u00f3 Larry Miller.<\/p>\n\n<div class=\"wp-block-buttons is-layout-flex wp-block-buttons-is-layout-flex\">\n<div class=\"wp-block-button\"><a class=\"wp-block-button__link wp-element-button\" href=\"https:\/\/youtu.be\/vhCpEVvuvtw?si=U2C2N7rnq7wt85vn&amp;t=2577\">Vea la mesa redonda completa aqu\u00ed.<\/a><\/div>\n<\/div>\n<div class=\"taxonomy-post_tag wp-block-post-terms\"><a href=\"https:\/\/mwc-cmm.org\/es\/stories\/tag\/100-es-2\/\" rel=\"tag\">100<\/a><span class=\"wp-block-post-terms__separator\">, <\/span><a href=\"https:\/\/mwc-cmm.org\/es\/stories\/tag\/500-es\/\" rel=\"tag\">500<\/a><span class=\"wp-block-post-terms__separator\">, <\/span><a href=\"https:\/\/mwc-cmm.org\/es\/stories\/tag\/larry-miller-es\/\" rel=\"tag\">Larry Miller<\/a><span class=\"wp-block-post-terms__separator\">, <\/span><a href=\"https:\/\/mwc-cmm.org\/es\/stories\/tag\/liderazgo\/\" rel=\"tag\">liderazgo<\/a><span class=\"wp-block-post-terms__separator\">, <\/span><a href=\"https:\/\/mwc-cmm.org\/es\/stories\/tag\/liderazgo-2\/\" rel=\"tag\">liderazgo<\/a><span class=\"wp-block-post-terms__separator\">, <\/span><a href=\"https:\/\/mwc-cmm.org\/es\/stories\/tag\/renewal\/\" rel=\"tag\">Renewal<\/a><span class=\"wp-block-post-terms__separator\">, <\/span><a href=\"https:\/\/mwc-cmm.org\/es\/stories\/tag\/secretario-general\/\" rel=\"tag\">secretario general<\/a><span class=\"wp-block-post-terms__separator\">, <\/span><a href=\"https:\/\/mwc-cmm.org\/es\/stories\/tag\/teologas-anabautistas\/\" rel=\"tag\">te\u00f3logas anabautistas<\/a><span class=\"wp-block-post-terms__separator\">, <\/span><a href=\"https:\/\/mwc-cmm.org\/es\/stories\/tag\/yabs-es\/\" rel=\"tag\">YABs<\/a><\/div>","protected":false},"excerpt":{"rendered":"<p>\u201cSi el cristianismo mundial estuviera conformado por mil personas, los anabautistas representar\u00edamos solo una persona\u201d, declar\u00f3 Timo Doetsch, miembro del Concilio General del CMM de Alemania, en representaci\u00f3n de Arbeitsgemeinschaft Mennonitischer Br\u00fcdergemeinden in Deutschland (AMBD). \u201cSomos tan solo el dedo peque\u00f1o del pie del cuerpo de Cristo\u2026 Somos diminutos, pero tenemos voz. Y esperamos que [&hellip;]<\/p>\n","protected":false},"author":6,"featured_media":114511,"comment_status":"closed","ping_status":"closed","sticky":false,"template":"","format":"standard","meta":{"_acf_changed":false,"footnotes":""},"categories":[547],"tags":[572,518,795,915,2316,1939,2318,2317,394],"network":[],"eventcategory":[1484],"class_list":["post-126570","post","type-post","status-publish","format-standard","has-post-thumbnail","hentry","category-de-nuestros-lideres","tag-100-es-2","tag-500-es","tag-larry-miller-es","tag-liderazgo","tag-liderazgo-2","tag-renewal","tag-secretario-general","tag-teologas-anabautistas","tag-yabs-es","eventcategory-renewal-2028-es"],"acf":[],"yoast_head":"<!-- This site is optimized with the Yoast SEO plugin v27.5 - https:\/\/yoast.com\/product\/yoast-seo-wordpress\/ -->\n<title>Transformando la fe a trav\u00e9s de la comuni\u00f3n global - Mennonite World Conference<\/title>\n<meta name=\"robots\" content=\"index, follow, max-snippet:-1, max-image-preview:large, max-video-preview:-1\" \/>\n<link rel=\"canonical\" href=\"https:\/\/mwc-cmm.org\/es\/stories\/transformando-fe-a-traves-comunion-global\/\" \/>\n<meta property=\"og:locale\" content=\"es_ES\" \/>\n<meta property=\"og:type\" content=\"article\" \/>\n<meta property=\"og:title\" content=\"Transformando la fe a trav\u00e9s de la comuni\u00f3n global - Mennonite World Conference\" \/>\n<meta property=\"og:description\" content=\"\u201cSi el cristianismo mundial estuviera conformado por mil personas, los anabautistas representar\u00edamos solo una persona\u201d, declar\u00f3 Timo Doetsch, miembro del Concilio General del CMM de Alemania, en representaci\u00f3n de Arbeitsgemeinschaft Mennonitischer Br\u00fcdergemeinden in Deutschland (AMBD). \u201cSomos tan solo el dedo peque\u00f1o del pie del cuerpo de Cristo\u2026 Somos diminutos, pero tenemos voz. Y esperamos que [&hellip;]\" \/>\n<meta property=\"og:url\" content=\"https:\/\/mwc-cmm.org\/es\/stories\/transformando-fe-a-traves-comunion-global\/\" \/>\n<meta property=\"og:site_name\" content=\"Mennonite World Conference\" \/>\n<meta property=\"article:publisher\" content=\"https:\/\/www.facebook.com\/MennoniteWorldConference\" \/>\n<meta property=\"article:published_time\" content=\"2026-03-26T18:21:40+00:00\" \/>\n<meta property=\"article:modified_time\" content=\"2026-03-26T18:23:41+00:00\" \/>\n<meta property=\"og:image\" content=\"https:\/\/mwc-cmm.org\/wp-content\/uploads\/2025\/06\/DSC05398-scaled.jpg\" \/>\n\t<meta property=\"og:image:width\" content=\"2560\" \/>\n\t<meta property=\"og:image:height\" content=\"1707\" \/>\n\t<meta property=\"og:image:type\" content=\"image\/jpeg\" \/>\n<meta name=\"author\" content=\"Karla Braun\" \/>\n<script type=\"application\/ld+json\" class=\"yoast-schema-graph\">{\"@context\":\"https:\\\/\\\/schema.org\",\"@graph\":[{\"@type\":\"Article\",\"@id\":\"https:\\\/\\\/mwc-cmm.org\\\/es\\\/stories\\\/transformando-fe-a-traves-comunion-global\\\/#article\",\"isPartOf\":{\"@id\":\"https:\\\/\\\/mwc-cmm.org\\\/es\\\/stories\\\/transformando-fe-a-traves-comunion-global\\\/\"},\"author\":{\"name\":\"Karla Braun\",\"@id\":\"https:\\\/\\\/mwc-cmm.org\\\/en\\\/#\\\/schema\\\/person\\\/9cb7cad70e3a0ac2b145c3441df0dc08\"},\"headline\":\"Transformando la fe a trav\u00e9s de la comuni\u00f3n global\",\"datePublished\":\"2026-03-26T18:21:40+00:00\",\"dateModified\":\"2026-03-26T18:23:41+00:00\",\"mainEntityOfPage\":{\"@id\":\"https:\\\/\\\/mwc-cmm.org\\\/es\\\/stories\\\/transformando-fe-a-traves-comunion-global\\\/\"},\"wordCount\":933,\"publisher\":{\"@id\":\"https:\\\/\\\/mwc-cmm.org\\\/en\\\/#organization\"},\"image\":{\"@id\":\"https:\\\/\\\/mwc-cmm.org\\\/es\\\/stories\\\/transformando-fe-a-traves-comunion-global\\\/#primaryimage\"},\"thumbnailUrl\":\"https:\\\/\\\/mwc-cmm.org\\\/wp-content\\\/uploads\\\/2025\\\/06\\\/DSC05398-scaled.jpg\",\"keywords\":[\"100\",\"500\",\"Larry Miller\",\"liderazgo\",\"liderazgo\",\"Renewal\",\"secretario general\",\"te\u00f3logas anabautistas\",\"YABs\"],\"articleSection\":[\"De Nuestros L\u00edderes\"],\"inLanguage\":\"es\"},{\"@type\":\"WebPage\",\"@id\":\"https:\\\/\\\/mwc-cmm.org\\\/es\\\/stories\\\/transformando-fe-a-traves-comunion-global\\\/\",\"url\":\"https:\\\/\\\/mwc-cmm.org\\\/es\\\/stories\\\/transformando-fe-a-traves-comunion-global\\\/\",\"name\":\"Transformando la fe a trav\u00e9s de la comuni\u00f3n global - Mennonite World Conference\",\"isPartOf\":{\"@id\":\"https:\\\/\\\/mwc-cmm.org\\\/en\\\/#website\"},\"primaryImageOfPage\":{\"@id\":\"https:\\\/\\\/mwc-cmm.org\\\/es\\\/stories\\\/transformando-fe-a-traves-comunion-global\\\/#primaryimage\"},\"image\":{\"@id\":\"https:\\\/\\\/mwc-cmm.org\\\/es\\\/stories\\\/transformando-fe-a-traves-comunion-global\\\/#primaryimage\"},\"thumbnailUrl\":\"https:\\\/\\\/mwc-cmm.org\\\/wp-content\\\/uploads\\\/2025\\\/06\\\/DSC05398-scaled.jpg\",\"datePublished\":\"2026-03-26T18:21:40+00:00\",\"dateModified\":\"2026-03-26T18:23:41+00:00\",\"breadcrumb\":{\"@id\":\"https:\\\/\\\/mwc-cmm.org\\\/es\\\/stories\\\/transformando-fe-a-traves-comunion-global\\\/#breadcrumb\"},\"inLanguage\":\"es\",\"potentialAction\":[{\"@type\":\"ReadAction\",\"target\":[\"https:\\\/\\\/mwc-cmm.org\\\/es\\\/stories\\\/transformando-fe-a-traves-comunion-global\\\/\"]}]},{\"@type\":\"ImageObject\",\"inLanguage\":\"es\",\"@id\":\"https:\\\/\\\/mwc-cmm.org\\\/es\\\/stories\\\/transformando-fe-a-traves-comunion-global\\\/#primaryimage\",\"url\":\"https:\\\/\\\/mwc-cmm.org\\\/wp-content\\\/uploads\\\/2025\\\/06\\\/DSC05398-scaled.jpg\",\"contentUrl\":\"https:\\\/\\\/mwc-cmm.org\\\/wp-content\\\/uploads\\\/2025\\\/06\\\/DSC05398-scaled.jpg\",\"width\":2560,\"height\":1707,\"caption\":\"MWC100 leaders interview\"},{\"@type\":\"BreadcrumbList\",\"@id\":\"https:\\\/\\\/mwc-cmm.org\\\/es\\\/stories\\\/transformando-fe-a-traves-comunion-global\\\/#breadcrumb\",\"itemListElement\":[{\"@type\":\"ListItem\",\"position\":1,\"name\":\"Home\",\"item\":\"https:\\\/\\\/mwc-cmm.org\\\/es\\\/\"},{\"@type\":\"ListItem\",\"position\":2,\"name\":\"Transformando la fe a trav\u00e9s de la comuni\u00f3n global\"}]},{\"@type\":\"WebSite\",\"@id\":\"https:\\\/\\\/mwc-cmm.org\\\/en\\\/#website\",\"url\":\"https:\\\/\\\/mwc-cmm.org\\\/en\\\/\",\"name\":\"Mennonite World Conference\",\"description\":\"A communion of Anabaptist-related churches\",\"publisher\":{\"@id\":\"https:\\\/\\\/mwc-cmm.org\\\/en\\\/#organization\"},\"alternateName\":\"MWC\",\"potentialAction\":[{\"@type\":\"SearchAction\",\"target\":{\"@type\":\"EntryPoint\",\"urlTemplate\":\"https:\\\/\\\/mwc-cmm.org\\\/en\\\/?s={search_term_string}\"},\"query-input\":{\"@type\":\"PropertyValueSpecification\",\"valueRequired\":true,\"valueName\":\"search_term_string\"}}],\"inLanguage\":\"es\"},{\"@type\":\"Organization\",\"@id\":\"https:\\\/\\\/mwc-cmm.org\\\/en\\\/#organization\",\"name\":\"Mennonite World Conference\",\"alternateName\":\"MWC\",\"url\":\"https:\\\/\\\/mwc-cmm.org\\\/en\\\/\",\"logo\":{\"@type\":\"ImageObject\",\"inLanguage\":\"es\",\"@id\":\"https:\\\/\\\/mwc-cmm.org\\\/en\\\/#\\\/schema\\\/logo\\\/image\\\/\",\"url\":\"https:\\\/\\\/mwc-cmm.org\\\/wp-content\\\/uploads\\\/2026\\\/01\\\/MWC_Sig_Blue_Horiz_webheader1-logo.svg\",\"contentUrl\":\"https:\\\/\\\/mwc-cmm.org\\\/wp-content\\\/uploads\\\/2026\\\/01\\\/MWC_Sig_Blue_Horiz_webheader1-logo.svg\",\"width\":786,\"height\":82,\"caption\":\"Mennonite World Conference\"},\"image\":{\"@id\":\"https:\\\/\\\/mwc-cmm.org\\\/en\\\/#\\\/schema\\\/logo\\\/image\\\/\"},\"sameAs\":[\"https:\\\/\\\/www.facebook.com\\\/MennoniteWorldConference\",\"https:\\\/\\\/www.linkedin.com\\\/company\\\/mennonite-world-conference-mwc\\\/\",\"https:\\\/\\\/www.instagram.com\\\/mwcmm\\\/\",\"https:\\\/\\\/www.youtube.com\\\/user\\\/mwccmm\",\"https:\\\/\\\/bsky.app\\\/profile\\\/mwcmm.bsky.social\"]},{\"@type\":\"Person\",\"@id\":\"https:\\\/\\\/mwc-cmm.org\\\/en\\\/#\\\/schema\\\/person\\\/9cb7cad70e3a0ac2b145c3441df0dc08\",\"name\":\"Karla Braun\",\"pronouns\":\"she\\\/her\",\"image\":{\"@type\":\"ImageObject\",\"inLanguage\":\"es\",\"@id\":\"https:\\\/\\\/secure.gravatar.com\\\/avatar\\\/330c84143dc3a1bf6e7887f828baae23c874bf72d5eedb0461d88c0725087370?s=96&d=mm&r=g\",\"url\":\"https:\\\/\\\/secure.gravatar.com\\\/avatar\\\/330c84143dc3a1bf6e7887f828baae23c874bf72d5eedb0461d88c0725087370?s=96&d=mm&r=g\",\"contentUrl\":\"https:\\\/\\\/secure.gravatar.com\\\/avatar\\\/330c84143dc3a1bf6e7887f828baae23c874bf72d5eedb0461d88c0725087370?s=96&d=mm&r=g\",\"caption\":\"Karla Braun\"},\"description\":\"Karla Braun serves as editor and website coordinator for MWC since 2015.\",\"url\":\"https:\\\/\\\/mwc-cmm.org\\\/es\\\/stories\\\/author\\\/karla\\\/\"}]}<\/script>\n<!-- \/ Yoast SEO plugin. -->","yoast_head_json":{"title":"Transformando la fe a trav\u00e9s de la comuni\u00f3n global - Mennonite World Conference","robots":{"index":"index","follow":"follow","max-snippet":"max-snippet:-1","max-image-preview":"max-image-preview:large","max-video-preview":"max-video-preview:-1"},"canonical":"https:\/\/mwc-cmm.org\/es\/stories\/transformando-fe-a-traves-comunion-global\/","og_locale":"es_ES","og_type":"article","og_title":"Transformando la fe a trav\u00e9s de la comuni\u00f3n global - Mennonite World Conference","og_description":"\u201cSi el cristianismo mundial estuviera conformado por mil personas, los anabautistas representar\u00edamos solo una persona\u201d, declar\u00f3 Timo Doetsch, miembro del Concilio General del CMM de Alemania, en representaci\u00f3n de Arbeitsgemeinschaft Mennonitischer Br\u00fcdergemeinden in Deutschland (AMBD). \u201cSomos tan solo el dedo peque\u00f1o del pie del cuerpo de Cristo\u2026 Somos diminutos, pero tenemos voz. Y esperamos que [&hellip;]","og_url":"https:\/\/mwc-cmm.org\/es\/stories\/transformando-fe-a-traves-comunion-global\/","og_site_name":"Mennonite World Conference","article_publisher":"https:\/\/www.facebook.com\/MennoniteWorldConference","article_published_time":"2026-03-26T18:21:40+00:00","article_modified_time":"2026-03-26T18:23:41+00:00","og_image":[{"width":2560,"height":1707,"url":"https:\/\/mwc-cmm.org\/wp-content\/uploads\/2025\/06\/DSC05398-scaled.jpg","type":"image\/jpeg"}],"author":"Karla Braun","schema":{"@context":"https:\/\/schema.org","@graph":[{"@type":"Article","@id":"https:\/\/mwc-cmm.org\/es\/stories\/transformando-fe-a-traves-comunion-global\/#article","isPartOf":{"@id":"https:\/\/mwc-cmm.org\/es\/stories\/transformando-fe-a-traves-comunion-global\/"},"author":{"name":"Karla Braun","@id":"https:\/\/mwc-cmm.org\/en\/#\/schema\/person\/9cb7cad70e3a0ac2b145c3441df0dc08"},"headline":"Transformando la fe a trav\u00e9s de la comuni\u00f3n global","datePublished":"2026-03-26T18:21:40+00:00","dateModified":"2026-03-26T18:23:41+00:00","mainEntityOfPage":{"@id":"https:\/\/mwc-cmm.org\/es\/stories\/transformando-fe-a-traves-comunion-global\/"},"wordCount":933,"publisher":{"@id":"https:\/\/mwc-cmm.org\/en\/#organization"},"image":{"@id":"https:\/\/mwc-cmm.org\/es\/stories\/transformando-fe-a-traves-comunion-global\/#primaryimage"},"thumbnailUrl":"https:\/\/mwc-cmm.org\/wp-content\/uploads\/2025\/06\/DSC05398-scaled.jpg","keywords":["100","500","Larry Miller","liderazgo","liderazgo","Renewal","secretario general","te\u00f3logas anabautistas","YABs"],"articleSection":["De Nuestros L\u00edderes"],"inLanguage":"es"},{"@type":"WebPage","@id":"https:\/\/mwc-cmm.org\/es\/stories\/transformando-fe-a-traves-comunion-global\/","url":"https:\/\/mwc-cmm.org\/es\/stories\/transformando-fe-a-traves-comunion-global\/","name":"Transformando la fe a trav\u00e9s de la comuni\u00f3n global - Mennonite World Conference","isPartOf":{"@id":"https:\/\/mwc-cmm.org\/en\/#website"},"primaryImageOfPage":{"@id":"https:\/\/mwc-cmm.org\/es\/stories\/transformando-fe-a-traves-comunion-global\/#primaryimage"},"image":{"@id":"https:\/\/mwc-cmm.org\/es\/stories\/transformando-fe-a-traves-comunion-global\/#primaryimage"},"thumbnailUrl":"https:\/\/mwc-cmm.org\/wp-content\/uploads\/2025\/06\/DSC05398-scaled.jpg","datePublished":"2026-03-26T18:21:40+00:00","dateModified":"2026-03-26T18:23:41+00:00","breadcrumb":{"@id":"https:\/\/mwc-cmm.org\/es\/stories\/transformando-fe-a-traves-comunion-global\/#breadcrumb"},"inLanguage":"es","potentialAction":[{"@type":"ReadAction","target":["https:\/\/mwc-cmm.org\/es\/stories\/transformando-fe-a-traves-comunion-global\/"]}]},{"@type":"ImageObject","inLanguage":"es","@id":"https:\/\/mwc-cmm.org\/es\/stories\/transformando-fe-a-traves-comunion-global\/#primaryimage","url":"https:\/\/mwc-cmm.org\/wp-content\/uploads\/2025\/06\/DSC05398-scaled.jpg","contentUrl":"https:\/\/mwc-cmm.org\/wp-content\/uploads\/2025\/06\/DSC05398-scaled.jpg","width":2560,"height":1707,"caption":"MWC100 leaders interview"},{"@type":"BreadcrumbList","@id":"https:\/\/mwc-cmm.org\/es\/stories\/transformando-fe-a-traves-comunion-global\/#breadcrumb","itemListElement":[{"@type":"ListItem","position":1,"name":"Home","item":"https:\/\/mwc-cmm.org\/es\/"},{"@type":"ListItem","position":2,"name":"Transformando la fe a trav\u00e9s de la comuni\u00f3n global"}]},{"@type":"WebSite","@id":"https:\/\/mwc-cmm.org\/en\/#website","url":"https:\/\/mwc-cmm.org\/en\/","name":"Mennonite World Conference","description":"A communion of Anabaptist-related churches","publisher":{"@id":"https:\/\/mwc-cmm.org\/en\/#organization"},"alternateName":"MWC","potentialAction":[{"@type":"SearchAction","target":{"@type":"EntryPoint","urlTemplate":"https:\/\/mwc-cmm.org\/en\/?s={search_term_string}"},"query-input":{"@type":"PropertyValueSpecification","valueRequired":true,"valueName":"search_term_string"}}],"inLanguage":"es"},{"@type":"Organization","@id":"https:\/\/mwc-cmm.org\/en\/#organization","name":"Mennonite World Conference","alternateName":"MWC","url":"https:\/\/mwc-cmm.org\/en\/","logo":{"@type":"ImageObject","inLanguage":"es","@id":"https:\/\/mwc-cmm.org\/en\/#\/schema\/logo\/image\/","url":"https:\/\/mwc-cmm.org\/wp-content\/uploads\/2026\/01\/MWC_Sig_Blue_Horiz_webheader1-logo.svg","contentUrl":"https:\/\/mwc-cmm.org\/wp-content\/uploads\/2026\/01\/MWC_Sig_Blue_Horiz_webheader1-logo.svg","width":786,"height":82,"caption":"Mennonite World Conference"},"image":{"@id":"https:\/\/mwc-cmm.org\/en\/#\/schema\/logo\/image\/"},"sameAs":["https:\/\/www.facebook.com\/MennoniteWorldConference","https:\/\/www.linkedin.com\/company\/mennonite-world-conference-mwc\/","https:\/\/www.instagram.com\/mwcmm\/","https:\/\/www.youtube.com\/user\/mwccmm","https:\/\/bsky.app\/profile\/mwcmm.bsky.social"]},{"@type":"Person","@id":"https:\/\/mwc-cmm.org\/en\/#\/schema\/person\/9cb7cad70e3a0ac2b145c3441df0dc08","name":"Karla Braun","pronouns":"she\/her","image":{"@type":"ImageObject","inLanguage":"es","@id":"https:\/\/secure.gravatar.com\/avatar\/330c84143dc3a1bf6e7887f828baae23c874bf72d5eedb0461d88c0725087370?s=96&d=mm&r=g","url":"https:\/\/secure.gravatar.com\/avatar\/330c84143dc3a1bf6e7887f828baae23c874bf72d5eedb0461d88c0725087370?s=96&d=mm&r=g","contentUrl":"https:\/\/secure.gravatar.com\/avatar\/330c84143dc3a1bf6e7887f828baae23c874bf72d5eedb0461d88c0725087370?s=96&d=mm&r=g","caption":"Karla Braun"},"description":"Karla Braun serves as editor and website coordinator for MWC since 2015.","url":"https:\/\/mwc-cmm.org\/es\/stories\/author\/karla\/"}]}},"_links":{"self":[{"href":"https:\/\/mwc-cmm.org\/es\/wp-json\/wp\/v2\/posts\/126570","targetHints":{"allow":["GET"]}}],"collection":[{"href":"https:\/\/mwc-cmm.org\/es\/wp-json\/wp\/v2\/posts"}],"about":[{"href":"https:\/\/mwc-cmm.org\/es\/wp-json\/wp\/v2\/types\/post"}],"author":[{"embeddable":true,"href":"https:\/\/mwc-cmm.org\/es\/wp-json\/wp\/v2\/users\/6"}],"replies":[{"embeddable":true,"href":"https:\/\/mwc-cmm.org\/es\/wp-json\/wp\/v2\/comments?post=126570"}],"version-history":[{"count":0,"href":"https:\/\/mwc-cmm.org\/es\/wp-json\/wp\/v2\/posts\/126570\/revisions"}],"wp:featuredmedia":[{"embeddable":true,"href":"https:\/\/mwc-cmm.org\/es\/wp-json\/wp\/v2\/media\/114511"}],"wp:attachment":[{"href":"https:\/\/mwc-cmm.org\/es\/wp-json\/wp\/v2\/media?parent=126570"}],"wp:term":[{"taxonomy":"category","embeddable":true,"href":"https:\/\/mwc-cmm.org\/es\/wp-json\/wp\/v2\/categories?post=126570"},{"taxonomy":"post_tag","embeddable":true,"href":"https:\/\/mwc-cmm.org\/es\/wp-json\/wp\/v2\/tags?post=126570"},{"taxonomy":"network","embeddable":true,"href":"https:\/\/mwc-cmm.org\/es\/wp-json\/wp\/v2\/network?post=126570"},{"taxonomy":"eventcategory","embeddable":true,"href":"https:\/\/mwc-cmm.org\/es\/wp-json\/wp\/v2\/eventcategory?post=126570"}],"curies":[{"name":"wp","href":"https:\/\/api.w.org\/{rel}","templated":true}]}}