{"id":126357,"date":"2015-07-24T17:57:18","date_gmt":"2015-07-24T17:57:18","guid":{"rendered":"https:\/\/mwc-cmm.org\/stories\/mukawa-calls-for-reconciliation-with-god-others\/"},"modified":"2026-03-25T13:16:00","modified_gmt":"2026-03-25T13:16:00","slug":"mukawa-calls-for-reconciliation-with-god-others","status":"publish","type":"post","link":"https:\/\/mwc-cmm.org\/es\/stories\/mukawa-calls-for-reconciliation-with-god-others\/","title":{"rendered":"Mukawa llama a la reconciliaci\u00f3n con Dios y los otros"},"content":{"rendered":"\n<h2 class=\"wp-block-heading\">El se\u00f1or\u00edo de Cristo prevalece sobre las visas denegadas, los conflictos \u00e9tnicos y las diferencias interdenominacionales.<\/h2>\n\n\n\n<p>Por Conni Faber<\/p>\n\n\n\n<p>Harrisburg, Pensilvania, EE.UU \u2013 Nzuzi Mukawa es pastor y educador en la iglesia de los hermanos menonitas de la Rep\u00fablica Democr\u00e1tica del Congo. El 23 de julio desafi\u00f3 al p\u00fablico a salir de la Asamblea Mundial Menonita, siendo hombres y mujeres reconciliados con Dios y con los otros.<\/p>\n\n\n\n<figure class=\"wp-block-image alignright size-medium\"><img decoding=\"async\" width=\"300\" height=\"200\" data-src=\"https:\/\/mwc-cmm.org\/wp-content\/uploads\/2026\/03\/NzuziMukawa-300x200.jpg\" alt=\"\" class=\"wp-image-126327 lazyload\" data-srcset=\"https:\/\/mwc-cmm.org\/wp-content\/uploads\/2026\/03\/NzuziMukawa-300x200.jpg 300w, https:\/\/mwc-cmm.org\/wp-content\/uploads\/2026\/03\/NzuziMukawa-768x512.jpg 768w, https:\/\/mwc-cmm.org\/wp-content\/uploads\/2026\/03\/NzuziMukawa.jpg 1024w\" data-sizes=\"(max-width: 300px) 100vw, 300px\" src=\"data:image\/svg+xml;base64,PHN2ZyB3aWR0aD0iMSIgaGVpZ2h0PSIxIiB4bWxucz0iaHR0cDovL3d3dy53My5vcmcvMjAwMC9zdmciPjwvc3ZnPg==\" style=\"--smush-placeholder-width: 300px; --smush-placeholder-aspect-ratio: 300\/200;\" \/><figcaption class=\"wp-element-caption\">Nzuzi Mukawa<\/figcaption><\/figure>\n\n\n\n<p>El conflicto en el texto que Makawa utiliz\u00f3, 1 Samuel 25:1-35, comienza con una persona: Nabal. Siendo un hombre rico pero insensible, rechaz\u00f3 el pedido de ayuda de parte de David. En consecuencia David busc\u00f3 venganza.<\/p>\n\n\n\n<p>La soluci\u00f3n a este conflicto tambi\u00e9n comenz\u00f3 con una persona: Abigail. Cuando David acept\u00f3 el regalo que ella le hab\u00eda presentado en se\u00f1al de reconciliaci\u00f3n, en consecuencia, el problema fue resuelto.<\/p>\n\n\n\n<p>\u201c\u00bfPor qu\u00e9 hay tanto conflicto en el mundo\u201d? pregunt\u00f3 Mukawa. \u201cPorque las personas est\u00e1n siguiendo las ideas de Nabal\u201d.<\/p>\n\n\n\n<p>Cuando las personas toman ventajas por poseer bienes econ\u00f3micos, buena educaci\u00f3n y poder, el resultado es el conflicto en la familia, conflicto entre pa\u00edses, inclusive en la iglesia.<\/p>\n\n\n\n<p>\u201cNecesitamos hombres y mujeres que adopten la actitud de Abigail, personas orientadas a los otros\u201d, dijo Mukawa.<\/p>\n\n\n\n<p>La reconciliaci\u00f3n es trabajo de Dios, dijo Mukawa refiri\u00e9ndose a 2\u00ba Corintios 5:17-20. \u201cEn el momento en \u00e9l que \u00e9ramos enemigos de Dios, \u00e9l vino a nosotros y nos reconcili\u00f3 en Cristo Jes\u00fas\u201d.<\/p>\n\n\n\n<p>\u201c[Es el \u00fanico] nombre que se nos ha dado con el cual podemos ser salvos\u201d, dijo Mukawa.<\/p>\n\n\n\n<p>Dios insta a sus disc\u00edpulos a proclamar la cruz y a trabajar por la resoluci\u00f3n de los conflictos. Mukawa cit\u00f3 algunos ejemplos actuales alrededor del mundo para hacer un llamado a la resoluci\u00f3n de conflictos \u00e9tnicos, tribales y raciales.<\/p>\n\n\n\n<figure class=\"wp-block-image alignleft size-medium\"><img decoding=\"async\" width=\"300\" height=\"200\" data-src=\"https:\/\/mwc-cmm.org\/wp-content\/uploads\/2026\/03\/womenonthursday-300x200.jpg\" alt=\"\" class=\"wp-image-126341 lazyload\" data-srcset=\"https:\/\/mwc-cmm.org\/wp-content\/uploads\/2026\/03\/womenonthursday-300x200.jpg 300w, https:\/\/mwc-cmm.org\/wp-content\/uploads\/2026\/03\/womenonthursday-768x512.jpg 768w, https:\/\/mwc-cmm.org\/wp-content\/uploads\/2026\/03\/womenonthursday.jpg 1024w\" data-sizes=\"(max-width: 300px) 100vw, 300px\" src=\"data:image\/svg+xml;base64,PHN2ZyB3aWR0aD0iMSIgaGVpZ2h0PSIxIiB4bWxucz0iaHR0cDovL3d3dy53My5vcmcvMjAwMC9zdmciPjwvc3ZnPg==\" style=\"--smush-placeholder-width: 300px; --smush-placeholder-aspect-ratio: 300\/200;\" \/><\/figure>\n\n\n\n<p>La Asamblea del CMM es la representaci\u00f3n de la gran diversidad que se regocijar\u00e1 en los cielos, dijo Mukawa. \u201cEstoy feliz por ese d\u00eda\u201d.<\/p>\n\n\n\n<p>Los saludos ecum\u00e9nicos por parte de los representantes del Concilio Mundial de Iglesias, la Federaci\u00f3n Mundial Luterana y la Conferencia Mundial de la Iglesia Adventista del S\u00e9ptimo D\u00eda, resaltaron el compromiso de los anabautistas por la paz y la reconciliaci\u00f3n.<\/p>\n\n\n\n<p>A pesar de la ausencia de algunos de los cantantes, la noche africana estuvo en\u00e9rgica con mucho entusiasmo. El coro de Zimbabwe est\u00e1 compuesto de unos 40 cantantes. S\u00f3lo cinco representaron al coro de Kenia y otros 25 no obtuvieron la visa.<\/p>\n\n\n\n<p>El maestro de ceremonias Don McNiven gui\u00f3 al p\u00fablico en un momento de silencio y oraci\u00f3n por todos aquellos a quienes les fueron negada la visa y por consecuencia no pudieron asistir al Congreso.<\/p>\n\n\n\n<p><em>Connie Faber es editora del <\/em>Christian Leader<em>. Ella es parte del equipo de editores del Meetinghouse para la sesi\u00f3n plenaria en la Asamblea XVI.<\/em><\/p>\n","protected":false},"excerpt":{"rendered":"<p>El se\u00f1or\u00edo de Cristo prevalece sobre las visas denegadas, los conflictos \u00e9tnicos y las diferencias interdenominacionales. Por Conni Faber Harrisburg, Pensilvania, EE.UU \u2013 Nzuzi Mukawa es pastor y educador en la iglesia de los hermanos menonitas de la Rep\u00fablica Democr\u00e1tica del Congo. El 23 de julio desafi\u00f3 al p\u00fablico a salir de la Asamblea Mundial [&hellip;]<\/p>\n","protected":false},"author":1,"featured_media":126338,"comment_status":"closed","ping_status":"closed","sticky":false,"template":"","format":"standard","meta":{"_acf_changed":false,"footnotes":""},"categories":[1896],"tags":[2202,2195,1620,1154,499,1698,2196,2207,1962,2205,2197,1945,2204,2198,2206,1908,2199,1899,2002,2200,1577,2203,2201],"network":[],"eventcategory":[299],"class_list":["post-126357","post","type-post","status-publish","format-standard","has-post-thumbnail","hentry","category-tomigrate","tag-23-julio","tag-23-july","tag-africa","tag-assembly-es","tag-asamblea","tag-assembly","tag-brethren-choral-sounds-choir","tag-caminando-en-el-conflicto-y-en-la-reconciliacion","tag-connie-faber","tag-coro-de-la-fraternidad-eastleigh","tag-day-3","tag-denied-visas","tag-dia-3","tag-eastleigh-fellowship-choir","tag-jueves","tag-meetinghouse","tag-nzuzi-mukawa","tag-pa2015","tag-pa2015-worship-services","tag-thursday","tag-tomigrate","tag-visas-negadas","tag-walking-in-conflict-and-reconciliation","eventcategory-assembly"],"acf":[],"yoast_head":"<!-- This site is optimized with the Yoast SEO plugin v27.2 - https:\/\/yoast.com\/product\/yoast-seo-wordpress\/ -->\n<title>Mukawa llama a la reconciliaci\u00f3n con Dios y los otros - Mennonite World Conference<\/title>\n<meta name=\"robots\" content=\"index, follow, max-snippet:-1, max-image-preview:large, max-video-preview:-1\" \/>\n<link rel=\"canonical\" href=\"https:\/\/mwc-cmm.org\/es\/stories\/mukawa-calls-for-reconciliation-with-god-others\/\" \/>\n<meta property=\"og:locale\" content=\"es_ES\" \/>\n<meta property=\"og:type\" content=\"article\" \/>\n<meta property=\"og:title\" content=\"Mukawa llama a la reconciliaci\u00f3n con Dios y los otros - Mennonite World Conference\" \/>\n<meta property=\"og:description\" content=\"El se\u00f1or\u00edo de Cristo prevalece sobre las visas denegadas, los conflictos \u00e9tnicos y las diferencias interdenominacionales. Por Conni Faber Harrisburg, Pensilvania, EE.UU \u2013 Nzuzi Mukawa es pastor y educador en la iglesia de los hermanos menonitas de la Rep\u00fablica Democr\u00e1tica del Congo. El 23 de julio desafi\u00f3 al p\u00fablico a salir de la Asamblea Mundial [&hellip;]\" \/>\n<meta property=\"og:url\" content=\"https:\/\/mwc-cmm.org\/es\/stories\/mukawa-calls-for-reconciliation-with-god-others\/\" \/>\n<meta property=\"og:site_name\" content=\"Mennonite World Conference\" \/>\n<meta property=\"article:publisher\" content=\"https:\/\/www.facebook.com\/MennoniteWorldConference\" \/>\n<meta property=\"article:published_time\" content=\"2015-07-24T17:57:18+00:00\" \/>\n<meta property=\"article:modified_time\" content=\"2026-03-25T13:16:00+00:00\" \/>\n<meta property=\"og:image\" content=\"https:\/\/mwc-cmm.org\/wp-content\/uploads\/2026\/03\/NzuziMukawa.jpg\" \/>\n\t<meta property=\"og:image:width\" content=\"1024\" \/>\n\t<meta property=\"og:image:height\" content=\"683\" \/>\n\t<meta property=\"og:image:type\" content=\"image\/jpeg\" \/>\n<meta name=\"author\" content=\"mennworldcon\" \/>\n<script type=\"application\/ld+json\" class=\"yoast-schema-graph\">{\"@context\":\"https:\/\/schema.org\",\"@graph\":[{\"@type\":\"Article\",\"@id\":\"https:\/\/mwc-cmm.org\/es\/stories\/mukawa-calls-for-reconciliation-with-god-others\/#article\",\"isPartOf\":{\"@id\":\"https:\/\/mwc-cmm.org\/es\/stories\/mukawa-calls-for-reconciliation-with-god-others\/\"},\"author\":{\"name\":\"mennworldcon\",\"@id\":\"https:\/\/mwc-cmm.org\/en\/#\/schema\/person\/11f6ae0d7d1868ba20a1cc27f067c836\"},\"headline\":\"Mukawa llama a la reconciliaci\u00f3n con Dios y los otros\",\"datePublished\":\"2015-07-24T17:57:18+00:00\",\"dateModified\":\"2026-03-25T13:16:00+00:00\",\"mainEntityOfPage\":{\"@id\":\"https:\/\/mwc-cmm.org\/es\/stories\/mukawa-calls-for-reconciliation-with-god-others\/\"},\"wordCount\":491,\"publisher\":{\"@id\":\"https:\/\/mwc-cmm.org\/en\/#organization\"},\"image\":{\"@id\":\"https:\/\/mwc-cmm.org\/es\/stories\/mukawa-calls-for-reconciliation-with-god-others\/#primaryimage\"},\"thumbnailUrl\":\"https:\/\/mwc-cmm.org\/wp-content\/uploads\/2026\/03\/NzuziMukawa.jpg\",\"keywords\":[\"23 Julio\",\"23 July\",\"\u00c1frica\",\"Asamblea\",\"Asamblea\",\"assembly\",\"Brethren Choral Sounds Choir\",\"Caminando en el conflicto y en la reconciliaci\u00f3n\",\"Connie Faber\",\"Coro de la Fraternidad Eastleigh\",\"Day 3\",\"denied visas\",\"d\u00eda 3\",\"Eastleigh Fellowship Choir\",\"jueves\",\"Meetinghouse\",\"Nzuzi Mukawa\",\"PA2015\",\"PA2015 worship services\",\"Thursday\",\"tomigrate\",\"visas negadas\",\"walking in conflict and reconciliation\"],\"articleSection\":[\"tomigrate\"],\"inLanguage\":\"es\"},{\"@type\":\"WebPage\",\"@id\":\"https:\/\/mwc-cmm.org\/es\/stories\/mukawa-calls-for-reconciliation-with-god-others\/\",\"url\":\"https:\/\/mwc-cmm.org\/es\/stories\/mukawa-calls-for-reconciliation-with-god-others\/\",\"name\":\"Mukawa llama a la reconciliaci\u00f3n con Dios y los otros - Mennonite World Conference\",\"isPartOf\":{\"@id\":\"https:\/\/mwc-cmm.org\/en\/#website\"},\"primaryImageOfPage\":{\"@id\":\"https:\/\/mwc-cmm.org\/es\/stories\/mukawa-calls-for-reconciliation-with-god-others\/#primaryimage\"},\"image\":{\"@id\":\"https:\/\/mwc-cmm.org\/es\/stories\/mukawa-calls-for-reconciliation-with-god-others\/#primaryimage\"},\"thumbnailUrl\":\"https:\/\/mwc-cmm.org\/wp-content\/uploads\/2026\/03\/NzuziMukawa.jpg\",\"datePublished\":\"2015-07-24T17:57:18+00:00\",\"dateModified\":\"2026-03-25T13:16:00+00:00\",\"breadcrumb\":{\"@id\":\"https:\/\/mwc-cmm.org\/es\/stories\/mukawa-calls-for-reconciliation-with-god-others\/#breadcrumb\"},\"inLanguage\":\"es\",\"potentialAction\":[{\"@type\":\"ReadAction\",\"target\":[\"https:\/\/mwc-cmm.org\/es\/stories\/mukawa-calls-for-reconciliation-with-god-others\/\"]}]},{\"@type\":\"ImageObject\",\"inLanguage\":\"es\",\"@id\":\"https:\/\/mwc-cmm.org\/es\/stories\/mukawa-calls-for-reconciliation-with-god-others\/#primaryimage\",\"url\":\"https:\/\/mwc-cmm.org\/wp-content\/uploads\/2026\/03\/NzuziMukawa.jpg\",\"contentUrl\":\"https:\/\/mwc-cmm.org\/wp-content\/uploads\/2026\/03\/NzuziMukawa.jpg\",\"width\":1024,\"height\":683,\"caption\":\"Nzuzi Mukawa\"},{\"@type\":\"BreadcrumbList\",\"@id\":\"https:\/\/mwc-cmm.org\/es\/stories\/mukawa-calls-for-reconciliation-with-god-others\/#breadcrumb\",\"itemListElement\":[{\"@type\":\"ListItem\",\"position\":1,\"name\":\"Home\",\"item\":\"https:\/\/mwc-cmm.org\/es\/\"},{\"@type\":\"ListItem\",\"position\":2,\"name\":\"Mukawa llama a la reconciliaci\u00f3n con Dios y los otros\"}]},{\"@type\":\"WebSite\",\"@id\":\"https:\/\/mwc-cmm.org\/en\/#website\",\"url\":\"https:\/\/mwc-cmm.org\/en\/\",\"name\":\"Mennonite World Conference\",\"description\":\"A communion of Anabaptist-related churches\",\"publisher\":{\"@id\":\"https:\/\/mwc-cmm.org\/en\/#organization\"},\"alternateName\":\"MWC\",\"potentialAction\":[{\"@type\":\"SearchAction\",\"target\":{\"@type\":\"EntryPoint\",\"urlTemplate\":\"https:\/\/mwc-cmm.org\/en\/?s={search_term_string}\"},\"query-input\":{\"@type\":\"PropertyValueSpecification\",\"valueRequired\":true,\"valueName\":\"search_term_string\"}}],\"inLanguage\":\"es\"},{\"@type\":\"Organization\",\"@id\":\"https:\/\/mwc-cmm.org\/en\/#organization\",\"name\":\"Mennonite World Conference\",\"alternateName\":\"MWC\",\"url\":\"https:\/\/mwc-cmm.org\/en\/\",\"logo\":{\"@type\":\"ImageObject\",\"inLanguage\":\"es\",\"@id\":\"https:\/\/mwc-cmm.org\/en\/#\/schema\/logo\/image\/\",\"url\":\"https:\/\/mwc-cmm.org\/wp-content\/uploads\/2026\/01\/MWC_Sig_Blue_Horiz_webheader1-logo.svg\",\"contentUrl\":\"https:\/\/mwc-cmm.org\/wp-content\/uploads\/2026\/01\/MWC_Sig_Blue_Horiz_webheader1-logo.svg\",\"width\":786,\"height\":82,\"caption\":\"Mennonite World Conference\"},\"image\":{\"@id\":\"https:\/\/mwc-cmm.org\/en\/#\/schema\/logo\/image\/\"},\"sameAs\":[\"https:\/\/www.facebook.com\/MennoniteWorldConference\",\"https:\/\/www.linkedin.com\/company\/mennonite-world-conference-mwc\/\",\"https:\/\/www.instagram.com\/mwcmm\/\",\"https:\/\/www.youtube.com\/user\/mwccmm\",\"https:\/\/bsky.app\/profile\/mwcmm.bsky.social\"]},{\"@type\":\"Person\",\"@id\":\"https:\/\/mwc-cmm.org\/en\/#\/schema\/person\/11f6ae0d7d1868ba20a1cc27f067c836\",\"name\":\"mennworldcon\",\"image\":{\"@type\":\"ImageObject\",\"inLanguage\":\"es\",\"@id\":\"https:\/\/secure.gravatar.com\/avatar\/06fdc0dc81c157dfdb82ec42f252178a22307808988d22c043f9eb96f1e0fe80?s=96&d=mm&r=g\",\"url\":\"https:\/\/secure.gravatar.com\/avatar\/06fdc0dc81c157dfdb82ec42f252178a22307808988d22c043f9eb96f1e0fe80?s=96&d=mm&r=g\",\"contentUrl\":\"https:\/\/secure.gravatar.com\/avatar\/06fdc0dc81c157dfdb82ec42f252178a22307808988d22c043f9eb96f1e0fe80?s=96&d=mm&r=g\",\"caption\":\"mennworldcon\"},\"sameAs\":[\"https:\/\/mwc-cmm.org\"],\"url\":\"https:\/\/mwc-cmm.org\/es\/stories\/author\/mennworldcon\/\"}]}<\/script>\n<!-- \/ Yoast SEO plugin. -->","yoast_head_json":{"title":"Mukawa llama a la reconciliaci\u00f3n con Dios y los otros - Mennonite World Conference","robots":{"index":"index","follow":"follow","max-snippet":"max-snippet:-1","max-image-preview":"max-image-preview:large","max-video-preview":"max-video-preview:-1"},"canonical":"https:\/\/mwc-cmm.org\/es\/stories\/mukawa-calls-for-reconciliation-with-god-others\/","og_locale":"es_ES","og_type":"article","og_title":"Mukawa llama a la reconciliaci\u00f3n con Dios y los otros - Mennonite World Conference","og_description":"El se\u00f1or\u00edo de Cristo prevalece sobre las visas denegadas, los conflictos \u00e9tnicos y las diferencias interdenominacionales. Por Conni Faber Harrisburg, Pensilvania, EE.UU \u2013 Nzuzi Mukawa es pastor y educador en la iglesia de los hermanos menonitas de la Rep\u00fablica Democr\u00e1tica del Congo. El 23 de julio desafi\u00f3 al p\u00fablico a salir de la Asamblea Mundial [&hellip;]","og_url":"https:\/\/mwc-cmm.org\/es\/stories\/mukawa-calls-for-reconciliation-with-god-others\/","og_site_name":"Mennonite World Conference","article_publisher":"https:\/\/www.facebook.com\/MennoniteWorldConference","article_published_time":"2015-07-24T17:57:18+00:00","article_modified_time":"2026-03-25T13:16:00+00:00","og_image":[{"width":1024,"height":683,"url":"https:\/\/mwc-cmm.org\/wp-content\/uploads\/2026\/03\/NzuziMukawa.jpg","type":"image\/jpeg"}],"author":"mennworldcon","schema":{"@context":"https:\/\/schema.org","@graph":[{"@type":"Article","@id":"https:\/\/mwc-cmm.org\/es\/stories\/mukawa-calls-for-reconciliation-with-god-others\/#article","isPartOf":{"@id":"https:\/\/mwc-cmm.org\/es\/stories\/mukawa-calls-for-reconciliation-with-god-others\/"},"author":{"name":"mennworldcon","@id":"https:\/\/mwc-cmm.org\/en\/#\/schema\/person\/11f6ae0d7d1868ba20a1cc27f067c836"},"headline":"Mukawa llama a la reconciliaci\u00f3n con Dios y los otros","datePublished":"2015-07-24T17:57:18+00:00","dateModified":"2026-03-25T13:16:00+00:00","mainEntityOfPage":{"@id":"https:\/\/mwc-cmm.org\/es\/stories\/mukawa-calls-for-reconciliation-with-god-others\/"},"wordCount":491,"publisher":{"@id":"https:\/\/mwc-cmm.org\/en\/#organization"},"image":{"@id":"https:\/\/mwc-cmm.org\/es\/stories\/mukawa-calls-for-reconciliation-with-god-others\/#primaryimage"},"thumbnailUrl":"https:\/\/mwc-cmm.org\/wp-content\/uploads\/2026\/03\/NzuziMukawa.jpg","keywords":["23 Julio","23 July","\u00c1frica","Asamblea","Asamblea","assembly","Brethren Choral Sounds Choir","Caminando en el conflicto y en la reconciliaci\u00f3n","Connie Faber","Coro de la Fraternidad Eastleigh","Day 3","denied visas","d\u00eda 3","Eastleigh Fellowship Choir","jueves","Meetinghouse","Nzuzi Mukawa","PA2015","PA2015 worship services","Thursday","tomigrate","visas negadas","walking in conflict and reconciliation"],"articleSection":["tomigrate"],"inLanguage":"es"},{"@type":"WebPage","@id":"https:\/\/mwc-cmm.org\/es\/stories\/mukawa-calls-for-reconciliation-with-god-others\/","url":"https:\/\/mwc-cmm.org\/es\/stories\/mukawa-calls-for-reconciliation-with-god-others\/","name":"Mukawa llama a la reconciliaci\u00f3n con Dios y los otros - Mennonite World Conference","isPartOf":{"@id":"https:\/\/mwc-cmm.org\/en\/#website"},"primaryImageOfPage":{"@id":"https:\/\/mwc-cmm.org\/es\/stories\/mukawa-calls-for-reconciliation-with-god-others\/#primaryimage"},"image":{"@id":"https:\/\/mwc-cmm.org\/es\/stories\/mukawa-calls-for-reconciliation-with-god-others\/#primaryimage"},"thumbnailUrl":"https:\/\/mwc-cmm.org\/wp-content\/uploads\/2026\/03\/NzuziMukawa.jpg","datePublished":"2015-07-24T17:57:18+00:00","dateModified":"2026-03-25T13:16:00+00:00","breadcrumb":{"@id":"https:\/\/mwc-cmm.org\/es\/stories\/mukawa-calls-for-reconciliation-with-god-others\/#breadcrumb"},"inLanguage":"es","potentialAction":[{"@type":"ReadAction","target":["https:\/\/mwc-cmm.org\/es\/stories\/mukawa-calls-for-reconciliation-with-god-others\/"]}]},{"@type":"ImageObject","inLanguage":"es","@id":"https:\/\/mwc-cmm.org\/es\/stories\/mukawa-calls-for-reconciliation-with-god-others\/#primaryimage","url":"https:\/\/mwc-cmm.org\/wp-content\/uploads\/2026\/03\/NzuziMukawa.jpg","contentUrl":"https:\/\/mwc-cmm.org\/wp-content\/uploads\/2026\/03\/NzuziMukawa.jpg","width":1024,"height":683,"caption":"Nzuzi Mukawa"},{"@type":"BreadcrumbList","@id":"https:\/\/mwc-cmm.org\/es\/stories\/mukawa-calls-for-reconciliation-with-god-others\/#breadcrumb","itemListElement":[{"@type":"ListItem","position":1,"name":"Home","item":"https:\/\/mwc-cmm.org\/es\/"},{"@type":"ListItem","position":2,"name":"Mukawa llama a la reconciliaci\u00f3n con Dios y los otros"}]},{"@type":"WebSite","@id":"https:\/\/mwc-cmm.org\/en\/#website","url":"https:\/\/mwc-cmm.org\/en\/","name":"Mennonite World Conference","description":"A communion of Anabaptist-related churches","publisher":{"@id":"https:\/\/mwc-cmm.org\/en\/#organization"},"alternateName":"MWC","potentialAction":[{"@type":"SearchAction","target":{"@type":"EntryPoint","urlTemplate":"https:\/\/mwc-cmm.org\/en\/?s={search_term_string}"},"query-input":{"@type":"PropertyValueSpecification","valueRequired":true,"valueName":"search_term_string"}}],"inLanguage":"es"},{"@type":"Organization","@id":"https:\/\/mwc-cmm.org\/en\/#organization","name":"Mennonite World Conference","alternateName":"MWC","url":"https:\/\/mwc-cmm.org\/en\/","logo":{"@type":"ImageObject","inLanguage":"es","@id":"https:\/\/mwc-cmm.org\/en\/#\/schema\/logo\/image\/","url":"https:\/\/mwc-cmm.org\/wp-content\/uploads\/2026\/01\/MWC_Sig_Blue_Horiz_webheader1-logo.svg","contentUrl":"https:\/\/mwc-cmm.org\/wp-content\/uploads\/2026\/01\/MWC_Sig_Blue_Horiz_webheader1-logo.svg","width":786,"height":82,"caption":"Mennonite World Conference"},"image":{"@id":"https:\/\/mwc-cmm.org\/en\/#\/schema\/logo\/image\/"},"sameAs":["https:\/\/www.facebook.com\/MennoniteWorldConference","https:\/\/www.linkedin.com\/company\/mennonite-world-conference-mwc\/","https:\/\/www.instagram.com\/mwcmm\/","https:\/\/www.youtube.com\/user\/mwccmm","https:\/\/bsky.app\/profile\/mwcmm.bsky.social"]},{"@type":"Person","@id":"https:\/\/mwc-cmm.org\/en\/#\/schema\/person\/11f6ae0d7d1868ba20a1cc27f067c836","name":"mennworldcon","image":{"@type":"ImageObject","inLanguage":"es","@id":"https:\/\/secure.gravatar.com\/avatar\/06fdc0dc81c157dfdb82ec42f252178a22307808988d22c043f9eb96f1e0fe80?s=96&d=mm&r=g","url":"https:\/\/secure.gravatar.com\/avatar\/06fdc0dc81c157dfdb82ec42f252178a22307808988d22c043f9eb96f1e0fe80?s=96&d=mm&r=g","contentUrl":"https:\/\/secure.gravatar.com\/avatar\/06fdc0dc81c157dfdb82ec42f252178a22307808988d22c043f9eb96f1e0fe80?s=96&d=mm&r=g","caption":"mennworldcon"},"sameAs":["https:\/\/mwc-cmm.org"],"url":"https:\/\/mwc-cmm.org\/es\/stories\/author\/mennworldcon\/"}]}},"_links":{"self":[{"href":"https:\/\/mwc-cmm.org\/es\/wp-json\/wp\/v2\/posts\/126357","targetHints":{"allow":["GET"]}}],"collection":[{"href":"https:\/\/mwc-cmm.org\/es\/wp-json\/wp\/v2\/posts"}],"about":[{"href":"https:\/\/mwc-cmm.org\/es\/wp-json\/wp\/v2\/types\/post"}],"author":[{"embeddable":true,"href":"https:\/\/mwc-cmm.org\/es\/wp-json\/wp\/v2\/users\/1"}],"replies":[{"embeddable":true,"href":"https:\/\/mwc-cmm.org\/es\/wp-json\/wp\/v2\/comments?post=126357"}],"version-history":[{"count":0,"href":"https:\/\/mwc-cmm.org\/es\/wp-json\/wp\/v2\/posts\/126357\/revisions"}],"wp:featuredmedia":[{"embeddable":true,"href":"https:\/\/mwc-cmm.org\/es\/wp-json\/wp\/v2\/media\/126338"}],"wp:attachment":[{"href":"https:\/\/mwc-cmm.org\/es\/wp-json\/wp\/v2\/media?parent=126357"}],"wp:term":[{"taxonomy":"category","embeddable":true,"href":"https:\/\/mwc-cmm.org\/es\/wp-json\/wp\/v2\/categories?post=126357"},{"taxonomy":"post_tag","embeddable":true,"href":"https:\/\/mwc-cmm.org\/es\/wp-json\/wp\/v2\/tags?post=126357"},{"taxonomy":"network","embeddable":true,"href":"https:\/\/mwc-cmm.org\/es\/wp-json\/wp\/v2\/network?post=126357"},{"taxonomy":"eventcategory","embeddable":true,"href":"https:\/\/mwc-cmm.org\/es\/wp-json\/wp\/v2\/eventcategory?post=126357"}],"curies":[{"name":"wp","href":"https:\/\/api.w.org\/{rel}","templated":true}]}}