{"id":126191,"date":"2015-07-25T11:45:36","date_gmt":"2015-07-25T11:45:36","guid":{"rendered":"https:\/\/mwc-cmm.org\/stories\/autonomy-and-awakening\/"},"modified":"2026-03-25T13:15:59","modified_gmt":"2026-03-25T13:15:59","slug":"autonomy-and-awakening","status":"publish","type":"post","link":"https:\/\/mwc-cmm.org\/es\/stories\/autonomy-and-awakening\/","title":{"rendered":"La autonom\u00eda, y un despertar"},"content":{"rendered":"\n<h2 class=\"wp-block-heading\">La Asamblea hace un llamado a luchar entre la independencia y la comunidad<\/h2>\n\n\n\n<p>Por Tim Huber<\/p>\n\n\n\n<figure class=\"wp-block-image alignright size-large\"><img decoding=\"async\" width=\"1024\" height=\"683\" data-src=\"https:\/\/mwc-cmm.org\/wp-content\/uploads\/2015\/07\/Worship-GYS-Mennonite-World-Conference23-1024x683.jpg\" alt=\"\" class=\"wp-image-126186 lazyload\" data-srcset=\"https:\/\/mwc-cmm.org\/wp-content\/uploads\/2015\/07\/Worship-GYS-Mennonite-World-Conference23-1024x683.jpg 1024w, https:\/\/mwc-cmm.org\/wp-content\/uploads\/2015\/07\/Worship-GYS-Mennonite-World-Conference23-300x200.jpg 300w, https:\/\/mwc-cmm.org\/wp-content\/uploads\/2015\/07\/Worship-GYS-Mennonite-World-Conference23-768x512.jpg 768w, https:\/\/mwc-cmm.org\/wp-content\/uploads\/2015\/07\/Worship-GYS-Mennonite-World-Conference23-1536x1024.jpg 1536w, https:\/\/mwc-cmm.org\/wp-content\/uploads\/2015\/07\/Worship-GYS-Mennonite-World-Conference23-2048x1365.jpg 2048w\" data-sizes=\"(max-width: 1024px) 100vw, 1024px\" src=\"data:image\/svg+xml;base64,PHN2ZyB3aWR0aD0iMSIgaGVpZ2h0PSIxIiB4bWxucz0iaHR0cDovL3d3dy53My5vcmcvMjAwMC9zdmciPjwvc3ZnPg==\" style=\"--smush-placeholder-width: 1024px; --smush-placeholder-aspect-ratio: 1024\/683;\" \/><\/figure>\n\n\n\n<p>HARRISBURG, Pensilvania, EE.UU. \u2013 Cada persona nunca est\u00e1 sola. Debe vivir en comunidad. Sin embargo, cada una tambi\u00e9n tiene ansias por ser independiente y aut\u00f3noma.<\/p>\n\n\n\n<p>La pastora menonita holandesa y anfitriona de un centro de retiro, Wieteke van der Molen le dijo a los asistentes a la Asamblea del Congreso Mundial Menonita el 24 de julio de 2015 que por el hecho de que los intereses del grupo siempre van a chocar con los del individuo, cada persona tiene que luchar con esta fricci\u00f3n y frustraci\u00f3n.<\/p>\n\n\n\n<p>Van del Molen dijo que Jacob, el patriarca, no pens\u00f3 en nadie pero en s\u00ed mismo hasta que perdi\u00f3 a su comunidad. Se qued\u00f3 solo con su autonom\u00eda. Hasta que alguien lleg\u00f3 y luch\u00f3 con \u00e9l toda una noche (G\u00e9nesis 32).<\/p>\n\n\n\n<p>Aunque viv\u00eda bajo sus propias reglas, Dios no juzg\u00f3 a Jacob. Dios se mantuvo presente con \u00e9l tal como est\u00e1 presente con nosotros hoy d\u00eda.<\/p>\n\n\n\n<p>\u201cDios meramente camina contigo, no importa el resultado\u201d, dijo van der Molen.<\/p>\n\n\n\n<p>Ella desafi\u00f3 a su audiencia para que tomara decisiones de acuerdo a sus propios deseos mientras reconociera los deseos, el dolor, y las frustraciones de la comunidad a su alrededor.<\/p>\n\n\n\n<p>\u201cEs sobre tomar responsabilidad por tus acciones\u201d, dijo ella. \u201cPor las de tu comunidad, las tuyas, y si es necesario, reconciliarte con ellas.\u201d<\/p>\n\n\n\n<p>\u201cPara mantener un sentido de autonom\u00eda en medio de la comunidad es como estar constantemente luchando con otros seres humanos y con Dios, y m\u00e1s que nada, contigo mismo\u201d, dijo ella. \u201cY aun si ganas, sales cojeando levemente.\u201d<\/p>\n\n\n\n<h3 class=\"wp-block-heading\">La audiencia despierta<\/h3>\n\n\n\n<p>Durante la ofrenda, se resalt\u00f3 a Nohemy Ruth Garc\u00eda de Espa\u00f1a. Ella cant\u00f3 \u201c<em>Despertar<\/em>\u201d, una canci\u00f3n que escribi\u00f3 para conmemorar el 10<sup>o<\/sup> aniversario de la bomba terrorista del 2004 en Madrid cuando murieron 191 personas y se lesionaron otras 1.800.<\/p>\n\n\n\n<p>\u201cEn nuestras iglesias, en nuestros hogares y en nuestras comunidades, es un tiempo para la paz\u201d, dijo ella. \u201cEsta canci\u00f3n es un llamado a despertar\u2026. Vamos a tomar acci\u00f3n y verdaderamente trabajar por la paz y por lo que Dios quiere para su reino\u201d.<\/p>\n\n\n\n<p>Mientras cantaba, los primeros en despertar fueron una media docena de celulares que saludaban en forma r\u00edtmica, manipuladas por personas sentadas en una esquina alta del estadio.<\/p>\n\n\n\n<p>Prontamente, el <em>despertar<\/em> envolvi\u00f3 el espacio con miles de luces uni\u00e9ndose a una voz brillando en la oscuridad.<\/p>\n\n\n\n<p>Mientras era evidente la emoci\u00f3n en su faz, Garc\u00eda complet\u00f3 su canci\u00f3n con un mensaje que no necesit\u00f3 m\u00e1s traducci\u00f3n.<\/p>\n\n\n\n<p>El servicio concluy\u00f3 con la comuni\u00f3n, incluyendo la opci\u00f3n de pan sin \u201cgluten\u201d. Tambi\u00e9n hubo jugo de uva servido en copitas org\u00e1nicas.<\/p>\n\n\n\n<p><em>Tim Huber es editor asociado de la <\/em>Revista Mundial Menonita.<\/p>\n","protected":false},"excerpt":{"rendered":"<p>La Asamblea hace un llamado a luchar entre la independencia y la comunidad Por Tim Huber HARRISBURG, Pensilvania, EE.UU. \u2013 Cada persona nunca est\u00e1 sola. Debe vivir en comunidad. Sin embargo, cada una tambi\u00e9n tiene ansias por ser independiente y aut\u00f3noma. La pastora menonita holandesa y anfitriona de un centro de retiro, Wieteke van der [&hellip;]<\/p>\n","protected":false},"author":1,"featured_media":126186,"comment_status":"closed","ping_status":"closed","sticky":false,"template":"","format":"standard","meta":{"_acf_changed":false,"footnotes":""},"categories":[1896],"tags":[2123,2124,1154,1698,2125,2126,975,2127,1908,2128,1899,2002,2073,1577,2129,2130],"network":[],"eventcategory":[299],"class_list":["post-126191","post","type-post","status-publish","format-standard","has-post-thumbnail","hentry","category-tomigrate","tag-despertar","tag-24-july","tag-assembly-es","tag-assembly","tag-communion","tag-day-4","tag-europa","tag-friday","tag-meetinghouse","tag-nohemy-ruth-garcia","tag-pa2015","tag-pa2015-worship-services","tag-tim-huber","tag-tomigrate","tag-walking-in-autonomy-and-community","tag-wieteke-van-der-molen","eventcategory-assembly"],"acf":[],"yoast_head":"<!-- This site is optimized with the Yoast SEO plugin v27.5 - https:\/\/yoast.com\/product\/yoast-seo-wordpress\/ -->\n<title>La autonom\u00eda, y un despertar - Mennonite World Conference<\/title>\n<meta name=\"robots\" content=\"index, follow, max-snippet:-1, max-image-preview:large, max-video-preview:-1\" \/>\n<link rel=\"canonical\" href=\"https:\/\/mwc-cmm.org\/es\/stories\/autonomy-and-awakening\/\" \/>\n<meta property=\"og:locale\" content=\"es_ES\" \/>\n<meta property=\"og:type\" content=\"article\" \/>\n<meta property=\"og:title\" content=\"La autonom\u00eda, y un despertar - Mennonite World Conference\" \/>\n<meta property=\"og:description\" content=\"La Asamblea hace un llamado a luchar entre la independencia y la comunidad Por Tim Huber HARRISBURG, Pensilvania, EE.UU. \u2013 Cada persona nunca est\u00e1 sola. Debe vivir en comunidad. Sin embargo, cada una tambi\u00e9n tiene ansias por ser independiente y aut\u00f3noma. La pastora menonita holandesa y anfitriona de un centro de retiro, Wieteke van der [&hellip;]\" \/>\n<meta property=\"og:url\" content=\"https:\/\/mwc-cmm.org\/es\/stories\/autonomy-and-awakening\/\" \/>\n<meta property=\"og:site_name\" content=\"Mennonite World Conference\" \/>\n<meta property=\"article:publisher\" content=\"https:\/\/www.facebook.com\/MennoniteWorldConference\" \/>\n<meta property=\"article:published_time\" content=\"2015-07-25T11:45:36+00:00\" \/>\n<meta property=\"article:modified_time\" content=\"2026-03-25T13:15:59+00:00\" \/>\n<meta property=\"og:image\" content=\"https:\/\/mwc-cmm.org\/wp-content\/uploads\/2015\/07\/Worship-GYS-Mennonite-World-Conference23-scaled.jpg\" \/>\n\t<meta property=\"og:image:width\" content=\"2560\" \/>\n\t<meta property=\"og:image:height\" content=\"1707\" \/>\n\t<meta property=\"og:image:type\" content=\"image\/jpeg\" \/>\n<meta name=\"author\" content=\"mennworldcon\" \/>\n<script type=\"application\/ld+json\" class=\"yoast-schema-graph\">{\"@context\":\"https:\\\/\\\/schema.org\",\"@graph\":[{\"@type\":\"Article\",\"@id\":\"https:\\\/\\\/mwc-cmm.org\\\/es\\\/stories\\\/autonomy-and-awakening\\\/#article\",\"isPartOf\":{\"@id\":\"https:\\\/\\\/mwc-cmm.org\\\/es\\\/stories\\\/autonomy-and-awakening\\\/\"},\"author\":{\"name\":\"mennworldcon\",\"@id\":\"https:\\\/\\\/mwc-cmm.org\\\/en\\\/#\\\/schema\\\/person\\\/11f6ae0d7d1868ba20a1cc27f067c836\"},\"headline\":\"La autonom\u00eda, y un despertar\",\"datePublished\":\"2015-07-25T11:45:36+00:00\",\"dateModified\":\"2026-03-25T13:15:59+00:00\",\"mainEntityOfPage\":{\"@id\":\"https:\\\/\\\/mwc-cmm.org\\\/es\\\/stories\\\/autonomy-and-awakening\\\/\"},\"wordCount\":481,\"publisher\":{\"@id\":\"https:\\\/\\\/mwc-cmm.org\\\/en\\\/#organization\"},\"image\":{\"@id\":\"https:\\\/\\\/mwc-cmm.org\\\/es\\\/stories\\\/autonomy-and-awakening\\\/#primaryimage\"},\"thumbnailUrl\":\"https:\\\/\\\/mwc-cmm.org\\\/wp-content\\\/uploads\\\/2015\\\/07\\\/Worship-GYS-Mennonite-World-Conference23-scaled.jpg\",\"keywords\":[\"\u201cDespertar\u201d\",\"24 July\",\"Asamblea\",\"assembly\",\"communion\",\"Day 4\",\"Europa\",\"Friday\",\"Meetinghouse\",\"Nohemy Ruth Garc\u00eda\",\"PA2015\",\"PA2015 worship services\",\"Tim Huber\",\"tomigrate\",\"walking in autonomy and community\",\"Wieteke van der Molen\"],\"articleSection\":[\"tomigrate\"],\"inLanguage\":\"es\"},{\"@type\":\"WebPage\",\"@id\":\"https:\\\/\\\/mwc-cmm.org\\\/es\\\/stories\\\/autonomy-and-awakening\\\/\",\"url\":\"https:\\\/\\\/mwc-cmm.org\\\/es\\\/stories\\\/autonomy-and-awakening\\\/\",\"name\":\"La autonom\u00eda, y un despertar - Mennonite World Conference\",\"isPartOf\":{\"@id\":\"https:\\\/\\\/mwc-cmm.org\\\/en\\\/#website\"},\"primaryImageOfPage\":{\"@id\":\"https:\\\/\\\/mwc-cmm.org\\\/es\\\/stories\\\/autonomy-and-awakening\\\/#primaryimage\"},\"image\":{\"@id\":\"https:\\\/\\\/mwc-cmm.org\\\/es\\\/stories\\\/autonomy-and-awakening\\\/#primaryimage\"},\"thumbnailUrl\":\"https:\\\/\\\/mwc-cmm.org\\\/wp-content\\\/uploads\\\/2015\\\/07\\\/Worship-GYS-Mennonite-World-Conference23-scaled.jpg\",\"datePublished\":\"2015-07-25T11:45:36+00:00\",\"dateModified\":\"2026-03-25T13:15:59+00:00\",\"breadcrumb\":{\"@id\":\"https:\\\/\\\/mwc-cmm.org\\\/es\\\/stories\\\/autonomy-and-awakening\\\/#breadcrumb\"},\"inLanguage\":\"es\",\"potentialAction\":[{\"@type\":\"ReadAction\",\"target\":[\"https:\\\/\\\/mwc-cmm.org\\\/es\\\/stories\\\/autonomy-and-awakening\\\/\"]}]},{\"@type\":\"ImageObject\",\"inLanguage\":\"es\",\"@id\":\"https:\\\/\\\/mwc-cmm.org\\\/es\\\/stories\\\/autonomy-and-awakening\\\/#primaryimage\",\"url\":\"https:\\\/\\\/mwc-cmm.org\\\/wp-content\\\/uploads\\\/2015\\\/07\\\/Worship-GYS-Mennonite-World-Conference23-scaled.jpg\",\"contentUrl\":\"https:\\\/\\\/mwc-cmm.org\\\/wp-content\\\/uploads\\\/2015\\\/07\\\/Worship-GYS-Mennonite-World-Conference23-scaled.jpg\",\"width\":2560,\"height\":1707},{\"@type\":\"BreadcrumbList\",\"@id\":\"https:\\\/\\\/mwc-cmm.org\\\/es\\\/stories\\\/autonomy-and-awakening\\\/#breadcrumb\",\"itemListElement\":[{\"@type\":\"ListItem\",\"position\":1,\"name\":\"Home\",\"item\":\"https:\\\/\\\/mwc-cmm.org\\\/es\\\/\"},{\"@type\":\"ListItem\",\"position\":2,\"name\":\"La autonom\u00eda, y un despertar\"}]},{\"@type\":\"WebSite\",\"@id\":\"https:\\\/\\\/mwc-cmm.org\\\/en\\\/#website\",\"url\":\"https:\\\/\\\/mwc-cmm.org\\\/en\\\/\",\"name\":\"Mennonite World Conference\",\"description\":\"A communion of Anabaptist-related churches\",\"publisher\":{\"@id\":\"https:\\\/\\\/mwc-cmm.org\\\/en\\\/#organization\"},\"alternateName\":\"MWC\",\"potentialAction\":[{\"@type\":\"SearchAction\",\"target\":{\"@type\":\"EntryPoint\",\"urlTemplate\":\"https:\\\/\\\/mwc-cmm.org\\\/en\\\/?s={search_term_string}\"},\"query-input\":{\"@type\":\"PropertyValueSpecification\",\"valueRequired\":true,\"valueName\":\"search_term_string\"}}],\"inLanguage\":\"es\"},{\"@type\":\"Organization\",\"@id\":\"https:\\\/\\\/mwc-cmm.org\\\/en\\\/#organization\",\"name\":\"Mennonite World Conference\",\"alternateName\":\"MWC\",\"url\":\"https:\\\/\\\/mwc-cmm.org\\\/en\\\/\",\"logo\":{\"@type\":\"ImageObject\",\"inLanguage\":\"es\",\"@id\":\"https:\\\/\\\/mwc-cmm.org\\\/en\\\/#\\\/schema\\\/logo\\\/image\\\/\",\"url\":\"https:\\\/\\\/mwc-cmm.org\\\/wp-content\\\/uploads\\\/2026\\\/01\\\/MWC_Sig_Blue_Horiz_webheader1-logo.svg\",\"contentUrl\":\"https:\\\/\\\/mwc-cmm.org\\\/wp-content\\\/uploads\\\/2026\\\/01\\\/MWC_Sig_Blue_Horiz_webheader1-logo.svg\",\"width\":786,\"height\":82,\"caption\":\"Mennonite World Conference\"},\"image\":{\"@id\":\"https:\\\/\\\/mwc-cmm.org\\\/en\\\/#\\\/schema\\\/logo\\\/image\\\/\"},\"sameAs\":[\"https:\\\/\\\/www.facebook.com\\\/MennoniteWorldConference\",\"https:\\\/\\\/www.linkedin.com\\\/company\\\/mennonite-world-conference-mwc\\\/\",\"https:\\\/\\\/www.instagram.com\\\/mwcmm\\\/\",\"https:\\\/\\\/www.youtube.com\\\/user\\\/mwccmm\",\"https:\\\/\\\/bsky.app\\\/profile\\\/mwcmm.bsky.social\"]},{\"@type\":\"Person\",\"@id\":\"https:\\\/\\\/mwc-cmm.org\\\/en\\\/#\\\/schema\\\/person\\\/11f6ae0d7d1868ba20a1cc27f067c836\",\"name\":\"mennworldcon\",\"image\":{\"@type\":\"ImageObject\",\"inLanguage\":\"es\",\"@id\":\"https:\\\/\\\/secure.gravatar.com\\\/avatar\\\/06fdc0dc81c157dfdb82ec42f252178a22307808988d22c043f9eb96f1e0fe80?s=96&d=mm&r=g\",\"url\":\"https:\\\/\\\/secure.gravatar.com\\\/avatar\\\/06fdc0dc81c157dfdb82ec42f252178a22307808988d22c043f9eb96f1e0fe80?s=96&d=mm&r=g\",\"contentUrl\":\"https:\\\/\\\/secure.gravatar.com\\\/avatar\\\/06fdc0dc81c157dfdb82ec42f252178a22307808988d22c043f9eb96f1e0fe80?s=96&d=mm&r=g\",\"caption\":\"mennworldcon\"},\"sameAs\":[\"https:\\\/\\\/mwc-cmm.org\"],\"url\":\"https:\\\/\\\/mwc-cmm.org\\\/es\\\/stories\\\/author\\\/mennworldcon\\\/\"}]}<\/script>\n<!-- \/ Yoast SEO plugin. -->","yoast_head_json":{"title":"La autonom\u00eda, y un despertar - Mennonite World Conference","robots":{"index":"index","follow":"follow","max-snippet":"max-snippet:-1","max-image-preview":"max-image-preview:large","max-video-preview":"max-video-preview:-1"},"canonical":"https:\/\/mwc-cmm.org\/es\/stories\/autonomy-and-awakening\/","og_locale":"es_ES","og_type":"article","og_title":"La autonom\u00eda, y un despertar - Mennonite World Conference","og_description":"La Asamblea hace un llamado a luchar entre la independencia y la comunidad Por Tim Huber HARRISBURG, Pensilvania, EE.UU. \u2013 Cada persona nunca est\u00e1 sola. Debe vivir en comunidad. Sin embargo, cada una tambi\u00e9n tiene ansias por ser independiente y aut\u00f3noma. La pastora menonita holandesa y anfitriona de un centro de retiro, Wieteke van der [&hellip;]","og_url":"https:\/\/mwc-cmm.org\/es\/stories\/autonomy-and-awakening\/","og_site_name":"Mennonite World Conference","article_publisher":"https:\/\/www.facebook.com\/MennoniteWorldConference","article_published_time":"2015-07-25T11:45:36+00:00","article_modified_time":"2026-03-25T13:15:59+00:00","og_image":[{"width":2560,"height":1707,"url":"https:\/\/mwc-cmm.org\/wp-content\/uploads\/2015\/07\/Worship-GYS-Mennonite-World-Conference23-scaled.jpg","type":"image\/jpeg"}],"author":"mennworldcon","schema":{"@context":"https:\/\/schema.org","@graph":[{"@type":"Article","@id":"https:\/\/mwc-cmm.org\/es\/stories\/autonomy-and-awakening\/#article","isPartOf":{"@id":"https:\/\/mwc-cmm.org\/es\/stories\/autonomy-and-awakening\/"},"author":{"name":"mennworldcon","@id":"https:\/\/mwc-cmm.org\/en\/#\/schema\/person\/11f6ae0d7d1868ba20a1cc27f067c836"},"headline":"La autonom\u00eda, y un despertar","datePublished":"2015-07-25T11:45:36+00:00","dateModified":"2026-03-25T13:15:59+00:00","mainEntityOfPage":{"@id":"https:\/\/mwc-cmm.org\/es\/stories\/autonomy-and-awakening\/"},"wordCount":481,"publisher":{"@id":"https:\/\/mwc-cmm.org\/en\/#organization"},"image":{"@id":"https:\/\/mwc-cmm.org\/es\/stories\/autonomy-and-awakening\/#primaryimage"},"thumbnailUrl":"https:\/\/mwc-cmm.org\/wp-content\/uploads\/2015\/07\/Worship-GYS-Mennonite-World-Conference23-scaled.jpg","keywords":["\u201cDespertar\u201d","24 July","Asamblea","assembly","communion","Day 4","Europa","Friday","Meetinghouse","Nohemy Ruth Garc\u00eda","PA2015","PA2015 worship services","Tim Huber","tomigrate","walking in autonomy and community","Wieteke van der Molen"],"articleSection":["tomigrate"],"inLanguage":"es"},{"@type":"WebPage","@id":"https:\/\/mwc-cmm.org\/es\/stories\/autonomy-and-awakening\/","url":"https:\/\/mwc-cmm.org\/es\/stories\/autonomy-and-awakening\/","name":"La autonom\u00eda, y un despertar - Mennonite World Conference","isPartOf":{"@id":"https:\/\/mwc-cmm.org\/en\/#website"},"primaryImageOfPage":{"@id":"https:\/\/mwc-cmm.org\/es\/stories\/autonomy-and-awakening\/#primaryimage"},"image":{"@id":"https:\/\/mwc-cmm.org\/es\/stories\/autonomy-and-awakening\/#primaryimage"},"thumbnailUrl":"https:\/\/mwc-cmm.org\/wp-content\/uploads\/2015\/07\/Worship-GYS-Mennonite-World-Conference23-scaled.jpg","datePublished":"2015-07-25T11:45:36+00:00","dateModified":"2026-03-25T13:15:59+00:00","breadcrumb":{"@id":"https:\/\/mwc-cmm.org\/es\/stories\/autonomy-and-awakening\/#breadcrumb"},"inLanguage":"es","potentialAction":[{"@type":"ReadAction","target":["https:\/\/mwc-cmm.org\/es\/stories\/autonomy-and-awakening\/"]}]},{"@type":"ImageObject","inLanguage":"es","@id":"https:\/\/mwc-cmm.org\/es\/stories\/autonomy-and-awakening\/#primaryimage","url":"https:\/\/mwc-cmm.org\/wp-content\/uploads\/2015\/07\/Worship-GYS-Mennonite-World-Conference23-scaled.jpg","contentUrl":"https:\/\/mwc-cmm.org\/wp-content\/uploads\/2015\/07\/Worship-GYS-Mennonite-World-Conference23-scaled.jpg","width":2560,"height":1707},{"@type":"BreadcrumbList","@id":"https:\/\/mwc-cmm.org\/es\/stories\/autonomy-and-awakening\/#breadcrumb","itemListElement":[{"@type":"ListItem","position":1,"name":"Home","item":"https:\/\/mwc-cmm.org\/es\/"},{"@type":"ListItem","position":2,"name":"La autonom\u00eda, y un despertar"}]},{"@type":"WebSite","@id":"https:\/\/mwc-cmm.org\/en\/#website","url":"https:\/\/mwc-cmm.org\/en\/","name":"Mennonite World Conference","description":"A communion of Anabaptist-related churches","publisher":{"@id":"https:\/\/mwc-cmm.org\/en\/#organization"},"alternateName":"MWC","potentialAction":[{"@type":"SearchAction","target":{"@type":"EntryPoint","urlTemplate":"https:\/\/mwc-cmm.org\/en\/?s={search_term_string}"},"query-input":{"@type":"PropertyValueSpecification","valueRequired":true,"valueName":"search_term_string"}}],"inLanguage":"es"},{"@type":"Organization","@id":"https:\/\/mwc-cmm.org\/en\/#organization","name":"Mennonite World Conference","alternateName":"MWC","url":"https:\/\/mwc-cmm.org\/en\/","logo":{"@type":"ImageObject","inLanguage":"es","@id":"https:\/\/mwc-cmm.org\/en\/#\/schema\/logo\/image\/","url":"https:\/\/mwc-cmm.org\/wp-content\/uploads\/2026\/01\/MWC_Sig_Blue_Horiz_webheader1-logo.svg","contentUrl":"https:\/\/mwc-cmm.org\/wp-content\/uploads\/2026\/01\/MWC_Sig_Blue_Horiz_webheader1-logo.svg","width":786,"height":82,"caption":"Mennonite World Conference"},"image":{"@id":"https:\/\/mwc-cmm.org\/en\/#\/schema\/logo\/image\/"},"sameAs":["https:\/\/www.facebook.com\/MennoniteWorldConference","https:\/\/www.linkedin.com\/company\/mennonite-world-conference-mwc\/","https:\/\/www.instagram.com\/mwcmm\/","https:\/\/www.youtube.com\/user\/mwccmm","https:\/\/bsky.app\/profile\/mwcmm.bsky.social"]},{"@type":"Person","@id":"https:\/\/mwc-cmm.org\/en\/#\/schema\/person\/11f6ae0d7d1868ba20a1cc27f067c836","name":"mennworldcon","image":{"@type":"ImageObject","inLanguage":"es","@id":"https:\/\/secure.gravatar.com\/avatar\/06fdc0dc81c157dfdb82ec42f252178a22307808988d22c043f9eb96f1e0fe80?s=96&d=mm&r=g","url":"https:\/\/secure.gravatar.com\/avatar\/06fdc0dc81c157dfdb82ec42f252178a22307808988d22c043f9eb96f1e0fe80?s=96&d=mm&r=g","contentUrl":"https:\/\/secure.gravatar.com\/avatar\/06fdc0dc81c157dfdb82ec42f252178a22307808988d22c043f9eb96f1e0fe80?s=96&d=mm&r=g","caption":"mennworldcon"},"sameAs":["https:\/\/mwc-cmm.org"],"url":"https:\/\/mwc-cmm.org\/es\/stories\/author\/mennworldcon\/"}]}},"_links":{"self":[{"href":"https:\/\/mwc-cmm.org\/es\/wp-json\/wp\/v2\/posts\/126191","targetHints":{"allow":["GET"]}}],"collection":[{"href":"https:\/\/mwc-cmm.org\/es\/wp-json\/wp\/v2\/posts"}],"about":[{"href":"https:\/\/mwc-cmm.org\/es\/wp-json\/wp\/v2\/types\/post"}],"author":[{"embeddable":true,"href":"https:\/\/mwc-cmm.org\/es\/wp-json\/wp\/v2\/users\/1"}],"replies":[{"embeddable":true,"href":"https:\/\/mwc-cmm.org\/es\/wp-json\/wp\/v2\/comments?post=126191"}],"version-history":[{"count":0,"href":"https:\/\/mwc-cmm.org\/es\/wp-json\/wp\/v2\/posts\/126191\/revisions"}],"wp:featuredmedia":[{"embeddable":true,"href":"https:\/\/mwc-cmm.org\/es\/wp-json\/wp\/v2\/media\/126186"}],"wp:attachment":[{"href":"https:\/\/mwc-cmm.org\/es\/wp-json\/wp\/v2\/media?parent=126191"}],"wp:term":[{"taxonomy":"category","embeddable":true,"href":"https:\/\/mwc-cmm.org\/es\/wp-json\/wp\/v2\/categories?post=126191"},{"taxonomy":"post_tag","embeddable":true,"href":"https:\/\/mwc-cmm.org\/es\/wp-json\/wp\/v2\/tags?post=126191"},{"taxonomy":"network","embeddable":true,"href":"https:\/\/mwc-cmm.org\/es\/wp-json\/wp\/v2\/network?post=126191"},{"taxonomy":"eventcategory","embeddable":true,"href":"https:\/\/mwc-cmm.org\/es\/wp-json\/wp\/v2\/eventcategory?post=126191"}],"curies":[{"name":"wp","href":"https:\/\/api.w.org\/{rel}","templated":true}]}}