{"id":126154,"date":"2015-07-25T21:09:52","date_gmt":"2015-07-25T21:09:52","guid":{"rendered":"https:\/\/mwc-cmm.org\/stories\/an-interdependent-and-communal-nature\/"},"modified":"2026-03-25T13:15:16","modified_gmt":"2026-03-25T13:15:16","slug":"an-interdependent-and-communal-nature","status":"publish","type":"post","link":"https:\/\/mwc-cmm.org\/es\/stories\/an-interdependent-and-communal-nature\/","title":{"rendered":"Una naturaleza comunitaria e interdependiente."},"content":{"rendered":"\n<h3 class=\"wp-block-heading\">Encuentro inaugural de mujeres te\u00f3logas de la Am\u00e9rica del Norte<\/h3>\n\n\n\n<p>Por Harriet Sider Bicksler<\/p>\n\n\n\n<figure class=\"wp-block-image alignright size-medium\"><img decoding=\"async\" width=\"200\" height=\"300\" data-src=\"https:\/\/mwc-cmm.org\/wp-content\/uploads\/2026\/03\/NAwomentheologians-200x300.jpg\" alt=\"\" class=\"wp-image-126150 lazyload\" data-srcset=\"https:\/\/mwc-cmm.org\/wp-content\/uploads\/2026\/03\/NAwomentheologians-200x300.jpg 200w, https:\/\/mwc-cmm.org\/wp-content\/uploads\/2026\/03\/NAwomentheologians.jpg 512w\" data-sizes=\"(max-width: 200px) 100vw, 200px\" src=\"data:image\/svg+xml;base64,PHN2ZyB3aWR0aD0iMSIgaGVpZ2h0PSIxIiB4bWxucz0iaHR0cDovL3d3dy53My5vcmcvMjAwMC9zdmciPjwvc3ZnPg==\" style=\"--smush-placeholder-width: 200px; --smush-placeholder-aspect-ratio: 200\/300;\" \/><\/figure>\n\n\n\n<p>Siguiendo el ejemplo de las hermanas africanas y latinoamericanas, quienes han desarrollado un trabajo de conexi\u00f3n entre mujeres te\u00f3logas, alrededor de 50 mujeres norteamericanas se reunieron por primera vez el 22 de julio en el Complejo de Exposici\u00f3n Agr\u00edcola en Harrisburg, Pensilvania<strong>.<\/strong><\/p>\n\n\n\n<p>El encuentro fue organizado por Elizabeth Soto, quien fuera moderadora de la Iglesia Menonita de EE.UU, y quien tambi\u00e9n forma parte de las mujeres te\u00f3logas de la Am\u00e9rica Latina. Linda Peachy y Michele Armster tambi\u00e9n de la Iglesia Menonita de EE.UU junto con Mary Anne Isaak quien es pastora de la Iglesia Hermanos Menonitas River East de Winnipeg, Canad\u00e1, dirigieron el encuentro.<\/p>\n\n\n\n<p>Las diferentes mujeres que participaron del encuentro, se presentaron unas a otras. Algunas de la razones por las que este encuentro tuvo lugar fueron: la importancia de la voz colectiva, escuchar lo que otras mujeres est\u00e1n pensando, descubrir una comunidad santa, la convicci\u00f3n de que la teolog\u00eda no est\u00e1 completa si carece de las voces de las mujeres y el deseo de ellas conectarse unas con otras.<\/p>\n\n\n\n<p>Audrey Kanagy quien es pastora en Lancaster, Pensilvania, present\u00f3 un proyecto de arte e invit\u00f3 a todas las mujeres a participar en cualquier momento durante la Asamblea.<\/p>\n\n\n\n<p>El nombre del collage barnizado es \u201cMujeres en conversaci\u00f3n\u201d y tiene una naturaleza comunitaria e interdependiente segun Kanagy. Es un proyecto que da la bienvenida a todo el que quiera contribuir durante el proceso, donde no existe una sola respuesta correcta y en donde el producto final no es lo m\u00e1s importante.<\/p>\n\n\n\n<figure class=\"wp-block-image alignleft size-medium\"><img decoding=\"async\" width=\"300\" height=\"254\" data-src=\"https:\/\/mwc-cmm.org\/wp-content\/uploads\/2026\/03\/nawomenphoto1-300x254.jpg\" alt=\"Audrey Kanagy displays three completed \u201cWomen in Conversation\u201d decoupage paintings while explaining the project. Looking on are Nancy Heisey and Elie Soto. PHOTO CREDIT: Harriet Bicksler\" class=\"wp-image-126136 lazyload\" data-srcset=\"https:\/\/mwc-cmm.org\/wp-content\/uploads\/2026\/03\/nawomenphoto1-300x254.jpg 300w, https:\/\/mwc-cmm.org\/wp-content\/uploads\/2026\/03\/nawomenphoto1-1024x866.jpg 1024w, https:\/\/mwc-cmm.org\/wp-content\/uploads\/2026\/03\/nawomenphoto1-768x649.jpg 768w, https:\/\/mwc-cmm.org\/wp-content\/uploads\/2026\/03\/nawomenphoto1-1536x1299.jpg 1536w, https:\/\/mwc-cmm.org\/wp-content\/uploads\/2026\/03\/nawomenphoto1-2048x1731.jpg 2048w\" data-sizes=\"(max-width: 300px) 100vw, 300px\" src=\"data:image\/svg+xml;base64,PHN2ZyB3aWR0aD0iMSIgaGVpZ2h0PSIxIiB4bWxucz0iaHR0cDovL3d3dy53My5vcmcvMjAwMC9zdmciPjwvc3ZnPg==\" style=\"--smush-placeholder-width: 300px; --smush-placeholder-aspect-ratio: 300\/254;\" \/><figcaption class=\"wp-element-caption\">Audrey Kanagy presenta tres obras de arte \u201cMujeres en Conversaci\u00f3n\u201d mientras explica el proyecto. Las que miran son Nancy Heisey y Elizabeth Soto. CREDITO POR FOTOGRAFIA: Harriet Sider Bicksler<\/figcaption><\/figure>\n\n\n\n<p>Las mujeres formaron grupos peque\u00f1os para dialogar acerca de distintos temas como: comprensi\u00f3n b\u00edblica, el compromiso con los j\u00f3venes, la iglesia global y la mujer en el liderazgo.<\/p>\n\n\n\n<p>Preparando un futuro encuentro con otras mujeres te\u00f3logas de otros continentes, las participantes dieron ideas de cuales podr\u00edan ser las actividades de dicho encuentro con la red global de mujeres. Tambi\u00e9n pensaron en cosas que el Congreso Mundial Menonita pudiera ofrecer o requerir para el encuentro.<\/p>\n\n\n\n<p>El encuentro de la Red Global es el 24 de julio a las 13:30-17:00 en H-2 Delaware Room.<\/p>\n\n\n\n<p><em>Harriet Sider Bicksler es escritora y editora ya retirada. Ella continua sirviendo como editora para la Sociedad Hist\u00f3rica de los Hermanos en Cristo en Harrisburg.<\/em><\/p>\n","protected":false},"excerpt":{"rendered":"<p>Encuentro inaugural de mujeres te\u00f3logas de la Am\u00e9rica del Norte Por Harriet Sider Bicksler Siguiendo el ejemplo de las hermanas africanas y latinoamericanas, quienes han desarrollado un trabajo de conexi\u00f3n entre mujeres te\u00f3logas, alrededor de 50 mujeres norteamericanas se reunieron por primera vez el 22 de julio en el Complejo de Exposici\u00f3n Agr\u00edcola en Harrisburg, [&hellip;]<\/p>\n","protected":false},"author":1,"featured_media":126136,"comment_status":"closed","ping_status":"closed","sticky":false,"template":"","format":"standard","meta":{"_acf_changed":false,"footnotes":""},"categories":[1896],"tags":[499,1154,1698,2099,2100,2101,2107,1907,2102,2103,2104,2105,2108,2106,1053,1899,1909,1577,1912],"network":[],"eventcategory":[299],"class_list":["post-126154","post","type-post","status-publish","format-standard","has-post-thumbnail","hentry","category-tomigrate","tag-asamblea","tag-assembly-es","tag-assembly","tag-audrey-kanagy","tag-decoupage","tag-elie-soto","tag-global-womens-network-2","tag-global-womens-network","tag-harriet-sider-bicksler","tag-linda-gehman-peachy","tag-mary-anne-isaak","tag-michelle-armster","tag-norte-america","tag-north-america","tag-pa-2015-es","tag-pa2015","tag-pa2015-workshops","tag-tomigrate","tag-women-theologians","eventcategory-assembly"],"acf":[],"yoast_head":"<!-- This site is optimized with the Yoast SEO plugin v27.2 - https:\/\/yoast.com\/product\/yoast-seo-wordpress\/ -->\n<title>Una naturaleza comunitaria e interdependiente. - Mennonite World Conference<\/title>\n<meta name=\"robots\" content=\"index, follow, max-snippet:-1, max-image-preview:large, max-video-preview:-1\" \/>\n<link rel=\"canonical\" href=\"https:\/\/mwc-cmm.org\/es\/stories\/an-interdependent-and-communal-nature\/\" \/>\n<meta property=\"og:locale\" content=\"es_ES\" \/>\n<meta property=\"og:type\" content=\"article\" \/>\n<meta property=\"og:title\" content=\"Una naturaleza comunitaria e interdependiente. - Mennonite World Conference\" \/>\n<meta property=\"og:description\" content=\"Encuentro inaugural de mujeres te\u00f3logas de la Am\u00e9rica del Norte Por Harriet Sider Bicksler Siguiendo el ejemplo de las hermanas africanas y latinoamericanas, quienes han desarrollado un trabajo de conexi\u00f3n entre mujeres te\u00f3logas, alrededor de 50 mujeres norteamericanas se reunieron por primera vez el 22 de julio en el Complejo de Exposici\u00f3n Agr\u00edcola en Harrisburg, [&hellip;]\" \/>\n<meta property=\"og:url\" content=\"https:\/\/mwc-cmm.org\/es\/stories\/an-interdependent-and-communal-nature\/\" \/>\n<meta property=\"og:site_name\" content=\"Mennonite World Conference\" \/>\n<meta property=\"article:publisher\" content=\"https:\/\/www.facebook.com\/MennoniteWorldConference\" \/>\n<meta property=\"article:published_time\" content=\"2015-07-25T21:09:52+00:00\" \/>\n<meta property=\"article:modified_time\" content=\"2026-03-25T13:15:16+00:00\" \/>\n<meta property=\"og:image\" content=\"https:\/\/mwc-cmm.org\/wp-content\/uploads\/2026\/03\/NAwomentheologians.jpg\" \/>\n\t<meta property=\"og:image:width\" content=\"512\" \/>\n\t<meta property=\"og:image:height\" content=\"768\" \/>\n\t<meta property=\"og:image:type\" content=\"image\/jpeg\" \/>\n<meta name=\"author\" content=\"mennworldcon\" \/>\n<script type=\"application\/ld+json\" class=\"yoast-schema-graph\">{\"@context\":\"https:\/\/schema.org\",\"@graph\":[{\"@type\":\"Article\",\"@id\":\"https:\/\/mwc-cmm.org\/es\/stories\/an-interdependent-and-communal-nature\/#article\",\"isPartOf\":{\"@id\":\"https:\/\/mwc-cmm.org\/es\/stories\/an-interdependent-and-communal-nature\/\"},\"author\":{\"name\":\"mennworldcon\",\"@id\":\"https:\/\/mwc-cmm.org\/en\/#\/schema\/person\/11f6ae0d7d1868ba20a1cc27f067c836\"},\"headline\":\"Una naturaleza comunitaria e interdependiente.\",\"datePublished\":\"2015-07-25T21:09:52+00:00\",\"dateModified\":\"2026-03-25T13:15:16+00:00\",\"mainEntityOfPage\":{\"@id\":\"https:\/\/mwc-cmm.org\/es\/stories\/an-interdependent-and-communal-nature\/\"},\"wordCount\":438,\"publisher\":{\"@id\":\"https:\/\/mwc-cmm.org\/en\/#organization\"},\"image\":{\"@id\":\"https:\/\/mwc-cmm.org\/es\/stories\/an-interdependent-and-communal-nature\/#primaryimage\"},\"thumbnailUrl\":\"https:\/\/mwc-cmm.org\/wp-content\/uploads\/2026\/03\/nawomenphoto1.jpg\",\"keywords\":[\"Asamblea\",\"Asamblea\",\"assembly\",\"Audrey Kanagy\",\"decoupage\",\"Elie Soto\",\"Global Women's Network\",\"Global Women&#8217;s Network\",\"Harriet Sider Bicksler\",\"Linda Gehman Peachy\",\"Mary Anne Isaak\",\"Michelle Armster\",\"Norte Am\u00e9rica\",\"North America\",\"PA 2015\",\"PA2015\",\"PA2015 workshops\",\"tomigrate\",\"women theologians\"],\"articleSection\":[\"tomigrate\"],\"inLanguage\":\"es\"},{\"@type\":\"WebPage\",\"@id\":\"https:\/\/mwc-cmm.org\/es\/stories\/an-interdependent-and-communal-nature\/\",\"url\":\"https:\/\/mwc-cmm.org\/es\/stories\/an-interdependent-and-communal-nature\/\",\"name\":\"Una naturaleza comunitaria e interdependiente. - Mennonite World Conference\",\"isPartOf\":{\"@id\":\"https:\/\/mwc-cmm.org\/en\/#website\"},\"primaryImageOfPage\":{\"@id\":\"https:\/\/mwc-cmm.org\/es\/stories\/an-interdependent-and-communal-nature\/#primaryimage\"},\"image\":{\"@id\":\"https:\/\/mwc-cmm.org\/es\/stories\/an-interdependent-and-communal-nature\/#primaryimage\"},\"thumbnailUrl\":\"https:\/\/mwc-cmm.org\/wp-content\/uploads\/2026\/03\/nawomenphoto1.jpg\",\"datePublished\":\"2015-07-25T21:09:52+00:00\",\"dateModified\":\"2026-03-25T13:15:16+00:00\",\"breadcrumb\":{\"@id\":\"https:\/\/mwc-cmm.org\/es\/stories\/an-interdependent-and-communal-nature\/#breadcrumb\"},\"inLanguage\":\"es\",\"potentialAction\":[{\"@type\":\"ReadAction\",\"target\":[\"https:\/\/mwc-cmm.org\/es\/stories\/an-interdependent-and-communal-nature\/\"]}]},{\"@type\":\"ImageObject\",\"inLanguage\":\"es\",\"@id\":\"https:\/\/mwc-cmm.org\/es\/stories\/an-interdependent-and-communal-nature\/#primaryimage\",\"url\":\"https:\/\/mwc-cmm.org\/wp-content\/uploads\/2026\/03\/nawomenphoto1.jpg\",\"contentUrl\":\"https:\/\/mwc-cmm.org\/wp-content\/uploads\/2026\/03\/nawomenphoto1.jpg\",\"width\":2193,\"height\":1854,\"caption\":\"Audrey Kanagy displays three completed \u201cWomen in Conversation\u201d decoupage paintings while explaining the project. Looking on are Nancy Heisey and Elie Soto. PHOTO CREDIT: Harriet Bicksler\"},{\"@type\":\"BreadcrumbList\",\"@id\":\"https:\/\/mwc-cmm.org\/es\/stories\/an-interdependent-and-communal-nature\/#breadcrumb\",\"itemListElement\":[{\"@type\":\"ListItem\",\"position\":1,\"name\":\"Home\",\"item\":\"https:\/\/mwc-cmm.org\/es\/\"},{\"@type\":\"ListItem\",\"position\":2,\"name\":\"Una naturaleza comunitaria e interdependiente.\"}]},{\"@type\":\"WebSite\",\"@id\":\"https:\/\/mwc-cmm.org\/en\/#website\",\"url\":\"https:\/\/mwc-cmm.org\/en\/\",\"name\":\"Mennonite World Conference\",\"description\":\"A communion of Anabaptist-related churches\",\"publisher\":{\"@id\":\"https:\/\/mwc-cmm.org\/en\/#organization\"},\"alternateName\":\"MWC\",\"potentialAction\":[{\"@type\":\"SearchAction\",\"target\":{\"@type\":\"EntryPoint\",\"urlTemplate\":\"https:\/\/mwc-cmm.org\/en\/?s={search_term_string}\"},\"query-input\":{\"@type\":\"PropertyValueSpecification\",\"valueRequired\":true,\"valueName\":\"search_term_string\"}}],\"inLanguage\":\"es\"},{\"@type\":\"Organization\",\"@id\":\"https:\/\/mwc-cmm.org\/en\/#organization\",\"name\":\"Mennonite World Conference\",\"alternateName\":\"MWC\",\"url\":\"https:\/\/mwc-cmm.org\/en\/\",\"logo\":{\"@type\":\"ImageObject\",\"inLanguage\":\"es\",\"@id\":\"https:\/\/mwc-cmm.org\/en\/#\/schema\/logo\/image\/\",\"url\":\"https:\/\/mwc-cmm.org\/wp-content\/uploads\/2026\/01\/MWC_Sig_Blue_Horiz_webheader1-logo.svg\",\"contentUrl\":\"https:\/\/mwc-cmm.org\/wp-content\/uploads\/2026\/01\/MWC_Sig_Blue_Horiz_webheader1-logo.svg\",\"width\":786,\"height\":82,\"caption\":\"Mennonite World Conference\"},\"image\":{\"@id\":\"https:\/\/mwc-cmm.org\/en\/#\/schema\/logo\/image\/\"},\"sameAs\":[\"https:\/\/www.facebook.com\/MennoniteWorldConference\",\"https:\/\/www.linkedin.com\/company\/mennonite-world-conference-mwc\/\",\"https:\/\/www.instagram.com\/mwcmm\/\",\"https:\/\/www.youtube.com\/user\/mwccmm\",\"https:\/\/bsky.app\/profile\/mwcmm.bsky.social\"]},{\"@type\":\"Person\",\"@id\":\"https:\/\/mwc-cmm.org\/en\/#\/schema\/person\/11f6ae0d7d1868ba20a1cc27f067c836\",\"name\":\"mennworldcon\",\"image\":{\"@type\":\"ImageObject\",\"inLanguage\":\"es\",\"@id\":\"https:\/\/secure.gravatar.com\/avatar\/06fdc0dc81c157dfdb82ec42f252178a22307808988d22c043f9eb96f1e0fe80?s=96&d=mm&r=g\",\"url\":\"https:\/\/secure.gravatar.com\/avatar\/06fdc0dc81c157dfdb82ec42f252178a22307808988d22c043f9eb96f1e0fe80?s=96&d=mm&r=g\",\"contentUrl\":\"https:\/\/secure.gravatar.com\/avatar\/06fdc0dc81c157dfdb82ec42f252178a22307808988d22c043f9eb96f1e0fe80?s=96&d=mm&r=g\",\"caption\":\"mennworldcon\"},\"sameAs\":[\"https:\/\/mwc-cmm.org\"],\"url\":\"https:\/\/mwc-cmm.org\/es\/stories\/author\/mennworldcon\/\"}]}<\/script>\n<!-- \/ Yoast SEO plugin. -->","yoast_head_json":{"title":"Una naturaleza comunitaria e interdependiente. - Mennonite World Conference","robots":{"index":"index","follow":"follow","max-snippet":"max-snippet:-1","max-image-preview":"max-image-preview:large","max-video-preview":"max-video-preview:-1"},"canonical":"https:\/\/mwc-cmm.org\/es\/stories\/an-interdependent-and-communal-nature\/","og_locale":"es_ES","og_type":"article","og_title":"Una naturaleza comunitaria e interdependiente. - Mennonite World Conference","og_description":"Encuentro inaugural de mujeres te\u00f3logas de la Am\u00e9rica del Norte Por Harriet Sider Bicksler Siguiendo el ejemplo de las hermanas africanas y latinoamericanas, quienes han desarrollado un trabajo de conexi\u00f3n entre mujeres te\u00f3logas, alrededor de 50 mujeres norteamericanas se reunieron por primera vez el 22 de julio en el Complejo de Exposici\u00f3n Agr\u00edcola en Harrisburg, [&hellip;]","og_url":"https:\/\/mwc-cmm.org\/es\/stories\/an-interdependent-and-communal-nature\/","og_site_name":"Mennonite World Conference","article_publisher":"https:\/\/www.facebook.com\/MennoniteWorldConference","article_published_time":"2015-07-25T21:09:52+00:00","article_modified_time":"2026-03-25T13:15:16+00:00","og_image":[{"width":512,"height":768,"url":"https:\/\/mwc-cmm.org\/wp-content\/uploads\/2026\/03\/NAwomentheologians.jpg","type":"image\/jpeg"}],"author":"mennworldcon","schema":{"@context":"https:\/\/schema.org","@graph":[{"@type":"Article","@id":"https:\/\/mwc-cmm.org\/es\/stories\/an-interdependent-and-communal-nature\/#article","isPartOf":{"@id":"https:\/\/mwc-cmm.org\/es\/stories\/an-interdependent-and-communal-nature\/"},"author":{"name":"mennworldcon","@id":"https:\/\/mwc-cmm.org\/en\/#\/schema\/person\/11f6ae0d7d1868ba20a1cc27f067c836"},"headline":"Una naturaleza comunitaria e interdependiente.","datePublished":"2015-07-25T21:09:52+00:00","dateModified":"2026-03-25T13:15:16+00:00","mainEntityOfPage":{"@id":"https:\/\/mwc-cmm.org\/es\/stories\/an-interdependent-and-communal-nature\/"},"wordCount":438,"publisher":{"@id":"https:\/\/mwc-cmm.org\/en\/#organization"},"image":{"@id":"https:\/\/mwc-cmm.org\/es\/stories\/an-interdependent-and-communal-nature\/#primaryimage"},"thumbnailUrl":"https:\/\/mwc-cmm.org\/wp-content\/uploads\/2026\/03\/nawomenphoto1.jpg","keywords":["Asamblea","Asamblea","assembly","Audrey Kanagy","decoupage","Elie Soto","Global Women's Network","Global Women&#8217;s Network","Harriet Sider Bicksler","Linda Gehman Peachy","Mary Anne Isaak","Michelle Armster","Norte Am\u00e9rica","North America","PA 2015","PA2015","PA2015 workshops","tomigrate","women theologians"],"articleSection":["tomigrate"],"inLanguage":"es"},{"@type":"WebPage","@id":"https:\/\/mwc-cmm.org\/es\/stories\/an-interdependent-and-communal-nature\/","url":"https:\/\/mwc-cmm.org\/es\/stories\/an-interdependent-and-communal-nature\/","name":"Una naturaleza comunitaria e interdependiente. - Mennonite World Conference","isPartOf":{"@id":"https:\/\/mwc-cmm.org\/en\/#website"},"primaryImageOfPage":{"@id":"https:\/\/mwc-cmm.org\/es\/stories\/an-interdependent-and-communal-nature\/#primaryimage"},"image":{"@id":"https:\/\/mwc-cmm.org\/es\/stories\/an-interdependent-and-communal-nature\/#primaryimage"},"thumbnailUrl":"https:\/\/mwc-cmm.org\/wp-content\/uploads\/2026\/03\/nawomenphoto1.jpg","datePublished":"2015-07-25T21:09:52+00:00","dateModified":"2026-03-25T13:15:16+00:00","breadcrumb":{"@id":"https:\/\/mwc-cmm.org\/es\/stories\/an-interdependent-and-communal-nature\/#breadcrumb"},"inLanguage":"es","potentialAction":[{"@type":"ReadAction","target":["https:\/\/mwc-cmm.org\/es\/stories\/an-interdependent-and-communal-nature\/"]}]},{"@type":"ImageObject","inLanguage":"es","@id":"https:\/\/mwc-cmm.org\/es\/stories\/an-interdependent-and-communal-nature\/#primaryimage","url":"https:\/\/mwc-cmm.org\/wp-content\/uploads\/2026\/03\/nawomenphoto1.jpg","contentUrl":"https:\/\/mwc-cmm.org\/wp-content\/uploads\/2026\/03\/nawomenphoto1.jpg","width":2193,"height":1854,"caption":"Audrey Kanagy displays three completed \u201cWomen in Conversation\u201d decoupage paintings while explaining the project. Looking on are Nancy Heisey and Elie Soto. PHOTO CREDIT: Harriet Bicksler"},{"@type":"BreadcrumbList","@id":"https:\/\/mwc-cmm.org\/es\/stories\/an-interdependent-and-communal-nature\/#breadcrumb","itemListElement":[{"@type":"ListItem","position":1,"name":"Home","item":"https:\/\/mwc-cmm.org\/es\/"},{"@type":"ListItem","position":2,"name":"Una naturaleza comunitaria e interdependiente."}]},{"@type":"WebSite","@id":"https:\/\/mwc-cmm.org\/en\/#website","url":"https:\/\/mwc-cmm.org\/en\/","name":"Mennonite World Conference","description":"A communion of Anabaptist-related churches","publisher":{"@id":"https:\/\/mwc-cmm.org\/en\/#organization"},"alternateName":"MWC","potentialAction":[{"@type":"SearchAction","target":{"@type":"EntryPoint","urlTemplate":"https:\/\/mwc-cmm.org\/en\/?s={search_term_string}"},"query-input":{"@type":"PropertyValueSpecification","valueRequired":true,"valueName":"search_term_string"}}],"inLanguage":"es"},{"@type":"Organization","@id":"https:\/\/mwc-cmm.org\/en\/#organization","name":"Mennonite World Conference","alternateName":"MWC","url":"https:\/\/mwc-cmm.org\/en\/","logo":{"@type":"ImageObject","inLanguage":"es","@id":"https:\/\/mwc-cmm.org\/en\/#\/schema\/logo\/image\/","url":"https:\/\/mwc-cmm.org\/wp-content\/uploads\/2026\/01\/MWC_Sig_Blue_Horiz_webheader1-logo.svg","contentUrl":"https:\/\/mwc-cmm.org\/wp-content\/uploads\/2026\/01\/MWC_Sig_Blue_Horiz_webheader1-logo.svg","width":786,"height":82,"caption":"Mennonite World Conference"},"image":{"@id":"https:\/\/mwc-cmm.org\/en\/#\/schema\/logo\/image\/"},"sameAs":["https:\/\/www.facebook.com\/MennoniteWorldConference","https:\/\/www.linkedin.com\/company\/mennonite-world-conference-mwc\/","https:\/\/www.instagram.com\/mwcmm\/","https:\/\/www.youtube.com\/user\/mwccmm","https:\/\/bsky.app\/profile\/mwcmm.bsky.social"]},{"@type":"Person","@id":"https:\/\/mwc-cmm.org\/en\/#\/schema\/person\/11f6ae0d7d1868ba20a1cc27f067c836","name":"mennworldcon","image":{"@type":"ImageObject","inLanguage":"es","@id":"https:\/\/secure.gravatar.com\/avatar\/06fdc0dc81c157dfdb82ec42f252178a22307808988d22c043f9eb96f1e0fe80?s=96&d=mm&r=g","url":"https:\/\/secure.gravatar.com\/avatar\/06fdc0dc81c157dfdb82ec42f252178a22307808988d22c043f9eb96f1e0fe80?s=96&d=mm&r=g","contentUrl":"https:\/\/secure.gravatar.com\/avatar\/06fdc0dc81c157dfdb82ec42f252178a22307808988d22c043f9eb96f1e0fe80?s=96&d=mm&r=g","caption":"mennworldcon"},"sameAs":["https:\/\/mwc-cmm.org"],"url":"https:\/\/mwc-cmm.org\/es\/stories\/author\/mennworldcon\/"}]}},"_links":{"self":[{"href":"https:\/\/mwc-cmm.org\/es\/wp-json\/wp\/v2\/posts\/126154","targetHints":{"allow":["GET"]}}],"collection":[{"href":"https:\/\/mwc-cmm.org\/es\/wp-json\/wp\/v2\/posts"}],"about":[{"href":"https:\/\/mwc-cmm.org\/es\/wp-json\/wp\/v2\/types\/post"}],"author":[{"embeddable":true,"href":"https:\/\/mwc-cmm.org\/es\/wp-json\/wp\/v2\/users\/1"}],"replies":[{"embeddable":true,"href":"https:\/\/mwc-cmm.org\/es\/wp-json\/wp\/v2\/comments?post=126154"}],"version-history":[{"count":0,"href":"https:\/\/mwc-cmm.org\/es\/wp-json\/wp\/v2\/posts\/126154\/revisions"}],"wp:featuredmedia":[{"embeddable":true,"href":"https:\/\/mwc-cmm.org\/es\/wp-json\/wp\/v2\/media\/126136"}],"wp:attachment":[{"href":"https:\/\/mwc-cmm.org\/es\/wp-json\/wp\/v2\/media?parent=126154"}],"wp:term":[{"taxonomy":"category","embeddable":true,"href":"https:\/\/mwc-cmm.org\/es\/wp-json\/wp\/v2\/categories?post=126154"},{"taxonomy":"post_tag","embeddable":true,"href":"https:\/\/mwc-cmm.org\/es\/wp-json\/wp\/v2\/tags?post=126154"},{"taxonomy":"network","embeddable":true,"href":"https:\/\/mwc-cmm.org\/es\/wp-json\/wp\/v2\/network?post=126154"},{"taxonomy":"eventcategory","embeddable":true,"href":"https:\/\/mwc-cmm.org\/es\/wp-json\/wp\/v2\/eventcategory?post=126154"}],"curies":[{"name":"wp","href":"https:\/\/api.w.org\/{rel}","templated":true}]}}