{"id":125979,"date":"2015-08-08T10:45:20","date_gmt":"2015-08-08T10:45:20","guid":{"rendered":"https:\/\/mwc-cmm.org\/stories\/part-of-a-bigger-family\/"},"modified":"2026-03-25T13:15:15","modified_gmt":"2026-03-25T13:15:15","slug":"part-of-a-bigger-family","status":"publish","type":"post","link":"https:\/\/mwc-cmm.org\/es\/stories\/part-of-a-bigger-family\/","title":{"rendered":"Parte de una familia m\u00e1s grande"},"content":{"rendered":"\n<p><em>Programa de j\u00f3venes fomenta interacciones llenas de confianza<\/em><\/p>\n\n\n\n<p>Por Laura Kraybill<\/p>\n\n\n\n<p>\u201cPero el Se\u00f1or me dijo, \u2018No digas \u201csoy demasiado joven,\u201d\u2019 proclam\u00f3 un coro de j\u00f3venes voces el 24 de julio de 2015 en el programa de j\u00f3venes del CMM para PA 2015.<\/p>\n\n\n\n<figure class=\"wp-block-image alignright size-medium\"><img decoding=\"async\" width=\"300\" height=\"225\" data-src=\"https:\/\/mwc-cmm.org\/wp-content\/uploads\/2026\/03\/ythprgrm-1-300x225.jpg\" alt=\"Andrew Kipfer, USA, does a trust fall with a group of youth at PA 2015.\nPHOTO CREDIT: Laura Kraybill\" class=\"wp-image-125960 lazyload\" data-srcset=\"https:\/\/mwc-cmm.org\/wp-content\/uploads\/2026\/03\/ythprgrm-1-300x225.jpg 300w, https:\/\/mwc-cmm.org\/wp-content\/uploads\/2026\/03\/ythprgrm-1-1024x768.jpg 1024w, https:\/\/mwc-cmm.org\/wp-content\/uploads\/2026\/03\/ythprgrm-1-768x576.jpg 768w, https:\/\/mwc-cmm.org\/wp-content\/uploads\/2026\/03\/ythprgrm-1-1536x1152.jpg 1536w, https:\/\/mwc-cmm.org\/wp-content\/uploads\/2026\/03\/ythprgrm-1-2048x1536.jpg 2048w\" data-sizes=\"(max-width: 300px) 100vw, 300px\" src=\"data:image\/svg+xml;base64,PHN2ZyB3aWR0aD0iMSIgaGVpZ2h0PSIxIiB4bWxucz0iaHR0cDovL3d3dy53My5vcmcvMjAwMC9zdmciPjwvc3ZnPg==\" style=\"--smush-placeholder-width: 300px; --smush-placeholder-aspect-ratio: 300\/225;\" \/><figcaption class=\"wp-element-caption\">Andrew Kipfer, EE.UU, con su grupo de j\u00f3venes en PA 2015. Foto: Laura Kraybill<\/figcaption><\/figure>\n\n\n\n<p>Extendidos sobre el piso de hormig\u00f3n del sal\u00f3n de j\u00f3venes, varios centenares de j\u00f3venes comenzaban su ma\u00f1ana con esta declaraci\u00f3n de Jerem\u00edas 1:7\u20138.<\/p>\n\n\n\n<p>A la lectura de la escritura le sigui\u00f3 un energ\u00e9tico mensaje de Domink Bergen. Alent\u00f3 a los participantes a ministrar <em>a <\/em>y a ser ministrados <em>por<\/em> otros, incluyendo a sus propios padres.<\/p>\n\n\n\n<p>En respuesta, los participantes escogieron como compa\u00f1ero a una persona que no conoc\u00edan para hablar sobre a qui\u00e9n quer\u00edan imitar en su vida. Las parejas se imitaron el uno al otro como un reflejo en un espejo al turnarse para actuar liderando y siguiendo.<\/p>\n\n\n\n<p>\u201cNo solo quer\u00edamos hablarles y que luego un conjunto tocara m\u00fasica,\u201d dijo Egon Sawatzky, pastor de j\u00f3venes de la Iglesia de los Hermanos Menonitas Concordia en Asunci\u00f3n, Paraguay, y coordinador del programa para j\u00f3venes y ni\u00f1os en PA 2015. \u201cQueremos que los j\u00f3venes compartan experiencias juntos y con Dios.\u201d<\/p>\n\n\n\n<p>Esto significa juntarse con otro o en peque\u00f1os grupos para realizar actividades y para hablar sobre los temas relacionados a \u201cCaminemos con Dios.\u201d<\/p>\n\n\n\n<figure class=\"wp-block-image alignright size-medium\"><img decoding=\"async\" width=\"225\" height=\"300\" data-src=\"https:\/\/mwc-cmm.org\/wp-content\/uploads\/2026\/03\/ythprgrm-3-e1437774145454-225x300.jpg\" alt=\"Yujin Kim from South Korea and the United States, Melanie Jonnalagadda from India and Canada mirror each other\u2019s movements.\" class=\"wp-image-125974 lazyload\" data-srcset=\"https:\/\/mwc-cmm.org\/wp-content\/uploads\/2026\/03\/ythprgrm-3-e1437774145454-225x300.jpg 225w, https:\/\/mwc-cmm.org\/wp-content\/uploads\/2026\/03\/ythprgrm-3-e1437774145454-768x1024.jpg 768w, https:\/\/mwc-cmm.org\/wp-content\/uploads\/2026\/03\/ythprgrm-3-e1437774145454-1152x1536.jpg 1152w, https:\/\/mwc-cmm.org\/wp-content\/uploads\/2026\/03\/ythprgrm-3-e1437774145454-1536x2048.jpg 1536w, https:\/\/mwc-cmm.org\/wp-content\/uploads\/2026\/03\/ythprgrm-3-e1437774145454-scaled.jpg 1920w\" data-sizes=\"(max-width: 225px) 100vw, 225px\" src=\"data:image\/svg+xml;base64,PHN2ZyB3aWR0aD0iMSIgaGVpZ2h0PSIxIiB4bWxucz0iaHR0cDovL3d3dy53My5vcmcvMjAwMC9zdmciPjwvc3ZnPg==\" style=\"--smush-placeholder-width: 225px; --smush-placeholder-aspect-ratio: 225\/300;\" \/><figcaption class=\"wp-element-caption\">Yujin Kim de Korea del Sur y Estados Unidos, Melanie Jonnalagadda de India y Canada imitan sus movimientos<\/figcaption><\/figure>\n\n\n\n<p>Sawatzky se siente animado al ver que los j\u00f3venes est\u00e1n cruzando barreras. Hace menci\u00f3n de un joven de 17 a\u00f1os \u201cque parec\u00eda casi un adulto\u201d y en un ni\u00f1o de 12 o 13 a\u00f1os. \u201cSe sentaron juntos hablando y ri\u00e9ndose.\u201d<\/p>\n\n\n\n<p>Estas interacciones \u201cnos ayudan a salir de nuestro elemento,\u201d coment\u00f3 un joven.<\/p>\n\n\n\n<p>Un grupo de j\u00f3venes que acababa de participar de un ejercicio en el que ten\u00edan que confiar en el otro y dejarse caer para que el otro lo agarrara, estaban entusiasmados sobre las conexiones que estaban entablando. \u201cUno no se siente solo. Tienes una familia m\u00e1s extensa,\u201d dijo un miembro del grupo.<\/p>\n\n\n\n<p>Otro intervino, \u201cEsto nos da una idea de lo grande que la iglesia menonita es.\u201d<\/p>\n\n\n\n<p>Jonas Beachy de la iglesia New Hope Bible Church en Oreg\u00f3n le gusta el desaf\u00edo de lo que est\u00e1 escuchando. \u201cTe hace pensar en tu relaci\u00f3n con Dios, orando por muchas cosas.\u201d<\/p>\n\n\n\n<p>Despu\u00e9s de esta experiencia, \u00bfest\u00e1n los j\u00f3venes planeando asistir a la asamblea en el 2021? Un coro de voces respondi\u00f3: \u201c\u00a1Espero que s\u00ed!\u201d<\/p>\n\n\n\n<p><em>Laura Kraybill es de Elkhart, Indiana, y comenzar\u00e1 sus estudios en el seminario Garrett Evangelical Theological Seminary este oto\u00f1o en el programa de Maestr\u00eda en Divinidad. Durante los \u00faltimos cinco a\u00f1os Kraybill dirigi\u00f3 el programa de teatro en Hesston College en Kansas.<\/em><\/p>\n\n\n\n<p>Fotos de Laura Kraybill<\/p>\n\n\n\n<p>Andrew Kipfer, EE.UU., se deja caer esperando ser sostenido por el grupo de j\u00f3venes en PA 2015.<\/p>\n\n\n\n<p>Yujin Kim de Corea del Sur y Estados Unidos, Melanie Jonnalagadda de la India y Canad\u00e1 reflejando como en un espejo los movimientos del otro.<\/p>\n","protected":false},"excerpt":{"rendered":"<p>Programa de j\u00f3venes fomenta interacciones llenas de confianza Por Laura Kraybill \u201cPero el Se\u00f1or me dijo, \u2018No digas \u201csoy demasiado joven,\u201d\u2019 proclam\u00f3 un coro de j\u00f3venes voces el 24 de julio de 2015 en el programa de j\u00f3venes del CMM para PA 2015. Extendidos sobre el piso de hormig\u00f3n del sal\u00f3n de j\u00f3venes, varios centenares [&hellip;]<\/p>\n","protected":false},"author":1,"featured_media":125960,"comment_status":"closed","ping_status":"closed","sticky":false,"template":"","format":"standard","meta":{"_acf_changed":false,"footnotes":""},"categories":[6,1896],"tags":[1154,1698,2070,2051,1053,1899,2052,1577,2071],"network":[],"eventcategory":[299],"class_list":["post-125979","post","type-post","status-publish","format-standard","has-post-thumbnail","hentry","category-sin-categorizar","category-tomigrate","tag-assembly-es","tag-assembly","tag-egon-sawatzky","tag-laura-kraybill","tag-pa-2015-es","tag-pa2015","tag-pa2015-children-and-youth","tag-tomigrate","tag-youth-program","eventcategory-assembly"],"acf":[],"yoast_head":"<!-- This site is optimized with the Yoast SEO plugin v27.5 - https:\/\/yoast.com\/product\/yoast-seo-wordpress\/ -->\n<title>Parte de una familia m\u00e1s grande - Mennonite World Conference<\/title>\n<meta name=\"robots\" content=\"index, follow, max-snippet:-1, max-image-preview:large, max-video-preview:-1\" \/>\n<link rel=\"canonical\" href=\"https:\/\/mwc-cmm.org\/es\/stories\/part-of-a-bigger-family\/\" \/>\n<meta property=\"og:locale\" content=\"es_ES\" \/>\n<meta property=\"og:type\" content=\"article\" \/>\n<meta property=\"og:title\" content=\"Parte de una familia m\u00e1s grande - Mennonite World Conference\" \/>\n<meta property=\"og:description\" content=\"Programa de j\u00f3venes fomenta interacciones llenas de confianza Por Laura Kraybill \u201cPero el Se\u00f1or me dijo, \u2018No digas \u201csoy demasiado joven,\u201d\u2019 proclam\u00f3 un coro de j\u00f3venes voces el 24 de julio de 2015 en el programa de j\u00f3venes del CMM para PA 2015. Extendidos sobre el piso de hormig\u00f3n del sal\u00f3n de j\u00f3venes, varios centenares [&hellip;]\" \/>\n<meta property=\"og:url\" content=\"https:\/\/mwc-cmm.org\/es\/stories\/part-of-a-bigger-family\/\" \/>\n<meta property=\"og:site_name\" content=\"Mennonite World Conference\" \/>\n<meta property=\"article:publisher\" content=\"https:\/\/www.facebook.com\/MennoniteWorldConference\" \/>\n<meta property=\"article:published_time\" content=\"2015-08-08T10:45:20+00:00\" \/>\n<meta property=\"article:modified_time\" content=\"2026-03-25T13:15:15+00:00\" \/>\n<meta property=\"og:image\" content=\"https:\/\/mwc-cmm.org\/wp-content\/uploads\/2026\/03\/ythprgrm-1-scaled.jpg\" \/>\n\t<meta property=\"og:image:width\" content=\"2560\" \/>\n\t<meta property=\"og:image:height\" content=\"1920\" \/>\n\t<meta property=\"og:image:type\" content=\"image\/jpeg\" \/>\n<meta name=\"author\" content=\"mennworldcon\" \/>\n<script type=\"application\/ld+json\" class=\"yoast-schema-graph\">{\"@context\":\"https:\\\/\\\/schema.org\",\"@graph\":[{\"@type\":\"Article\",\"@id\":\"https:\\\/\\\/mwc-cmm.org\\\/es\\\/stories\\\/part-of-a-bigger-family\\\/#article\",\"isPartOf\":{\"@id\":\"https:\\\/\\\/mwc-cmm.org\\\/es\\\/stories\\\/part-of-a-bigger-family\\\/\"},\"author\":{\"name\":\"mennworldcon\",\"@id\":\"https:\\\/\\\/mwc-cmm.org\\\/en\\\/#\\\/schema\\\/person\\\/11f6ae0d7d1868ba20a1cc27f067c836\"},\"headline\":\"Parte de una familia m\u00e1s grande\",\"datePublished\":\"2015-08-08T10:45:20+00:00\",\"dateModified\":\"2026-03-25T13:15:15+00:00\",\"mainEntityOfPage\":{\"@id\":\"https:\\\/\\\/mwc-cmm.org\\\/es\\\/stories\\\/part-of-a-bigger-family\\\/\"},\"wordCount\":552,\"publisher\":{\"@id\":\"https:\\\/\\\/mwc-cmm.org\\\/en\\\/#organization\"},\"image\":{\"@id\":\"https:\\\/\\\/mwc-cmm.org\\\/es\\\/stories\\\/part-of-a-bigger-family\\\/#primaryimage\"},\"thumbnailUrl\":\"https:\\\/\\\/mwc-cmm.org\\\/wp-content\\\/uploads\\\/2026\\\/03\\\/ythprgrm-1-scaled.jpg\",\"keywords\":[\"Asamblea\",\"assembly\",\"Egon Sawatzky\",\"Laura Kraybill\",\"PA 2015\",\"PA2015\",\"PA2015 children and youth\",\"tomigrate\",\"youth program\"],\"articleSection\":[\"Sin categorizar\",\"tomigrate\"],\"inLanguage\":\"es\"},{\"@type\":\"WebPage\",\"@id\":\"https:\\\/\\\/mwc-cmm.org\\\/es\\\/stories\\\/part-of-a-bigger-family\\\/\",\"url\":\"https:\\\/\\\/mwc-cmm.org\\\/es\\\/stories\\\/part-of-a-bigger-family\\\/\",\"name\":\"Parte de una familia m\u00e1s grande - Mennonite World Conference\",\"isPartOf\":{\"@id\":\"https:\\\/\\\/mwc-cmm.org\\\/en\\\/#website\"},\"primaryImageOfPage\":{\"@id\":\"https:\\\/\\\/mwc-cmm.org\\\/es\\\/stories\\\/part-of-a-bigger-family\\\/#primaryimage\"},\"image\":{\"@id\":\"https:\\\/\\\/mwc-cmm.org\\\/es\\\/stories\\\/part-of-a-bigger-family\\\/#primaryimage\"},\"thumbnailUrl\":\"https:\\\/\\\/mwc-cmm.org\\\/wp-content\\\/uploads\\\/2026\\\/03\\\/ythprgrm-1-scaled.jpg\",\"datePublished\":\"2015-08-08T10:45:20+00:00\",\"dateModified\":\"2026-03-25T13:15:15+00:00\",\"breadcrumb\":{\"@id\":\"https:\\\/\\\/mwc-cmm.org\\\/es\\\/stories\\\/part-of-a-bigger-family\\\/#breadcrumb\"},\"inLanguage\":\"es\",\"potentialAction\":[{\"@type\":\"ReadAction\",\"target\":[\"https:\\\/\\\/mwc-cmm.org\\\/es\\\/stories\\\/part-of-a-bigger-family\\\/\"]}]},{\"@type\":\"ImageObject\",\"inLanguage\":\"es\",\"@id\":\"https:\\\/\\\/mwc-cmm.org\\\/es\\\/stories\\\/part-of-a-bigger-family\\\/#primaryimage\",\"url\":\"https:\\\/\\\/mwc-cmm.org\\\/wp-content\\\/uploads\\\/2026\\\/03\\\/ythprgrm-1-scaled.jpg\",\"contentUrl\":\"https:\\\/\\\/mwc-cmm.org\\\/wp-content\\\/uploads\\\/2026\\\/03\\\/ythprgrm-1-scaled.jpg\",\"width\":2560,\"height\":1920,\"caption\":\"Andrew Kipfer, USA, does a trust fall with a group of youth at PA 2015. PHOTO CREDIT: Laura Kraybill\"},{\"@type\":\"BreadcrumbList\",\"@id\":\"https:\\\/\\\/mwc-cmm.org\\\/es\\\/stories\\\/part-of-a-bigger-family\\\/#breadcrumb\",\"itemListElement\":[{\"@type\":\"ListItem\",\"position\":1,\"name\":\"Home\",\"item\":\"https:\\\/\\\/mwc-cmm.org\\\/es\\\/\"},{\"@type\":\"ListItem\",\"position\":2,\"name\":\"Parte de una familia m\u00e1s grande\"}]},{\"@type\":\"WebSite\",\"@id\":\"https:\\\/\\\/mwc-cmm.org\\\/en\\\/#website\",\"url\":\"https:\\\/\\\/mwc-cmm.org\\\/en\\\/\",\"name\":\"Mennonite World Conference\",\"description\":\"A communion of Anabaptist-related churches\",\"publisher\":{\"@id\":\"https:\\\/\\\/mwc-cmm.org\\\/en\\\/#organization\"},\"alternateName\":\"MWC\",\"potentialAction\":[{\"@type\":\"SearchAction\",\"target\":{\"@type\":\"EntryPoint\",\"urlTemplate\":\"https:\\\/\\\/mwc-cmm.org\\\/en\\\/?s={search_term_string}\"},\"query-input\":{\"@type\":\"PropertyValueSpecification\",\"valueRequired\":true,\"valueName\":\"search_term_string\"}}],\"inLanguage\":\"es\"},{\"@type\":\"Organization\",\"@id\":\"https:\\\/\\\/mwc-cmm.org\\\/en\\\/#organization\",\"name\":\"Mennonite World Conference\",\"alternateName\":\"MWC\",\"url\":\"https:\\\/\\\/mwc-cmm.org\\\/en\\\/\",\"logo\":{\"@type\":\"ImageObject\",\"inLanguage\":\"es\",\"@id\":\"https:\\\/\\\/mwc-cmm.org\\\/en\\\/#\\\/schema\\\/logo\\\/image\\\/\",\"url\":\"https:\\\/\\\/mwc-cmm.org\\\/wp-content\\\/uploads\\\/2026\\\/01\\\/MWC_Sig_Blue_Horiz_webheader1-logo.svg\",\"contentUrl\":\"https:\\\/\\\/mwc-cmm.org\\\/wp-content\\\/uploads\\\/2026\\\/01\\\/MWC_Sig_Blue_Horiz_webheader1-logo.svg\",\"width\":786,\"height\":82,\"caption\":\"Mennonite World Conference\"},\"image\":{\"@id\":\"https:\\\/\\\/mwc-cmm.org\\\/en\\\/#\\\/schema\\\/logo\\\/image\\\/\"},\"sameAs\":[\"https:\\\/\\\/www.facebook.com\\\/MennoniteWorldConference\",\"https:\\\/\\\/www.linkedin.com\\\/company\\\/mennonite-world-conference-mwc\\\/\",\"https:\\\/\\\/www.instagram.com\\\/mwcmm\\\/\",\"https:\\\/\\\/www.youtube.com\\\/user\\\/mwccmm\",\"https:\\\/\\\/bsky.app\\\/profile\\\/mwcmm.bsky.social\"]},{\"@type\":\"Person\",\"@id\":\"https:\\\/\\\/mwc-cmm.org\\\/en\\\/#\\\/schema\\\/person\\\/11f6ae0d7d1868ba20a1cc27f067c836\",\"name\":\"mennworldcon\",\"image\":{\"@type\":\"ImageObject\",\"inLanguage\":\"es\",\"@id\":\"https:\\\/\\\/secure.gravatar.com\\\/avatar\\\/06fdc0dc81c157dfdb82ec42f252178a22307808988d22c043f9eb96f1e0fe80?s=96&d=mm&r=g\",\"url\":\"https:\\\/\\\/secure.gravatar.com\\\/avatar\\\/06fdc0dc81c157dfdb82ec42f252178a22307808988d22c043f9eb96f1e0fe80?s=96&d=mm&r=g\",\"contentUrl\":\"https:\\\/\\\/secure.gravatar.com\\\/avatar\\\/06fdc0dc81c157dfdb82ec42f252178a22307808988d22c043f9eb96f1e0fe80?s=96&d=mm&r=g\",\"caption\":\"mennworldcon\"},\"sameAs\":[\"https:\\\/\\\/mwc-cmm.org\"],\"url\":\"https:\\\/\\\/mwc-cmm.org\\\/es\\\/stories\\\/author\\\/mennworldcon\\\/\"}]}<\/script>\n<!-- \/ Yoast SEO plugin. -->","yoast_head_json":{"title":"Parte de una familia m\u00e1s grande - Mennonite World Conference","robots":{"index":"index","follow":"follow","max-snippet":"max-snippet:-1","max-image-preview":"max-image-preview:large","max-video-preview":"max-video-preview:-1"},"canonical":"https:\/\/mwc-cmm.org\/es\/stories\/part-of-a-bigger-family\/","og_locale":"es_ES","og_type":"article","og_title":"Parte de una familia m\u00e1s grande - Mennonite World Conference","og_description":"Programa de j\u00f3venes fomenta interacciones llenas de confianza Por Laura Kraybill \u201cPero el Se\u00f1or me dijo, \u2018No digas \u201csoy demasiado joven,\u201d\u2019 proclam\u00f3 un coro de j\u00f3venes voces el 24 de julio de 2015 en el programa de j\u00f3venes del CMM para PA 2015. Extendidos sobre el piso de hormig\u00f3n del sal\u00f3n de j\u00f3venes, varios centenares [&hellip;]","og_url":"https:\/\/mwc-cmm.org\/es\/stories\/part-of-a-bigger-family\/","og_site_name":"Mennonite World Conference","article_publisher":"https:\/\/www.facebook.com\/MennoniteWorldConference","article_published_time":"2015-08-08T10:45:20+00:00","article_modified_time":"2026-03-25T13:15:15+00:00","og_image":[{"width":2560,"height":1920,"url":"https:\/\/mwc-cmm.org\/wp-content\/uploads\/2026\/03\/ythprgrm-1-scaled.jpg","type":"image\/jpeg"}],"author":"mennworldcon","schema":{"@context":"https:\/\/schema.org","@graph":[{"@type":"Article","@id":"https:\/\/mwc-cmm.org\/es\/stories\/part-of-a-bigger-family\/#article","isPartOf":{"@id":"https:\/\/mwc-cmm.org\/es\/stories\/part-of-a-bigger-family\/"},"author":{"name":"mennworldcon","@id":"https:\/\/mwc-cmm.org\/en\/#\/schema\/person\/11f6ae0d7d1868ba20a1cc27f067c836"},"headline":"Parte de una familia m\u00e1s grande","datePublished":"2015-08-08T10:45:20+00:00","dateModified":"2026-03-25T13:15:15+00:00","mainEntityOfPage":{"@id":"https:\/\/mwc-cmm.org\/es\/stories\/part-of-a-bigger-family\/"},"wordCount":552,"publisher":{"@id":"https:\/\/mwc-cmm.org\/en\/#organization"},"image":{"@id":"https:\/\/mwc-cmm.org\/es\/stories\/part-of-a-bigger-family\/#primaryimage"},"thumbnailUrl":"https:\/\/mwc-cmm.org\/wp-content\/uploads\/2026\/03\/ythprgrm-1-scaled.jpg","keywords":["Asamblea","assembly","Egon Sawatzky","Laura Kraybill","PA 2015","PA2015","PA2015 children and youth","tomigrate","youth program"],"articleSection":["Sin categorizar","tomigrate"],"inLanguage":"es"},{"@type":"WebPage","@id":"https:\/\/mwc-cmm.org\/es\/stories\/part-of-a-bigger-family\/","url":"https:\/\/mwc-cmm.org\/es\/stories\/part-of-a-bigger-family\/","name":"Parte de una familia m\u00e1s grande - Mennonite World Conference","isPartOf":{"@id":"https:\/\/mwc-cmm.org\/en\/#website"},"primaryImageOfPage":{"@id":"https:\/\/mwc-cmm.org\/es\/stories\/part-of-a-bigger-family\/#primaryimage"},"image":{"@id":"https:\/\/mwc-cmm.org\/es\/stories\/part-of-a-bigger-family\/#primaryimage"},"thumbnailUrl":"https:\/\/mwc-cmm.org\/wp-content\/uploads\/2026\/03\/ythprgrm-1-scaled.jpg","datePublished":"2015-08-08T10:45:20+00:00","dateModified":"2026-03-25T13:15:15+00:00","breadcrumb":{"@id":"https:\/\/mwc-cmm.org\/es\/stories\/part-of-a-bigger-family\/#breadcrumb"},"inLanguage":"es","potentialAction":[{"@type":"ReadAction","target":["https:\/\/mwc-cmm.org\/es\/stories\/part-of-a-bigger-family\/"]}]},{"@type":"ImageObject","inLanguage":"es","@id":"https:\/\/mwc-cmm.org\/es\/stories\/part-of-a-bigger-family\/#primaryimage","url":"https:\/\/mwc-cmm.org\/wp-content\/uploads\/2026\/03\/ythprgrm-1-scaled.jpg","contentUrl":"https:\/\/mwc-cmm.org\/wp-content\/uploads\/2026\/03\/ythprgrm-1-scaled.jpg","width":2560,"height":1920,"caption":"Andrew Kipfer, USA, does a trust fall with a group of youth at PA 2015. PHOTO CREDIT: Laura Kraybill"},{"@type":"BreadcrumbList","@id":"https:\/\/mwc-cmm.org\/es\/stories\/part-of-a-bigger-family\/#breadcrumb","itemListElement":[{"@type":"ListItem","position":1,"name":"Home","item":"https:\/\/mwc-cmm.org\/es\/"},{"@type":"ListItem","position":2,"name":"Parte de una familia m\u00e1s grande"}]},{"@type":"WebSite","@id":"https:\/\/mwc-cmm.org\/en\/#website","url":"https:\/\/mwc-cmm.org\/en\/","name":"Mennonite World Conference","description":"A communion of Anabaptist-related churches","publisher":{"@id":"https:\/\/mwc-cmm.org\/en\/#organization"},"alternateName":"MWC","potentialAction":[{"@type":"SearchAction","target":{"@type":"EntryPoint","urlTemplate":"https:\/\/mwc-cmm.org\/en\/?s={search_term_string}"},"query-input":{"@type":"PropertyValueSpecification","valueRequired":true,"valueName":"search_term_string"}}],"inLanguage":"es"},{"@type":"Organization","@id":"https:\/\/mwc-cmm.org\/en\/#organization","name":"Mennonite World Conference","alternateName":"MWC","url":"https:\/\/mwc-cmm.org\/en\/","logo":{"@type":"ImageObject","inLanguage":"es","@id":"https:\/\/mwc-cmm.org\/en\/#\/schema\/logo\/image\/","url":"https:\/\/mwc-cmm.org\/wp-content\/uploads\/2026\/01\/MWC_Sig_Blue_Horiz_webheader1-logo.svg","contentUrl":"https:\/\/mwc-cmm.org\/wp-content\/uploads\/2026\/01\/MWC_Sig_Blue_Horiz_webheader1-logo.svg","width":786,"height":82,"caption":"Mennonite World Conference"},"image":{"@id":"https:\/\/mwc-cmm.org\/en\/#\/schema\/logo\/image\/"},"sameAs":["https:\/\/www.facebook.com\/MennoniteWorldConference","https:\/\/www.linkedin.com\/company\/mennonite-world-conference-mwc\/","https:\/\/www.instagram.com\/mwcmm\/","https:\/\/www.youtube.com\/user\/mwccmm","https:\/\/bsky.app\/profile\/mwcmm.bsky.social"]},{"@type":"Person","@id":"https:\/\/mwc-cmm.org\/en\/#\/schema\/person\/11f6ae0d7d1868ba20a1cc27f067c836","name":"mennworldcon","image":{"@type":"ImageObject","inLanguage":"es","@id":"https:\/\/secure.gravatar.com\/avatar\/06fdc0dc81c157dfdb82ec42f252178a22307808988d22c043f9eb96f1e0fe80?s=96&d=mm&r=g","url":"https:\/\/secure.gravatar.com\/avatar\/06fdc0dc81c157dfdb82ec42f252178a22307808988d22c043f9eb96f1e0fe80?s=96&d=mm&r=g","contentUrl":"https:\/\/secure.gravatar.com\/avatar\/06fdc0dc81c157dfdb82ec42f252178a22307808988d22c043f9eb96f1e0fe80?s=96&d=mm&r=g","caption":"mennworldcon"},"sameAs":["https:\/\/mwc-cmm.org"],"url":"https:\/\/mwc-cmm.org\/es\/stories\/author\/mennworldcon\/"}]}},"_links":{"self":[{"href":"https:\/\/mwc-cmm.org\/es\/wp-json\/wp\/v2\/posts\/125979","targetHints":{"allow":["GET"]}}],"collection":[{"href":"https:\/\/mwc-cmm.org\/es\/wp-json\/wp\/v2\/posts"}],"about":[{"href":"https:\/\/mwc-cmm.org\/es\/wp-json\/wp\/v2\/types\/post"}],"author":[{"embeddable":true,"href":"https:\/\/mwc-cmm.org\/es\/wp-json\/wp\/v2\/users\/1"}],"replies":[{"embeddable":true,"href":"https:\/\/mwc-cmm.org\/es\/wp-json\/wp\/v2\/comments?post=125979"}],"version-history":[{"count":0,"href":"https:\/\/mwc-cmm.org\/es\/wp-json\/wp\/v2\/posts\/125979\/revisions"}],"wp:featuredmedia":[{"embeddable":true,"href":"https:\/\/mwc-cmm.org\/es\/wp-json\/wp\/v2\/media\/125960"}],"wp:attachment":[{"href":"https:\/\/mwc-cmm.org\/es\/wp-json\/wp\/v2\/media?parent=125979"}],"wp:term":[{"taxonomy":"category","embeddable":true,"href":"https:\/\/mwc-cmm.org\/es\/wp-json\/wp\/v2\/categories?post=125979"},{"taxonomy":"post_tag","embeddable":true,"href":"https:\/\/mwc-cmm.org\/es\/wp-json\/wp\/v2\/tags?post=125979"},{"taxonomy":"network","embeddable":true,"href":"https:\/\/mwc-cmm.org\/es\/wp-json\/wp\/v2\/network?post=125979"},{"taxonomy":"eventcategory","embeddable":true,"href":"https:\/\/mwc-cmm.org\/es\/wp-json\/wp\/v2\/eventcategory?post=125979"}],"curies":[{"name":"wp","href":"https:\/\/api.w.org\/{rel}","templated":true}]}}